{"id":4776,"date":"2023-04-08T10:03:11","date_gmt":"2023-04-08T10:03:11","guid":{"rendered":"https:\/\/kibrisdakik.com\/index.php\/2023\/04\/08\/firtina-ve-ozgurluge-cagri-siir-kitaplari-icin-imza-gunu-duzenlendi\/"},"modified":"2023-04-08T10:03:11","modified_gmt":"2023-04-08T10:03:11","slug":"firtina-ve-ozgurluge-cagri-siir-kitaplari-icin-imza-gunu-duzenlendi","status":"publish","type":"post","link":"https:\/\/kibrisdakik.com\/?p=4776","title":{"rendered":"\u2018F\u0131rt\u0131na\u2019 ve \u2018\u00d6zg\u00fcrl\u00fc\u011fe \u00c7a\u011fr\u0131\u2019 \u015fiir kitaplar\u0131 i\u00e7in imza g\u00fcn\u00fc d\u00fczenlendi"},"content":{"rendered":"<p><\/p>\n<div>\n<div class=\"mariselle-image-container center\">\n                <img width=\"2560\" height=\"1711\" class=\"lazy-image\" alt=\"\" decoding=\"async\" loading=\"lazy\" sizes=\"auto, (max-width: 2560px) 100vw, 2560px\" src=\"https:\/\/brtk.net\/wp-content\/uploads\/2023\/04\/08\/girne-belediyesi-kitap-3--scaled.jpg?ver=753e012cd1bd6a297033c45286aebad6\" srcset=\"https:\/\/brtk.net\/wp-content\/uploads\/2023\/04\/08\/girne-belediyesi-kitap-3--scaled.jpg?ver=753e012cd1bd6a297033c45286aebad6 2560w, https:\/\/brtk.net\/wp-content\/uploads\/2023\/04\/08\/girne-belediyesi-kitap-3--300x201.jpg?ver=a06ef50a21e045ecd37b62eeba7b2c04 300w, https:\/\/brtk.net\/wp-content\/uploads\/2023\/04\/08\/girne-belediyesi-kitap-3--1024x684.jpg?ver=a06ef50a21e045ecd37b62eeba7b2c04 1024w, https:\/\/brtk.net\/wp-content\/uploads\/2023\/04\/08\/girne-belediyesi-kitap-3--768x513.jpg?ver=276712c46020a14fca15f7c2ae58b86b 768w, https:\/\/brtk.net\/wp-content\/uploads\/2023\/04\/08\/girne-belediyesi-kitap-3--1536x1027.jpg?ver=05c6ee3245c94b9648da0ad6be1b9d8e 1536w, https:\/\/brtk.net\/wp-content\/uploads\/2023\/04\/08\/girne-belediyesi-kitap-3--2048x1369.jpg?ver=79a316303fc37b580b7b7226c05ebf98 2048w\"\/>                            <\/div>\n<p>\u015eair Cemal Ak\u015fid Yemeneci\u2019nin \u201cF\u0131rt\u0131na\u201d ve \u201c\u00d6zg\u00fcrl\u00fc\u011fe \u00c7a\u011fr\u0131\u201d isimli \u015fiir kitaplar\u0131 i\u00e7in imza g\u00fcn\u00fc d\u00fczenlendi.<\/p>\n<p>Etkinlik, Girne Belediyesi Yeni Hizmet Binas\u0131\u2019nda ger\u00e7ekle\u015ftirildi. Kitaplar\u0131n sat\u0131\u015f\u0131ndan elde edilen t\u00fcm gelir \u015eair Cemal Ak\u015fid Yemeneci taraf\u0131ndan \u015eampiyon Melekler Ya\u015fatma Derne\u011fi\u2019ne ba\u011f\u0131\u015flanacak.<\/p>\n<\/p><\/div>\n<p><script async\n                    defer\n                    crossorigin=\"anonymous\"\n                    src=\"https:\/\/connect.facebook.net\/tr_TR\/sdk.js#xfbml=1&#038;version=v3.3\"\n            ><\/script><\/p>\n","protected":false},"excerpt":{"rendered":"<p>\u015eair Cemal Ak\u015fid Yemeneci\u2019nin \u201cF\u0131rt\u0131na\u201d ve \u201c\u00d6zg\u00fcrl\u00fc\u011fe \u00c7a\u011fr\u0131\u201d isimli \u015fiir kitaplar\u0131 i\u00e7in imza g\u00fcn\u00fc d\u00fczenlendi. Etkinlik, Girne Belediyesi Yeni Hizmet Binas\u0131\u2019nda ger\u00e7ekle\u015ftirildi. Kitaplar\u0131n sat\u0131\u015f\u0131ndan elde edilen t\u00fcm gelir \u015eair Cemal Ak\u015fid Yemeneci taraf\u0131ndan \u015eampiyon Melekler Ya\u015fatma Derne\u011fi\u2019ne ba\u011f\u0131\u015flanacak.<\/p>\n","protected":false},"author":1,"featured_media":4777,"comment_status":"open","ping_status":"open","sticky":false,"template":"","format":"standard","meta":{"footnotes":""},"categories":[1],"tags":[],"class_list":["post-4776","post","type-post","status-publish","format-standard","has-post-thumbnail","hentry","category-gundem"],"yoast_head":"<!-- This site is optimized with the Yoast SEO plugin v27.5 - https:\/\/yoast.com\/product\/yoast-seo-wordpress\/ -->\n<title>\u2018F\u0131rt\u0131na\u2019 ve \u2018\u00d6zg\u00fcrl\u00fc\u011fe \u00c7a\u011fr\u0131\u2019 \u015fiir kitaplar\u0131 i\u00e7in imza g\u00fcn\u00fc d\u00fczenlendi -<\/title>\n<meta name=\"robots\" content=\"index, follow, max-snippet:-1, max-image-preview:large, max-video-preview:-1\" \/>\n<link rel=\"canonical\" href=\"https:\/\/kibrisdakik.com\/?p=4776\" \/>\n<meta property=\"og:locale\" content=\"tr_TR\" \/>\n<meta property=\"og:type\" content=\"article\" \/>\n<meta property=\"og:title\" content=\"\u2018F\u0131rt\u0131na\u2019 ve \u2018\u00d6zg\u00fcrl\u00fc\u011fe \u00c7a\u011fr\u0131\u2019 \u015fiir kitaplar\u0131 i\u00e7in imza g\u00fcn\u00fc d\u00fczenlendi -\" \/>\n<meta property=\"og:description\" content=\"\u015eair Cemal Ak\u015fid Yemeneci\u2019nin \u201cF\u0131rt\u0131na\u201d ve \u201c\u00d6zg\u00fcrl\u00fc\u011fe \u00c7a\u011fr\u0131\u201d isimli \u015fiir kitaplar\u0131 i\u00e7in imza g\u00fcn\u00fc d\u00fczenlendi. Etkinlik, Girne Belediyesi Yeni Hizmet Binas\u0131\u2019nda ger\u00e7ekle\u015ftirildi. Kitaplar\u0131n sat\u0131\u015f\u0131ndan elde edilen t\u00fcm gelir \u015eair Cemal Ak\u015fid Yemeneci taraf\u0131ndan \u015eampiyon Melekler Ya\u015fatma Derne\u011fi\u2019ne ba\u011f\u0131\u015flanacak.\" \/>\n<meta property=\"og:url\" content=\"https:\/\/kibrisdakik.com\/?p=4776\" \/>\n<meta property=\"article:published_time\" content=\"2023-04-08T10:03:11+00:00\" \/>\n<meta property=\"og:image\" content=\"https:\/\/kibrisdakik.com\/wp-content\/uploads\/2023\/04\/girne-belediyesi-kitap-3-scaled-740x420.jpg\" \/>\n\t<meta property=\"og:image:width\" content=\"2560\" \/>\n\t<meta property=\"og:image:height\" content=\"1711\" \/>\n\t<meta property=\"og:image:type\" content=\"image\/jpeg\" \/>\n<meta name=\"author\" content=\"admin\" \/>\n<meta name=\"twitter:card\" content=\"summary_large_image\" \/>\n<meta name=\"twitter:label1\" content=\"Yazan:\" \/>\n\t<meta name=\"twitter:data1\" content=\"admin\" \/>\n<script type=\"application\/ld+json\" class=\"yoast-schema-graph\">{\"@context\":\"https:\\\/\\\/schema.org\",\"@graph\":[{\"@type\":\"Article\",\"@id\":\"https:\\\/\\\/kibrisdakik.com\\\/?p=4776#article\",\"isPartOf\":{\"@id\":\"https:\\\/\\\/kibrisdakik.com\\\/?p=4776\"},\"author\":{\"name\":\"admin\",\"@id\":\"https:\\\/\\\/kibrisdakik.com\\\/#\\\/schema\\\/person\\\/9cd9d437bbb44f72b73ba127e06d8e79\"},\"headline\":\"\u2018F\u0131rt\u0131na\u2019 ve \u2018\u00d6zg\u00fcrl\u00fc\u011fe \u00c7a\u011fr\u0131\u2019 \u015fiir kitaplar\u0131 i\u00e7in imza g\u00fcn\u00fc d\u00fczenlendi\",\"datePublished\":\"2023-04-08T10:03:11+00:00\",\"mainEntityOfPage\":{\"@id\":\"https:\\\/\\\/kibrisdakik.com\\\/?p=4776\"},\"wordCount\":78,\"commentCount\":0,\"image\":{\"@id\":\"https:\\\/\\\/kibrisdakik.com\\\/?p=4776#primaryimage\"},\"thumbnailUrl\":\"https:\\\/\\\/kibrisdakik.com\\\/wp-content\\\/uploads\\\/2023\\\/04\\\/girne-belediyesi-kitap-3-scaled-740x420.jpg\",\"articleSection\":[\"G\u00fcndem\"],\"inLanguage\":\"tr\",\"potentialAction\":[{\"@type\":\"CommentAction\",\"name\":\"Comment\",\"target\":[\"https:\\\/\\\/kibrisdakik.com\\\/?p=4776#respond\"]}]},{\"@type\":\"WebPage\",\"@id\":\"https:\\\/\\\/kibrisdakik.com\\\/?p=4776\",\"url\":\"https:\\\/\\\/kibrisdakik.com\\\/?p=4776\",\"name\":\"\u2018F\u0131rt\u0131na\u2019 ve \u2018\u00d6zg\u00fcrl\u00fc\u011fe \u00c7a\u011fr\u0131\u2019 \u015fiir kitaplar\u0131 i\u00e7in imza g\u00fcn\u00fc d\u00fczenlendi -\",\"isPartOf\":{\"@id\":\"https:\\\/\\\/kibrisdakik.com\\\/#website\"},\"primaryImageOfPage\":{\"@id\":\"https:\\\/\\\/kibrisdakik.com\\\/?p=4776#primaryimage\"},\"image\":{\"@id\":\"https:\\\/\\\/kibrisdakik.com\\\/?p=4776#primaryimage\"},\"thumbnailUrl\":\"https:\\\/\\\/kibrisdakik.com\\\/wp-content\\\/uploads\\\/2023\\\/04\\\/girne-belediyesi-kitap-3-scaled-740x420.jpg\",\"datePublished\":\"2023-04-08T10:03:11+00:00\",\"author\":{\"@id\":\"https:\\\/\\\/kibrisdakik.com\\\/#\\\/schema\\\/person\\\/9cd9d437bbb44f72b73ba127e06d8e79\"},\"breadcrumb\":{\"@id\":\"https:\\\/\\\/kibrisdakik.com\\\/?p=4776#breadcrumb\"},\"inLanguage\":\"tr\",\"potentialAction\":[{\"@type\":\"ReadAction\",\"target\":[\"https:\\\/\\\/kibrisdakik.com\\\/?p=4776\"]}]},{\"@type\":\"ImageObject\",\"inLanguage\":\"tr\",\"@id\":\"https:\\\/\\\/kibrisdakik.com\\\/?p=4776#primaryimage\",\"url\":\"https:\\\/\\\/kibrisdakik.com\\\/wp-content\\\/uploads\\\/2023\\\/04\\\/girne-belediyesi-kitap-3-scaled-740x420.jpg\",\"contentUrl\":\"https:\\\/\\\/kibrisdakik.com\\\/wp-content\\\/uploads\\\/2023\\\/04\\\/girne-belediyesi-kitap-3-scaled-740x420.jpg\",\"width\":2560,\"height\":1711},{\"@type\":\"BreadcrumbList\",\"@id\":\"https:\\\/\\\/kibrisdakik.com\\\/?p=4776#breadcrumb\",\"itemListElement\":[{\"@type\":\"ListItem\",\"position\":1,\"name\":\"Home\",\"item\":\"https:\\\/\\\/kibrisdakik.com\\\/\"},{\"@type\":\"ListItem\",\"position\":2,\"name\":\"\u2018F\u0131rt\u0131na\u2019 ve \u2018\u00d6zg\u00fcrl\u00fc\u011fe \u00c7a\u011fr\u0131\u2019 \u015fiir kitaplar\u0131 i\u00e7in imza g\u00fcn\u00fc d\u00fczenlendi\"}]},{\"@type\":\"WebSite\",\"@id\":\"https:\\\/\\\/kibrisdakik.com\\\/#website\",\"url\":\"https:\\\/\\\/kibrisdakik.com\\\/\",\"name\":\"\",\"description\":\"Tam vaktinde haber\",\"potentialAction\":[{\"@type\":\"SearchAction\",\"target\":{\"@type\":\"EntryPoint\",\"urlTemplate\":\"https:\\\/\\\/kibrisdakik.com\\\/?s={search_term_string}\"},\"query-input\":{\"@type\":\"PropertyValueSpecification\",\"valueRequired\":true,\"valueName\":\"search_term_string\"}}],\"inLanguage\":\"tr\"},{\"@type\":\"Person\",\"@id\":\"https:\\\/\\\/kibrisdakik.com\\\/#\\\/schema\\\/person\\\/9cd9d437bbb44f72b73ba127e06d8e79\",\"name\":\"admin\",\"image\":{\"@type\":\"ImageObject\",\"inLanguage\":\"tr\",\"@id\":\"https:\\\/\\\/secure.gravatar.com\\\/avatar\\\/ccc17943b9d660506c869530f897617f7cb1c21a4bf30023f252596d83e1f007?s=96&d=mm&r=g\",\"url\":\"https:\\\/\\\/secure.gravatar.com\\\/avatar\\\/ccc17943b9d660506c869530f897617f7cb1c21a4bf30023f252596d83e1f007?s=96&d=mm&r=g\",\"contentUrl\":\"https:\\\/\\\/secure.gravatar.com\\\/avatar\\\/ccc17943b9d660506c869530f897617f7cb1c21a4bf30023f252596d83e1f007?s=96&d=mm&r=g\",\"caption\":\"admin\"},\"sameAs\":[\"https:\\\/\\\/kibrisdakik.com\"],\"url\":\"https:\\\/\\\/kibrisdakik.com\\\/?author=1\"}]}<\/script>\n<!-- \/ Yoast SEO plugin. -->","yoast_head_json":{"title":"\u2018F\u0131rt\u0131na\u2019 ve \u2018\u00d6zg\u00fcrl\u00fc\u011fe \u00c7a\u011fr\u0131\u2019 \u015fiir kitaplar\u0131 i\u00e7in imza g\u00fcn\u00fc d\u00fczenlendi -","robots":{"index":"index","follow":"follow","max-snippet":"max-snippet:-1","max-image-preview":"max-image-preview:large","max-video-preview":"max-video-preview:-1"},"canonical":"https:\/\/kibrisdakik.com\/?p=4776","og_locale":"tr_TR","og_type":"article","og_title":"\u2018F\u0131rt\u0131na\u2019 ve \u2018\u00d6zg\u00fcrl\u00fc\u011fe \u00c7a\u011fr\u0131\u2019 \u015fiir kitaplar\u0131 i\u00e7in imza g\u00fcn\u00fc d\u00fczenlendi -","og_description":"\u015eair Cemal Ak\u015fid Yemeneci\u2019nin \u201cF\u0131rt\u0131na\u201d ve \u201c\u00d6zg\u00fcrl\u00fc\u011fe \u00c7a\u011fr\u0131\u201d isimli \u015fiir kitaplar\u0131 i\u00e7in imza g\u00fcn\u00fc d\u00fczenlendi. Etkinlik, Girne Belediyesi Yeni Hizmet Binas\u0131\u2019nda ger\u00e7ekle\u015ftirildi. Kitaplar\u0131n sat\u0131\u015f\u0131ndan elde edilen t\u00fcm gelir \u015eair Cemal Ak\u015fid Yemeneci taraf\u0131ndan \u015eampiyon Melekler Ya\u015fatma Derne\u011fi\u2019ne ba\u011f\u0131\u015flanacak.","og_url":"https:\/\/kibrisdakik.com\/?p=4776","article_published_time":"2023-04-08T10:03:11+00:00","og_image":[{"width":2560,"height":1711,"url":"https:\/\/kibrisdakik.com\/wp-content\/uploads\/2023\/04\/girne-belediyesi-kitap-3-scaled-740x420.jpg","type":"image\/jpeg"}],"author":"admin","twitter_card":"summary_large_image","twitter_misc":{"Yazan:":"admin"},"schema":{"@context":"https:\/\/schema.org","@graph":[{"@type":"Article","@id":"https:\/\/kibrisdakik.com\/?p=4776#article","isPartOf":{"@id":"https:\/\/kibrisdakik.com\/?p=4776"},"author":{"name":"admin","@id":"https:\/\/kibrisdakik.com\/#\/schema\/person\/9cd9d437bbb44f72b73ba127e06d8e79"},"headline":"\u2018F\u0131rt\u0131na\u2019 ve \u2018\u00d6zg\u00fcrl\u00fc\u011fe \u00c7a\u011fr\u0131\u2019 \u015fiir kitaplar\u0131 i\u00e7in imza g\u00fcn\u00fc d\u00fczenlendi","datePublished":"2023-04-08T10:03:11+00:00","mainEntityOfPage":{"@id":"https:\/\/kibrisdakik.com\/?p=4776"},"wordCount":78,"commentCount":0,"image":{"@id":"https:\/\/kibrisdakik.com\/?p=4776#primaryimage"},"thumbnailUrl":"https:\/\/kibrisdakik.com\/wp-content\/uploads\/2023\/04\/girne-belediyesi-kitap-3-scaled-740x420.jpg","articleSection":["G\u00fcndem"],"inLanguage":"tr","potentialAction":[{"@type":"CommentAction","name":"Comment","target":["https:\/\/kibrisdakik.com\/?p=4776#respond"]}]},{"@type":"WebPage","@id":"https:\/\/kibrisdakik.com\/?p=4776","url":"https:\/\/kibrisdakik.com\/?p=4776","name":"\u2018F\u0131rt\u0131na\u2019 ve \u2018\u00d6zg\u00fcrl\u00fc\u011fe \u00c7a\u011fr\u0131\u2019 \u015fiir kitaplar\u0131 i\u00e7in imza g\u00fcn\u00fc d\u00fczenlendi -","isPartOf":{"@id":"https:\/\/kibrisdakik.com\/#website"},"primaryImageOfPage":{"@id":"https:\/\/kibrisdakik.com\/?p=4776#primaryimage"},"image":{"@id":"https:\/\/kibrisdakik.com\/?p=4776#primaryimage"},"thumbnailUrl":"https:\/\/kibrisdakik.com\/wp-content\/uploads\/2023\/04\/girne-belediyesi-kitap-3-scaled-740x420.jpg","datePublished":"2023-04-08T10:03:11+00:00","author":{"@id":"https:\/\/kibrisdakik.com\/#\/schema\/person\/9cd9d437bbb44f72b73ba127e06d8e79"},"breadcrumb":{"@id":"https:\/\/kibrisdakik.com\/?p=4776#breadcrumb"},"inLanguage":"tr","potentialAction":[{"@type":"ReadAction","target":["https:\/\/kibrisdakik.com\/?p=4776"]}]},{"@type":"ImageObject","inLanguage":"tr","@id":"https:\/\/kibrisdakik.com\/?p=4776#primaryimage","url":"https:\/\/kibrisdakik.com\/wp-content\/uploads\/2023\/04\/girne-belediyesi-kitap-3-scaled-740x420.jpg","contentUrl":"https:\/\/kibrisdakik.com\/wp-content\/uploads\/2023\/04\/girne-belediyesi-kitap-3-scaled-740x420.jpg","width":2560,"height":1711},{"@type":"BreadcrumbList","@id":"https:\/\/kibrisdakik.com\/?p=4776#breadcrumb","itemListElement":[{"@type":"ListItem","position":1,"name":"Home","item":"https:\/\/kibrisdakik.com\/"},{"@type":"ListItem","position":2,"name":"\u2018F\u0131rt\u0131na\u2019 ve \u2018\u00d6zg\u00fcrl\u00fc\u011fe \u00c7a\u011fr\u0131\u2019 \u015fiir kitaplar\u0131 i\u00e7in imza g\u00fcn\u00fc d\u00fczenlendi"}]},{"@type":"WebSite","@id":"https:\/\/kibrisdakik.com\/#website","url":"https:\/\/kibrisdakik.com\/","name":"","description":"Tam vaktinde haber","potentialAction":[{"@type":"SearchAction","target":{"@type":"EntryPoint","urlTemplate":"https:\/\/kibrisdakik.com\/?s={search_term_string}"},"query-input":{"@type":"PropertyValueSpecification","valueRequired":true,"valueName":"search_term_string"}}],"inLanguage":"tr"},{"@type":"Person","@id":"https:\/\/kibrisdakik.com\/#\/schema\/person\/9cd9d437bbb44f72b73ba127e06d8e79","name":"admin","image":{"@type":"ImageObject","inLanguage":"tr","@id":"https:\/\/secure.gravatar.com\/avatar\/ccc17943b9d660506c869530f897617f7cb1c21a4bf30023f252596d83e1f007?s=96&d=mm&r=g","url":"https:\/\/secure.gravatar.com\/avatar\/ccc17943b9d660506c869530f897617f7cb1c21a4bf30023f252596d83e1f007?s=96&d=mm&r=g","contentUrl":"https:\/\/secure.gravatar.com\/avatar\/ccc17943b9d660506c869530f897617f7cb1c21a4bf30023f252596d83e1f007?s=96&d=mm&r=g","caption":"admin"},"sameAs":["https:\/\/kibrisdakik.com"],"url":"https:\/\/kibrisdakik.com\/?author=1"}]}},"_links":{"self":[{"href":"https:\/\/kibrisdakik.com\/index.php?rest_route=\/wp\/v2\/posts\/4776","targetHints":{"allow":["GET"]}}],"collection":[{"href":"https:\/\/kibrisdakik.com\/index.php?rest_route=\/wp\/v2\/posts"}],"about":[{"href":"https:\/\/kibrisdakik.com\/index.php?rest_route=\/wp\/v2\/types\/post"}],"author":[{"embeddable":true,"href":"https:\/\/kibrisdakik.com\/index.php?rest_route=\/wp\/v2\/users\/1"}],"replies":[{"embeddable":true,"href":"https:\/\/kibrisdakik.com\/index.php?rest_route=%2Fwp%2Fv2%2Fcomments&post=4776"}],"version-history":[{"count":0,"href":"https:\/\/kibrisdakik.com\/index.php?rest_route=\/wp\/v2\/posts\/4776\/revisions"}],"wp:featuredmedia":[{"embeddable":true,"href":"https:\/\/kibrisdakik.com\/index.php?rest_route=\/wp\/v2\/media\/4777"}],"wp:attachment":[{"href":"https:\/\/kibrisdakik.com\/index.php?rest_route=%2Fwp%2Fv2%2Fmedia&parent=4776"}],"wp:term":[{"taxonomy":"category","embeddable":true,"href":"https:\/\/kibrisdakik.com\/index.php?rest_route=%2Fwp%2Fv2%2Fcategories&post=4776"},{"taxonomy":"post_tag","embeddable":true,"href":"https:\/\/kibrisdakik.com\/index.php?rest_route=%2Fwp%2Fv2%2Ftags&post=4776"}],"curies":[{"name":"wp","href":"https:\/\/api.w.org\/{rel}","templated":true}]}}