{"id":47793,"date":"2024-06-28T20:29:49","date_gmt":"2024-06-28T20:29:49","guid":{"rendered":"https:\/\/kibrisdakik.com\/index.php\/2024\/06\/28\/kardes-takimi-2-10-ocak-2025te-vizyona-girecek\/"},"modified":"2024-06-28T20:29:49","modified_gmt":"2024-06-28T20:29:49","slug":"kardes-takimi-2-10-ocak-2025te-vizyona-girecek","status":"publish","type":"post","link":"https:\/\/kibrisdakik.com\/?p=47793","title":{"rendered":"Karde\u015f Tak\u0131m\u0131 2, 10 Ocak 2025&#039;te vizyona girecek"},"content":{"rendered":"<p><\/p>\n<p>Karde\u015fler Tak\u0131m\u0131, 19 Ocak 2024&#8217;te g\u00f6sterime girmi\u015f ve yakla\u015f\u0131k 450 bin seyirci taraf\u0131ndan izlenmi\u015fti.<\/p>\n<p>\u015eimdi ise ikinci bir devam filmi gelip gelmeyece\u011fi merak ediliyor.<\/p>\n<h3>KARDE\u015eLER TAKIMI 2 NE ZAMAN \u00c7IKACAK?<\/h3>\n<p>Karde\u015f Tak\u0131m\u0131&#8217;n\u0131n devam filmi olan Karde\u015f Tak\u0131m\u0131 2, 10 Ocak 2025&#8217;te vizyona girecek.<\/p>\n<p>Devam filminde, ilk filmde yer alan Ceyda Kasabal\u0131, F\u0131rat Albayram, Ecrin Su \u00c7oban, \u00c7a\u011fan Efe Ak, Mehmet Aybars Kaya ve G\u00fclhan Tekin rollerine geri d\u00f6n\u00fcyor.<\/p>\n<p>Bu kadroya \u00d6zg\u00fcr Emre Y\u0131ld\u0131r\u0131m, Dil\u015fah Demir ve Berat Efe Parlar gibi yeni isimler de kat\u0131ld\u0131.&nbsp;<\/p>\n<h3><img decoding=\"async\" alt=\"Karde\u015f Tak\u0131m\u0131 2, 10 Ocak 2025'te vizyona girecek - 1. Resim\" src=\"https:\/\/i.tgrthaber.com\/images\/haberler\/24-06\/28\/kardes-takimi-2-10-ocak-2025te-vizyona-girecek-17196043636134_1.jpg\" title=\"Karde\u015f Tak\u0131m\u0131 2, 10 Ocak 2025'te vizyona girecek\" \/><\/h3>\n<h3>\u00c7EK\u0130MLER NE ZAMAN BA\u015eLIYOR?<\/h3>\n<p>CJ ENM ve TAFF Pictures yap\u0131m ortakl\u0131\u011f\u0131yla \u00e7ekimlerine k\u0131sa s\u00fcre i\u00e7inde ba\u015flanacak olan Karde\u015f Tak\u0131m\u0131 2, sinemaseverler taraf\u0131ndan merakla bekleniyor.<\/p>\n<p>\u00c7ekimler ne zaman ba\u015flayacak sorusu ilk filmi be\u011fenen izleyiciler taraf\u0131ndan g\u00fcndem olmu\u015f durumda.<\/p>\n<p>Karde\u015f Tak\u0131m\u0131 2, sinemalarda b\u00fcy\u00fck bir heyecanla bekleniyor ve yeni y\u0131lda izleyicilere unutulmaz anlar ya\u015fatmay\u0131 hedefliyor.<\/p>\n","protected":false},"excerpt":{"rendered":"<p>Karde\u015fler Tak\u0131m\u0131, 19 Ocak 2024&#8217;te g\u00f6sterime girmi\u015f ve yakla\u015f\u0131k 450 bin seyirci taraf\u0131ndan izlenmi\u015fti. \u015eimdi ise ikinci bir devam filmi gelip gelmeyece\u011fi merak ediliyor. KARDE\u015eLER TAKIMI 2 NE ZAMAN \u00c7IKACAK? Karde\u015f Tak\u0131m\u0131&#8217;n\u0131n devam filmi olan Karde\u015f Tak\u0131m\u0131 2, 10 Ocak 2025&#8217;te vizyona girecek. Devam filminde, ilk filmde yer alan Ceyda Kasabal\u0131, F\u0131rat Albayram, Ecrin Su<\/p>\n","protected":false},"author":1,"featured_media":47794,"comment_status":"open","ping_status":"open","sticky":false,"template":"","format":"standard","meta":{"footnotes":""},"categories":[85],"tags":[],"class_list":["post-47793","post","type-post","status-publish","format-standard","has-post-thumbnail","hentry","category-spor"],"yoast_head":"<!-- This site is optimized with the Yoast SEO plugin v28.4 - https:\/\/yoast.com\/product\/yoast-seo-wordpress\/ -->\n<title>Karde\u015f Tak\u0131m\u0131 2, 10 Ocak 2025&#039;te vizyona girecek -<\/title>\n<meta name=\"robots\" content=\"index, follow, max-snippet:-1, max-image-preview:large, max-video-preview:-1\" \/>\n<link rel=\"canonical\" href=\"https:\/\/kibrisdakik.com\/?p=47793\" \/>\n<meta property=\"og:locale\" content=\"tr_TR\" \/>\n<meta property=\"og:type\" content=\"article\" \/>\n<meta property=\"og:title\" content=\"Karde\u015f Tak\u0131m\u0131 2, 10 Ocak 2025&#039;te vizyona girecek -\" \/>\n<meta property=\"og:description\" content=\"Karde\u015fler Tak\u0131m\u0131, 19 Ocak 2024&#8217;te g\u00f6sterime girmi\u015f ve yakla\u015f\u0131k 450 bin seyirci taraf\u0131ndan izlenmi\u015fti. \u015eimdi ise ikinci bir devam filmi gelip gelmeyece\u011fi merak ediliyor. KARDE\u015eLER TAKIMI 2 NE ZAMAN \u00c7IKACAK? Karde\u015f Tak\u0131m\u0131&#8217;n\u0131n devam filmi olan Karde\u015f Tak\u0131m\u0131 2, 10 Ocak 2025&#8217;te vizyona girecek. Devam filminde, ilk filmde yer alan Ceyda Kasabal\u0131, F\u0131rat Albayram, Ecrin Su\" \/>\n<meta property=\"og:url\" content=\"https:\/\/kibrisdakik.com\/?p=47793\" \/>\n<meta property=\"article:published_time\" content=\"2024-06-28T20:29:49+00:00\" \/>\n<meta property=\"og:image\" content=\"https:\/\/kibrisdakik.com\/wp-content\/uploads\/2024\/06\/kardes-takimi-2-10-ocak-2025te-vizyona-girecek-17196043636134_1-740x420.jpg\" \/>\n\t<meta property=\"og:image:width\" content=\"1280\" \/>\n\t<meta property=\"og:image:height\" content=\"696\" \/>\n\t<meta property=\"og:image:type\" content=\"image\/jpeg\" \/>\n<meta name=\"author\" content=\"admin\" \/>\n<meta name=\"twitter:card\" content=\"summary_large_image\" \/>\n<meta name=\"twitter:label1\" content=\"Yazan:\" \/>\n\t<meta name=\"twitter:data1\" content=\"admin\" \/>\n\t<meta name=\"twitter:label2\" content=\"Tahmini okuma s\u00fcresi\" \/>\n\t<meta name=\"twitter:data2\" content=\"1 dakika\" \/>\n<script type=\"application\/ld+json\" class=\"yoast-schema-graph\">{\"@context\":\"https:\\\/\\\/schema.org\",\"@graph\":[{\"@type\":\"Article\",\"@id\":\"https:\\\/\\\/kibrisdakik.com\\\/?p=47793#article\",\"isPartOf\":{\"@id\":\"https:\\\/\\\/kibrisdakik.com\\\/?p=47793\"},\"author\":{\"name\":\"admin\",\"@id\":\"https:\\\/\\\/kibrisdakik.com\\\/#\\\/schema\\\/person\\\/9cd9d437bbb44f72b73ba127e06d8e79\"},\"headline\":\"Karde\u015f Tak\u0131m\u0131 2, 10 Ocak 2025&#039;te vizyona girecek\",\"datePublished\":\"2024-06-28T20:29:49+00:00\",\"mainEntityOfPage\":{\"@id\":\"https:\\\/\\\/kibrisdakik.com\\\/?p=47793\"},\"wordCount\":180,\"commentCount\":0,\"publisher\":{\"@id\":\"https:\\\/\\\/kibrisdakik.com\\\/#organization\"},\"image\":{\"@id\":\"https:\\\/\\\/kibrisdakik.com\\\/?p=47793#primaryimage\"},\"thumbnailUrl\":\"https:\\\/\\\/kibrisdakik.com\\\/wp-content\\\/uploads\\\/2024\\\/06\\\/kardes-takimi-2-10-ocak-2025te-vizyona-girecek-17196043636134_1-740x420.jpg\",\"articleSection\":[\"Spor\"],\"inLanguage\":\"tr\",\"potentialAction\":[{\"@type\":\"CommentAction\",\"name\":\"Comment\",\"target\":[\"https:\\\/\\\/kibrisdakik.com\\\/?p=47793#respond\"]}]},{\"@type\":\"WebPage\",\"@id\":\"https:\\\/\\\/kibrisdakik.com\\\/?p=47793\",\"url\":\"https:\\\/\\\/kibrisdakik.com\\\/?p=47793\",\"name\":\"Karde\u015f Tak\u0131m\u0131 2, 10 Ocak 2025&#039;te vizyona girecek -\",\"isPartOf\":{\"@id\":\"https:\\\/\\\/kibrisdakik.com\\\/#website\"},\"primaryImageOfPage\":{\"@id\":\"https:\\\/\\\/kibrisdakik.com\\\/?p=47793#primaryimage\"},\"image\":{\"@id\":\"https:\\\/\\\/kibrisdakik.com\\\/?p=47793#primaryimage\"},\"thumbnailUrl\":\"https:\\\/\\\/kibrisdakik.com\\\/wp-content\\\/uploads\\\/2024\\\/06\\\/kardes-takimi-2-10-ocak-2025te-vizyona-girecek-17196043636134_1-740x420.jpg\",\"datePublished\":\"2024-06-28T20:29:49+00:00\",\"breadcrumb\":{\"@id\":\"https:\\\/\\\/kibrisdakik.com\\\/?p=47793#breadcrumb\"},\"inLanguage\":\"tr\",\"potentialAction\":[{\"@type\":\"ReadAction\",\"target\":[\"https:\\\/\\\/kibrisdakik.com\\\/?p=47793\"]}]},{\"@type\":\"ImageObject\",\"inLanguage\":\"tr\",\"@id\":\"https:\\\/\\\/kibrisdakik.com\\\/?p=47793#primaryimage\",\"url\":\"https:\\\/\\\/kibrisdakik.com\\\/wp-content\\\/uploads\\\/2024\\\/06\\\/kardes-takimi-2-10-ocak-2025te-vizyona-girecek-17196043636134_1-740x420.jpg\",\"contentUrl\":\"https:\\\/\\\/kibrisdakik.com\\\/wp-content\\\/uploads\\\/2024\\\/06\\\/kardes-takimi-2-10-ocak-2025te-vizyona-girecek-17196043636134_1-740x420.jpg\",\"width\":1280,\"height\":696},{\"@type\":\"BreadcrumbList\",\"@id\":\"https:\\\/\\\/kibrisdakik.com\\\/?p=47793#breadcrumb\",\"itemListElement\":[{\"@type\":\"ListItem\",\"position\":1,\"name\":\"Home\",\"item\":\"https:\\\/\\\/kibrisdakik.com\\\/\"},{\"@type\":\"ListItem\",\"position\":2,\"name\":\"Karde\u015f Tak\u0131m\u0131 2, 10 Ocak 2025&#039;te vizyona girecek\"}]},{\"@type\":\"WebSite\",\"@id\":\"https:\\\/\\\/kibrisdakik.com\\\/#website\",\"url\":\"https:\\\/\\\/kibrisdakik.com\\\/\",\"name\":\"K\u0131br\u0131s Dakik\",\"description\":\"Tam vaktinde haber\",\"publisher\":{\"@id\":\"https:\\\/\\\/kibrisdakik.com\\\/#organization\"},\"potentialAction\":[{\"@type\":\"SearchAction\",\"target\":{\"@type\":\"EntryPoint\",\"urlTemplate\":\"https:\\\/\\\/kibrisdakik.com\\\/?s={search_term_string}\"},\"query-input\":{\"@type\":\"PropertyValueSpecification\",\"valueRequired\":true,\"valueName\":\"search_term_string\"}}],\"inLanguage\":\"tr\"},{\"@type\":\"Organization\",\"@id\":\"https:\\\/\\\/kibrisdakik.com\\\/#organization\",\"name\":\"K\u0131br\u0131s Dakik\",\"url\":\"https:\\\/\\\/kibrisdakik.com\\\/\",\"logo\":{\"@type\":\"ImageObject\",\"inLanguage\":\"tr\",\"@id\":\"https:\\\/\\\/kibrisdakik.com\\\/#\\\/schema\\\/logo\\\/image\\\/\",\"url\":\"https:\\\/\\\/kibrisdakik.com\\\/wp-content\\\/uploads\\\/2025\\\/10\\\/cropped-WhatsApp-Image-2025-10-02-at-12.58.31.jpeg\",\"contentUrl\":\"https:\\\/\\\/kibrisdakik.com\\\/wp-content\\\/uploads\\\/2025\\\/10\\\/cropped-WhatsApp-Image-2025-10-02-at-12.58.31.jpeg\",\"width\":1237,\"height\":190,\"caption\":\"K\u0131br\u0131s Dakik\"},\"image\":{\"@id\":\"https:\\\/\\\/kibrisdakik.com\\\/#\\\/schema\\\/logo\\\/image\\\/\"}},{\"@type\":\"Person\",\"@id\":\"https:\\\/\\\/kibrisdakik.com\\\/#\\\/schema\\\/person\\\/9cd9d437bbb44f72b73ba127e06d8e79\",\"name\":\"admin\",\"image\":{\"@type\":\"ImageObject\",\"inLanguage\":\"tr\",\"@id\":\"https:\\\/\\\/secure.gravatar.com\\\/avatar\\\/ccc17943b9d660506c869530f897617f7cb1c21a4bf30023f252596d83e1f007?s=96&d=mm&r=g\",\"url\":\"https:\\\/\\\/secure.gravatar.com\\\/avatar\\\/ccc17943b9d660506c869530f897617f7cb1c21a4bf30023f252596d83e1f007?s=96&d=mm&r=g\",\"contentUrl\":\"https:\\\/\\\/secure.gravatar.com\\\/avatar\\\/ccc17943b9d660506c869530f897617f7cb1c21a4bf30023f252596d83e1f007?s=96&d=mm&r=g\",\"caption\":\"admin\"},\"sameAs\":[\"https:\\\/\\\/kibrisdakik.com\"],\"url\":\"https:\\\/\\\/kibrisdakik.com\\\/?author=1\"}]}<\/script>\n<!-- \/ Yoast SEO plugin. -->","yoast_head_json":{"title":"Karde\u015f Tak\u0131m\u0131 2, 10 Ocak 2025&#039;te vizyona girecek -","robots":{"index":"index","follow":"follow","max-snippet":"max-snippet:-1","max-image-preview":"max-image-preview:large","max-video-preview":"max-video-preview:-1"},"canonical":"https:\/\/kibrisdakik.com\/?p=47793","og_locale":"tr_TR","og_type":"article","og_title":"Karde\u015f Tak\u0131m\u0131 2, 10 Ocak 2025&#039;te vizyona girecek -","og_description":"Karde\u015fler Tak\u0131m\u0131, 19 Ocak 2024&#8217;te g\u00f6sterime girmi\u015f ve yakla\u015f\u0131k 450 bin seyirci taraf\u0131ndan izlenmi\u015fti. \u015eimdi ise ikinci bir devam filmi gelip gelmeyece\u011fi merak ediliyor. KARDE\u015eLER TAKIMI 2 NE ZAMAN \u00c7IKACAK? Karde\u015f Tak\u0131m\u0131&#8217;n\u0131n devam filmi olan Karde\u015f Tak\u0131m\u0131 2, 10 Ocak 2025&#8217;te vizyona girecek. Devam filminde, ilk filmde yer alan Ceyda Kasabal\u0131, F\u0131rat Albayram, Ecrin Su","og_url":"https:\/\/kibrisdakik.com\/?p=47793","article_published_time":"2024-06-28T20:29:49+00:00","og_image":[{"width":1280,"height":696,"url":"https:\/\/kibrisdakik.com\/wp-content\/uploads\/2024\/06\/kardes-takimi-2-10-ocak-2025te-vizyona-girecek-17196043636134_1-740x420.jpg","type":"image\/jpeg"}],"author":"admin","twitter_card":"summary_large_image","twitter_misc":{"Yazan:":"admin","Tahmini okuma s\u00fcresi":"1 dakika"},"schema":{"@context":"https:\/\/schema.org","@graph":[{"@type":"Article","@id":"https:\/\/kibrisdakik.com\/?p=47793#article","isPartOf":{"@id":"https:\/\/kibrisdakik.com\/?p=47793"},"author":{"name":"admin","@id":"https:\/\/kibrisdakik.com\/#\/schema\/person\/9cd9d437bbb44f72b73ba127e06d8e79"},"headline":"Karde\u015f Tak\u0131m\u0131 2, 10 Ocak 2025&#039;te vizyona girecek","datePublished":"2024-06-28T20:29:49+00:00","mainEntityOfPage":{"@id":"https:\/\/kibrisdakik.com\/?p=47793"},"wordCount":180,"commentCount":0,"publisher":{"@id":"https:\/\/kibrisdakik.com\/#organization"},"image":{"@id":"https:\/\/kibrisdakik.com\/?p=47793#primaryimage"},"thumbnailUrl":"https:\/\/kibrisdakik.com\/wp-content\/uploads\/2024\/06\/kardes-takimi-2-10-ocak-2025te-vizyona-girecek-17196043636134_1-740x420.jpg","articleSection":["Spor"],"inLanguage":"tr","potentialAction":[{"@type":"CommentAction","name":"Comment","target":["https:\/\/kibrisdakik.com\/?p=47793#respond"]}]},{"@type":"WebPage","@id":"https:\/\/kibrisdakik.com\/?p=47793","url":"https:\/\/kibrisdakik.com\/?p=47793","name":"Karde\u015f Tak\u0131m\u0131 2, 10 Ocak 2025&#039;te vizyona girecek -","isPartOf":{"@id":"https:\/\/kibrisdakik.com\/#website"},"primaryImageOfPage":{"@id":"https:\/\/kibrisdakik.com\/?p=47793#primaryimage"},"image":{"@id":"https:\/\/kibrisdakik.com\/?p=47793#primaryimage"},"thumbnailUrl":"https:\/\/kibrisdakik.com\/wp-content\/uploads\/2024\/06\/kardes-takimi-2-10-ocak-2025te-vizyona-girecek-17196043636134_1-740x420.jpg","datePublished":"2024-06-28T20:29:49+00:00","breadcrumb":{"@id":"https:\/\/kibrisdakik.com\/?p=47793#breadcrumb"},"inLanguage":"tr","potentialAction":[{"@type":"ReadAction","target":["https:\/\/kibrisdakik.com\/?p=47793"]}]},{"@type":"ImageObject","inLanguage":"tr","@id":"https:\/\/kibrisdakik.com\/?p=47793#primaryimage","url":"https:\/\/kibrisdakik.com\/wp-content\/uploads\/2024\/06\/kardes-takimi-2-10-ocak-2025te-vizyona-girecek-17196043636134_1-740x420.jpg","contentUrl":"https:\/\/kibrisdakik.com\/wp-content\/uploads\/2024\/06\/kardes-takimi-2-10-ocak-2025te-vizyona-girecek-17196043636134_1-740x420.jpg","width":1280,"height":696},{"@type":"BreadcrumbList","@id":"https:\/\/kibrisdakik.com\/?p=47793#breadcrumb","itemListElement":[{"@type":"ListItem","position":1,"name":"Home","item":"https:\/\/kibrisdakik.com\/"},{"@type":"ListItem","position":2,"name":"Karde\u015f Tak\u0131m\u0131 2, 10 Ocak 2025&#039;te vizyona girecek"}]},{"@type":"WebSite","@id":"https:\/\/kibrisdakik.com\/#website","url":"https:\/\/kibrisdakik.com\/","name":"K\u0131br\u0131s Dakik","description":"Tam vaktinde haber","publisher":{"@id":"https:\/\/kibrisdakik.com\/#organization"},"potentialAction":[{"@type":"SearchAction","target":{"@type":"EntryPoint","urlTemplate":"https:\/\/kibrisdakik.com\/?s={search_term_string}"},"query-input":{"@type":"PropertyValueSpecification","valueRequired":true,"valueName":"search_term_string"}}],"inLanguage":"tr"},{"@type":"Organization","@id":"https:\/\/kibrisdakik.com\/#organization","name":"K\u0131br\u0131s Dakik","url":"https:\/\/kibrisdakik.com\/","logo":{"@type":"ImageObject","inLanguage":"tr","@id":"https:\/\/kibrisdakik.com\/#\/schema\/logo\/image\/","url":"https:\/\/kibrisdakik.com\/wp-content\/uploads\/2025\/10\/cropped-WhatsApp-Image-2025-10-02-at-12.58.31.jpeg","contentUrl":"https:\/\/kibrisdakik.com\/wp-content\/uploads\/2025\/10\/cropped-WhatsApp-Image-2025-10-02-at-12.58.31.jpeg","width":1237,"height":190,"caption":"K\u0131br\u0131s Dakik"},"image":{"@id":"https:\/\/kibrisdakik.com\/#\/schema\/logo\/image\/"}},{"@type":"Person","@id":"https:\/\/kibrisdakik.com\/#\/schema\/person\/9cd9d437bbb44f72b73ba127e06d8e79","name":"admin","image":{"@type":"ImageObject","inLanguage":"tr","@id":"https:\/\/secure.gravatar.com\/avatar\/ccc17943b9d660506c869530f897617f7cb1c21a4bf30023f252596d83e1f007?s=96&d=mm&r=g","url":"https:\/\/secure.gravatar.com\/avatar\/ccc17943b9d660506c869530f897617f7cb1c21a4bf30023f252596d83e1f007?s=96&d=mm&r=g","contentUrl":"https:\/\/secure.gravatar.com\/avatar\/ccc17943b9d660506c869530f897617f7cb1c21a4bf30023f252596d83e1f007?s=96&d=mm&r=g","caption":"admin"},"sameAs":["https:\/\/kibrisdakik.com"],"url":"https:\/\/kibrisdakik.com\/?author=1"}]}},"_links":{"self":[{"href":"https:\/\/kibrisdakik.com\/index.php?rest_route=\/wp\/v2\/posts\/47793","targetHints":{"allow":["GET"]}}],"collection":[{"href":"https:\/\/kibrisdakik.com\/index.php?rest_route=\/wp\/v2\/posts"}],"about":[{"href":"https:\/\/kibrisdakik.com\/index.php?rest_route=\/wp\/v2\/types\/post"}],"author":[{"embeddable":true,"href":"https:\/\/kibrisdakik.com\/index.php?rest_route=\/wp\/v2\/users\/1"}],"replies":[{"embeddable":true,"href":"https:\/\/kibrisdakik.com\/index.php?rest_route=%2Fwp%2Fv2%2Fcomments&post=47793"}],"version-history":[{"count":0,"href":"https:\/\/kibrisdakik.com\/index.php?rest_route=\/wp\/v2\/posts\/47793\/revisions"}],"wp:featuredmedia":[{"embeddable":true,"href":"https:\/\/kibrisdakik.com\/index.php?rest_route=\/wp\/v2\/media\/47794"}],"wp:attachment":[{"href":"https:\/\/kibrisdakik.com\/index.php?rest_route=%2Fwp%2Fv2%2Fmedia&parent=47793"}],"wp:term":[{"taxonomy":"category","embeddable":true,"href":"https:\/\/kibrisdakik.com\/index.php?rest_route=%2Fwp%2Fv2%2Fcategories&post=47793"},{"taxonomy":"post_tag","embeddable":true,"href":"https:\/\/kibrisdakik.com\/index.php?rest_route=%2Fwp%2Fv2%2Ftags&post=47793"}],"curies":[{"name":"wp","href":"https:\/\/api.w.org\/{rel}","templated":true}]}}