{"id":47799,"date":"2024-06-28T20:50:49","date_gmt":"2024-06-28T20:50:49","guid":{"rendered":"https:\/\/kibrisdakik.com\/index.php\/2024\/06\/28\/icisleri-bakani-oguz-hayvancilarin-arazi-taleplerini-dinledi-2\/"},"modified":"2024-06-28T20:50:49","modified_gmt":"2024-06-28T20:50:49","slug":"icisleri-bakani-oguz-hayvancilarin-arazi-taleplerini-dinledi-2","status":"publish","type":"post","link":"https:\/\/kibrisdakik.com\/?p=47799","title":{"rendered":"\u0130\u00e7i\u015fleri Bakan\u0131 O\u011fuz hayvanc\u0131lar\u0131n arazi taleplerini dinledi"},"content":{"rendered":"<p><\/p>\n<div>\n<div class=\"mariselle-image-container center\">\n                <img loading=\"lazy\" decoding=\"async\" width=\"2560\" height=\"1016\" class=\"lazy-image\" alt=\"\" sizes=\"auto, (max-width: 2560px) 100vw, 2560px\" src=\"https:\/\/brtk.net\/wp-content\/uploads\/2024\/06\/28\/877-scaled.jpg?ver=ca5b80b2644f03ec0e95a6f52de6a23b\" srcset=\"https:\/\/brtk.net\/wp-content\/uploads\/2024\/06\/28\/877-scaled.jpg?ver=ca5b80b2644f03ec0e95a6f52de6a23b 2560w, https:\/\/brtk.net\/wp-content\/uploads\/2024\/06\/28\/877-300x119.jpg?ver=ca5b80b2644f03ec0e95a6f52de6a23b 300w, https:\/\/brtk.net\/wp-content\/uploads\/2024\/06\/28\/877-1024x407.jpg?ver=51dcdd5d539f2def9526c3e2eb0670e8 1024w, https:\/\/brtk.net\/wp-content\/uploads\/2024\/06\/28\/877-768x305.jpg?ver=51dcdd5d539f2def9526c3e2eb0670e8 768w, https:\/\/brtk.net\/wp-content\/uploads\/2024\/06\/28\/877-1536x610.jpg?ver=fd8aa758474b85b4d97e78805b27172a 1536w, https:\/\/brtk.net\/wp-content\/uploads\/2024\/06\/28\/877-2048x813.jpg?ver=d81ad57053997ee2fee740a70eb21fcc 2048w\"\/>                            <\/div>\n<p>\u0130\u00e7i\u015fleri Bakan\u0131 Dursun O\u011fuz,  Hayvan Yeti\u015ftiricileri ve \u00dcreticileri Birli\u011fi\u2019nden bir grup  hayvanc\u0131yla bir araya geldi. G\u00f6r\u00fc\u015fmede, hayvanc\u0131lar\u0131n arazilerle ilgili talepleri dinlendi ve ge\u00e7mi\u015f y\u0131llardaki \u00e7al\u0131\u015fmalarla ilgili konular ele al\u0131nd\u0131.<\/p>\n<p>\u0130\u00e7i\u015fleri Bakanl\u0131\u011f\u0131ndan verilen bilgiye g\u00f6re, Bakan Dursun O\u011fuz, g\u00f6r\u00fc\u015fmede yapt\u0131\u011f\u0131 konu\u015fmada, hayvanc\u0131l\u0131\u011f\u0131n \u00fclke ekonomisi ve s\u00fcrd\u00fcr\u00fclebilir kalk\u0131nma i\u00e7in \u00f6nemine vurgu yapt\u0131.<\/p>\n<p>G\u00f6r\u00fc\u015fmede, hayvanc\u0131lar\u0131n arazilerle ilgili talepleri ele al\u0131nd\u0131. Hayvanc\u0131l\u0131k faaliyetlerinin daha verimli bir \u015fekilde s\u00fcrd\u00fcr\u00fclebilmesi i\u00e7in ihtiya\u00e7 duyulan arazi d\u00fczenlemeleri ve yeni arazi tahsisleri konusundaki beklentiler de konu\u015fuldu.<\/p>\n<p>Bakan Dursun O\u011fuz, g\u00f6r\u00fc\u015fmede yapt\u0131\u011f\u0131 konu\u015fmada, \u201cArazilerin etkin ve adil bir \u015fekilde kullan\u0131lmas\u0131, hayvan yeti\u015ftiricilerimizin \u00fcretim kapasitesini art\u0131rmak i\u00e7in b\u00fcy\u00fck \u00f6nem ta\u015f\u0131yor. Bu konuda gerekli d\u00fczenlemeleri yapmak i\u00e7in \u00e7al\u0131\u015fmalara devam ediyoruz. H\u00fck\u00fcmet olarak \u00fcretimin de \u00fcreticinin de yan\u0131nday\u0131z\u201d dedi.<\/p>\n<\/p><\/div>\n<p><script async\n                    defer\n                    crossorigin=\"anonymous\"\n                    src=\"https:\/\/connect.facebook.net\/tr_TR\/sdk.js#xfbml=1&#038;version=v3.3\"\n            ><\/script><\/p>\n","protected":false},"excerpt":{"rendered":"<p>\u0130\u00e7i\u015fleri Bakan\u0131 Dursun O\u011fuz, Hayvan Yeti\u015ftiricileri ve \u00dcreticileri Birli\u011fi\u2019nden bir grup hayvanc\u0131yla bir araya geldi. G\u00f6r\u00fc\u015fmede, hayvanc\u0131lar\u0131n arazilerle ilgili talepleri dinlendi ve ge\u00e7mi\u015f y\u0131llardaki \u00e7al\u0131\u015fmalarla ilgili konular ele al\u0131nd\u0131. \u0130\u00e7i\u015fleri Bakanl\u0131\u011f\u0131ndan verilen bilgiye g\u00f6re, Bakan Dursun O\u011fuz, g\u00f6r\u00fc\u015fmede yapt\u0131\u011f\u0131 konu\u015fmada, hayvanc\u0131l\u0131\u011f\u0131n \u00fclke ekonomisi ve s\u00fcrd\u00fcr\u00fclebilir kalk\u0131nma i\u00e7in \u00f6nemine vurgu yapt\u0131. G\u00f6r\u00fc\u015fmede, hayvanc\u0131lar\u0131n arazilerle ilgili talepleri<\/p>\n","protected":false},"author":1,"featured_media":47800,"comment_status":"open","ping_status":"open","sticky":false,"template":"","format":"standard","meta":{"footnotes":""},"categories":[1],"tags":[],"class_list":["post-47799","post","type-post","status-publish","format-standard","has-post-thumbnail","hentry","category-gundem"],"yoast_head":"<!-- This site is optimized with the Yoast SEO plugin v27.5 - https:\/\/yoast.com\/product\/yoast-seo-wordpress\/ -->\n<title>\u0130\u00e7i\u015fleri Bakan\u0131 O\u011fuz hayvanc\u0131lar\u0131n arazi taleplerini dinledi -<\/title>\n<meta name=\"robots\" content=\"index, follow, max-snippet:-1, max-image-preview:large, max-video-preview:-1\" \/>\n<link rel=\"canonical\" href=\"https:\/\/kibrisdakik.com\/?p=47799\" \/>\n<meta property=\"og:locale\" content=\"tr_TR\" \/>\n<meta property=\"og:type\" content=\"article\" \/>\n<meta property=\"og:title\" content=\"\u0130\u00e7i\u015fleri Bakan\u0131 O\u011fuz hayvanc\u0131lar\u0131n arazi taleplerini dinledi -\" \/>\n<meta property=\"og:description\" content=\"\u0130\u00e7i\u015fleri Bakan\u0131 Dursun O\u011fuz, Hayvan Yeti\u015ftiricileri ve \u00dcreticileri Birli\u011fi\u2019nden bir grup hayvanc\u0131yla bir araya geldi. G\u00f6r\u00fc\u015fmede, hayvanc\u0131lar\u0131n arazilerle ilgili talepleri dinlendi ve ge\u00e7mi\u015f y\u0131llardaki \u00e7al\u0131\u015fmalarla ilgili konular ele al\u0131nd\u0131. \u0130\u00e7i\u015fleri Bakanl\u0131\u011f\u0131ndan verilen bilgiye g\u00f6re, Bakan Dursun O\u011fuz, g\u00f6r\u00fc\u015fmede yapt\u0131\u011f\u0131 konu\u015fmada, hayvanc\u0131l\u0131\u011f\u0131n \u00fclke ekonomisi ve s\u00fcrd\u00fcr\u00fclebilir kalk\u0131nma i\u00e7in \u00f6nemine vurgu yapt\u0131. G\u00f6r\u00fc\u015fmede, hayvanc\u0131lar\u0131n arazilerle ilgili talepleri\" \/>\n<meta property=\"og:url\" content=\"https:\/\/kibrisdakik.com\/?p=47799\" \/>\n<meta property=\"article:published_time\" content=\"2024-06-28T20:50:49+00:00\" \/>\n<meta property=\"og:image\" content=\"https:\/\/kibrisdakik.com\/wp-content\/uploads\/2024\/06\/877-scaled-740x420.jpg\" \/>\n\t<meta property=\"og:image:width\" content=\"2560\" \/>\n\t<meta property=\"og:image:height\" content=\"1016\" \/>\n\t<meta property=\"og:image:type\" content=\"image\/jpeg\" \/>\n<meta name=\"author\" content=\"admin\" \/>\n<meta name=\"twitter:card\" content=\"summary_large_image\" \/>\n<meta name=\"twitter:label1\" content=\"Yazan:\" \/>\n\t<meta name=\"twitter:data1\" content=\"admin\" \/>\n\t<meta name=\"twitter:label2\" content=\"Tahmini okuma s\u00fcresi\" \/>\n\t<meta name=\"twitter:data2\" content=\"1 dakika\" \/>\n<script type=\"application\/ld+json\" class=\"yoast-schema-graph\">{\"@context\":\"https:\\\/\\\/schema.org\",\"@graph\":[{\"@type\":\"Article\",\"@id\":\"https:\\\/\\\/kibrisdakik.com\\\/?p=47799#article\",\"isPartOf\":{\"@id\":\"https:\\\/\\\/kibrisdakik.com\\\/?p=47799\"},\"author\":{\"name\":\"admin\",\"@id\":\"https:\\\/\\\/kibrisdakik.com\\\/#\\\/schema\\\/person\\\/9cd9d437bbb44f72b73ba127e06d8e79\"},\"headline\":\"\u0130\u00e7i\u015fleri Bakan\u0131 O\u011fuz hayvanc\u0131lar\u0131n arazi taleplerini dinledi\",\"datePublished\":\"2024-06-28T20:50:49+00:00\",\"mainEntityOfPage\":{\"@id\":\"https:\\\/\\\/kibrisdakik.com\\\/?p=47799\"},\"wordCount\":186,\"commentCount\":0,\"image\":{\"@id\":\"https:\\\/\\\/kibrisdakik.com\\\/?p=47799#primaryimage\"},\"thumbnailUrl\":\"https:\\\/\\\/kibrisdakik.com\\\/wp-content\\\/uploads\\\/2024\\\/06\\\/877-scaled-740x420.jpg\",\"articleSection\":[\"G\u00fcndem\"],\"inLanguage\":\"tr\",\"potentialAction\":[{\"@type\":\"CommentAction\",\"name\":\"Comment\",\"target\":[\"https:\\\/\\\/kibrisdakik.com\\\/?p=47799#respond\"]}]},{\"@type\":\"WebPage\",\"@id\":\"https:\\\/\\\/kibrisdakik.com\\\/?p=47799\",\"url\":\"https:\\\/\\\/kibrisdakik.com\\\/?p=47799\",\"name\":\"\u0130\u00e7i\u015fleri Bakan\u0131 O\u011fuz hayvanc\u0131lar\u0131n arazi taleplerini dinledi -\",\"isPartOf\":{\"@id\":\"https:\\\/\\\/kibrisdakik.com\\\/#website\"},\"primaryImageOfPage\":{\"@id\":\"https:\\\/\\\/kibrisdakik.com\\\/?p=47799#primaryimage\"},\"image\":{\"@id\":\"https:\\\/\\\/kibrisdakik.com\\\/?p=47799#primaryimage\"},\"thumbnailUrl\":\"https:\\\/\\\/kibrisdakik.com\\\/wp-content\\\/uploads\\\/2024\\\/06\\\/877-scaled-740x420.jpg\",\"datePublished\":\"2024-06-28T20:50:49+00:00\",\"author\":{\"@id\":\"https:\\\/\\\/kibrisdakik.com\\\/#\\\/schema\\\/person\\\/9cd9d437bbb44f72b73ba127e06d8e79\"},\"breadcrumb\":{\"@id\":\"https:\\\/\\\/kibrisdakik.com\\\/?p=47799#breadcrumb\"},\"inLanguage\":\"tr\",\"potentialAction\":[{\"@type\":\"ReadAction\",\"target\":[\"https:\\\/\\\/kibrisdakik.com\\\/?p=47799\"]}]},{\"@type\":\"ImageObject\",\"inLanguage\":\"tr\",\"@id\":\"https:\\\/\\\/kibrisdakik.com\\\/?p=47799#primaryimage\",\"url\":\"https:\\\/\\\/kibrisdakik.com\\\/wp-content\\\/uploads\\\/2024\\\/06\\\/877-scaled-740x420.jpg\",\"contentUrl\":\"https:\\\/\\\/kibrisdakik.com\\\/wp-content\\\/uploads\\\/2024\\\/06\\\/877-scaled-740x420.jpg\",\"width\":2560,\"height\":1016},{\"@type\":\"BreadcrumbList\",\"@id\":\"https:\\\/\\\/kibrisdakik.com\\\/?p=47799#breadcrumb\",\"itemListElement\":[{\"@type\":\"ListItem\",\"position\":1,\"name\":\"Home\",\"item\":\"https:\\\/\\\/kibrisdakik.com\\\/\"},{\"@type\":\"ListItem\",\"position\":2,\"name\":\"\u0130\u00e7i\u015fleri Bakan\u0131 O\u011fuz hayvanc\u0131lar\u0131n arazi taleplerini dinledi\"}]},{\"@type\":\"WebSite\",\"@id\":\"https:\\\/\\\/kibrisdakik.com\\\/#website\",\"url\":\"https:\\\/\\\/kibrisdakik.com\\\/\",\"name\":\"\",\"description\":\"Tam vaktinde haber\",\"potentialAction\":[{\"@type\":\"SearchAction\",\"target\":{\"@type\":\"EntryPoint\",\"urlTemplate\":\"https:\\\/\\\/kibrisdakik.com\\\/?s={search_term_string}\"},\"query-input\":{\"@type\":\"PropertyValueSpecification\",\"valueRequired\":true,\"valueName\":\"search_term_string\"}}],\"inLanguage\":\"tr\"},{\"@type\":\"Person\",\"@id\":\"https:\\\/\\\/kibrisdakik.com\\\/#\\\/schema\\\/person\\\/9cd9d437bbb44f72b73ba127e06d8e79\",\"name\":\"admin\",\"image\":{\"@type\":\"ImageObject\",\"inLanguage\":\"tr\",\"@id\":\"https:\\\/\\\/secure.gravatar.com\\\/avatar\\\/ccc17943b9d660506c869530f897617f7cb1c21a4bf30023f252596d83e1f007?s=96&d=mm&r=g\",\"url\":\"https:\\\/\\\/secure.gravatar.com\\\/avatar\\\/ccc17943b9d660506c869530f897617f7cb1c21a4bf30023f252596d83e1f007?s=96&d=mm&r=g\",\"contentUrl\":\"https:\\\/\\\/secure.gravatar.com\\\/avatar\\\/ccc17943b9d660506c869530f897617f7cb1c21a4bf30023f252596d83e1f007?s=96&d=mm&r=g\",\"caption\":\"admin\"},\"sameAs\":[\"https:\\\/\\\/kibrisdakik.com\"],\"url\":\"https:\\\/\\\/kibrisdakik.com\\\/?author=1\"}]}<\/script>\n<!-- \/ Yoast SEO plugin. -->","yoast_head_json":{"title":"\u0130\u00e7i\u015fleri Bakan\u0131 O\u011fuz hayvanc\u0131lar\u0131n arazi taleplerini dinledi -","robots":{"index":"index","follow":"follow","max-snippet":"max-snippet:-1","max-image-preview":"max-image-preview:large","max-video-preview":"max-video-preview:-1"},"canonical":"https:\/\/kibrisdakik.com\/?p=47799","og_locale":"tr_TR","og_type":"article","og_title":"\u0130\u00e7i\u015fleri Bakan\u0131 O\u011fuz hayvanc\u0131lar\u0131n arazi taleplerini dinledi -","og_description":"\u0130\u00e7i\u015fleri Bakan\u0131 Dursun O\u011fuz, Hayvan Yeti\u015ftiricileri ve \u00dcreticileri Birli\u011fi\u2019nden bir grup hayvanc\u0131yla bir araya geldi. G\u00f6r\u00fc\u015fmede, hayvanc\u0131lar\u0131n arazilerle ilgili talepleri dinlendi ve ge\u00e7mi\u015f y\u0131llardaki \u00e7al\u0131\u015fmalarla ilgili konular ele al\u0131nd\u0131. \u0130\u00e7i\u015fleri Bakanl\u0131\u011f\u0131ndan verilen bilgiye g\u00f6re, Bakan Dursun O\u011fuz, g\u00f6r\u00fc\u015fmede yapt\u0131\u011f\u0131 konu\u015fmada, hayvanc\u0131l\u0131\u011f\u0131n \u00fclke ekonomisi ve s\u00fcrd\u00fcr\u00fclebilir kalk\u0131nma i\u00e7in \u00f6nemine vurgu yapt\u0131. G\u00f6r\u00fc\u015fmede, hayvanc\u0131lar\u0131n arazilerle ilgili talepleri","og_url":"https:\/\/kibrisdakik.com\/?p=47799","article_published_time":"2024-06-28T20:50:49+00:00","og_image":[{"width":2560,"height":1016,"url":"https:\/\/kibrisdakik.com\/wp-content\/uploads\/2024\/06\/877-scaled-740x420.jpg","type":"image\/jpeg"}],"author":"admin","twitter_card":"summary_large_image","twitter_misc":{"Yazan:":"admin","Tahmini okuma s\u00fcresi":"1 dakika"},"schema":{"@context":"https:\/\/schema.org","@graph":[{"@type":"Article","@id":"https:\/\/kibrisdakik.com\/?p=47799#article","isPartOf":{"@id":"https:\/\/kibrisdakik.com\/?p=47799"},"author":{"name":"admin","@id":"https:\/\/kibrisdakik.com\/#\/schema\/person\/9cd9d437bbb44f72b73ba127e06d8e79"},"headline":"\u0130\u00e7i\u015fleri Bakan\u0131 O\u011fuz hayvanc\u0131lar\u0131n arazi taleplerini dinledi","datePublished":"2024-06-28T20:50:49+00:00","mainEntityOfPage":{"@id":"https:\/\/kibrisdakik.com\/?p=47799"},"wordCount":186,"commentCount":0,"image":{"@id":"https:\/\/kibrisdakik.com\/?p=47799#primaryimage"},"thumbnailUrl":"https:\/\/kibrisdakik.com\/wp-content\/uploads\/2024\/06\/877-scaled-740x420.jpg","articleSection":["G\u00fcndem"],"inLanguage":"tr","potentialAction":[{"@type":"CommentAction","name":"Comment","target":["https:\/\/kibrisdakik.com\/?p=47799#respond"]}]},{"@type":"WebPage","@id":"https:\/\/kibrisdakik.com\/?p=47799","url":"https:\/\/kibrisdakik.com\/?p=47799","name":"\u0130\u00e7i\u015fleri Bakan\u0131 O\u011fuz hayvanc\u0131lar\u0131n arazi taleplerini dinledi -","isPartOf":{"@id":"https:\/\/kibrisdakik.com\/#website"},"primaryImageOfPage":{"@id":"https:\/\/kibrisdakik.com\/?p=47799#primaryimage"},"image":{"@id":"https:\/\/kibrisdakik.com\/?p=47799#primaryimage"},"thumbnailUrl":"https:\/\/kibrisdakik.com\/wp-content\/uploads\/2024\/06\/877-scaled-740x420.jpg","datePublished":"2024-06-28T20:50:49+00:00","author":{"@id":"https:\/\/kibrisdakik.com\/#\/schema\/person\/9cd9d437bbb44f72b73ba127e06d8e79"},"breadcrumb":{"@id":"https:\/\/kibrisdakik.com\/?p=47799#breadcrumb"},"inLanguage":"tr","potentialAction":[{"@type":"ReadAction","target":["https:\/\/kibrisdakik.com\/?p=47799"]}]},{"@type":"ImageObject","inLanguage":"tr","@id":"https:\/\/kibrisdakik.com\/?p=47799#primaryimage","url":"https:\/\/kibrisdakik.com\/wp-content\/uploads\/2024\/06\/877-scaled-740x420.jpg","contentUrl":"https:\/\/kibrisdakik.com\/wp-content\/uploads\/2024\/06\/877-scaled-740x420.jpg","width":2560,"height":1016},{"@type":"BreadcrumbList","@id":"https:\/\/kibrisdakik.com\/?p=47799#breadcrumb","itemListElement":[{"@type":"ListItem","position":1,"name":"Home","item":"https:\/\/kibrisdakik.com\/"},{"@type":"ListItem","position":2,"name":"\u0130\u00e7i\u015fleri Bakan\u0131 O\u011fuz hayvanc\u0131lar\u0131n arazi taleplerini dinledi"}]},{"@type":"WebSite","@id":"https:\/\/kibrisdakik.com\/#website","url":"https:\/\/kibrisdakik.com\/","name":"","description":"Tam vaktinde haber","potentialAction":[{"@type":"SearchAction","target":{"@type":"EntryPoint","urlTemplate":"https:\/\/kibrisdakik.com\/?s={search_term_string}"},"query-input":{"@type":"PropertyValueSpecification","valueRequired":true,"valueName":"search_term_string"}}],"inLanguage":"tr"},{"@type":"Person","@id":"https:\/\/kibrisdakik.com\/#\/schema\/person\/9cd9d437bbb44f72b73ba127e06d8e79","name":"admin","image":{"@type":"ImageObject","inLanguage":"tr","@id":"https:\/\/secure.gravatar.com\/avatar\/ccc17943b9d660506c869530f897617f7cb1c21a4bf30023f252596d83e1f007?s=96&d=mm&r=g","url":"https:\/\/secure.gravatar.com\/avatar\/ccc17943b9d660506c869530f897617f7cb1c21a4bf30023f252596d83e1f007?s=96&d=mm&r=g","contentUrl":"https:\/\/secure.gravatar.com\/avatar\/ccc17943b9d660506c869530f897617f7cb1c21a4bf30023f252596d83e1f007?s=96&d=mm&r=g","caption":"admin"},"sameAs":["https:\/\/kibrisdakik.com"],"url":"https:\/\/kibrisdakik.com\/?author=1"}]}},"_links":{"self":[{"href":"https:\/\/kibrisdakik.com\/index.php?rest_route=\/wp\/v2\/posts\/47799","targetHints":{"allow":["GET"]}}],"collection":[{"href":"https:\/\/kibrisdakik.com\/index.php?rest_route=\/wp\/v2\/posts"}],"about":[{"href":"https:\/\/kibrisdakik.com\/index.php?rest_route=\/wp\/v2\/types\/post"}],"author":[{"embeddable":true,"href":"https:\/\/kibrisdakik.com\/index.php?rest_route=\/wp\/v2\/users\/1"}],"replies":[{"embeddable":true,"href":"https:\/\/kibrisdakik.com\/index.php?rest_route=%2Fwp%2Fv2%2Fcomments&post=47799"}],"version-history":[{"count":0,"href":"https:\/\/kibrisdakik.com\/index.php?rest_route=\/wp\/v2\/posts\/47799\/revisions"}],"wp:featuredmedia":[{"embeddable":true,"href":"https:\/\/kibrisdakik.com\/index.php?rest_route=\/wp\/v2\/media\/47800"}],"wp:attachment":[{"href":"https:\/\/kibrisdakik.com\/index.php?rest_route=%2Fwp%2Fv2%2Fmedia&parent=47799"}],"wp:term":[{"taxonomy":"category","embeddable":true,"href":"https:\/\/kibrisdakik.com\/index.php?rest_route=%2Fwp%2Fv2%2Fcategories&post=47799"},{"taxonomy":"post_tag","embeddable":true,"href":"https:\/\/kibrisdakik.com\/index.php?rest_route=%2Fwp%2Fv2%2Ftags&post=47799"}],"curies":[{"name":"wp","href":"https:\/\/api.w.org\/{rel}","templated":true}]}}