{"id":47895,"date":"2024-06-29T14:14:47","date_gmt":"2024-06-29T14:14:47","guid":{"rendered":"https:\/\/kibrisdakik.com\/index.php\/2024\/06\/29\/degirmenlik-girne-ana-yolunda-ve-lefkosada-trafik-kazalari-bir-kisi-yaralandi\/"},"modified":"2024-06-29T14:14:47","modified_gmt":"2024-06-29T14:14:47","slug":"degirmenlik-girne-ana-yolunda-ve-lefkosada-trafik-kazalari-bir-kisi-yaralandi","status":"publish","type":"post","link":"https:\/\/kibrisdakik.com\/?p=47895","title":{"rendered":"De\u011firmenlik-Girne ana yolunda ve Lefko\u015fa\u2019da trafik kazalar\u0131; Bir ki\u015fi yaraland\u0131"},"content":{"rendered":"<p><\/p>\n<div>\n<div class=\"mariselle-image-container none\">\n                <img loading=\"lazy\" decoding=\"async\" width=\"561\" height=\"342\" class=\"lazy-image\" alt=\"\" sizes=\"auto, (max-width: 561px) 100vw, 561px\" src=\"https:\/\/brtk.net\/wp-content\/uploads\/2024\/06\/27\/kaza-son-5a524a3a11.jpg?ver=4d9ccdf756a24a80f9421a9f831d03bb\" srcset=\"https:\/\/brtk.net\/wp-content\/uploads\/2024\/06\/27\/kaza-son-5a524a3a11.jpg?ver=4d9ccdf756a24a80f9421a9f831d03bb 561w, https:\/\/brtk.net\/wp-content\/uploads\/2024\/06\/27\/kaza-son-5a524a3a11-300x183.jpg?ver=4d9ccdf756a24a80f9421a9f831d03bb 300w\"\/>                            <\/div>\n<p>De\u011firmenlik-Girne ana yolunda d\u00fcn meydana gelen kazada G\u00fcnay \u00d6ztav\u015fanl\u0131lar yaraland\u0131.<\/p>\n<p>Lefko\u015fa\u2019da \u015eehit Mustafa Ahmet Ruso Caddesi\u2019nde alkoll\u00fc oldu\u011fu belirlenen bir s\u00fcr\u00fcc\u00fcn\u00fcn yol a\u00e7t\u0131\u011f\u0131 kaza ise ucuz atlat\u0131ld\u0131, kazada yaralanan olmad\u0131.<\/p>\n<p>Polis bas\u0131n b\u00fcltenine g\u00f6re d\u00fcn sabah 08.45\u2019te, De\u011firmenlik-Girne ana yolunda, Bekzhan Smailov (E-23) y\u00f6netimindeki ZVF 726 plakal\u0131 salon ara\u00e7la Girne istikametine seyretti\u011fi s\u0131rada De\u011firmenlik kav\u015fa\u011f\u0131na geldi\u011finde dikkatsiz ve s\u00fcratli bir \u015fekilde \u00f6n\u00fcndeki arac\u0131 sa\u011f\u0131ndan ge\u00e7meye \u00e7al\u0131\u015ft\u0131\u011f\u0131 s\u0131rada, o esnada \u00f6n\u00fcnde ayn\u0131 istikamete do\u011fru seyreden ve sa\u011fa De\u011firmenlik istikametine do\u011fru d\u00f6n\u00fc\u015fe ge\u00e7en G\u00fcnay \u00d6ztav\u015fanl\u0131lar (K-56) y\u00f6netimindeki KB 683 plakal\u0131 salon arac\u0131n sa\u011f yan k\u0131sm\u0131na \u00e7arpt\u0131.<\/p>\n<p>Kaza sonucu yaralanan KB 683 plakal\u0131 ara\u00e7 s\u00fcr\u00fcc\u00fcs\u00fc G\u00fcnay \u00d6ztav\u015fanl\u0131lar Lefko\u015fa Dr. Burhan Nalbanto\u011flu Devlet Hastanesi\u2019ne kald\u0131r\u0131ld\u0131. Yaral\u0131n\u0131n muayenesinde, boyun, s\u0131rt ve omur kemiklerinde k\u0131r\u0131k oldu\u011fu belirlendi ve yap\u0131lan m\u00fcdahalenin ard\u0131ndan taburcu edildi.<\/p>\n<p>ZVF 726 plakal\u0131 ara\u00e7 s\u00fcr\u00fcc\u00fcs\u00fc Bekzhan Smailov ise tutukland\u0131.<\/p>\n<p><strong>-Alkoll\u00fc s\u00fcr\u00fcc\u00fc park halindeki araca \u00e7arpt\u0131<\/strong><\/p>\n<p>\u00d6te yandan d\u00fcn gece 22.15\u2019te Lefko\u015fa\u2019da \u015eht. Mustafa Ahmet Ruso Caddesi\u2019nde NC 833 plakal\u0131 arac\u0131yla seyreden ve 189 miligram alkoll\u00fc i\u00e7ki etkisi alt\u0131nda oldu\u011fu saptanan Mehmet Ceylan (E-56),\u00a0 Atom Market \u00f6nlerine geldi\u011finde dikkatsizli\u011fi sonucu direksiyon hakimiyetini kaybedip yolun solundan \u00e7\u0131karak yol kenar\u0131nda park halinde bulunan EY 018 plakal\u0131 araca \u00e7arpt\u0131.<\/p>\n<p>Kaza sonucu yaralanan olmad\u0131. NC<\/p>\n<p>833 plakal\u0131 salon ara\u00e7 s\u00fcr\u00fcc\u00fcs\u00fc Mehmet Ceylan tutukland\u0131.<\/p>\n<p>Polisin kazalarla ilgili soru\u015fturmas\u0131 s\u00fcr\u00fcyor.<\/p>\n<\/p><\/div>\n<p><script async\n                    defer\n                    crossorigin=\"anonymous\"\n                    src=\"https:\/\/connect.facebook.net\/tr_TR\/sdk.js#xfbml=1&#038;version=v3.3\"\n            ><\/script><\/p>\n","protected":false},"excerpt":{"rendered":"<p>De\u011firmenlik-Girne ana yolunda d\u00fcn meydana gelen kazada G\u00fcnay \u00d6ztav\u015fanl\u0131lar yaraland\u0131. Lefko\u015fa\u2019da \u015eehit Mustafa Ahmet Ruso Caddesi\u2019nde alkoll\u00fc oldu\u011fu belirlenen bir s\u00fcr\u00fcc\u00fcn\u00fcn yol a\u00e7t\u0131\u011f\u0131 kaza ise ucuz atlat\u0131ld\u0131, kazada yaralanan olmad\u0131. Polis bas\u0131n b\u00fcltenine g\u00f6re d\u00fcn sabah 08.45\u2019te, De\u011firmenlik-Girne ana yolunda, Bekzhan Smailov (E-23) y\u00f6netimindeki ZVF 726 plakal\u0131 salon ara\u00e7la Girne istikametine seyretti\u011fi s\u0131rada De\u011firmenlik kav\u015fa\u011f\u0131na<\/p>\n","protected":false},"author":1,"featured_media":47896,"comment_status":"open","ping_status":"open","sticky":false,"template":"","format":"standard","meta":{"footnotes":""},"categories":[1],"tags":[],"class_list":["post-47895","post","type-post","status-publish","format-standard","has-post-thumbnail","hentry","category-gundem"],"yoast_head":"<!-- This site is optimized with the Yoast SEO plugin v27.4 - https:\/\/yoast.com\/product\/yoast-seo-wordpress\/ -->\n<title>De\u011firmenlik-Girne ana yolunda ve Lefko\u015fa\u2019da trafik kazalar\u0131; Bir ki\u015fi yaraland\u0131 -<\/title>\n<meta name=\"robots\" content=\"index, follow, max-snippet:-1, max-image-preview:large, max-video-preview:-1\" \/>\n<link rel=\"canonical\" href=\"https:\/\/kibrisdakik.com\/?p=47895\" \/>\n<meta property=\"og:locale\" content=\"tr_TR\" \/>\n<meta property=\"og:type\" content=\"article\" \/>\n<meta property=\"og:title\" content=\"De\u011firmenlik-Girne ana yolunda ve Lefko\u015fa\u2019da trafik kazalar\u0131; Bir ki\u015fi yaraland\u0131 -\" \/>\n<meta property=\"og:description\" content=\"De\u011firmenlik-Girne ana yolunda d\u00fcn meydana gelen kazada G\u00fcnay \u00d6ztav\u015fanl\u0131lar yaraland\u0131. Lefko\u015fa\u2019da \u015eehit Mustafa Ahmet Ruso Caddesi\u2019nde alkoll\u00fc oldu\u011fu belirlenen bir s\u00fcr\u00fcc\u00fcn\u00fcn yol a\u00e7t\u0131\u011f\u0131 kaza ise ucuz atlat\u0131ld\u0131, kazada yaralanan olmad\u0131. Polis bas\u0131n b\u00fcltenine g\u00f6re d\u00fcn sabah 08.45\u2019te, De\u011firmenlik-Girne ana yolunda, Bekzhan Smailov (E-23) y\u00f6netimindeki ZVF 726 plakal\u0131 salon ara\u00e7la Girne istikametine seyretti\u011fi s\u0131rada De\u011firmenlik kav\u015fa\u011f\u0131na\" \/>\n<meta property=\"og:url\" content=\"https:\/\/kibrisdakik.com\/?p=47895\" \/>\n<meta property=\"article:published_time\" content=\"2024-06-29T14:14:47+00:00\" \/>\n<meta property=\"og:image\" content=\"https:\/\/kibrisdakik.com\/wp-content\/uploads\/2024\/06\/kaza-son-5a524a3a11.jpg\" \/>\n\t<meta property=\"og:image:width\" content=\"561\" \/>\n\t<meta property=\"og:image:height\" content=\"342\" \/>\n\t<meta property=\"og:image:type\" content=\"image\/jpeg\" \/>\n<meta name=\"author\" content=\"admin\" \/>\n<meta name=\"twitter:card\" content=\"summary_large_image\" \/>\n<meta name=\"twitter:label1\" content=\"Yazan:\" \/>\n\t<meta name=\"twitter:data1\" content=\"admin\" \/>\n\t<meta name=\"twitter:label2\" content=\"Tahmini okuma s\u00fcresi\" \/>\n\t<meta name=\"twitter:data2\" content=\"1 dakika\" \/>\n<script type=\"application\/ld+json\" class=\"yoast-schema-graph\">{\"@context\":\"https:\\\/\\\/schema.org\",\"@graph\":[{\"@type\":\"Article\",\"@id\":\"https:\\\/\\\/kibrisdakik.com\\\/?p=47895#article\",\"isPartOf\":{\"@id\":\"https:\\\/\\\/kibrisdakik.com\\\/?p=47895\"},\"author\":{\"name\":\"admin\",\"@id\":\"https:\\\/\\\/kibrisdakik.com\\\/#\\\/schema\\\/person\\\/9cd9d437bbb44f72b73ba127e06d8e79\"},\"headline\":\"De\u011firmenlik-Girne ana yolunda ve Lefko\u015fa\u2019da trafik kazalar\u0131; Bir ki\u015fi yaraland\u0131\",\"datePublished\":\"2024-06-29T14:14:47+00:00\",\"mainEntityOfPage\":{\"@id\":\"https:\\\/\\\/kibrisdakik.com\\\/?p=47895\"},\"wordCount\":307,\"commentCount\":0,\"image\":{\"@id\":\"https:\\\/\\\/kibrisdakik.com\\\/?p=47895#primaryimage\"},\"thumbnailUrl\":\"https:\\\/\\\/kibrisdakik.com\\\/wp-content\\\/uploads\\\/2024\\\/06\\\/kaza-son-5a524a3a11.jpg\",\"articleSection\":[\"G\u00fcndem\"],\"inLanguage\":\"tr\",\"potentialAction\":[{\"@type\":\"CommentAction\",\"name\":\"Comment\",\"target\":[\"https:\\\/\\\/kibrisdakik.com\\\/?p=47895#respond\"]}]},{\"@type\":\"WebPage\",\"@id\":\"https:\\\/\\\/kibrisdakik.com\\\/?p=47895\",\"url\":\"https:\\\/\\\/kibrisdakik.com\\\/?p=47895\",\"name\":\"De\u011firmenlik-Girne ana yolunda ve Lefko\u015fa\u2019da trafik kazalar\u0131; Bir ki\u015fi yaraland\u0131 -\",\"isPartOf\":{\"@id\":\"https:\\\/\\\/kibrisdakik.com\\\/#website\"},\"primaryImageOfPage\":{\"@id\":\"https:\\\/\\\/kibrisdakik.com\\\/?p=47895#primaryimage\"},\"image\":{\"@id\":\"https:\\\/\\\/kibrisdakik.com\\\/?p=47895#primaryimage\"},\"thumbnailUrl\":\"https:\\\/\\\/kibrisdakik.com\\\/wp-content\\\/uploads\\\/2024\\\/06\\\/kaza-son-5a524a3a11.jpg\",\"datePublished\":\"2024-06-29T14:14:47+00:00\",\"author\":{\"@id\":\"https:\\\/\\\/kibrisdakik.com\\\/#\\\/schema\\\/person\\\/9cd9d437bbb44f72b73ba127e06d8e79\"},\"breadcrumb\":{\"@id\":\"https:\\\/\\\/kibrisdakik.com\\\/?p=47895#breadcrumb\"},\"inLanguage\":\"tr\",\"potentialAction\":[{\"@type\":\"ReadAction\",\"target\":[\"https:\\\/\\\/kibrisdakik.com\\\/?p=47895\"]}]},{\"@type\":\"ImageObject\",\"inLanguage\":\"tr\",\"@id\":\"https:\\\/\\\/kibrisdakik.com\\\/?p=47895#primaryimage\",\"url\":\"https:\\\/\\\/kibrisdakik.com\\\/wp-content\\\/uploads\\\/2024\\\/06\\\/kaza-son-5a524a3a11.jpg\",\"contentUrl\":\"https:\\\/\\\/kibrisdakik.com\\\/wp-content\\\/uploads\\\/2024\\\/06\\\/kaza-son-5a524a3a11.jpg\",\"width\":561,\"height\":342},{\"@type\":\"BreadcrumbList\",\"@id\":\"https:\\\/\\\/kibrisdakik.com\\\/?p=47895#breadcrumb\",\"itemListElement\":[{\"@type\":\"ListItem\",\"position\":1,\"name\":\"Home\",\"item\":\"https:\\\/\\\/kibrisdakik.com\\\/\"},{\"@type\":\"ListItem\",\"position\":2,\"name\":\"De\u011firmenlik-Girne ana yolunda ve Lefko\u015fa\u2019da trafik kazalar\u0131; Bir ki\u015fi yaraland\u0131\"}]},{\"@type\":\"WebSite\",\"@id\":\"https:\\\/\\\/kibrisdakik.com\\\/#website\",\"url\":\"https:\\\/\\\/kibrisdakik.com\\\/\",\"name\":\"\",\"description\":\"Tam vaktinde haber\",\"potentialAction\":[{\"@type\":\"SearchAction\",\"target\":{\"@type\":\"EntryPoint\",\"urlTemplate\":\"https:\\\/\\\/kibrisdakik.com\\\/?s={search_term_string}\"},\"query-input\":{\"@type\":\"PropertyValueSpecification\",\"valueRequired\":true,\"valueName\":\"search_term_string\"}}],\"inLanguage\":\"tr\"},{\"@type\":\"Person\",\"@id\":\"https:\\\/\\\/kibrisdakik.com\\\/#\\\/schema\\\/person\\\/9cd9d437bbb44f72b73ba127e06d8e79\",\"name\":\"admin\",\"image\":{\"@type\":\"ImageObject\",\"inLanguage\":\"tr\",\"@id\":\"https:\\\/\\\/secure.gravatar.com\\\/avatar\\\/ccc17943b9d660506c869530f897617f7cb1c21a4bf30023f252596d83e1f007?s=96&d=mm&r=g\",\"url\":\"https:\\\/\\\/secure.gravatar.com\\\/avatar\\\/ccc17943b9d660506c869530f897617f7cb1c21a4bf30023f252596d83e1f007?s=96&d=mm&r=g\",\"contentUrl\":\"https:\\\/\\\/secure.gravatar.com\\\/avatar\\\/ccc17943b9d660506c869530f897617f7cb1c21a4bf30023f252596d83e1f007?s=96&d=mm&r=g\",\"caption\":\"admin\"},\"sameAs\":[\"https:\\\/\\\/kibrisdakik.com\"],\"url\":\"https:\\\/\\\/kibrisdakik.com\\\/?author=1\"}]}<\/script>\n<!-- \/ Yoast SEO plugin. -->","yoast_head_json":{"title":"De\u011firmenlik-Girne ana yolunda ve Lefko\u015fa\u2019da trafik kazalar\u0131; Bir ki\u015fi yaraland\u0131 -","robots":{"index":"index","follow":"follow","max-snippet":"max-snippet:-1","max-image-preview":"max-image-preview:large","max-video-preview":"max-video-preview:-1"},"canonical":"https:\/\/kibrisdakik.com\/?p=47895","og_locale":"tr_TR","og_type":"article","og_title":"De\u011firmenlik-Girne ana yolunda ve Lefko\u015fa\u2019da trafik kazalar\u0131; Bir ki\u015fi yaraland\u0131 -","og_description":"De\u011firmenlik-Girne ana yolunda d\u00fcn meydana gelen kazada G\u00fcnay \u00d6ztav\u015fanl\u0131lar yaraland\u0131. Lefko\u015fa\u2019da \u015eehit Mustafa Ahmet Ruso Caddesi\u2019nde alkoll\u00fc oldu\u011fu belirlenen bir s\u00fcr\u00fcc\u00fcn\u00fcn yol a\u00e7t\u0131\u011f\u0131 kaza ise ucuz atlat\u0131ld\u0131, kazada yaralanan olmad\u0131. Polis bas\u0131n b\u00fcltenine g\u00f6re d\u00fcn sabah 08.45\u2019te, De\u011firmenlik-Girne ana yolunda, Bekzhan Smailov (E-23) y\u00f6netimindeki ZVF 726 plakal\u0131 salon ara\u00e7la Girne istikametine seyretti\u011fi s\u0131rada De\u011firmenlik kav\u015fa\u011f\u0131na","og_url":"https:\/\/kibrisdakik.com\/?p=47895","article_published_time":"2024-06-29T14:14:47+00:00","og_image":[{"width":561,"height":342,"url":"https:\/\/kibrisdakik.com\/wp-content\/uploads\/2024\/06\/kaza-son-5a524a3a11.jpg","type":"image\/jpeg"}],"author":"admin","twitter_card":"summary_large_image","twitter_misc":{"Yazan:":"admin","Tahmini okuma s\u00fcresi":"1 dakika"},"schema":{"@context":"https:\/\/schema.org","@graph":[{"@type":"Article","@id":"https:\/\/kibrisdakik.com\/?p=47895#article","isPartOf":{"@id":"https:\/\/kibrisdakik.com\/?p=47895"},"author":{"name":"admin","@id":"https:\/\/kibrisdakik.com\/#\/schema\/person\/9cd9d437bbb44f72b73ba127e06d8e79"},"headline":"De\u011firmenlik-Girne ana yolunda ve Lefko\u015fa\u2019da trafik kazalar\u0131; Bir ki\u015fi yaraland\u0131","datePublished":"2024-06-29T14:14:47+00:00","mainEntityOfPage":{"@id":"https:\/\/kibrisdakik.com\/?p=47895"},"wordCount":307,"commentCount":0,"image":{"@id":"https:\/\/kibrisdakik.com\/?p=47895#primaryimage"},"thumbnailUrl":"https:\/\/kibrisdakik.com\/wp-content\/uploads\/2024\/06\/kaza-son-5a524a3a11.jpg","articleSection":["G\u00fcndem"],"inLanguage":"tr","potentialAction":[{"@type":"CommentAction","name":"Comment","target":["https:\/\/kibrisdakik.com\/?p=47895#respond"]}]},{"@type":"WebPage","@id":"https:\/\/kibrisdakik.com\/?p=47895","url":"https:\/\/kibrisdakik.com\/?p=47895","name":"De\u011firmenlik-Girne ana yolunda ve Lefko\u015fa\u2019da trafik kazalar\u0131; Bir ki\u015fi yaraland\u0131 -","isPartOf":{"@id":"https:\/\/kibrisdakik.com\/#website"},"primaryImageOfPage":{"@id":"https:\/\/kibrisdakik.com\/?p=47895#primaryimage"},"image":{"@id":"https:\/\/kibrisdakik.com\/?p=47895#primaryimage"},"thumbnailUrl":"https:\/\/kibrisdakik.com\/wp-content\/uploads\/2024\/06\/kaza-son-5a524a3a11.jpg","datePublished":"2024-06-29T14:14:47+00:00","author":{"@id":"https:\/\/kibrisdakik.com\/#\/schema\/person\/9cd9d437bbb44f72b73ba127e06d8e79"},"breadcrumb":{"@id":"https:\/\/kibrisdakik.com\/?p=47895#breadcrumb"},"inLanguage":"tr","potentialAction":[{"@type":"ReadAction","target":["https:\/\/kibrisdakik.com\/?p=47895"]}]},{"@type":"ImageObject","inLanguage":"tr","@id":"https:\/\/kibrisdakik.com\/?p=47895#primaryimage","url":"https:\/\/kibrisdakik.com\/wp-content\/uploads\/2024\/06\/kaza-son-5a524a3a11.jpg","contentUrl":"https:\/\/kibrisdakik.com\/wp-content\/uploads\/2024\/06\/kaza-son-5a524a3a11.jpg","width":561,"height":342},{"@type":"BreadcrumbList","@id":"https:\/\/kibrisdakik.com\/?p=47895#breadcrumb","itemListElement":[{"@type":"ListItem","position":1,"name":"Home","item":"https:\/\/kibrisdakik.com\/"},{"@type":"ListItem","position":2,"name":"De\u011firmenlik-Girne ana yolunda ve Lefko\u015fa\u2019da trafik kazalar\u0131; Bir ki\u015fi yaraland\u0131"}]},{"@type":"WebSite","@id":"https:\/\/kibrisdakik.com\/#website","url":"https:\/\/kibrisdakik.com\/","name":"","description":"Tam vaktinde haber","potentialAction":[{"@type":"SearchAction","target":{"@type":"EntryPoint","urlTemplate":"https:\/\/kibrisdakik.com\/?s={search_term_string}"},"query-input":{"@type":"PropertyValueSpecification","valueRequired":true,"valueName":"search_term_string"}}],"inLanguage":"tr"},{"@type":"Person","@id":"https:\/\/kibrisdakik.com\/#\/schema\/person\/9cd9d437bbb44f72b73ba127e06d8e79","name":"admin","image":{"@type":"ImageObject","inLanguage":"tr","@id":"https:\/\/secure.gravatar.com\/avatar\/ccc17943b9d660506c869530f897617f7cb1c21a4bf30023f252596d83e1f007?s=96&d=mm&r=g","url":"https:\/\/secure.gravatar.com\/avatar\/ccc17943b9d660506c869530f897617f7cb1c21a4bf30023f252596d83e1f007?s=96&d=mm&r=g","contentUrl":"https:\/\/secure.gravatar.com\/avatar\/ccc17943b9d660506c869530f897617f7cb1c21a4bf30023f252596d83e1f007?s=96&d=mm&r=g","caption":"admin"},"sameAs":["https:\/\/kibrisdakik.com"],"url":"https:\/\/kibrisdakik.com\/?author=1"}]}},"_links":{"self":[{"href":"https:\/\/kibrisdakik.com\/index.php?rest_route=\/wp\/v2\/posts\/47895","targetHints":{"allow":["GET"]}}],"collection":[{"href":"https:\/\/kibrisdakik.com\/index.php?rest_route=\/wp\/v2\/posts"}],"about":[{"href":"https:\/\/kibrisdakik.com\/index.php?rest_route=\/wp\/v2\/types\/post"}],"author":[{"embeddable":true,"href":"https:\/\/kibrisdakik.com\/index.php?rest_route=\/wp\/v2\/users\/1"}],"replies":[{"embeddable":true,"href":"https:\/\/kibrisdakik.com\/index.php?rest_route=%2Fwp%2Fv2%2Fcomments&post=47895"}],"version-history":[{"count":0,"href":"https:\/\/kibrisdakik.com\/index.php?rest_route=\/wp\/v2\/posts\/47895\/revisions"}],"wp:featuredmedia":[{"embeddable":true,"href":"https:\/\/kibrisdakik.com\/index.php?rest_route=\/wp\/v2\/media\/47896"}],"wp:attachment":[{"href":"https:\/\/kibrisdakik.com\/index.php?rest_route=%2Fwp%2Fv2%2Fmedia&parent=47895"}],"wp:term":[{"taxonomy":"category","embeddable":true,"href":"https:\/\/kibrisdakik.com\/index.php?rest_route=%2Fwp%2Fv2%2Fcategories&post=47895"},{"taxonomy":"post_tag","embeddable":true,"href":"https:\/\/kibrisdakik.com\/index.php?rest_route=%2Fwp%2Fv2%2Ftags&post=47895"}],"curies":[{"name":"wp","href":"https:\/\/api.w.org\/{rel}","templated":true}]}}