{"id":47901,"date":"2024-06-29T15:05:04","date_gmt":"2024-06-29T15:05:04","guid":{"rendered":"https:\/\/kibrisdakik.com\/index.php\/2024\/06\/29\/arap-birligi-hizbullahi-artik-teror-orgutu-olarak-siniflandirmiyoruz\/"},"modified":"2024-06-29T15:05:04","modified_gmt":"2024-06-29T15:05:04","slug":"arap-birligi-hizbullahi-artik-teror-orgutu-olarak-siniflandirmiyoruz","status":"publish","type":"post","link":"https:\/\/kibrisdakik.com\/?p=47901","title":{"rendered":"Arap Birli\u011fi: Hizbullah&#039;\u0131 art\u0131k ter\u00f6r \u00f6rg\u00fct\u00fc olarak s\u0131n\u0131fland\u0131rm\u0131yoruz"},"content":{"rendered":"<p><img decoding=\"async\" src=\"https:\/\/www.kibristurk.com\/images\/haberler\/2024\/06\/arap-birligi-hizbullahi-artik-teror-orgutu-olarak-siniflandirmiyoruz-1719668417.webp\" \/><\/p>\n<p>Genel Sekreter Yard\u0131mc\u0131s\u0131 Zeki, ger\u00e7ekle\u015ftirdi\u011fi Beyrut ziyareti sonras\u0131nda M\u0131s\u0131r&#8217;\u0131n El-Kahire El-\u0130hbariyye televizyonuna a\u00e7\u0131klamalarda bulundu.<\/p>\n<p>Arap Birli\u011fi&#8217;nin daha \u00f6nceki kararlar\u0131nda &#8220;Hizbullah&#8217;\u0131n ter\u00f6rist olarak tan\u0131mlanmas\u0131&#8221;na dikkati \u00e7eken Zeki, bu kararlara istinaden Hizbullah ile ileti\u015fimin kesildi\u011fini hat\u0131rlatt\u0131.<\/p>\n<p>&#8220;Arap Birli\u011fi&#8217;ne \u00fcye \u00fclkelerin Hizbullah&#8217;a ter\u00f6r \u00f6rg\u00fct\u00fc denmemesi konusunda&#8221; anla\u015ft\u0131\u011f\u0131n\u0131 aktaran Zeki, yeni karar\u0131n Arap Birli\u011fi ile Hizbullah&#8217;\u0131n ileti\u015fim kurmas\u0131n\u0131n \u00f6n\u00fcn\u00fc a\u00e7t\u0131\u011f\u0131n\u0131 belirtti.<\/p>\n<p>Zeki, &#8220;Arap Birli\u011fi&#8217;nin art\u0131k Hizbullah&#8217;\u0131 ter\u00f6r \u00f6rg\u00fct\u00fc olarak s\u0131n\u0131fland\u0131rmad\u0131\u011f\u0131n\u0131&#8221; kaydetti.<\/p>\n<p>K\u00f6rfez \u0130\u015fbirli\u011fi Konseyi&#8217;nin (K\u0130K) 2 Mart&#8217;ta ald\u0131\u011f\u0131 karar sonras\u0131nda Arap Birli\u011fi de 11 Mart 2016&#8217;da Hizbullah&#8217;\u0131 &#8220;ter\u00f6r \u00f6rg\u00fct\u00fc&#8221; olarak s\u0131n\u0131fland\u0131rm\u0131\u015f ve &#8220;a\u015f\u0131r\u0131l\u0131\u011f\u0131 ve mezhep\u00e7ili\u011fi yayd\u0131\u011f\u0131n\u0131&#8221; a\u00e7\u0131klam\u0131\u015ft\u0131.<\/p>\n<p>L\u00fcbnan bas\u0131n\u0131nda d\u00fcn yer alan haberlere g\u00f6re, Arap Birli\u011fi Genel Sekreter Yard\u0131mc\u0131s\u0131 Zeki, Beyrut&#8217;u ziyaretinde Hizbullah&#8217;a ba\u011fl\u0131 &#8220;Direni\u015fe Sadakat&#8221; blo\u011funun lideri milletvekili Muhammed Raad ile g\u00f6r\u00fc\u015ft\u00fc. G\u00f6r\u00fc\u015fme Arap Birli\u011fi ile Hizbullah aras\u0131nda 10 y\u0131l\u0131 a\u015fk\u0131n s\u00fcredir ger\u00e7ekle\u015fen ilk temas olarak kay\u0131tlara ge\u00e7ti.<\/p>\n","protected":false},"excerpt":{"rendered":"<p>Genel Sekreter Yard\u0131mc\u0131s\u0131 Zeki, ger\u00e7ekle\u015ftirdi\u011fi Beyrut ziyareti sonras\u0131nda M\u0131s\u0131r&#8217;\u0131n El-Kahire El-\u0130hbariyye televizyonuna a\u00e7\u0131klamalarda bulundu. Arap Birli\u011fi&#8217;nin daha \u00f6nceki kararlar\u0131nda &#8220;Hizbullah&#8217;\u0131n ter\u00f6rist olarak tan\u0131mlanmas\u0131&#8221;na dikkati \u00e7eken Zeki, bu kararlara istinaden Hizbullah ile ileti\u015fimin kesildi\u011fini hat\u0131rlatt\u0131. &#8220;Arap Birli\u011fi&#8217;ne \u00fcye \u00fclkelerin Hizbullah&#8217;a ter\u00f6r \u00f6rg\u00fct\u00fc denmemesi konusunda&#8221; anla\u015ft\u0131\u011f\u0131n\u0131 aktaran Zeki, yeni karar\u0131n Arap Birli\u011fi ile Hizbullah&#8217;\u0131n ileti\u015fim kurmas\u0131n\u0131n \u00f6n\u00fcn\u00fc<\/p>\n","protected":false},"author":1,"featured_media":47902,"comment_status":"open","ping_status":"open","sticky":false,"template":"","format":"standard","meta":{"footnotes":""},"categories":[79],"tags":[],"class_list":["post-47901","post","type-post","status-publish","format-standard","has-post-thumbnail","hentry","category-ekonomi"],"yoast_head":"<!-- This site is optimized with the Yoast SEO plugin v27.4 - https:\/\/yoast.com\/product\/yoast-seo-wordpress\/ -->\n<title>Arap Birli\u011fi: Hizbullah&#039;\u0131 art\u0131k ter\u00f6r \u00f6rg\u00fct\u00fc olarak s\u0131n\u0131fland\u0131rm\u0131yoruz -<\/title>\n<meta name=\"robots\" content=\"index, follow, max-snippet:-1, max-image-preview:large, max-video-preview:-1\" \/>\n<link rel=\"canonical\" href=\"https:\/\/kibrisdakik.com\/?p=47901\" \/>\n<meta property=\"og:locale\" content=\"tr_TR\" \/>\n<meta property=\"og:type\" content=\"article\" \/>\n<meta property=\"og:title\" content=\"Arap Birli\u011fi: Hizbullah&#039;\u0131 art\u0131k ter\u00f6r \u00f6rg\u00fct\u00fc olarak s\u0131n\u0131fland\u0131rm\u0131yoruz -\" \/>\n<meta property=\"og:description\" content=\"Genel Sekreter Yard\u0131mc\u0131s\u0131 Zeki, ger\u00e7ekle\u015ftirdi\u011fi Beyrut ziyareti sonras\u0131nda M\u0131s\u0131r&#8217;\u0131n El-Kahire El-\u0130hbariyye televizyonuna a\u00e7\u0131klamalarda bulundu. Arap Birli\u011fi&#8217;nin daha \u00f6nceki kararlar\u0131nda &#8220;Hizbullah&#8217;\u0131n ter\u00f6rist olarak tan\u0131mlanmas\u0131&#8221;na dikkati \u00e7eken Zeki, bu kararlara istinaden Hizbullah ile ileti\u015fimin kesildi\u011fini hat\u0131rlatt\u0131. &#8220;Arap Birli\u011fi&#8217;ne \u00fcye \u00fclkelerin Hizbullah&#8217;a ter\u00f6r \u00f6rg\u00fct\u00fc denmemesi konusunda&#8221; anla\u015ft\u0131\u011f\u0131n\u0131 aktaran Zeki, yeni karar\u0131n Arap Birli\u011fi ile Hizbullah&#8217;\u0131n ileti\u015fim kurmas\u0131n\u0131n \u00f6n\u00fcn\u00fc\" \/>\n<meta property=\"og:url\" content=\"https:\/\/kibrisdakik.com\/?p=47901\" \/>\n<meta property=\"article:published_time\" content=\"2024-06-29T15:05:04+00:00\" \/>\n<meta property=\"og:image\" content=\"https:\/\/kibrisdakik.com\/wp-content\/uploads\/2024\/06\/arap-birligi-hizbullahi-artik-teror-orgutu-olarak-siniflandirmiyoruz-1719668417.webp.webp\" \/>\n\t<meta property=\"og:image:width\" content=\"710\" \/>\n\t<meta property=\"og:image:height\" content=\"370\" \/>\n\t<meta property=\"og:image:type\" content=\"image\/webp\" \/>\n<meta name=\"author\" content=\"admin\" \/>\n<meta name=\"twitter:card\" content=\"summary_large_image\" \/>\n<meta name=\"twitter:label1\" content=\"Yazan:\" \/>\n\t<meta name=\"twitter:data1\" content=\"admin\" \/>\n\t<meta name=\"twitter:label2\" content=\"Tahmini okuma s\u00fcresi\" \/>\n\t<meta name=\"twitter:data2\" content=\"1 dakika\" \/>\n<script type=\"application\/ld+json\" class=\"yoast-schema-graph\">{\"@context\":\"https:\\\/\\\/schema.org\",\"@graph\":[{\"@type\":\"Article\",\"@id\":\"https:\\\/\\\/kibrisdakik.com\\\/?p=47901#article\",\"isPartOf\":{\"@id\":\"https:\\\/\\\/kibrisdakik.com\\\/?p=47901\"},\"author\":{\"name\":\"admin\",\"@id\":\"https:\\\/\\\/kibrisdakik.com\\\/#\\\/schema\\\/person\\\/9cd9d437bbb44f72b73ba127e06d8e79\"},\"headline\":\"Arap Birli\u011fi: Hizbullah&#039;\u0131 art\u0131k ter\u00f6r \u00f6rg\u00fct\u00fc olarak s\u0131n\u0131fland\u0131rm\u0131yoruz\",\"datePublished\":\"2024-06-29T15:05:04+00:00\",\"mainEntityOfPage\":{\"@id\":\"https:\\\/\\\/kibrisdakik.com\\\/?p=47901\"},\"wordCount\":232,\"commentCount\":0,\"image\":{\"@id\":\"https:\\\/\\\/kibrisdakik.com\\\/?p=47901#primaryimage\"},\"thumbnailUrl\":\"https:\\\/\\\/kibrisdakik.com\\\/wp-content\\\/uploads\\\/2024\\\/06\\\/arap-birligi-hizbullahi-artik-teror-orgutu-olarak-siniflandirmiyoruz-1719668417.webp.webp\",\"articleSection\":[\"Ekonomi\"],\"inLanguage\":\"tr\",\"potentialAction\":[{\"@type\":\"CommentAction\",\"name\":\"Comment\",\"target\":[\"https:\\\/\\\/kibrisdakik.com\\\/?p=47901#respond\"]}]},{\"@type\":\"WebPage\",\"@id\":\"https:\\\/\\\/kibrisdakik.com\\\/?p=47901\",\"url\":\"https:\\\/\\\/kibrisdakik.com\\\/?p=47901\",\"name\":\"Arap Birli\u011fi: Hizbullah&#039;\u0131 art\u0131k ter\u00f6r \u00f6rg\u00fct\u00fc olarak s\u0131n\u0131fland\u0131rm\u0131yoruz -\",\"isPartOf\":{\"@id\":\"https:\\\/\\\/kibrisdakik.com\\\/#website\"},\"primaryImageOfPage\":{\"@id\":\"https:\\\/\\\/kibrisdakik.com\\\/?p=47901#primaryimage\"},\"image\":{\"@id\":\"https:\\\/\\\/kibrisdakik.com\\\/?p=47901#primaryimage\"},\"thumbnailUrl\":\"https:\\\/\\\/kibrisdakik.com\\\/wp-content\\\/uploads\\\/2024\\\/06\\\/arap-birligi-hizbullahi-artik-teror-orgutu-olarak-siniflandirmiyoruz-1719668417.webp.webp\",\"datePublished\":\"2024-06-29T15:05:04+00:00\",\"author\":{\"@id\":\"https:\\\/\\\/kibrisdakik.com\\\/#\\\/schema\\\/person\\\/9cd9d437bbb44f72b73ba127e06d8e79\"},\"breadcrumb\":{\"@id\":\"https:\\\/\\\/kibrisdakik.com\\\/?p=47901#breadcrumb\"},\"inLanguage\":\"tr\",\"potentialAction\":[{\"@type\":\"ReadAction\",\"target\":[\"https:\\\/\\\/kibrisdakik.com\\\/?p=47901\"]}]},{\"@type\":\"ImageObject\",\"inLanguage\":\"tr\",\"@id\":\"https:\\\/\\\/kibrisdakik.com\\\/?p=47901#primaryimage\",\"url\":\"https:\\\/\\\/kibrisdakik.com\\\/wp-content\\\/uploads\\\/2024\\\/06\\\/arap-birligi-hizbullahi-artik-teror-orgutu-olarak-siniflandirmiyoruz-1719668417.webp.webp\",\"contentUrl\":\"https:\\\/\\\/kibrisdakik.com\\\/wp-content\\\/uploads\\\/2024\\\/06\\\/arap-birligi-hizbullahi-artik-teror-orgutu-olarak-siniflandirmiyoruz-1719668417.webp.webp\",\"width\":710,\"height\":370},{\"@type\":\"BreadcrumbList\",\"@id\":\"https:\\\/\\\/kibrisdakik.com\\\/?p=47901#breadcrumb\",\"itemListElement\":[{\"@type\":\"ListItem\",\"position\":1,\"name\":\"Home\",\"item\":\"https:\\\/\\\/kibrisdakik.com\\\/\"},{\"@type\":\"ListItem\",\"position\":2,\"name\":\"Arap Birli\u011fi: Hizbullah&#039;\u0131 art\u0131k ter\u00f6r \u00f6rg\u00fct\u00fc olarak s\u0131n\u0131fland\u0131rm\u0131yoruz\"}]},{\"@type\":\"WebSite\",\"@id\":\"https:\\\/\\\/kibrisdakik.com\\\/#website\",\"url\":\"https:\\\/\\\/kibrisdakik.com\\\/\",\"name\":\"\",\"description\":\"Tam vaktinde haber\",\"potentialAction\":[{\"@type\":\"SearchAction\",\"target\":{\"@type\":\"EntryPoint\",\"urlTemplate\":\"https:\\\/\\\/kibrisdakik.com\\\/?s={search_term_string}\"},\"query-input\":{\"@type\":\"PropertyValueSpecification\",\"valueRequired\":true,\"valueName\":\"search_term_string\"}}],\"inLanguage\":\"tr\"},{\"@type\":\"Person\",\"@id\":\"https:\\\/\\\/kibrisdakik.com\\\/#\\\/schema\\\/person\\\/9cd9d437bbb44f72b73ba127e06d8e79\",\"name\":\"admin\",\"image\":{\"@type\":\"ImageObject\",\"inLanguage\":\"tr\",\"@id\":\"https:\\\/\\\/secure.gravatar.com\\\/avatar\\\/ccc17943b9d660506c869530f897617f7cb1c21a4bf30023f252596d83e1f007?s=96&d=mm&r=g\",\"url\":\"https:\\\/\\\/secure.gravatar.com\\\/avatar\\\/ccc17943b9d660506c869530f897617f7cb1c21a4bf30023f252596d83e1f007?s=96&d=mm&r=g\",\"contentUrl\":\"https:\\\/\\\/secure.gravatar.com\\\/avatar\\\/ccc17943b9d660506c869530f897617f7cb1c21a4bf30023f252596d83e1f007?s=96&d=mm&r=g\",\"caption\":\"admin\"},\"sameAs\":[\"https:\\\/\\\/kibrisdakik.com\"],\"url\":\"https:\\\/\\\/kibrisdakik.com\\\/?author=1\"}]}<\/script>\n<!-- \/ Yoast SEO plugin. -->","yoast_head_json":{"title":"Arap Birli\u011fi: Hizbullah&#039;\u0131 art\u0131k ter\u00f6r \u00f6rg\u00fct\u00fc olarak s\u0131n\u0131fland\u0131rm\u0131yoruz -","robots":{"index":"index","follow":"follow","max-snippet":"max-snippet:-1","max-image-preview":"max-image-preview:large","max-video-preview":"max-video-preview:-1"},"canonical":"https:\/\/kibrisdakik.com\/?p=47901","og_locale":"tr_TR","og_type":"article","og_title":"Arap Birli\u011fi: Hizbullah&#039;\u0131 art\u0131k ter\u00f6r \u00f6rg\u00fct\u00fc olarak s\u0131n\u0131fland\u0131rm\u0131yoruz -","og_description":"Genel Sekreter Yard\u0131mc\u0131s\u0131 Zeki, ger\u00e7ekle\u015ftirdi\u011fi Beyrut ziyareti sonras\u0131nda M\u0131s\u0131r&#8217;\u0131n El-Kahire El-\u0130hbariyye televizyonuna a\u00e7\u0131klamalarda bulundu. Arap Birli\u011fi&#8217;nin daha \u00f6nceki kararlar\u0131nda &#8220;Hizbullah&#8217;\u0131n ter\u00f6rist olarak tan\u0131mlanmas\u0131&#8221;na dikkati \u00e7eken Zeki, bu kararlara istinaden Hizbullah ile ileti\u015fimin kesildi\u011fini hat\u0131rlatt\u0131. &#8220;Arap Birli\u011fi&#8217;ne \u00fcye \u00fclkelerin Hizbullah&#8217;a ter\u00f6r \u00f6rg\u00fct\u00fc denmemesi konusunda&#8221; anla\u015ft\u0131\u011f\u0131n\u0131 aktaran Zeki, yeni karar\u0131n Arap Birli\u011fi ile Hizbullah&#8217;\u0131n ileti\u015fim kurmas\u0131n\u0131n \u00f6n\u00fcn\u00fc","og_url":"https:\/\/kibrisdakik.com\/?p=47901","article_published_time":"2024-06-29T15:05:04+00:00","og_image":[{"width":710,"height":370,"url":"https:\/\/kibrisdakik.com\/wp-content\/uploads\/2024\/06\/arap-birligi-hizbullahi-artik-teror-orgutu-olarak-siniflandirmiyoruz-1719668417.webp.webp","type":"image\/webp"}],"author":"admin","twitter_card":"summary_large_image","twitter_misc":{"Yazan:":"admin","Tahmini okuma s\u00fcresi":"1 dakika"},"schema":{"@context":"https:\/\/schema.org","@graph":[{"@type":"Article","@id":"https:\/\/kibrisdakik.com\/?p=47901#article","isPartOf":{"@id":"https:\/\/kibrisdakik.com\/?p=47901"},"author":{"name":"admin","@id":"https:\/\/kibrisdakik.com\/#\/schema\/person\/9cd9d437bbb44f72b73ba127e06d8e79"},"headline":"Arap Birli\u011fi: Hizbullah&#039;\u0131 art\u0131k ter\u00f6r \u00f6rg\u00fct\u00fc olarak s\u0131n\u0131fland\u0131rm\u0131yoruz","datePublished":"2024-06-29T15:05:04+00:00","mainEntityOfPage":{"@id":"https:\/\/kibrisdakik.com\/?p=47901"},"wordCount":232,"commentCount":0,"image":{"@id":"https:\/\/kibrisdakik.com\/?p=47901#primaryimage"},"thumbnailUrl":"https:\/\/kibrisdakik.com\/wp-content\/uploads\/2024\/06\/arap-birligi-hizbullahi-artik-teror-orgutu-olarak-siniflandirmiyoruz-1719668417.webp.webp","articleSection":["Ekonomi"],"inLanguage":"tr","potentialAction":[{"@type":"CommentAction","name":"Comment","target":["https:\/\/kibrisdakik.com\/?p=47901#respond"]}]},{"@type":"WebPage","@id":"https:\/\/kibrisdakik.com\/?p=47901","url":"https:\/\/kibrisdakik.com\/?p=47901","name":"Arap Birli\u011fi: Hizbullah&#039;\u0131 art\u0131k ter\u00f6r \u00f6rg\u00fct\u00fc olarak s\u0131n\u0131fland\u0131rm\u0131yoruz -","isPartOf":{"@id":"https:\/\/kibrisdakik.com\/#website"},"primaryImageOfPage":{"@id":"https:\/\/kibrisdakik.com\/?p=47901#primaryimage"},"image":{"@id":"https:\/\/kibrisdakik.com\/?p=47901#primaryimage"},"thumbnailUrl":"https:\/\/kibrisdakik.com\/wp-content\/uploads\/2024\/06\/arap-birligi-hizbullahi-artik-teror-orgutu-olarak-siniflandirmiyoruz-1719668417.webp.webp","datePublished":"2024-06-29T15:05:04+00:00","author":{"@id":"https:\/\/kibrisdakik.com\/#\/schema\/person\/9cd9d437bbb44f72b73ba127e06d8e79"},"breadcrumb":{"@id":"https:\/\/kibrisdakik.com\/?p=47901#breadcrumb"},"inLanguage":"tr","potentialAction":[{"@type":"ReadAction","target":["https:\/\/kibrisdakik.com\/?p=47901"]}]},{"@type":"ImageObject","inLanguage":"tr","@id":"https:\/\/kibrisdakik.com\/?p=47901#primaryimage","url":"https:\/\/kibrisdakik.com\/wp-content\/uploads\/2024\/06\/arap-birligi-hizbullahi-artik-teror-orgutu-olarak-siniflandirmiyoruz-1719668417.webp.webp","contentUrl":"https:\/\/kibrisdakik.com\/wp-content\/uploads\/2024\/06\/arap-birligi-hizbullahi-artik-teror-orgutu-olarak-siniflandirmiyoruz-1719668417.webp.webp","width":710,"height":370},{"@type":"BreadcrumbList","@id":"https:\/\/kibrisdakik.com\/?p=47901#breadcrumb","itemListElement":[{"@type":"ListItem","position":1,"name":"Home","item":"https:\/\/kibrisdakik.com\/"},{"@type":"ListItem","position":2,"name":"Arap Birli\u011fi: Hizbullah&#039;\u0131 art\u0131k ter\u00f6r \u00f6rg\u00fct\u00fc olarak s\u0131n\u0131fland\u0131rm\u0131yoruz"}]},{"@type":"WebSite","@id":"https:\/\/kibrisdakik.com\/#website","url":"https:\/\/kibrisdakik.com\/","name":"","description":"Tam vaktinde haber","potentialAction":[{"@type":"SearchAction","target":{"@type":"EntryPoint","urlTemplate":"https:\/\/kibrisdakik.com\/?s={search_term_string}"},"query-input":{"@type":"PropertyValueSpecification","valueRequired":true,"valueName":"search_term_string"}}],"inLanguage":"tr"},{"@type":"Person","@id":"https:\/\/kibrisdakik.com\/#\/schema\/person\/9cd9d437bbb44f72b73ba127e06d8e79","name":"admin","image":{"@type":"ImageObject","inLanguage":"tr","@id":"https:\/\/secure.gravatar.com\/avatar\/ccc17943b9d660506c869530f897617f7cb1c21a4bf30023f252596d83e1f007?s=96&d=mm&r=g","url":"https:\/\/secure.gravatar.com\/avatar\/ccc17943b9d660506c869530f897617f7cb1c21a4bf30023f252596d83e1f007?s=96&d=mm&r=g","contentUrl":"https:\/\/secure.gravatar.com\/avatar\/ccc17943b9d660506c869530f897617f7cb1c21a4bf30023f252596d83e1f007?s=96&d=mm&r=g","caption":"admin"},"sameAs":["https:\/\/kibrisdakik.com"],"url":"https:\/\/kibrisdakik.com\/?author=1"}]}},"_links":{"self":[{"href":"https:\/\/kibrisdakik.com\/index.php?rest_route=\/wp\/v2\/posts\/47901","targetHints":{"allow":["GET"]}}],"collection":[{"href":"https:\/\/kibrisdakik.com\/index.php?rest_route=\/wp\/v2\/posts"}],"about":[{"href":"https:\/\/kibrisdakik.com\/index.php?rest_route=\/wp\/v2\/types\/post"}],"author":[{"embeddable":true,"href":"https:\/\/kibrisdakik.com\/index.php?rest_route=\/wp\/v2\/users\/1"}],"replies":[{"embeddable":true,"href":"https:\/\/kibrisdakik.com\/index.php?rest_route=%2Fwp%2Fv2%2Fcomments&post=47901"}],"version-history":[{"count":0,"href":"https:\/\/kibrisdakik.com\/index.php?rest_route=\/wp\/v2\/posts\/47901\/revisions"}],"wp:featuredmedia":[{"embeddable":true,"href":"https:\/\/kibrisdakik.com\/index.php?rest_route=\/wp\/v2\/media\/47902"}],"wp:attachment":[{"href":"https:\/\/kibrisdakik.com\/index.php?rest_route=%2Fwp%2Fv2%2Fmedia&parent=47901"}],"wp:term":[{"taxonomy":"category","embeddable":true,"href":"https:\/\/kibrisdakik.com\/index.php?rest_route=%2Fwp%2Fv2%2Fcategories&post=47901"},{"taxonomy":"post_tag","embeddable":true,"href":"https:\/\/kibrisdakik.com\/index.php?rest_route=%2Fwp%2Fv2%2Ftags&post=47901"}],"curies":[{"name":"wp","href":"https:\/\/api.w.org\/{rel}","templated":true}]}}