{"id":4791,"date":"2023-04-08T17:23:02","date_gmt":"2023-04-08T17:23:02","guid":{"rendered":"https:\/\/kibrisdakik.com\/index.php\/2023\/04\/08\/girnede-muhtar-sayisi-artirildi\/"},"modified":"2023-04-08T17:23:02","modified_gmt":"2023-04-08T17:23:02","slug":"girnede-muhtar-sayisi-artirildi","status":"publish","type":"post","link":"https:\/\/kibrisdakik.com\/?p=4791","title":{"rendered":"Girne\u2019de muhtar say\u0131s\u0131 art\u0131r\u0131ld\u0131"},"content":{"rendered":"<p><\/p>\n<div>\n<p>Girne merkezde artan yap\u0131la\u015fma ve n\u00fcfusla birlikte, vatanda\u015flar\u0131n muhtarl\u0131k ald\u0131\u011f\u0131 hizmetlere s\u0131k\u0131nt\u0131 ya\u015fanmas\u0131na neden oluyordu&#8230;<br \/>Bundan yola \u00e7\u0131kan Girne Kaymakaml\u0131\u011f\u0131 ve Girne Belediyesi, Girne merkezde 2 olan muhtarl\u0131k say\u0131s\u0131n\u0131 son se\u00e7imle birlikte 4&#8217;e \u00e7\u0131kard\u0131 ve vatanda\u015f\u0131n ,hizmet almas\u0131n\u0131 kolayla\u015ft\u0131rd\u0131<\/p>\n<p>Yeni d\u00fczenlemeyle, yap\u0131la\u015fma ve geli\u015fmeye kapal\u0131 bir b\u00f6lge olan A\u015fa\u011f\u0131 Girne Muhtarl\u0131\u011f\u0131 tek bir muhtarl\u0131k olarak b\u0131rak\u0131l\u0131rken, kentin her ge\u00e7en g\u00fcn artan yap\u0131la\u015fma n\u00fcfusun oldu\u011fu Yukar\u0131 Girne Muhtarl\u0131\u011f\u0131, Eski T\u00fcrk Mahallesi Muhtarl\u0131\u011f\u0131, De\u011firmenta\u015f\u0131 Muhtarl\u0131\u011f\u0131 ve \u00c7iftlikler Mahallesi muhtarl\u0131\u011f\u0131 olmak \u00fczere 3\u2019e ayr\u0131ld\u0131.<\/p>\n<p>Girne Kaymakam\u0131 Sinan G\u00fcne\u015f <a href=\"https:\/\/brtk.net\/\">BRT<\/a>\u2019ye yeni d\u00fczenlemeye ili\u015fkin bilgi verdi&#8230;<\/p>\n<p>Girne Belediyesi Bay\u0131nd\u0131rl\u0131k B\u00f6l\u00fcm\u00fc Maks Sorumlusu Y\u00fcksek Mimar Ay\u015fe Baysal da konuyla ilgili \u00e7al\u0131\u015fmaya, kaymakaml\u0131\u011f\u0131n talebiyle 2020 y\u0131l\u0131nda ba\u015flad\u0131klar\u0131n\u0131 anlatt\u0131.<\/p>\n<p>Ay\u015fe Baysal \u00e7al\u0131\u015fman\u0131n teknik detaylar\u0131 hakk\u0131nda da bilgi verdi&#8230;<\/p>\n<p>Yeni olu\u015ftrulan Eski T\u00fcrk Mahallesi Muhtarl\u0131\u011f\u0131na se\u00e7ilen Tu\u011f\u00e7e \u00d6ren, muhtarl\u0131klar\u0131n artmas\u0131n\u0131n, hizmetleri rahatlatt\u0131\u011f\u0131n\u0131 belirterek,g\u00f6reve gelmesiyle b\u00f6lgede, vatanda\u015f\u0131n daha rahat hizmet alas\u0131 i\u00e7in belediye ve yard\u0131mseverlerin katk\u0131lar\u0131yla , muhtarl\u0131k binas\u0131 in\u015fa etmeye ba\u015flad\u0131klar\u0131n\u0131 anlatt\u0131.<\/p>\n<p>Girne Merkez\u2019deki ilk kad\u0131n muhtar olan, \u00c7iftlikler Mahallesi Muhtar\u0131 Bet\u00fcl Bedel ise vatanda\u015flar\u0131n uygulamadan memnun oldu\u011funu dile getirdi.<\/p>\n<p>A\u015fa\u011f\u0131 Girne Muhtar\u0131 Salih Oday da 2020 y\u0131l\u0131ndan beri bu g\u00f6revi y\u00fcr\u00fct\u00fcyor&#8230; \u00d6zellikle yabanc\u0131 n\u00fcfustaki art\u0131\u015f nedeniyle , hizmetlerde zorland\u0131klar\u0131n\u0131 dile getiren Oday, muhtarl\u0131klar\u0131n artt\u0131r\u0131lmas\u0131n\u0131n bir rahatlama yaratt\u0131\u011f\u0131n\u0131 belirtti.<\/p>\n<p>Vatanda\u015flar da, muhtarl\u0131k say\u0131s\u0131n\u0131n artmas\u0131n\u0131n daha kolay ve ak\u0131c\u0131 bir \u015fekilde hizmet almalar\u0131n\u0131 sa\u011flad\u0131\u011f\u0131n\u0131 dile getirdi .<\/p>\n<p><a href=\"https:\/\/brtk.net\/\">BRT<\/a><\/p>\n<\/p><\/div>\n<p><script async\n                    defer\n                    crossorigin=\"anonymous\"\n                    src=\"https:\/\/connect.facebook.net\/tr_TR\/sdk.js#xfbml=1&#038;version=v3.3\"\n            ><\/script><\/p>\n","protected":false},"excerpt":{"rendered":"<p>Girne merkezde artan yap\u0131la\u015fma ve n\u00fcfusla birlikte, vatanda\u015flar\u0131n muhtarl\u0131k ald\u0131\u011f\u0131 hizmetlere s\u0131k\u0131nt\u0131 ya\u015fanmas\u0131na neden oluyordu&#8230;Bundan yola \u00e7\u0131kan Girne Kaymakaml\u0131\u011f\u0131 ve Girne Belediyesi, Girne merkezde 2 olan muhtarl\u0131k say\u0131s\u0131n\u0131 son se\u00e7imle birlikte 4&#8217;e \u00e7\u0131kard\u0131 ve vatanda\u015f\u0131n ,hizmet almas\u0131n\u0131 kolayla\u015ft\u0131rd\u0131 Yeni d\u00fczenlemeyle, yap\u0131la\u015fma ve geli\u015fmeye kapal\u0131 bir b\u00f6lge olan A\u015fa\u011f\u0131 Girne Muhtarl\u0131\u011f\u0131 tek bir muhtarl\u0131k olarak b\u0131rak\u0131l\u0131rken,<\/p>\n","protected":false},"author":1,"featured_media":4792,"comment_status":"open","ping_status":"open","sticky":false,"template":"","format":"standard","meta":{"footnotes":""},"categories":[1],"tags":[],"class_list":["post-4791","post","type-post","status-publish","format-standard","has-post-thumbnail","hentry","category-gundem"],"yoast_head":"<!-- This site is optimized with the Yoast SEO plugin v27.5 - https:\/\/yoast.com\/product\/yoast-seo-wordpress\/ -->\n<title>Girne\u2019de muhtar say\u0131s\u0131 art\u0131r\u0131ld\u0131 -<\/title>\n<meta name=\"robots\" content=\"index, follow, max-snippet:-1, max-image-preview:large, max-video-preview:-1\" \/>\n<link rel=\"canonical\" href=\"https:\/\/kibrisdakik.com\/?p=4791\" \/>\n<meta property=\"og:locale\" content=\"tr_TR\" \/>\n<meta property=\"og:type\" content=\"article\" \/>\n<meta property=\"og:title\" content=\"Girne\u2019de muhtar say\u0131s\u0131 art\u0131r\u0131ld\u0131 -\" \/>\n<meta property=\"og:description\" content=\"Girne merkezde artan yap\u0131la\u015fma ve n\u00fcfusla birlikte, vatanda\u015flar\u0131n muhtarl\u0131k ald\u0131\u011f\u0131 hizmetlere s\u0131k\u0131nt\u0131 ya\u015fanmas\u0131na neden oluyordu&#8230;Bundan yola \u00e7\u0131kan Girne Kaymakaml\u0131\u011f\u0131 ve Girne Belediyesi, Girne merkezde 2 olan muhtarl\u0131k say\u0131s\u0131n\u0131 son se\u00e7imle birlikte 4&#8217;e \u00e7\u0131kard\u0131 ve vatanda\u015f\u0131n ,hizmet almas\u0131n\u0131 kolayla\u015ft\u0131rd\u0131 Yeni d\u00fczenlemeyle, yap\u0131la\u015fma ve geli\u015fmeye kapal\u0131 bir b\u00f6lge olan A\u015fa\u011f\u0131 Girne Muhtarl\u0131\u011f\u0131 tek bir muhtarl\u0131k olarak b\u0131rak\u0131l\u0131rken,\" \/>\n<meta property=\"og:url\" content=\"https:\/\/kibrisdakik.com\/?p=4791\" \/>\n<meta property=\"article:published_time\" content=\"2023-04-08T17:23:02+00:00\" \/>\n<meta property=\"og:image\" content=\"https:\/\/kibrisdakik.com\/wp-content\/uploads\/2023\/04\/wjehrkwejhrkwjehrwk-740x420.jpg\" \/>\n\t<meta property=\"og:image:width\" content=\"1225\" \/>\n\t<meta property=\"og:image:height\" content=\"579\" \/>\n\t<meta property=\"og:image:type\" content=\"image\/jpeg\" \/>\n<meta name=\"author\" content=\"admin\" \/>\n<meta name=\"twitter:card\" content=\"summary_large_image\" \/>\n<meta name=\"twitter:label1\" content=\"Yazan:\" \/>\n\t<meta name=\"twitter:data1\" content=\"admin\" \/>\n\t<meta name=\"twitter:label2\" content=\"Tahmini okuma s\u00fcresi\" \/>\n\t<meta name=\"twitter:data2\" content=\"2 dakika\" \/>\n<script type=\"application\/ld+json\" class=\"yoast-schema-graph\">{\"@context\":\"https:\\\/\\\/schema.org\",\"@graph\":[{\"@type\":\"Article\",\"@id\":\"https:\\\/\\\/kibrisdakik.com\\\/?p=4791#article\",\"isPartOf\":{\"@id\":\"https:\\\/\\\/kibrisdakik.com\\\/?p=4791\"},\"author\":{\"name\":\"admin\",\"@id\":\"https:\\\/\\\/kibrisdakik.com\\\/#\\\/schema\\\/person\\\/9cd9d437bbb44f72b73ba127e06d8e79\"},\"headline\":\"Girne\u2019de muhtar say\u0131s\u0131 art\u0131r\u0131ld\u0131\",\"datePublished\":\"2023-04-08T17:23:02+00:00\",\"mainEntityOfPage\":{\"@id\":\"https:\\\/\\\/kibrisdakik.com\\\/?p=4791\"},\"wordCount\":336,\"commentCount\":0,\"image\":{\"@id\":\"https:\\\/\\\/kibrisdakik.com\\\/?p=4791#primaryimage\"},\"thumbnailUrl\":\"https:\\\/\\\/kibrisdakik.com\\\/wp-content\\\/uploads\\\/2023\\\/04\\\/wjehrkwejhrkwjehrwk-740x420.jpg\",\"articleSection\":[\"G\u00fcndem\"],\"inLanguage\":\"tr\",\"potentialAction\":[{\"@type\":\"CommentAction\",\"name\":\"Comment\",\"target\":[\"https:\\\/\\\/kibrisdakik.com\\\/?p=4791#respond\"]}]},{\"@type\":\"WebPage\",\"@id\":\"https:\\\/\\\/kibrisdakik.com\\\/?p=4791\",\"url\":\"https:\\\/\\\/kibrisdakik.com\\\/?p=4791\",\"name\":\"Girne\u2019de muhtar say\u0131s\u0131 art\u0131r\u0131ld\u0131 -\",\"isPartOf\":{\"@id\":\"https:\\\/\\\/kibrisdakik.com\\\/#website\"},\"primaryImageOfPage\":{\"@id\":\"https:\\\/\\\/kibrisdakik.com\\\/?p=4791#primaryimage\"},\"image\":{\"@id\":\"https:\\\/\\\/kibrisdakik.com\\\/?p=4791#primaryimage\"},\"thumbnailUrl\":\"https:\\\/\\\/kibrisdakik.com\\\/wp-content\\\/uploads\\\/2023\\\/04\\\/wjehrkwejhrkwjehrwk-740x420.jpg\",\"datePublished\":\"2023-04-08T17:23:02+00:00\",\"author\":{\"@id\":\"https:\\\/\\\/kibrisdakik.com\\\/#\\\/schema\\\/person\\\/9cd9d437bbb44f72b73ba127e06d8e79\"},\"breadcrumb\":{\"@id\":\"https:\\\/\\\/kibrisdakik.com\\\/?p=4791#breadcrumb\"},\"inLanguage\":\"tr\",\"potentialAction\":[{\"@type\":\"ReadAction\",\"target\":[\"https:\\\/\\\/kibrisdakik.com\\\/?p=4791\"]}]},{\"@type\":\"ImageObject\",\"inLanguage\":\"tr\",\"@id\":\"https:\\\/\\\/kibrisdakik.com\\\/?p=4791#primaryimage\",\"url\":\"https:\\\/\\\/kibrisdakik.com\\\/wp-content\\\/uploads\\\/2023\\\/04\\\/wjehrkwejhrkwjehrwk-740x420.jpg\",\"contentUrl\":\"https:\\\/\\\/kibrisdakik.com\\\/wp-content\\\/uploads\\\/2023\\\/04\\\/wjehrkwejhrkwjehrwk-740x420.jpg\",\"width\":1225,\"height\":579},{\"@type\":\"BreadcrumbList\",\"@id\":\"https:\\\/\\\/kibrisdakik.com\\\/?p=4791#breadcrumb\",\"itemListElement\":[{\"@type\":\"ListItem\",\"position\":1,\"name\":\"Home\",\"item\":\"https:\\\/\\\/kibrisdakik.com\\\/\"},{\"@type\":\"ListItem\",\"position\":2,\"name\":\"Girne\u2019de muhtar say\u0131s\u0131 art\u0131r\u0131ld\u0131\"}]},{\"@type\":\"WebSite\",\"@id\":\"https:\\\/\\\/kibrisdakik.com\\\/#website\",\"url\":\"https:\\\/\\\/kibrisdakik.com\\\/\",\"name\":\"\",\"description\":\"Tam vaktinde haber\",\"potentialAction\":[{\"@type\":\"SearchAction\",\"target\":{\"@type\":\"EntryPoint\",\"urlTemplate\":\"https:\\\/\\\/kibrisdakik.com\\\/?s={search_term_string}\"},\"query-input\":{\"@type\":\"PropertyValueSpecification\",\"valueRequired\":true,\"valueName\":\"search_term_string\"}}],\"inLanguage\":\"tr\"},{\"@type\":\"Person\",\"@id\":\"https:\\\/\\\/kibrisdakik.com\\\/#\\\/schema\\\/person\\\/9cd9d437bbb44f72b73ba127e06d8e79\",\"name\":\"admin\",\"image\":{\"@type\":\"ImageObject\",\"inLanguage\":\"tr\",\"@id\":\"https:\\\/\\\/secure.gravatar.com\\\/avatar\\\/ccc17943b9d660506c869530f897617f7cb1c21a4bf30023f252596d83e1f007?s=96&d=mm&r=g\",\"url\":\"https:\\\/\\\/secure.gravatar.com\\\/avatar\\\/ccc17943b9d660506c869530f897617f7cb1c21a4bf30023f252596d83e1f007?s=96&d=mm&r=g\",\"contentUrl\":\"https:\\\/\\\/secure.gravatar.com\\\/avatar\\\/ccc17943b9d660506c869530f897617f7cb1c21a4bf30023f252596d83e1f007?s=96&d=mm&r=g\",\"caption\":\"admin\"},\"sameAs\":[\"https:\\\/\\\/kibrisdakik.com\"],\"url\":\"https:\\\/\\\/kibrisdakik.com\\\/?author=1\"}]}<\/script>\n<!-- \/ Yoast SEO plugin. -->","yoast_head_json":{"title":"Girne\u2019de muhtar say\u0131s\u0131 art\u0131r\u0131ld\u0131 -","robots":{"index":"index","follow":"follow","max-snippet":"max-snippet:-1","max-image-preview":"max-image-preview:large","max-video-preview":"max-video-preview:-1"},"canonical":"https:\/\/kibrisdakik.com\/?p=4791","og_locale":"tr_TR","og_type":"article","og_title":"Girne\u2019de muhtar say\u0131s\u0131 art\u0131r\u0131ld\u0131 -","og_description":"Girne merkezde artan yap\u0131la\u015fma ve n\u00fcfusla birlikte, vatanda\u015flar\u0131n muhtarl\u0131k ald\u0131\u011f\u0131 hizmetlere s\u0131k\u0131nt\u0131 ya\u015fanmas\u0131na neden oluyordu&#8230;Bundan yola \u00e7\u0131kan Girne Kaymakaml\u0131\u011f\u0131 ve Girne Belediyesi, Girne merkezde 2 olan muhtarl\u0131k say\u0131s\u0131n\u0131 son se\u00e7imle birlikte 4&#8217;e \u00e7\u0131kard\u0131 ve vatanda\u015f\u0131n ,hizmet almas\u0131n\u0131 kolayla\u015ft\u0131rd\u0131 Yeni d\u00fczenlemeyle, yap\u0131la\u015fma ve geli\u015fmeye kapal\u0131 bir b\u00f6lge olan A\u015fa\u011f\u0131 Girne Muhtarl\u0131\u011f\u0131 tek bir muhtarl\u0131k olarak b\u0131rak\u0131l\u0131rken,","og_url":"https:\/\/kibrisdakik.com\/?p=4791","article_published_time":"2023-04-08T17:23:02+00:00","og_image":[{"width":1225,"height":579,"url":"https:\/\/kibrisdakik.com\/wp-content\/uploads\/2023\/04\/wjehrkwejhrkwjehrwk-740x420.jpg","type":"image\/jpeg"}],"author":"admin","twitter_card":"summary_large_image","twitter_misc":{"Yazan:":"admin","Tahmini okuma s\u00fcresi":"2 dakika"},"schema":{"@context":"https:\/\/schema.org","@graph":[{"@type":"Article","@id":"https:\/\/kibrisdakik.com\/?p=4791#article","isPartOf":{"@id":"https:\/\/kibrisdakik.com\/?p=4791"},"author":{"name":"admin","@id":"https:\/\/kibrisdakik.com\/#\/schema\/person\/9cd9d437bbb44f72b73ba127e06d8e79"},"headline":"Girne\u2019de muhtar say\u0131s\u0131 art\u0131r\u0131ld\u0131","datePublished":"2023-04-08T17:23:02+00:00","mainEntityOfPage":{"@id":"https:\/\/kibrisdakik.com\/?p=4791"},"wordCount":336,"commentCount":0,"image":{"@id":"https:\/\/kibrisdakik.com\/?p=4791#primaryimage"},"thumbnailUrl":"https:\/\/kibrisdakik.com\/wp-content\/uploads\/2023\/04\/wjehrkwejhrkwjehrwk-740x420.jpg","articleSection":["G\u00fcndem"],"inLanguage":"tr","potentialAction":[{"@type":"CommentAction","name":"Comment","target":["https:\/\/kibrisdakik.com\/?p=4791#respond"]}]},{"@type":"WebPage","@id":"https:\/\/kibrisdakik.com\/?p=4791","url":"https:\/\/kibrisdakik.com\/?p=4791","name":"Girne\u2019de muhtar say\u0131s\u0131 art\u0131r\u0131ld\u0131 -","isPartOf":{"@id":"https:\/\/kibrisdakik.com\/#website"},"primaryImageOfPage":{"@id":"https:\/\/kibrisdakik.com\/?p=4791#primaryimage"},"image":{"@id":"https:\/\/kibrisdakik.com\/?p=4791#primaryimage"},"thumbnailUrl":"https:\/\/kibrisdakik.com\/wp-content\/uploads\/2023\/04\/wjehrkwejhrkwjehrwk-740x420.jpg","datePublished":"2023-04-08T17:23:02+00:00","author":{"@id":"https:\/\/kibrisdakik.com\/#\/schema\/person\/9cd9d437bbb44f72b73ba127e06d8e79"},"breadcrumb":{"@id":"https:\/\/kibrisdakik.com\/?p=4791#breadcrumb"},"inLanguage":"tr","potentialAction":[{"@type":"ReadAction","target":["https:\/\/kibrisdakik.com\/?p=4791"]}]},{"@type":"ImageObject","inLanguage":"tr","@id":"https:\/\/kibrisdakik.com\/?p=4791#primaryimage","url":"https:\/\/kibrisdakik.com\/wp-content\/uploads\/2023\/04\/wjehrkwejhrkwjehrwk-740x420.jpg","contentUrl":"https:\/\/kibrisdakik.com\/wp-content\/uploads\/2023\/04\/wjehrkwejhrkwjehrwk-740x420.jpg","width":1225,"height":579},{"@type":"BreadcrumbList","@id":"https:\/\/kibrisdakik.com\/?p=4791#breadcrumb","itemListElement":[{"@type":"ListItem","position":1,"name":"Home","item":"https:\/\/kibrisdakik.com\/"},{"@type":"ListItem","position":2,"name":"Girne\u2019de muhtar say\u0131s\u0131 art\u0131r\u0131ld\u0131"}]},{"@type":"WebSite","@id":"https:\/\/kibrisdakik.com\/#website","url":"https:\/\/kibrisdakik.com\/","name":"","description":"Tam vaktinde haber","potentialAction":[{"@type":"SearchAction","target":{"@type":"EntryPoint","urlTemplate":"https:\/\/kibrisdakik.com\/?s={search_term_string}"},"query-input":{"@type":"PropertyValueSpecification","valueRequired":true,"valueName":"search_term_string"}}],"inLanguage":"tr"},{"@type":"Person","@id":"https:\/\/kibrisdakik.com\/#\/schema\/person\/9cd9d437bbb44f72b73ba127e06d8e79","name":"admin","image":{"@type":"ImageObject","inLanguage":"tr","@id":"https:\/\/secure.gravatar.com\/avatar\/ccc17943b9d660506c869530f897617f7cb1c21a4bf30023f252596d83e1f007?s=96&d=mm&r=g","url":"https:\/\/secure.gravatar.com\/avatar\/ccc17943b9d660506c869530f897617f7cb1c21a4bf30023f252596d83e1f007?s=96&d=mm&r=g","contentUrl":"https:\/\/secure.gravatar.com\/avatar\/ccc17943b9d660506c869530f897617f7cb1c21a4bf30023f252596d83e1f007?s=96&d=mm&r=g","caption":"admin"},"sameAs":["https:\/\/kibrisdakik.com"],"url":"https:\/\/kibrisdakik.com\/?author=1"}]}},"_links":{"self":[{"href":"https:\/\/kibrisdakik.com\/index.php?rest_route=\/wp\/v2\/posts\/4791","targetHints":{"allow":["GET"]}}],"collection":[{"href":"https:\/\/kibrisdakik.com\/index.php?rest_route=\/wp\/v2\/posts"}],"about":[{"href":"https:\/\/kibrisdakik.com\/index.php?rest_route=\/wp\/v2\/types\/post"}],"author":[{"embeddable":true,"href":"https:\/\/kibrisdakik.com\/index.php?rest_route=\/wp\/v2\/users\/1"}],"replies":[{"embeddable":true,"href":"https:\/\/kibrisdakik.com\/index.php?rest_route=%2Fwp%2Fv2%2Fcomments&post=4791"}],"version-history":[{"count":0,"href":"https:\/\/kibrisdakik.com\/index.php?rest_route=\/wp\/v2\/posts\/4791\/revisions"}],"wp:featuredmedia":[{"embeddable":true,"href":"https:\/\/kibrisdakik.com\/index.php?rest_route=\/wp\/v2\/media\/4792"}],"wp:attachment":[{"href":"https:\/\/kibrisdakik.com\/index.php?rest_route=%2Fwp%2Fv2%2Fmedia&parent=4791"}],"wp:term":[{"taxonomy":"category","embeddable":true,"href":"https:\/\/kibrisdakik.com\/index.php?rest_route=%2Fwp%2Fv2%2Fcategories&post=4791"},{"taxonomy":"post_tag","embeddable":true,"href":"https:\/\/kibrisdakik.com\/index.php?rest_route=%2Fwp%2Fv2%2Ftags&post=4791"}],"curies":[{"name":"wp","href":"https:\/\/api.w.org\/{rel}","templated":true}]}}