{"id":47925,"date":"2024-06-29T19:52:15","date_gmt":"2024-06-29T19:52:15","guid":{"rendered":"https:\/\/kibrisdakik.com\/index.php\/2024\/06\/29\/nasa-uuinin-dunyaya-indirilmesi-icin-spacex-ile-anlasti\/"},"modified":"2024-06-29T19:52:15","modified_gmt":"2024-06-29T19:52:15","slug":"nasa-uuinin-dunyaya-indirilmesi-icin-spacex-ile-anlasti","status":"publish","type":"post","link":"https:\/\/kibrisdakik.com\/?p=47925","title":{"rendered":"NASA, UU\u0130&#039;nin d\u00fcnyaya indirilmesi i\u00e7in SpaceX ile anla\u015ft\u0131"},"content":{"rendered":"<p><img decoding=\"async\" src=\"https:\/\/www.kibristurk.com\/images\/haberler\/2024\/06\/nasa-uuinin-dunyaya-indirilmesi-icin-spacex-ile-anlasti-1719688043.webp\" \/><\/p>\n<p>NASA, sosyal medya platformu X&#8217;ten yapt\u0131\u011f\u0131 a\u00e7\u0131klamada, ISS&#8217;nin y\u00f6r\u00fcngeden uzakla\u015ft\u0131r\u0131lmas\u0131 i\u00e7in SpaceX ile \u00e7al\u0131\u015fmay\u0131 se\u00e7ti\u011fini duyurdu. ISS&#8217;nin g\u00f6rev s\u00fcresinin 2030&#8217;da sona ermesinin ard\u0131ndan y\u00f6r\u00fcnge d\u0131\u015f\u0131na \u00e7\u0131kar\u0131lmas\u0131n\u0131 sa\u011flayacak uzay arac\u0131n\u0131n tasarlanmas\u0131 i\u00e7in NASA&nbsp;ile SpaceX aras\u0131nda 843 milyon dolarl\u0131k (yakla\u015f\u0131k 28 milyar lira) anla\u015fma imzaland\u0131\u011f\u0131 bildirildi.<\/p>\n<p><strong>Okyanusa d\u00fc\u015f\u00fcr\u00fclecek<\/strong><\/p>\n<p>NASA, tasarlanacak ara\u00e7 ile uzay istasyonunun d\u00fcnyada n\u00fcfusun yo\u011fun oldu\u011fu b\u00f6lgelere risk olu\u015fturmayacak \u015fekilde okyanusa d\u00fc\u015f\u00fcr\u00fclmesine karar verdi.<\/p>\n<p>ISS&#8217;nin b\u00fcy\u00fck bir k\u0131sm\u0131 y\u00f6r\u00fcngede onar\u0131labilir olsa da baz\u0131 par\u00e7alar\u0131n\u0131n a\u015f\u0131nma ve y\u0131pranma nedeniyle k\u0131s\u0131tl\u0131 kullan\u0131m \u00f6mr\u00fc oldu\u011funu aktaran NASA, tasarlanacak bu ara\u00e7 ile yakla\u015f\u0131k 110 metre geni\u015fli\u011findeki uzay \u00e7\u00f6p\u00fcn\u00fcn y\u00f6r\u00fcngede dola\u015fmas\u0131n\u0131 engellemi\u015f olacak.<\/p>\n<p><strong>Uluslararas\u0131 Uzay \u0130stasyonu 40 ya\u015f\u0131nda<\/strong><\/p>\n<p>Uzay istasyonunun in\u015fas\u0131, 1984&#8217;te \u00f6nce d\u00f6nemin ABD Ba\u015fkan\u0131 Ronald Reagan taraf\u0131ndan, sonras\u0131nda da b\u00fct\u00e7esiyle birlikte ABD Kongresi taraf\u0131ndan onayland\u0131. 1984 ile 1993 aras\u0131nda tasarlanan istasyonun farkl\u0131 unsurlar\u0131 ABD, Kanada, Japonya ve Avrupa \u00fclkeleri taraf\u0131ndan 1980&#8217;li y\u0131llar\u0131n sonlar\u0131na do\u011fru in\u015fa edilmeye ba\u015fland\u0131.<\/p>\n<p>Lego seti gibi her par\u00e7as\u0131 ayr\u0131 in\u015fa edilen ISS, karma\u015f\u0131k robotik sistemler ve uzay giysili insanlarca uzayda bir araya getirildi.<\/p>\n<p>1993&#8217;te tekrar tasarlanan istasyona Rusya da davet edildi. 15 \u00fclkeden 5 uzay ajans\u0131n\u0131n uluslararas\u0131 ortakl\u0131\u011f\u0131nda \u00e7al\u0131\u015fmalar\u0131na devam edilen uzay istasyonunun ilk k\u0131s\u0131mlar\u0131 1998&#8217;de kurulmaya ba\u015fland\u0131. Bu d\u00f6nemde tekrar kullan\u0131labilen uzay ara\u00e7lar\u0131 da ABD taraf\u0131ndan geli\u015ftirildi. \u0130stasyonun ana in\u015fas\u0131 temelde 1998-2011 y\u0131llar\u0131nda tamamland\u0131.<\/p>\n<p>Avrupa, ABD, Rusya, Kanada ve Japonya&#8217;n\u0131n &#8220;m\u00fc\u015fterek program\u0131&#8221; olarak g\u00f6r\u00fclen UU\u0130, NASA&#8217;n\u0131n yan\u0131 s\u0131ra Rusya Federal Uzay Ajans\u0131 (Roscosmos), Avrupa Uzay Ajans\u0131 (ESA), Japonya Uzay Ara\u015ft\u0131rma Ajans\u0131 (JAXA) ve Kanada Uzay Ajans\u0131n\u0131n (CSA) katk\u0131lar\u0131yla olu\u015fturuldu.<\/p>\n<p>Uluslararas\u0131 Uzay \u0130stasyonu Program\u0131, uluslararas\u0131 u\u00e7u\u015f ekiplerini, birden fazla f\u0131rlatma arac\u0131n\u0131, k\u00fcresel olarak da\u011f\u0131t\u0131lm\u0131\u015f f\u0131rlatma ve u\u00e7u\u015f operasyonlar\u0131n\u0131, e\u011fitim, m\u00fchendislik ve geli\u015ftirme tesislerini, ileti\u015fim a\u011flar\u0131n\u0131 ve uluslararas\u0131 bilimsel ara\u015ft\u0131rma topluluklar\u0131n\u0131 bir araya getiriyor.<\/p>\n","protected":false},"excerpt":{"rendered":"<p>NASA, sosyal medya platformu X&#8217;ten yapt\u0131\u011f\u0131 a\u00e7\u0131klamada, ISS&#8217;nin y\u00f6r\u00fcngeden uzakla\u015ft\u0131r\u0131lmas\u0131 i\u00e7in SpaceX ile \u00e7al\u0131\u015fmay\u0131 se\u00e7ti\u011fini duyurdu. ISS&#8217;nin g\u00f6rev s\u00fcresinin 2030&#8217;da sona ermesinin ard\u0131ndan y\u00f6r\u00fcnge d\u0131\u015f\u0131na \u00e7\u0131kar\u0131lmas\u0131n\u0131 sa\u011flayacak uzay arac\u0131n\u0131n tasarlanmas\u0131 i\u00e7in NASA&nbsp;ile SpaceX aras\u0131nda 843 milyon dolarl\u0131k (yakla\u015f\u0131k 28 milyar lira) anla\u015fma imzaland\u0131\u011f\u0131 bildirildi. Okyanusa d\u00fc\u015f\u00fcr\u00fclecek NASA, tasarlanacak ara\u00e7 ile uzay istasyonunun d\u00fcnyada n\u00fcfusun yo\u011fun<\/p>\n","protected":false},"author":1,"featured_media":47926,"comment_status":"open","ping_status":"open","sticky":false,"template":"","format":"standard","meta":{"footnotes":""},"categories":[85],"tags":[],"class_list":["post-47925","post","type-post","status-publish","format-standard","has-post-thumbnail","hentry","category-spor"],"yoast_head":"<!-- This site is optimized with the Yoast SEO plugin v28.4 - https:\/\/yoast.com\/product\/yoast-seo-wordpress\/ -->\n<title>NASA, UU\u0130&#039;nin d\u00fcnyaya indirilmesi i\u00e7in SpaceX ile anla\u015ft\u0131 -<\/title>\n<meta name=\"robots\" content=\"index, follow, max-snippet:-1, max-image-preview:large, max-video-preview:-1\" \/>\n<link rel=\"canonical\" href=\"https:\/\/kibrisdakik.com\/?p=47925\" \/>\n<meta property=\"og:locale\" content=\"tr_TR\" \/>\n<meta property=\"og:type\" content=\"article\" \/>\n<meta property=\"og:title\" content=\"NASA, UU\u0130&#039;nin d\u00fcnyaya indirilmesi i\u00e7in SpaceX ile anla\u015ft\u0131 -\" \/>\n<meta property=\"og:description\" content=\"NASA, sosyal medya platformu X&#8217;ten yapt\u0131\u011f\u0131 a\u00e7\u0131klamada, ISS&#8217;nin y\u00f6r\u00fcngeden uzakla\u015ft\u0131r\u0131lmas\u0131 i\u00e7in SpaceX ile \u00e7al\u0131\u015fmay\u0131 se\u00e7ti\u011fini duyurdu. ISS&#8217;nin g\u00f6rev s\u00fcresinin 2030&#8217;da sona ermesinin ard\u0131ndan y\u00f6r\u00fcnge d\u0131\u015f\u0131na \u00e7\u0131kar\u0131lmas\u0131n\u0131 sa\u011flayacak uzay arac\u0131n\u0131n tasarlanmas\u0131 i\u00e7in NASA&nbsp;ile SpaceX aras\u0131nda 843 milyon dolarl\u0131k (yakla\u015f\u0131k 28 milyar lira) anla\u015fma imzaland\u0131\u011f\u0131 bildirildi. Okyanusa d\u00fc\u015f\u00fcr\u00fclecek NASA, tasarlanacak ara\u00e7 ile uzay istasyonunun d\u00fcnyada n\u00fcfusun yo\u011fun\" \/>\n<meta property=\"og:url\" content=\"https:\/\/kibrisdakik.com\/?p=47925\" \/>\n<meta property=\"article:published_time\" content=\"2024-06-29T19:52:15+00:00\" \/>\n<meta property=\"og:image\" content=\"https:\/\/kibrisdakik.com\/wp-content\/uploads\/2024\/06\/nasa-uuinin-dunyaya-indirilmesi-icin-spacex-ile-anlasti-1719688043.webp.webp\" \/>\n\t<meta property=\"og:image:width\" content=\"710\" \/>\n\t<meta property=\"og:image:height\" content=\"370\" \/>\n\t<meta property=\"og:image:type\" content=\"image\/webp\" \/>\n<meta name=\"author\" content=\"admin\" \/>\n<meta name=\"twitter:card\" content=\"summary_large_image\" \/>\n<meta name=\"twitter:label1\" content=\"Yazan:\" \/>\n\t<meta name=\"twitter:data1\" content=\"admin\" \/>\n\t<meta name=\"twitter:label2\" content=\"Tahmini okuma s\u00fcresi\" \/>\n\t<meta name=\"twitter:data2\" content=\"2 dakika\" \/>\n<script type=\"application\/ld+json\" class=\"yoast-schema-graph\">{\"@context\":\"https:\\\/\\\/schema.org\",\"@graph\":[{\"@type\":\"Article\",\"@id\":\"https:\\\/\\\/kibrisdakik.com\\\/?p=47925#article\",\"isPartOf\":{\"@id\":\"https:\\\/\\\/kibrisdakik.com\\\/?p=47925\"},\"author\":{\"name\":\"admin\",\"@id\":\"https:\\\/\\\/kibrisdakik.com\\\/#\\\/schema\\\/person\\\/9cd9d437bbb44f72b73ba127e06d8e79\"},\"headline\":\"NASA, UU\u0130&#039;nin d\u00fcnyaya indirilmesi i\u00e7in SpaceX ile anla\u015ft\u0131\",\"datePublished\":\"2024-06-29T19:52:15+00:00\",\"mainEntityOfPage\":{\"@id\":\"https:\\\/\\\/kibrisdakik.com\\\/?p=47925\"},\"wordCount\":413,\"commentCount\":0,\"publisher\":{\"@id\":\"https:\\\/\\\/kibrisdakik.com\\\/#organization\"},\"image\":{\"@id\":\"https:\\\/\\\/kibrisdakik.com\\\/?p=47925#primaryimage\"},\"thumbnailUrl\":\"https:\\\/\\\/kibrisdakik.com\\\/wp-content\\\/uploads\\\/2024\\\/06\\\/nasa-uuinin-dunyaya-indirilmesi-icin-spacex-ile-anlasti-1719688043.webp.webp\",\"articleSection\":[\"Spor\"],\"inLanguage\":\"tr\",\"potentialAction\":[{\"@type\":\"CommentAction\",\"name\":\"Comment\",\"target\":[\"https:\\\/\\\/kibrisdakik.com\\\/?p=47925#respond\"]}]},{\"@type\":\"WebPage\",\"@id\":\"https:\\\/\\\/kibrisdakik.com\\\/?p=47925\",\"url\":\"https:\\\/\\\/kibrisdakik.com\\\/?p=47925\",\"name\":\"NASA, UU\u0130&#039;nin d\u00fcnyaya indirilmesi i\u00e7in SpaceX ile anla\u015ft\u0131 -\",\"isPartOf\":{\"@id\":\"https:\\\/\\\/kibrisdakik.com\\\/#website\"},\"primaryImageOfPage\":{\"@id\":\"https:\\\/\\\/kibrisdakik.com\\\/?p=47925#primaryimage\"},\"image\":{\"@id\":\"https:\\\/\\\/kibrisdakik.com\\\/?p=47925#primaryimage\"},\"thumbnailUrl\":\"https:\\\/\\\/kibrisdakik.com\\\/wp-content\\\/uploads\\\/2024\\\/06\\\/nasa-uuinin-dunyaya-indirilmesi-icin-spacex-ile-anlasti-1719688043.webp.webp\",\"datePublished\":\"2024-06-29T19:52:15+00:00\",\"breadcrumb\":{\"@id\":\"https:\\\/\\\/kibrisdakik.com\\\/?p=47925#breadcrumb\"},\"inLanguage\":\"tr\",\"potentialAction\":[{\"@type\":\"ReadAction\",\"target\":[\"https:\\\/\\\/kibrisdakik.com\\\/?p=47925\"]}]},{\"@type\":\"ImageObject\",\"inLanguage\":\"tr\",\"@id\":\"https:\\\/\\\/kibrisdakik.com\\\/?p=47925#primaryimage\",\"url\":\"https:\\\/\\\/kibrisdakik.com\\\/wp-content\\\/uploads\\\/2024\\\/06\\\/nasa-uuinin-dunyaya-indirilmesi-icin-spacex-ile-anlasti-1719688043.webp.webp\",\"contentUrl\":\"https:\\\/\\\/kibrisdakik.com\\\/wp-content\\\/uploads\\\/2024\\\/06\\\/nasa-uuinin-dunyaya-indirilmesi-icin-spacex-ile-anlasti-1719688043.webp.webp\",\"width\":710,\"height\":370},{\"@type\":\"BreadcrumbList\",\"@id\":\"https:\\\/\\\/kibrisdakik.com\\\/?p=47925#breadcrumb\",\"itemListElement\":[{\"@type\":\"ListItem\",\"position\":1,\"name\":\"Home\",\"item\":\"https:\\\/\\\/kibrisdakik.com\\\/\"},{\"@type\":\"ListItem\",\"position\":2,\"name\":\"NASA, UU\u0130&#039;nin d\u00fcnyaya indirilmesi i\u00e7in SpaceX ile anla\u015ft\u0131\"}]},{\"@type\":\"WebSite\",\"@id\":\"https:\\\/\\\/kibrisdakik.com\\\/#website\",\"url\":\"https:\\\/\\\/kibrisdakik.com\\\/\",\"name\":\"K\u0131br\u0131s Dakik\",\"description\":\"Tam vaktinde haber\",\"publisher\":{\"@id\":\"https:\\\/\\\/kibrisdakik.com\\\/#organization\"},\"potentialAction\":[{\"@type\":\"SearchAction\",\"target\":{\"@type\":\"EntryPoint\",\"urlTemplate\":\"https:\\\/\\\/kibrisdakik.com\\\/?s={search_term_string}\"},\"query-input\":{\"@type\":\"PropertyValueSpecification\",\"valueRequired\":true,\"valueName\":\"search_term_string\"}}],\"inLanguage\":\"tr\"},{\"@type\":\"Organization\",\"@id\":\"https:\\\/\\\/kibrisdakik.com\\\/#organization\",\"name\":\"K\u0131br\u0131s Dakik\",\"url\":\"https:\\\/\\\/kibrisdakik.com\\\/\",\"logo\":{\"@type\":\"ImageObject\",\"inLanguage\":\"tr\",\"@id\":\"https:\\\/\\\/kibrisdakik.com\\\/#\\\/schema\\\/logo\\\/image\\\/\",\"url\":\"https:\\\/\\\/kibrisdakik.com\\\/wp-content\\\/uploads\\\/2025\\\/10\\\/cropped-WhatsApp-Image-2025-10-02-at-12.58.31.jpeg\",\"contentUrl\":\"https:\\\/\\\/kibrisdakik.com\\\/wp-content\\\/uploads\\\/2025\\\/10\\\/cropped-WhatsApp-Image-2025-10-02-at-12.58.31.jpeg\",\"width\":1237,\"height\":190,\"caption\":\"K\u0131br\u0131s Dakik\"},\"image\":{\"@id\":\"https:\\\/\\\/kibrisdakik.com\\\/#\\\/schema\\\/logo\\\/image\\\/\"}},{\"@type\":\"Person\",\"@id\":\"https:\\\/\\\/kibrisdakik.com\\\/#\\\/schema\\\/person\\\/9cd9d437bbb44f72b73ba127e06d8e79\",\"name\":\"admin\",\"image\":{\"@type\":\"ImageObject\",\"inLanguage\":\"tr\",\"@id\":\"https:\\\/\\\/secure.gravatar.com\\\/avatar\\\/ccc17943b9d660506c869530f897617f7cb1c21a4bf30023f252596d83e1f007?s=96&d=mm&r=g\",\"url\":\"https:\\\/\\\/secure.gravatar.com\\\/avatar\\\/ccc17943b9d660506c869530f897617f7cb1c21a4bf30023f252596d83e1f007?s=96&d=mm&r=g\",\"contentUrl\":\"https:\\\/\\\/secure.gravatar.com\\\/avatar\\\/ccc17943b9d660506c869530f897617f7cb1c21a4bf30023f252596d83e1f007?s=96&d=mm&r=g\",\"caption\":\"admin\"},\"sameAs\":[\"https:\\\/\\\/kibrisdakik.com\"],\"url\":\"https:\\\/\\\/kibrisdakik.com\\\/?author=1\"}]}<\/script>\n<!-- \/ Yoast SEO plugin. -->","yoast_head_json":{"title":"NASA, UU\u0130&#039;nin d\u00fcnyaya indirilmesi i\u00e7in SpaceX ile anla\u015ft\u0131 -","robots":{"index":"index","follow":"follow","max-snippet":"max-snippet:-1","max-image-preview":"max-image-preview:large","max-video-preview":"max-video-preview:-1"},"canonical":"https:\/\/kibrisdakik.com\/?p=47925","og_locale":"tr_TR","og_type":"article","og_title":"NASA, UU\u0130&#039;nin d\u00fcnyaya indirilmesi i\u00e7in SpaceX ile anla\u015ft\u0131 -","og_description":"NASA, sosyal medya platformu X&#8217;ten yapt\u0131\u011f\u0131 a\u00e7\u0131klamada, ISS&#8217;nin y\u00f6r\u00fcngeden uzakla\u015ft\u0131r\u0131lmas\u0131 i\u00e7in SpaceX ile \u00e7al\u0131\u015fmay\u0131 se\u00e7ti\u011fini duyurdu. ISS&#8217;nin g\u00f6rev s\u00fcresinin 2030&#8217;da sona ermesinin ard\u0131ndan y\u00f6r\u00fcnge d\u0131\u015f\u0131na \u00e7\u0131kar\u0131lmas\u0131n\u0131 sa\u011flayacak uzay arac\u0131n\u0131n tasarlanmas\u0131 i\u00e7in NASA&nbsp;ile SpaceX aras\u0131nda 843 milyon dolarl\u0131k (yakla\u015f\u0131k 28 milyar lira) anla\u015fma imzaland\u0131\u011f\u0131 bildirildi. Okyanusa d\u00fc\u015f\u00fcr\u00fclecek NASA, tasarlanacak ara\u00e7 ile uzay istasyonunun d\u00fcnyada n\u00fcfusun yo\u011fun","og_url":"https:\/\/kibrisdakik.com\/?p=47925","article_published_time":"2024-06-29T19:52:15+00:00","og_image":[{"width":710,"height":370,"url":"https:\/\/kibrisdakik.com\/wp-content\/uploads\/2024\/06\/nasa-uuinin-dunyaya-indirilmesi-icin-spacex-ile-anlasti-1719688043.webp.webp","type":"image\/webp"}],"author":"admin","twitter_card":"summary_large_image","twitter_misc":{"Yazan:":"admin","Tahmini okuma s\u00fcresi":"2 dakika"},"schema":{"@context":"https:\/\/schema.org","@graph":[{"@type":"Article","@id":"https:\/\/kibrisdakik.com\/?p=47925#article","isPartOf":{"@id":"https:\/\/kibrisdakik.com\/?p=47925"},"author":{"name":"admin","@id":"https:\/\/kibrisdakik.com\/#\/schema\/person\/9cd9d437bbb44f72b73ba127e06d8e79"},"headline":"NASA, UU\u0130&#039;nin d\u00fcnyaya indirilmesi i\u00e7in SpaceX ile anla\u015ft\u0131","datePublished":"2024-06-29T19:52:15+00:00","mainEntityOfPage":{"@id":"https:\/\/kibrisdakik.com\/?p=47925"},"wordCount":413,"commentCount":0,"publisher":{"@id":"https:\/\/kibrisdakik.com\/#organization"},"image":{"@id":"https:\/\/kibrisdakik.com\/?p=47925#primaryimage"},"thumbnailUrl":"https:\/\/kibrisdakik.com\/wp-content\/uploads\/2024\/06\/nasa-uuinin-dunyaya-indirilmesi-icin-spacex-ile-anlasti-1719688043.webp.webp","articleSection":["Spor"],"inLanguage":"tr","potentialAction":[{"@type":"CommentAction","name":"Comment","target":["https:\/\/kibrisdakik.com\/?p=47925#respond"]}]},{"@type":"WebPage","@id":"https:\/\/kibrisdakik.com\/?p=47925","url":"https:\/\/kibrisdakik.com\/?p=47925","name":"NASA, UU\u0130&#039;nin d\u00fcnyaya indirilmesi i\u00e7in SpaceX ile anla\u015ft\u0131 -","isPartOf":{"@id":"https:\/\/kibrisdakik.com\/#website"},"primaryImageOfPage":{"@id":"https:\/\/kibrisdakik.com\/?p=47925#primaryimage"},"image":{"@id":"https:\/\/kibrisdakik.com\/?p=47925#primaryimage"},"thumbnailUrl":"https:\/\/kibrisdakik.com\/wp-content\/uploads\/2024\/06\/nasa-uuinin-dunyaya-indirilmesi-icin-spacex-ile-anlasti-1719688043.webp.webp","datePublished":"2024-06-29T19:52:15+00:00","breadcrumb":{"@id":"https:\/\/kibrisdakik.com\/?p=47925#breadcrumb"},"inLanguage":"tr","potentialAction":[{"@type":"ReadAction","target":["https:\/\/kibrisdakik.com\/?p=47925"]}]},{"@type":"ImageObject","inLanguage":"tr","@id":"https:\/\/kibrisdakik.com\/?p=47925#primaryimage","url":"https:\/\/kibrisdakik.com\/wp-content\/uploads\/2024\/06\/nasa-uuinin-dunyaya-indirilmesi-icin-spacex-ile-anlasti-1719688043.webp.webp","contentUrl":"https:\/\/kibrisdakik.com\/wp-content\/uploads\/2024\/06\/nasa-uuinin-dunyaya-indirilmesi-icin-spacex-ile-anlasti-1719688043.webp.webp","width":710,"height":370},{"@type":"BreadcrumbList","@id":"https:\/\/kibrisdakik.com\/?p=47925#breadcrumb","itemListElement":[{"@type":"ListItem","position":1,"name":"Home","item":"https:\/\/kibrisdakik.com\/"},{"@type":"ListItem","position":2,"name":"NASA, UU\u0130&#039;nin d\u00fcnyaya indirilmesi i\u00e7in SpaceX ile anla\u015ft\u0131"}]},{"@type":"WebSite","@id":"https:\/\/kibrisdakik.com\/#website","url":"https:\/\/kibrisdakik.com\/","name":"K\u0131br\u0131s Dakik","description":"Tam vaktinde haber","publisher":{"@id":"https:\/\/kibrisdakik.com\/#organization"},"potentialAction":[{"@type":"SearchAction","target":{"@type":"EntryPoint","urlTemplate":"https:\/\/kibrisdakik.com\/?s={search_term_string}"},"query-input":{"@type":"PropertyValueSpecification","valueRequired":true,"valueName":"search_term_string"}}],"inLanguage":"tr"},{"@type":"Organization","@id":"https:\/\/kibrisdakik.com\/#organization","name":"K\u0131br\u0131s Dakik","url":"https:\/\/kibrisdakik.com\/","logo":{"@type":"ImageObject","inLanguage":"tr","@id":"https:\/\/kibrisdakik.com\/#\/schema\/logo\/image\/","url":"https:\/\/kibrisdakik.com\/wp-content\/uploads\/2025\/10\/cropped-WhatsApp-Image-2025-10-02-at-12.58.31.jpeg","contentUrl":"https:\/\/kibrisdakik.com\/wp-content\/uploads\/2025\/10\/cropped-WhatsApp-Image-2025-10-02-at-12.58.31.jpeg","width":1237,"height":190,"caption":"K\u0131br\u0131s Dakik"},"image":{"@id":"https:\/\/kibrisdakik.com\/#\/schema\/logo\/image\/"}},{"@type":"Person","@id":"https:\/\/kibrisdakik.com\/#\/schema\/person\/9cd9d437bbb44f72b73ba127e06d8e79","name":"admin","image":{"@type":"ImageObject","inLanguage":"tr","@id":"https:\/\/secure.gravatar.com\/avatar\/ccc17943b9d660506c869530f897617f7cb1c21a4bf30023f252596d83e1f007?s=96&d=mm&r=g","url":"https:\/\/secure.gravatar.com\/avatar\/ccc17943b9d660506c869530f897617f7cb1c21a4bf30023f252596d83e1f007?s=96&d=mm&r=g","contentUrl":"https:\/\/secure.gravatar.com\/avatar\/ccc17943b9d660506c869530f897617f7cb1c21a4bf30023f252596d83e1f007?s=96&d=mm&r=g","caption":"admin"},"sameAs":["https:\/\/kibrisdakik.com"],"url":"https:\/\/kibrisdakik.com\/?author=1"}]}},"_links":{"self":[{"href":"https:\/\/kibrisdakik.com\/index.php?rest_route=\/wp\/v2\/posts\/47925","targetHints":{"allow":["GET"]}}],"collection":[{"href":"https:\/\/kibrisdakik.com\/index.php?rest_route=\/wp\/v2\/posts"}],"about":[{"href":"https:\/\/kibrisdakik.com\/index.php?rest_route=\/wp\/v2\/types\/post"}],"author":[{"embeddable":true,"href":"https:\/\/kibrisdakik.com\/index.php?rest_route=\/wp\/v2\/users\/1"}],"replies":[{"embeddable":true,"href":"https:\/\/kibrisdakik.com\/index.php?rest_route=%2Fwp%2Fv2%2Fcomments&post=47925"}],"version-history":[{"count":0,"href":"https:\/\/kibrisdakik.com\/index.php?rest_route=\/wp\/v2\/posts\/47925\/revisions"}],"wp:featuredmedia":[{"embeddable":true,"href":"https:\/\/kibrisdakik.com\/index.php?rest_route=\/wp\/v2\/media\/47926"}],"wp:attachment":[{"href":"https:\/\/kibrisdakik.com\/index.php?rest_route=%2Fwp%2Fv2%2Fmedia&parent=47925"}],"wp:term":[{"taxonomy":"category","embeddable":true,"href":"https:\/\/kibrisdakik.com\/index.php?rest_route=%2Fwp%2Fv2%2Fcategories&post=47925"},{"taxonomy":"post_tag","embeddable":true,"href":"https:\/\/kibrisdakik.com\/index.php?rest_route=%2Fwp%2Fv2%2Ftags&post=47925"}],"curies":[{"name":"wp","href":"https:\/\/api.w.org\/{rel}","templated":true}]}}