{"id":47993,"date":"2024-06-30T10:05:54","date_gmt":"2024-06-30T10:05:54","guid":{"rendered":"https:\/\/kibrisdakik.com\/index.php\/2024\/06\/30\/geleneksel-iskele-festivali-27-uluslararasi-halk-danslari-festivali-ile-devam-ediyor\/"},"modified":"2024-06-30T10:05:54","modified_gmt":"2024-06-30T10:05:54","slug":"geleneksel-iskele-festivali-27-uluslararasi-halk-danslari-festivali-ile-devam-ediyor","status":"publish","type":"post","link":"https:\/\/kibrisdakik.com\/?p=47993","title":{"rendered":"GELENEKSEL \u0130SKELE FEST\u0130VAL\u0130 27. ULUSLARARASI HALK DANSLARI FEST\u0130VAL\u0130 \u0130LE DEVAM ED\u0130YOR"},"content":{"rendered":"<p><\/p>\n<p>5 y\u0131ll\u0131k aran\u0131n ard\u0131ndan bu y\u0131l 52.\u2019si ger\u00e7ekle\u015fen Geleneksel \u0130skele Festivali, ba\u015far\u0131s\u0131 uluslararas\u0131 boyut kazanan, ay y\u0131ld\u0131zl\u0131\u011f\u0131 bayra\u011f\u0131 d\u00fcnyan\u0131n bir\u00e7ok \u00fclkesinde dalgaland\u0131ran \u0130skele Belediyesi Halk Danslar\u0131 Toplulu\u011fu\u2019nun himayelerindeki \u0130skele Belediyesi 27. Uluslararas\u0131 Halk Danslar\u0131 Festivali ile devam ediyor. Festivalde d\u00fcn ak\u015fam, festivale kat\u0131lan \u00fclkelerin tan\u0131t\u0131m gecesi vard\u0131. &nbsp;T\u00fcrkiye, Rusya, Bolivya, Macaristan, \u0130ran ve Uruguay halk danslar\u0131 ekipleri, 27. Uluslararas\u0131 Halk Danslar\u0131 Festivali kapsam\u0131nda \u0130skele\u2019de bulu\u015ftular. \u0130skele Belediyesi A\u00e7\u0131k Hava K\u00fclt\u00fcr Merkezi\u2019nde ger\u00e7ekle\u015fen geceyi \u0130skele Belediye Ba\u015fkan\u0131 Hasan Sad\u0131ko\u011flu ve e\u015fi \u00d6zlem Sad\u0131ko\u011flu\u2019nun yan\u0131 s\u0131ra Meclis \u00dcyeleri ile \u0130skele Belediyesi Halk Danslar\u0131 Y\u00f6netmeni, CIOFF KKTC Ba\u015fkan\u0131 \u00d6zlem Kadira\u011fa, CIOFF temsilcileri ile b\u00fcy\u00fck bir kalabal\u0131k izledi<\/p>\n<p><img decoding=\"async\" alt=\"\" src=\"https:\/\/www.kibristurk.com\/images\/detay\/WhatsApp%20Image%202024-06-30%20at%2012_31_27.jpeg\" style=\"height:796px;width:800px\" \/><\/p>\n<p><strong>RENKLER VE K\u00dcLT\u00dcRLER \u0130SKELE\u2019DE BULU\u015eUYOR<\/strong><\/p>\n<p>28 Haziran Cuma g\u00fcn\u00fc g\u00f6rkemli bir t\u00f6renle a\u00e7\u0131l\u0131\u015f\u0131 ger\u00e7ekle\u015ftirilen 52. Geleneksel \u0130skele Festivali, devam ediyor. Festivalin olmazsa olmazlar\u0131 aras\u0131nda bulunan ve bu y\u0131l 27.\u2019si d\u00fczenlenen \u0130skele Belediyesi Uluslararas\u0131 Halk Danslar\u0131 Festivali, yine ambargoya inat, d\u00fcnyan\u0131n bir\u00e7ok \u00fclkesinden halk danslar\u0131 ekiplerini \u00fclkemizde a\u011f\u0131rl\u0131yor. \u0130skele Belediyesi Halk Danslar\u0131 Y\u00f6netmeni ayn\u0131 zamanda CIOFF KKTC Ba\u015fkan\u0131 olan \u00d6zlem Kadira\u011fa\u2019n\u0131n organizasyonunda d\u00fczenlenen 27. Uluslararas\u0131 Halk Danslar\u0131 Festivali d\u00fcn ak\u015fam (29 Haziran) festivale kat\u0131lan ekiplerin tan\u0131t\u0131m g\u00f6sterileri ile devam etti. Anavatan T\u00fcrkiye Cumhuriyeti\u2019nden \u00c7anakkale\u2019den gelen ekibin yan\u0131 s\u0131ra gecede, Rusya, Bolivya, Macaristan, \u0130ran ve Uruguay ekipleri de birbirinden renkli g\u00f6steriler sundu.<\/p>\n<p><img decoding=\"async\" alt=\"\" src=\"https:\/\/www.kibristurk.com\/images\/detay\/WhatsApp%20Image%202024-06-30%20at%2012_31_28%20(1).jpeg\" style=\"height:533px;width:800px\" \/><\/p>\n<p>&nbsp;<\/p>\n<p>OTANT\u0130K KIBRIS KONSER\u0130 \u00c7OK BE\u011eEN\u0130LD\u0130<br \/>\n\u00d6te yandan, \u0130skele Belediyesi 27. Uluslararas\u0131 Halk Danslar\u0131 Festivali\u2019ne kat\u0131lan ekiplerin tan\u0131t\u0131m g\u00f6sterilerinden hemen \u00f6nce, seslendirdi\u011fi birbirinden g\u00fczel K\u0131br\u0131s \u015fark\u0131lar\u0131yla \u00fclkemizin \u00f6nemli gruplar\u0131ndan Grup Otantik sahne ald\u0131. Festivale kat\u0131lan ekiplerin yan\u0131 s\u0131ra \u0130skele Belediyesi A\u00e7\u0131k Hava K\u00fclt\u00fcr Merkezi\u2019ni dolduran kalabal\u0131k Grup Otantik\u2019in seslendirdi\u011fi her bir \u015fark\u0131da, sahneye \u00e7\u0131karak danslar\u0131yla e\u015flik etti.&nbsp;<\/p>\n<p><img decoding=\"async\" alt=\"\" src=\"https:\/\/www.kibristurk.com\/images\/detay\/WhatsApp%20Image%202024-06-30%20at%2012_31_28.jpeg\" style=\"height:533px;width:800px\" \/><\/p>\n<p>FEST\u0130VAL FEST\u0130VAL G\u00dcZEL\u0130 VE KOST\u00dcM DEF\u0130LES\u0130 \u0130LE DEVAM EDECEK<br \/>\n52.\u2060 \u2060\u0130skele Festivali bu ak\u015fam (30 Haziran) \u0130skele Belediyesi 27. Uluslararas\u0131 Halk Danslar\u0131 Festivali\u2019ne kat\u0131lan ekiplerin, Geleneksel Kost\u00fcm Defilesi &nbsp;ile Bay ve Bayan Festival, G\u00fczeli Se\u00e7imi ile devam edecek.<\/p>\n","protected":false},"excerpt":{"rendered":"<p>5 y\u0131ll\u0131k aran\u0131n ard\u0131ndan bu y\u0131l 52.\u2019si ger\u00e7ekle\u015fen Geleneksel \u0130skele Festivali, ba\u015far\u0131s\u0131 uluslararas\u0131 boyut kazanan, ay y\u0131ld\u0131zl\u0131\u011f\u0131 bayra\u011f\u0131 d\u00fcnyan\u0131n bir\u00e7ok \u00fclkesinde dalgaland\u0131ran \u0130skele Belediyesi Halk Danslar\u0131 Toplulu\u011fu\u2019nun himayelerindeki \u0130skele Belediyesi 27. Uluslararas\u0131 Halk Danslar\u0131 Festivali ile devam ediyor. Festivalde d\u00fcn ak\u015fam, festivale kat\u0131lan \u00fclkelerin tan\u0131t\u0131m gecesi vard\u0131. &nbsp;T\u00fcrkiye, Rusya, Bolivya, Macaristan, \u0130ran ve Uruguay halk<\/p>\n","protected":false},"author":1,"featured_media":47994,"comment_status":"open","ping_status":"open","sticky":false,"template":"","format":"standard","meta":{"footnotes":""},"categories":[85],"tags":[],"class_list":["post-47993","post","type-post","status-publish","format-standard","has-post-thumbnail","hentry","category-spor"],"yoast_head":"<!-- This site is optimized with the Yoast SEO plugin v27.4 - https:\/\/yoast.com\/product\/yoast-seo-wordpress\/ -->\n<title>GELENEKSEL \u0130SKELE FEST\u0130VAL\u0130 27. ULUSLARARASI HALK DANSLARI FEST\u0130VAL\u0130 \u0130LE DEVAM ED\u0130YOR -<\/title>\n<meta name=\"robots\" content=\"index, follow, max-snippet:-1, max-image-preview:large, max-video-preview:-1\" \/>\n<link rel=\"canonical\" href=\"https:\/\/kibrisdakik.com\/?p=47993\" \/>\n<meta property=\"og:locale\" content=\"tr_TR\" \/>\n<meta property=\"og:type\" content=\"article\" \/>\n<meta property=\"og:title\" content=\"GELENEKSEL \u0130SKELE FEST\u0130VAL\u0130 27. ULUSLARARASI HALK DANSLARI FEST\u0130VAL\u0130 \u0130LE DEVAM ED\u0130YOR -\" \/>\n<meta property=\"og:description\" content=\"5 y\u0131ll\u0131k aran\u0131n ard\u0131ndan bu y\u0131l 52.\u2019si ger\u00e7ekle\u015fen Geleneksel \u0130skele Festivali, ba\u015far\u0131s\u0131 uluslararas\u0131 boyut kazanan, ay y\u0131ld\u0131zl\u0131\u011f\u0131 bayra\u011f\u0131 d\u00fcnyan\u0131n bir\u00e7ok \u00fclkesinde dalgaland\u0131ran \u0130skele Belediyesi Halk Danslar\u0131 Toplulu\u011fu\u2019nun himayelerindeki \u0130skele Belediyesi 27. Uluslararas\u0131 Halk Danslar\u0131 Festivali ile devam ediyor. Festivalde d\u00fcn ak\u015fam, festivale kat\u0131lan \u00fclkelerin tan\u0131t\u0131m gecesi vard\u0131. &nbsp;T\u00fcrkiye, Rusya, Bolivya, Macaristan, \u0130ran ve Uruguay halk\" \/>\n<meta property=\"og:url\" content=\"https:\/\/kibrisdakik.com\/?p=47993\" \/>\n<meta property=\"article:published_time\" content=\"2024-06-30T10:05:54+00:00\" \/>\n<meta property=\"og:image\" content=\"https:\/\/kibrisdakik.com\/wp-content\/uploads\/2024\/06\/WhatsApp20Image202024-06-3020at2012_31_27-740x420.jpeg\" \/>\n\t<meta property=\"og:image:width\" content=\"800\" \/>\n\t<meta property=\"og:image:height\" content=\"796\" \/>\n\t<meta property=\"og:image:type\" content=\"image\/jpeg\" \/>\n<meta name=\"author\" content=\"admin\" \/>\n<meta name=\"twitter:card\" content=\"summary_large_image\" \/>\n<meta name=\"twitter:label1\" content=\"Yazan:\" \/>\n\t<meta name=\"twitter:data1\" content=\"admin\" \/>\n\t<meta name=\"twitter:label2\" content=\"Tahmini okuma s\u00fcresi\" \/>\n\t<meta name=\"twitter:data2\" content=\"2 dakika\" \/>\n<script type=\"application\/ld+json\" class=\"yoast-schema-graph\">{\"@context\":\"https:\\\/\\\/schema.org\",\"@graph\":[{\"@type\":\"Article\",\"@id\":\"https:\\\/\\\/kibrisdakik.com\\\/?p=47993#article\",\"isPartOf\":{\"@id\":\"https:\\\/\\\/kibrisdakik.com\\\/?p=47993\"},\"author\":{\"name\":\"admin\",\"@id\":\"https:\\\/\\\/kibrisdakik.com\\\/#\\\/schema\\\/person\\\/9cd9d437bbb44f72b73ba127e06d8e79\"},\"headline\":\"GELENEKSEL \u0130SKELE FEST\u0130VAL\u0130 27. ULUSLARARASI HALK DANSLARI FEST\u0130VAL\u0130 \u0130LE DEVAM ED\u0130YOR\",\"datePublished\":\"2024-06-30T10:05:54+00:00\",\"mainEntityOfPage\":{\"@id\":\"https:\\\/\\\/kibrisdakik.com\\\/?p=47993\"},\"wordCount\":423,\"commentCount\":0,\"image\":{\"@id\":\"https:\\\/\\\/kibrisdakik.com\\\/?p=47993#primaryimage\"},\"thumbnailUrl\":\"https:\\\/\\\/kibrisdakik.com\\\/wp-content\\\/uploads\\\/2024\\\/06\\\/WhatsApp20Image202024-06-3020at2012_31_27-740x420.jpeg\",\"articleSection\":[\"Spor\"],\"inLanguage\":\"tr\",\"potentialAction\":[{\"@type\":\"CommentAction\",\"name\":\"Comment\",\"target\":[\"https:\\\/\\\/kibrisdakik.com\\\/?p=47993#respond\"]}]},{\"@type\":\"WebPage\",\"@id\":\"https:\\\/\\\/kibrisdakik.com\\\/?p=47993\",\"url\":\"https:\\\/\\\/kibrisdakik.com\\\/?p=47993\",\"name\":\"GELENEKSEL \u0130SKELE FEST\u0130VAL\u0130 27. ULUSLARARASI HALK DANSLARI FEST\u0130VAL\u0130 \u0130LE DEVAM ED\u0130YOR -\",\"isPartOf\":{\"@id\":\"https:\\\/\\\/kibrisdakik.com\\\/#website\"},\"primaryImageOfPage\":{\"@id\":\"https:\\\/\\\/kibrisdakik.com\\\/?p=47993#primaryimage\"},\"image\":{\"@id\":\"https:\\\/\\\/kibrisdakik.com\\\/?p=47993#primaryimage\"},\"thumbnailUrl\":\"https:\\\/\\\/kibrisdakik.com\\\/wp-content\\\/uploads\\\/2024\\\/06\\\/WhatsApp20Image202024-06-3020at2012_31_27-740x420.jpeg\",\"datePublished\":\"2024-06-30T10:05:54+00:00\",\"author\":{\"@id\":\"https:\\\/\\\/kibrisdakik.com\\\/#\\\/schema\\\/person\\\/9cd9d437bbb44f72b73ba127e06d8e79\"},\"breadcrumb\":{\"@id\":\"https:\\\/\\\/kibrisdakik.com\\\/?p=47993#breadcrumb\"},\"inLanguage\":\"tr\",\"potentialAction\":[{\"@type\":\"ReadAction\",\"target\":[\"https:\\\/\\\/kibrisdakik.com\\\/?p=47993\"]}]},{\"@type\":\"ImageObject\",\"inLanguage\":\"tr\",\"@id\":\"https:\\\/\\\/kibrisdakik.com\\\/?p=47993#primaryimage\",\"url\":\"https:\\\/\\\/kibrisdakik.com\\\/wp-content\\\/uploads\\\/2024\\\/06\\\/WhatsApp20Image202024-06-3020at2012_31_27-740x420.jpeg\",\"contentUrl\":\"https:\\\/\\\/kibrisdakik.com\\\/wp-content\\\/uploads\\\/2024\\\/06\\\/WhatsApp20Image202024-06-3020at2012_31_27-740x420.jpeg\",\"width\":800,\"height\":796},{\"@type\":\"BreadcrumbList\",\"@id\":\"https:\\\/\\\/kibrisdakik.com\\\/?p=47993#breadcrumb\",\"itemListElement\":[{\"@type\":\"ListItem\",\"position\":1,\"name\":\"Home\",\"item\":\"https:\\\/\\\/kibrisdakik.com\\\/\"},{\"@type\":\"ListItem\",\"position\":2,\"name\":\"GELENEKSEL \u0130SKELE FEST\u0130VAL\u0130 27. ULUSLARARASI HALK DANSLARI FEST\u0130VAL\u0130 \u0130LE DEVAM ED\u0130YOR\"}]},{\"@type\":\"WebSite\",\"@id\":\"https:\\\/\\\/kibrisdakik.com\\\/#website\",\"url\":\"https:\\\/\\\/kibrisdakik.com\\\/\",\"name\":\"\",\"description\":\"Tam vaktinde haber\",\"potentialAction\":[{\"@type\":\"SearchAction\",\"target\":{\"@type\":\"EntryPoint\",\"urlTemplate\":\"https:\\\/\\\/kibrisdakik.com\\\/?s={search_term_string}\"},\"query-input\":{\"@type\":\"PropertyValueSpecification\",\"valueRequired\":true,\"valueName\":\"search_term_string\"}}],\"inLanguage\":\"tr\"},{\"@type\":\"Person\",\"@id\":\"https:\\\/\\\/kibrisdakik.com\\\/#\\\/schema\\\/person\\\/9cd9d437bbb44f72b73ba127e06d8e79\",\"name\":\"admin\",\"image\":{\"@type\":\"ImageObject\",\"inLanguage\":\"tr\",\"@id\":\"https:\\\/\\\/secure.gravatar.com\\\/avatar\\\/ccc17943b9d660506c869530f897617f7cb1c21a4bf30023f252596d83e1f007?s=96&d=mm&r=g\",\"url\":\"https:\\\/\\\/secure.gravatar.com\\\/avatar\\\/ccc17943b9d660506c869530f897617f7cb1c21a4bf30023f252596d83e1f007?s=96&d=mm&r=g\",\"contentUrl\":\"https:\\\/\\\/secure.gravatar.com\\\/avatar\\\/ccc17943b9d660506c869530f897617f7cb1c21a4bf30023f252596d83e1f007?s=96&d=mm&r=g\",\"caption\":\"admin\"},\"sameAs\":[\"https:\\\/\\\/kibrisdakik.com\"],\"url\":\"https:\\\/\\\/kibrisdakik.com\\\/?author=1\"}]}<\/script>\n<!-- \/ Yoast SEO plugin. -->","yoast_head_json":{"title":"GELENEKSEL \u0130SKELE FEST\u0130VAL\u0130 27. ULUSLARARASI HALK DANSLARI FEST\u0130VAL\u0130 \u0130LE DEVAM ED\u0130YOR -","robots":{"index":"index","follow":"follow","max-snippet":"max-snippet:-1","max-image-preview":"max-image-preview:large","max-video-preview":"max-video-preview:-1"},"canonical":"https:\/\/kibrisdakik.com\/?p=47993","og_locale":"tr_TR","og_type":"article","og_title":"GELENEKSEL \u0130SKELE FEST\u0130VAL\u0130 27. ULUSLARARASI HALK DANSLARI FEST\u0130VAL\u0130 \u0130LE DEVAM ED\u0130YOR -","og_description":"5 y\u0131ll\u0131k aran\u0131n ard\u0131ndan bu y\u0131l 52.\u2019si ger\u00e7ekle\u015fen Geleneksel \u0130skele Festivali, ba\u015far\u0131s\u0131 uluslararas\u0131 boyut kazanan, ay y\u0131ld\u0131zl\u0131\u011f\u0131 bayra\u011f\u0131 d\u00fcnyan\u0131n bir\u00e7ok \u00fclkesinde dalgaland\u0131ran \u0130skele Belediyesi Halk Danslar\u0131 Toplulu\u011fu\u2019nun himayelerindeki \u0130skele Belediyesi 27. Uluslararas\u0131 Halk Danslar\u0131 Festivali ile devam ediyor. Festivalde d\u00fcn ak\u015fam, festivale kat\u0131lan \u00fclkelerin tan\u0131t\u0131m gecesi vard\u0131. &nbsp;T\u00fcrkiye, Rusya, Bolivya, Macaristan, \u0130ran ve Uruguay halk","og_url":"https:\/\/kibrisdakik.com\/?p=47993","article_published_time":"2024-06-30T10:05:54+00:00","og_image":[{"width":800,"height":796,"url":"https:\/\/kibrisdakik.com\/wp-content\/uploads\/2024\/06\/WhatsApp20Image202024-06-3020at2012_31_27-740x420.jpeg","type":"image\/jpeg"}],"author":"admin","twitter_card":"summary_large_image","twitter_misc":{"Yazan:":"admin","Tahmini okuma s\u00fcresi":"2 dakika"},"schema":{"@context":"https:\/\/schema.org","@graph":[{"@type":"Article","@id":"https:\/\/kibrisdakik.com\/?p=47993#article","isPartOf":{"@id":"https:\/\/kibrisdakik.com\/?p=47993"},"author":{"name":"admin","@id":"https:\/\/kibrisdakik.com\/#\/schema\/person\/9cd9d437bbb44f72b73ba127e06d8e79"},"headline":"GELENEKSEL \u0130SKELE FEST\u0130VAL\u0130 27. ULUSLARARASI HALK DANSLARI FEST\u0130VAL\u0130 \u0130LE DEVAM ED\u0130YOR","datePublished":"2024-06-30T10:05:54+00:00","mainEntityOfPage":{"@id":"https:\/\/kibrisdakik.com\/?p=47993"},"wordCount":423,"commentCount":0,"image":{"@id":"https:\/\/kibrisdakik.com\/?p=47993#primaryimage"},"thumbnailUrl":"https:\/\/kibrisdakik.com\/wp-content\/uploads\/2024\/06\/WhatsApp20Image202024-06-3020at2012_31_27-740x420.jpeg","articleSection":["Spor"],"inLanguage":"tr","potentialAction":[{"@type":"CommentAction","name":"Comment","target":["https:\/\/kibrisdakik.com\/?p=47993#respond"]}]},{"@type":"WebPage","@id":"https:\/\/kibrisdakik.com\/?p=47993","url":"https:\/\/kibrisdakik.com\/?p=47993","name":"GELENEKSEL \u0130SKELE FEST\u0130VAL\u0130 27. ULUSLARARASI HALK DANSLARI FEST\u0130VAL\u0130 \u0130LE DEVAM ED\u0130YOR -","isPartOf":{"@id":"https:\/\/kibrisdakik.com\/#website"},"primaryImageOfPage":{"@id":"https:\/\/kibrisdakik.com\/?p=47993#primaryimage"},"image":{"@id":"https:\/\/kibrisdakik.com\/?p=47993#primaryimage"},"thumbnailUrl":"https:\/\/kibrisdakik.com\/wp-content\/uploads\/2024\/06\/WhatsApp20Image202024-06-3020at2012_31_27-740x420.jpeg","datePublished":"2024-06-30T10:05:54+00:00","author":{"@id":"https:\/\/kibrisdakik.com\/#\/schema\/person\/9cd9d437bbb44f72b73ba127e06d8e79"},"breadcrumb":{"@id":"https:\/\/kibrisdakik.com\/?p=47993#breadcrumb"},"inLanguage":"tr","potentialAction":[{"@type":"ReadAction","target":["https:\/\/kibrisdakik.com\/?p=47993"]}]},{"@type":"ImageObject","inLanguage":"tr","@id":"https:\/\/kibrisdakik.com\/?p=47993#primaryimage","url":"https:\/\/kibrisdakik.com\/wp-content\/uploads\/2024\/06\/WhatsApp20Image202024-06-3020at2012_31_27-740x420.jpeg","contentUrl":"https:\/\/kibrisdakik.com\/wp-content\/uploads\/2024\/06\/WhatsApp20Image202024-06-3020at2012_31_27-740x420.jpeg","width":800,"height":796},{"@type":"BreadcrumbList","@id":"https:\/\/kibrisdakik.com\/?p=47993#breadcrumb","itemListElement":[{"@type":"ListItem","position":1,"name":"Home","item":"https:\/\/kibrisdakik.com\/"},{"@type":"ListItem","position":2,"name":"GELENEKSEL \u0130SKELE FEST\u0130VAL\u0130 27. ULUSLARARASI HALK DANSLARI FEST\u0130VAL\u0130 \u0130LE DEVAM ED\u0130YOR"}]},{"@type":"WebSite","@id":"https:\/\/kibrisdakik.com\/#website","url":"https:\/\/kibrisdakik.com\/","name":"","description":"Tam vaktinde haber","potentialAction":[{"@type":"SearchAction","target":{"@type":"EntryPoint","urlTemplate":"https:\/\/kibrisdakik.com\/?s={search_term_string}"},"query-input":{"@type":"PropertyValueSpecification","valueRequired":true,"valueName":"search_term_string"}}],"inLanguage":"tr"},{"@type":"Person","@id":"https:\/\/kibrisdakik.com\/#\/schema\/person\/9cd9d437bbb44f72b73ba127e06d8e79","name":"admin","image":{"@type":"ImageObject","inLanguage":"tr","@id":"https:\/\/secure.gravatar.com\/avatar\/ccc17943b9d660506c869530f897617f7cb1c21a4bf30023f252596d83e1f007?s=96&d=mm&r=g","url":"https:\/\/secure.gravatar.com\/avatar\/ccc17943b9d660506c869530f897617f7cb1c21a4bf30023f252596d83e1f007?s=96&d=mm&r=g","contentUrl":"https:\/\/secure.gravatar.com\/avatar\/ccc17943b9d660506c869530f897617f7cb1c21a4bf30023f252596d83e1f007?s=96&d=mm&r=g","caption":"admin"},"sameAs":["https:\/\/kibrisdakik.com"],"url":"https:\/\/kibrisdakik.com\/?author=1"}]}},"_links":{"self":[{"href":"https:\/\/kibrisdakik.com\/index.php?rest_route=\/wp\/v2\/posts\/47993","targetHints":{"allow":["GET"]}}],"collection":[{"href":"https:\/\/kibrisdakik.com\/index.php?rest_route=\/wp\/v2\/posts"}],"about":[{"href":"https:\/\/kibrisdakik.com\/index.php?rest_route=\/wp\/v2\/types\/post"}],"author":[{"embeddable":true,"href":"https:\/\/kibrisdakik.com\/index.php?rest_route=\/wp\/v2\/users\/1"}],"replies":[{"embeddable":true,"href":"https:\/\/kibrisdakik.com\/index.php?rest_route=%2Fwp%2Fv2%2Fcomments&post=47993"}],"version-history":[{"count":0,"href":"https:\/\/kibrisdakik.com\/index.php?rest_route=\/wp\/v2\/posts\/47993\/revisions"}],"wp:featuredmedia":[{"embeddable":true,"href":"https:\/\/kibrisdakik.com\/index.php?rest_route=\/wp\/v2\/media\/47994"}],"wp:attachment":[{"href":"https:\/\/kibrisdakik.com\/index.php?rest_route=%2Fwp%2Fv2%2Fmedia&parent=47993"}],"wp:term":[{"taxonomy":"category","embeddable":true,"href":"https:\/\/kibrisdakik.com\/index.php?rest_route=%2Fwp%2Fv2%2Fcategories&post=47993"},{"taxonomy":"post_tag","embeddable":true,"href":"https:\/\/kibrisdakik.com\/index.php?rest_route=%2Fwp%2Fv2%2Ftags&post=47993"}],"curies":[{"name":"wp","href":"https:\/\/api.w.org\/{rel}","templated":true}]}}