{"id":48016,"date":"2024-06-30T12:34:54","date_gmt":"2024-06-30T12:34:54","guid":{"rendered":"https:\/\/kibrisdakik.com\/index.php\/2024\/06\/30\/polis-birimleri-tanitim-etkinligi-lefkosada-yapildi\/"},"modified":"2024-06-30T12:34:54","modified_gmt":"2024-06-30T12:34:54","slug":"polis-birimleri-tanitim-etkinligi-lefkosada-yapildi","status":"publish","type":"post","link":"https:\/\/kibrisdakik.com\/?p=48016","title":{"rendered":"Polis Birimleri Tan\u0131t\u0131m Etkinli\u011fi Lefko\u015fa\u2019da yap\u0131ld\u0131"},"content":{"rendered":"<p><\/p>\n<div>\n<p>Polis Te\u015fkilat\u0131\u2019n\u0131n 60\u2019\u0131nc\u0131 kurulu\u015f y\u0131l d\u00f6n\u00fcm\u00fc nedeniyle d\u00fcn ak\u015fam da Lefko\u015fa\u2019da \u201cPolis Birimleri Tan\u0131t\u0131m Etkinli\u011fi\u201d ger\u00e7ekle\u015ftirildi.<\/p>\n<p>Polis halk i\u015fbirli\u011fini g\u00fc\u00e7lendirmek amac\u0131yla d\u00fczenlenen etkinlikte, polis birimleri halka tan\u0131t\u0131ld\u0131.<\/p>\n<p>Polis \u00d6rg\u00fct\u00fc\u2019n\u00fcn 60\u2019\u0131nc\u0131 kurulu\u015f y\u0131l d\u00f6n\u00fcm\u00fc nedeniyle d\u00fczenlenen Polis Haftas\u0131 Kutlama Etkinlikleri kapsam\u0131nda, Lefko\u015fa Zahra Sokak\u2019ta \u201cPolis Birimleri Tan\u0131t\u0131m Etkinli\u011fi\u201d yap\u0131ld\u0131.<\/p>\n<p>Polis-halk i\u015fbirli\u011finin g\u00fc\u00e7lendirilmesi hedeflenen etkinlikte, kurulan stantlarda Polis Birimleri halka tan\u0131t\u0131ld\u0131.<\/p>\n<p>\u00c7e\u015fitli g\u00f6sterilerin de yer ald\u0131\u011f\u0131 etkinlikte, bilgilendirici el bro\u015f\u00fcrleri da\u011f\u0131t\u0131ld\u0131 ve Polis \u00d6rg\u00fct\u00fc\u2019nde kullan\u0131lan \u00e7e\u015fitli motorlu ara\u00e7lar sergilendi.<\/p>\n<p>Polis Genel M\u00fcd\u00fcrl\u00fc\u011f\u00fc Bas\u0131n ve Halkla \u0130li\u015fkiler \u015eube Amiri Y\u0131lmaz Hac\u0131o\u011fullar\u0131 etkinlikle ilgili <a href=\"https:\/\/brtk.net\/\">BRT<\/a>\u2019ye bilgi verdi.<\/p>\n<p>Etkinlikte ayr\u0131ca, polis mensuplar\u0131ndan olu\u015fan Polis Genel M\u00fcd\u00fcrl\u00fc\u011f\u00fc Orkestras\u0131, halka m\u00fczik dinletisi sundu..<\/p>\n<\/p><\/div>\n<p><script async\n                    defer\n                    crossorigin=\"anonymous\"\n                    src=\"https:\/\/connect.facebook.net\/tr_TR\/sdk.js#xfbml=1&#038;version=v3.3\"\n            ><\/script><\/p>\n","protected":false},"excerpt":{"rendered":"<p>Polis Te\u015fkilat\u0131\u2019n\u0131n 60\u2019\u0131nc\u0131 kurulu\u015f y\u0131l d\u00f6n\u00fcm\u00fc nedeniyle d\u00fcn ak\u015fam da Lefko\u015fa\u2019da \u201cPolis Birimleri Tan\u0131t\u0131m Etkinli\u011fi\u201d ger\u00e7ekle\u015ftirildi. Polis halk i\u015fbirli\u011fini g\u00fc\u00e7lendirmek amac\u0131yla d\u00fczenlenen etkinlikte, polis birimleri halka tan\u0131t\u0131ld\u0131. Polis \u00d6rg\u00fct\u00fc\u2019n\u00fcn 60\u2019\u0131nc\u0131 kurulu\u015f y\u0131l d\u00f6n\u00fcm\u00fc nedeniyle d\u00fczenlenen Polis Haftas\u0131 Kutlama Etkinlikleri kapsam\u0131nda, Lefko\u015fa Zahra Sokak\u2019ta \u201cPolis Birimleri Tan\u0131t\u0131m Etkinli\u011fi\u201d yap\u0131ld\u0131. Polis-halk i\u015fbirli\u011finin g\u00fc\u00e7lendirilmesi hedeflenen etkinlikte, kurulan stantlarda<\/p>\n","protected":false},"author":1,"featured_media":47924,"comment_status":"open","ping_status":"open","sticky":false,"template":"","format":"standard","meta":{"footnotes":""},"categories":[1],"tags":[],"class_list":["post-48016","post","type-post","status-publish","format-standard","has-post-thumbnail","hentry","category-gundem"],"yoast_head":"<!-- This site is optimized with the Yoast SEO plugin v27.5 - https:\/\/yoast.com\/product\/yoast-seo-wordpress\/ -->\n<title>Polis Birimleri Tan\u0131t\u0131m Etkinli\u011fi Lefko\u015fa\u2019da yap\u0131ld\u0131 -<\/title>\n<meta name=\"robots\" content=\"index, follow, max-snippet:-1, max-image-preview:large, max-video-preview:-1\" \/>\n<link rel=\"canonical\" href=\"https:\/\/kibrisdakik.com\/?p=48016\" \/>\n<meta property=\"og:locale\" content=\"tr_TR\" \/>\n<meta property=\"og:type\" content=\"article\" \/>\n<meta property=\"og:title\" content=\"Polis Birimleri Tan\u0131t\u0131m Etkinli\u011fi Lefko\u015fa\u2019da yap\u0131ld\u0131 -\" \/>\n<meta property=\"og:description\" content=\"Polis Te\u015fkilat\u0131\u2019n\u0131n 60\u2019\u0131nc\u0131 kurulu\u015f y\u0131l d\u00f6n\u00fcm\u00fc nedeniyle d\u00fcn ak\u015fam da Lefko\u015fa\u2019da \u201cPolis Birimleri Tan\u0131t\u0131m Etkinli\u011fi\u201d ger\u00e7ekle\u015ftirildi. Polis halk i\u015fbirli\u011fini g\u00fc\u00e7lendirmek amac\u0131yla d\u00fczenlenen etkinlikte, polis birimleri halka tan\u0131t\u0131ld\u0131. Polis \u00d6rg\u00fct\u00fc\u2019n\u00fcn 60\u2019\u0131nc\u0131 kurulu\u015f y\u0131l d\u00f6n\u00fcm\u00fc nedeniyle d\u00fczenlenen Polis Haftas\u0131 Kutlama Etkinlikleri kapsam\u0131nda, Lefko\u015fa Zahra Sokak\u2019ta \u201cPolis Birimleri Tan\u0131t\u0131m Etkinli\u011fi\u201d yap\u0131ld\u0131. Polis-halk i\u015fbirli\u011finin g\u00fc\u00e7lendirilmesi hedeflenen etkinlikte, kurulan stantlarda\" \/>\n<meta property=\"og:url\" content=\"https:\/\/kibrisdakik.com\/?p=48016\" \/>\n<meta property=\"article:published_time\" content=\"2024-06-30T12:34:54+00:00\" \/>\n<meta property=\"og:image\" content=\"https:\/\/kibrisdakik.com\/wp-content\/uploads\/2024\/06\/InShot_20240629_214531976-scaled-740x420.jpg\" \/>\n\t<meta property=\"og:image:width\" content=\"2560\" \/>\n\t<meta property=\"og:image:height\" content=\"1439\" \/>\n\t<meta property=\"og:image:type\" content=\"image\/jpeg\" \/>\n<meta name=\"author\" content=\"admin\" \/>\n<meta name=\"twitter:card\" content=\"summary_large_image\" \/>\n<meta name=\"twitter:label1\" content=\"Yazan:\" \/>\n\t<meta name=\"twitter:data1\" content=\"admin\" \/>\n\t<meta name=\"twitter:label2\" content=\"Tahmini okuma s\u00fcresi\" \/>\n\t<meta name=\"twitter:data2\" content=\"1 dakika\" \/>\n<script type=\"application\/ld+json\" class=\"yoast-schema-graph\">{\"@context\":\"https:\\\/\\\/schema.org\",\"@graph\":[{\"@type\":\"Article\",\"@id\":\"https:\\\/\\\/kibrisdakik.com\\\/?p=48016#article\",\"isPartOf\":{\"@id\":\"https:\\\/\\\/kibrisdakik.com\\\/?p=48016\"},\"author\":{\"name\":\"admin\",\"@id\":\"https:\\\/\\\/kibrisdakik.com\\\/#\\\/schema\\\/person\\\/9cd9d437bbb44f72b73ba127e06d8e79\"},\"headline\":\"Polis Birimleri Tan\u0131t\u0131m Etkinli\u011fi Lefko\u015fa\u2019da yap\u0131ld\u0131\",\"datePublished\":\"2024-06-30T12:34:54+00:00\",\"mainEntityOfPage\":{\"@id\":\"https:\\\/\\\/kibrisdakik.com\\\/?p=48016\"},\"wordCount\":183,\"commentCount\":0,\"image\":{\"@id\":\"https:\\\/\\\/kibrisdakik.com\\\/?p=48016#primaryimage\"},\"thumbnailUrl\":\"https:\\\/\\\/kibrisdakik.com\\\/wp-content\\\/uploads\\\/2024\\\/06\\\/InShot_20240629_214531976-scaled-740x420.jpg\",\"articleSection\":[\"G\u00fcndem\"],\"inLanguage\":\"tr\",\"potentialAction\":[{\"@type\":\"CommentAction\",\"name\":\"Comment\",\"target\":[\"https:\\\/\\\/kibrisdakik.com\\\/?p=48016#respond\"]}]},{\"@type\":\"WebPage\",\"@id\":\"https:\\\/\\\/kibrisdakik.com\\\/?p=48016\",\"url\":\"https:\\\/\\\/kibrisdakik.com\\\/?p=48016\",\"name\":\"Polis Birimleri Tan\u0131t\u0131m Etkinli\u011fi Lefko\u015fa\u2019da yap\u0131ld\u0131 -\",\"isPartOf\":{\"@id\":\"https:\\\/\\\/kibrisdakik.com\\\/#website\"},\"primaryImageOfPage\":{\"@id\":\"https:\\\/\\\/kibrisdakik.com\\\/?p=48016#primaryimage\"},\"image\":{\"@id\":\"https:\\\/\\\/kibrisdakik.com\\\/?p=48016#primaryimage\"},\"thumbnailUrl\":\"https:\\\/\\\/kibrisdakik.com\\\/wp-content\\\/uploads\\\/2024\\\/06\\\/InShot_20240629_214531976-scaled-740x420.jpg\",\"datePublished\":\"2024-06-30T12:34:54+00:00\",\"author\":{\"@id\":\"https:\\\/\\\/kibrisdakik.com\\\/#\\\/schema\\\/person\\\/9cd9d437bbb44f72b73ba127e06d8e79\"},\"breadcrumb\":{\"@id\":\"https:\\\/\\\/kibrisdakik.com\\\/?p=48016#breadcrumb\"},\"inLanguage\":\"tr\",\"potentialAction\":[{\"@type\":\"ReadAction\",\"target\":[\"https:\\\/\\\/kibrisdakik.com\\\/?p=48016\"]}]},{\"@type\":\"ImageObject\",\"inLanguage\":\"tr\",\"@id\":\"https:\\\/\\\/kibrisdakik.com\\\/?p=48016#primaryimage\",\"url\":\"https:\\\/\\\/kibrisdakik.com\\\/wp-content\\\/uploads\\\/2024\\\/06\\\/InShot_20240629_214531976-scaled-740x420.jpg\",\"contentUrl\":\"https:\\\/\\\/kibrisdakik.com\\\/wp-content\\\/uploads\\\/2024\\\/06\\\/InShot_20240629_214531976-scaled-740x420.jpg\",\"width\":2560,\"height\":1439},{\"@type\":\"BreadcrumbList\",\"@id\":\"https:\\\/\\\/kibrisdakik.com\\\/?p=48016#breadcrumb\",\"itemListElement\":[{\"@type\":\"ListItem\",\"position\":1,\"name\":\"Home\",\"item\":\"https:\\\/\\\/kibrisdakik.com\\\/\"},{\"@type\":\"ListItem\",\"position\":2,\"name\":\"Polis Birimleri Tan\u0131t\u0131m Etkinli\u011fi Lefko\u015fa\u2019da yap\u0131ld\u0131\"}]},{\"@type\":\"WebSite\",\"@id\":\"https:\\\/\\\/kibrisdakik.com\\\/#website\",\"url\":\"https:\\\/\\\/kibrisdakik.com\\\/\",\"name\":\"\",\"description\":\"Tam vaktinde haber\",\"potentialAction\":[{\"@type\":\"SearchAction\",\"target\":{\"@type\":\"EntryPoint\",\"urlTemplate\":\"https:\\\/\\\/kibrisdakik.com\\\/?s={search_term_string}\"},\"query-input\":{\"@type\":\"PropertyValueSpecification\",\"valueRequired\":true,\"valueName\":\"search_term_string\"}}],\"inLanguage\":\"tr\"},{\"@type\":\"Person\",\"@id\":\"https:\\\/\\\/kibrisdakik.com\\\/#\\\/schema\\\/person\\\/9cd9d437bbb44f72b73ba127e06d8e79\",\"name\":\"admin\",\"image\":{\"@type\":\"ImageObject\",\"inLanguage\":\"tr\",\"@id\":\"https:\\\/\\\/secure.gravatar.com\\\/avatar\\\/ccc17943b9d660506c869530f897617f7cb1c21a4bf30023f252596d83e1f007?s=96&d=mm&r=g\",\"url\":\"https:\\\/\\\/secure.gravatar.com\\\/avatar\\\/ccc17943b9d660506c869530f897617f7cb1c21a4bf30023f252596d83e1f007?s=96&d=mm&r=g\",\"contentUrl\":\"https:\\\/\\\/secure.gravatar.com\\\/avatar\\\/ccc17943b9d660506c869530f897617f7cb1c21a4bf30023f252596d83e1f007?s=96&d=mm&r=g\",\"caption\":\"admin\"},\"sameAs\":[\"https:\\\/\\\/kibrisdakik.com\"],\"url\":\"https:\\\/\\\/kibrisdakik.com\\\/?author=1\"}]}<\/script>\n<!-- \/ Yoast SEO plugin. -->","yoast_head_json":{"title":"Polis Birimleri Tan\u0131t\u0131m Etkinli\u011fi Lefko\u015fa\u2019da yap\u0131ld\u0131 -","robots":{"index":"index","follow":"follow","max-snippet":"max-snippet:-1","max-image-preview":"max-image-preview:large","max-video-preview":"max-video-preview:-1"},"canonical":"https:\/\/kibrisdakik.com\/?p=48016","og_locale":"tr_TR","og_type":"article","og_title":"Polis Birimleri Tan\u0131t\u0131m Etkinli\u011fi Lefko\u015fa\u2019da yap\u0131ld\u0131 -","og_description":"Polis Te\u015fkilat\u0131\u2019n\u0131n 60\u2019\u0131nc\u0131 kurulu\u015f y\u0131l d\u00f6n\u00fcm\u00fc nedeniyle d\u00fcn ak\u015fam da Lefko\u015fa\u2019da \u201cPolis Birimleri Tan\u0131t\u0131m Etkinli\u011fi\u201d ger\u00e7ekle\u015ftirildi. Polis halk i\u015fbirli\u011fini g\u00fc\u00e7lendirmek amac\u0131yla d\u00fczenlenen etkinlikte, polis birimleri halka tan\u0131t\u0131ld\u0131. Polis \u00d6rg\u00fct\u00fc\u2019n\u00fcn 60\u2019\u0131nc\u0131 kurulu\u015f y\u0131l d\u00f6n\u00fcm\u00fc nedeniyle d\u00fczenlenen Polis Haftas\u0131 Kutlama Etkinlikleri kapsam\u0131nda, Lefko\u015fa Zahra Sokak\u2019ta \u201cPolis Birimleri Tan\u0131t\u0131m Etkinli\u011fi\u201d yap\u0131ld\u0131. Polis-halk i\u015fbirli\u011finin g\u00fc\u00e7lendirilmesi hedeflenen etkinlikte, kurulan stantlarda","og_url":"https:\/\/kibrisdakik.com\/?p=48016","article_published_time":"2024-06-30T12:34:54+00:00","og_image":[{"width":2560,"height":1439,"url":"https:\/\/kibrisdakik.com\/wp-content\/uploads\/2024\/06\/InShot_20240629_214531976-scaled-740x420.jpg","type":"image\/jpeg"}],"author":"admin","twitter_card":"summary_large_image","twitter_misc":{"Yazan:":"admin","Tahmini okuma s\u00fcresi":"1 dakika"},"schema":{"@context":"https:\/\/schema.org","@graph":[{"@type":"Article","@id":"https:\/\/kibrisdakik.com\/?p=48016#article","isPartOf":{"@id":"https:\/\/kibrisdakik.com\/?p=48016"},"author":{"name":"admin","@id":"https:\/\/kibrisdakik.com\/#\/schema\/person\/9cd9d437bbb44f72b73ba127e06d8e79"},"headline":"Polis Birimleri Tan\u0131t\u0131m Etkinli\u011fi Lefko\u015fa\u2019da yap\u0131ld\u0131","datePublished":"2024-06-30T12:34:54+00:00","mainEntityOfPage":{"@id":"https:\/\/kibrisdakik.com\/?p=48016"},"wordCount":183,"commentCount":0,"image":{"@id":"https:\/\/kibrisdakik.com\/?p=48016#primaryimage"},"thumbnailUrl":"https:\/\/kibrisdakik.com\/wp-content\/uploads\/2024\/06\/InShot_20240629_214531976-scaled-740x420.jpg","articleSection":["G\u00fcndem"],"inLanguage":"tr","potentialAction":[{"@type":"CommentAction","name":"Comment","target":["https:\/\/kibrisdakik.com\/?p=48016#respond"]}]},{"@type":"WebPage","@id":"https:\/\/kibrisdakik.com\/?p=48016","url":"https:\/\/kibrisdakik.com\/?p=48016","name":"Polis Birimleri Tan\u0131t\u0131m Etkinli\u011fi Lefko\u015fa\u2019da yap\u0131ld\u0131 -","isPartOf":{"@id":"https:\/\/kibrisdakik.com\/#website"},"primaryImageOfPage":{"@id":"https:\/\/kibrisdakik.com\/?p=48016#primaryimage"},"image":{"@id":"https:\/\/kibrisdakik.com\/?p=48016#primaryimage"},"thumbnailUrl":"https:\/\/kibrisdakik.com\/wp-content\/uploads\/2024\/06\/InShot_20240629_214531976-scaled-740x420.jpg","datePublished":"2024-06-30T12:34:54+00:00","author":{"@id":"https:\/\/kibrisdakik.com\/#\/schema\/person\/9cd9d437bbb44f72b73ba127e06d8e79"},"breadcrumb":{"@id":"https:\/\/kibrisdakik.com\/?p=48016#breadcrumb"},"inLanguage":"tr","potentialAction":[{"@type":"ReadAction","target":["https:\/\/kibrisdakik.com\/?p=48016"]}]},{"@type":"ImageObject","inLanguage":"tr","@id":"https:\/\/kibrisdakik.com\/?p=48016#primaryimage","url":"https:\/\/kibrisdakik.com\/wp-content\/uploads\/2024\/06\/InShot_20240629_214531976-scaled-740x420.jpg","contentUrl":"https:\/\/kibrisdakik.com\/wp-content\/uploads\/2024\/06\/InShot_20240629_214531976-scaled-740x420.jpg","width":2560,"height":1439},{"@type":"BreadcrumbList","@id":"https:\/\/kibrisdakik.com\/?p=48016#breadcrumb","itemListElement":[{"@type":"ListItem","position":1,"name":"Home","item":"https:\/\/kibrisdakik.com\/"},{"@type":"ListItem","position":2,"name":"Polis Birimleri Tan\u0131t\u0131m Etkinli\u011fi Lefko\u015fa\u2019da yap\u0131ld\u0131"}]},{"@type":"WebSite","@id":"https:\/\/kibrisdakik.com\/#website","url":"https:\/\/kibrisdakik.com\/","name":"","description":"Tam vaktinde haber","potentialAction":[{"@type":"SearchAction","target":{"@type":"EntryPoint","urlTemplate":"https:\/\/kibrisdakik.com\/?s={search_term_string}"},"query-input":{"@type":"PropertyValueSpecification","valueRequired":true,"valueName":"search_term_string"}}],"inLanguage":"tr"},{"@type":"Person","@id":"https:\/\/kibrisdakik.com\/#\/schema\/person\/9cd9d437bbb44f72b73ba127e06d8e79","name":"admin","image":{"@type":"ImageObject","inLanguage":"tr","@id":"https:\/\/secure.gravatar.com\/avatar\/ccc17943b9d660506c869530f897617f7cb1c21a4bf30023f252596d83e1f007?s=96&d=mm&r=g","url":"https:\/\/secure.gravatar.com\/avatar\/ccc17943b9d660506c869530f897617f7cb1c21a4bf30023f252596d83e1f007?s=96&d=mm&r=g","contentUrl":"https:\/\/secure.gravatar.com\/avatar\/ccc17943b9d660506c869530f897617f7cb1c21a4bf30023f252596d83e1f007?s=96&d=mm&r=g","caption":"admin"},"sameAs":["https:\/\/kibrisdakik.com"],"url":"https:\/\/kibrisdakik.com\/?author=1"}]}},"_links":{"self":[{"href":"https:\/\/kibrisdakik.com\/index.php?rest_route=\/wp\/v2\/posts\/48016","targetHints":{"allow":["GET"]}}],"collection":[{"href":"https:\/\/kibrisdakik.com\/index.php?rest_route=\/wp\/v2\/posts"}],"about":[{"href":"https:\/\/kibrisdakik.com\/index.php?rest_route=\/wp\/v2\/types\/post"}],"author":[{"embeddable":true,"href":"https:\/\/kibrisdakik.com\/index.php?rest_route=\/wp\/v2\/users\/1"}],"replies":[{"embeddable":true,"href":"https:\/\/kibrisdakik.com\/index.php?rest_route=%2Fwp%2Fv2%2Fcomments&post=48016"}],"version-history":[{"count":0,"href":"https:\/\/kibrisdakik.com\/index.php?rest_route=\/wp\/v2\/posts\/48016\/revisions"}],"wp:featuredmedia":[{"embeddable":true,"href":"https:\/\/kibrisdakik.com\/index.php?rest_route=\/wp\/v2\/media\/47924"}],"wp:attachment":[{"href":"https:\/\/kibrisdakik.com\/index.php?rest_route=%2Fwp%2Fv2%2Fmedia&parent=48016"}],"wp:term":[{"taxonomy":"category","embeddable":true,"href":"https:\/\/kibrisdakik.com\/index.php?rest_route=%2Fwp%2Fv2%2Fcategories&post=48016"},{"taxonomy":"post_tag","embeddable":true,"href":"https:\/\/kibrisdakik.com\/index.php?rest_route=%2Fwp%2Fv2%2Ftags&post=48016"}],"curies":[{"name":"wp","href":"https:\/\/api.w.org\/{rel}","templated":true}]}}