{"id":48174,"date":"2024-07-01T18:44:04","date_gmt":"2024-07-01T18:44:04","guid":{"rendered":"https:\/\/kibrisdakik.com\/index.php\/2024\/07\/01\/kibris-vakiflarinin-tarihine-isik-tutan-eser-prof-dr-mustafa-tumere-takdim-edildi\/"},"modified":"2024-07-01T18:44:04","modified_gmt":"2024-07-01T18:44:04","slug":"kibris-vakiflarinin-tarihine-isik-tutan-eser-prof-dr-mustafa-tumere-takdim-edildi","status":"publish","type":"post","link":"https:\/\/kibrisdakik.com\/?p=48174","title":{"rendered":"K\u0131br\u0131s Vak\u0131flar\u0131n\u0131n Tarihine I\u015f\u0131k Tutan Eser, Prof. Dr. Mustafa T\u00fcmer\u2019e Takdim Edildi"},"content":{"rendered":"<p><img decoding=\"async\" src=\"https:\/\/www.kibristurk.com\/images\/haberler\/2024\/07\/kibris-vakiflarinin-tarihine-isik-tutan-eser-prof-dr-mustafa-tumere-takdim-edildi-1719858147.webp\" \/><\/p>\n<p>Ziyaret s\u0131ras\u0131nda, Mustafa Ha\u015fim Altan\u2019\u0131n kaleme ald\u0131\u011f\u0131 ve 4 ciltten olu\u015fan &#8220;K\u0131br\u0131s\u2019ta T\u00fcrk Mallar\u0131 &#8211; Gaspedilen ve Yitirilen T\u00fcrk Tapu ve Arazi Haklar\u0131&#8221; adl\u0131 kitaplar T\u00fcmer\u2019e hediye edildi.&nbsp;<\/p>\n<p>Bu kitaplarda, \u0130ngiliz S\u00f6m\u00fcrge Y\u00f6netimi sonucunda K\u0131br\u0131s\u2019ta y\u0131llarca gaspedilen arazileri, Evkaf yasalar\u0131na ve mallar\u0131na yap\u0131lan m\u00fcdahaleleri, cami mallar\u0131n\u0131n ve \u0130slam mezarl\u0131klar\u0131n\u0131n ya\u011fmalanmas\u0131, vak\u0131f mal\u0131 olan Mara\u015f\u2019\u0131n tapu haklar\u0131na yap\u0131lan sald\u0131r\u0131lar gibi konular detayl\u0131 bir \u015fekilde ele al\u0131nm\u0131\u015ft\u0131r.<\/p>\n<p>Tarihsel s\u00fcre\u00e7te ya\u015fanan haks\u0131zl\u0131klar\u0131 ortaya koyan ve adaletin sa\u011flanmas\u0131 i\u00e7in gerekli ad\u0131mlar\u0131n at\u0131lmas\u0131na katk\u0131da bulunmay\u0131 ama\u00e7layan bu \u00e7al\u0131\u015fma, ayn\u0131 zamanda K\u0131br\u0131s Vak\u0131flar\u0131n\u0131n tarihine de \u00f6nemli \u00f6l\u00e7\u00fcde \u0131\u015f\u0131k tutmaktad\u0131r.<\/p>\n","protected":false},"excerpt":{"rendered":"<p>Ziyaret s\u0131ras\u0131nda, Mustafa Ha\u015fim Altan\u2019\u0131n kaleme ald\u0131\u011f\u0131 ve 4 ciltten olu\u015fan &#8220;K\u0131br\u0131s\u2019ta T\u00fcrk Mallar\u0131 &#8211; Gaspedilen ve Yitirilen T\u00fcrk Tapu ve Arazi Haklar\u0131&#8221; adl\u0131 kitaplar T\u00fcmer\u2019e hediye edildi.&nbsp; Bu kitaplarda, \u0130ngiliz S\u00f6m\u00fcrge Y\u00f6netimi sonucunda K\u0131br\u0131s\u2019ta y\u0131llarca gaspedilen arazileri, Evkaf yasalar\u0131na ve mallar\u0131na yap\u0131lan m\u00fcdahaleleri, cami mallar\u0131n\u0131n ve \u0130slam mezarl\u0131klar\u0131n\u0131n ya\u011fmalanmas\u0131, vak\u0131f mal\u0131 olan Mara\u015f\u2019\u0131n tapu<\/p>\n","protected":false},"author":1,"featured_media":48175,"comment_status":"open","ping_status":"open","sticky":false,"template":"","format":"standard","meta":{"footnotes":""},"categories":[85],"tags":[],"class_list":["post-48174","post","type-post","status-publish","format-standard","has-post-thumbnail","hentry","category-spor"],"yoast_head":"<!-- This site is optimized with the Yoast SEO plugin v27.4 - https:\/\/yoast.com\/product\/yoast-seo-wordpress\/ -->\n<title>K\u0131br\u0131s Vak\u0131flar\u0131n\u0131n Tarihine I\u015f\u0131k Tutan Eser, Prof. Dr. Mustafa T\u00fcmer\u2019e Takdim Edildi -<\/title>\n<meta name=\"robots\" content=\"index, follow, max-snippet:-1, max-image-preview:large, max-video-preview:-1\" \/>\n<link rel=\"canonical\" href=\"https:\/\/kibrisdakik.com\/?p=48174\" \/>\n<meta property=\"og:locale\" content=\"tr_TR\" \/>\n<meta property=\"og:type\" content=\"article\" \/>\n<meta property=\"og:title\" content=\"K\u0131br\u0131s Vak\u0131flar\u0131n\u0131n Tarihine I\u015f\u0131k Tutan Eser, Prof. Dr. Mustafa T\u00fcmer\u2019e Takdim Edildi -\" \/>\n<meta property=\"og:description\" content=\"Ziyaret s\u0131ras\u0131nda, Mustafa Ha\u015fim Altan\u2019\u0131n kaleme ald\u0131\u011f\u0131 ve 4 ciltten olu\u015fan &#8220;K\u0131br\u0131s\u2019ta T\u00fcrk Mallar\u0131 &#8211; Gaspedilen ve Yitirilen T\u00fcrk Tapu ve Arazi Haklar\u0131&#8221; adl\u0131 kitaplar T\u00fcmer\u2019e hediye edildi.&nbsp; Bu kitaplarda, \u0130ngiliz S\u00f6m\u00fcrge Y\u00f6netimi sonucunda K\u0131br\u0131s\u2019ta y\u0131llarca gaspedilen arazileri, Evkaf yasalar\u0131na ve mallar\u0131na yap\u0131lan m\u00fcdahaleleri, cami mallar\u0131n\u0131n ve \u0130slam mezarl\u0131klar\u0131n\u0131n ya\u011fmalanmas\u0131, vak\u0131f mal\u0131 olan Mara\u015f\u2019\u0131n tapu\" \/>\n<meta property=\"og:url\" content=\"https:\/\/kibrisdakik.com\/?p=48174\" \/>\n<meta property=\"article:published_time\" content=\"2024-07-01T18:44:04+00:00\" \/>\n<meta property=\"og:image\" content=\"https:\/\/kibrisdakik.com\/wp-content\/uploads\/2024\/07\/kibris-vakiflarinin-tarihine-isik-tutan-eser-prof-dr-mustafa-tumere-takdim-edildi-1719858147.webp.webp\" \/>\n\t<meta property=\"og:image:width\" content=\"710\" \/>\n\t<meta property=\"og:image:height\" content=\"370\" \/>\n\t<meta property=\"og:image:type\" content=\"image\/webp\" \/>\n<meta name=\"author\" content=\"admin\" \/>\n<meta name=\"twitter:card\" content=\"summary_large_image\" \/>\n<meta name=\"twitter:label1\" content=\"Yazan:\" \/>\n\t<meta name=\"twitter:data1\" content=\"admin\" \/>\n\t<meta name=\"twitter:label2\" content=\"Tahmini okuma s\u00fcresi\" \/>\n\t<meta name=\"twitter:data2\" content=\"1 dakika\" \/>\n<script type=\"application\/ld+json\" class=\"yoast-schema-graph\">{\"@context\":\"https:\\\/\\\/schema.org\",\"@graph\":[{\"@type\":\"Article\",\"@id\":\"https:\\\/\\\/kibrisdakik.com\\\/?p=48174#article\",\"isPartOf\":{\"@id\":\"https:\\\/\\\/kibrisdakik.com\\\/?p=48174\"},\"author\":{\"name\":\"admin\",\"@id\":\"https:\\\/\\\/kibrisdakik.com\\\/#\\\/schema\\\/person\\\/9cd9d437bbb44f72b73ba127e06d8e79\"},\"headline\":\"K\u0131br\u0131s Vak\u0131flar\u0131n\u0131n Tarihine I\u015f\u0131k Tutan Eser, Prof. Dr. Mustafa T\u00fcmer\u2019e Takdim Edildi\",\"datePublished\":\"2024-07-01T18:44:04+00:00\",\"mainEntityOfPage\":{\"@id\":\"https:\\\/\\\/kibrisdakik.com\\\/?p=48174\"},\"wordCount\":172,\"commentCount\":0,\"image\":{\"@id\":\"https:\\\/\\\/kibrisdakik.com\\\/?p=48174#primaryimage\"},\"thumbnailUrl\":\"https:\\\/\\\/kibrisdakik.com\\\/wp-content\\\/uploads\\\/2024\\\/07\\\/kibris-vakiflarinin-tarihine-isik-tutan-eser-prof-dr-mustafa-tumere-takdim-edildi-1719858147.webp.webp\",\"articleSection\":[\"Spor\"],\"inLanguage\":\"tr\",\"potentialAction\":[{\"@type\":\"CommentAction\",\"name\":\"Comment\",\"target\":[\"https:\\\/\\\/kibrisdakik.com\\\/?p=48174#respond\"]}]},{\"@type\":\"WebPage\",\"@id\":\"https:\\\/\\\/kibrisdakik.com\\\/?p=48174\",\"url\":\"https:\\\/\\\/kibrisdakik.com\\\/?p=48174\",\"name\":\"K\u0131br\u0131s Vak\u0131flar\u0131n\u0131n Tarihine I\u015f\u0131k Tutan Eser, Prof. Dr. Mustafa T\u00fcmer\u2019e Takdim Edildi -\",\"isPartOf\":{\"@id\":\"https:\\\/\\\/kibrisdakik.com\\\/#website\"},\"primaryImageOfPage\":{\"@id\":\"https:\\\/\\\/kibrisdakik.com\\\/?p=48174#primaryimage\"},\"image\":{\"@id\":\"https:\\\/\\\/kibrisdakik.com\\\/?p=48174#primaryimage\"},\"thumbnailUrl\":\"https:\\\/\\\/kibrisdakik.com\\\/wp-content\\\/uploads\\\/2024\\\/07\\\/kibris-vakiflarinin-tarihine-isik-tutan-eser-prof-dr-mustafa-tumere-takdim-edildi-1719858147.webp.webp\",\"datePublished\":\"2024-07-01T18:44:04+00:00\",\"author\":{\"@id\":\"https:\\\/\\\/kibrisdakik.com\\\/#\\\/schema\\\/person\\\/9cd9d437bbb44f72b73ba127e06d8e79\"},\"breadcrumb\":{\"@id\":\"https:\\\/\\\/kibrisdakik.com\\\/?p=48174#breadcrumb\"},\"inLanguage\":\"tr\",\"potentialAction\":[{\"@type\":\"ReadAction\",\"target\":[\"https:\\\/\\\/kibrisdakik.com\\\/?p=48174\"]}]},{\"@type\":\"ImageObject\",\"inLanguage\":\"tr\",\"@id\":\"https:\\\/\\\/kibrisdakik.com\\\/?p=48174#primaryimage\",\"url\":\"https:\\\/\\\/kibrisdakik.com\\\/wp-content\\\/uploads\\\/2024\\\/07\\\/kibris-vakiflarinin-tarihine-isik-tutan-eser-prof-dr-mustafa-tumere-takdim-edildi-1719858147.webp.webp\",\"contentUrl\":\"https:\\\/\\\/kibrisdakik.com\\\/wp-content\\\/uploads\\\/2024\\\/07\\\/kibris-vakiflarinin-tarihine-isik-tutan-eser-prof-dr-mustafa-tumere-takdim-edildi-1719858147.webp.webp\",\"width\":710,\"height\":370},{\"@type\":\"BreadcrumbList\",\"@id\":\"https:\\\/\\\/kibrisdakik.com\\\/?p=48174#breadcrumb\",\"itemListElement\":[{\"@type\":\"ListItem\",\"position\":1,\"name\":\"Home\",\"item\":\"https:\\\/\\\/kibrisdakik.com\\\/\"},{\"@type\":\"ListItem\",\"position\":2,\"name\":\"K\u0131br\u0131s Vak\u0131flar\u0131n\u0131n Tarihine I\u015f\u0131k Tutan Eser, Prof. Dr. Mustafa T\u00fcmer\u2019e Takdim Edildi\"}]},{\"@type\":\"WebSite\",\"@id\":\"https:\\\/\\\/kibrisdakik.com\\\/#website\",\"url\":\"https:\\\/\\\/kibrisdakik.com\\\/\",\"name\":\"\",\"description\":\"Tam vaktinde haber\",\"potentialAction\":[{\"@type\":\"SearchAction\",\"target\":{\"@type\":\"EntryPoint\",\"urlTemplate\":\"https:\\\/\\\/kibrisdakik.com\\\/?s={search_term_string}\"},\"query-input\":{\"@type\":\"PropertyValueSpecification\",\"valueRequired\":true,\"valueName\":\"search_term_string\"}}],\"inLanguage\":\"tr\"},{\"@type\":\"Person\",\"@id\":\"https:\\\/\\\/kibrisdakik.com\\\/#\\\/schema\\\/person\\\/9cd9d437bbb44f72b73ba127e06d8e79\",\"name\":\"admin\",\"image\":{\"@type\":\"ImageObject\",\"inLanguage\":\"tr\",\"@id\":\"https:\\\/\\\/secure.gravatar.com\\\/avatar\\\/ccc17943b9d660506c869530f897617f7cb1c21a4bf30023f252596d83e1f007?s=96&d=mm&r=g\",\"url\":\"https:\\\/\\\/secure.gravatar.com\\\/avatar\\\/ccc17943b9d660506c869530f897617f7cb1c21a4bf30023f252596d83e1f007?s=96&d=mm&r=g\",\"contentUrl\":\"https:\\\/\\\/secure.gravatar.com\\\/avatar\\\/ccc17943b9d660506c869530f897617f7cb1c21a4bf30023f252596d83e1f007?s=96&d=mm&r=g\",\"caption\":\"admin\"},\"sameAs\":[\"https:\\\/\\\/kibrisdakik.com\"],\"url\":\"https:\\\/\\\/kibrisdakik.com\\\/?author=1\"}]}<\/script>\n<!-- \/ Yoast SEO plugin. -->","yoast_head_json":{"title":"K\u0131br\u0131s Vak\u0131flar\u0131n\u0131n Tarihine I\u015f\u0131k Tutan Eser, Prof. Dr. Mustafa T\u00fcmer\u2019e Takdim Edildi -","robots":{"index":"index","follow":"follow","max-snippet":"max-snippet:-1","max-image-preview":"max-image-preview:large","max-video-preview":"max-video-preview:-1"},"canonical":"https:\/\/kibrisdakik.com\/?p=48174","og_locale":"tr_TR","og_type":"article","og_title":"K\u0131br\u0131s Vak\u0131flar\u0131n\u0131n Tarihine I\u015f\u0131k Tutan Eser, Prof. Dr. Mustafa T\u00fcmer\u2019e Takdim Edildi -","og_description":"Ziyaret s\u0131ras\u0131nda, Mustafa Ha\u015fim Altan\u2019\u0131n kaleme ald\u0131\u011f\u0131 ve 4 ciltten olu\u015fan &#8220;K\u0131br\u0131s\u2019ta T\u00fcrk Mallar\u0131 &#8211; Gaspedilen ve Yitirilen T\u00fcrk Tapu ve Arazi Haklar\u0131&#8221; adl\u0131 kitaplar T\u00fcmer\u2019e hediye edildi.&nbsp; Bu kitaplarda, \u0130ngiliz S\u00f6m\u00fcrge Y\u00f6netimi sonucunda K\u0131br\u0131s\u2019ta y\u0131llarca gaspedilen arazileri, Evkaf yasalar\u0131na ve mallar\u0131na yap\u0131lan m\u00fcdahaleleri, cami mallar\u0131n\u0131n ve \u0130slam mezarl\u0131klar\u0131n\u0131n ya\u011fmalanmas\u0131, vak\u0131f mal\u0131 olan Mara\u015f\u2019\u0131n tapu","og_url":"https:\/\/kibrisdakik.com\/?p=48174","article_published_time":"2024-07-01T18:44:04+00:00","og_image":[{"width":710,"height":370,"url":"https:\/\/kibrisdakik.com\/wp-content\/uploads\/2024\/07\/kibris-vakiflarinin-tarihine-isik-tutan-eser-prof-dr-mustafa-tumere-takdim-edildi-1719858147.webp.webp","type":"image\/webp"}],"author":"admin","twitter_card":"summary_large_image","twitter_misc":{"Yazan:":"admin","Tahmini okuma s\u00fcresi":"1 dakika"},"schema":{"@context":"https:\/\/schema.org","@graph":[{"@type":"Article","@id":"https:\/\/kibrisdakik.com\/?p=48174#article","isPartOf":{"@id":"https:\/\/kibrisdakik.com\/?p=48174"},"author":{"name":"admin","@id":"https:\/\/kibrisdakik.com\/#\/schema\/person\/9cd9d437bbb44f72b73ba127e06d8e79"},"headline":"K\u0131br\u0131s Vak\u0131flar\u0131n\u0131n Tarihine I\u015f\u0131k Tutan Eser, Prof. Dr. Mustafa T\u00fcmer\u2019e Takdim Edildi","datePublished":"2024-07-01T18:44:04+00:00","mainEntityOfPage":{"@id":"https:\/\/kibrisdakik.com\/?p=48174"},"wordCount":172,"commentCount":0,"image":{"@id":"https:\/\/kibrisdakik.com\/?p=48174#primaryimage"},"thumbnailUrl":"https:\/\/kibrisdakik.com\/wp-content\/uploads\/2024\/07\/kibris-vakiflarinin-tarihine-isik-tutan-eser-prof-dr-mustafa-tumere-takdim-edildi-1719858147.webp.webp","articleSection":["Spor"],"inLanguage":"tr","potentialAction":[{"@type":"CommentAction","name":"Comment","target":["https:\/\/kibrisdakik.com\/?p=48174#respond"]}]},{"@type":"WebPage","@id":"https:\/\/kibrisdakik.com\/?p=48174","url":"https:\/\/kibrisdakik.com\/?p=48174","name":"K\u0131br\u0131s Vak\u0131flar\u0131n\u0131n Tarihine I\u015f\u0131k Tutan Eser, Prof. Dr. Mustafa T\u00fcmer\u2019e Takdim Edildi -","isPartOf":{"@id":"https:\/\/kibrisdakik.com\/#website"},"primaryImageOfPage":{"@id":"https:\/\/kibrisdakik.com\/?p=48174#primaryimage"},"image":{"@id":"https:\/\/kibrisdakik.com\/?p=48174#primaryimage"},"thumbnailUrl":"https:\/\/kibrisdakik.com\/wp-content\/uploads\/2024\/07\/kibris-vakiflarinin-tarihine-isik-tutan-eser-prof-dr-mustafa-tumere-takdim-edildi-1719858147.webp.webp","datePublished":"2024-07-01T18:44:04+00:00","author":{"@id":"https:\/\/kibrisdakik.com\/#\/schema\/person\/9cd9d437bbb44f72b73ba127e06d8e79"},"breadcrumb":{"@id":"https:\/\/kibrisdakik.com\/?p=48174#breadcrumb"},"inLanguage":"tr","potentialAction":[{"@type":"ReadAction","target":["https:\/\/kibrisdakik.com\/?p=48174"]}]},{"@type":"ImageObject","inLanguage":"tr","@id":"https:\/\/kibrisdakik.com\/?p=48174#primaryimage","url":"https:\/\/kibrisdakik.com\/wp-content\/uploads\/2024\/07\/kibris-vakiflarinin-tarihine-isik-tutan-eser-prof-dr-mustafa-tumere-takdim-edildi-1719858147.webp.webp","contentUrl":"https:\/\/kibrisdakik.com\/wp-content\/uploads\/2024\/07\/kibris-vakiflarinin-tarihine-isik-tutan-eser-prof-dr-mustafa-tumere-takdim-edildi-1719858147.webp.webp","width":710,"height":370},{"@type":"BreadcrumbList","@id":"https:\/\/kibrisdakik.com\/?p=48174#breadcrumb","itemListElement":[{"@type":"ListItem","position":1,"name":"Home","item":"https:\/\/kibrisdakik.com\/"},{"@type":"ListItem","position":2,"name":"K\u0131br\u0131s Vak\u0131flar\u0131n\u0131n Tarihine I\u015f\u0131k Tutan Eser, Prof. Dr. Mustafa T\u00fcmer\u2019e Takdim Edildi"}]},{"@type":"WebSite","@id":"https:\/\/kibrisdakik.com\/#website","url":"https:\/\/kibrisdakik.com\/","name":"","description":"Tam vaktinde haber","potentialAction":[{"@type":"SearchAction","target":{"@type":"EntryPoint","urlTemplate":"https:\/\/kibrisdakik.com\/?s={search_term_string}"},"query-input":{"@type":"PropertyValueSpecification","valueRequired":true,"valueName":"search_term_string"}}],"inLanguage":"tr"},{"@type":"Person","@id":"https:\/\/kibrisdakik.com\/#\/schema\/person\/9cd9d437bbb44f72b73ba127e06d8e79","name":"admin","image":{"@type":"ImageObject","inLanguage":"tr","@id":"https:\/\/secure.gravatar.com\/avatar\/ccc17943b9d660506c869530f897617f7cb1c21a4bf30023f252596d83e1f007?s=96&d=mm&r=g","url":"https:\/\/secure.gravatar.com\/avatar\/ccc17943b9d660506c869530f897617f7cb1c21a4bf30023f252596d83e1f007?s=96&d=mm&r=g","contentUrl":"https:\/\/secure.gravatar.com\/avatar\/ccc17943b9d660506c869530f897617f7cb1c21a4bf30023f252596d83e1f007?s=96&d=mm&r=g","caption":"admin"},"sameAs":["https:\/\/kibrisdakik.com"],"url":"https:\/\/kibrisdakik.com\/?author=1"}]}},"_links":{"self":[{"href":"https:\/\/kibrisdakik.com\/index.php?rest_route=\/wp\/v2\/posts\/48174","targetHints":{"allow":["GET"]}}],"collection":[{"href":"https:\/\/kibrisdakik.com\/index.php?rest_route=\/wp\/v2\/posts"}],"about":[{"href":"https:\/\/kibrisdakik.com\/index.php?rest_route=\/wp\/v2\/types\/post"}],"author":[{"embeddable":true,"href":"https:\/\/kibrisdakik.com\/index.php?rest_route=\/wp\/v2\/users\/1"}],"replies":[{"embeddable":true,"href":"https:\/\/kibrisdakik.com\/index.php?rest_route=%2Fwp%2Fv2%2Fcomments&post=48174"}],"version-history":[{"count":0,"href":"https:\/\/kibrisdakik.com\/index.php?rest_route=\/wp\/v2\/posts\/48174\/revisions"}],"wp:featuredmedia":[{"embeddable":true,"href":"https:\/\/kibrisdakik.com\/index.php?rest_route=\/wp\/v2\/media\/48175"}],"wp:attachment":[{"href":"https:\/\/kibrisdakik.com\/index.php?rest_route=%2Fwp%2Fv2%2Fmedia&parent=48174"}],"wp:term":[{"taxonomy":"category","embeddable":true,"href":"https:\/\/kibrisdakik.com\/index.php?rest_route=%2Fwp%2Fv2%2Fcategories&post=48174"},{"taxonomy":"post_tag","embeddable":true,"href":"https:\/\/kibrisdakik.com\/index.php?rest_route=%2Fwp%2Fv2%2Ftags&post=48174"}],"curies":[{"name":"wp","href":"https:\/\/api.w.org\/{rel}","templated":true}]}}