{"id":4818,"date":"2023-04-09T09:37:51","date_gmt":"2023-04-09T09:37:51","guid":{"rendered":"https:\/\/kibrisdakik.com\/index.php\/2023\/04\/09\/6-farkli-kaza\/"},"modified":"2023-04-09T09:37:51","modified_gmt":"2023-04-09T09:37:51","slug":"6-farkli-kaza","status":"publish","type":"post","link":"https:\/\/kibrisdakik.com\/?p=4818","title":{"rendered":"6 Farkl\u0131 kaza"},"content":{"rendered":"<p><\/p>\n<div>\n<div class=\"mariselle-image-container center\">\n                <img width=\"736\" height=\"384\" class=\"lazy-image\" alt=\"\" decoding=\"async\" loading=\"lazy\" sizes=\"auto, (max-width: 736px) 100vw, 736px\" src=\"https:\/\/brtk.net\/wp-content\/uploads\/2023\/02\/13\/Trafik-Kazasi_polis-logolu.png?ver=aa32ffaa6f0b5cbf2caded614d8e09f3\" srcset=\"https:\/\/brtk.net\/wp-content\/uploads\/2023\/02\/13\/Trafik-Kazasi_polis-logolu.png?ver=aa32ffaa6f0b5cbf2caded614d8e09f3 736w, https:\/\/brtk.net\/wp-content\/uploads\/2023\/02\/13\/Trafik-Kazasi_polis-logolu-300x157.png?ver=aa32ffaa6f0b5cbf2caded614d8e09f3 300w\"\/>                            <\/div>\n<p>Polis Bas\u0131n Subayl\u0131\u011f\u0131\u2019ndan verilen bilgiye g\u00f6re d\u00fcn aksam (08.04.2023)  saat 22:30 s\u0131ralar\u0131nda, Gazima\u011fusa-Lefko\u015fa Anayolu \u00fczerinde, Aykut T\u00dcRKMEN (E-27) 235 miligram alkoll\u00fc i\u00e7ki tesiri alt\u0131nda, y\u00f6netimindeki GG 564 plakal\u0131 ara\u00e7 ile bat\u0131 istikametine do\u011fru seyretti\u011fi s\u0131rada Hamitk\u00f6y \u00c7emberi yak\u0131nlar\u0131na geldi\u011finde, dikkatsizli\u011fi sonucu direksiyon hakimiyetini kaybederek anayol \u00fczerinde ayn\u0131 istikamete do\u011fru seyreden Serkan \u00c7EL\u0130K(E-19) y\u00f6netimindeki KC 430 plakal\u0131 arac\u0131n sol \u00f6n yan k\u0131sm\u0131na \u00e7arpm\u0131\u015ft\u0131r. Kaza sonucu yaralanan GG 564 plakal\u0131 ara\u00e7 s\u00fcr\u00fcc\u00fcs\u00fc Aykut T\u00dcRKMEN, kald\u0131r\u0131ld\u0131\u011f\u0131 Lefko\u015fa Dr. Burhan Nalbanto\u011flu Devlet Hastanesi\u2019nde yap\u0131lan tedavisinin ard\u0131ndan m\u00fc\u015fahede alt\u0131na al\u0131nm\u0131\u015ft\u0131r. <\/p>\n<p>Saat 23:00 s\u0131ralar\u0131nda, Gazima\u011fusa\u2019da \u0130smet \u0130n\u00f6n\u00fc Bulvar\u0131 \u00fczerinde, Furkan S\u00dcNMEZ (E-24), y\u00f6netimindeki UK 431 plakal\u0131 ara\u00e7 ile \u0130skele istikametine do\u011fru seyreden seyretti\u011fi s\u0131rada Koruk Market \u00f6nlerine geldi\u011finde, dikkatsizli\u011fi sonucu o esnada yolu kar\u015f\u0131dan kar\u015f\u0131ya yaya olarak ge\u00e7mekte olan O\u011fuzhan TOKATLI(E-20)\u2019ya \u00e7arpm\u0131\u015ft\u0131r. Kaza sonucu yaralanan yaya O\u011fuzhan TOKATLI, kald\u0131r\u0131ld\u0131\u011f\u0131 Gazima\u011fusa Devlet Hastanesi\u2019nde yap\u0131lan tedavisinin ard\u0131ndan, sa\u011f aya\u011f\u0131nda k\u0131r\u0131k te\u015fhisi nedeniyle m\u00fc\u015fahede alt\u0131na al\u0131nm\u0131\u015ft\u0131r. Ara\u00e7 s\u00fcr\u00fcc\u00fcs\u00fc Furkan S\u00dcNMEZ tutukland\u0131.<\/p>\n<p>\u00d6te yandan ak\u015fam saat 02:00 s\u0131ralar\u0131nda, Gazima\u011fusa-\u0130skele Anayolu \u00fczerinde, Amin BORJ\u0130 (E-19) 62 miligram alkoll\u00fc i\u00e7ki tesiri alt\u0131nda, y\u00f6netimindeki PC 481 plakal\u0131 ara\u00e7 ile \u0130skele istikametine do\u011fru seyretti\u011fi s\u0131rada Eyva \u00c7emberi yak\u0131nlar\u0131na geldi\u011finde, dikkatsizli\u011fi sonucu direksiyon hakimiyetini kaybederek yolun solunda bulunan kald\u0131r\u0131m ta\u015flar\u0131na \u00e7arpm\u0131\u015ft\u0131r. Kaza sonucu yaralanan olmad\u0131. Ara\u00e7 s\u00fcr\u00fcc\u00fcs\u00fc Amin BORJ\u0130 tutuklanm\u0131\u015f olup, soru\u015fturma devam etmektedir.<\/p>\n<p>Polis ayr\u0131ca  saat 02:30 s\u0131ralar\u0131nda, \u0130skele Ceasar Resort \u0130\u00e7erisinde, Petr ISIAKIN (E-37) 249 miligram alkoll\u00fc i\u00e7ki tesiri alt\u0131nda, y\u00f6netimindeki UF 596 plakal\u0131 ara\u00e7 ile bat\u0131 istikametine do\u011fru seyretti\u011fi s\u0131rada, dikkatsizli\u011fi sonucu yol kenar\u0131nda park halinde bulunan PM 986 plakal\u0131 arac\u0131n sol arka k\u0131sm\u0131na \u00e7arpm\u0131\u015ft\u0131r. \u00c7arpman\u0131n etkisiyle PM 986 plakal\u0131 ara\u00e7, ileriye savrularak yine yol kenar\u0131nda park halinde bulunan ZUC 523 plakal\u0131 arac\u0131n sol yan k\u0131sm\u0131na \u00e7arpm\u0131\u015ft\u0131r. Kaza sonucu yaralanan olmad\u0131. UF 596 plakal\u0131 ara\u00e7  s\u00fcr\u00fcc\u00fcs\u00fc Petr ISIAKIN tutukland\u0131<\/p>\n<p>Polisten  verilen bilgiye g\u00f6re saat 01:15 s\u0131ralar\u0131nda, G\u00f6nyeli\u2019de Atat\u00fcrk Caddesi \u00fczerinde, Mehmet Ali KO\u00c7 (E-16) y\u00f6netimindeki EM 167 plakal\u0131 salon ara\u00e7 ile g\u00fcney istikametine do\u011fru seyretti\u011fi s\u0131rada Ecevit Sokak yol kav\u015fa\u011f\u0131na geldi\u011finde, dikkatsizli\u011fi sonucu o esnada \u00f6n\u00fcnde ayn\u0131 istikamete do\u011fru seyreden ve Ecevit Soka\u011fa d\u00f6nmek i\u00e7in beklemekte olan Sevda BAYG\u00dcN (K-47) y\u00f6netimindeki PR 126 plakal\u0131 salon arac\u0131n arka k\u0131sm\u0131na \u00e7arpm\u0131\u015ft\u0131r. Kaza sonucu yaralanan olmad\u0131. EM 167 plakal\u0131 ara\u00e7 s\u00fcr\u00fcc\u00fcs\u00fc Mehmet Ali KO\u00c7, s\u00fcr\u00fc\u015f ehliyetsiz ve sigorta kapsamaks\u0131z\u0131n ara\u00e7 kullanmak su\u00e7lar\u0131ndan tutukland\u0131.<\/p>\n<p>\u00d6te yandan saat 04:30 s\u0131ralar\u0131nda, Lefko\u015fa-Girne Anayolu 2-3\u2019\u00fcnc\u00fc kilometreleri aras\u0131nda, Mustafa \u00d6ZT\u00dcRK (E-28) 224 miligram alkoll\u00fc i\u00e7ki tesiri alt\u0131nda, y\u00f6netimindeki ZRB 802 plakal\u0131 ara\u00e7 ile Lefko\u015fa istikametine do\u011fru seyretti\u011fi s\u0131rada, Lefko\u015fa Kuzey \u00c7evre Yolu kav\u015fa\u011f\u0131n\u0131 ge\u00e7tikten sonra sola meyilli viraja geldi\u011finde, dikkatsizli\u011fi sonucu direksiyon hakimiyetini kaybederek yolun solundan \u00e7\u0131km\u0131\u015f ve toprak sete \u00e7arp\u0131p durmu\u015ftur. Kaza sonucu ara\u00e7 s\u00fcr\u00fcc\u00fcs\u00fc Mustafa \u00d6ZT\u00dcRK, kald\u0131r\u0131ld\u0131\u011f\u0131 Lefko\u015fa Dr. Burhan Nalbanto\u011flu Devlet Hastanesi\u2019nde yap\u0131lan tedavisinin ard\u0131ndan m\u00fc\u015fahede alt\u0131na al\u0131nm\u0131\u015ft\u0131r. <\/p>\n<p>Polisin kazalarla ilgili soru\u015fturmas\u0131 devam etmektedir.<\/p>\n<p>PGM\/<a href=\"https:\/\/brtk.net\/\">BRT<\/a><\/p>\n<\/p><\/div>\n<p><script async\n                    defer\n                    crossorigin=\"anonymous\"\n                    src=\"https:\/\/connect.facebook.net\/tr_TR\/sdk.js#xfbml=1&#038;version=v3.3\"\n            ><\/script><\/p>\n","protected":false},"excerpt":{"rendered":"<p>Polis Bas\u0131n Subayl\u0131\u011f\u0131\u2019ndan verilen bilgiye g\u00f6re d\u00fcn aksam (08.04.2023) saat 22:30 s\u0131ralar\u0131nda, Gazima\u011fusa-Lefko\u015fa Anayolu \u00fczerinde, Aykut T\u00dcRKMEN (E-27) 235 miligram alkoll\u00fc i\u00e7ki tesiri alt\u0131nda, y\u00f6netimindeki GG 564 plakal\u0131 ara\u00e7 ile bat\u0131 istikametine do\u011fru seyretti\u011fi s\u0131rada Hamitk\u00f6y \u00c7emberi yak\u0131nlar\u0131na geldi\u011finde, dikkatsizli\u011fi sonucu direksiyon hakimiyetini kaybederek anayol \u00fczerinde ayn\u0131 istikamete do\u011fru seyreden Serkan \u00c7EL\u0130K(E-19) y\u00f6netimindeki KC 430<\/p>\n","protected":false},"author":1,"featured_media":1779,"comment_status":"open","ping_status":"open","sticky":false,"template":"","format":"standard","meta":{"footnotes":""},"categories":[1],"tags":[],"class_list":["post-4818","post","type-post","status-publish","format-standard","has-post-thumbnail","hentry","category-gundem"],"yoast_head":"<!-- This site is optimized with the Yoast SEO plugin v27.5 - https:\/\/yoast.com\/product\/yoast-seo-wordpress\/ -->\n<title>6 Farkl\u0131 kaza -<\/title>\n<meta name=\"robots\" content=\"index, follow, max-snippet:-1, max-image-preview:large, max-video-preview:-1\" \/>\n<link rel=\"canonical\" href=\"https:\/\/kibrisdakik.com\/?p=4818\" \/>\n<meta property=\"og:locale\" content=\"tr_TR\" \/>\n<meta property=\"og:type\" content=\"article\" \/>\n<meta property=\"og:title\" content=\"6 Farkl\u0131 kaza -\" \/>\n<meta property=\"og:description\" content=\"Polis Bas\u0131n Subayl\u0131\u011f\u0131\u2019ndan verilen bilgiye g\u00f6re d\u00fcn aksam (08.04.2023) saat 22:30 s\u0131ralar\u0131nda, Gazima\u011fusa-Lefko\u015fa Anayolu \u00fczerinde, Aykut T\u00dcRKMEN (E-27) 235 miligram alkoll\u00fc i\u00e7ki tesiri alt\u0131nda, y\u00f6netimindeki GG 564 plakal\u0131 ara\u00e7 ile bat\u0131 istikametine do\u011fru seyretti\u011fi s\u0131rada Hamitk\u00f6y \u00c7emberi yak\u0131nlar\u0131na geldi\u011finde, dikkatsizli\u011fi sonucu direksiyon hakimiyetini kaybederek anayol \u00fczerinde ayn\u0131 istikamete do\u011fru seyreden Serkan \u00c7EL\u0130K(E-19) y\u00f6netimindeki KC 430\" \/>\n<meta property=\"og:url\" content=\"https:\/\/kibrisdakik.com\/?p=4818\" \/>\n<meta property=\"article:published_time\" content=\"2023-04-09T09:37:51+00:00\" \/>\n<meta property=\"og:image\" content=\"https:\/\/kibrisdakik.com\/wp-content\/uploads\/2023\/02\/Trafik-Kazasi_polis-logolu.png\" \/>\n\t<meta property=\"og:image:width\" content=\"736\" \/>\n\t<meta property=\"og:image:height\" content=\"384\" \/>\n\t<meta property=\"og:image:type\" content=\"image\/png\" \/>\n<meta name=\"author\" content=\"admin\" \/>\n<meta name=\"twitter:card\" content=\"summary_large_image\" \/>\n<meta name=\"twitter:label1\" content=\"Yazan:\" \/>\n\t<meta name=\"twitter:data1\" content=\"admin\" \/>\n\t<meta name=\"twitter:label2\" content=\"Tahmini okuma s\u00fcresi\" \/>\n\t<meta name=\"twitter:data2\" content=\"3 dakika\" \/>\n<script type=\"application\/ld+json\" class=\"yoast-schema-graph\">{\"@context\":\"https:\\\/\\\/schema.org\",\"@graph\":[{\"@type\":\"Article\",\"@id\":\"https:\\\/\\\/kibrisdakik.com\\\/?p=4818#article\",\"isPartOf\":{\"@id\":\"https:\\\/\\\/kibrisdakik.com\\\/?p=4818\"},\"author\":{\"name\":\"admin\",\"@id\":\"https:\\\/\\\/kibrisdakik.com\\\/#\\\/schema\\\/person\\\/9cd9d437bbb44f72b73ba127e06d8e79\"},\"headline\":\"6 Farkl\u0131 kaza\",\"datePublished\":\"2023-04-09T09:37:51+00:00\",\"mainEntityOfPage\":{\"@id\":\"https:\\\/\\\/kibrisdakik.com\\\/?p=4818\"},\"wordCount\":635,\"commentCount\":0,\"image\":{\"@id\":\"https:\\\/\\\/kibrisdakik.com\\\/?p=4818#primaryimage\"},\"thumbnailUrl\":\"https:\\\/\\\/kibrisdakik.com\\\/wp-content\\\/uploads\\\/2023\\\/02\\\/Trafik-Kazasi_polis-logolu.png\",\"articleSection\":[\"G\u00fcndem\"],\"inLanguage\":\"tr\",\"potentialAction\":[{\"@type\":\"CommentAction\",\"name\":\"Comment\",\"target\":[\"https:\\\/\\\/kibrisdakik.com\\\/?p=4818#respond\"]}]},{\"@type\":\"WebPage\",\"@id\":\"https:\\\/\\\/kibrisdakik.com\\\/?p=4818\",\"url\":\"https:\\\/\\\/kibrisdakik.com\\\/?p=4818\",\"name\":\"6 Farkl\u0131 kaza -\",\"isPartOf\":{\"@id\":\"https:\\\/\\\/kibrisdakik.com\\\/#website\"},\"primaryImageOfPage\":{\"@id\":\"https:\\\/\\\/kibrisdakik.com\\\/?p=4818#primaryimage\"},\"image\":{\"@id\":\"https:\\\/\\\/kibrisdakik.com\\\/?p=4818#primaryimage\"},\"thumbnailUrl\":\"https:\\\/\\\/kibrisdakik.com\\\/wp-content\\\/uploads\\\/2023\\\/02\\\/Trafik-Kazasi_polis-logolu.png\",\"datePublished\":\"2023-04-09T09:37:51+00:00\",\"author\":{\"@id\":\"https:\\\/\\\/kibrisdakik.com\\\/#\\\/schema\\\/person\\\/9cd9d437bbb44f72b73ba127e06d8e79\"},\"breadcrumb\":{\"@id\":\"https:\\\/\\\/kibrisdakik.com\\\/?p=4818#breadcrumb\"},\"inLanguage\":\"tr\",\"potentialAction\":[{\"@type\":\"ReadAction\",\"target\":[\"https:\\\/\\\/kibrisdakik.com\\\/?p=4818\"]}]},{\"@type\":\"ImageObject\",\"inLanguage\":\"tr\",\"@id\":\"https:\\\/\\\/kibrisdakik.com\\\/?p=4818#primaryimage\",\"url\":\"https:\\\/\\\/kibrisdakik.com\\\/wp-content\\\/uploads\\\/2023\\\/02\\\/Trafik-Kazasi_polis-logolu.png\",\"contentUrl\":\"https:\\\/\\\/kibrisdakik.com\\\/wp-content\\\/uploads\\\/2023\\\/02\\\/Trafik-Kazasi_polis-logolu.png\",\"width\":736,\"height\":384},{\"@type\":\"BreadcrumbList\",\"@id\":\"https:\\\/\\\/kibrisdakik.com\\\/?p=4818#breadcrumb\",\"itemListElement\":[{\"@type\":\"ListItem\",\"position\":1,\"name\":\"Home\",\"item\":\"https:\\\/\\\/kibrisdakik.com\\\/\"},{\"@type\":\"ListItem\",\"position\":2,\"name\":\"6 Farkl\u0131 kaza\"}]},{\"@type\":\"WebSite\",\"@id\":\"https:\\\/\\\/kibrisdakik.com\\\/#website\",\"url\":\"https:\\\/\\\/kibrisdakik.com\\\/\",\"name\":\"\",\"description\":\"Tam vaktinde haber\",\"potentialAction\":[{\"@type\":\"SearchAction\",\"target\":{\"@type\":\"EntryPoint\",\"urlTemplate\":\"https:\\\/\\\/kibrisdakik.com\\\/?s={search_term_string}\"},\"query-input\":{\"@type\":\"PropertyValueSpecification\",\"valueRequired\":true,\"valueName\":\"search_term_string\"}}],\"inLanguage\":\"tr\"},{\"@type\":\"Person\",\"@id\":\"https:\\\/\\\/kibrisdakik.com\\\/#\\\/schema\\\/person\\\/9cd9d437bbb44f72b73ba127e06d8e79\",\"name\":\"admin\",\"image\":{\"@type\":\"ImageObject\",\"inLanguage\":\"tr\",\"@id\":\"https:\\\/\\\/secure.gravatar.com\\\/avatar\\\/ccc17943b9d660506c869530f897617f7cb1c21a4bf30023f252596d83e1f007?s=96&d=mm&r=g\",\"url\":\"https:\\\/\\\/secure.gravatar.com\\\/avatar\\\/ccc17943b9d660506c869530f897617f7cb1c21a4bf30023f252596d83e1f007?s=96&d=mm&r=g\",\"contentUrl\":\"https:\\\/\\\/secure.gravatar.com\\\/avatar\\\/ccc17943b9d660506c869530f897617f7cb1c21a4bf30023f252596d83e1f007?s=96&d=mm&r=g\",\"caption\":\"admin\"},\"sameAs\":[\"https:\\\/\\\/kibrisdakik.com\"],\"url\":\"https:\\\/\\\/kibrisdakik.com\\\/?author=1\"}]}<\/script>\n<!-- \/ Yoast SEO plugin. -->","yoast_head_json":{"title":"6 Farkl\u0131 kaza -","robots":{"index":"index","follow":"follow","max-snippet":"max-snippet:-1","max-image-preview":"max-image-preview:large","max-video-preview":"max-video-preview:-1"},"canonical":"https:\/\/kibrisdakik.com\/?p=4818","og_locale":"tr_TR","og_type":"article","og_title":"6 Farkl\u0131 kaza -","og_description":"Polis Bas\u0131n Subayl\u0131\u011f\u0131\u2019ndan verilen bilgiye g\u00f6re d\u00fcn aksam (08.04.2023) saat 22:30 s\u0131ralar\u0131nda, Gazima\u011fusa-Lefko\u015fa Anayolu \u00fczerinde, Aykut T\u00dcRKMEN (E-27) 235 miligram alkoll\u00fc i\u00e7ki tesiri alt\u0131nda, y\u00f6netimindeki GG 564 plakal\u0131 ara\u00e7 ile bat\u0131 istikametine do\u011fru seyretti\u011fi s\u0131rada Hamitk\u00f6y \u00c7emberi yak\u0131nlar\u0131na geldi\u011finde, dikkatsizli\u011fi sonucu direksiyon hakimiyetini kaybederek anayol \u00fczerinde ayn\u0131 istikamete do\u011fru seyreden Serkan \u00c7EL\u0130K(E-19) y\u00f6netimindeki KC 430","og_url":"https:\/\/kibrisdakik.com\/?p=4818","article_published_time":"2023-04-09T09:37:51+00:00","og_image":[{"width":736,"height":384,"url":"https:\/\/kibrisdakik.com\/wp-content\/uploads\/2023\/02\/Trafik-Kazasi_polis-logolu.png","type":"image\/png"}],"author":"admin","twitter_card":"summary_large_image","twitter_misc":{"Yazan:":"admin","Tahmini okuma s\u00fcresi":"3 dakika"},"schema":{"@context":"https:\/\/schema.org","@graph":[{"@type":"Article","@id":"https:\/\/kibrisdakik.com\/?p=4818#article","isPartOf":{"@id":"https:\/\/kibrisdakik.com\/?p=4818"},"author":{"name":"admin","@id":"https:\/\/kibrisdakik.com\/#\/schema\/person\/9cd9d437bbb44f72b73ba127e06d8e79"},"headline":"6 Farkl\u0131 kaza","datePublished":"2023-04-09T09:37:51+00:00","mainEntityOfPage":{"@id":"https:\/\/kibrisdakik.com\/?p=4818"},"wordCount":635,"commentCount":0,"image":{"@id":"https:\/\/kibrisdakik.com\/?p=4818#primaryimage"},"thumbnailUrl":"https:\/\/kibrisdakik.com\/wp-content\/uploads\/2023\/02\/Trafik-Kazasi_polis-logolu.png","articleSection":["G\u00fcndem"],"inLanguage":"tr","potentialAction":[{"@type":"CommentAction","name":"Comment","target":["https:\/\/kibrisdakik.com\/?p=4818#respond"]}]},{"@type":"WebPage","@id":"https:\/\/kibrisdakik.com\/?p=4818","url":"https:\/\/kibrisdakik.com\/?p=4818","name":"6 Farkl\u0131 kaza -","isPartOf":{"@id":"https:\/\/kibrisdakik.com\/#website"},"primaryImageOfPage":{"@id":"https:\/\/kibrisdakik.com\/?p=4818#primaryimage"},"image":{"@id":"https:\/\/kibrisdakik.com\/?p=4818#primaryimage"},"thumbnailUrl":"https:\/\/kibrisdakik.com\/wp-content\/uploads\/2023\/02\/Trafik-Kazasi_polis-logolu.png","datePublished":"2023-04-09T09:37:51+00:00","author":{"@id":"https:\/\/kibrisdakik.com\/#\/schema\/person\/9cd9d437bbb44f72b73ba127e06d8e79"},"breadcrumb":{"@id":"https:\/\/kibrisdakik.com\/?p=4818#breadcrumb"},"inLanguage":"tr","potentialAction":[{"@type":"ReadAction","target":["https:\/\/kibrisdakik.com\/?p=4818"]}]},{"@type":"ImageObject","inLanguage":"tr","@id":"https:\/\/kibrisdakik.com\/?p=4818#primaryimage","url":"https:\/\/kibrisdakik.com\/wp-content\/uploads\/2023\/02\/Trafik-Kazasi_polis-logolu.png","contentUrl":"https:\/\/kibrisdakik.com\/wp-content\/uploads\/2023\/02\/Trafik-Kazasi_polis-logolu.png","width":736,"height":384},{"@type":"BreadcrumbList","@id":"https:\/\/kibrisdakik.com\/?p=4818#breadcrumb","itemListElement":[{"@type":"ListItem","position":1,"name":"Home","item":"https:\/\/kibrisdakik.com\/"},{"@type":"ListItem","position":2,"name":"6 Farkl\u0131 kaza"}]},{"@type":"WebSite","@id":"https:\/\/kibrisdakik.com\/#website","url":"https:\/\/kibrisdakik.com\/","name":"","description":"Tam vaktinde haber","potentialAction":[{"@type":"SearchAction","target":{"@type":"EntryPoint","urlTemplate":"https:\/\/kibrisdakik.com\/?s={search_term_string}"},"query-input":{"@type":"PropertyValueSpecification","valueRequired":true,"valueName":"search_term_string"}}],"inLanguage":"tr"},{"@type":"Person","@id":"https:\/\/kibrisdakik.com\/#\/schema\/person\/9cd9d437bbb44f72b73ba127e06d8e79","name":"admin","image":{"@type":"ImageObject","inLanguage":"tr","@id":"https:\/\/secure.gravatar.com\/avatar\/ccc17943b9d660506c869530f897617f7cb1c21a4bf30023f252596d83e1f007?s=96&d=mm&r=g","url":"https:\/\/secure.gravatar.com\/avatar\/ccc17943b9d660506c869530f897617f7cb1c21a4bf30023f252596d83e1f007?s=96&d=mm&r=g","contentUrl":"https:\/\/secure.gravatar.com\/avatar\/ccc17943b9d660506c869530f897617f7cb1c21a4bf30023f252596d83e1f007?s=96&d=mm&r=g","caption":"admin"},"sameAs":["https:\/\/kibrisdakik.com"],"url":"https:\/\/kibrisdakik.com\/?author=1"}]}},"_links":{"self":[{"href":"https:\/\/kibrisdakik.com\/index.php?rest_route=\/wp\/v2\/posts\/4818","targetHints":{"allow":["GET"]}}],"collection":[{"href":"https:\/\/kibrisdakik.com\/index.php?rest_route=\/wp\/v2\/posts"}],"about":[{"href":"https:\/\/kibrisdakik.com\/index.php?rest_route=\/wp\/v2\/types\/post"}],"author":[{"embeddable":true,"href":"https:\/\/kibrisdakik.com\/index.php?rest_route=\/wp\/v2\/users\/1"}],"replies":[{"embeddable":true,"href":"https:\/\/kibrisdakik.com\/index.php?rest_route=%2Fwp%2Fv2%2Fcomments&post=4818"}],"version-history":[{"count":0,"href":"https:\/\/kibrisdakik.com\/index.php?rest_route=\/wp\/v2\/posts\/4818\/revisions"}],"wp:featuredmedia":[{"embeddable":true,"href":"https:\/\/kibrisdakik.com\/index.php?rest_route=\/wp\/v2\/media\/1779"}],"wp:attachment":[{"href":"https:\/\/kibrisdakik.com\/index.php?rest_route=%2Fwp%2Fv2%2Fmedia&parent=4818"}],"wp:term":[{"taxonomy":"category","embeddable":true,"href":"https:\/\/kibrisdakik.com\/index.php?rest_route=%2Fwp%2Fv2%2Fcategories&post=4818"},{"taxonomy":"post_tag","embeddable":true,"href":"https:\/\/kibrisdakik.com\/index.php?rest_route=%2Fwp%2Fv2%2Ftags&post=4818"}],"curies":[{"name":"wp","href":"https:\/\/api.w.org\/{rel}","templated":true}]}}