{"id":48244,"date":"2024-07-02T13:15:51","date_gmt":"2024-07-02T13:15:51","guid":{"rendered":"https:\/\/kibrisdakik.com\/index.php\/2024\/07\/02\/19-yasindaki-ahmet-deniz-tabakoglu-denizde-hayatini-kaybetti\/"},"modified":"2024-07-02T13:15:51","modified_gmt":"2024-07-02T13:15:51","slug":"19-yasindaki-ahmet-deniz-tabakoglu-denizde-hayatini-kaybetti","status":"publish","type":"post","link":"https:\/\/kibrisdakik.com\/?p=48244","title":{"rendered":"19 ya\u015f\u0131ndaki Ahmet Deniz Tabako\u011flu denizde hayat\u0131n\u0131 kaybetti"},"content":{"rendered":"<p><img decoding=\"async\" src=\"https:\/\/www.kibristurk.com\/images\/haberler\/2024\/07\/19-yasindaki-ahmet-deniz-tabakoglu-denizde-hayatini-kaybetti-1719923969.webp\" \/><\/p>\n<p style=\"text-align:left\"><span style=\"font-size:16px\"><span style=\"font-family:Merriweather,serif !important\"><span style=\"color:#000000\"><span style=\"background-color:#ffffff\">Polis Bas\u0131n Subayl\u0131\u011f\u0131\u2019ndan yap\u0131lan a\u00e7\u0131klamaya g\u00f6re, bug\u00fcn saat 11.30 s\u0131ralar\u0131nda, \u00c7atalk\u00f6y&#8217;de k\u0131y\u0131dan 500 metre deniz i\u00e7inde Kar\u015f\u0131yaka\u2019da sakin Ahmet Deniz Tabako\u011flu (E-19), arkada\u015f\u0131na ait tekneden denize dal\u0131\u015f yapt\u0131ktan sonra, arkada\u015f\u0131 taraf\u0131ndan denizde hareketsiz olarak tespit edildi.<\/span><\/span><\/span><\/span><\/p>\n<p style=\"text-align:left\"><span style=\"font-size:16px\"><span style=\"font-family:Merriweather,serif !important\"><span style=\"color:#000000\"><span style=\"background-color:#ffffff\">K\u0131y\u0131ya \u00e7\u0131kar\u0131l\u0131p, ambulansla Girne Dr. Ak\u00e7i\u00e7ek Hastanesi\u2019ne kald\u0131r\u0131lan Tabako\u011flu, yap\u0131lan t\u00fcm m\u00fcdahalelere ra\u011fmen kurtar\u0131lamayarak, ya\u015fam\u0131n\u0131 yitirdi.<\/span><\/span><\/span><\/span><\/p>\n<p style=\"text-align:left\"><span style=\"font-size:16px\"><span style=\"font-family:Merriweather,serif !important\"><span style=\"color:#000000\"><span style=\"background-color:#ffffff\">Polisin olayla ilgili soru\u015fturmas\u0131 s\u00fcr\u00fcyor.<\/span><\/span><\/span><\/span><\/p>\n","protected":false},"excerpt":{"rendered":"<p>Polis Bas\u0131n Subayl\u0131\u011f\u0131\u2019ndan yap\u0131lan a\u00e7\u0131klamaya g\u00f6re, bug\u00fcn saat 11.30 s\u0131ralar\u0131nda, \u00c7atalk\u00f6y&#8217;de k\u0131y\u0131dan 500 metre deniz i\u00e7inde Kar\u015f\u0131yaka\u2019da sakin Ahmet Deniz Tabako\u011flu (E-19), arkada\u015f\u0131na ait tekneden denize dal\u0131\u015f yapt\u0131ktan sonra, arkada\u015f\u0131 taraf\u0131ndan denizde hareketsiz olarak tespit edildi. K\u0131y\u0131ya \u00e7\u0131kar\u0131l\u0131p, ambulansla Girne Dr. Ak\u00e7i\u00e7ek Hastanesi\u2019ne kald\u0131r\u0131lan Tabako\u011flu, yap\u0131lan t\u00fcm m\u00fcdahalelere ra\u011fmen kurtar\u0131lamayarak, ya\u015fam\u0131n\u0131 yitirdi. Polisin olayla ilgili<\/p>\n","protected":false},"author":1,"featured_media":48245,"comment_status":"open","ping_status":"open","sticky":false,"template":"","format":"standard","meta":{"footnotes":""},"categories":[79],"tags":[],"class_list":["post-48244","post","type-post","status-publish","format-standard","has-post-thumbnail","hentry","category-ekonomi"],"yoast_head":"<!-- This site is optimized with the Yoast SEO plugin v27.4 - https:\/\/yoast.com\/product\/yoast-seo-wordpress\/ -->\n<title>19 ya\u015f\u0131ndaki Ahmet Deniz Tabako\u011flu denizde hayat\u0131n\u0131 kaybetti -<\/title>\n<meta name=\"robots\" content=\"index, follow, max-snippet:-1, max-image-preview:large, max-video-preview:-1\" \/>\n<link rel=\"canonical\" href=\"https:\/\/kibrisdakik.com\/?p=48244\" \/>\n<meta property=\"og:locale\" content=\"tr_TR\" \/>\n<meta property=\"og:type\" content=\"article\" \/>\n<meta property=\"og:title\" content=\"19 ya\u015f\u0131ndaki Ahmet Deniz Tabako\u011flu denizde hayat\u0131n\u0131 kaybetti -\" \/>\n<meta property=\"og:description\" content=\"Polis Bas\u0131n Subayl\u0131\u011f\u0131\u2019ndan yap\u0131lan a\u00e7\u0131klamaya g\u00f6re, bug\u00fcn saat 11.30 s\u0131ralar\u0131nda, \u00c7atalk\u00f6y&#8217;de k\u0131y\u0131dan 500 metre deniz i\u00e7inde Kar\u015f\u0131yaka\u2019da sakin Ahmet Deniz Tabako\u011flu (E-19), arkada\u015f\u0131na ait tekneden denize dal\u0131\u015f yapt\u0131ktan sonra, arkada\u015f\u0131 taraf\u0131ndan denizde hareketsiz olarak tespit edildi. K\u0131y\u0131ya \u00e7\u0131kar\u0131l\u0131p, ambulansla Girne Dr. Ak\u00e7i\u00e7ek Hastanesi\u2019ne kald\u0131r\u0131lan Tabako\u011flu, yap\u0131lan t\u00fcm m\u00fcdahalelere ra\u011fmen kurtar\u0131lamayarak, ya\u015fam\u0131n\u0131 yitirdi. Polisin olayla ilgili\" \/>\n<meta property=\"og:url\" content=\"https:\/\/kibrisdakik.com\/?p=48244\" \/>\n<meta property=\"article:published_time\" content=\"2024-07-02T13:15:51+00:00\" \/>\n<meta property=\"og:image\" content=\"https:\/\/kibrisdakik.com\/wp-content\/uploads\/2024\/07\/19-yasindaki-ahmet-deniz-tabakoglu-denizde-hayatini-kaybetti-1719923969.webp.webp\" \/>\n\t<meta property=\"og:image:width\" content=\"710\" \/>\n\t<meta property=\"og:image:height\" content=\"370\" \/>\n\t<meta property=\"og:image:type\" content=\"image\/webp\" \/>\n<meta name=\"author\" content=\"admin\" \/>\n<meta name=\"twitter:card\" content=\"summary_large_image\" \/>\n<meta name=\"twitter:label1\" content=\"Yazan:\" \/>\n\t<meta name=\"twitter:data1\" content=\"admin\" \/>\n<script type=\"application\/ld+json\" class=\"yoast-schema-graph\">{\"@context\":\"https:\\\/\\\/schema.org\",\"@graph\":[{\"@type\":\"Article\",\"@id\":\"https:\\\/\\\/kibrisdakik.com\\\/?p=48244#article\",\"isPartOf\":{\"@id\":\"https:\\\/\\\/kibrisdakik.com\\\/?p=48244\"},\"author\":{\"name\":\"admin\",\"@id\":\"https:\\\/\\\/kibrisdakik.com\\\/#\\\/schema\\\/person\\\/9cd9d437bbb44f72b73ba127e06d8e79\"},\"headline\":\"19 ya\u015f\u0131ndaki Ahmet Deniz Tabako\u011flu denizde hayat\u0131n\u0131 kaybetti\",\"datePublished\":\"2024-07-02T13:15:51+00:00\",\"mainEntityOfPage\":{\"@id\":\"https:\\\/\\\/kibrisdakik.com\\\/?p=48244\"},\"wordCount\":103,\"commentCount\":0,\"image\":{\"@id\":\"https:\\\/\\\/kibrisdakik.com\\\/?p=48244#primaryimage\"},\"thumbnailUrl\":\"https:\\\/\\\/kibrisdakik.com\\\/wp-content\\\/uploads\\\/2024\\\/07\\\/19-yasindaki-ahmet-deniz-tabakoglu-denizde-hayatini-kaybetti-1719923969.webp.webp\",\"articleSection\":[\"Ekonomi\"],\"inLanguage\":\"tr\",\"potentialAction\":[{\"@type\":\"CommentAction\",\"name\":\"Comment\",\"target\":[\"https:\\\/\\\/kibrisdakik.com\\\/?p=48244#respond\"]}]},{\"@type\":\"WebPage\",\"@id\":\"https:\\\/\\\/kibrisdakik.com\\\/?p=48244\",\"url\":\"https:\\\/\\\/kibrisdakik.com\\\/?p=48244\",\"name\":\"19 ya\u015f\u0131ndaki Ahmet Deniz Tabako\u011flu denizde hayat\u0131n\u0131 kaybetti -\",\"isPartOf\":{\"@id\":\"https:\\\/\\\/kibrisdakik.com\\\/#website\"},\"primaryImageOfPage\":{\"@id\":\"https:\\\/\\\/kibrisdakik.com\\\/?p=48244#primaryimage\"},\"image\":{\"@id\":\"https:\\\/\\\/kibrisdakik.com\\\/?p=48244#primaryimage\"},\"thumbnailUrl\":\"https:\\\/\\\/kibrisdakik.com\\\/wp-content\\\/uploads\\\/2024\\\/07\\\/19-yasindaki-ahmet-deniz-tabakoglu-denizde-hayatini-kaybetti-1719923969.webp.webp\",\"datePublished\":\"2024-07-02T13:15:51+00:00\",\"author\":{\"@id\":\"https:\\\/\\\/kibrisdakik.com\\\/#\\\/schema\\\/person\\\/9cd9d437bbb44f72b73ba127e06d8e79\"},\"breadcrumb\":{\"@id\":\"https:\\\/\\\/kibrisdakik.com\\\/?p=48244#breadcrumb\"},\"inLanguage\":\"tr\",\"potentialAction\":[{\"@type\":\"ReadAction\",\"target\":[\"https:\\\/\\\/kibrisdakik.com\\\/?p=48244\"]}]},{\"@type\":\"ImageObject\",\"inLanguage\":\"tr\",\"@id\":\"https:\\\/\\\/kibrisdakik.com\\\/?p=48244#primaryimage\",\"url\":\"https:\\\/\\\/kibrisdakik.com\\\/wp-content\\\/uploads\\\/2024\\\/07\\\/19-yasindaki-ahmet-deniz-tabakoglu-denizde-hayatini-kaybetti-1719923969.webp.webp\",\"contentUrl\":\"https:\\\/\\\/kibrisdakik.com\\\/wp-content\\\/uploads\\\/2024\\\/07\\\/19-yasindaki-ahmet-deniz-tabakoglu-denizde-hayatini-kaybetti-1719923969.webp.webp\",\"width\":710,\"height\":370},{\"@type\":\"BreadcrumbList\",\"@id\":\"https:\\\/\\\/kibrisdakik.com\\\/?p=48244#breadcrumb\",\"itemListElement\":[{\"@type\":\"ListItem\",\"position\":1,\"name\":\"Home\",\"item\":\"https:\\\/\\\/kibrisdakik.com\\\/\"},{\"@type\":\"ListItem\",\"position\":2,\"name\":\"19 ya\u015f\u0131ndaki Ahmet Deniz Tabako\u011flu denizde hayat\u0131n\u0131 kaybetti\"}]},{\"@type\":\"WebSite\",\"@id\":\"https:\\\/\\\/kibrisdakik.com\\\/#website\",\"url\":\"https:\\\/\\\/kibrisdakik.com\\\/\",\"name\":\"\",\"description\":\"Tam vaktinde haber\",\"potentialAction\":[{\"@type\":\"SearchAction\",\"target\":{\"@type\":\"EntryPoint\",\"urlTemplate\":\"https:\\\/\\\/kibrisdakik.com\\\/?s={search_term_string}\"},\"query-input\":{\"@type\":\"PropertyValueSpecification\",\"valueRequired\":true,\"valueName\":\"search_term_string\"}}],\"inLanguage\":\"tr\"},{\"@type\":\"Person\",\"@id\":\"https:\\\/\\\/kibrisdakik.com\\\/#\\\/schema\\\/person\\\/9cd9d437bbb44f72b73ba127e06d8e79\",\"name\":\"admin\",\"image\":{\"@type\":\"ImageObject\",\"inLanguage\":\"tr\",\"@id\":\"https:\\\/\\\/secure.gravatar.com\\\/avatar\\\/ccc17943b9d660506c869530f897617f7cb1c21a4bf30023f252596d83e1f007?s=96&d=mm&r=g\",\"url\":\"https:\\\/\\\/secure.gravatar.com\\\/avatar\\\/ccc17943b9d660506c869530f897617f7cb1c21a4bf30023f252596d83e1f007?s=96&d=mm&r=g\",\"contentUrl\":\"https:\\\/\\\/secure.gravatar.com\\\/avatar\\\/ccc17943b9d660506c869530f897617f7cb1c21a4bf30023f252596d83e1f007?s=96&d=mm&r=g\",\"caption\":\"admin\"},\"sameAs\":[\"https:\\\/\\\/kibrisdakik.com\"],\"url\":\"https:\\\/\\\/kibrisdakik.com\\\/?author=1\"}]}<\/script>\n<!-- \/ Yoast SEO plugin. -->","yoast_head_json":{"title":"19 ya\u015f\u0131ndaki Ahmet Deniz Tabako\u011flu denizde hayat\u0131n\u0131 kaybetti -","robots":{"index":"index","follow":"follow","max-snippet":"max-snippet:-1","max-image-preview":"max-image-preview:large","max-video-preview":"max-video-preview:-1"},"canonical":"https:\/\/kibrisdakik.com\/?p=48244","og_locale":"tr_TR","og_type":"article","og_title":"19 ya\u015f\u0131ndaki Ahmet Deniz Tabako\u011flu denizde hayat\u0131n\u0131 kaybetti -","og_description":"Polis Bas\u0131n Subayl\u0131\u011f\u0131\u2019ndan yap\u0131lan a\u00e7\u0131klamaya g\u00f6re, bug\u00fcn saat 11.30 s\u0131ralar\u0131nda, \u00c7atalk\u00f6y&#8217;de k\u0131y\u0131dan 500 metre deniz i\u00e7inde Kar\u015f\u0131yaka\u2019da sakin Ahmet Deniz Tabako\u011flu (E-19), arkada\u015f\u0131na ait tekneden denize dal\u0131\u015f yapt\u0131ktan sonra, arkada\u015f\u0131 taraf\u0131ndan denizde hareketsiz olarak tespit edildi. K\u0131y\u0131ya \u00e7\u0131kar\u0131l\u0131p, ambulansla Girne Dr. Ak\u00e7i\u00e7ek Hastanesi\u2019ne kald\u0131r\u0131lan Tabako\u011flu, yap\u0131lan t\u00fcm m\u00fcdahalelere ra\u011fmen kurtar\u0131lamayarak, ya\u015fam\u0131n\u0131 yitirdi. Polisin olayla ilgili","og_url":"https:\/\/kibrisdakik.com\/?p=48244","article_published_time":"2024-07-02T13:15:51+00:00","og_image":[{"width":710,"height":370,"url":"https:\/\/kibrisdakik.com\/wp-content\/uploads\/2024\/07\/19-yasindaki-ahmet-deniz-tabakoglu-denizde-hayatini-kaybetti-1719923969.webp.webp","type":"image\/webp"}],"author":"admin","twitter_card":"summary_large_image","twitter_misc":{"Yazan:":"admin"},"schema":{"@context":"https:\/\/schema.org","@graph":[{"@type":"Article","@id":"https:\/\/kibrisdakik.com\/?p=48244#article","isPartOf":{"@id":"https:\/\/kibrisdakik.com\/?p=48244"},"author":{"name":"admin","@id":"https:\/\/kibrisdakik.com\/#\/schema\/person\/9cd9d437bbb44f72b73ba127e06d8e79"},"headline":"19 ya\u015f\u0131ndaki Ahmet Deniz Tabako\u011flu denizde hayat\u0131n\u0131 kaybetti","datePublished":"2024-07-02T13:15:51+00:00","mainEntityOfPage":{"@id":"https:\/\/kibrisdakik.com\/?p=48244"},"wordCount":103,"commentCount":0,"image":{"@id":"https:\/\/kibrisdakik.com\/?p=48244#primaryimage"},"thumbnailUrl":"https:\/\/kibrisdakik.com\/wp-content\/uploads\/2024\/07\/19-yasindaki-ahmet-deniz-tabakoglu-denizde-hayatini-kaybetti-1719923969.webp.webp","articleSection":["Ekonomi"],"inLanguage":"tr","potentialAction":[{"@type":"CommentAction","name":"Comment","target":["https:\/\/kibrisdakik.com\/?p=48244#respond"]}]},{"@type":"WebPage","@id":"https:\/\/kibrisdakik.com\/?p=48244","url":"https:\/\/kibrisdakik.com\/?p=48244","name":"19 ya\u015f\u0131ndaki Ahmet Deniz Tabako\u011flu denizde hayat\u0131n\u0131 kaybetti -","isPartOf":{"@id":"https:\/\/kibrisdakik.com\/#website"},"primaryImageOfPage":{"@id":"https:\/\/kibrisdakik.com\/?p=48244#primaryimage"},"image":{"@id":"https:\/\/kibrisdakik.com\/?p=48244#primaryimage"},"thumbnailUrl":"https:\/\/kibrisdakik.com\/wp-content\/uploads\/2024\/07\/19-yasindaki-ahmet-deniz-tabakoglu-denizde-hayatini-kaybetti-1719923969.webp.webp","datePublished":"2024-07-02T13:15:51+00:00","author":{"@id":"https:\/\/kibrisdakik.com\/#\/schema\/person\/9cd9d437bbb44f72b73ba127e06d8e79"},"breadcrumb":{"@id":"https:\/\/kibrisdakik.com\/?p=48244#breadcrumb"},"inLanguage":"tr","potentialAction":[{"@type":"ReadAction","target":["https:\/\/kibrisdakik.com\/?p=48244"]}]},{"@type":"ImageObject","inLanguage":"tr","@id":"https:\/\/kibrisdakik.com\/?p=48244#primaryimage","url":"https:\/\/kibrisdakik.com\/wp-content\/uploads\/2024\/07\/19-yasindaki-ahmet-deniz-tabakoglu-denizde-hayatini-kaybetti-1719923969.webp.webp","contentUrl":"https:\/\/kibrisdakik.com\/wp-content\/uploads\/2024\/07\/19-yasindaki-ahmet-deniz-tabakoglu-denizde-hayatini-kaybetti-1719923969.webp.webp","width":710,"height":370},{"@type":"BreadcrumbList","@id":"https:\/\/kibrisdakik.com\/?p=48244#breadcrumb","itemListElement":[{"@type":"ListItem","position":1,"name":"Home","item":"https:\/\/kibrisdakik.com\/"},{"@type":"ListItem","position":2,"name":"19 ya\u015f\u0131ndaki Ahmet Deniz Tabako\u011flu denizde hayat\u0131n\u0131 kaybetti"}]},{"@type":"WebSite","@id":"https:\/\/kibrisdakik.com\/#website","url":"https:\/\/kibrisdakik.com\/","name":"","description":"Tam vaktinde haber","potentialAction":[{"@type":"SearchAction","target":{"@type":"EntryPoint","urlTemplate":"https:\/\/kibrisdakik.com\/?s={search_term_string}"},"query-input":{"@type":"PropertyValueSpecification","valueRequired":true,"valueName":"search_term_string"}}],"inLanguage":"tr"},{"@type":"Person","@id":"https:\/\/kibrisdakik.com\/#\/schema\/person\/9cd9d437bbb44f72b73ba127e06d8e79","name":"admin","image":{"@type":"ImageObject","inLanguage":"tr","@id":"https:\/\/secure.gravatar.com\/avatar\/ccc17943b9d660506c869530f897617f7cb1c21a4bf30023f252596d83e1f007?s=96&d=mm&r=g","url":"https:\/\/secure.gravatar.com\/avatar\/ccc17943b9d660506c869530f897617f7cb1c21a4bf30023f252596d83e1f007?s=96&d=mm&r=g","contentUrl":"https:\/\/secure.gravatar.com\/avatar\/ccc17943b9d660506c869530f897617f7cb1c21a4bf30023f252596d83e1f007?s=96&d=mm&r=g","caption":"admin"},"sameAs":["https:\/\/kibrisdakik.com"],"url":"https:\/\/kibrisdakik.com\/?author=1"}]}},"_links":{"self":[{"href":"https:\/\/kibrisdakik.com\/index.php?rest_route=\/wp\/v2\/posts\/48244","targetHints":{"allow":["GET"]}}],"collection":[{"href":"https:\/\/kibrisdakik.com\/index.php?rest_route=\/wp\/v2\/posts"}],"about":[{"href":"https:\/\/kibrisdakik.com\/index.php?rest_route=\/wp\/v2\/types\/post"}],"author":[{"embeddable":true,"href":"https:\/\/kibrisdakik.com\/index.php?rest_route=\/wp\/v2\/users\/1"}],"replies":[{"embeddable":true,"href":"https:\/\/kibrisdakik.com\/index.php?rest_route=%2Fwp%2Fv2%2Fcomments&post=48244"}],"version-history":[{"count":0,"href":"https:\/\/kibrisdakik.com\/index.php?rest_route=\/wp\/v2\/posts\/48244\/revisions"}],"wp:featuredmedia":[{"embeddable":true,"href":"https:\/\/kibrisdakik.com\/index.php?rest_route=\/wp\/v2\/media\/48245"}],"wp:attachment":[{"href":"https:\/\/kibrisdakik.com\/index.php?rest_route=%2Fwp%2Fv2%2Fmedia&parent=48244"}],"wp:term":[{"taxonomy":"category","embeddable":true,"href":"https:\/\/kibrisdakik.com\/index.php?rest_route=%2Fwp%2Fv2%2Fcategories&post=48244"},{"taxonomy":"post_tag","embeddable":true,"href":"https:\/\/kibrisdakik.com\/index.php?rest_route=%2Fwp%2Fv2%2Ftags&post=48244"}],"curies":[{"name":"wp","href":"https:\/\/api.w.org\/{rel}","templated":true}]}}