{"id":4832,"date":"2023-04-09T13:55:16","date_gmt":"2023-04-09T13:55:16","guid":{"rendered":"https:\/\/kibrisdakik.com\/index.php\/2023\/04\/09\/basbakan-ustel-kttoyu-turk-dunyasi-teskilatinin-turk-ticaret-ve-sanayi-odalari-birligine-gozlemci-uye-olmasindan-dolayi-kutladi\/"},"modified":"2023-04-09T13:55:16","modified_gmt":"2023-04-09T13:55:16","slug":"basbakan-ustel-kttoyu-turk-dunyasi-teskilatinin-turk-ticaret-ve-sanayi-odalari-birligine-gozlemci-uye-olmasindan-dolayi-kutladi","status":"publish","type":"post","link":"https:\/\/kibrisdakik.com\/?p=4832","title":{"rendered":"Ba\u015fbakan \u00dcstel, KTTO\u2019yu T\u00fcrk D\u00fcnyas\u0131 Te\u015fkilat\u0131\u2019n\u0131n T\u00fcrk Ticaret ve Sanayi Odalar\u0131 Birli\u011fi\u2019ne g\u00f6zlemci \u00fcye olmas\u0131ndan dolay\u0131 kutlad\u0131"},"content":{"rendered":"<p><\/p>\n<div>\n<div class=\"mariselle-image-container center\">\n                <img width=\"819\" height=\"1024\" class=\"lazy-image\" alt=\"\" decoding=\"async\" loading=\"lazy\" sizes=\"auto, (max-width: 819px) 100vw, 819px\" src=\"https:\/\/brtk.net\/wp-content\/uploads\/2023\/04\/09\/basbakan-ustel-mesaj10.jpeg?ver=26b9f92cef24a9ade23851113095fdce\" srcset=\"https:\/\/brtk.net\/wp-content\/uploads\/2023\/04\/09\/basbakan-ustel-mesaj10.jpeg?ver=26b9f92cef24a9ade23851113095fdce 819w, https:\/\/brtk.net\/wp-content\/uploads\/2023\/04\/09\/basbakan-ustel-mesaj10-240x300.jpeg?ver=26b9f92cef24a9ade23851113095fdce 240w, https:\/\/brtk.net\/wp-content\/uploads\/2023\/04\/09\/basbakan-ustel-mesaj10-768x960.jpeg?ver=26b9f92cef24a9ade23851113095fdce 768w\"\/>                            <\/div>\n<p>Ba\u015fbakan \u00dcnal \u00dcstel, 11 Kas\u0131m 2022 tarihinde \u00d6zbekistan\u2019\u0131n Semerkant kentinde d\u00fczenlenen 9. T\u00fcrk Devletleri Te\u015fkilat\u0131 zirvesinde <a href=\"https:\/\/brtk.net\/\">KKTC<\/a>\u2019nin te\u015fkilata g\u00f6zlemci \u00fcye olarak kabul edilmesinin ard\u0131ndan, K\u0131br\u0131s T\u00fcrk Ticaret Odas\u0131!n\u0131n (KTTO) \u0130stanbul\u2019da T\u00fcrk Ticaret ve Sanayi Odalar\u0131 Birli\u011fi Genel Kurulu\u2019nda g\u00f6zlemci \u00fcyeli\u011fe kabul edilmesinden b\u00fcy\u00fck memnuniyet duyduklar\u0131n\u0131 belirtti.<\/p>\n<p>\u00dcnal \u00dcstel yay\u0131nlad\u0131\u011f\u0131 kutlama mesaj\u0131nda, 7 Nisan\u2019da \u0130stanbul\u2019da, T\u00fcrkiye, Azerbaycan, Kazakistan, K\u0131rg\u0131zistan, \u00d6zbekistan, Macaristan, T\u00fcrkmenistan ve <a href=\"https:\/\/brtk.net\/\">KKTC<\/a> i\u015f d\u00fcnyas\u0131 temsilcilerinin kat\u0131l\u0131m\u0131yla yap\u0131lan genel kurul toplant\u0131s\u0131nda al\u0131nan karar\u0131n son derece \u00f6nemli oldu\u011funu vurgulad\u0131.<\/p>\n<p>\u00dcstel mesaj\u0131nda \u015funlara yer verdi:<\/p>\n<p>\u201cT\u00fcrk Devletleri Te\u015fkilat\u0131\u2019na tam \u00fcye ve g\u00f6zlemci \u00fcye olan 8 \u00fclkenin i\u015f \u00f6rg\u00fctlerinin temsil edildi\u011fi T\u00fcrk Ticaret ve Sanayi Odalar\u0131 Birli\u011fi\u2019nin T\u00fcrk Devletleri aras\u0131ndaki ekonomik ili\u015fkilerin ve i\u015f birli\u011finin geli\u015ftirilmesine katk\u0131lar\u0131n\u0131n gelece\u011fi \u015fekillendirmede \u00e7ok \u00f6nemli bir rol oynayaca\u011f\u0131 inanc\u0131nday\u0131z.<\/p>\n<p>Onlarca y\u0131ld\u0131r, ortaya koydu\u011fu t\u00fcm iyi niyetli \u00e7abalar ve bar\u0131\u015fsever tutumlar\u0131 kar\u015f\u0131l\u0131ks\u0131z kalan K\u0131br\u0131sl\u0131 T\u00fcrkler i\u00e7in zaman, hak etti\u011fi \u015fekilde kendi kendini y\u00f6netme iradesini ele alm\u0131\u015f, \u00f6zg\u00fcr, e\u015fit, egemen bir halk olarak d\u00fcnya devletleri aras\u0131ndaki yerini almas\u0131 zaman\u0131d\u0131r. Zaman bizim d\u00fcnya ile, d\u00fcnyan\u0131n da bizimle kucakla\u015fmas\u0131 zaman\u0131d\u0131r.<\/p>\n<p>Bu vesile ile KTTO\u2019yu bir kez daha tebrik ediyor, T\u00fcrk Ticaret ve Sanayi Odalar\u0131 Birli\u011fi Genel Kurulu\u2019nda yeniden ba\u015fkanl\u0131k g\u00f6revine se\u00e7ilen Rifat Hisarc\u0131kl\u0131o\u011flu\u2019nu kutluyor, KTTO\u2019nun g\u00f6zlemci \u00fcyeli\u011finin, t\u00fcm odalar\u0131m\u0131za, i\u015f d\u00fcnyam\u0131za ve halk\u0131m\u0131za hay\u0131rlar getirmesini temenni ediyorum.\u201d<\/p>\n<\/p><\/div>\n<p><script async\n                    defer\n                    crossorigin=\"anonymous\"\n                    src=\"https:\/\/connect.facebook.net\/tr_TR\/sdk.js#xfbml=1&#038;version=v3.3\"\n            ><\/script><\/p>\n","protected":false},"excerpt":{"rendered":"<p>Ba\u015fbakan \u00dcnal \u00dcstel, 11 Kas\u0131m 2022 tarihinde \u00d6zbekistan\u2019\u0131n Semerkant kentinde d\u00fczenlenen 9. T\u00fcrk Devletleri Te\u015fkilat\u0131 zirvesinde KKTC\u2019nin te\u015fkilata g\u00f6zlemci \u00fcye olarak kabul edilmesinin ard\u0131ndan, K\u0131br\u0131s T\u00fcrk Ticaret Odas\u0131!n\u0131n (KTTO) \u0130stanbul\u2019da T\u00fcrk Ticaret ve Sanayi Odalar\u0131 Birli\u011fi Genel Kurulu\u2019nda g\u00f6zlemci \u00fcyeli\u011fe kabul edilmesinden b\u00fcy\u00fck memnuniyet duyduklar\u0131n\u0131 belirtti. \u00dcnal \u00dcstel yay\u0131nlad\u0131\u011f\u0131 kutlama mesaj\u0131nda, 7 Nisan\u2019da \u0130stanbul\u2019da, T\u00fcrkiye,<\/p>\n","protected":false},"author":1,"featured_media":4833,"comment_status":"open","ping_status":"open","sticky":false,"template":"","format":"standard","meta":{"footnotes":""},"categories":[1],"tags":[],"class_list":["post-4832","post","type-post","status-publish","format-standard","has-post-thumbnail","hentry","category-gundem"],"yoast_head":"<!-- This site is optimized with the Yoast SEO plugin v27.4 - https:\/\/yoast.com\/product\/yoast-seo-wordpress\/ -->\n<title>Ba\u015fbakan \u00dcstel, KTTO\u2019yu T\u00fcrk D\u00fcnyas\u0131 Te\u015fkilat\u0131\u2019n\u0131n T\u00fcrk Ticaret ve Sanayi Odalar\u0131 Birli\u011fi\u2019ne g\u00f6zlemci \u00fcye olmas\u0131ndan dolay\u0131 kutlad\u0131 -<\/title>\n<meta name=\"robots\" content=\"index, follow, max-snippet:-1, max-image-preview:large, max-video-preview:-1\" \/>\n<link rel=\"canonical\" href=\"https:\/\/kibrisdakik.com\/?p=4832\" \/>\n<meta property=\"og:locale\" content=\"tr_TR\" \/>\n<meta property=\"og:type\" content=\"article\" \/>\n<meta property=\"og:title\" content=\"Ba\u015fbakan \u00dcstel, KTTO\u2019yu T\u00fcrk D\u00fcnyas\u0131 Te\u015fkilat\u0131\u2019n\u0131n T\u00fcrk Ticaret ve Sanayi Odalar\u0131 Birli\u011fi\u2019ne g\u00f6zlemci \u00fcye olmas\u0131ndan dolay\u0131 kutlad\u0131 -\" \/>\n<meta property=\"og:description\" content=\"Ba\u015fbakan \u00dcnal \u00dcstel, 11 Kas\u0131m 2022 tarihinde \u00d6zbekistan\u2019\u0131n Semerkant kentinde d\u00fczenlenen 9. T\u00fcrk Devletleri Te\u015fkilat\u0131 zirvesinde KKTC\u2019nin te\u015fkilata g\u00f6zlemci \u00fcye olarak kabul edilmesinin ard\u0131ndan, K\u0131br\u0131s T\u00fcrk Ticaret Odas\u0131!n\u0131n (KTTO) \u0130stanbul\u2019da T\u00fcrk Ticaret ve Sanayi Odalar\u0131 Birli\u011fi Genel Kurulu\u2019nda g\u00f6zlemci \u00fcyeli\u011fe kabul edilmesinden b\u00fcy\u00fck memnuniyet duyduklar\u0131n\u0131 belirtti. \u00dcnal \u00dcstel yay\u0131nlad\u0131\u011f\u0131 kutlama mesaj\u0131nda, 7 Nisan\u2019da \u0130stanbul\u2019da, T\u00fcrkiye,\" \/>\n<meta property=\"og:url\" content=\"https:\/\/kibrisdakik.com\/?p=4832\" \/>\n<meta property=\"article:published_time\" content=\"2023-04-09T13:55:16+00:00\" \/>\n<meta property=\"og:image\" content=\"https:\/\/kibrisdakik.com\/wp-content\/uploads\/2023\/04\/basbakan-ustel-mesaj10-740x420.jpeg\" \/>\n\t<meta property=\"og:image:width\" content=\"819\" \/>\n\t<meta property=\"og:image:height\" content=\"1024\" \/>\n\t<meta property=\"og:image:type\" content=\"image\/jpeg\" \/>\n<meta name=\"author\" content=\"admin\" \/>\n<meta name=\"twitter:card\" content=\"summary_large_image\" \/>\n<meta name=\"twitter:label1\" content=\"Yazan:\" \/>\n\t<meta name=\"twitter:data1\" content=\"admin\" \/>\n\t<meta name=\"twitter:label2\" content=\"Tahmini okuma s\u00fcresi\" \/>\n\t<meta name=\"twitter:data2\" content=\"2 dakika\" \/>\n<script type=\"application\/ld+json\" class=\"yoast-schema-graph\">{\"@context\":\"https:\\\/\\\/schema.org\",\"@graph\":[{\"@type\":\"Article\",\"@id\":\"https:\\\/\\\/kibrisdakik.com\\\/?p=4832#article\",\"isPartOf\":{\"@id\":\"https:\\\/\\\/kibrisdakik.com\\\/?p=4832\"},\"author\":{\"name\":\"admin\",\"@id\":\"https:\\\/\\\/kibrisdakik.com\\\/#\\\/schema\\\/person\\\/9cd9d437bbb44f72b73ba127e06d8e79\"},\"headline\":\"Ba\u015fbakan \u00dcstel, KTTO\u2019yu T\u00fcrk D\u00fcnyas\u0131 Te\u015fkilat\u0131\u2019n\u0131n T\u00fcrk Ticaret ve Sanayi Odalar\u0131 Birli\u011fi\u2019ne g\u00f6zlemci \u00fcye olmas\u0131ndan dolay\u0131 kutlad\u0131\",\"datePublished\":\"2023-04-09T13:55:16+00:00\",\"mainEntityOfPage\":{\"@id\":\"https:\\\/\\\/kibrisdakik.com\\\/?p=4832\"},\"wordCount\":342,\"commentCount\":0,\"image\":{\"@id\":\"https:\\\/\\\/kibrisdakik.com\\\/?p=4832#primaryimage\"},\"thumbnailUrl\":\"https:\\\/\\\/kibrisdakik.com\\\/wp-content\\\/uploads\\\/2023\\\/04\\\/basbakan-ustel-mesaj10-740x420.jpeg\",\"articleSection\":[\"G\u00fcndem\"],\"inLanguage\":\"tr\",\"potentialAction\":[{\"@type\":\"CommentAction\",\"name\":\"Comment\",\"target\":[\"https:\\\/\\\/kibrisdakik.com\\\/?p=4832#respond\"]}]},{\"@type\":\"WebPage\",\"@id\":\"https:\\\/\\\/kibrisdakik.com\\\/?p=4832\",\"url\":\"https:\\\/\\\/kibrisdakik.com\\\/?p=4832\",\"name\":\"Ba\u015fbakan \u00dcstel, KTTO\u2019yu T\u00fcrk D\u00fcnyas\u0131 Te\u015fkilat\u0131\u2019n\u0131n T\u00fcrk Ticaret ve Sanayi Odalar\u0131 Birli\u011fi\u2019ne g\u00f6zlemci \u00fcye olmas\u0131ndan dolay\u0131 kutlad\u0131 -\",\"isPartOf\":{\"@id\":\"https:\\\/\\\/kibrisdakik.com\\\/#website\"},\"primaryImageOfPage\":{\"@id\":\"https:\\\/\\\/kibrisdakik.com\\\/?p=4832#primaryimage\"},\"image\":{\"@id\":\"https:\\\/\\\/kibrisdakik.com\\\/?p=4832#primaryimage\"},\"thumbnailUrl\":\"https:\\\/\\\/kibrisdakik.com\\\/wp-content\\\/uploads\\\/2023\\\/04\\\/basbakan-ustel-mesaj10-740x420.jpeg\",\"datePublished\":\"2023-04-09T13:55:16+00:00\",\"author\":{\"@id\":\"https:\\\/\\\/kibrisdakik.com\\\/#\\\/schema\\\/person\\\/9cd9d437bbb44f72b73ba127e06d8e79\"},\"breadcrumb\":{\"@id\":\"https:\\\/\\\/kibrisdakik.com\\\/?p=4832#breadcrumb\"},\"inLanguage\":\"tr\",\"potentialAction\":[{\"@type\":\"ReadAction\",\"target\":[\"https:\\\/\\\/kibrisdakik.com\\\/?p=4832\"]}]},{\"@type\":\"ImageObject\",\"inLanguage\":\"tr\",\"@id\":\"https:\\\/\\\/kibrisdakik.com\\\/?p=4832#primaryimage\",\"url\":\"https:\\\/\\\/kibrisdakik.com\\\/wp-content\\\/uploads\\\/2023\\\/04\\\/basbakan-ustel-mesaj10-740x420.jpeg\",\"contentUrl\":\"https:\\\/\\\/kibrisdakik.com\\\/wp-content\\\/uploads\\\/2023\\\/04\\\/basbakan-ustel-mesaj10-740x420.jpeg\",\"width\":819,\"height\":1024},{\"@type\":\"BreadcrumbList\",\"@id\":\"https:\\\/\\\/kibrisdakik.com\\\/?p=4832#breadcrumb\",\"itemListElement\":[{\"@type\":\"ListItem\",\"position\":1,\"name\":\"Home\",\"item\":\"https:\\\/\\\/kibrisdakik.com\\\/\"},{\"@type\":\"ListItem\",\"position\":2,\"name\":\"Ba\u015fbakan \u00dcstel, KTTO\u2019yu T\u00fcrk D\u00fcnyas\u0131 Te\u015fkilat\u0131\u2019n\u0131n T\u00fcrk Ticaret ve Sanayi Odalar\u0131 Birli\u011fi\u2019ne g\u00f6zlemci \u00fcye olmas\u0131ndan dolay\u0131 kutlad\u0131\"}]},{\"@type\":\"WebSite\",\"@id\":\"https:\\\/\\\/kibrisdakik.com\\\/#website\",\"url\":\"https:\\\/\\\/kibrisdakik.com\\\/\",\"name\":\"\",\"description\":\"Tam vaktinde haber\",\"potentialAction\":[{\"@type\":\"SearchAction\",\"target\":{\"@type\":\"EntryPoint\",\"urlTemplate\":\"https:\\\/\\\/kibrisdakik.com\\\/?s={search_term_string}\"},\"query-input\":{\"@type\":\"PropertyValueSpecification\",\"valueRequired\":true,\"valueName\":\"search_term_string\"}}],\"inLanguage\":\"tr\"},{\"@type\":\"Person\",\"@id\":\"https:\\\/\\\/kibrisdakik.com\\\/#\\\/schema\\\/person\\\/9cd9d437bbb44f72b73ba127e06d8e79\",\"name\":\"admin\",\"image\":{\"@type\":\"ImageObject\",\"inLanguage\":\"tr\",\"@id\":\"https:\\\/\\\/secure.gravatar.com\\\/avatar\\\/ccc17943b9d660506c869530f897617f7cb1c21a4bf30023f252596d83e1f007?s=96&d=mm&r=g\",\"url\":\"https:\\\/\\\/secure.gravatar.com\\\/avatar\\\/ccc17943b9d660506c869530f897617f7cb1c21a4bf30023f252596d83e1f007?s=96&d=mm&r=g\",\"contentUrl\":\"https:\\\/\\\/secure.gravatar.com\\\/avatar\\\/ccc17943b9d660506c869530f897617f7cb1c21a4bf30023f252596d83e1f007?s=96&d=mm&r=g\",\"caption\":\"admin\"},\"sameAs\":[\"https:\\\/\\\/kibrisdakik.com\"],\"url\":\"https:\\\/\\\/kibrisdakik.com\\\/?author=1\"}]}<\/script>\n<!-- \/ Yoast SEO plugin. -->","yoast_head_json":{"title":"Ba\u015fbakan \u00dcstel, KTTO\u2019yu T\u00fcrk D\u00fcnyas\u0131 Te\u015fkilat\u0131\u2019n\u0131n T\u00fcrk Ticaret ve Sanayi Odalar\u0131 Birli\u011fi\u2019ne g\u00f6zlemci \u00fcye olmas\u0131ndan dolay\u0131 kutlad\u0131 -","robots":{"index":"index","follow":"follow","max-snippet":"max-snippet:-1","max-image-preview":"max-image-preview:large","max-video-preview":"max-video-preview:-1"},"canonical":"https:\/\/kibrisdakik.com\/?p=4832","og_locale":"tr_TR","og_type":"article","og_title":"Ba\u015fbakan \u00dcstel, KTTO\u2019yu T\u00fcrk D\u00fcnyas\u0131 Te\u015fkilat\u0131\u2019n\u0131n T\u00fcrk Ticaret ve Sanayi Odalar\u0131 Birli\u011fi\u2019ne g\u00f6zlemci \u00fcye olmas\u0131ndan dolay\u0131 kutlad\u0131 -","og_description":"Ba\u015fbakan \u00dcnal \u00dcstel, 11 Kas\u0131m 2022 tarihinde \u00d6zbekistan\u2019\u0131n Semerkant kentinde d\u00fczenlenen 9. T\u00fcrk Devletleri Te\u015fkilat\u0131 zirvesinde KKTC\u2019nin te\u015fkilata g\u00f6zlemci \u00fcye olarak kabul edilmesinin ard\u0131ndan, K\u0131br\u0131s T\u00fcrk Ticaret Odas\u0131!n\u0131n (KTTO) \u0130stanbul\u2019da T\u00fcrk Ticaret ve Sanayi Odalar\u0131 Birli\u011fi Genel Kurulu\u2019nda g\u00f6zlemci \u00fcyeli\u011fe kabul edilmesinden b\u00fcy\u00fck memnuniyet duyduklar\u0131n\u0131 belirtti. \u00dcnal \u00dcstel yay\u0131nlad\u0131\u011f\u0131 kutlama mesaj\u0131nda, 7 Nisan\u2019da \u0130stanbul\u2019da, T\u00fcrkiye,","og_url":"https:\/\/kibrisdakik.com\/?p=4832","article_published_time":"2023-04-09T13:55:16+00:00","og_image":[{"width":819,"height":1024,"url":"https:\/\/kibrisdakik.com\/wp-content\/uploads\/2023\/04\/basbakan-ustel-mesaj10-740x420.jpeg","type":"image\/jpeg"}],"author":"admin","twitter_card":"summary_large_image","twitter_misc":{"Yazan:":"admin","Tahmini okuma s\u00fcresi":"2 dakika"},"schema":{"@context":"https:\/\/schema.org","@graph":[{"@type":"Article","@id":"https:\/\/kibrisdakik.com\/?p=4832#article","isPartOf":{"@id":"https:\/\/kibrisdakik.com\/?p=4832"},"author":{"name":"admin","@id":"https:\/\/kibrisdakik.com\/#\/schema\/person\/9cd9d437bbb44f72b73ba127e06d8e79"},"headline":"Ba\u015fbakan \u00dcstel, KTTO\u2019yu T\u00fcrk D\u00fcnyas\u0131 Te\u015fkilat\u0131\u2019n\u0131n T\u00fcrk Ticaret ve Sanayi Odalar\u0131 Birli\u011fi\u2019ne g\u00f6zlemci \u00fcye olmas\u0131ndan dolay\u0131 kutlad\u0131","datePublished":"2023-04-09T13:55:16+00:00","mainEntityOfPage":{"@id":"https:\/\/kibrisdakik.com\/?p=4832"},"wordCount":342,"commentCount":0,"image":{"@id":"https:\/\/kibrisdakik.com\/?p=4832#primaryimage"},"thumbnailUrl":"https:\/\/kibrisdakik.com\/wp-content\/uploads\/2023\/04\/basbakan-ustel-mesaj10-740x420.jpeg","articleSection":["G\u00fcndem"],"inLanguage":"tr","potentialAction":[{"@type":"CommentAction","name":"Comment","target":["https:\/\/kibrisdakik.com\/?p=4832#respond"]}]},{"@type":"WebPage","@id":"https:\/\/kibrisdakik.com\/?p=4832","url":"https:\/\/kibrisdakik.com\/?p=4832","name":"Ba\u015fbakan \u00dcstel, KTTO\u2019yu T\u00fcrk D\u00fcnyas\u0131 Te\u015fkilat\u0131\u2019n\u0131n T\u00fcrk Ticaret ve Sanayi Odalar\u0131 Birli\u011fi\u2019ne g\u00f6zlemci \u00fcye olmas\u0131ndan dolay\u0131 kutlad\u0131 -","isPartOf":{"@id":"https:\/\/kibrisdakik.com\/#website"},"primaryImageOfPage":{"@id":"https:\/\/kibrisdakik.com\/?p=4832#primaryimage"},"image":{"@id":"https:\/\/kibrisdakik.com\/?p=4832#primaryimage"},"thumbnailUrl":"https:\/\/kibrisdakik.com\/wp-content\/uploads\/2023\/04\/basbakan-ustel-mesaj10-740x420.jpeg","datePublished":"2023-04-09T13:55:16+00:00","author":{"@id":"https:\/\/kibrisdakik.com\/#\/schema\/person\/9cd9d437bbb44f72b73ba127e06d8e79"},"breadcrumb":{"@id":"https:\/\/kibrisdakik.com\/?p=4832#breadcrumb"},"inLanguage":"tr","potentialAction":[{"@type":"ReadAction","target":["https:\/\/kibrisdakik.com\/?p=4832"]}]},{"@type":"ImageObject","inLanguage":"tr","@id":"https:\/\/kibrisdakik.com\/?p=4832#primaryimage","url":"https:\/\/kibrisdakik.com\/wp-content\/uploads\/2023\/04\/basbakan-ustel-mesaj10-740x420.jpeg","contentUrl":"https:\/\/kibrisdakik.com\/wp-content\/uploads\/2023\/04\/basbakan-ustel-mesaj10-740x420.jpeg","width":819,"height":1024},{"@type":"BreadcrumbList","@id":"https:\/\/kibrisdakik.com\/?p=4832#breadcrumb","itemListElement":[{"@type":"ListItem","position":1,"name":"Home","item":"https:\/\/kibrisdakik.com\/"},{"@type":"ListItem","position":2,"name":"Ba\u015fbakan \u00dcstel, KTTO\u2019yu T\u00fcrk D\u00fcnyas\u0131 Te\u015fkilat\u0131\u2019n\u0131n T\u00fcrk Ticaret ve Sanayi Odalar\u0131 Birli\u011fi\u2019ne g\u00f6zlemci \u00fcye olmas\u0131ndan dolay\u0131 kutlad\u0131"}]},{"@type":"WebSite","@id":"https:\/\/kibrisdakik.com\/#website","url":"https:\/\/kibrisdakik.com\/","name":"","description":"Tam vaktinde haber","potentialAction":[{"@type":"SearchAction","target":{"@type":"EntryPoint","urlTemplate":"https:\/\/kibrisdakik.com\/?s={search_term_string}"},"query-input":{"@type":"PropertyValueSpecification","valueRequired":true,"valueName":"search_term_string"}}],"inLanguage":"tr"},{"@type":"Person","@id":"https:\/\/kibrisdakik.com\/#\/schema\/person\/9cd9d437bbb44f72b73ba127e06d8e79","name":"admin","image":{"@type":"ImageObject","inLanguage":"tr","@id":"https:\/\/secure.gravatar.com\/avatar\/ccc17943b9d660506c869530f897617f7cb1c21a4bf30023f252596d83e1f007?s=96&d=mm&r=g","url":"https:\/\/secure.gravatar.com\/avatar\/ccc17943b9d660506c869530f897617f7cb1c21a4bf30023f252596d83e1f007?s=96&d=mm&r=g","contentUrl":"https:\/\/secure.gravatar.com\/avatar\/ccc17943b9d660506c869530f897617f7cb1c21a4bf30023f252596d83e1f007?s=96&d=mm&r=g","caption":"admin"},"sameAs":["https:\/\/kibrisdakik.com"],"url":"https:\/\/kibrisdakik.com\/?author=1"}]}},"_links":{"self":[{"href":"https:\/\/kibrisdakik.com\/index.php?rest_route=\/wp\/v2\/posts\/4832","targetHints":{"allow":["GET"]}}],"collection":[{"href":"https:\/\/kibrisdakik.com\/index.php?rest_route=\/wp\/v2\/posts"}],"about":[{"href":"https:\/\/kibrisdakik.com\/index.php?rest_route=\/wp\/v2\/types\/post"}],"author":[{"embeddable":true,"href":"https:\/\/kibrisdakik.com\/index.php?rest_route=\/wp\/v2\/users\/1"}],"replies":[{"embeddable":true,"href":"https:\/\/kibrisdakik.com\/index.php?rest_route=%2Fwp%2Fv2%2Fcomments&post=4832"}],"version-history":[{"count":0,"href":"https:\/\/kibrisdakik.com\/index.php?rest_route=\/wp\/v2\/posts\/4832\/revisions"}],"wp:featuredmedia":[{"embeddable":true,"href":"https:\/\/kibrisdakik.com\/index.php?rest_route=\/wp\/v2\/media\/4833"}],"wp:attachment":[{"href":"https:\/\/kibrisdakik.com\/index.php?rest_route=%2Fwp%2Fv2%2Fmedia&parent=4832"}],"wp:term":[{"taxonomy":"category","embeddable":true,"href":"https:\/\/kibrisdakik.com\/index.php?rest_route=%2Fwp%2Fv2%2Fcategories&post=4832"},{"taxonomy":"post_tag","embeddable":true,"href":"https:\/\/kibrisdakik.com\/index.php?rest_route=%2Fwp%2Fv2%2Ftags&post=4832"}],"curies":[{"name":"wp","href":"https:\/\/api.w.org\/{rel}","templated":true}]}}