{"id":48326,"date":"2024-07-03T03:16:55","date_gmt":"2024-07-03T03:16:55","guid":{"rendered":"https:\/\/kibrisdakik.com\/index.php\/2024\/07\/03\/tatar-bm-genel-sekreterinin-kibris-ozel-temsilcisi-stewarti-kabul-etti-2\/"},"modified":"2024-07-03T03:16:55","modified_gmt":"2024-07-03T03:16:55","slug":"tatar-bm-genel-sekreterinin-kibris-ozel-temsilcisi-stewarti-kabul-etti-2","status":"publish","type":"post","link":"https:\/\/kibrisdakik.com\/?p=48326","title":{"rendered":"Tatar, BM Genel Sekreteri\u2019nin K\u0131br\u0131s \u00d6zel Temsilcisi Stewart\u2019\u0131 kabul etti"},"content":{"rendered":"<p><img decoding=\"async\" src=\"https:\/\/www.kibristurk.com\/images\/haberler\/2024\/07\/tatar-bm-genel-sekreterinin-kibris-ozel-temsilcisi-stewarti-kabul-etti-1719925789.webp\" \/><\/p>\n<p>Stewart\u2019\u0131n G\u00fcvenlik Konseyi\u2019ni bilgilendirmek \u00fczere BM Merkezi\u2019nin bulundu\u011fu New York\u2019a gidi\u015fi \u00f6ncesinde liderlerle g\u00f6r\u00fc\u015fme program\u0131 kapsam\u0131nda yap\u0131lan g\u00f6r\u00fc\u015fme, Cumhurba\u015fkanl\u0131\u011f\u0131nda saat 16.00\u2019da ba\u015flad\u0131.<\/p>\n<p>&nbsp;<\/p>\n<p>Stewart, Cumhurba\u015fkan\u0131 \u00d6zel Temsilcisi G\u00fcne\u015f Onar taraf\u0131ndan kar\u015f\u0131land\u0131.<\/p>\n<p>&nbsp;<\/p>\n<p>Cumhurba\u015fkan\u0131 Tatar, d\u00fcn Londra\u2019da 10 Temmuz\u2019da BM Genel Sekreteri\u2019ne raporunu sunacak olan BM Genel Sekreteri\u2019nin Ki\u015fisel Temsilcisi Maria Angela Holguin Cuellar ile g\u00f6r\u00fc\u015fm\u00fc\u015f, bug\u00fcn sabah da konuya ili\u015fkin Meclis\u2019teki siyasi partileri bilgilendirmi\u015fti.<\/p>\n<p>&nbsp;<\/p>\n<p>Stewart ise, d\u00fcn Rum Y\u00f6netimi Ba\u015fkan\u0131 Nikos Hristodulidis ile g\u00f6r\u00fc\u015fm\u00fc\u015f, g\u00f6r\u00fc\u015fme ard\u0131ndan yapt\u0131\u011f\u0131 a\u00e7\u0131klamada, K\u0131br\u0131s m\u00fczakerelerindeki duraklaman\u0131n ara b\u00f6lgedeki &#8220;militarizasyonun&#8221; artmas\u0131na yol a\u00e7aca\u011f\u0131ndan endi\u015fe duydu\u011funu belirtmi\u015fti.<\/p>\n","protected":false},"excerpt":{"rendered":"<p>Stewart\u2019\u0131n G\u00fcvenlik Konseyi\u2019ni bilgilendirmek \u00fczere BM Merkezi\u2019nin bulundu\u011fu New York\u2019a gidi\u015fi \u00f6ncesinde liderlerle g\u00f6r\u00fc\u015fme program\u0131 kapsam\u0131nda yap\u0131lan g\u00f6r\u00fc\u015fme, Cumhurba\u015fkanl\u0131\u011f\u0131nda saat 16.00\u2019da ba\u015flad\u0131. &nbsp; Stewart, Cumhurba\u015fkan\u0131 \u00d6zel Temsilcisi G\u00fcne\u015f Onar taraf\u0131ndan kar\u015f\u0131land\u0131. &nbsp; Cumhurba\u015fkan\u0131 Tatar, d\u00fcn Londra\u2019da 10 Temmuz\u2019da BM Genel Sekreteri\u2019ne raporunu sunacak olan BM Genel Sekreteri\u2019nin Ki\u015fisel Temsilcisi Maria Angela Holguin Cuellar ile g\u00f6r\u00fc\u015fm\u00fc\u015f,<\/p>\n","protected":false},"author":1,"featured_media":48327,"comment_status":"open","ping_status":"open","sticky":false,"template":"","format":"standard","meta":{"footnotes":""},"categories":[85],"tags":[],"class_list":["post-48326","post","type-post","status-publish","format-standard","has-post-thumbnail","hentry","category-spor"],"yoast_head":"<!-- This site is optimized with the Yoast SEO plugin v27.5 - https:\/\/yoast.com\/product\/yoast-seo-wordpress\/ -->\n<title>Tatar, BM Genel Sekreteri\u2019nin K\u0131br\u0131s \u00d6zel Temsilcisi Stewart\u2019\u0131 kabul etti -<\/title>\n<meta name=\"robots\" content=\"index, follow, max-snippet:-1, max-image-preview:large, max-video-preview:-1\" \/>\n<link rel=\"canonical\" href=\"https:\/\/kibrisdakik.com\/?p=48326\" \/>\n<meta property=\"og:locale\" content=\"tr_TR\" \/>\n<meta property=\"og:type\" content=\"article\" \/>\n<meta property=\"og:title\" content=\"Tatar, BM Genel Sekreteri\u2019nin K\u0131br\u0131s \u00d6zel Temsilcisi Stewart\u2019\u0131 kabul etti -\" \/>\n<meta property=\"og:description\" content=\"Stewart\u2019\u0131n G\u00fcvenlik Konseyi\u2019ni bilgilendirmek \u00fczere BM Merkezi\u2019nin bulundu\u011fu New York\u2019a gidi\u015fi \u00f6ncesinde liderlerle g\u00f6r\u00fc\u015fme program\u0131 kapsam\u0131nda yap\u0131lan g\u00f6r\u00fc\u015fme, Cumhurba\u015fkanl\u0131\u011f\u0131nda saat 16.00\u2019da ba\u015flad\u0131. &nbsp; Stewart, Cumhurba\u015fkan\u0131 \u00d6zel Temsilcisi G\u00fcne\u015f Onar taraf\u0131ndan kar\u015f\u0131land\u0131. &nbsp; Cumhurba\u015fkan\u0131 Tatar, d\u00fcn Londra\u2019da 10 Temmuz\u2019da BM Genel Sekreteri\u2019ne raporunu sunacak olan BM Genel Sekreteri\u2019nin Ki\u015fisel Temsilcisi Maria Angela Holguin Cuellar ile g\u00f6r\u00fc\u015fm\u00fc\u015f,\" \/>\n<meta property=\"og:url\" content=\"https:\/\/kibrisdakik.com\/?p=48326\" \/>\n<meta property=\"article:published_time\" content=\"2024-07-03T03:16:55+00:00\" \/>\n<meta property=\"og:image\" content=\"https:\/\/kibrisdakik.com\/wp-content\/uploads\/2024\/07\/tatar-bm-genel-sekreterinin-kibris-ozel-temsilcisi-stewarti-kabul-etti-1719925789.webp.webp\" \/>\n\t<meta property=\"og:image:width\" content=\"710\" \/>\n\t<meta property=\"og:image:height\" content=\"370\" \/>\n\t<meta property=\"og:image:type\" content=\"image\/webp\" \/>\n<meta name=\"author\" content=\"admin\" \/>\n<meta name=\"twitter:card\" content=\"summary_large_image\" \/>\n<meta name=\"twitter:label1\" content=\"Yazan:\" \/>\n\t<meta name=\"twitter:data1\" content=\"admin\" \/>\n\t<meta name=\"twitter:label2\" content=\"Tahmini okuma s\u00fcresi\" \/>\n\t<meta name=\"twitter:data2\" content=\"1 dakika\" \/>\n<script type=\"application\/ld+json\" class=\"yoast-schema-graph\">{\"@context\":\"https:\\\/\\\/schema.org\",\"@graph\":[{\"@type\":\"Article\",\"@id\":\"https:\\\/\\\/kibrisdakik.com\\\/?p=48326#article\",\"isPartOf\":{\"@id\":\"https:\\\/\\\/kibrisdakik.com\\\/?p=48326\"},\"author\":{\"name\":\"admin\",\"@id\":\"https:\\\/\\\/kibrisdakik.com\\\/#\\\/schema\\\/person\\\/9cd9d437bbb44f72b73ba127e06d8e79\"},\"headline\":\"Tatar, BM Genel Sekreteri\u2019nin K\u0131br\u0131s \u00d6zel Temsilcisi Stewart\u2019\u0131 kabul etti\",\"datePublished\":\"2024-07-03T03:16:55+00:00\",\"mainEntityOfPage\":{\"@id\":\"https:\\\/\\\/kibrisdakik.com\\\/?p=48326\"},\"wordCount\":156,\"commentCount\":0,\"image\":{\"@id\":\"https:\\\/\\\/kibrisdakik.com\\\/?p=48326#primaryimage\"},\"thumbnailUrl\":\"https:\\\/\\\/kibrisdakik.com\\\/wp-content\\\/uploads\\\/2024\\\/07\\\/tatar-bm-genel-sekreterinin-kibris-ozel-temsilcisi-stewarti-kabul-etti-1719925789.webp.webp\",\"articleSection\":[\"Spor\"],\"inLanguage\":\"tr\",\"potentialAction\":[{\"@type\":\"CommentAction\",\"name\":\"Comment\",\"target\":[\"https:\\\/\\\/kibrisdakik.com\\\/?p=48326#respond\"]}]},{\"@type\":\"WebPage\",\"@id\":\"https:\\\/\\\/kibrisdakik.com\\\/?p=48326\",\"url\":\"https:\\\/\\\/kibrisdakik.com\\\/?p=48326\",\"name\":\"Tatar, BM Genel Sekreteri\u2019nin K\u0131br\u0131s \u00d6zel Temsilcisi Stewart\u2019\u0131 kabul etti -\",\"isPartOf\":{\"@id\":\"https:\\\/\\\/kibrisdakik.com\\\/#website\"},\"primaryImageOfPage\":{\"@id\":\"https:\\\/\\\/kibrisdakik.com\\\/?p=48326#primaryimage\"},\"image\":{\"@id\":\"https:\\\/\\\/kibrisdakik.com\\\/?p=48326#primaryimage\"},\"thumbnailUrl\":\"https:\\\/\\\/kibrisdakik.com\\\/wp-content\\\/uploads\\\/2024\\\/07\\\/tatar-bm-genel-sekreterinin-kibris-ozel-temsilcisi-stewarti-kabul-etti-1719925789.webp.webp\",\"datePublished\":\"2024-07-03T03:16:55+00:00\",\"author\":{\"@id\":\"https:\\\/\\\/kibrisdakik.com\\\/#\\\/schema\\\/person\\\/9cd9d437bbb44f72b73ba127e06d8e79\"},\"breadcrumb\":{\"@id\":\"https:\\\/\\\/kibrisdakik.com\\\/?p=48326#breadcrumb\"},\"inLanguage\":\"tr\",\"potentialAction\":[{\"@type\":\"ReadAction\",\"target\":[\"https:\\\/\\\/kibrisdakik.com\\\/?p=48326\"]}]},{\"@type\":\"ImageObject\",\"inLanguage\":\"tr\",\"@id\":\"https:\\\/\\\/kibrisdakik.com\\\/?p=48326#primaryimage\",\"url\":\"https:\\\/\\\/kibrisdakik.com\\\/wp-content\\\/uploads\\\/2024\\\/07\\\/tatar-bm-genel-sekreterinin-kibris-ozel-temsilcisi-stewarti-kabul-etti-1719925789.webp.webp\",\"contentUrl\":\"https:\\\/\\\/kibrisdakik.com\\\/wp-content\\\/uploads\\\/2024\\\/07\\\/tatar-bm-genel-sekreterinin-kibris-ozel-temsilcisi-stewarti-kabul-etti-1719925789.webp.webp\",\"width\":710,\"height\":370},{\"@type\":\"BreadcrumbList\",\"@id\":\"https:\\\/\\\/kibrisdakik.com\\\/?p=48326#breadcrumb\",\"itemListElement\":[{\"@type\":\"ListItem\",\"position\":1,\"name\":\"Home\",\"item\":\"https:\\\/\\\/kibrisdakik.com\\\/\"},{\"@type\":\"ListItem\",\"position\":2,\"name\":\"Tatar, BM Genel Sekreteri\u2019nin K\u0131br\u0131s \u00d6zel Temsilcisi Stewart\u2019\u0131 kabul etti\"}]},{\"@type\":\"WebSite\",\"@id\":\"https:\\\/\\\/kibrisdakik.com\\\/#website\",\"url\":\"https:\\\/\\\/kibrisdakik.com\\\/\",\"name\":\"\",\"description\":\"Tam vaktinde haber\",\"potentialAction\":[{\"@type\":\"SearchAction\",\"target\":{\"@type\":\"EntryPoint\",\"urlTemplate\":\"https:\\\/\\\/kibrisdakik.com\\\/?s={search_term_string}\"},\"query-input\":{\"@type\":\"PropertyValueSpecification\",\"valueRequired\":true,\"valueName\":\"search_term_string\"}}],\"inLanguage\":\"tr\"},{\"@type\":\"Person\",\"@id\":\"https:\\\/\\\/kibrisdakik.com\\\/#\\\/schema\\\/person\\\/9cd9d437bbb44f72b73ba127e06d8e79\",\"name\":\"admin\",\"image\":{\"@type\":\"ImageObject\",\"inLanguage\":\"tr\",\"@id\":\"https:\\\/\\\/secure.gravatar.com\\\/avatar\\\/ccc17943b9d660506c869530f897617f7cb1c21a4bf30023f252596d83e1f007?s=96&d=mm&r=g\",\"url\":\"https:\\\/\\\/secure.gravatar.com\\\/avatar\\\/ccc17943b9d660506c869530f897617f7cb1c21a4bf30023f252596d83e1f007?s=96&d=mm&r=g\",\"contentUrl\":\"https:\\\/\\\/secure.gravatar.com\\\/avatar\\\/ccc17943b9d660506c869530f897617f7cb1c21a4bf30023f252596d83e1f007?s=96&d=mm&r=g\",\"caption\":\"admin\"},\"sameAs\":[\"https:\\\/\\\/kibrisdakik.com\"],\"url\":\"https:\\\/\\\/kibrisdakik.com\\\/?author=1\"}]}<\/script>\n<!-- \/ Yoast SEO plugin. -->","yoast_head_json":{"title":"Tatar, BM Genel Sekreteri\u2019nin K\u0131br\u0131s \u00d6zel Temsilcisi Stewart\u2019\u0131 kabul etti -","robots":{"index":"index","follow":"follow","max-snippet":"max-snippet:-1","max-image-preview":"max-image-preview:large","max-video-preview":"max-video-preview:-1"},"canonical":"https:\/\/kibrisdakik.com\/?p=48326","og_locale":"tr_TR","og_type":"article","og_title":"Tatar, BM Genel Sekreteri\u2019nin K\u0131br\u0131s \u00d6zel Temsilcisi Stewart\u2019\u0131 kabul etti -","og_description":"Stewart\u2019\u0131n G\u00fcvenlik Konseyi\u2019ni bilgilendirmek \u00fczere BM Merkezi\u2019nin bulundu\u011fu New York\u2019a gidi\u015fi \u00f6ncesinde liderlerle g\u00f6r\u00fc\u015fme program\u0131 kapsam\u0131nda yap\u0131lan g\u00f6r\u00fc\u015fme, Cumhurba\u015fkanl\u0131\u011f\u0131nda saat 16.00\u2019da ba\u015flad\u0131. &nbsp; Stewart, Cumhurba\u015fkan\u0131 \u00d6zel Temsilcisi G\u00fcne\u015f Onar taraf\u0131ndan kar\u015f\u0131land\u0131. &nbsp; Cumhurba\u015fkan\u0131 Tatar, d\u00fcn Londra\u2019da 10 Temmuz\u2019da BM Genel Sekreteri\u2019ne raporunu sunacak olan BM Genel Sekreteri\u2019nin Ki\u015fisel Temsilcisi Maria Angela Holguin Cuellar ile g\u00f6r\u00fc\u015fm\u00fc\u015f,","og_url":"https:\/\/kibrisdakik.com\/?p=48326","article_published_time":"2024-07-03T03:16:55+00:00","og_image":[{"width":710,"height":370,"url":"https:\/\/kibrisdakik.com\/wp-content\/uploads\/2024\/07\/tatar-bm-genel-sekreterinin-kibris-ozel-temsilcisi-stewarti-kabul-etti-1719925789.webp.webp","type":"image\/webp"}],"author":"admin","twitter_card":"summary_large_image","twitter_misc":{"Yazan:":"admin","Tahmini okuma s\u00fcresi":"1 dakika"},"schema":{"@context":"https:\/\/schema.org","@graph":[{"@type":"Article","@id":"https:\/\/kibrisdakik.com\/?p=48326#article","isPartOf":{"@id":"https:\/\/kibrisdakik.com\/?p=48326"},"author":{"name":"admin","@id":"https:\/\/kibrisdakik.com\/#\/schema\/person\/9cd9d437bbb44f72b73ba127e06d8e79"},"headline":"Tatar, BM Genel Sekreteri\u2019nin K\u0131br\u0131s \u00d6zel Temsilcisi Stewart\u2019\u0131 kabul etti","datePublished":"2024-07-03T03:16:55+00:00","mainEntityOfPage":{"@id":"https:\/\/kibrisdakik.com\/?p=48326"},"wordCount":156,"commentCount":0,"image":{"@id":"https:\/\/kibrisdakik.com\/?p=48326#primaryimage"},"thumbnailUrl":"https:\/\/kibrisdakik.com\/wp-content\/uploads\/2024\/07\/tatar-bm-genel-sekreterinin-kibris-ozel-temsilcisi-stewarti-kabul-etti-1719925789.webp.webp","articleSection":["Spor"],"inLanguage":"tr","potentialAction":[{"@type":"CommentAction","name":"Comment","target":["https:\/\/kibrisdakik.com\/?p=48326#respond"]}]},{"@type":"WebPage","@id":"https:\/\/kibrisdakik.com\/?p=48326","url":"https:\/\/kibrisdakik.com\/?p=48326","name":"Tatar, BM Genel Sekreteri\u2019nin K\u0131br\u0131s \u00d6zel Temsilcisi Stewart\u2019\u0131 kabul etti -","isPartOf":{"@id":"https:\/\/kibrisdakik.com\/#website"},"primaryImageOfPage":{"@id":"https:\/\/kibrisdakik.com\/?p=48326#primaryimage"},"image":{"@id":"https:\/\/kibrisdakik.com\/?p=48326#primaryimage"},"thumbnailUrl":"https:\/\/kibrisdakik.com\/wp-content\/uploads\/2024\/07\/tatar-bm-genel-sekreterinin-kibris-ozel-temsilcisi-stewarti-kabul-etti-1719925789.webp.webp","datePublished":"2024-07-03T03:16:55+00:00","author":{"@id":"https:\/\/kibrisdakik.com\/#\/schema\/person\/9cd9d437bbb44f72b73ba127e06d8e79"},"breadcrumb":{"@id":"https:\/\/kibrisdakik.com\/?p=48326#breadcrumb"},"inLanguage":"tr","potentialAction":[{"@type":"ReadAction","target":["https:\/\/kibrisdakik.com\/?p=48326"]}]},{"@type":"ImageObject","inLanguage":"tr","@id":"https:\/\/kibrisdakik.com\/?p=48326#primaryimage","url":"https:\/\/kibrisdakik.com\/wp-content\/uploads\/2024\/07\/tatar-bm-genel-sekreterinin-kibris-ozel-temsilcisi-stewarti-kabul-etti-1719925789.webp.webp","contentUrl":"https:\/\/kibrisdakik.com\/wp-content\/uploads\/2024\/07\/tatar-bm-genel-sekreterinin-kibris-ozel-temsilcisi-stewarti-kabul-etti-1719925789.webp.webp","width":710,"height":370},{"@type":"BreadcrumbList","@id":"https:\/\/kibrisdakik.com\/?p=48326#breadcrumb","itemListElement":[{"@type":"ListItem","position":1,"name":"Home","item":"https:\/\/kibrisdakik.com\/"},{"@type":"ListItem","position":2,"name":"Tatar, BM Genel Sekreteri\u2019nin K\u0131br\u0131s \u00d6zel Temsilcisi Stewart\u2019\u0131 kabul etti"}]},{"@type":"WebSite","@id":"https:\/\/kibrisdakik.com\/#website","url":"https:\/\/kibrisdakik.com\/","name":"","description":"Tam vaktinde haber","potentialAction":[{"@type":"SearchAction","target":{"@type":"EntryPoint","urlTemplate":"https:\/\/kibrisdakik.com\/?s={search_term_string}"},"query-input":{"@type":"PropertyValueSpecification","valueRequired":true,"valueName":"search_term_string"}}],"inLanguage":"tr"},{"@type":"Person","@id":"https:\/\/kibrisdakik.com\/#\/schema\/person\/9cd9d437bbb44f72b73ba127e06d8e79","name":"admin","image":{"@type":"ImageObject","inLanguage":"tr","@id":"https:\/\/secure.gravatar.com\/avatar\/ccc17943b9d660506c869530f897617f7cb1c21a4bf30023f252596d83e1f007?s=96&d=mm&r=g","url":"https:\/\/secure.gravatar.com\/avatar\/ccc17943b9d660506c869530f897617f7cb1c21a4bf30023f252596d83e1f007?s=96&d=mm&r=g","contentUrl":"https:\/\/secure.gravatar.com\/avatar\/ccc17943b9d660506c869530f897617f7cb1c21a4bf30023f252596d83e1f007?s=96&d=mm&r=g","caption":"admin"},"sameAs":["https:\/\/kibrisdakik.com"],"url":"https:\/\/kibrisdakik.com\/?author=1"}]}},"_links":{"self":[{"href":"https:\/\/kibrisdakik.com\/index.php?rest_route=\/wp\/v2\/posts\/48326","targetHints":{"allow":["GET"]}}],"collection":[{"href":"https:\/\/kibrisdakik.com\/index.php?rest_route=\/wp\/v2\/posts"}],"about":[{"href":"https:\/\/kibrisdakik.com\/index.php?rest_route=\/wp\/v2\/types\/post"}],"author":[{"embeddable":true,"href":"https:\/\/kibrisdakik.com\/index.php?rest_route=\/wp\/v2\/users\/1"}],"replies":[{"embeddable":true,"href":"https:\/\/kibrisdakik.com\/index.php?rest_route=%2Fwp%2Fv2%2Fcomments&post=48326"}],"version-history":[{"count":0,"href":"https:\/\/kibrisdakik.com\/index.php?rest_route=\/wp\/v2\/posts\/48326\/revisions"}],"wp:featuredmedia":[{"embeddable":true,"href":"https:\/\/kibrisdakik.com\/index.php?rest_route=\/wp\/v2\/media\/48327"}],"wp:attachment":[{"href":"https:\/\/kibrisdakik.com\/index.php?rest_route=%2Fwp%2Fv2%2Fmedia&parent=48326"}],"wp:term":[{"taxonomy":"category","embeddable":true,"href":"https:\/\/kibrisdakik.com\/index.php?rest_route=%2Fwp%2Fv2%2Fcategories&post=48326"},{"taxonomy":"post_tag","embeddable":true,"href":"https:\/\/kibrisdakik.com\/index.php?rest_route=%2Fwp%2Fv2%2Ftags&post=48326"}],"curies":[{"name":"wp","href":"https:\/\/api.w.org\/{rel}","templated":true}]}}