{"id":48338,"date":"2024-07-03T04:41:57","date_gmt":"2024-07-03T04:41:57","guid":{"rendered":"https:\/\/kibrisdakik.com\/index.php\/2024\/07\/03\/basbakan-unal-ustelden-buse-savaskana-tebrik\/"},"modified":"2024-07-03T04:41:57","modified_gmt":"2024-07-03T04:41:57","slug":"basbakan-unal-ustelden-buse-savaskana-tebrik","status":"publish","type":"post","link":"https:\/\/kibrisdakik.com\/?p=48338","title":{"rendered":"Ba\u015fbakan \u00dcnal \u00dcstel\u2019den Buse Sava\u015fkan\u2019a tebrik"},"content":{"rendered":"<p><\/p>\n<div>\n<div class=\"mariselle-image-container center\">\n                <img loading=\"lazy\" decoding=\"async\" width=\"1024\" height=\"576\" class=\"lazy-image\" alt=\"\" sizes=\"auto, (max-width: 1024px) 100vw, 1024px\" src=\"https:\/\/brtk.net\/wp-content\/uploads\/2024\/07\/03\/agtaas.jpg?ver=430b672bf177e2d909dc6c49d4be5dc9\" srcset=\"https:\/\/brtk.net\/wp-content\/uploads\/2024\/07\/03\/agtaas.jpg?ver=430b672bf177e2d909dc6c49d4be5dc9 1024w, https:\/\/brtk.net\/wp-content\/uploads\/2024\/07\/03\/agtaas-300x169.jpg?ver=430b672bf177e2d909dc6c49d4be5dc9 300w, https:\/\/brtk.net\/wp-content\/uploads\/2024\/07\/03\/agtaas-768x432.jpg?ver=430b672bf177e2d909dc6c49d4be5dc9 768w\"\/>                            <\/div>\n<p>Ba\u015fbakan \u00dcnal \u00dcstel, 2024 Paris Olimpiyat Oyunlar\u0131\u2019na kat\u0131l\u0131m hakk\u0131 elde eden Elit atletimiz Buse Sava\u015fkan\u2019\u0131 tebrik etti.<\/p>\n<p>Ba\u015fbakan \u00dcnal \u00dcstel, sosyal medya hesab\u0131 \u00fczerinden yay\u0131mlad\u0131\u011f\u0131 mesaj ile 2024 Paris Olimpiyat Oyunlar\u0131\u2019na kat\u0131l\u0131m hakk\u0131 elde eden Elit atletimiz Buse Sava\u015fkan\u2019\u0131 tebrik etti.<\/p>\n<p>Ba\u015fbakan \u00dcstel, \u201cHer daim K\u0131br\u0131s T\u00fcrk halk\u0131n\u0131 gururland\u0131ran elit atletimiz Buse Sava\u015fkan 2024 Paris Olimpiyatlar\u0131\u2019na kat\u0131lma hakk\u0131 kazanarak ola\u011fan\u00fcst\u00fc bir ba\u015far\u0131 elde etmi\u015ftir\u2026 Kendisini y\u00fcrekten kutlar\u0131m\u2026\u201d ifadelerini kulland\u0131. <\/p>\n<p>\u201cBuse Sava\u015fkan g\u00f6stermi\u015f oldu\u011fu azim, kararl\u0131l\u0131k ve sportif ba\u015far\u0131 ile \u00fclkemizi bir kez daha gururland\u0131rm\u0131\u015ft\u0131r\u201d diyen Ba\u015fbakan \u00dcstel, \u015f\u00f6yle devam etti:<\/p>\n<p>\u201cKendisi, K\u0131br\u0131s T\u00fcrk gen\u00e7li\u011fi i\u00e7in ilham kayna\u011f\u0131 olmaya devam etmektedir. Buse Sava\u015fkan\u2019\u0131n bu ba\u015far\u0131s\u0131, K\u0131br\u0131s T\u00fcrk sporunun uluslararas\u0131 alanda ne kadar ilerledi\u011fini g\u00f6steren \u00f6nemli bir \u00f6rnektir. Kendisine ve t\u00fcm sporcular\u0131m\u0131za bundan sonraki yar\u0131\u015fmalarda da ba\u015far\u0131lar diliyorum.\u201d<\/p>\n<p><iframe loading=\"lazy\" src=\"https:\/\/www.facebook.com\/plugins\/post.php?href=https%3A%2F%2Fwww.facebook.com%2Funalustel0%2Fposts%2Fpfbid0o3gU7FK3nkE7x6JSELXvgbQHWfcovCPc9YXc789jvCaFYwhrtw8Pzc6jWzboZhzyl&amp;show_text=true&amp;width=500\" width=\"500\" height=\"591\" style=\"border:none;overflow:hidden\" scrolling=\"no\" frameborder=\"0\" allowfullscreen=\"true\" allow=\"autoplay; clipboard-write; encrypted-media; picture-in-picture; web-share\"><\/iframe><\/p>\n<\/p><\/div>\n<p><script async\n                    defer\n                    crossorigin=\"anonymous\"\n                    src=\"https:\/\/connect.facebook.net\/tr_TR\/sdk.js#xfbml=1&#038;version=v3.3\"\n            ><\/script><\/p>\n","protected":false},"excerpt":{"rendered":"<p>Ba\u015fbakan \u00dcnal \u00dcstel, 2024 Paris Olimpiyat Oyunlar\u0131\u2019na kat\u0131l\u0131m hakk\u0131 elde eden Elit atletimiz Buse Sava\u015fkan\u2019\u0131 tebrik etti. Ba\u015fbakan \u00dcnal \u00dcstel, sosyal medya hesab\u0131 \u00fczerinden yay\u0131mlad\u0131\u011f\u0131 mesaj ile 2024 Paris Olimpiyat Oyunlar\u0131\u2019na kat\u0131l\u0131m hakk\u0131 elde eden Elit atletimiz Buse Sava\u015fkan\u2019\u0131 tebrik etti. Ba\u015fbakan \u00dcstel, \u201cHer daim K\u0131br\u0131s T\u00fcrk halk\u0131n\u0131 gururland\u0131ran elit atletimiz Buse Sava\u015fkan 2024 Paris<\/p>\n","protected":false},"author":1,"featured_media":48339,"comment_status":"open","ping_status":"open","sticky":false,"template":"","format":"standard","meta":{"footnotes":""},"categories":[1],"tags":[],"class_list":["post-48338","post","type-post","status-publish","format-standard","has-post-thumbnail","hentry","category-gundem"],"yoast_head":"<!-- This site is optimized with the Yoast SEO plugin v27.4 - https:\/\/yoast.com\/product\/yoast-seo-wordpress\/ -->\n<title>Ba\u015fbakan \u00dcnal \u00dcstel\u2019den Buse Sava\u015fkan\u2019a tebrik -<\/title>\n<meta name=\"robots\" content=\"index, follow, max-snippet:-1, max-image-preview:large, max-video-preview:-1\" \/>\n<link rel=\"canonical\" href=\"https:\/\/kibrisdakik.com\/?p=48338\" \/>\n<meta property=\"og:locale\" content=\"tr_TR\" \/>\n<meta property=\"og:type\" content=\"article\" \/>\n<meta property=\"og:title\" content=\"Ba\u015fbakan \u00dcnal \u00dcstel\u2019den Buse Sava\u015fkan\u2019a tebrik -\" \/>\n<meta property=\"og:description\" content=\"Ba\u015fbakan \u00dcnal \u00dcstel, 2024 Paris Olimpiyat Oyunlar\u0131\u2019na kat\u0131l\u0131m hakk\u0131 elde eden Elit atletimiz Buse Sava\u015fkan\u2019\u0131 tebrik etti. Ba\u015fbakan \u00dcnal \u00dcstel, sosyal medya hesab\u0131 \u00fczerinden yay\u0131mlad\u0131\u011f\u0131 mesaj ile 2024 Paris Olimpiyat Oyunlar\u0131\u2019na kat\u0131l\u0131m hakk\u0131 elde eden Elit atletimiz Buse Sava\u015fkan\u2019\u0131 tebrik etti. Ba\u015fbakan \u00dcstel, \u201cHer daim K\u0131br\u0131s T\u00fcrk halk\u0131n\u0131 gururland\u0131ran elit atletimiz Buse Sava\u015fkan 2024 Paris\" \/>\n<meta property=\"og:url\" content=\"https:\/\/kibrisdakik.com\/?p=48338\" \/>\n<meta property=\"article:published_time\" content=\"2024-07-03T04:41:57+00:00\" \/>\n<meta property=\"og:image\" content=\"https:\/\/kibrisdakik.com\/wp-content\/uploads\/2024\/07\/agtaas-740x420.jpg\" \/>\n\t<meta property=\"og:image:width\" content=\"1024\" \/>\n\t<meta property=\"og:image:height\" content=\"576\" \/>\n\t<meta property=\"og:image:type\" content=\"image\/jpeg\" \/>\n<meta name=\"author\" content=\"admin\" \/>\n<meta name=\"twitter:card\" content=\"summary_large_image\" \/>\n<meta name=\"twitter:label1\" content=\"Yazan:\" \/>\n\t<meta name=\"twitter:data1\" content=\"admin\" \/>\n\t<meta name=\"twitter:label2\" content=\"Tahmini okuma s\u00fcresi\" \/>\n\t<meta name=\"twitter:data2\" content=\"1 dakika\" \/>\n<script type=\"application\/ld+json\" class=\"yoast-schema-graph\">{\"@context\":\"https:\\\/\\\/schema.org\",\"@graph\":[{\"@type\":\"Article\",\"@id\":\"https:\\\/\\\/kibrisdakik.com\\\/?p=48338#article\",\"isPartOf\":{\"@id\":\"https:\\\/\\\/kibrisdakik.com\\\/?p=48338\"},\"author\":{\"name\":\"admin\",\"@id\":\"https:\\\/\\\/kibrisdakik.com\\\/#\\\/schema\\\/person\\\/9cd9d437bbb44f72b73ba127e06d8e79\"},\"headline\":\"Ba\u015fbakan \u00dcnal \u00dcstel\u2019den Buse Sava\u015fkan\u2019a tebrik\",\"datePublished\":\"2024-07-03T04:41:57+00:00\",\"mainEntityOfPage\":{\"@id\":\"https:\\\/\\\/kibrisdakik.com\\\/?p=48338\"},\"wordCount\":190,\"commentCount\":0,\"image\":{\"@id\":\"https:\\\/\\\/kibrisdakik.com\\\/?p=48338#primaryimage\"},\"thumbnailUrl\":\"https:\\\/\\\/kibrisdakik.com\\\/wp-content\\\/uploads\\\/2024\\\/07\\\/agtaas-740x420.jpg\",\"articleSection\":[\"G\u00fcndem\"],\"inLanguage\":\"tr\",\"potentialAction\":[{\"@type\":\"CommentAction\",\"name\":\"Comment\",\"target\":[\"https:\\\/\\\/kibrisdakik.com\\\/?p=48338#respond\"]}]},{\"@type\":\"WebPage\",\"@id\":\"https:\\\/\\\/kibrisdakik.com\\\/?p=48338\",\"url\":\"https:\\\/\\\/kibrisdakik.com\\\/?p=48338\",\"name\":\"Ba\u015fbakan \u00dcnal \u00dcstel\u2019den Buse Sava\u015fkan\u2019a tebrik -\",\"isPartOf\":{\"@id\":\"https:\\\/\\\/kibrisdakik.com\\\/#website\"},\"primaryImageOfPage\":{\"@id\":\"https:\\\/\\\/kibrisdakik.com\\\/?p=48338#primaryimage\"},\"image\":{\"@id\":\"https:\\\/\\\/kibrisdakik.com\\\/?p=48338#primaryimage\"},\"thumbnailUrl\":\"https:\\\/\\\/kibrisdakik.com\\\/wp-content\\\/uploads\\\/2024\\\/07\\\/agtaas-740x420.jpg\",\"datePublished\":\"2024-07-03T04:41:57+00:00\",\"author\":{\"@id\":\"https:\\\/\\\/kibrisdakik.com\\\/#\\\/schema\\\/person\\\/9cd9d437bbb44f72b73ba127e06d8e79\"},\"breadcrumb\":{\"@id\":\"https:\\\/\\\/kibrisdakik.com\\\/?p=48338#breadcrumb\"},\"inLanguage\":\"tr\",\"potentialAction\":[{\"@type\":\"ReadAction\",\"target\":[\"https:\\\/\\\/kibrisdakik.com\\\/?p=48338\"]}]},{\"@type\":\"ImageObject\",\"inLanguage\":\"tr\",\"@id\":\"https:\\\/\\\/kibrisdakik.com\\\/?p=48338#primaryimage\",\"url\":\"https:\\\/\\\/kibrisdakik.com\\\/wp-content\\\/uploads\\\/2024\\\/07\\\/agtaas-740x420.jpg\",\"contentUrl\":\"https:\\\/\\\/kibrisdakik.com\\\/wp-content\\\/uploads\\\/2024\\\/07\\\/agtaas-740x420.jpg\",\"width\":1024,\"height\":576},{\"@type\":\"BreadcrumbList\",\"@id\":\"https:\\\/\\\/kibrisdakik.com\\\/?p=48338#breadcrumb\",\"itemListElement\":[{\"@type\":\"ListItem\",\"position\":1,\"name\":\"Home\",\"item\":\"https:\\\/\\\/kibrisdakik.com\\\/\"},{\"@type\":\"ListItem\",\"position\":2,\"name\":\"Ba\u015fbakan \u00dcnal \u00dcstel\u2019den Buse Sava\u015fkan\u2019a tebrik\"}]},{\"@type\":\"WebSite\",\"@id\":\"https:\\\/\\\/kibrisdakik.com\\\/#website\",\"url\":\"https:\\\/\\\/kibrisdakik.com\\\/\",\"name\":\"\",\"description\":\"Tam vaktinde haber\",\"potentialAction\":[{\"@type\":\"SearchAction\",\"target\":{\"@type\":\"EntryPoint\",\"urlTemplate\":\"https:\\\/\\\/kibrisdakik.com\\\/?s={search_term_string}\"},\"query-input\":{\"@type\":\"PropertyValueSpecification\",\"valueRequired\":true,\"valueName\":\"search_term_string\"}}],\"inLanguage\":\"tr\"},{\"@type\":\"Person\",\"@id\":\"https:\\\/\\\/kibrisdakik.com\\\/#\\\/schema\\\/person\\\/9cd9d437bbb44f72b73ba127e06d8e79\",\"name\":\"admin\",\"image\":{\"@type\":\"ImageObject\",\"inLanguage\":\"tr\",\"@id\":\"https:\\\/\\\/secure.gravatar.com\\\/avatar\\\/ccc17943b9d660506c869530f897617f7cb1c21a4bf30023f252596d83e1f007?s=96&d=mm&r=g\",\"url\":\"https:\\\/\\\/secure.gravatar.com\\\/avatar\\\/ccc17943b9d660506c869530f897617f7cb1c21a4bf30023f252596d83e1f007?s=96&d=mm&r=g\",\"contentUrl\":\"https:\\\/\\\/secure.gravatar.com\\\/avatar\\\/ccc17943b9d660506c869530f897617f7cb1c21a4bf30023f252596d83e1f007?s=96&d=mm&r=g\",\"caption\":\"admin\"},\"sameAs\":[\"https:\\\/\\\/kibrisdakik.com\"],\"url\":\"https:\\\/\\\/kibrisdakik.com\\\/?author=1\"}]}<\/script>\n<!-- \/ Yoast SEO plugin. -->","yoast_head_json":{"title":"Ba\u015fbakan \u00dcnal \u00dcstel\u2019den Buse Sava\u015fkan\u2019a tebrik -","robots":{"index":"index","follow":"follow","max-snippet":"max-snippet:-1","max-image-preview":"max-image-preview:large","max-video-preview":"max-video-preview:-1"},"canonical":"https:\/\/kibrisdakik.com\/?p=48338","og_locale":"tr_TR","og_type":"article","og_title":"Ba\u015fbakan \u00dcnal \u00dcstel\u2019den Buse Sava\u015fkan\u2019a tebrik -","og_description":"Ba\u015fbakan \u00dcnal \u00dcstel, 2024 Paris Olimpiyat Oyunlar\u0131\u2019na kat\u0131l\u0131m hakk\u0131 elde eden Elit atletimiz Buse Sava\u015fkan\u2019\u0131 tebrik etti. Ba\u015fbakan \u00dcnal \u00dcstel, sosyal medya hesab\u0131 \u00fczerinden yay\u0131mlad\u0131\u011f\u0131 mesaj ile 2024 Paris Olimpiyat Oyunlar\u0131\u2019na kat\u0131l\u0131m hakk\u0131 elde eden Elit atletimiz Buse Sava\u015fkan\u2019\u0131 tebrik etti. Ba\u015fbakan \u00dcstel, \u201cHer daim K\u0131br\u0131s T\u00fcrk halk\u0131n\u0131 gururland\u0131ran elit atletimiz Buse Sava\u015fkan 2024 Paris","og_url":"https:\/\/kibrisdakik.com\/?p=48338","article_published_time":"2024-07-03T04:41:57+00:00","og_image":[{"width":1024,"height":576,"url":"https:\/\/kibrisdakik.com\/wp-content\/uploads\/2024\/07\/agtaas-740x420.jpg","type":"image\/jpeg"}],"author":"admin","twitter_card":"summary_large_image","twitter_misc":{"Yazan:":"admin","Tahmini okuma s\u00fcresi":"1 dakika"},"schema":{"@context":"https:\/\/schema.org","@graph":[{"@type":"Article","@id":"https:\/\/kibrisdakik.com\/?p=48338#article","isPartOf":{"@id":"https:\/\/kibrisdakik.com\/?p=48338"},"author":{"name":"admin","@id":"https:\/\/kibrisdakik.com\/#\/schema\/person\/9cd9d437bbb44f72b73ba127e06d8e79"},"headline":"Ba\u015fbakan \u00dcnal \u00dcstel\u2019den Buse Sava\u015fkan\u2019a tebrik","datePublished":"2024-07-03T04:41:57+00:00","mainEntityOfPage":{"@id":"https:\/\/kibrisdakik.com\/?p=48338"},"wordCount":190,"commentCount":0,"image":{"@id":"https:\/\/kibrisdakik.com\/?p=48338#primaryimage"},"thumbnailUrl":"https:\/\/kibrisdakik.com\/wp-content\/uploads\/2024\/07\/agtaas-740x420.jpg","articleSection":["G\u00fcndem"],"inLanguage":"tr","potentialAction":[{"@type":"CommentAction","name":"Comment","target":["https:\/\/kibrisdakik.com\/?p=48338#respond"]}]},{"@type":"WebPage","@id":"https:\/\/kibrisdakik.com\/?p=48338","url":"https:\/\/kibrisdakik.com\/?p=48338","name":"Ba\u015fbakan \u00dcnal \u00dcstel\u2019den Buse Sava\u015fkan\u2019a tebrik -","isPartOf":{"@id":"https:\/\/kibrisdakik.com\/#website"},"primaryImageOfPage":{"@id":"https:\/\/kibrisdakik.com\/?p=48338#primaryimage"},"image":{"@id":"https:\/\/kibrisdakik.com\/?p=48338#primaryimage"},"thumbnailUrl":"https:\/\/kibrisdakik.com\/wp-content\/uploads\/2024\/07\/agtaas-740x420.jpg","datePublished":"2024-07-03T04:41:57+00:00","author":{"@id":"https:\/\/kibrisdakik.com\/#\/schema\/person\/9cd9d437bbb44f72b73ba127e06d8e79"},"breadcrumb":{"@id":"https:\/\/kibrisdakik.com\/?p=48338#breadcrumb"},"inLanguage":"tr","potentialAction":[{"@type":"ReadAction","target":["https:\/\/kibrisdakik.com\/?p=48338"]}]},{"@type":"ImageObject","inLanguage":"tr","@id":"https:\/\/kibrisdakik.com\/?p=48338#primaryimage","url":"https:\/\/kibrisdakik.com\/wp-content\/uploads\/2024\/07\/agtaas-740x420.jpg","contentUrl":"https:\/\/kibrisdakik.com\/wp-content\/uploads\/2024\/07\/agtaas-740x420.jpg","width":1024,"height":576},{"@type":"BreadcrumbList","@id":"https:\/\/kibrisdakik.com\/?p=48338#breadcrumb","itemListElement":[{"@type":"ListItem","position":1,"name":"Home","item":"https:\/\/kibrisdakik.com\/"},{"@type":"ListItem","position":2,"name":"Ba\u015fbakan \u00dcnal \u00dcstel\u2019den Buse Sava\u015fkan\u2019a tebrik"}]},{"@type":"WebSite","@id":"https:\/\/kibrisdakik.com\/#website","url":"https:\/\/kibrisdakik.com\/","name":"","description":"Tam vaktinde haber","potentialAction":[{"@type":"SearchAction","target":{"@type":"EntryPoint","urlTemplate":"https:\/\/kibrisdakik.com\/?s={search_term_string}"},"query-input":{"@type":"PropertyValueSpecification","valueRequired":true,"valueName":"search_term_string"}}],"inLanguage":"tr"},{"@type":"Person","@id":"https:\/\/kibrisdakik.com\/#\/schema\/person\/9cd9d437bbb44f72b73ba127e06d8e79","name":"admin","image":{"@type":"ImageObject","inLanguage":"tr","@id":"https:\/\/secure.gravatar.com\/avatar\/ccc17943b9d660506c869530f897617f7cb1c21a4bf30023f252596d83e1f007?s=96&d=mm&r=g","url":"https:\/\/secure.gravatar.com\/avatar\/ccc17943b9d660506c869530f897617f7cb1c21a4bf30023f252596d83e1f007?s=96&d=mm&r=g","contentUrl":"https:\/\/secure.gravatar.com\/avatar\/ccc17943b9d660506c869530f897617f7cb1c21a4bf30023f252596d83e1f007?s=96&d=mm&r=g","caption":"admin"},"sameAs":["https:\/\/kibrisdakik.com"],"url":"https:\/\/kibrisdakik.com\/?author=1"}]}},"_links":{"self":[{"href":"https:\/\/kibrisdakik.com\/index.php?rest_route=\/wp\/v2\/posts\/48338","targetHints":{"allow":["GET"]}}],"collection":[{"href":"https:\/\/kibrisdakik.com\/index.php?rest_route=\/wp\/v2\/posts"}],"about":[{"href":"https:\/\/kibrisdakik.com\/index.php?rest_route=\/wp\/v2\/types\/post"}],"author":[{"embeddable":true,"href":"https:\/\/kibrisdakik.com\/index.php?rest_route=\/wp\/v2\/users\/1"}],"replies":[{"embeddable":true,"href":"https:\/\/kibrisdakik.com\/index.php?rest_route=%2Fwp%2Fv2%2Fcomments&post=48338"}],"version-history":[{"count":0,"href":"https:\/\/kibrisdakik.com\/index.php?rest_route=\/wp\/v2\/posts\/48338\/revisions"}],"wp:featuredmedia":[{"embeddable":true,"href":"https:\/\/kibrisdakik.com\/index.php?rest_route=\/wp\/v2\/media\/48339"}],"wp:attachment":[{"href":"https:\/\/kibrisdakik.com\/index.php?rest_route=%2Fwp%2Fv2%2Fmedia&parent=48338"}],"wp:term":[{"taxonomy":"category","embeddable":true,"href":"https:\/\/kibrisdakik.com\/index.php?rest_route=%2Fwp%2Fv2%2Fcategories&post=48338"},{"taxonomy":"post_tag","embeddable":true,"href":"https:\/\/kibrisdakik.com\/index.php?rest_route=%2Fwp%2Fv2%2Ftags&post=48338"}],"curies":[{"name":"wp","href":"https:\/\/api.w.org\/{rel}","templated":true}]}}