{"id":4834,"date":"2023-04-09T14:56:21","date_gmt":"2023-04-09T14:56:21","guid":{"rendered":"https:\/\/kibrisdakik.com\/index.php\/2023\/04\/09\/20nci-orkide-yuruyusu-yapildi\/"},"modified":"2023-04-09T14:56:21","modified_gmt":"2023-04-09T14:56:21","slug":"20nci-orkide-yuruyusu-yapildi","status":"publish","type":"post","link":"https:\/\/kibrisdakik.com\/?p=4834","title":{"rendered":"\u201c20\u2019nci Orkide Y\u00fcr\u00fcy\u00fc\u015f\u00fc\u201d yap\u0131ld\u0131"},"content":{"rendered":"<p><\/p>\n<div>\n<p>Kanser Ara\u015ft\u0131rma Vakf\u0131\u2019n\u0131n S\u00fcleyman Cengiz Emino\u011flu Vakf\u0131 CENGO-V i\u015f birli\u011fi ve TELS\u0130M ana sponsorlu\u011funda bu y\u0131l 20\u2019ncisini d\u00fczenledi\u011fi Orkide Y\u00fcr\u00fcy\u00fc\u015f\u00fc De\u011firmenlik Belediyesi\u2019ne ba\u011fl\u0131 Dilekkaya Y\u00fcr\u00fcy\u00fc\u015f Parkuru\u2019nda ger\u00e7ekle\u015ftirildi.<br \/>Orkide Y\u00fcr\u00fcy\u00fc\u015f\u00fc etkinli\u011fine Cumhurba\u015fkan\u0131 <a href=\"https:\/\/brtk.net\/\" target=\"_blank\" rel=\"noopener\">Ersin Tatar<\/a> ve e\u015fi Sibel <a href=\"https:\/\/brtk.net\/\">Tatar<\/a>, baz\u0131 bakanlar, \u00f6rg\u00fctler, dernekler ve vatanda\u015flar kat\u0131ld\u0131.<\/p>\n<div class=\"mariselle-image-container center\">\n                <img width=\"2048\" height=\"1094\" class=\"lazy-image\" alt=\"\" decoding=\"async\" loading=\"lazy\" sizes=\"auto, (max-width: 2048px) 100vw, 2048px\" src=\"https:\/\/brtk.net\/wp-content\/uploads\/2023\/04\/09\/adsdar2.jpg?ver=96d938cfbaf40cb75268ff4831e568fa\" srcset=\"https:\/\/brtk.net\/wp-content\/uploads\/2023\/04\/09\/adsdar2.jpg?ver=96d938cfbaf40cb75268ff4831e568fa 2048w, https:\/\/brtk.net\/wp-content\/uploads\/2023\/04\/09\/adsdar2-300x160.jpg?ver=96d938cfbaf40cb75268ff4831e568fa 300w, https:\/\/brtk.net\/wp-content\/uploads\/2023\/04\/09\/adsdar2-1024x547.jpg?ver=28519f7e2ee1c27cfd46d083be0fa2dc 1024w, https:\/\/brtk.net\/wp-content\/uploads\/2023\/04\/09\/adsdar2-768x410.jpg?ver=28519f7e2ee1c27cfd46d083be0fa2dc 768w, https:\/\/brtk.net\/wp-content\/uploads\/2023\/04\/09\/adsdar2-1536x821.jpg?ver=28519f7e2ee1c27cfd46d083be0fa2dc 1536w\"\/>                            <\/div>\n<p>Y\u00fcr\u00fcy\u00fc\u015f\u00fcn ba\u015flang\u0131\u00e7 noktas\u0131nda konu\u015fmalar ger\u00e7ekle\u015ftirildi.<\/p>\n<p>\u0130lk konu\u015fmay\u0131 yapan Kanser Ara\u015ft\u0131rma Vakf\u0131 Ba\u015fkan\u0131 Prof. Dr. Mustafa Camg\u00f6z, K\u0131br\u0131s\u2019ta kanser ara\u015ft\u0131rmas\u0131 yapan tek kurum olan vakf\u0131n, kanserle m\u00fccadele i\u00e7in har\u0131l har\u0131l \u00e7al\u0131\u015ft\u0131\u011f\u0131n\u0131, bu kapsamda haz\u0131rlanan ilerleme raporunun incelenmesini istedi.<\/p>\n<p><a href=\"https:\/\/brtk.net\/\">KKTC<\/a> TELS\u0130M Genel M\u00fcd\u00fcr\u00fc Sefer T\u00fczde, anlaml\u0131 ve \u00f6zel bir g\u00fcn olu\u011funu ifade ederek, Kanser Ara\u015ft\u0131rma Vakf\u0131\u2019n\u0131n bu etkinli\u011fine sponsorluk etmekten duydu\u011fu memnuniyeti dile getirdi.<\/p>\n<p>CENGO-V Vakf\u0131 Ba\u015fkan\u0131 \u00d6zge \u00d6zbeko\u011flu da, \u00e7ocuklar ve gen\u00e7ler i\u00e7in \u00e7al\u0131\u015ft\u0131klar\u0131n\u0131, projeler \u00fcrettiklerini vurgulayarak, kat\u0131l\u0131mc\u0131lara te\u015fekk\u00fcr etti.<\/p>\n<p>Cumhurba\u015fkan\u0131 <a href=\"https:\/\/brtk.net\/\" target=\"_blank\" rel=\"noopener\">Ersin Tatar<\/a> da, 20 y\u0131ld\u0131r kesintisiz olarak y\u00fcr\u00fcy\u00fc\u015fleri ger\u00e7ekle\u015ftiren herkese te\u015fekk\u00fcr ederek, haz\u0131rlanan bilimsel \u00e7al\u0131\u015fmalar\u0131n \u00f6nemli oldu\u011funu, <a href=\"https:\/\/brtk.net\/\">KKTC<\/a> halk\u0131, kurum ve kurulu\u015flar ile devlet i\u00e7in bu \u00e7al\u0131\u015fmalar\u0131n \u00f6nemli oldu\u011funu belirtti.<br \/><a href=\"https:\/\/brtk.net\/\">Tatar<\/a>, ellerinden geldi\u011fi kadar bu bilimsel \u00e7al\u0131\u015fmalara destek verdiklerini, bu y\u00fcr\u00fcy\u00fc\u015f\u00fcn sa\u011fl\u0131\u011fa ne kadar \u00e7ok \u00f6nem vermek gerekti\u011fi mesaj\u0131 ta\u015f\u0131d\u0131\u011f\u0131n\u0131 s\u00f6yledi.<\/p>\n<p><a href=\"https:\/\/brtk.net\/\">Tatar<\/a>, \u201cSenede bir kere y\u00fcr\u00fcmeyle olmuyor. S\u00fcrekli olarak, sa\u011fl\u0131\u011f\u0131m\u0131z\u0131 korumak i\u00e7in, her t\u00fcrl\u00fc hastal\u0131\u011fa, pandemiye, covide ve her t\u00fcrl\u00fc salg\u0131na kar\u015f\u0131 sa\u011fl\u0131kl\u0131 olmak i\u00e7in spor, y\u00fcr\u00fcy\u00fc\u015f ve her t\u00fcrl\u00fc etkinlikte sizleri her zaman g\u00f6rmek isteriz\u201d dedi.<br \/>Konu\u015fmalar\u0131n ard\u0131ndan y\u00fcr\u00fcy\u00fc\u015f i\u00e7in start verildi.<\/p>\n<p>Etkinlikte kurulan 20 adet stantta kat\u0131l\u0131mc\u0131lar sa\u011fl\u0131kl\u0131 g\u0131da \u00fcr\u00fcnleri, k\u00f6y \u00fcr\u00fcnleri ve i\u00e7ecek sat\u0131\u015f\u0131 yapt\u0131.<\/p>\n<p>6 \u015eubat\u2019ta T\u00fcrkiye\u2019de meydana gelen depremde aram\u0131zdan ayr\u0131lan \u201c\u015eampiyon Melekler\u201din de unutulmad\u0131\u011f\u0131 etkinlikte, KAV stand\u0131nda \u201c\u015eampiyon Melekler\u201d ti\u015f\u00f6rtleri sat\u0131ld\u0131.<\/p>\n<p>Etkinlikte Cumhurba\u015fkanl\u0131\u011f\u0131 Bilim ve Sa\u011fl\u0131k Komitesi de stant kurdu.<\/p>\n<p>T\u00fcm biletlerin sat\u0131ld\u0131\u011f\u0131 etkinlik, havan\u0131n kapal\u0131 ve ya\u011f\u0131\u015fl\u0131 olmas\u0131na kar\u015f\u0131n yo\u011fun bir kat\u0131l\u0131mla ger\u00e7ekle\u015ftirildi.<\/p>\n<p>Etkinli\u011fe kat\u0131lan vatanda\u015flar da hem spor yapman\u0131n faydalar\u0131n\u0131, hem de kansere kar\u015f\u0131 bilin\u00e7li olunmas\u0131n\u0131n \u00f6nemine i\u015faret ettiler.<\/p>\n<p><a href=\"https:\/\/brtk.net\/\">BRT<\/a><\/p>\n<\/p><\/div>\n<p><script async\n                    defer\n                    crossorigin=\"anonymous\"\n                    src=\"https:\/\/connect.facebook.net\/tr_TR\/sdk.js#xfbml=1&#038;version=v3.3\"\n            ><\/script><\/p>\n","protected":false},"excerpt":{"rendered":"<p>Kanser Ara\u015ft\u0131rma Vakf\u0131\u2019n\u0131n S\u00fcleyman Cengiz Emino\u011flu Vakf\u0131 CENGO-V i\u015f birli\u011fi ve TELS\u0130M ana sponsorlu\u011funda bu y\u0131l 20\u2019ncisini d\u00fczenledi\u011fi Orkide Y\u00fcr\u00fcy\u00fc\u015f\u00fc De\u011firmenlik Belediyesi\u2019ne ba\u011fl\u0131 Dilekkaya Y\u00fcr\u00fcy\u00fc\u015f Parkuru\u2019nda ger\u00e7ekle\u015ftirildi.Orkide Y\u00fcr\u00fcy\u00fc\u015f\u00fc etkinli\u011fine Cumhurba\u015fkan\u0131 Ersin Tatar ve e\u015fi Sibel Tatar, baz\u0131 bakanlar, \u00f6rg\u00fctler, dernekler ve vatanda\u015flar kat\u0131ld\u0131. Y\u00fcr\u00fcy\u00fc\u015f\u00fcn ba\u015flang\u0131\u00e7 noktas\u0131nda konu\u015fmalar ger\u00e7ekle\u015ftirildi. \u0130lk konu\u015fmay\u0131 yapan Kanser Ara\u015ft\u0131rma Vakf\u0131 Ba\u015fkan\u0131<\/p>\n","protected":false},"author":1,"featured_media":4835,"comment_status":"open","ping_status":"open","sticky":false,"template":"","format":"standard","meta":{"footnotes":""},"categories":[1],"tags":[],"class_list":["post-4834","post","type-post","status-publish","format-standard","has-post-thumbnail","hentry","category-gundem"],"yoast_head":"<!-- This site is optimized with the Yoast SEO plugin v27.4 - https:\/\/yoast.com\/product\/yoast-seo-wordpress\/ -->\n<title>\u201c20\u2019nci Orkide Y\u00fcr\u00fcy\u00fc\u015f\u00fc\u201d yap\u0131ld\u0131 -<\/title>\n<meta name=\"robots\" content=\"index, follow, max-snippet:-1, max-image-preview:large, max-video-preview:-1\" \/>\n<link rel=\"canonical\" href=\"https:\/\/kibrisdakik.com\/?p=4834\" \/>\n<meta property=\"og:locale\" content=\"tr_TR\" \/>\n<meta property=\"og:type\" content=\"article\" \/>\n<meta property=\"og:title\" content=\"\u201c20\u2019nci Orkide Y\u00fcr\u00fcy\u00fc\u015f\u00fc\u201d yap\u0131ld\u0131 -\" \/>\n<meta property=\"og:description\" content=\"Kanser Ara\u015ft\u0131rma Vakf\u0131\u2019n\u0131n S\u00fcleyman Cengiz Emino\u011flu Vakf\u0131 CENGO-V i\u015f birli\u011fi ve TELS\u0130M ana sponsorlu\u011funda bu y\u0131l 20\u2019ncisini d\u00fczenledi\u011fi Orkide Y\u00fcr\u00fcy\u00fc\u015f\u00fc De\u011firmenlik Belediyesi\u2019ne ba\u011fl\u0131 Dilekkaya Y\u00fcr\u00fcy\u00fc\u015f Parkuru\u2019nda ger\u00e7ekle\u015ftirildi.Orkide Y\u00fcr\u00fcy\u00fc\u015f\u00fc etkinli\u011fine Cumhurba\u015fkan\u0131 Ersin Tatar ve e\u015fi Sibel Tatar, baz\u0131 bakanlar, \u00f6rg\u00fctler, dernekler ve vatanda\u015flar kat\u0131ld\u0131. Y\u00fcr\u00fcy\u00fc\u015f\u00fcn ba\u015flang\u0131\u00e7 noktas\u0131nda konu\u015fmalar ger\u00e7ekle\u015ftirildi. \u0130lk konu\u015fmay\u0131 yapan Kanser Ara\u015ft\u0131rma Vakf\u0131 Ba\u015fkan\u0131\" \/>\n<meta property=\"og:url\" content=\"https:\/\/kibrisdakik.com\/?p=4834\" \/>\n<meta property=\"article:published_time\" content=\"2023-04-09T14:56:21+00:00\" \/>\n<meta property=\"og:image\" content=\"https:\/\/kibrisdakik.com\/wp-content\/uploads\/2023\/04\/adsdar2-740x420.jpg\" \/>\n\t<meta property=\"og:image:width\" content=\"2048\" \/>\n\t<meta property=\"og:image:height\" content=\"1094\" \/>\n\t<meta property=\"og:image:type\" content=\"image\/jpeg\" \/>\n<meta name=\"author\" content=\"admin\" \/>\n<meta name=\"twitter:card\" content=\"summary_large_image\" \/>\n<meta name=\"twitter:label1\" content=\"Yazan:\" \/>\n\t<meta name=\"twitter:data1\" content=\"admin\" \/>\n\t<meta name=\"twitter:label2\" content=\"Tahmini okuma s\u00fcresi\" \/>\n\t<meta name=\"twitter:data2\" content=\"2 dakika\" \/>\n<script type=\"application\/ld+json\" class=\"yoast-schema-graph\">{\"@context\":\"https:\\\/\\\/schema.org\",\"@graph\":[{\"@type\":\"Article\",\"@id\":\"https:\\\/\\\/kibrisdakik.com\\\/?p=4834#article\",\"isPartOf\":{\"@id\":\"https:\\\/\\\/kibrisdakik.com\\\/?p=4834\"},\"author\":{\"name\":\"admin\",\"@id\":\"https:\\\/\\\/kibrisdakik.com\\\/#\\\/schema\\\/person\\\/9cd9d437bbb44f72b73ba127e06d8e79\"},\"headline\":\"\u201c20\u2019nci Orkide Y\u00fcr\u00fcy\u00fc\u015f\u00fc\u201d yap\u0131ld\u0131\",\"datePublished\":\"2023-04-09T14:56:21+00:00\",\"mainEntityOfPage\":{\"@id\":\"https:\\\/\\\/kibrisdakik.com\\\/?p=4834\"},\"wordCount\":472,\"commentCount\":0,\"image\":{\"@id\":\"https:\\\/\\\/kibrisdakik.com\\\/?p=4834#primaryimage\"},\"thumbnailUrl\":\"https:\\\/\\\/kibrisdakik.com\\\/wp-content\\\/uploads\\\/2023\\\/04\\\/adsdar2-740x420.jpg\",\"articleSection\":[\"G\u00fcndem\"],\"inLanguage\":\"tr\",\"potentialAction\":[{\"@type\":\"CommentAction\",\"name\":\"Comment\",\"target\":[\"https:\\\/\\\/kibrisdakik.com\\\/?p=4834#respond\"]}]},{\"@type\":\"WebPage\",\"@id\":\"https:\\\/\\\/kibrisdakik.com\\\/?p=4834\",\"url\":\"https:\\\/\\\/kibrisdakik.com\\\/?p=4834\",\"name\":\"\u201c20\u2019nci Orkide Y\u00fcr\u00fcy\u00fc\u015f\u00fc\u201d yap\u0131ld\u0131 -\",\"isPartOf\":{\"@id\":\"https:\\\/\\\/kibrisdakik.com\\\/#website\"},\"primaryImageOfPage\":{\"@id\":\"https:\\\/\\\/kibrisdakik.com\\\/?p=4834#primaryimage\"},\"image\":{\"@id\":\"https:\\\/\\\/kibrisdakik.com\\\/?p=4834#primaryimage\"},\"thumbnailUrl\":\"https:\\\/\\\/kibrisdakik.com\\\/wp-content\\\/uploads\\\/2023\\\/04\\\/adsdar2-740x420.jpg\",\"datePublished\":\"2023-04-09T14:56:21+00:00\",\"author\":{\"@id\":\"https:\\\/\\\/kibrisdakik.com\\\/#\\\/schema\\\/person\\\/9cd9d437bbb44f72b73ba127e06d8e79\"},\"breadcrumb\":{\"@id\":\"https:\\\/\\\/kibrisdakik.com\\\/?p=4834#breadcrumb\"},\"inLanguage\":\"tr\",\"potentialAction\":[{\"@type\":\"ReadAction\",\"target\":[\"https:\\\/\\\/kibrisdakik.com\\\/?p=4834\"]}]},{\"@type\":\"ImageObject\",\"inLanguage\":\"tr\",\"@id\":\"https:\\\/\\\/kibrisdakik.com\\\/?p=4834#primaryimage\",\"url\":\"https:\\\/\\\/kibrisdakik.com\\\/wp-content\\\/uploads\\\/2023\\\/04\\\/adsdar2-740x420.jpg\",\"contentUrl\":\"https:\\\/\\\/kibrisdakik.com\\\/wp-content\\\/uploads\\\/2023\\\/04\\\/adsdar2-740x420.jpg\",\"width\":2048,\"height\":1094},{\"@type\":\"BreadcrumbList\",\"@id\":\"https:\\\/\\\/kibrisdakik.com\\\/?p=4834#breadcrumb\",\"itemListElement\":[{\"@type\":\"ListItem\",\"position\":1,\"name\":\"Home\",\"item\":\"https:\\\/\\\/kibrisdakik.com\\\/\"},{\"@type\":\"ListItem\",\"position\":2,\"name\":\"\u201c20\u2019nci Orkide Y\u00fcr\u00fcy\u00fc\u015f\u00fc\u201d yap\u0131ld\u0131\"}]},{\"@type\":\"WebSite\",\"@id\":\"https:\\\/\\\/kibrisdakik.com\\\/#website\",\"url\":\"https:\\\/\\\/kibrisdakik.com\\\/\",\"name\":\"\",\"description\":\"Tam vaktinde haber\",\"potentialAction\":[{\"@type\":\"SearchAction\",\"target\":{\"@type\":\"EntryPoint\",\"urlTemplate\":\"https:\\\/\\\/kibrisdakik.com\\\/?s={search_term_string}\"},\"query-input\":{\"@type\":\"PropertyValueSpecification\",\"valueRequired\":true,\"valueName\":\"search_term_string\"}}],\"inLanguage\":\"tr\"},{\"@type\":\"Person\",\"@id\":\"https:\\\/\\\/kibrisdakik.com\\\/#\\\/schema\\\/person\\\/9cd9d437bbb44f72b73ba127e06d8e79\",\"name\":\"admin\",\"image\":{\"@type\":\"ImageObject\",\"inLanguage\":\"tr\",\"@id\":\"https:\\\/\\\/secure.gravatar.com\\\/avatar\\\/ccc17943b9d660506c869530f897617f7cb1c21a4bf30023f252596d83e1f007?s=96&d=mm&r=g\",\"url\":\"https:\\\/\\\/secure.gravatar.com\\\/avatar\\\/ccc17943b9d660506c869530f897617f7cb1c21a4bf30023f252596d83e1f007?s=96&d=mm&r=g\",\"contentUrl\":\"https:\\\/\\\/secure.gravatar.com\\\/avatar\\\/ccc17943b9d660506c869530f897617f7cb1c21a4bf30023f252596d83e1f007?s=96&d=mm&r=g\",\"caption\":\"admin\"},\"sameAs\":[\"https:\\\/\\\/kibrisdakik.com\"],\"url\":\"https:\\\/\\\/kibrisdakik.com\\\/?author=1\"}]}<\/script>\n<!-- \/ Yoast SEO plugin. -->","yoast_head_json":{"title":"\u201c20\u2019nci Orkide Y\u00fcr\u00fcy\u00fc\u015f\u00fc\u201d yap\u0131ld\u0131 -","robots":{"index":"index","follow":"follow","max-snippet":"max-snippet:-1","max-image-preview":"max-image-preview:large","max-video-preview":"max-video-preview:-1"},"canonical":"https:\/\/kibrisdakik.com\/?p=4834","og_locale":"tr_TR","og_type":"article","og_title":"\u201c20\u2019nci Orkide Y\u00fcr\u00fcy\u00fc\u015f\u00fc\u201d yap\u0131ld\u0131 -","og_description":"Kanser Ara\u015ft\u0131rma Vakf\u0131\u2019n\u0131n S\u00fcleyman Cengiz Emino\u011flu Vakf\u0131 CENGO-V i\u015f birli\u011fi ve TELS\u0130M ana sponsorlu\u011funda bu y\u0131l 20\u2019ncisini d\u00fczenledi\u011fi Orkide Y\u00fcr\u00fcy\u00fc\u015f\u00fc De\u011firmenlik Belediyesi\u2019ne ba\u011fl\u0131 Dilekkaya Y\u00fcr\u00fcy\u00fc\u015f Parkuru\u2019nda ger\u00e7ekle\u015ftirildi.Orkide Y\u00fcr\u00fcy\u00fc\u015f\u00fc etkinli\u011fine Cumhurba\u015fkan\u0131 Ersin Tatar ve e\u015fi Sibel Tatar, baz\u0131 bakanlar, \u00f6rg\u00fctler, dernekler ve vatanda\u015flar kat\u0131ld\u0131. Y\u00fcr\u00fcy\u00fc\u015f\u00fcn ba\u015flang\u0131\u00e7 noktas\u0131nda konu\u015fmalar ger\u00e7ekle\u015ftirildi. \u0130lk konu\u015fmay\u0131 yapan Kanser Ara\u015ft\u0131rma Vakf\u0131 Ba\u015fkan\u0131","og_url":"https:\/\/kibrisdakik.com\/?p=4834","article_published_time":"2023-04-09T14:56:21+00:00","og_image":[{"width":2048,"height":1094,"url":"https:\/\/kibrisdakik.com\/wp-content\/uploads\/2023\/04\/adsdar2-740x420.jpg","type":"image\/jpeg"}],"author":"admin","twitter_card":"summary_large_image","twitter_misc":{"Yazan:":"admin","Tahmini okuma s\u00fcresi":"2 dakika"},"schema":{"@context":"https:\/\/schema.org","@graph":[{"@type":"Article","@id":"https:\/\/kibrisdakik.com\/?p=4834#article","isPartOf":{"@id":"https:\/\/kibrisdakik.com\/?p=4834"},"author":{"name":"admin","@id":"https:\/\/kibrisdakik.com\/#\/schema\/person\/9cd9d437bbb44f72b73ba127e06d8e79"},"headline":"\u201c20\u2019nci Orkide Y\u00fcr\u00fcy\u00fc\u015f\u00fc\u201d yap\u0131ld\u0131","datePublished":"2023-04-09T14:56:21+00:00","mainEntityOfPage":{"@id":"https:\/\/kibrisdakik.com\/?p=4834"},"wordCount":472,"commentCount":0,"image":{"@id":"https:\/\/kibrisdakik.com\/?p=4834#primaryimage"},"thumbnailUrl":"https:\/\/kibrisdakik.com\/wp-content\/uploads\/2023\/04\/adsdar2-740x420.jpg","articleSection":["G\u00fcndem"],"inLanguage":"tr","potentialAction":[{"@type":"CommentAction","name":"Comment","target":["https:\/\/kibrisdakik.com\/?p=4834#respond"]}]},{"@type":"WebPage","@id":"https:\/\/kibrisdakik.com\/?p=4834","url":"https:\/\/kibrisdakik.com\/?p=4834","name":"\u201c20\u2019nci Orkide Y\u00fcr\u00fcy\u00fc\u015f\u00fc\u201d yap\u0131ld\u0131 -","isPartOf":{"@id":"https:\/\/kibrisdakik.com\/#website"},"primaryImageOfPage":{"@id":"https:\/\/kibrisdakik.com\/?p=4834#primaryimage"},"image":{"@id":"https:\/\/kibrisdakik.com\/?p=4834#primaryimage"},"thumbnailUrl":"https:\/\/kibrisdakik.com\/wp-content\/uploads\/2023\/04\/adsdar2-740x420.jpg","datePublished":"2023-04-09T14:56:21+00:00","author":{"@id":"https:\/\/kibrisdakik.com\/#\/schema\/person\/9cd9d437bbb44f72b73ba127e06d8e79"},"breadcrumb":{"@id":"https:\/\/kibrisdakik.com\/?p=4834#breadcrumb"},"inLanguage":"tr","potentialAction":[{"@type":"ReadAction","target":["https:\/\/kibrisdakik.com\/?p=4834"]}]},{"@type":"ImageObject","inLanguage":"tr","@id":"https:\/\/kibrisdakik.com\/?p=4834#primaryimage","url":"https:\/\/kibrisdakik.com\/wp-content\/uploads\/2023\/04\/adsdar2-740x420.jpg","contentUrl":"https:\/\/kibrisdakik.com\/wp-content\/uploads\/2023\/04\/adsdar2-740x420.jpg","width":2048,"height":1094},{"@type":"BreadcrumbList","@id":"https:\/\/kibrisdakik.com\/?p=4834#breadcrumb","itemListElement":[{"@type":"ListItem","position":1,"name":"Home","item":"https:\/\/kibrisdakik.com\/"},{"@type":"ListItem","position":2,"name":"\u201c20\u2019nci Orkide Y\u00fcr\u00fcy\u00fc\u015f\u00fc\u201d yap\u0131ld\u0131"}]},{"@type":"WebSite","@id":"https:\/\/kibrisdakik.com\/#website","url":"https:\/\/kibrisdakik.com\/","name":"","description":"Tam vaktinde haber","potentialAction":[{"@type":"SearchAction","target":{"@type":"EntryPoint","urlTemplate":"https:\/\/kibrisdakik.com\/?s={search_term_string}"},"query-input":{"@type":"PropertyValueSpecification","valueRequired":true,"valueName":"search_term_string"}}],"inLanguage":"tr"},{"@type":"Person","@id":"https:\/\/kibrisdakik.com\/#\/schema\/person\/9cd9d437bbb44f72b73ba127e06d8e79","name":"admin","image":{"@type":"ImageObject","inLanguage":"tr","@id":"https:\/\/secure.gravatar.com\/avatar\/ccc17943b9d660506c869530f897617f7cb1c21a4bf30023f252596d83e1f007?s=96&d=mm&r=g","url":"https:\/\/secure.gravatar.com\/avatar\/ccc17943b9d660506c869530f897617f7cb1c21a4bf30023f252596d83e1f007?s=96&d=mm&r=g","contentUrl":"https:\/\/secure.gravatar.com\/avatar\/ccc17943b9d660506c869530f897617f7cb1c21a4bf30023f252596d83e1f007?s=96&d=mm&r=g","caption":"admin"},"sameAs":["https:\/\/kibrisdakik.com"],"url":"https:\/\/kibrisdakik.com\/?author=1"}]}},"_links":{"self":[{"href":"https:\/\/kibrisdakik.com\/index.php?rest_route=\/wp\/v2\/posts\/4834","targetHints":{"allow":["GET"]}}],"collection":[{"href":"https:\/\/kibrisdakik.com\/index.php?rest_route=\/wp\/v2\/posts"}],"about":[{"href":"https:\/\/kibrisdakik.com\/index.php?rest_route=\/wp\/v2\/types\/post"}],"author":[{"embeddable":true,"href":"https:\/\/kibrisdakik.com\/index.php?rest_route=\/wp\/v2\/users\/1"}],"replies":[{"embeddable":true,"href":"https:\/\/kibrisdakik.com\/index.php?rest_route=%2Fwp%2Fv2%2Fcomments&post=4834"}],"version-history":[{"count":0,"href":"https:\/\/kibrisdakik.com\/index.php?rest_route=\/wp\/v2\/posts\/4834\/revisions"}],"wp:featuredmedia":[{"embeddable":true,"href":"https:\/\/kibrisdakik.com\/index.php?rest_route=\/wp\/v2\/media\/4835"}],"wp:attachment":[{"href":"https:\/\/kibrisdakik.com\/index.php?rest_route=%2Fwp%2Fv2%2Fmedia&parent=4834"}],"wp:term":[{"taxonomy":"category","embeddable":true,"href":"https:\/\/kibrisdakik.com\/index.php?rest_route=%2Fwp%2Fv2%2Fcategories&post=4834"},{"taxonomy":"post_tag","embeddable":true,"href":"https:\/\/kibrisdakik.com\/index.php?rest_route=%2Fwp%2Fv2%2Ftags&post=4834"}],"curies":[{"name":"wp","href":"https:\/\/api.w.org\/{rel}","templated":true}]}}