{"id":48366,"date":"2024-07-03T09:23:10","date_gmt":"2024-07-03T09:23:10","guid":{"rendered":"https:\/\/kibrisdakik.com\/index.php\/2024\/07\/03\/baskentte-plaj-heyecani-basladi\/"},"modified":"2024-07-03T09:23:10","modified_gmt":"2024-07-03T09:23:10","slug":"baskentte-plaj-heyecani-basladi","status":"publish","type":"post","link":"https:\/\/kibrisdakik.com\/?p=48366","title":{"rendered":"Ba\u015fkentte plaj heyecan\u0131 ba\u015flad\u0131"},"content":{"rendered":"<p><img decoding=\"async\" src=\"https:\/\/www.kibristurk.com\/images\/haberler\/2024\/07\/baskentte-plaj-heyecani-basladi-1719997624.webp\" \/><\/p>\n<p><span style=\"font-size:11pt\"><span style=\"background-color:white\"><span style=\"font-family:Calibri,sans-serif\"><span style=\"font-size:12.0pt\"><span style=\",serif\"><span style=\"color:#222222\">Dark Blue 2.\u015eampiyon Melekler Plaj Voleybolu Ligi ilk kar\u015f\u0131la\u015fmalar\u0131yla ba\u015flad\u0131.<\/span><\/span><\/span><\/span><\/span><\/span><\/p>\n<p><span style=\"font-size:11pt\"><span style=\"background-color:white\"><span style=\"font-family:Calibri,sans-serif\"><span style=\"font-size:12.0pt\"><span style=\",serif\"><span style=\"color:#222222\">2. G\u00fcn M\u00fcsabakalar\u0131 bu ak\u015fam saat 18.30 da&nbsp; ba\u015flayacak. Gecede Osman \u00c7etinta\u015f B\u00fcy\u00fckler kategorisinde m\u00fcsabakalar oynanacak.<\/span><\/span><\/span><\/span><\/span><\/span><\/p>\n<p><span style=\"font-size:11pt\"><span style=\"background-color:white\"><span style=\"font-family:Calibri,sans-serif\"><span style=\"font-size:12.0pt\"><span style=\",serif\"><span style=\"color:#222222\">KKTC Voleybol Federasyonu ile Y\u00fcksekba\u015f G\u0131da i\u015fbirli\u011finde d\u00fczenlenen Dark Blue 2.\u015eampiyon Melekler Plaj Voleybolu Liginde ilk g\u00fcn kar\u015f\u0131la\u015fmalar\u0131 tamamland\u0131. 37 m\u00fcsabakan\u0131n oynand\u0131\u011f\u0131 ilk g\u00fcn kar\u015f\u0131la\u015fmalar\u0131nda U12 K\u0131zlar ve U13 Erkekler kategorisinde grup m\u00fcsbakalar\u0131 oynamad\u0131.<\/span><\/span><\/span><\/span><\/span><\/span><\/p>\n<p><span style=\"font-size:11pt\"><span style=\"background-color:white\"><span style=\"font-family:Calibri,sans-serif\"><span style=\"font-size:12.0pt\"><span style=\",serif\"><span style=\"color:#222222\">Organizasyonun ikinci g\u00fcn kar\u015f\u0131la\u015fmalar\u0131 bu ak\u015fam Osman \u00c7etinta\u015f B\u00fcy\u00fckler kategorisinde oynanacak . <\/span><\/span><\/span><\/span><\/span><\/span><\/p>\n<p><span style=\"font-size:11pt\"><span style=\"background-color:white\"><span style=\"font-family:Calibri,sans-serif\"><span style=\"font-size:12.0pt\"><span style=\",serif\"><span style=\"color:#222222\">2. g\u00fcn m\u00fcsabakalar\u0131 Saat 18.30 da ba\u015flayacak. Bayanlar ve Erkekler kategorisinde grup eleme m\u00fcsabakalar\u0131 oynanacak ve \u00e7eyrek finale y\u00fckselecek tak\u0131mlar belli olacak.<\/span><\/span><\/span><\/span><\/span><\/span><\/p>\n","protected":false},"excerpt":{"rendered":"<p>Dark Blue 2.\u015eampiyon Melekler Plaj Voleybolu Ligi ilk kar\u015f\u0131la\u015fmalar\u0131yla ba\u015flad\u0131. 2. G\u00fcn M\u00fcsabakalar\u0131 bu ak\u015fam saat 18.30 da&nbsp; ba\u015flayacak. Gecede Osman \u00c7etinta\u015f B\u00fcy\u00fckler kategorisinde m\u00fcsabakalar oynanacak. KKTC Voleybol Federasyonu ile Y\u00fcksekba\u015f G\u0131da i\u015fbirli\u011finde d\u00fczenlenen Dark Blue 2.\u015eampiyon Melekler Plaj Voleybolu Liginde ilk g\u00fcn kar\u015f\u0131la\u015fmalar\u0131 tamamland\u0131. 37 m\u00fcsabakan\u0131n oynand\u0131\u011f\u0131 ilk g\u00fcn kar\u015f\u0131la\u015fmalar\u0131nda U12 K\u0131zlar ve U13<\/p>\n","protected":false},"author":1,"featured_media":48367,"comment_status":"open","ping_status":"open","sticky":false,"template":"","format":"standard","meta":{"footnotes":""},"categories":[85],"tags":[],"class_list":["post-48366","post","type-post","status-publish","format-standard","has-post-thumbnail","hentry","category-spor"],"yoast_head":"<!-- This site is optimized with the Yoast SEO plugin v28.4 - https:\/\/yoast.com\/product\/yoast-seo-wordpress\/ -->\n<title>Ba\u015fkentte plaj heyecan\u0131 ba\u015flad\u0131 -<\/title>\n<meta name=\"robots\" content=\"index, follow, max-snippet:-1, max-image-preview:large, max-video-preview:-1\" \/>\n<link rel=\"canonical\" href=\"https:\/\/kibrisdakik.com\/?p=48366\" \/>\n<meta property=\"og:locale\" content=\"tr_TR\" \/>\n<meta property=\"og:type\" content=\"article\" \/>\n<meta property=\"og:title\" content=\"Ba\u015fkentte plaj heyecan\u0131 ba\u015flad\u0131 -\" \/>\n<meta property=\"og:description\" content=\"Dark Blue 2.\u015eampiyon Melekler Plaj Voleybolu Ligi ilk kar\u015f\u0131la\u015fmalar\u0131yla ba\u015flad\u0131. 2. G\u00fcn M\u00fcsabakalar\u0131 bu ak\u015fam saat 18.30 da&nbsp; ba\u015flayacak. Gecede Osman \u00c7etinta\u015f B\u00fcy\u00fckler kategorisinde m\u00fcsabakalar oynanacak. KKTC Voleybol Federasyonu ile Y\u00fcksekba\u015f G\u0131da i\u015fbirli\u011finde d\u00fczenlenen Dark Blue 2.\u015eampiyon Melekler Plaj Voleybolu Liginde ilk g\u00fcn kar\u015f\u0131la\u015fmalar\u0131 tamamland\u0131. 37 m\u00fcsabakan\u0131n oynand\u0131\u011f\u0131 ilk g\u00fcn kar\u015f\u0131la\u015fmalar\u0131nda U12 K\u0131zlar ve U13\" \/>\n<meta property=\"og:url\" content=\"https:\/\/kibrisdakik.com\/?p=48366\" \/>\n<meta property=\"article:published_time\" content=\"2024-07-03T09:23:10+00:00\" \/>\n<meta property=\"og:image\" content=\"https:\/\/kibrisdakik.com\/wp-content\/uploads\/2024\/07\/baskentte-plaj-heyecani-basladi-1719997624.webp.webp\" \/>\n\t<meta property=\"og:image:width\" content=\"710\" \/>\n\t<meta property=\"og:image:height\" content=\"370\" \/>\n\t<meta property=\"og:image:type\" content=\"image\/webp\" \/>\n<meta name=\"author\" content=\"admin\" \/>\n<meta name=\"twitter:card\" content=\"summary_large_image\" \/>\n<meta name=\"twitter:label1\" content=\"Yazan:\" \/>\n\t<meta name=\"twitter:data1\" content=\"admin\" \/>\n\t<meta name=\"twitter:label2\" content=\"Tahmini okuma s\u00fcresi\" \/>\n\t<meta name=\"twitter:data2\" content=\"1 dakika\" \/>\n<script type=\"application\/ld+json\" class=\"yoast-schema-graph\">{\"@context\":\"https:\\\/\\\/schema.org\",\"@graph\":[{\"@type\":\"Article\",\"@id\":\"https:\\\/\\\/kibrisdakik.com\\\/?p=48366#article\",\"isPartOf\":{\"@id\":\"https:\\\/\\\/kibrisdakik.com\\\/?p=48366\"},\"author\":{\"name\":\"admin\",\"@id\":\"https:\\\/\\\/kibrisdakik.com\\\/#\\\/schema\\\/person\\\/9cd9d437bbb44f72b73ba127e06d8e79\"},\"headline\":\"Ba\u015fkentte plaj heyecan\u0131 ba\u015flad\u0131\",\"datePublished\":\"2024-07-03T09:23:10+00:00\",\"mainEntityOfPage\":{\"@id\":\"https:\\\/\\\/kibrisdakik.com\\\/?p=48366\"},\"wordCount\":134,\"commentCount\":0,\"publisher\":{\"@id\":\"https:\\\/\\\/kibrisdakik.com\\\/#organization\"},\"image\":{\"@id\":\"https:\\\/\\\/kibrisdakik.com\\\/?p=48366#primaryimage\"},\"thumbnailUrl\":\"https:\\\/\\\/kibrisdakik.com\\\/wp-content\\\/uploads\\\/2024\\\/07\\\/baskentte-plaj-heyecani-basladi-1719997624.webp.webp\",\"articleSection\":[\"Spor\"],\"inLanguage\":\"tr\",\"potentialAction\":[{\"@type\":\"CommentAction\",\"name\":\"Comment\",\"target\":[\"https:\\\/\\\/kibrisdakik.com\\\/?p=48366#respond\"]}]},{\"@type\":\"WebPage\",\"@id\":\"https:\\\/\\\/kibrisdakik.com\\\/?p=48366\",\"url\":\"https:\\\/\\\/kibrisdakik.com\\\/?p=48366\",\"name\":\"Ba\u015fkentte plaj heyecan\u0131 ba\u015flad\u0131 -\",\"isPartOf\":{\"@id\":\"https:\\\/\\\/kibrisdakik.com\\\/#website\"},\"primaryImageOfPage\":{\"@id\":\"https:\\\/\\\/kibrisdakik.com\\\/?p=48366#primaryimage\"},\"image\":{\"@id\":\"https:\\\/\\\/kibrisdakik.com\\\/?p=48366#primaryimage\"},\"thumbnailUrl\":\"https:\\\/\\\/kibrisdakik.com\\\/wp-content\\\/uploads\\\/2024\\\/07\\\/baskentte-plaj-heyecani-basladi-1719997624.webp.webp\",\"datePublished\":\"2024-07-03T09:23:10+00:00\",\"breadcrumb\":{\"@id\":\"https:\\\/\\\/kibrisdakik.com\\\/?p=48366#breadcrumb\"},\"inLanguage\":\"tr\",\"potentialAction\":[{\"@type\":\"ReadAction\",\"target\":[\"https:\\\/\\\/kibrisdakik.com\\\/?p=48366\"]}]},{\"@type\":\"ImageObject\",\"inLanguage\":\"tr\",\"@id\":\"https:\\\/\\\/kibrisdakik.com\\\/?p=48366#primaryimage\",\"url\":\"https:\\\/\\\/kibrisdakik.com\\\/wp-content\\\/uploads\\\/2024\\\/07\\\/baskentte-plaj-heyecani-basladi-1719997624.webp.webp\",\"contentUrl\":\"https:\\\/\\\/kibrisdakik.com\\\/wp-content\\\/uploads\\\/2024\\\/07\\\/baskentte-plaj-heyecani-basladi-1719997624.webp.webp\",\"width\":710,\"height\":370},{\"@type\":\"BreadcrumbList\",\"@id\":\"https:\\\/\\\/kibrisdakik.com\\\/?p=48366#breadcrumb\",\"itemListElement\":[{\"@type\":\"ListItem\",\"position\":1,\"name\":\"Home\",\"item\":\"https:\\\/\\\/kibrisdakik.com\\\/\"},{\"@type\":\"ListItem\",\"position\":2,\"name\":\"Ba\u015fkentte plaj heyecan\u0131 ba\u015flad\u0131\"}]},{\"@type\":\"WebSite\",\"@id\":\"https:\\\/\\\/kibrisdakik.com\\\/#website\",\"url\":\"https:\\\/\\\/kibrisdakik.com\\\/\",\"name\":\"K\u0131br\u0131s Dakik\",\"description\":\"Tam vaktinde haber\",\"publisher\":{\"@id\":\"https:\\\/\\\/kibrisdakik.com\\\/#organization\"},\"potentialAction\":[{\"@type\":\"SearchAction\",\"target\":{\"@type\":\"EntryPoint\",\"urlTemplate\":\"https:\\\/\\\/kibrisdakik.com\\\/?s={search_term_string}\"},\"query-input\":{\"@type\":\"PropertyValueSpecification\",\"valueRequired\":true,\"valueName\":\"search_term_string\"}}],\"inLanguage\":\"tr\"},{\"@type\":\"Organization\",\"@id\":\"https:\\\/\\\/kibrisdakik.com\\\/#organization\",\"name\":\"K\u0131br\u0131s Dakik\",\"url\":\"https:\\\/\\\/kibrisdakik.com\\\/\",\"logo\":{\"@type\":\"ImageObject\",\"inLanguage\":\"tr\",\"@id\":\"https:\\\/\\\/kibrisdakik.com\\\/#\\\/schema\\\/logo\\\/image\\\/\",\"url\":\"https:\\\/\\\/kibrisdakik.com\\\/wp-content\\\/uploads\\\/2025\\\/10\\\/cropped-WhatsApp-Image-2025-10-02-at-12.58.31.jpeg\",\"contentUrl\":\"https:\\\/\\\/kibrisdakik.com\\\/wp-content\\\/uploads\\\/2025\\\/10\\\/cropped-WhatsApp-Image-2025-10-02-at-12.58.31.jpeg\",\"width\":1237,\"height\":190,\"caption\":\"K\u0131br\u0131s Dakik\"},\"image\":{\"@id\":\"https:\\\/\\\/kibrisdakik.com\\\/#\\\/schema\\\/logo\\\/image\\\/\"}},{\"@type\":\"Person\",\"@id\":\"https:\\\/\\\/kibrisdakik.com\\\/#\\\/schema\\\/person\\\/9cd9d437bbb44f72b73ba127e06d8e79\",\"name\":\"admin\",\"image\":{\"@type\":\"ImageObject\",\"inLanguage\":\"tr\",\"@id\":\"https:\\\/\\\/secure.gravatar.com\\\/avatar\\\/ccc17943b9d660506c869530f897617f7cb1c21a4bf30023f252596d83e1f007?s=96&d=mm&r=g\",\"url\":\"https:\\\/\\\/secure.gravatar.com\\\/avatar\\\/ccc17943b9d660506c869530f897617f7cb1c21a4bf30023f252596d83e1f007?s=96&d=mm&r=g\",\"contentUrl\":\"https:\\\/\\\/secure.gravatar.com\\\/avatar\\\/ccc17943b9d660506c869530f897617f7cb1c21a4bf30023f252596d83e1f007?s=96&d=mm&r=g\",\"caption\":\"admin\"},\"sameAs\":[\"https:\\\/\\\/kibrisdakik.com\"],\"url\":\"https:\\\/\\\/kibrisdakik.com\\\/?author=1\"}]}<\/script>\n<!-- \/ Yoast SEO plugin. -->","yoast_head_json":{"title":"Ba\u015fkentte plaj heyecan\u0131 ba\u015flad\u0131 -","robots":{"index":"index","follow":"follow","max-snippet":"max-snippet:-1","max-image-preview":"max-image-preview:large","max-video-preview":"max-video-preview:-1"},"canonical":"https:\/\/kibrisdakik.com\/?p=48366","og_locale":"tr_TR","og_type":"article","og_title":"Ba\u015fkentte plaj heyecan\u0131 ba\u015flad\u0131 -","og_description":"Dark Blue 2.\u015eampiyon Melekler Plaj Voleybolu Ligi ilk kar\u015f\u0131la\u015fmalar\u0131yla ba\u015flad\u0131. 2. G\u00fcn M\u00fcsabakalar\u0131 bu ak\u015fam saat 18.30 da&nbsp; ba\u015flayacak. Gecede Osman \u00c7etinta\u015f B\u00fcy\u00fckler kategorisinde m\u00fcsabakalar oynanacak. KKTC Voleybol Federasyonu ile Y\u00fcksekba\u015f G\u0131da i\u015fbirli\u011finde d\u00fczenlenen Dark Blue 2.\u015eampiyon Melekler Plaj Voleybolu Liginde ilk g\u00fcn kar\u015f\u0131la\u015fmalar\u0131 tamamland\u0131. 37 m\u00fcsabakan\u0131n oynand\u0131\u011f\u0131 ilk g\u00fcn kar\u015f\u0131la\u015fmalar\u0131nda U12 K\u0131zlar ve U13","og_url":"https:\/\/kibrisdakik.com\/?p=48366","article_published_time":"2024-07-03T09:23:10+00:00","og_image":[{"width":710,"height":370,"url":"https:\/\/kibrisdakik.com\/wp-content\/uploads\/2024\/07\/baskentte-plaj-heyecani-basladi-1719997624.webp.webp","type":"image\/webp"}],"author":"admin","twitter_card":"summary_large_image","twitter_misc":{"Yazan:":"admin","Tahmini okuma s\u00fcresi":"1 dakika"},"schema":{"@context":"https:\/\/schema.org","@graph":[{"@type":"Article","@id":"https:\/\/kibrisdakik.com\/?p=48366#article","isPartOf":{"@id":"https:\/\/kibrisdakik.com\/?p=48366"},"author":{"name":"admin","@id":"https:\/\/kibrisdakik.com\/#\/schema\/person\/9cd9d437bbb44f72b73ba127e06d8e79"},"headline":"Ba\u015fkentte plaj heyecan\u0131 ba\u015flad\u0131","datePublished":"2024-07-03T09:23:10+00:00","mainEntityOfPage":{"@id":"https:\/\/kibrisdakik.com\/?p=48366"},"wordCount":134,"commentCount":0,"publisher":{"@id":"https:\/\/kibrisdakik.com\/#organization"},"image":{"@id":"https:\/\/kibrisdakik.com\/?p=48366#primaryimage"},"thumbnailUrl":"https:\/\/kibrisdakik.com\/wp-content\/uploads\/2024\/07\/baskentte-plaj-heyecani-basladi-1719997624.webp.webp","articleSection":["Spor"],"inLanguage":"tr","potentialAction":[{"@type":"CommentAction","name":"Comment","target":["https:\/\/kibrisdakik.com\/?p=48366#respond"]}]},{"@type":"WebPage","@id":"https:\/\/kibrisdakik.com\/?p=48366","url":"https:\/\/kibrisdakik.com\/?p=48366","name":"Ba\u015fkentte plaj heyecan\u0131 ba\u015flad\u0131 -","isPartOf":{"@id":"https:\/\/kibrisdakik.com\/#website"},"primaryImageOfPage":{"@id":"https:\/\/kibrisdakik.com\/?p=48366#primaryimage"},"image":{"@id":"https:\/\/kibrisdakik.com\/?p=48366#primaryimage"},"thumbnailUrl":"https:\/\/kibrisdakik.com\/wp-content\/uploads\/2024\/07\/baskentte-plaj-heyecani-basladi-1719997624.webp.webp","datePublished":"2024-07-03T09:23:10+00:00","breadcrumb":{"@id":"https:\/\/kibrisdakik.com\/?p=48366#breadcrumb"},"inLanguage":"tr","potentialAction":[{"@type":"ReadAction","target":["https:\/\/kibrisdakik.com\/?p=48366"]}]},{"@type":"ImageObject","inLanguage":"tr","@id":"https:\/\/kibrisdakik.com\/?p=48366#primaryimage","url":"https:\/\/kibrisdakik.com\/wp-content\/uploads\/2024\/07\/baskentte-plaj-heyecani-basladi-1719997624.webp.webp","contentUrl":"https:\/\/kibrisdakik.com\/wp-content\/uploads\/2024\/07\/baskentte-plaj-heyecani-basladi-1719997624.webp.webp","width":710,"height":370},{"@type":"BreadcrumbList","@id":"https:\/\/kibrisdakik.com\/?p=48366#breadcrumb","itemListElement":[{"@type":"ListItem","position":1,"name":"Home","item":"https:\/\/kibrisdakik.com\/"},{"@type":"ListItem","position":2,"name":"Ba\u015fkentte plaj heyecan\u0131 ba\u015flad\u0131"}]},{"@type":"WebSite","@id":"https:\/\/kibrisdakik.com\/#website","url":"https:\/\/kibrisdakik.com\/","name":"K\u0131br\u0131s Dakik","description":"Tam vaktinde haber","publisher":{"@id":"https:\/\/kibrisdakik.com\/#organization"},"potentialAction":[{"@type":"SearchAction","target":{"@type":"EntryPoint","urlTemplate":"https:\/\/kibrisdakik.com\/?s={search_term_string}"},"query-input":{"@type":"PropertyValueSpecification","valueRequired":true,"valueName":"search_term_string"}}],"inLanguage":"tr"},{"@type":"Organization","@id":"https:\/\/kibrisdakik.com\/#organization","name":"K\u0131br\u0131s Dakik","url":"https:\/\/kibrisdakik.com\/","logo":{"@type":"ImageObject","inLanguage":"tr","@id":"https:\/\/kibrisdakik.com\/#\/schema\/logo\/image\/","url":"https:\/\/kibrisdakik.com\/wp-content\/uploads\/2025\/10\/cropped-WhatsApp-Image-2025-10-02-at-12.58.31.jpeg","contentUrl":"https:\/\/kibrisdakik.com\/wp-content\/uploads\/2025\/10\/cropped-WhatsApp-Image-2025-10-02-at-12.58.31.jpeg","width":1237,"height":190,"caption":"K\u0131br\u0131s Dakik"},"image":{"@id":"https:\/\/kibrisdakik.com\/#\/schema\/logo\/image\/"}},{"@type":"Person","@id":"https:\/\/kibrisdakik.com\/#\/schema\/person\/9cd9d437bbb44f72b73ba127e06d8e79","name":"admin","image":{"@type":"ImageObject","inLanguage":"tr","@id":"https:\/\/secure.gravatar.com\/avatar\/ccc17943b9d660506c869530f897617f7cb1c21a4bf30023f252596d83e1f007?s=96&d=mm&r=g","url":"https:\/\/secure.gravatar.com\/avatar\/ccc17943b9d660506c869530f897617f7cb1c21a4bf30023f252596d83e1f007?s=96&d=mm&r=g","contentUrl":"https:\/\/secure.gravatar.com\/avatar\/ccc17943b9d660506c869530f897617f7cb1c21a4bf30023f252596d83e1f007?s=96&d=mm&r=g","caption":"admin"},"sameAs":["https:\/\/kibrisdakik.com"],"url":"https:\/\/kibrisdakik.com\/?author=1"}]}},"_links":{"self":[{"href":"https:\/\/kibrisdakik.com\/index.php?rest_route=\/wp\/v2\/posts\/48366","targetHints":{"allow":["GET"]}}],"collection":[{"href":"https:\/\/kibrisdakik.com\/index.php?rest_route=\/wp\/v2\/posts"}],"about":[{"href":"https:\/\/kibrisdakik.com\/index.php?rest_route=\/wp\/v2\/types\/post"}],"author":[{"embeddable":true,"href":"https:\/\/kibrisdakik.com\/index.php?rest_route=\/wp\/v2\/users\/1"}],"replies":[{"embeddable":true,"href":"https:\/\/kibrisdakik.com\/index.php?rest_route=%2Fwp%2Fv2%2Fcomments&post=48366"}],"version-history":[{"count":0,"href":"https:\/\/kibrisdakik.com\/index.php?rest_route=\/wp\/v2\/posts\/48366\/revisions"}],"wp:featuredmedia":[{"embeddable":true,"href":"https:\/\/kibrisdakik.com\/index.php?rest_route=\/wp\/v2\/media\/48367"}],"wp:attachment":[{"href":"https:\/\/kibrisdakik.com\/index.php?rest_route=%2Fwp%2Fv2%2Fmedia&parent=48366"}],"wp:term":[{"taxonomy":"category","embeddable":true,"href":"https:\/\/kibrisdakik.com\/index.php?rest_route=%2Fwp%2Fv2%2Fcategories&post=48366"},{"taxonomy":"post_tag","embeddable":true,"href":"https:\/\/kibrisdakik.com\/index.php?rest_route=%2Fwp%2Fv2%2Ftags&post=48366"}],"curies":[{"name":"wp","href":"https:\/\/api.w.org\/{rel}","templated":true}]}}