{"id":48380,"date":"2024-07-03T11:26:30","date_gmt":"2024-07-03T11:26:30","guid":{"rendered":"https:\/\/kibrisdakik.com\/index.php\/2024\/07\/03\/iskele-karpaz-anayolu-ile-yedidalgada-meydana-gelen-iki-ayri-trafik-kazasinda-2-kisi-yaralandi\/"},"modified":"2024-07-03T11:26:30","modified_gmt":"2024-07-03T11:26:30","slug":"iskele-karpaz-anayolu-ile-yedidalgada-meydana-gelen-iki-ayri-trafik-kazasinda-2-kisi-yaralandi","status":"publish","type":"post","link":"https:\/\/kibrisdakik.com\/?p=48380","title":{"rendered":"\u0130skele \u2013Karpaz anayolu ile Yedidalga\u2019da meydana gelen iki ayr\u0131 trafik kazas\u0131nda 2 ki\u015fi yaraland\u0131."},"content":{"rendered":"<p><img decoding=\"async\" src=\"https:\/\/www.kibristurk.com\/images\/haberler\/2024\/07\/iskele-karpaz-anayolu-ile-yedidalgada-meydana-gelen-iki-ayri-trafik-kazasinda-2-kisi-yaralandi-1720004686.webp\" \/><\/p>\n<p style=\"text-align:left\"><span style=\"font-size:16px\"><span style=\"font-family:Merriweather,serif !important\"><span style=\"color:#000000\"><span style=\"background-color:#ffffff\">Polis Bas\u0131n Subayl\u0131\u011f\u0131\u2019ndan yap\u0131lan a\u00e7\u0131klamaya g\u00f6re, \u0130skele-Karpaz Anayolu \u00fczerinde d\u00fcn 19.00 s\u0131ralar\u0131nda M\u00fccahitler \u00c7emberi mevkiinde, Hasan Mevlit (E-82) y\u00f6netimindeki YB 605 plakal\u0131 salon ara\u00e7la Gazima\u011fusa istikametine do\u011fru seyretti\u011fi s\u0131rada, dikkatsizli\u011fi sonucu \u00f6n\u00fcnde ayn\u0131 istikamete do\u011fru seyreden ve \u00e7embere yakla\u015ft\u0131\u011f\u0131 i\u00e7in yava\u015flamak zorunda kalan Saad Aamir (E-19) y\u00f6netimindeki UR 594 plakal\u0131 motosikletin arka k\u0131sm\u0131na \u00e7arpt\u0131.<\/span><\/span><\/span><\/span><\/p>\n<p style=\"text-align:left\"><span style=\"font-size:16px\"><span style=\"font-family:Merriweather,serif !important\"><span style=\"color:#000000\"><span style=\"background-color:#ffffff\">\u00c7arpman\u0131n etkisiyle ileriye do\u011fru savrulan UR 594 plakal\u0131 motosiklet, yolun solunda bulunan \u00e7elik bariyerlere de \u00e7arp\u0131p durdu.<\/span><\/span><\/span><\/span><\/p>\n<p style=\"text-align:left\"><span style=\"font-size:16px\"><span style=\"font-family:Merriweather,serif !important\"><span style=\"color:#000000\"><span style=\"background-color:#ffffff\">Kaza sonucu yaralanan motosiklet s\u00fcr\u00fcc\u00fcs\u00fc Aamir, kald\u0131r\u0131ld\u0131\u011f\u0131 Gazima\u011fusa Devlet Hastanesi\u2019nde, sol baca\u011f\u0131nda k\u0131r\u0131k te\u015fhisi nedeniyle yap\u0131lan tedavisinin ard\u0131ndan g\u00f6zlem alt\u0131na al\u0131nd\u0131.<\/span><\/span><\/span><\/span><\/p>\n<p style=\"text-align:left\">&nbsp;<\/p>\n<p style=\"text-align:left\"><span style=\"font-size:16px\"><span style=\"font-family:Merriweather,serif !important\"><span style=\"color:#000000\"><span style=\"background-color:#ffffff\">-Yedidalga\u2019da kaza\u20261 yaral\u0131<\/span><\/span><\/span><\/span><\/p>\n<p style=\"text-align:left\">&nbsp;<\/p>\n<p style=\"text-align:left\"><span style=\"font-size:16px\"><span style=\"font-family:Merriweather,serif !important\"><span style=\"color:#000000\"><span style=\"background-color:#ffffff\">Yedidalga\u2019da bu sabah 03.00 s\u0131ralar\u0131nda Ecevit Caddesi\u2019nde, Fuat Karaday\u0131 (E-21) y\u00f6netimindeki PG 745 plakal\u0131 salon ara\u00e7la bat\u0131 istikametine do\u011fru seyretti\u011fi s\u0131rada, dikkatsizli\u011fi sonucu direksiyon hakimiyetini kaybederek yolun kuzey k\u0131sm\u0131nda bulunan bord\u00fcr ta\u015flar\u0131na \u00e7arpt\u0131.<\/span><\/span><\/span><\/span><\/p>\n<p style=\"text-align:left\"><span style=\"font-size:16px\"><span style=\"font-family:Merriweather,serif !important\"><span style=\"color:#000000\"><span style=\"background-color:#ffffff\">\u00c7arpman\u0131n etkisiyle kontrols\u00fczce yoluna devam eden PG 745 plakal\u0131 ara\u00e7, bir evin bah\u00e7e tellerine de \u00e7arparak takla at\u0131p tavan\u0131 \u00fczerinde durdu.<\/span><\/span><\/span><\/span><\/p>\n<p style=\"text-align:left\"><span style=\"font-size:16px\"><span style=\"font-family:Merriweather,serif !important\"><span style=\"color:#000000\"><span style=\"background-color:#ffffff\">Polis, kaza sonucu yaralanan yolcu Ay\u015feg\u00fcl Karg\u00f6z\u2019\u00fcn (K-20), kald\u0131r\u0131ld\u0131\u011f\u0131 Lefko\u015fa Dr. Burhan Nalbanto\u011flu Devlet Hastanesi\u2019nde g\u00f6zlem alt\u0131nda tutuldu\u011funu bildirdi.<\/span><\/span><\/span><\/span><\/p>\n","protected":false},"excerpt":{"rendered":"<p>Polis Bas\u0131n Subayl\u0131\u011f\u0131\u2019ndan yap\u0131lan a\u00e7\u0131klamaya g\u00f6re, \u0130skele-Karpaz Anayolu \u00fczerinde d\u00fcn 19.00 s\u0131ralar\u0131nda M\u00fccahitler \u00c7emberi mevkiinde, Hasan Mevlit (E-82) y\u00f6netimindeki YB 605 plakal\u0131 salon ara\u00e7la Gazima\u011fusa istikametine do\u011fru seyretti\u011fi s\u0131rada, dikkatsizli\u011fi sonucu \u00f6n\u00fcnde ayn\u0131 istikamete do\u011fru seyreden ve \u00e7embere yakla\u015ft\u0131\u011f\u0131 i\u00e7in yava\u015flamak zorunda kalan Saad Aamir (E-19) y\u00f6netimindeki UR 594 plakal\u0131 motosikletin arka k\u0131sm\u0131na \u00e7arpt\u0131. \u00c7arpman\u0131n<\/p>\n","protected":false},"author":1,"featured_media":48381,"comment_status":"open","ping_status":"open","sticky":false,"template":"","format":"standard","meta":{"footnotes":""},"categories":[85],"tags":[],"class_list":["post-48380","post","type-post","status-publish","format-standard","has-post-thumbnail","hentry","category-spor"],"yoast_head":"<!-- This site is optimized with the Yoast SEO plugin v27.5 - https:\/\/yoast.com\/product\/yoast-seo-wordpress\/ -->\n<title>\u0130skele \u2013Karpaz anayolu ile Yedidalga\u2019da meydana gelen iki ayr\u0131 trafik kazas\u0131nda 2 ki\u015fi yaraland\u0131. -<\/title>\n<meta name=\"robots\" content=\"index, follow, max-snippet:-1, max-image-preview:large, max-video-preview:-1\" \/>\n<link rel=\"canonical\" href=\"https:\/\/kibrisdakik.com\/?p=48380\" \/>\n<meta property=\"og:locale\" content=\"tr_TR\" \/>\n<meta property=\"og:type\" content=\"article\" \/>\n<meta property=\"og:title\" content=\"\u0130skele \u2013Karpaz anayolu ile Yedidalga\u2019da meydana gelen iki ayr\u0131 trafik kazas\u0131nda 2 ki\u015fi yaraland\u0131. -\" \/>\n<meta property=\"og:description\" content=\"Polis Bas\u0131n Subayl\u0131\u011f\u0131\u2019ndan yap\u0131lan a\u00e7\u0131klamaya g\u00f6re, \u0130skele-Karpaz Anayolu \u00fczerinde d\u00fcn 19.00 s\u0131ralar\u0131nda M\u00fccahitler \u00c7emberi mevkiinde, Hasan Mevlit (E-82) y\u00f6netimindeki YB 605 plakal\u0131 salon ara\u00e7la Gazima\u011fusa istikametine do\u011fru seyretti\u011fi s\u0131rada, dikkatsizli\u011fi sonucu \u00f6n\u00fcnde ayn\u0131 istikamete do\u011fru seyreden ve \u00e7embere yakla\u015ft\u0131\u011f\u0131 i\u00e7in yava\u015flamak zorunda kalan Saad Aamir (E-19) y\u00f6netimindeki UR 594 plakal\u0131 motosikletin arka k\u0131sm\u0131na \u00e7arpt\u0131. \u00c7arpman\u0131n\" \/>\n<meta property=\"og:url\" content=\"https:\/\/kibrisdakik.com\/?p=48380\" \/>\n<meta property=\"article:published_time\" content=\"2024-07-03T11:26:30+00:00\" \/>\n<meta property=\"og:image\" content=\"https:\/\/kibrisdakik.com\/wp-content\/uploads\/2024\/07\/iskele-karpaz-anayolu-ile-yedidalgada-meydana-gelen-iki-ayri-trafik-kazasinda-2-kisi-yaralandi-1720004686.webp.webp\" \/>\n\t<meta property=\"og:image:width\" content=\"710\" \/>\n\t<meta property=\"og:image:height\" content=\"370\" \/>\n\t<meta property=\"og:image:type\" content=\"image\/webp\" \/>\n<meta name=\"author\" content=\"admin\" \/>\n<meta name=\"twitter:card\" content=\"summary_large_image\" \/>\n<meta name=\"twitter:label1\" content=\"Yazan:\" \/>\n\t<meta name=\"twitter:data1\" content=\"admin\" \/>\n\t<meta name=\"twitter:label2\" content=\"Tahmini okuma s\u00fcresi\" \/>\n\t<meta name=\"twitter:data2\" content=\"1 dakika\" \/>\n<script type=\"application\/ld+json\" class=\"yoast-schema-graph\">{\"@context\":\"https:\\\/\\\/schema.org\",\"@graph\":[{\"@type\":\"Article\",\"@id\":\"https:\\\/\\\/kibrisdakik.com\\\/?p=48380#article\",\"isPartOf\":{\"@id\":\"https:\\\/\\\/kibrisdakik.com\\\/?p=48380\"},\"author\":{\"name\":\"admin\",\"@id\":\"https:\\\/\\\/kibrisdakik.com\\\/#\\\/schema\\\/person\\\/9cd9d437bbb44f72b73ba127e06d8e79\"},\"headline\":\"\u0130skele \u2013Karpaz anayolu ile Yedidalga\u2019da meydana gelen iki ayr\u0131 trafik kazas\u0131nda 2 ki\u015fi yaraland\u0131.\",\"datePublished\":\"2024-07-03T11:26:30+00:00\",\"mainEntityOfPage\":{\"@id\":\"https:\\\/\\\/kibrisdakik.com\\\/?p=48380\"},\"wordCount\":254,\"commentCount\":0,\"image\":{\"@id\":\"https:\\\/\\\/kibrisdakik.com\\\/?p=48380#primaryimage\"},\"thumbnailUrl\":\"https:\\\/\\\/kibrisdakik.com\\\/wp-content\\\/uploads\\\/2024\\\/07\\\/iskele-karpaz-anayolu-ile-yedidalgada-meydana-gelen-iki-ayri-trafik-kazasinda-2-kisi-yaralandi-1720004686.webp.webp\",\"articleSection\":[\"Spor\"],\"inLanguage\":\"tr\",\"potentialAction\":[{\"@type\":\"CommentAction\",\"name\":\"Comment\",\"target\":[\"https:\\\/\\\/kibrisdakik.com\\\/?p=48380#respond\"]}]},{\"@type\":\"WebPage\",\"@id\":\"https:\\\/\\\/kibrisdakik.com\\\/?p=48380\",\"url\":\"https:\\\/\\\/kibrisdakik.com\\\/?p=48380\",\"name\":\"\u0130skele \u2013Karpaz anayolu ile Yedidalga\u2019da meydana gelen iki ayr\u0131 trafik kazas\u0131nda 2 ki\u015fi yaraland\u0131. -\",\"isPartOf\":{\"@id\":\"https:\\\/\\\/kibrisdakik.com\\\/#website\"},\"primaryImageOfPage\":{\"@id\":\"https:\\\/\\\/kibrisdakik.com\\\/?p=48380#primaryimage\"},\"image\":{\"@id\":\"https:\\\/\\\/kibrisdakik.com\\\/?p=48380#primaryimage\"},\"thumbnailUrl\":\"https:\\\/\\\/kibrisdakik.com\\\/wp-content\\\/uploads\\\/2024\\\/07\\\/iskele-karpaz-anayolu-ile-yedidalgada-meydana-gelen-iki-ayri-trafik-kazasinda-2-kisi-yaralandi-1720004686.webp.webp\",\"datePublished\":\"2024-07-03T11:26:30+00:00\",\"author\":{\"@id\":\"https:\\\/\\\/kibrisdakik.com\\\/#\\\/schema\\\/person\\\/9cd9d437bbb44f72b73ba127e06d8e79\"},\"breadcrumb\":{\"@id\":\"https:\\\/\\\/kibrisdakik.com\\\/?p=48380#breadcrumb\"},\"inLanguage\":\"tr\",\"potentialAction\":[{\"@type\":\"ReadAction\",\"target\":[\"https:\\\/\\\/kibrisdakik.com\\\/?p=48380\"]}]},{\"@type\":\"ImageObject\",\"inLanguage\":\"tr\",\"@id\":\"https:\\\/\\\/kibrisdakik.com\\\/?p=48380#primaryimage\",\"url\":\"https:\\\/\\\/kibrisdakik.com\\\/wp-content\\\/uploads\\\/2024\\\/07\\\/iskele-karpaz-anayolu-ile-yedidalgada-meydana-gelen-iki-ayri-trafik-kazasinda-2-kisi-yaralandi-1720004686.webp.webp\",\"contentUrl\":\"https:\\\/\\\/kibrisdakik.com\\\/wp-content\\\/uploads\\\/2024\\\/07\\\/iskele-karpaz-anayolu-ile-yedidalgada-meydana-gelen-iki-ayri-trafik-kazasinda-2-kisi-yaralandi-1720004686.webp.webp\",\"width\":710,\"height\":370},{\"@type\":\"BreadcrumbList\",\"@id\":\"https:\\\/\\\/kibrisdakik.com\\\/?p=48380#breadcrumb\",\"itemListElement\":[{\"@type\":\"ListItem\",\"position\":1,\"name\":\"Home\",\"item\":\"https:\\\/\\\/kibrisdakik.com\\\/\"},{\"@type\":\"ListItem\",\"position\":2,\"name\":\"\u0130skele \u2013Karpaz anayolu ile Yedidalga\u2019da meydana gelen iki ayr\u0131 trafik kazas\u0131nda 2 ki\u015fi yaraland\u0131.\"}]},{\"@type\":\"WebSite\",\"@id\":\"https:\\\/\\\/kibrisdakik.com\\\/#website\",\"url\":\"https:\\\/\\\/kibrisdakik.com\\\/\",\"name\":\"\",\"description\":\"Tam vaktinde haber\",\"potentialAction\":[{\"@type\":\"SearchAction\",\"target\":{\"@type\":\"EntryPoint\",\"urlTemplate\":\"https:\\\/\\\/kibrisdakik.com\\\/?s={search_term_string}\"},\"query-input\":{\"@type\":\"PropertyValueSpecification\",\"valueRequired\":true,\"valueName\":\"search_term_string\"}}],\"inLanguage\":\"tr\"},{\"@type\":\"Person\",\"@id\":\"https:\\\/\\\/kibrisdakik.com\\\/#\\\/schema\\\/person\\\/9cd9d437bbb44f72b73ba127e06d8e79\",\"name\":\"admin\",\"image\":{\"@type\":\"ImageObject\",\"inLanguage\":\"tr\",\"@id\":\"https:\\\/\\\/secure.gravatar.com\\\/avatar\\\/ccc17943b9d660506c869530f897617f7cb1c21a4bf30023f252596d83e1f007?s=96&d=mm&r=g\",\"url\":\"https:\\\/\\\/secure.gravatar.com\\\/avatar\\\/ccc17943b9d660506c869530f897617f7cb1c21a4bf30023f252596d83e1f007?s=96&d=mm&r=g\",\"contentUrl\":\"https:\\\/\\\/secure.gravatar.com\\\/avatar\\\/ccc17943b9d660506c869530f897617f7cb1c21a4bf30023f252596d83e1f007?s=96&d=mm&r=g\",\"caption\":\"admin\"},\"sameAs\":[\"https:\\\/\\\/kibrisdakik.com\"],\"url\":\"https:\\\/\\\/kibrisdakik.com\\\/?author=1\"}]}<\/script>\n<!-- \/ Yoast SEO plugin. -->","yoast_head_json":{"title":"\u0130skele \u2013Karpaz anayolu ile Yedidalga\u2019da meydana gelen iki ayr\u0131 trafik kazas\u0131nda 2 ki\u015fi yaraland\u0131. -","robots":{"index":"index","follow":"follow","max-snippet":"max-snippet:-1","max-image-preview":"max-image-preview:large","max-video-preview":"max-video-preview:-1"},"canonical":"https:\/\/kibrisdakik.com\/?p=48380","og_locale":"tr_TR","og_type":"article","og_title":"\u0130skele \u2013Karpaz anayolu ile Yedidalga\u2019da meydana gelen iki ayr\u0131 trafik kazas\u0131nda 2 ki\u015fi yaraland\u0131. -","og_description":"Polis Bas\u0131n Subayl\u0131\u011f\u0131\u2019ndan yap\u0131lan a\u00e7\u0131klamaya g\u00f6re, \u0130skele-Karpaz Anayolu \u00fczerinde d\u00fcn 19.00 s\u0131ralar\u0131nda M\u00fccahitler \u00c7emberi mevkiinde, Hasan Mevlit (E-82) y\u00f6netimindeki YB 605 plakal\u0131 salon ara\u00e7la Gazima\u011fusa istikametine do\u011fru seyretti\u011fi s\u0131rada, dikkatsizli\u011fi sonucu \u00f6n\u00fcnde ayn\u0131 istikamete do\u011fru seyreden ve \u00e7embere yakla\u015ft\u0131\u011f\u0131 i\u00e7in yava\u015flamak zorunda kalan Saad Aamir (E-19) y\u00f6netimindeki UR 594 plakal\u0131 motosikletin arka k\u0131sm\u0131na \u00e7arpt\u0131. \u00c7arpman\u0131n","og_url":"https:\/\/kibrisdakik.com\/?p=48380","article_published_time":"2024-07-03T11:26:30+00:00","og_image":[{"width":710,"height":370,"url":"https:\/\/kibrisdakik.com\/wp-content\/uploads\/2024\/07\/iskele-karpaz-anayolu-ile-yedidalgada-meydana-gelen-iki-ayri-trafik-kazasinda-2-kisi-yaralandi-1720004686.webp.webp","type":"image\/webp"}],"author":"admin","twitter_card":"summary_large_image","twitter_misc":{"Yazan:":"admin","Tahmini okuma s\u00fcresi":"1 dakika"},"schema":{"@context":"https:\/\/schema.org","@graph":[{"@type":"Article","@id":"https:\/\/kibrisdakik.com\/?p=48380#article","isPartOf":{"@id":"https:\/\/kibrisdakik.com\/?p=48380"},"author":{"name":"admin","@id":"https:\/\/kibrisdakik.com\/#\/schema\/person\/9cd9d437bbb44f72b73ba127e06d8e79"},"headline":"\u0130skele \u2013Karpaz anayolu ile Yedidalga\u2019da meydana gelen iki ayr\u0131 trafik kazas\u0131nda 2 ki\u015fi yaraland\u0131.","datePublished":"2024-07-03T11:26:30+00:00","mainEntityOfPage":{"@id":"https:\/\/kibrisdakik.com\/?p=48380"},"wordCount":254,"commentCount":0,"image":{"@id":"https:\/\/kibrisdakik.com\/?p=48380#primaryimage"},"thumbnailUrl":"https:\/\/kibrisdakik.com\/wp-content\/uploads\/2024\/07\/iskele-karpaz-anayolu-ile-yedidalgada-meydana-gelen-iki-ayri-trafik-kazasinda-2-kisi-yaralandi-1720004686.webp.webp","articleSection":["Spor"],"inLanguage":"tr","potentialAction":[{"@type":"CommentAction","name":"Comment","target":["https:\/\/kibrisdakik.com\/?p=48380#respond"]}]},{"@type":"WebPage","@id":"https:\/\/kibrisdakik.com\/?p=48380","url":"https:\/\/kibrisdakik.com\/?p=48380","name":"\u0130skele \u2013Karpaz anayolu ile Yedidalga\u2019da meydana gelen iki ayr\u0131 trafik kazas\u0131nda 2 ki\u015fi yaraland\u0131. -","isPartOf":{"@id":"https:\/\/kibrisdakik.com\/#website"},"primaryImageOfPage":{"@id":"https:\/\/kibrisdakik.com\/?p=48380#primaryimage"},"image":{"@id":"https:\/\/kibrisdakik.com\/?p=48380#primaryimage"},"thumbnailUrl":"https:\/\/kibrisdakik.com\/wp-content\/uploads\/2024\/07\/iskele-karpaz-anayolu-ile-yedidalgada-meydana-gelen-iki-ayri-trafik-kazasinda-2-kisi-yaralandi-1720004686.webp.webp","datePublished":"2024-07-03T11:26:30+00:00","author":{"@id":"https:\/\/kibrisdakik.com\/#\/schema\/person\/9cd9d437bbb44f72b73ba127e06d8e79"},"breadcrumb":{"@id":"https:\/\/kibrisdakik.com\/?p=48380#breadcrumb"},"inLanguage":"tr","potentialAction":[{"@type":"ReadAction","target":["https:\/\/kibrisdakik.com\/?p=48380"]}]},{"@type":"ImageObject","inLanguage":"tr","@id":"https:\/\/kibrisdakik.com\/?p=48380#primaryimage","url":"https:\/\/kibrisdakik.com\/wp-content\/uploads\/2024\/07\/iskele-karpaz-anayolu-ile-yedidalgada-meydana-gelen-iki-ayri-trafik-kazasinda-2-kisi-yaralandi-1720004686.webp.webp","contentUrl":"https:\/\/kibrisdakik.com\/wp-content\/uploads\/2024\/07\/iskele-karpaz-anayolu-ile-yedidalgada-meydana-gelen-iki-ayri-trafik-kazasinda-2-kisi-yaralandi-1720004686.webp.webp","width":710,"height":370},{"@type":"BreadcrumbList","@id":"https:\/\/kibrisdakik.com\/?p=48380#breadcrumb","itemListElement":[{"@type":"ListItem","position":1,"name":"Home","item":"https:\/\/kibrisdakik.com\/"},{"@type":"ListItem","position":2,"name":"\u0130skele \u2013Karpaz anayolu ile Yedidalga\u2019da meydana gelen iki ayr\u0131 trafik kazas\u0131nda 2 ki\u015fi yaraland\u0131."}]},{"@type":"WebSite","@id":"https:\/\/kibrisdakik.com\/#website","url":"https:\/\/kibrisdakik.com\/","name":"","description":"Tam vaktinde haber","potentialAction":[{"@type":"SearchAction","target":{"@type":"EntryPoint","urlTemplate":"https:\/\/kibrisdakik.com\/?s={search_term_string}"},"query-input":{"@type":"PropertyValueSpecification","valueRequired":true,"valueName":"search_term_string"}}],"inLanguage":"tr"},{"@type":"Person","@id":"https:\/\/kibrisdakik.com\/#\/schema\/person\/9cd9d437bbb44f72b73ba127e06d8e79","name":"admin","image":{"@type":"ImageObject","inLanguage":"tr","@id":"https:\/\/secure.gravatar.com\/avatar\/ccc17943b9d660506c869530f897617f7cb1c21a4bf30023f252596d83e1f007?s=96&d=mm&r=g","url":"https:\/\/secure.gravatar.com\/avatar\/ccc17943b9d660506c869530f897617f7cb1c21a4bf30023f252596d83e1f007?s=96&d=mm&r=g","contentUrl":"https:\/\/secure.gravatar.com\/avatar\/ccc17943b9d660506c869530f897617f7cb1c21a4bf30023f252596d83e1f007?s=96&d=mm&r=g","caption":"admin"},"sameAs":["https:\/\/kibrisdakik.com"],"url":"https:\/\/kibrisdakik.com\/?author=1"}]}},"_links":{"self":[{"href":"https:\/\/kibrisdakik.com\/index.php?rest_route=\/wp\/v2\/posts\/48380","targetHints":{"allow":["GET"]}}],"collection":[{"href":"https:\/\/kibrisdakik.com\/index.php?rest_route=\/wp\/v2\/posts"}],"about":[{"href":"https:\/\/kibrisdakik.com\/index.php?rest_route=\/wp\/v2\/types\/post"}],"author":[{"embeddable":true,"href":"https:\/\/kibrisdakik.com\/index.php?rest_route=\/wp\/v2\/users\/1"}],"replies":[{"embeddable":true,"href":"https:\/\/kibrisdakik.com\/index.php?rest_route=%2Fwp%2Fv2%2Fcomments&post=48380"}],"version-history":[{"count":0,"href":"https:\/\/kibrisdakik.com\/index.php?rest_route=\/wp\/v2\/posts\/48380\/revisions"}],"wp:featuredmedia":[{"embeddable":true,"href":"https:\/\/kibrisdakik.com\/index.php?rest_route=\/wp\/v2\/media\/48381"}],"wp:attachment":[{"href":"https:\/\/kibrisdakik.com\/index.php?rest_route=%2Fwp%2Fv2%2Fmedia&parent=48380"}],"wp:term":[{"taxonomy":"category","embeddable":true,"href":"https:\/\/kibrisdakik.com\/index.php?rest_route=%2Fwp%2Fv2%2Fcategories&post=48380"},{"taxonomy":"post_tag","embeddable":true,"href":"https:\/\/kibrisdakik.com\/index.php?rest_route=%2Fwp%2Fv2%2Ftags&post=48380"}],"curies":[{"name":"wp","href":"https:\/\/api.w.org\/{rel}","templated":true}]}}