{"id":48382,"date":"2024-07-03T11:39:22","date_gmt":"2024-07-03T11:39:22","guid":{"rendered":"https:\/\/kibrisdakik.com\/index.php\/2024\/07\/03\/balikcilik-izinleri-ve-surdurulebilir-kullanim-tuzugunde-bazi-maddelerde-degisiklik-yapildi\/"},"modified":"2024-07-03T11:39:22","modified_gmt":"2024-07-03T11:39:22","slug":"balikcilik-izinleri-ve-surdurulebilir-kullanim-tuzugunde-bazi-maddelerde-degisiklik-yapildi","status":"publish","type":"post","link":"https:\/\/kibrisdakik.com\/?p=48382","title":{"rendered":"Bal\u0131k\u00e7\u0131l\u0131k \u0130zinleri ve S\u00fcrd\u00fcr\u00fclebilir Kullan\u0131m T\u00fcz\u00fc\u011f\u00fc&#039;nde baz\u0131 maddelerde de\u011fi\u015fiklik yap\u0131ld\u0131"},"content":{"rendered":"<p><img decoding=\"async\" src=\"https:\/\/www.kibristurk.com\/images\/haberler\/2024\/07\/balikcilik-izinleri-ve-surdurulebilir-kullanim-tuzugunde-bazi-maddelerde-degisiklik-yapildi-1720005584.webp\" \/><\/p>\n<p style=\"text-align:left\"><span style=\"font-size:16px\"><span style=\"font-family:Merriweather,serif !important\"><span style=\"color:#000000\"><span style=\"background-color:#ffffff\">Tar\u0131m ve Do\u011fal Kaynaklar Bakanl\u0131\u011f\u0131, konuyla ilgili a\u00e7\u0131klamas\u0131nda, yap\u0131lan de\u011fi\u015fikliklerle ilgi bilgi aktard\u0131.<\/span><\/span><\/span><\/span><\/p>\n<p style=\"text-align:left\"><span style=\"font-size:16px\"><span style=\"font-family:Merriweather,serif !important\"><span style=\"color:#000000\"><span style=\"background-color:#ffffff\">A\u00e7\u0131klamaya g\u00f6re yap\u0131lan de\u011fi\u015fikliklerle;<\/span><\/span><\/span><\/span><\/p>\n<p style=\"text-align:left\"><span style=\"font-size:16px\"><span style=\"font-family:Merriweather,serif !important\"><span style=\"color:#000000\"><span style=\"background-color:#ffffff\">\u201cTatl\u0131 sularda bir amat\u00f6r bal\u0131k\u00e7\u0131, en fazla d\u00f6rt olta tak\u0131m\u0131 ile \u00e7apari veya sirti kullanmak suretiyle avlanabilece\u011fi gibi i\u011fne say\u0131s\u0131 \u00fc\u00e7 adet ile s\u0131n\u0131rland\u0131r\u0131ld\u0131.<\/span><\/span><\/span><\/span><\/p>\n<p style=\"text-align:left\"><span style=\"font-size:16px\"><span style=\"font-family:Merriweather,serif !important\"><span style=\"color:#000000\"><span style=\"background-color:#ffffff\">Denizlerde ise ticari olarak daha uzun dip oltalar\u0131n\u0131n \u00fcretildi\u011fi ve \u00fclkemizde halihaz\u0131rda sat\u0131\u015fta olan ekipmanlar d\u00fc\u015f\u00fcn\u00fclerek &#8216;Bir amat\u00f6r bal\u0131k\u00e7\u0131 en fazla d\u00f6rt olta tak\u0131m\u0131 kullanabilir. Olta tak\u0131m\u0131ndaki i\u011fne say\u0131s\u0131, \u00e7apari ve sirti hari\u00e7 yirmi bir adedi ge\u00e7emez&#8217; \u015feklinde d\u00fczenlemeye gidildi.<\/span><\/span><\/span><\/span><\/p>\n<p style=\"text-align:left\"><span style=\"font-size:16px\"><span style=\"font-family:Merriweather,serif !important\"><span style=\"color:#000000\"><span style=\"background-color:#ffffff\">\u00d6zellikle KKTC Avc\u0131l\u0131k Federasyonu ve Amat\u00f6r Bal\u0131k\u00e7\u0131 Derneklerinin talebi do\u011frultusunda tek ba\u015f\u0131na bayrakl\u0131 \u015famand\u0131ra ile dal\u0131\u015f getirilmi\u015f ancak on sekiz ya\u015f\u0131ndan k\u00fc\u00e7\u00fck olan bir ki\u015fi ancak izinli ve re\u015fit bir ki\u015finin refakatinde, tekne ile yap\u0131lan avc\u0131l\u0131k faaliyetlerinde ise teknede bir ki\u015fi bulunmas\u0131 ko\u015fulu ile amat\u00f6r (sportif) bal\u0131k\u00e7\u0131l\u0131k yap\u0131labilece\u011fi \u015feklinde d\u00fczenlendi.<\/span><\/span><\/span><\/span><\/p>\n<p style=\"text-align:left\"><span style=\"font-size:16px\"><span style=\"font-family:Merriweather,serif !important\"><span style=\"color:#000000\"><span style=\"background-color:#ffffff\">Sualt\u0131 t\u00fcfe\u011fi ile k\u0131y\u0131dan girilemeyece\u011fi gibi bir anlam karma\u015fas\u0131 kald\u0131r\u0131ld\u0131 ve mesleki amat\u00f6r bal\u0131k\u00e7\u0131lar\u0131n kar\u015f\u0131 kar\u015f\u0131ya gelmemesi ve olu\u015fabilecek mal kay\u0131plar\u0131n\u0131n \u00f6n\u00fcne ge\u00e7ilmesi y\u00f6n\u00fcnde bir de\u011fi\u015fikli\u011fe gidildi.<\/span><\/span><\/span><\/span><\/p>\n<p style=\"text-align:left\"><span style=\"font-size:16px\"><span style=\"font-family:Merriweather,serif !important\"><span style=\"color:#000000\"><span style=\"background-color:#ffffff\">Amat\u00f6r bal\u0131k\u00e7\u0131lar i\u00e7in Akanamutta (Lampuka) t\u00fcr\u00fcn\u00fcn avc\u0131l\u0131\u011f\u0131nda do\u011fas\u0131 gere\u011fi fazlaca sald\u0131rgan oldu\u011fundan dolay\u0131 amat\u00f6r bal\u0131k\u00e7\u0131lar\u0131 su\u00e7lu duruma d\u00fc\u015f\u00fcrmemek i\u00e7in di\u011fer Aslan Bal\u0131\u011f\u0131, Gobene, Tombik ve Yaz\u0131l\u0131 Orkinos (Euthynus alletteratus) t\u00fcr\u00fc bal\u0131klar i\u00e7in boy limitlerine uyulmas\u0131 ko\u015fulu ile kilogram ve miktar s\u0131n\u0131rlamas\u0131 olmaks\u0131z\u0131n avlanabilecek.<\/span><\/span><\/span><\/span><\/p>\n<p style=\"text-align:left\"><span style=\"font-size:16px\"><span style=\"font-family:Merriweather,serif !important\"><span style=\"color:#000000\"><span style=\"background-color:#ffffff\">Mesleki bal\u0131k\u00e7\u0131lar\u0131n ekonomik kay\u0131plar\u0131n\u0131n \u00f6n\u00fcne ge\u00e7ilmesi i\u00e7in izmarit avc\u0131l\u0131\u011f\u0131nda kullan\u0131lan otuz d\u00f6rt milimetre ve\/veya daha b\u00fcy\u00fck tam g\u00f6z boyundaki (Bal\u0131k\u00e7\u0131lar\u0131n deyimi ile 17&#8217;lik) a\u011flar\u0131n 1 \u015eubat &#8211; 30 Nisan tarihleri aras\u0131nda kullan\u0131lmas\u0131 serbest b\u0131rak\u0131lm\u0131\u015ft\u0131r. Ayr\u0131ca \u00f6zellikle G\u00fczelyurt b\u00f6lgesinden gelen taleplere y\u00f6nelik yasaklanan elli alt\u0131 milimetre g\u00f6z a\u00e7\u0131kl\u0131\u011f\u0131ndan k\u00fc\u00e7\u00fck misana a\u011flar\u0131n kullan\u0131m\u0131 (Bal\u0131k\u00e7\u0131lar\u0131n deyimi ile sokan a\u011flar\u0131 veya istirilya a\u011flar\u0131) serbest b\u0131rak\u0131ld\u0131.<\/span><\/span><\/span><\/span><\/p>\n<p style=\"text-align:left\"><span style=\"font-size:16px\"><span style=\"font-family:Merriweather,serif !important\"><span style=\"color:#000000\"><span style=\"background-color:#ffffff\">\u00d6zellikle Orfoz ve Lahoz t\u00fcr\u00fc bal\u0131klar\u0131n biyolojik nedenlerinden \u00f6t\u00fcr\u00fc avlanma yasa\u011f\u0131 uzat\u0131lm\u0131\u015f ve mesleki bal\u0131k\u00e7\u0131lar\u0131n anlay\u0131\u015f\u0131 ile 40 metreden daha s\u0131\u011f sulara bu iki ayl\u0131k d\u00f6nemde sadece baragadi at\u0131lmas\u0131 yasaklanm\u0131\u015ft\u0131r. Madde tam olarak \u015f\u00f6yle belirtilmi\u015ftir: &#8216;1 May\u0131s &#8211; 30 Haziran tarihleri aras\u0131nda Orfoz ve Lagos t\u00fcr\u00fc bal\u0131klar\u0131n (Epinephelus ssp.) amat\u00f6r (sportif) su \u00fcr\u00fcnleri avc\u0131l\u0131k arac\u0131 veya uygulamas\u0131 ile avc\u0131l\u0131\u011f\u0131 yasakt\u0131r. Ayr\u0131ca bu d\u00f6nem boyunca 40 (k\u0131rk) metreden daha s\u0131\u011f sulara her t\u00fcrl\u00fc baragadi ve bu t\u00fcrlerin avc\u0131l\u0131\u011f\u0131nda 11,75 milimetre&#8217;den k\u00fc\u00e7\u00fck i\u011fnelerin (a\u011f\u0131z a\u00e7\u0131kl\u0131\u011f\u0131) kullan\u0131lmas\u0131 da yasakt\u0131r&#8217;.<\/span><\/span><\/span><\/span><\/p>\n<p style=\"text-align:left\"><span style=\"font-size:16px\"><span style=\"font-family:Merriweather,serif !important\"><span style=\"color:#000000\"><span style=\"background-color:#ffffff\">Sosyal sigortas\u0131n\u0131 bal\u0131k\u00e7\u0131 olarak yat\u0131ran mesleki bal\u0131k\u00e7\u0131lar\u0131m\u0131z\u0131n istisnai izin olarak verilen yard\u0131mc\u0131 teknelerin de kullanabilece\u011fi avc\u0131l\u0131k malzemeleri \u2018Toplam uzunlu\u011fu iki bin metreden fazla ve elli alt\u0131 mm a\u011f g\u00f6z\u00fc a\u00e7\u0131kl\u0131\u011f\u0131ndan daha k\u00fc\u00e7\u00fck olan bal\u0131k a\u011f\u0131 ile toplam d\u00f6rt y\u00fcz adet olta i\u011fnesinden fazla olan baragadi tak\u0131mlar\u0131n\u0131n teknede bulundurulmas\u0131 veya avc\u0131l\u0131kta kullan\u0131lmas\u0131 yasakt\u0131r\u2019 \u015feklinde belirlendi.\u201d<\/span><\/span><\/span><\/span><\/p>\n","protected":false},"excerpt":{"rendered":"<p>Tar\u0131m ve Do\u011fal Kaynaklar Bakanl\u0131\u011f\u0131, konuyla ilgili a\u00e7\u0131klamas\u0131nda, yap\u0131lan de\u011fi\u015fikliklerle ilgi bilgi aktard\u0131. A\u00e7\u0131klamaya g\u00f6re yap\u0131lan de\u011fi\u015fikliklerle; \u201cTatl\u0131 sularda bir amat\u00f6r bal\u0131k\u00e7\u0131, en fazla d\u00f6rt olta tak\u0131m\u0131 ile \u00e7apari veya sirti kullanmak suretiyle avlanabilece\u011fi gibi i\u011fne say\u0131s\u0131 \u00fc\u00e7 adet ile s\u0131n\u0131rland\u0131r\u0131ld\u0131. Denizlerde ise ticari olarak daha uzun dip oltalar\u0131n\u0131n \u00fcretildi\u011fi ve \u00fclkemizde halihaz\u0131rda sat\u0131\u015fta olan<\/p>\n","protected":false},"author":1,"featured_media":48383,"comment_status":"open","ping_status":"open","sticky":false,"template":"","format":"standard","meta":{"footnotes":""},"categories":[79],"tags":[],"class_list":["post-48382","post","type-post","status-publish","format-standard","has-post-thumbnail","hentry","category-ekonomi"],"yoast_head":"<!-- This site is optimized with the Yoast SEO plugin v27.4 - https:\/\/yoast.com\/product\/yoast-seo-wordpress\/ -->\n<title>Bal\u0131k\u00e7\u0131l\u0131k \u0130zinleri ve S\u00fcrd\u00fcr\u00fclebilir Kullan\u0131m T\u00fcz\u00fc\u011f\u00fc&#039;nde baz\u0131 maddelerde de\u011fi\u015fiklik yap\u0131ld\u0131 -<\/title>\n<meta name=\"robots\" content=\"index, follow, max-snippet:-1, max-image-preview:large, max-video-preview:-1\" \/>\n<link rel=\"canonical\" href=\"https:\/\/kibrisdakik.com\/?p=48382\" \/>\n<meta property=\"og:locale\" content=\"tr_TR\" \/>\n<meta property=\"og:type\" content=\"article\" \/>\n<meta property=\"og:title\" content=\"Bal\u0131k\u00e7\u0131l\u0131k \u0130zinleri ve S\u00fcrd\u00fcr\u00fclebilir Kullan\u0131m T\u00fcz\u00fc\u011f\u00fc&#039;nde baz\u0131 maddelerde de\u011fi\u015fiklik yap\u0131ld\u0131 -\" \/>\n<meta property=\"og:description\" content=\"Tar\u0131m ve Do\u011fal Kaynaklar Bakanl\u0131\u011f\u0131, konuyla ilgili a\u00e7\u0131klamas\u0131nda, yap\u0131lan de\u011fi\u015fikliklerle ilgi bilgi aktard\u0131. A\u00e7\u0131klamaya g\u00f6re yap\u0131lan de\u011fi\u015fikliklerle; \u201cTatl\u0131 sularda bir amat\u00f6r bal\u0131k\u00e7\u0131, en fazla d\u00f6rt olta tak\u0131m\u0131 ile \u00e7apari veya sirti kullanmak suretiyle avlanabilece\u011fi gibi i\u011fne say\u0131s\u0131 \u00fc\u00e7 adet ile s\u0131n\u0131rland\u0131r\u0131ld\u0131. Denizlerde ise ticari olarak daha uzun dip oltalar\u0131n\u0131n \u00fcretildi\u011fi ve \u00fclkemizde halihaz\u0131rda sat\u0131\u015fta olan\" \/>\n<meta property=\"og:url\" content=\"https:\/\/kibrisdakik.com\/?p=48382\" \/>\n<meta property=\"article:published_time\" content=\"2024-07-03T11:39:22+00:00\" \/>\n<meta property=\"og:image\" content=\"https:\/\/kibrisdakik.com\/wp-content\/uploads\/2024\/07\/balikcilik-izinleri-ve-surdurulebilir-kullanim-tuzugunde-bazi-maddelerde-degisiklik-yapildi-1720005584.webp.webp\" \/>\n\t<meta property=\"og:image:width\" content=\"710\" \/>\n\t<meta property=\"og:image:height\" content=\"370\" \/>\n\t<meta property=\"og:image:type\" content=\"image\/webp\" \/>\n<meta name=\"author\" content=\"admin\" \/>\n<meta name=\"twitter:card\" content=\"summary_large_image\" \/>\n<meta name=\"twitter:label1\" content=\"Yazan:\" \/>\n\t<meta name=\"twitter:data1\" content=\"admin\" \/>\n\t<meta name=\"twitter:label2\" content=\"Tahmini okuma s\u00fcresi\" \/>\n\t<meta name=\"twitter:data2\" content=\"3 dakika\" \/>\n<script type=\"application\/ld+json\" class=\"yoast-schema-graph\">{\"@context\":\"https:\\\/\\\/schema.org\",\"@graph\":[{\"@type\":\"Article\",\"@id\":\"https:\\\/\\\/kibrisdakik.com\\\/?p=48382#article\",\"isPartOf\":{\"@id\":\"https:\\\/\\\/kibrisdakik.com\\\/?p=48382\"},\"author\":{\"name\":\"admin\",\"@id\":\"https:\\\/\\\/kibrisdakik.com\\\/#\\\/schema\\\/person\\\/9cd9d437bbb44f72b73ba127e06d8e79\"},\"headline\":\"Bal\u0131k\u00e7\u0131l\u0131k \u0130zinleri ve S\u00fcrd\u00fcr\u00fclebilir Kullan\u0131m T\u00fcz\u00fc\u011f\u00fc&#039;nde baz\u0131 maddelerde de\u011fi\u015fiklik yap\u0131ld\u0131\",\"datePublished\":\"2024-07-03T11:39:22+00:00\",\"mainEntityOfPage\":{\"@id\":\"https:\\\/\\\/kibrisdakik.com\\\/?p=48382\"},\"wordCount\":646,\"commentCount\":0,\"image\":{\"@id\":\"https:\\\/\\\/kibrisdakik.com\\\/?p=48382#primaryimage\"},\"thumbnailUrl\":\"https:\\\/\\\/kibrisdakik.com\\\/wp-content\\\/uploads\\\/2024\\\/07\\\/balikcilik-izinleri-ve-surdurulebilir-kullanim-tuzugunde-bazi-maddelerde-degisiklik-yapildi-1720005584.webp.webp\",\"articleSection\":[\"Ekonomi\"],\"inLanguage\":\"tr\",\"potentialAction\":[{\"@type\":\"CommentAction\",\"name\":\"Comment\",\"target\":[\"https:\\\/\\\/kibrisdakik.com\\\/?p=48382#respond\"]}]},{\"@type\":\"WebPage\",\"@id\":\"https:\\\/\\\/kibrisdakik.com\\\/?p=48382\",\"url\":\"https:\\\/\\\/kibrisdakik.com\\\/?p=48382\",\"name\":\"Bal\u0131k\u00e7\u0131l\u0131k \u0130zinleri ve S\u00fcrd\u00fcr\u00fclebilir Kullan\u0131m T\u00fcz\u00fc\u011f\u00fc&#039;nde baz\u0131 maddelerde de\u011fi\u015fiklik yap\u0131ld\u0131 -\",\"isPartOf\":{\"@id\":\"https:\\\/\\\/kibrisdakik.com\\\/#website\"},\"primaryImageOfPage\":{\"@id\":\"https:\\\/\\\/kibrisdakik.com\\\/?p=48382#primaryimage\"},\"image\":{\"@id\":\"https:\\\/\\\/kibrisdakik.com\\\/?p=48382#primaryimage\"},\"thumbnailUrl\":\"https:\\\/\\\/kibrisdakik.com\\\/wp-content\\\/uploads\\\/2024\\\/07\\\/balikcilik-izinleri-ve-surdurulebilir-kullanim-tuzugunde-bazi-maddelerde-degisiklik-yapildi-1720005584.webp.webp\",\"datePublished\":\"2024-07-03T11:39:22+00:00\",\"author\":{\"@id\":\"https:\\\/\\\/kibrisdakik.com\\\/#\\\/schema\\\/person\\\/9cd9d437bbb44f72b73ba127e06d8e79\"},\"breadcrumb\":{\"@id\":\"https:\\\/\\\/kibrisdakik.com\\\/?p=48382#breadcrumb\"},\"inLanguage\":\"tr\",\"potentialAction\":[{\"@type\":\"ReadAction\",\"target\":[\"https:\\\/\\\/kibrisdakik.com\\\/?p=48382\"]}]},{\"@type\":\"ImageObject\",\"inLanguage\":\"tr\",\"@id\":\"https:\\\/\\\/kibrisdakik.com\\\/?p=48382#primaryimage\",\"url\":\"https:\\\/\\\/kibrisdakik.com\\\/wp-content\\\/uploads\\\/2024\\\/07\\\/balikcilik-izinleri-ve-surdurulebilir-kullanim-tuzugunde-bazi-maddelerde-degisiklik-yapildi-1720005584.webp.webp\",\"contentUrl\":\"https:\\\/\\\/kibrisdakik.com\\\/wp-content\\\/uploads\\\/2024\\\/07\\\/balikcilik-izinleri-ve-surdurulebilir-kullanim-tuzugunde-bazi-maddelerde-degisiklik-yapildi-1720005584.webp.webp\",\"width\":710,\"height\":370},{\"@type\":\"BreadcrumbList\",\"@id\":\"https:\\\/\\\/kibrisdakik.com\\\/?p=48382#breadcrumb\",\"itemListElement\":[{\"@type\":\"ListItem\",\"position\":1,\"name\":\"Home\",\"item\":\"https:\\\/\\\/kibrisdakik.com\\\/\"},{\"@type\":\"ListItem\",\"position\":2,\"name\":\"Bal\u0131k\u00e7\u0131l\u0131k \u0130zinleri ve S\u00fcrd\u00fcr\u00fclebilir Kullan\u0131m T\u00fcz\u00fc\u011f\u00fc&#039;nde baz\u0131 maddelerde de\u011fi\u015fiklik yap\u0131ld\u0131\"}]},{\"@type\":\"WebSite\",\"@id\":\"https:\\\/\\\/kibrisdakik.com\\\/#website\",\"url\":\"https:\\\/\\\/kibrisdakik.com\\\/\",\"name\":\"\",\"description\":\"Tam vaktinde haber\",\"potentialAction\":[{\"@type\":\"SearchAction\",\"target\":{\"@type\":\"EntryPoint\",\"urlTemplate\":\"https:\\\/\\\/kibrisdakik.com\\\/?s={search_term_string}\"},\"query-input\":{\"@type\":\"PropertyValueSpecification\",\"valueRequired\":true,\"valueName\":\"search_term_string\"}}],\"inLanguage\":\"tr\"},{\"@type\":\"Person\",\"@id\":\"https:\\\/\\\/kibrisdakik.com\\\/#\\\/schema\\\/person\\\/9cd9d437bbb44f72b73ba127e06d8e79\",\"name\":\"admin\",\"image\":{\"@type\":\"ImageObject\",\"inLanguage\":\"tr\",\"@id\":\"https:\\\/\\\/secure.gravatar.com\\\/avatar\\\/ccc17943b9d660506c869530f897617f7cb1c21a4bf30023f252596d83e1f007?s=96&d=mm&r=g\",\"url\":\"https:\\\/\\\/secure.gravatar.com\\\/avatar\\\/ccc17943b9d660506c869530f897617f7cb1c21a4bf30023f252596d83e1f007?s=96&d=mm&r=g\",\"contentUrl\":\"https:\\\/\\\/secure.gravatar.com\\\/avatar\\\/ccc17943b9d660506c869530f897617f7cb1c21a4bf30023f252596d83e1f007?s=96&d=mm&r=g\",\"caption\":\"admin\"},\"sameAs\":[\"https:\\\/\\\/kibrisdakik.com\"],\"url\":\"https:\\\/\\\/kibrisdakik.com\\\/?author=1\"}]}<\/script>\n<!-- \/ Yoast SEO plugin. -->","yoast_head_json":{"title":"Bal\u0131k\u00e7\u0131l\u0131k \u0130zinleri ve S\u00fcrd\u00fcr\u00fclebilir Kullan\u0131m T\u00fcz\u00fc\u011f\u00fc&#039;nde baz\u0131 maddelerde de\u011fi\u015fiklik yap\u0131ld\u0131 -","robots":{"index":"index","follow":"follow","max-snippet":"max-snippet:-1","max-image-preview":"max-image-preview:large","max-video-preview":"max-video-preview:-1"},"canonical":"https:\/\/kibrisdakik.com\/?p=48382","og_locale":"tr_TR","og_type":"article","og_title":"Bal\u0131k\u00e7\u0131l\u0131k \u0130zinleri ve S\u00fcrd\u00fcr\u00fclebilir Kullan\u0131m T\u00fcz\u00fc\u011f\u00fc&#039;nde baz\u0131 maddelerde de\u011fi\u015fiklik yap\u0131ld\u0131 -","og_description":"Tar\u0131m ve Do\u011fal Kaynaklar Bakanl\u0131\u011f\u0131, konuyla ilgili a\u00e7\u0131klamas\u0131nda, yap\u0131lan de\u011fi\u015fikliklerle ilgi bilgi aktard\u0131. A\u00e7\u0131klamaya g\u00f6re yap\u0131lan de\u011fi\u015fikliklerle; \u201cTatl\u0131 sularda bir amat\u00f6r bal\u0131k\u00e7\u0131, en fazla d\u00f6rt olta tak\u0131m\u0131 ile \u00e7apari veya sirti kullanmak suretiyle avlanabilece\u011fi gibi i\u011fne say\u0131s\u0131 \u00fc\u00e7 adet ile s\u0131n\u0131rland\u0131r\u0131ld\u0131. Denizlerde ise ticari olarak daha uzun dip oltalar\u0131n\u0131n \u00fcretildi\u011fi ve \u00fclkemizde halihaz\u0131rda sat\u0131\u015fta olan","og_url":"https:\/\/kibrisdakik.com\/?p=48382","article_published_time":"2024-07-03T11:39:22+00:00","og_image":[{"width":710,"height":370,"url":"https:\/\/kibrisdakik.com\/wp-content\/uploads\/2024\/07\/balikcilik-izinleri-ve-surdurulebilir-kullanim-tuzugunde-bazi-maddelerde-degisiklik-yapildi-1720005584.webp.webp","type":"image\/webp"}],"author":"admin","twitter_card":"summary_large_image","twitter_misc":{"Yazan:":"admin","Tahmini okuma s\u00fcresi":"3 dakika"},"schema":{"@context":"https:\/\/schema.org","@graph":[{"@type":"Article","@id":"https:\/\/kibrisdakik.com\/?p=48382#article","isPartOf":{"@id":"https:\/\/kibrisdakik.com\/?p=48382"},"author":{"name":"admin","@id":"https:\/\/kibrisdakik.com\/#\/schema\/person\/9cd9d437bbb44f72b73ba127e06d8e79"},"headline":"Bal\u0131k\u00e7\u0131l\u0131k \u0130zinleri ve S\u00fcrd\u00fcr\u00fclebilir Kullan\u0131m T\u00fcz\u00fc\u011f\u00fc&#039;nde baz\u0131 maddelerde de\u011fi\u015fiklik yap\u0131ld\u0131","datePublished":"2024-07-03T11:39:22+00:00","mainEntityOfPage":{"@id":"https:\/\/kibrisdakik.com\/?p=48382"},"wordCount":646,"commentCount":0,"image":{"@id":"https:\/\/kibrisdakik.com\/?p=48382#primaryimage"},"thumbnailUrl":"https:\/\/kibrisdakik.com\/wp-content\/uploads\/2024\/07\/balikcilik-izinleri-ve-surdurulebilir-kullanim-tuzugunde-bazi-maddelerde-degisiklik-yapildi-1720005584.webp.webp","articleSection":["Ekonomi"],"inLanguage":"tr","potentialAction":[{"@type":"CommentAction","name":"Comment","target":["https:\/\/kibrisdakik.com\/?p=48382#respond"]}]},{"@type":"WebPage","@id":"https:\/\/kibrisdakik.com\/?p=48382","url":"https:\/\/kibrisdakik.com\/?p=48382","name":"Bal\u0131k\u00e7\u0131l\u0131k \u0130zinleri ve S\u00fcrd\u00fcr\u00fclebilir Kullan\u0131m T\u00fcz\u00fc\u011f\u00fc&#039;nde baz\u0131 maddelerde de\u011fi\u015fiklik yap\u0131ld\u0131 -","isPartOf":{"@id":"https:\/\/kibrisdakik.com\/#website"},"primaryImageOfPage":{"@id":"https:\/\/kibrisdakik.com\/?p=48382#primaryimage"},"image":{"@id":"https:\/\/kibrisdakik.com\/?p=48382#primaryimage"},"thumbnailUrl":"https:\/\/kibrisdakik.com\/wp-content\/uploads\/2024\/07\/balikcilik-izinleri-ve-surdurulebilir-kullanim-tuzugunde-bazi-maddelerde-degisiklik-yapildi-1720005584.webp.webp","datePublished":"2024-07-03T11:39:22+00:00","author":{"@id":"https:\/\/kibrisdakik.com\/#\/schema\/person\/9cd9d437bbb44f72b73ba127e06d8e79"},"breadcrumb":{"@id":"https:\/\/kibrisdakik.com\/?p=48382#breadcrumb"},"inLanguage":"tr","potentialAction":[{"@type":"ReadAction","target":["https:\/\/kibrisdakik.com\/?p=48382"]}]},{"@type":"ImageObject","inLanguage":"tr","@id":"https:\/\/kibrisdakik.com\/?p=48382#primaryimage","url":"https:\/\/kibrisdakik.com\/wp-content\/uploads\/2024\/07\/balikcilik-izinleri-ve-surdurulebilir-kullanim-tuzugunde-bazi-maddelerde-degisiklik-yapildi-1720005584.webp.webp","contentUrl":"https:\/\/kibrisdakik.com\/wp-content\/uploads\/2024\/07\/balikcilik-izinleri-ve-surdurulebilir-kullanim-tuzugunde-bazi-maddelerde-degisiklik-yapildi-1720005584.webp.webp","width":710,"height":370},{"@type":"BreadcrumbList","@id":"https:\/\/kibrisdakik.com\/?p=48382#breadcrumb","itemListElement":[{"@type":"ListItem","position":1,"name":"Home","item":"https:\/\/kibrisdakik.com\/"},{"@type":"ListItem","position":2,"name":"Bal\u0131k\u00e7\u0131l\u0131k \u0130zinleri ve S\u00fcrd\u00fcr\u00fclebilir Kullan\u0131m T\u00fcz\u00fc\u011f\u00fc&#039;nde baz\u0131 maddelerde de\u011fi\u015fiklik yap\u0131ld\u0131"}]},{"@type":"WebSite","@id":"https:\/\/kibrisdakik.com\/#website","url":"https:\/\/kibrisdakik.com\/","name":"","description":"Tam vaktinde haber","potentialAction":[{"@type":"SearchAction","target":{"@type":"EntryPoint","urlTemplate":"https:\/\/kibrisdakik.com\/?s={search_term_string}"},"query-input":{"@type":"PropertyValueSpecification","valueRequired":true,"valueName":"search_term_string"}}],"inLanguage":"tr"},{"@type":"Person","@id":"https:\/\/kibrisdakik.com\/#\/schema\/person\/9cd9d437bbb44f72b73ba127e06d8e79","name":"admin","image":{"@type":"ImageObject","inLanguage":"tr","@id":"https:\/\/secure.gravatar.com\/avatar\/ccc17943b9d660506c869530f897617f7cb1c21a4bf30023f252596d83e1f007?s=96&d=mm&r=g","url":"https:\/\/secure.gravatar.com\/avatar\/ccc17943b9d660506c869530f897617f7cb1c21a4bf30023f252596d83e1f007?s=96&d=mm&r=g","contentUrl":"https:\/\/secure.gravatar.com\/avatar\/ccc17943b9d660506c869530f897617f7cb1c21a4bf30023f252596d83e1f007?s=96&d=mm&r=g","caption":"admin"},"sameAs":["https:\/\/kibrisdakik.com"],"url":"https:\/\/kibrisdakik.com\/?author=1"}]}},"_links":{"self":[{"href":"https:\/\/kibrisdakik.com\/index.php?rest_route=\/wp\/v2\/posts\/48382","targetHints":{"allow":["GET"]}}],"collection":[{"href":"https:\/\/kibrisdakik.com\/index.php?rest_route=\/wp\/v2\/posts"}],"about":[{"href":"https:\/\/kibrisdakik.com\/index.php?rest_route=\/wp\/v2\/types\/post"}],"author":[{"embeddable":true,"href":"https:\/\/kibrisdakik.com\/index.php?rest_route=\/wp\/v2\/users\/1"}],"replies":[{"embeddable":true,"href":"https:\/\/kibrisdakik.com\/index.php?rest_route=%2Fwp%2Fv2%2Fcomments&post=48382"}],"version-history":[{"count":0,"href":"https:\/\/kibrisdakik.com\/index.php?rest_route=\/wp\/v2\/posts\/48382\/revisions"}],"wp:featuredmedia":[{"embeddable":true,"href":"https:\/\/kibrisdakik.com\/index.php?rest_route=\/wp\/v2\/media\/48383"}],"wp:attachment":[{"href":"https:\/\/kibrisdakik.com\/index.php?rest_route=%2Fwp%2Fv2%2Fmedia&parent=48382"}],"wp:term":[{"taxonomy":"category","embeddable":true,"href":"https:\/\/kibrisdakik.com\/index.php?rest_route=%2Fwp%2Fv2%2Fcategories&post=48382"},{"taxonomy":"post_tag","embeddable":true,"href":"https:\/\/kibrisdakik.com\/index.php?rest_route=%2Fwp%2Fv2%2Ftags&post=48382"}],"curies":[{"name":"wp","href":"https:\/\/api.w.org\/{rel}","templated":true}]}}