{"id":48461,"date":"2024-07-03T21:49:55","date_gmt":"2024-07-03T21:49:55","guid":{"rendered":"https:\/\/kibrisdakik.com\/index.php\/2024\/07\/03\/iki-kibrisli-turk-fransiz-akademik-palmiye-nisani-odulune-layik-gorulerek-sovalye-unvani-aldi\/"},"modified":"2024-07-03T21:49:55","modified_gmt":"2024-07-03T21:49:55","slug":"iki-kibrisli-turk-fransiz-akademik-palmiye-nisani-odulune-layik-gorulerek-sovalye-unvani-aldi","status":"publish","type":"post","link":"https:\/\/kibrisdakik.com\/?p=48461","title":{"rendered":"\u0130ki K\u0131br\u0131sl\u0131 T\u00fcrk, Frans\u0131z Akademik Palmiye ni\u015fan\u0131 \u00f6d\u00fcl\u00fcne lay\u0131k g\u00f6r\u00fclerek \u015f\u00f6valye unvan\u0131 ald\u0131"},"content":{"rendered":"<p><img decoding=\"async\" src=\"https:\/\/www.kibristurk.com\/images\/haberler\/2024\/07\/iki-kibrisli-turk-fransiz-akademik-palmiye-nisani-odulune-layik-gorulerek-sovalye-unvani-aldi-1720024326.webp\" \/><\/p>\n<p style=\"text-align:left\"><span style=\"font-size:16px\"><span style=\"color:#000000\"><span style=\"font-family:Merriweather,serif !important\"><span style=\"font-size:16px !important\"><span style=\"font-family:Merriweather,serif !important\"><span style=\"color:#000000 !important\">K\u0131br\u0131s T\u00fcrk Frans\u0131z K\u00fclt\u00fcr Derne\u011fi&#8217;nin de kurucu \u00fcyelerinden olan Heran \u00c7ift\u00e7i ve Kezban Sara\u00e7o\u011flu uzun y\u0131llar Frans\u0131z dilinin ve k\u00fclt\u00fcr\u00fcn\u00fcn tan\u0131nmas\u0131na olan katk\u0131lar\u0131 nedeniyle \u015f\u00f6valye unvan\u0131na lay\u0131k g\u00f6r\u00fcld\u00fc.<\/span><\/span><\/span><\/span><\/span><\/span><\/p>\n<p style=\"text-align:left\"><span style=\"font-size:16px\"><span style=\"color:#000000\"><span style=\"font-family:Merriweather,serif !important\"><span style=\"font-size:16px !important\"><span style=\"font-family:Merriweather,serif !important\"><span style=\"color:#000000 !important\">Frans\u0131z K\u00fclt\u00fcr Derne\u011fi\u2019nden verilen bilgiye g\u00f6re, Heran \u00c7ift\u00e7i ve Kezban Sara\u00e7o\u011flu yapt\u0131klar\u0131 konu\u015fmada bu \u00f6d\u00fcle lay\u0131k g\u00f6r\u00fcld\u00fckleri i\u00e7in b\u00fcy\u00fck mutluluk ve onur duyduklar\u0131n\u0131 belirtirken, \u00f6d\u00fcl\u00fcn ileriki y\u0131llarda Frans\u0131z dilinin ve k\u00fclt\u00fcr\u00fcn\u00fcn \u00fclkede tan\u0131nmas\u0131 i\u00e7in emek harcayan ki\u015filere de lay\u0131k g\u00f6r\u00fclerek devam\u0131n\u0131n gelmesi temennisinde bulundu.<\/span><\/span><\/span><\/span><\/span><\/span><\/p>\n<p style=\"text-align:left\"><span style=\"font-size:16px\"><span style=\"color:#000000\"><span style=\"font-family:Merriweather,serif !important\"><span style=\"font-size:16px !important\"><span style=\"font-family:Merriweather,serif !important\"><span style=\"color:#000000 !important\">Fransa&#8217;da akademik, k\u00fclt\u00fcrel \u00e7evreler ve e\u011fitim alan\u0131nda \u00e7al\u0131\u015fanlara verilen bir ni\u015fan olan Akademik Palmiye ni\u015fan\u0131 ba\u015flang\u0131\u00e7ta&nbsp;Napolyon&nbsp;taraf\u0131ndan&nbsp;Paris \u00dcniversitesi&#8217;nin kadrosundaki se\u00e7kin isimlere verilen bir madalya iken, 4 Ekim 1955 tarihinde Cumhurba\u015fkan\u0131&nbsp;Ren\u00e9 Coty&nbsp;taraf\u0131ndan ni\u015fan olarak kabul edildi.<\/span><\/span><\/span><\/span><\/span><\/span><\/p>\n<p style=\"text-align:left\"><span style=\"font-size:16px\"><span style=\"color:#000000\"><span style=\"font-family:Merriweather,serif !important\"><span style=\"font-size:16px !important\"><span style=\"font-family:Merriweather,serif !important\"><span style=\"color:#000000 !important\">Akademik Palmiye Ni\u015fan\u0131, d\u00fcnyan\u0131n de\u011fi\u015fik noktalar\u0131nda Frans\u0131z k\u00fclt\u00fcr\u00fcn\u00fcn yay\u0131lmas\u0131na, Frans\u0131z ulusal e\u011fitimine ve k\u00fclt\u00fcr\u00fcne \u00f6nemli katk\u0131lar\u0131 olan ki\u015filere Fransa Ulusal E\u011fitim Bakanl\u0131\u011f\u0131 taraf\u0131ndan veriliyor.<\/span><\/span><\/span><\/span><\/span><\/span><\/p>\n","protected":false},"excerpt":{"rendered":"<p>K\u0131br\u0131s T\u00fcrk Frans\u0131z K\u00fclt\u00fcr Derne\u011fi&#8217;nin de kurucu \u00fcyelerinden olan Heran \u00c7ift\u00e7i ve Kezban Sara\u00e7o\u011flu uzun y\u0131llar Frans\u0131z dilinin ve k\u00fclt\u00fcr\u00fcn\u00fcn tan\u0131nmas\u0131na olan katk\u0131lar\u0131 nedeniyle \u015f\u00f6valye unvan\u0131na lay\u0131k g\u00f6r\u00fcld\u00fc. Frans\u0131z K\u00fclt\u00fcr Derne\u011fi\u2019nden verilen bilgiye g\u00f6re, Heran \u00c7ift\u00e7i ve Kezban Sara\u00e7o\u011flu yapt\u0131klar\u0131 konu\u015fmada bu \u00f6d\u00fcle lay\u0131k g\u00f6r\u00fcld\u00fckleri i\u00e7in b\u00fcy\u00fck mutluluk ve onur duyduklar\u0131n\u0131 belirtirken, \u00f6d\u00fcl\u00fcn ileriki y\u0131llarda<\/p>\n","protected":false},"author":1,"featured_media":48462,"comment_status":"open","ping_status":"open","sticky":false,"template":"","format":"standard","meta":{"footnotes":""},"categories":[79],"tags":[],"class_list":["post-48461","post","type-post","status-publish","format-standard","has-post-thumbnail","hentry","category-ekonomi"],"yoast_head":"<!-- This site is optimized with the Yoast SEO plugin v28.3 - https:\/\/yoast.com\/product\/yoast-seo-wordpress\/ -->\n<title>\u0130ki K\u0131br\u0131sl\u0131 T\u00fcrk, Frans\u0131z Akademik Palmiye ni\u015fan\u0131 \u00f6d\u00fcl\u00fcne lay\u0131k g\u00f6r\u00fclerek \u015f\u00f6valye unvan\u0131 ald\u0131 -<\/title>\n<meta name=\"robots\" content=\"index, follow, max-snippet:-1, max-image-preview:large, max-video-preview:-1\" \/>\n<link rel=\"canonical\" href=\"https:\/\/kibrisdakik.com\/?p=48461\" \/>\n<meta property=\"og:locale\" content=\"tr_TR\" \/>\n<meta property=\"og:type\" content=\"article\" \/>\n<meta property=\"og:title\" content=\"\u0130ki K\u0131br\u0131sl\u0131 T\u00fcrk, Frans\u0131z Akademik Palmiye ni\u015fan\u0131 \u00f6d\u00fcl\u00fcne lay\u0131k g\u00f6r\u00fclerek \u015f\u00f6valye unvan\u0131 ald\u0131 -\" \/>\n<meta property=\"og:description\" content=\"K\u0131br\u0131s T\u00fcrk Frans\u0131z K\u00fclt\u00fcr Derne\u011fi&#8217;nin de kurucu \u00fcyelerinden olan Heran \u00c7ift\u00e7i ve Kezban Sara\u00e7o\u011flu uzun y\u0131llar Frans\u0131z dilinin ve k\u00fclt\u00fcr\u00fcn\u00fcn tan\u0131nmas\u0131na olan katk\u0131lar\u0131 nedeniyle \u015f\u00f6valye unvan\u0131na lay\u0131k g\u00f6r\u00fcld\u00fc. Frans\u0131z K\u00fclt\u00fcr Derne\u011fi\u2019nden verilen bilgiye g\u00f6re, Heran \u00c7ift\u00e7i ve Kezban Sara\u00e7o\u011flu yapt\u0131klar\u0131 konu\u015fmada bu \u00f6d\u00fcle lay\u0131k g\u00f6r\u00fcld\u00fckleri i\u00e7in b\u00fcy\u00fck mutluluk ve onur duyduklar\u0131n\u0131 belirtirken, \u00f6d\u00fcl\u00fcn ileriki y\u0131llarda\" \/>\n<meta property=\"og:url\" content=\"https:\/\/kibrisdakik.com\/?p=48461\" \/>\n<meta property=\"article:published_time\" content=\"2024-07-03T21:49:55+00:00\" \/>\n<meta property=\"og:image\" content=\"https:\/\/kibrisdakik.com\/wp-content\/uploads\/2024\/07\/iki-kibrisli-turk-fransiz-akademik-palmiye-nisani-odulune-layik-gorulerek-sovalye-unvani-aldi-1720024326.webp.webp\" \/>\n\t<meta property=\"og:image:width\" content=\"710\" \/>\n\t<meta property=\"og:image:height\" content=\"370\" \/>\n\t<meta property=\"og:image:type\" content=\"image\/webp\" \/>\n<meta name=\"author\" content=\"admin\" \/>\n<meta name=\"twitter:card\" content=\"summary_large_image\" \/>\n<meta name=\"twitter:label1\" content=\"Yazan:\" \/>\n\t<meta name=\"twitter:data1\" content=\"admin\" \/>\n\t<meta name=\"twitter:label2\" content=\"Tahmini okuma s\u00fcresi\" \/>\n\t<meta name=\"twitter:data2\" content=\"1 dakika\" \/>\n<script type=\"application\/ld+json\" class=\"yoast-schema-graph\">{\"@context\":\"https:\\\/\\\/schema.org\",\"@graph\":[{\"@type\":\"Article\",\"@id\":\"https:\\\/\\\/kibrisdakik.com\\\/?p=48461#article\",\"isPartOf\":{\"@id\":\"https:\\\/\\\/kibrisdakik.com\\\/?p=48461\"},\"author\":{\"name\":\"admin\",\"@id\":\"https:\\\/\\\/kibrisdakik.com\\\/#\\\/schema\\\/person\\\/9cd9d437bbb44f72b73ba127e06d8e79\"},\"headline\":\"\u0130ki K\u0131br\u0131sl\u0131 T\u00fcrk, Frans\u0131z Akademik Palmiye ni\u015fan\u0131 \u00f6d\u00fcl\u00fcne lay\u0131k g\u00f6r\u00fclerek \u015f\u00f6valye unvan\u0131 ald\u0131\",\"datePublished\":\"2024-07-03T21:49:55+00:00\",\"mainEntityOfPage\":{\"@id\":\"https:\\\/\\\/kibrisdakik.com\\\/?p=48461\"},\"wordCount\":259,\"commentCount\":0,\"publisher\":{\"@id\":\"https:\\\/\\\/kibrisdakik.com\\\/#organization\"},\"image\":{\"@id\":\"https:\\\/\\\/kibrisdakik.com\\\/?p=48461#primaryimage\"},\"thumbnailUrl\":\"https:\\\/\\\/kibrisdakik.com\\\/wp-content\\\/uploads\\\/2024\\\/07\\\/iki-kibrisli-turk-fransiz-akademik-palmiye-nisani-odulune-layik-gorulerek-sovalye-unvani-aldi-1720024326.webp.webp\",\"articleSection\":[\"Ekonomi\"],\"inLanguage\":\"tr\",\"potentialAction\":[{\"@type\":\"CommentAction\",\"name\":\"Comment\",\"target\":[\"https:\\\/\\\/kibrisdakik.com\\\/?p=48461#respond\"]}]},{\"@type\":\"WebPage\",\"@id\":\"https:\\\/\\\/kibrisdakik.com\\\/?p=48461\",\"url\":\"https:\\\/\\\/kibrisdakik.com\\\/?p=48461\",\"name\":\"\u0130ki K\u0131br\u0131sl\u0131 T\u00fcrk, Frans\u0131z Akademik Palmiye ni\u015fan\u0131 \u00f6d\u00fcl\u00fcne lay\u0131k g\u00f6r\u00fclerek \u015f\u00f6valye unvan\u0131 ald\u0131 -\",\"isPartOf\":{\"@id\":\"https:\\\/\\\/kibrisdakik.com\\\/#website\"},\"primaryImageOfPage\":{\"@id\":\"https:\\\/\\\/kibrisdakik.com\\\/?p=48461#primaryimage\"},\"image\":{\"@id\":\"https:\\\/\\\/kibrisdakik.com\\\/?p=48461#primaryimage\"},\"thumbnailUrl\":\"https:\\\/\\\/kibrisdakik.com\\\/wp-content\\\/uploads\\\/2024\\\/07\\\/iki-kibrisli-turk-fransiz-akademik-palmiye-nisani-odulune-layik-gorulerek-sovalye-unvani-aldi-1720024326.webp.webp\",\"datePublished\":\"2024-07-03T21:49:55+00:00\",\"breadcrumb\":{\"@id\":\"https:\\\/\\\/kibrisdakik.com\\\/?p=48461#breadcrumb\"},\"inLanguage\":\"tr\",\"potentialAction\":[{\"@type\":\"ReadAction\",\"target\":[\"https:\\\/\\\/kibrisdakik.com\\\/?p=48461\"]}]},{\"@type\":\"ImageObject\",\"inLanguage\":\"tr\",\"@id\":\"https:\\\/\\\/kibrisdakik.com\\\/?p=48461#primaryimage\",\"url\":\"https:\\\/\\\/kibrisdakik.com\\\/wp-content\\\/uploads\\\/2024\\\/07\\\/iki-kibrisli-turk-fransiz-akademik-palmiye-nisani-odulune-layik-gorulerek-sovalye-unvani-aldi-1720024326.webp.webp\",\"contentUrl\":\"https:\\\/\\\/kibrisdakik.com\\\/wp-content\\\/uploads\\\/2024\\\/07\\\/iki-kibrisli-turk-fransiz-akademik-palmiye-nisani-odulune-layik-gorulerek-sovalye-unvani-aldi-1720024326.webp.webp\",\"width\":710,\"height\":370},{\"@type\":\"BreadcrumbList\",\"@id\":\"https:\\\/\\\/kibrisdakik.com\\\/?p=48461#breadcrumb\",\"itemListElement\":[{\"@type\":\"ListItem\",\"position\":1,\"name\":\"Home\",\"item\":\"https:\\\/\\\/kibrisdakik.com\\\/\"},{\"@type\":\"ListItem\",\"position\":2,\"name\":\"\u0130ki K\u0131br\u0131sl\u0131 T\u00fcrk, Frans\u0131z Akademik Palmiye ni\u015fan\u0131 \u00f6d\u00fcl\u00fcne lay\u0131k g\u00f6r\u00fclerek \u015f\u00f6valye unvan\u0131 ald\u0131\"}]},{\"@type\":\"WebSite\",\"@id\":\"https:\\\/\\\/kibrisdakik.com\\\/#website\",\"url\":\"https:\\\/\\\/kibrisdakik.com\\\/\",\"name\":\"K\u0131br\u0131s Dakik\",\"description\":\"Tam vaktinde haber\",\"publisher\":{\"@id\":\"https:\\\/\\\/kibrisdakik.com\\\/#organization\"},\"potentialAction\":[{\"@type\":\"SearchAction\",\"target\":{\"@type\":\"EntryPoint\",\"urlTemplate\":\"https:\\\/\\\/kibrisdakik.com\\\/?s={search_term_string}\"},\"query-input\":{\"@type\":\"PropertyValueSpecification\",\"valueRequired\":true,\"valueName\":\"search_term_string\"}}],\"inLanguage\":\"tr\"},{\"@type\":\"Organization\",\"@id\":\"https:\\\/\\\/kibrisdakik.com\\\/#organization\",\"name\":\"K\u0131br\u0131s Dakik\",\"url\":\"https:\\\/\\\/kibrisdakik.com\\\/\",\"logo\":{\"@type\":\"ImageObject\",\"inLanguage\":\"tr\",\"@id\":\"https:\\\/\\\/kibrisdakik.com\\\/#\\\/schema\\\/logo\\\/image\\\/\",\"url\":\"https:\\\/\\\/kibrisdakik.com\\\/wp-content\\\/uploads\\\/2025\\\/10\\\/cropped-WhatsApp-Image-2025-10-02-at-12.58.31.jpeg\",\"contentUrl\":\"https:\\\/\\\/kibrisdakik.com\\\/wp-content\\\/uploads\\\/2025\\\/10\\\/cropped-WhatsApp-Image-2025-10-02-at-12.58.31.jpeg\",\"width\":1237,\"height\":190,\"caption\":\"K\u0131br\u0131s Dakik\"},\"image\":{\"@id\":\"https:\\\/\\\/kibrisdakik.com\\\/#\\\/schema\\\/logo\\\/image\\\/\"}},{\"@type\":\"Person\",\"@id\":\"https:\\\/\\\/kibrisdakik.com\\\/#\\\/schema\\\/person\\\/9cd9d437bbb44f72b73ba127e06d8e79\",\"name\":\"admin\",\"image\":{\"@type\":\"ImageObject\",\"inLanguage\":\"tr\",\"@id\":\"https:\\\/\\\/secure.gravatar.com\\\/avatar\\\/ccc17943b9d660506c869530f897617f7cb1c21a4bf30023f252596d83e1f007?s=96&d=mm&r=g\",\"url\":\"https:\\\/\\\/secure.gravatar.com\\\/avatar\\\/ccc17943b9d660506c869530f897617f7cb1c21a4bf30023f252596d83e1f007?s=96&d=mm&r=g\",\"contentUrl\":\"https:\\\/\\\/secure.gravatar.com\\\/avatar\\\/ccc17943b9d660506c869530f897617f7cb1c21a4bf30023f252596d83e1f007?s=96&d=mm&r=g\",\"caption\":\"admin\"},\"sameAs\":[\"https:\\\/\\\/kibrisdakik.com\"],\"url\":\"https:\\\/\\\/kibrisdakik.com\\\/?author=1\"}]}<\/script>\n<!-- \/ Yoast SEO plugin. -->","yoast_head_json":{"title":"\u0130ki K\u0131br\u0131sl\u0131 T\u00fcrk, Frans\u0131z Akademik Palmiye ni\u015fan\u0131 \u00f6d\u00fcl\u00fcne lay\u0131k g\u00f6r\u00fclerek \u015f\u00f6valye unvan\u0131 ald\u0131 -","robots":{"index":"index","follow":"follow","max-snippet":"max-snippet:-1","max-image-preview":"max-image-preview:large","max-video-preview":"max-video-preview:-1"},"canonical":"https:\/\/kibrisdakik.com\/?p=48461","og_locale":"tr_TR","og_type":"article","og_title":"\u0130ki K\u0131br\u0131sl\u0131 T\u00fcrk, Frans\u0131z Akademik Palmiye ni\u015fan\u0131 \u00f6d\u00fcl\u00fcne lay\u0131k g\u00f6r\u00fclerek \u015f\u00f6valye unvan\u0131 ald\u0131 -","og_description":"K\u0131br\u0131s T\u00fcrk Frans\u0131z K\u00fclt\u00fcr Derne\u011fi&#8217;nin de kurucu \u00fcyelerinden olan Heran \u00c7ift\u00e7i ve Kezban Sara\u00e7o\u011flu uzun y\u0131llar Frans\u0131z dilinin ve k\u00fclt\u00fcr\u00fcn\u00fcn tan\u0131nmas\u0131na olan katk\u0131lar\u0131 nedeniyle \u015f\u00f6valye unvan\u0131na lay\u0131k g\u00f6r\u00fcld\u00fc. Frans\u0131z K\u00fclt\u00fcr Derne\u011fi\u2019nden verilen bilgiye g\u00f6re, Heran \u00c7ift\u00e7i ve Kezban Sara\u00e7o\u011flu yapt\u0131klar\u0131 konu\u015fmada bu \u00f6d\u00fcle lay\u0131k g\u00f6r\u00fcld\u00fckleri i\u00e7in b\u00fcy\u00fck mutluluk ve onur duyduklar\u0131n\u0131 belirtirken, \u00f6d\u00fcl\u00fcn ileriki y\u0131llarda","og_url":"https:\/\/kibrisdakik.com\/?p=48461","article_published_time":"2024-07-03T21:49:55+00:00","og_image":[{"width":710,"height":370,"url":"https:\/\/kibrisdakik.com\/wp-content\/uploads\/2024\/07\/iki-kibrisli-turk-fransiz-akademik-palmiye-nisani-odulune-layik-gorulerek-sovalye-unvani-aldi-1720024326.webp.webp","type":"image\/webp"}],"author":"admin","twitter_card":"summary_large_image","twitter_misc":{"Yazan:":"admin","Tahmini okuma s\u00fcresi":"1 dakika"},"schema":{"@context":"https:\/\/schema.org","@graph":[{"@type":"Article","@id":"https:\/\/kibrisdakik.com\/?p=48461#article","isPartOf":{"@id":"https:\/\/kibrisdakik.com\/?p=48461"},"author":{"name":"admin","@id":"https:\/\/kibrisdakik.com\/#\/schema\/person\/9cd9d437bbb44f72b73ba127e06d8e79"},"headline":"\u0130ki K\u0131br\u0131sl\u0131 T\u00fcrk, Frans\u0131z Akademik Palmiye ni\u015fan\u0131 \u00f6d\u00fcl\u00fcne lay\u0131k g\u00f6r\u00fclerek \u015f\u00f6valye unvan\u0131 ald\u0131","datePublished":"2024-07-03T21:49:55+00:00","mainEntityOfPage":{"@id":"https:\/\/kibrisdakik.com\/?p=48461"},"wordCount":259,"commentCount":0,"publisher":{"@id":"https:\/\/kibrisdakik.com\/#organization"},"image":{"@id":"https:\/\/kibrisdakik.com\/?p=48461#primaryimage"},"thumbnailUrl":"https:\/\/kibrisdakik.com\/wp-content\/uploads\/2024\/07\/iki-kibrisli-turk-fransiz-akademik-palmiye-nisani-odulune-layik-gorulerek-sovalye-unvani-aldi-1720024326.webp.webp","articleSection":["Ekonomi"],"inLanguage":"tr","potentialAction":[{"@type":"CommentAction","name":"Comment","target":["https:\/\/kibrisdakik.com\/?p=48461#respond"]}]},{"@type":"WebPage","@id":"https:\/\/kibrisdakik.com\/?p=48461","url":"https:\/\/kibrisdakik.com\/?p=48461","name":"\u0130ki K\u0131br\u0131sl\u0131 T\u00fcrk, Frans\u0131z Akademik Palmiye ni\u015fan\u0131 \u00f6d\u00fcl\u00fcne lay\u0131k g\u00f6r\u00fclerek \u015f\u00f6valye unvan\u0131 ald\u0131 -","isPartOf":{"@id":"https:\/\/kibrisdakik.com\/#website"},"primaryImageOfPage":{"@id":"https:\/\/kibrisdakik.com\/?p=48461#primaryimage"},"image":{"@id":"https:\/\/kibrisdakik.com\/?p=48461#primaryimage"},"thumbnailUrl":"https:\/\/kibrisdakik.com\/wp-content\/uploads\/2024\/07\/iki-kibrisli-turk-fransiz-akademik-palmiye-nisani-odulune-layik-gorulerek-sovalye-unvani-aldi-1720024326.webp.webp","datePublished":"2024-07-03T21:49:55+00:00","breadcrumb":{"@id":"https:\/\/kibrisdakik.com\/?p=48461#breadcrumb"},"inLanguage":"tr","potentialAction":[{"@type":"ReadAction","target":["https:\/\/kibrisdakik.com\/?p=48461"]}]},{"@type":"ImageObject","inLanguage":"tr","@id":"https:\/\/kibrisdakik.com\/?p=48461#primaryimage","url":"https:\/\/kibrisdakik.com\/wp-content\/uploads\/2024\/07\/iki-kibrisli-turk-fransiz-akademik-palmiye-nisani-odulune-layik-gorulerek-sovalye-unvani-aldi-1720024326.webp.webp","contentUrl":"https:\/\/kibrisdakik.com\/wp-content\/uploads\/2024\/07\/iki-kibrisli-turk-fransiz-akademik-palmiye-nisani-odulune-layik-gorulerek-sovalye-unvani-aldi-1720024326.webp.webp","width":710,"height":370},{"@type":"BreadcrumbList","@id":"https:\/\/kibrisdakik.com\/?p=48461#breadcrumb","itemListElement":[{"@type":"ListItem","position":1,"name":"Home","item":"https:\/\/kibrisdakik.com\/"},{"@type":"ListItem","position":2,"name":"\u0130ki K\u0131br\u0131sl\u0131 T\u00fcrk, Frans\u0131z Akademik Palmiye ni\u015fan\u0131 \u00f6d\u00fcl\u00fcne lay\u0131k g\u00f6r\u00fclerek \u015f\u00f6valye unvan\u0131 ald\u0131"}]},{"@type":"WebSite","@id":"https:\/\/kibrisdakik.com\/#website","url":"https:\/\/kibrisdakik.com\/","name":"K\u0131br\u0131s Dakik","description":"Tam vaktinde haber","publisher":{"@id":"https:\/\/kibrisdakik.com\/#organization"},"potentialAction":[{"@type":"SearchAction","target":{"@type":"EntryPoint","urlTemplate":"https:\/\/kibrisdakik.com\/?s={search_term_string}"},"query-input":{"@type":"PropertyValueSpecification","valueRequired":true,"valueName":"search_term_string"}}],"inLanguage":"tr"},{"@type":"Organization","@id":"https:\/\/kibrisdakik.com\/#organization","name":"K\u0131br\u0131s Dakik","url":"https:\/\/kibrisdakik.com\/","logo":{"@type":"ImageObject","inLanguage":"tr","@id":"https:\/\/kibrisdakik.com\/#\/schema\/logo\/image\/","url":"https:\/\/kibrisdakik.com\/wp-content\/uploads\/2025\/10\/cropped-WhatsApp-Image-2025-10-02-at-12.58.31.jpeg","contentUrl":"https:\/\/kibrisdakik.com\/wp-content\/uploads\/2025\/10\/cropped-WhatsApp-Image-2025-10-02-at-12.58.31.jpeg","width":1237,"height":190,"caption":"K\u0131br\u0131s Dakik"},"image":{"@id":"https:\/\/kibrisdakik.com\/#\/schema\/logo\/image\/"}},{"@type":"Person","@id":"https:\/\/kibrisdakik.com\/#\/schema\/person\/9cd9d437bbb44f72b73ba127e06d8e79","name":"admin","image":{"@type":"ImageObject","inLanguage":"tr","@id":"https:\/\/secure.gravatar.com\/avatar\/ccc17943b9d660506c869530f897617f7cb1c21a4bf30023f252596d83e1f007?s=96&d=mm&r=g","url":"https:\/\/secure.gravatar.com\/avatar\/ccc17943b9d660506c869530f897617f7cb1c21a4bf30023f252596d83e1f007?s=96&d=mm&r=g","contentUrl":"https:\/\/secure.gravatar.com\/avatar\/ccc17943b9d660506c869530f897617f7cb1c21a4bf30023f252596d83e1f007?s=96&d=mm&r=g","caption":"admin"},"sameAs":["https:\/\/kibrisdakik.com"],"url":"https:\/\/kibrisdakik.com\/?author=1"}]}},"_links":{"self":[{"href":"https:\/\/kibrisdakik.com\/index.php?rest_route=\/wp\/v2\/posts\/48461","targetHints":{"allow":["GET"]}}],"collection":[{"href":"https:\/\/kibrisdakik.com\/index.php?rest_route=\/wp\/v2\/posts"}],"about":[{"href":"https:\/\/kibrisdakik.com\/index.php?rest_route=\/wp\/v2\/types\/post"}],"author":[{"embeddable":true,"href":"https:\/\/kibrisdakik.com\/index.php?rest_route=\/wp\/v2\/users\/1"}],"replies":[{"embeddable":true,"href":"https:\/\/kibrisdakik.com\/index.php?rest_route=%2Fwp%2Fv2%2Fcomments&post=48461"}],"version-history":[{"count":0,"href":"https:\/\/kibrisdakik.com\/index.php?rest_route=\/wp\/v2\/posts\/48461\/revisions"}],"wp:featuredmedia":[{"embeddable":true,"href":"https:\/\/kibrisdakik.com\/index.php?rest_route=\/wp\/v2\/media\/48462"}],"wp:attachment":[{"href":"https:\/\/kibrisdakik.com\/index.php?rest_route=%2Fwp%2Fv2%2Fmedia&parent=48461"}],"wp:term":[{"taxonomy":"category","embeddable":true,"href":"https:\/\/kibrisdakik.com\/index.php?rest_route=%2Fwp%2Fv2%2Fcategories&post=48461"},{"taxonomy":"post_tag","embeddable":true,"href":"https:\/\/kibrisdakik.com\/index.php?rest_route=%2Fwp%2Fv2%2Ftags&post=48461"}],"curies":[{"name":"wp","href":"https:\/\/api.w.org\/{rel}","templated":true}]}}