{"id":48483,"date":"2024-07-04T01:54:20","date_gmt":"2024-07-04T01:54:20","guid":{"rendered":"https:\/\/kibrisdakik.com\/index.php\/2024\/07\/04\/yapi-isleriyle-ilgili-onay-tasarisi-mecliste-onaylandi-2\/"},"modified":"2024-07-04T01:54:20","modified_gmt":"2024-07-04T01:54:20","slug":"yapi-isleriyle-ilgili-onay-tasarisi-mecliste-onaylandi-2","status":"publish","type":"post","link":"https:\/\/kibrisdakik.com\/?p=48483","title":{"rendered":"Yap\u0131 i\u015fleriyle ilgili onay tasar\u0131s\u0131 Meclis\u2019te onayland\u0131"},"content":{"rendered":"<p><img decoding=\"async\" src=\"https:\/\/www.kibristurk.com\/images\/haberler\/2024\/07\/yapi-isleriyle-ilgili-onay-tasarisi-mecliste-onaylandi-1720015628.webp\" \/><\/p>\n<p>A\u00e7\u0131k oylamada, 26 kabul 6 ret oyu kullan\u0131ld\u0131. Tasar\u0131 oy \u00e7oklu\u011fuyla kabul edildi.<\/p>\n<p>&nbsp;<\/p>\n<p>Hukuk, Siyasi \u0130\u015fler ve D\u0131\u015fili\u015fkiler Komitesi Ba\u015fkan\u0131 Yasemi \u00d6zt\u00fcrk, s\u00f6z konusu yasa tasar\u0131s\u0131yla ilgili raporu sundu.&nbsp;<\/p>\n<p>&nbsp;<\/p>\n<p>-Solyal\u0131<\/p>\n<p>&nbsp;<\/p>\n<p>Tasar\u0131 \u00fczerine s\u00f6z alan CTP milletvekili \u00dcr\u00fcn Solyal\u0131, yap\u0131 i\u015fleri alan\u0131ndaki protokol\u00fcn 2020\u2019de, UBP-HP d\u00f6neminde imzaland\u0131\u011f\u0131n\u0131 s\u00f6yleyerek, onay yasa tasar\u0131s\u0131n\u0131n 4 y\u0131l sonra Meclis\u2019e getirilmesini ele\u015ftirdi.<\/p>\n<p>&nbsp;<\/p>\n<p>Solyal\u0131, onay yasan\u0131n imzaland\u0131\u011f\u0131 d\u00f6nemle uyumla\u015ft\u0131r\u0131lmas\u0131n\u0131n m\u00fcmk\u00fcn olmad\u0131\u011f\u0131n\u0131 kaydederek, CTP\u2019nin ret oyu kullanaca\u011f\u0131n\u0131 ifade etti.<\/p>\n<p>&nbsp;<\/p>\n<p>Onay yasa tasar\u0131s\u0131n\u0131n g\u00f6r\u00fc\u015f\u00fcld\u00fc\u011f\u00fc komitede bu konuda yap\u0131lan uzman de\u011ferlendirme ve tespitlerine i\u015faret eden Solyal\u0131, \u201cM\u00fchendisler geldi, \u2018imzalanan protokol o d\u00f6nemde Meclis&#8217;ten ge\u00e7seydi belki bize \u0131\u015f\u0131k tutard\u0131 ama 6 \u015eubat depremi ya\u015fand\u0131, biz tedbirlerimizi almaya ba\u015flad\u0131k, kurgumuzu yapt\u0131k, denetimleri yap\u0131yoruz, mevzuat\u0131m\u0131za katk\u0131 koyun\u2019 dedi\u2026 Hepsi tutanaklarda var\u2026\u201d diye konu\u015ftu.<\/p>\n<p>&nbsp;<\/p>\n<p>-Ar\u0131kl\u0131&nbsp;<\/p>\n<p>Bay\u0131nd\u0131rl\u0131k ve Ula\u015ft\u0131rma Bakan\u0131 Erhan Ar\u0131kl\u0131, onay protokol\u00fcn\u00fcn kendi d\u00f6neminde haz\u0131rlanmad\u0131\u011f\u0131n\u0131, alt yap\u0131s\u0131n\u0131n d\u00f6rtl\u00fc h\u00fck\u00fcmet zaman\u0131nda olu\u015fturuldu\u011funu, UBP-HP d\u00f6nemde de imzaland\u0131\u011f\u0131n\u0131 s\u00f6yledi.<\/p>\n<p>&nbsp;<\/p>\n<p>Onay yasa tasar\u0131s\u0131yla ilgili bilgi notunu k\u00fcrs\u00fcden okuyan Ar\u0131kl\u0131, beton santrallerinden al\u0131nan betonlar\u0131n kalitesinden emin olunamad\u0131\u011f\u0131n\u0131, bu yasayla beton \u00fcretimi yapan beton santrallerinin yan\u0131 s\u0131ra beton ta\u015f\u0131yan mikserlerin kontrol\u00fc ve denetiminin de \u00f6ng\u00f6r\u00fcld\u00fc\u011f\u00fcn\u00fc aktard\u0131.&nbsp;<\/p>\n<p>&nbsp;<\/p>\n<p>6 \u015eubat\u2019ta T\u00fcrkiye\u2019de meydana gelen deprem sonras\u0131nda binalar\u0131n g\u00fcvenli\u011fi konusunda tart\u0131\u015fmalar ya\u015fand\u0131\u011f\u0131n\u0131 an\u0131msatan Erhan Ar\u0131kl\u0131, \u201cOnay yasa tasar\u0131s\u0131 hayati \u00f6neme haiz. Gerekli \u00e7al\u0131\u015fmalar da mutlaka yap\u0131lacakt\u0131r\u201d dedi.<\/p>\n<p>&nbsp;<\/p>\n<p>Erhan Ar\u0131kl\u0131, CTP milletvekilleri Filiz Besim ve Devrim Bar\u00e7\u0131n\u2019\u0131n yerinden y\u00f6neltti\u011fi sorular\u0131 da yan\u0131tlad\u0131.<\/p>\n<p>&nbsp;<\/p>\n<p>Ar\u0131kl\u0131, Kuzey \u00c7evre Yolu&#8217;yla ilgili 17 ara emri oldu\u011funu, uzun s\u00fcre bunlar\u0131 \u00e7\u00f6zmeye \u00e7al\u0131\u015ft\u0131klar\u0131n\u0131, 15\u2019inin istimlak paras\u0131n\u0131n \u00f6dendi\u011fini, kalan 2\u2019siyle ilgili mahkemede uzla\u015f\u0131ld\u0131\u011f\u0131n\u0131 s\u00f6yledi.<\/p>\n<p>&nbsp;<\/p>\n<p>-&#8220;Katl\u0131 kav\u015fak yap\u0131lacak&#8221;<\/p>\n<p>Erhan Ar\u0131kl\u0131, bu yola katl\u0131 kav\u015fak yap\u0131laca\u011f\u0131n\u0131, G\u00f6nyeli \u00e7emberinin rahatlayaca\u011f\u0131n\u0131, iki kav\u015fak daha yap\u0131lmas\u0131yla Lefko\u015fa trafi\u011finin rahatlayaca\u011f\u0131n\u0131 belirtti.<\/p>\n<p>&nbsp;<\/p>\n<p>Ar\u0131kl\u0131, \u201cKuzey \u00c7evre Yolu&#8217;nun ayd\u0131nlat\u0131lmas\u0131 bizim boynumuzun borcu. Kaynak bulmaya \u00e7al\u0131\u015f\u0131yoruz\u201d dedi.<\/p>\n<p>&nbsp;<\/p>\n<p>Ar\u0131kl\u0131\u2019n\u0131n konu\u015fmas\u0131n\u0131n ard\u0131ndan Kuzey K\u0131br\u0131s T\u00fcrk Cumhuriyeti H\u00fck\u00fcmeti ile T\u00fcrkiye Cumhuriyeti H\u00fck\u00fcmeti Aras\u0131nda Yap\u0131 \u0130\u015fleri Alan\u0131nda Mutabakat Zapt\u0131 (Onay) Yasa Tasar\u0131s\u0131 oy \u00e7oklu\u011fuyla onayland\u0131.<\/p>\n","protected":false},"excerpt":{"rendered":"<p>A\u00e7\u0131k oylamada, 26 kabul 6 ret oyu kullan\u0131ld\u0131. Tasar\u0131 oy \u00e7oklu\u011fuyla kabul edildi. &nbsp; Hukuk, Siyasi \u0130\u015fler ve D\u0131\u015fili\u015fkiler Komitesi Ba\u015fkan\u0131 Yasemi \u00d6zt\u00fcrk, s\u00f6z konusu yasa tasar\u0131s\u0131yla ilgili raporu sundu.&nbsp; &nbsp; -Solyal\u0131 &nbsp; Tasar\u0131 \u00fczerine s\u00f6z alan CTP milletvekili \u00dcr\u00fcn Solyal\u0131, yap\u0131 i\u015fleri alan\u0131ndaki protokol\u00fcn 2020\u2019de, UBP-HP d\u00f6neminde imzaland\u0131\u011f\u0131n\u0131 s\u00f6yleyerek, onay yasa tasar\u0131s\u0131n\u0131n 4 y\u0131l<\/p>\n","protected":false},"author":1,"featured_media":48484,"comment_status":"open","ping_status":"open","sticky":false,"template":"","format":"standard","meta":{"footnotes":""},"categories":[79],"tags":[],"class_list":["post-48483","post","type-post","status-publish","format-standard","has-post-thumbnail","hentry","category-ekonomi"],"yoast_head":"<!-- This site is optimized with the Yoast SEO plugin v27.5 - https:\/\/yoast.com\/product\/yoast-seo-wordpress\/ -->\n<title>Yap\u0131 i\u015fleriyle ilgili onay tasar\u0131s\u0131 Meclis\u2019te onayland\u0131 -<\/title>\n<meta name=\"robots\" content=\"index, follow, max-snippet:-1, max-image-preview:large, max-video-preview:-1\" \/>\n<link rel=\"canonical\" href=\"https:\/\/kibrisdakik.com\/?p=48483\" \/>\n<meta property=\"og:locale\" content=\"tr_TR\" \/>\n<meta property=\"og:type\" content=\"article\" \/>\n<meta property=\"og:title\" content=\"Yap\u0131 i\u015fleriyle ilgili onay tasar\u0131s\u0131 Meclis\u2019te onayland\u0131 -\" \/>\n<meta property=\"og:description\" content=\"A\u00e7\u0131k oylamada, 26 kabul 6 ret oyu kullan\u0131ld\u0131. Tasar\u0131 oy \u00e7oklu\u011fuyla kabul edildi. &nbsp; Hukuk, Siyasi \u0130\u015fler ve D\u0131\u015fili\u015fkiler Komitesi Ba\u015fkan\u0131 Yasemi \u00d6zt\u00fcrk, s\u00f6z konusu yasa tasar\u0131s\u0131yla ilgili raporu sundu.&nbsp; &nbsp; -Solyal\u0131 &nbsp; Tasar\u0131 \u00fczerine s\u00f6z alan CTP milletvekili \u00dcr\u00fcn Solyal\u0131, yap\u0131 i\u015fleri alan\u0131ndaki protokol\u00fcn 2020\u2019de, UBP-HP d\u00f6neminde imzaland\u0131\u011f\u0131n\u0131 s\u00f6yleyerek, onay yasa tasar\u0131s\u0131n\u0131n 4 y\u0131l\" \/>\n<meta property=\"og:url\" content=\"https:\/\/kibrisdakik.com\/?p=48483\" \/>\n<meta property=\"article:published_time\" content=\"2024-07-04T01:54:20+00:00\" \/>\n<meta property=\"og:image\" content=\"https:\/\/kibrisdakik.com\/wp-content\/uploads\/2024\/07\/yapi-isleriyle-ilgili-onay-tasarisi-mecliste-onaylandi-1720015628.webp.webp\" \/>\n\t<meta property=\"og:image:width\" content=\"710\" \/>\n\t<meta property=\"og:image:height\" content=\"370\" \/>\n\t<meta property=\"og:image:type\" content=\"image\/webp\" \/>\n<meta name=\"author\" content=\"admin\" \/>\n<meta name=\"twitter:card\" content=\"summary_large_image\" \/>\n<meta name=\"twitter:label1\" content=\"Yazan:\" \/>\n\t<meta name=\"twitter:data1\" content=\"admin\" \/>\n\t<meta name=\"twitter:label2\" content=\"Tahmini okuma s\u00fcresi\" \/>\n\t<meta name=\"twitter:data2\" content=\"2 dakika\" \/>\n<script type=\"application\/ld+json\" class=\"yoast-schema-graph\">{\"@context\":\"https:\\\/\\\/schema.org\",\"@graph\":[{\"@type\":\"Article\",\"@id\":\"https:\\\/\\\/kibrisdakik.com\\\/?p=48483#article\",\"isPartOf\":{\"@id\":\"https:\\\/\\\/kibrisdakik.com\\\/?p=48483\"},\"author\":{\"name\":\"admin\",\"@id\":\"https:\\\/\\\/kibrisdakik.com\\\/#\\\/schema\\\/person\\\/9cd9d437bbb44f72b73ba127e06d8e79\"},\"headline\":\"Yap\u0131 i\u015fleriyle ilgili onay tasar\u0131s\u0131 Meclis\u2019te onayland\u0131\",\"datePublished\":\"2024-07-04T01:54:20+00:00\",\"mainEntityOfPage\":{\"@id\":\"https:\\\/\\\/kibrisdakik.com\\\/?p=48483\"},\"wordCount\":483,\"commentCount\":0,\"image\":{\"@id\":\"https:\\\/\\\/kibrisdakik.com\\\/?p=48483#primaryimage\"},\"thumbnailUrl\":\"https:\\\/\\\/kibrisdakik.com\\\/wp-content\\\/uploads\\\/2024\\\/07\\\/yapi-isleriyle-ilgili-onay-tasarisi-mecliste-onaylandi-1720015628.webp.webp\",\"articleSection\":[\"Ekonomi\"],\"inLanguage\":\"tr\",\"potentialAction\":[{\"@type\":\"CommentAction\",\"name\":\"Comment\",\"target\":[\"https:\\\/\\\/kibrisdakik.com\\\/?p=48483#respond\"]}]},{\"@type\":\"WebPage\",\"@id\":\"https:\\\/\\\/kibrisdakik.com\\\/?p=48483\",\"url\":\"https:\\\/\\\/kibrisdakik.com\\\/?p=48483\",\"name\":\"Yap\u0131 i\u015fleriyle ilgili onay tasar\u0131s\u0131 Meclis\u2019te onayland\u0131 -\",\"isPartOf\":{\"@id\":\"https:\\\/\\\/kibrisdakik.com\\\/#website\"},\"primaryImageOfPage\":{\"@id\":\"https:\\\/\\\/kibrisdakik.com\\\/?p=48483#primaryimage\"},\"image\":{\"@id\":\"https:\\\/\\\/kibrisdakik.com\\\/?p=48483#primaryimage\"},\"thumbnailUrl\":\"https:\\\/\\\/kibrisdakik.com\\\/wp-content\\\/uploads\\\/2024\\\/07\\\/yapi-isleriyle-ilgili-onay-tasarisi-mecliste-onaylandi-1720015628.webp.webp\",\"datePublished\":\"2024-07-04T01:54:20+00:00\",\"author\":{\"@id\":\"https:\\\/\\\/kibrisdakik.com\\\/#\\\/schema\\\/person\\\/9cd9d437bbb44f72b73ba127e06d8e79\"},\"breadcrumb\":{\"@id\":\"https:\\\/\\\/kibrisdakik.com\\\/?p=48483#breadcrumb\"},\"inLanguage\":\"tr\",\"potentialAction\":[{\"@type\":\"ReadAction\",\"target\":[\"https:\\\/\\\/kibrisdakik.com\\\/?p=48483\"]}]},{\"@type\":\"ImageObject\",\"inLanguage\":\"tr\",\"@id\":\"https:\\\/\\\/kibrisdakik.com\\\/?p=48483#primaryimage\",\"url\":\"https:\\\/\\\/kibrisdakik.com\\\/wp-content\\\/uploads\\\/2024\\\/07\\\/yapi-isleriyle-ilgili-onay-tasarisi-mecliste-onaylandi-1720015628.webp.webp\",\"contentUrl\":\"https:\\\/\\\/kibrisdakik.com\\\/wp-content\\\/uploads\\\/2024\\\/07\\\/yapi-isleriyle-ilgili-onay-tasarisi-mecliste-onaylandi-1720015628.webp.webp\",\"width\":710,\"height\":370},{\"@type\":\"BreadcrumbList\",\"@id\":\"https:\\\/\\\/kibrisdakik.com\\\/?p=48483#breadcrumb\",\"itemListElement\":[{\"@type\":\"ListItem\",\"position\":1,\"name\":\"Home\",\"item\":\"https:\\\/\\\/kibrisdakik.com\\\/\"},{\"@type\":\"ListItem\",\"position\":2,\"name\":\"Yap\u0131 i\u015fleriyle ilgili onay tasar\u0131s\u0131 Meclis\u2019te onayland\u0131\"}]},{\"@type\":\"WebSite\",\"@id\":\"https:\\\/\\\/kibrisdakik.com\\\/#website\",\"url\":\"https:\\\/\\\/kibrisdakik.com\\\/\",\"name\":\"\",\"description\":\"Tam vaktinde haber\",\"potentialAction\":[{\"@type\":\"SearchAction\",\"target\":{\"@type\":\"EntryPoint\",\"urlTemplate\":\"https:\\\/\\\/kibrisdakik.com\\\/?s={search_term_string}\"},\"query-input\":{\"@type\":\"PropertyValueSpecification\",\"valueRequired\":true,\"valueName\":\"search_term_string\"}}],\"inLanguage\":\"tr\"},{\"@type\":\"Person\",\"@id\":\"https:\\\/\\\/kibrisdakik.com\\\/#\\\/schema\\\/person\\\/9cd9d437bbb44f72b73ba127e06d8e79\",\"name\":\"admin\",\"image\":{\"@type\":\"ImageObject\",\"inLanguage\":\"tr\",\"@id\":\"https:\\\/\\\/secure.gravatar.com\\\/avatar\\\/ccc17943b9d660506c869530f897617f7cb1c21a4bf30023f252596d83e1f007?s=96&d=mm&r=g\",\"url\":\"https:\\\/\\\/secure.gravatar.com\\\/avatar\\\/ccc17943b9d660506c869530f897617f7cb1c21a4bf30023f252596d83e1f007?s=96&d=mm&r=g\",\"contentUrl\":\"https:\\\/\\\/secure.gravatar.com\\\/avatar\\\/ccc17943b9d660506c869530f897617f7cb1c21a4bf30023f252596d83e1f007?s=96&d=mm&r=g\",\"caption\":\"admin\"},\"sameAs\":[\"https:\\\/\\\/kibrisdakik.com\"],\"url\":\"https:\\\/\\\/kibrisdakik.com\\\/?author=1\"}]}<\/script>\n<!-- \/ Yoast SEO plugin. -->","yoast_head_json":{"title":"Yap\u0131 i\u015fleriyle ilgili onay tasar\u0131s\u0131 Meclis\u2019te onayland\u0131 -","robots":{"index":"index","follow":"follow","max-snippet":"max-snippet:-1","max-image-preview":"max-image-preview:large","max-video-preview":"max-video-preview:-1"},"canonical":"https:\/\/kibrisdakik.com\/?p=48483","og_locale":"tr_TR","og_type":"article","og_title":"Yap\u0131 i\u015fleriyle ilgili onay tasar\u0131s\u0131 Meclis\u2019te onayland\u0131 -","og_description":"A\u00e7\u0131k oylamada, 26 kabul 6 ret oyu kullan\u0131ld\u0131. Tasar\u0131 oy \u00e7oklu\u011fuyla kabul edildi. &nbsp; Hukuk, Siyasi \u0130\u015fler ve D\u0131\u015fili\u015fkiler Komitesi Ba\u015fkan\u0131 Yasemi \u00d6zt\u00fcrk, s\u00f6z konusu yasa tasar\u0131s\u0131yla ilgili raporu sundu.&nbsp; &nbsp; -Solyal\u0131 &nbsp; Tasar\u0131 \u00fczerine s\u00f6z alan CTP milletvekili \u00dcr\u00fcn Solyal\u0131, yap\u0131 i\u015fleri alan\u0131ndaki protokol\u00fcn 2020\u2019de, UBP-HP d\u00f6neminde imzaland\u0131\u011f\u0131n\u0131 s\u00f6yleyerek, onay yasa tasar\u0131s\u0131n\u0131n 4 y\u0131l","og_url":"https:\/\/kibrisdakik.com\/?p=48483","article_published_time":"2024-07-04T01:54:20+00:00","og_image":[{"width":710,"height":370,"url":"https:\/\/kibrisdakik.com\/wp-content\/uploads\/2024\/07\/yapi-isleriyle-ilgili-onay-tasarisi-mecliste-onaylandi-1720015628.webp.webp","type":"image\/webp"}],"author":"admin","twitter_card":"summary_large_image","twitter_misc":{"Yazan:":"admin","Tahmini okuma s\u00fcresi":"2 dakika"},"schema":{"@context":"https:\/\/schema.org","@graph":[{"@type":"Article","@id":"https:\/\/kibrisdakik.com\/?p=48483#article","isPartOf":{"@id":"https:\/\/kibrisdakik.com\/?p=48483"},"author":{"name":"admin","@id":"https:\/\/kibrisdakik.com\/#\/schema\/person\/9cd9d437bbb44f72b73ba127e06d8e79"},"headline":"Yap\u0131 i\u015fleriyle ilgili onay tasar\u0131s\u0131 Meclis\u2019te onayland\u0131","datePublished":"2024-07-04T01:54:20+00:00","mainEntityOfPage":{"@id":"https:\/\/kibrisdakik.com\/?p=48483"},"wordCount":483,"commentCount":0,"image":{"@id":"https:\/\/kibrisdakik.com\/?p=48483#primaryimage"},"thumbnailUrl":"https:\/\/kibrisdakik.com\/wp-content\/uploads\/2024\/07\/yapi-isleriyle-ilgili-onay-tasarisi-mecliste-onaylandi-1720015628.webp.webp","articleSection":["Ekonomi"],"inLanguage":"tr","potentialAction":[{"@type":"CommentAction","name":"Comment","target":["https:\/\/kibrisdakik.com\/?p=48483#respond"]}]},{"@type":"WebPage","@id":"https:\/\/kibrisdakik.com\/?p=48483","url":"https:\/\/kibrisdakik.com\/?p=48483","name":"Yap\u0131 i\u015fleriyle ilgili onay tasar\u0131s\u0131 Meclis\u2019te onayland\u0131 -","isPartOf":{"@id":"https:\/\/kibrisdakik.com\/#website"},"primaryImageOfPage":{"@id":"https:\/\/kibrisdakik.com\/?p=48483#primaryimage"},"image":{"@id":"https:\/\/kibrisdakik.com\/?p=48483#primaryimage"},"thumbnailUrl":"https:\/\/kibrisdakik.com\/wp-content\/uploads\/2024\/07\/yapi-isleriyle-ilgili-onay-tasarisi-mecliste-onaylandi-1720015628.webp.webp","datePublished":"2024-07-04T01:54:20+00:00","author":{"@id":"https:\/\/kibrisdakik.com\/#\/schema\/person\/9cd9d437bbb44f72b73ba127e06d8e79"},"breadcrumb":{"@id":"https:\/\/kibrisdakik.com\/?p=48483#breadcrumb"},"inLanguage":"tr","potentialAction":[{"@type":"ReadAction","target":["https:\/\/kibrisdakik.com\/?p=48483"]}]},{"@type":"ImageObject","inLanguage":"tr","@id":"https:\/\/kibrisdakik.com\/?p=48483#primaryimage","url":"https:\/\/kibrisdakik.com\/wp-content\/uploads\/2024\/07\/yapi-isleriyle-ilgili-onay-tasarisi-mecliste-onaylandi-1720015628.webp.webp","contentUrl":"https:\/\/kibrisdakik.com\/wp-content\/uploads\/2024\/07\/yapi-isleriyle-ilgili-onay-tasarisi-mecliste-onaylandi-1720015628.webp.webp","width":710,"height":370},{"@type":"BreadcrumbList","@id":"https:\/\/kibrisdakik.com\/?p=48483#breadcrumb","itemListElement":[{"@type":"ListItem","position":1,"name":"Home","item":"https:\/\/kibrisdakik.com\/"},{"@type":"ListItem","position":2,"name":"Yap\u0131 i\u015fleriyle ilgili onay tasar\u0131s\u0131 Meclis\u2019te onayland\u0131"}]},{"@type":"WebSite","@id":"https:\/\/kibrisdakik.com\/#website","url":"https:\/\/kibrisdakik.com\/","name":"","description":"Tam vaktinde haber","potentialAction":[{"@type":"SearchAction","target":{"@type":"EntryPoint","urlTemplate":"https:\/\/kibrisdakik.com\/?s={search_term_string}"},"query-input":{"@type":"PropertyValueSpecification","valueRequired":true,"valueName":"search_term_string"}}],"inLanguage":"tr"},{"@type":"Person","@id":"https:\/\/kibrisdakik.com\/#\/schema\/person\/9cd9d437bbb44f72b73ba127e06d8e79","name":"admin","image":{"@type":"ImageObject","inLanguage":"tr","@id":"https:\/\/secure.gravatar.com\/avatar\/ccc17943b9d660506c869530f897617f7cb1c21a4bf30023f252596d83e1f007?s=96&d=mm&r=g","url":"https:\/\/secure.gravatar.com\/avatar\/ccc17943b9d660506c869530f897617f7cb1c21a4bf30023f252596d83e1f007?s=96&d=mm&r=g","contentUrl":"https:\/\/secure.gravatar.com\/avatar\/ccc17943b9d660506c869530f897617f7cb1c21a4bf30023f252596d83e1f007?s=96&d=mm&r=g","caption":"admin"},"sameAs":["https:\/\/kibrisdakik.com"],"url":"https:\/\/kibrisdakik.com\/?author=1"}]}},"_links":{"self":[{"href":"https:\/\/kibrisdakik.com\/index.php?rest_route=\/wp\/v2\/posts\/48483","targetHints":{"allow":["GET"]}}],"collection":[{"href":"https:\/\/kibrisdakik.com\/index.php?rest_route=\/wp\/v2\/posts"}],"about":[{"href":"https:\/\/kibrisdakik.com\/index.php?rest_route=\/wp\/v2\/types\/post"}],"author":[{"embeddable":true,"href":"https:\/\/kibrisdakik.com\/index.php?rest_route=\/wp\/v2\/users\/1"}],"replies":[{"embeddable":true,"href":"https:\/\/kibrisdakik.com\/index.php?rest_route=%2Fwp%2Fv2%2Fcomments&post=48483"}],"version-history":[{"count":0,"href":"https:\/\/kibrisdakik.com\/index.php?rest_route=\/wp\/v2\/posts\/48483\/revisions"}],"wp:featuredmedia":[{"embeddable":true,"href":"https:\/\/kibrisdakik.com\/index.php?rest_route=\/wp\/v2\/media\/48484"}],"wp:attachment":[{"href":"https:\/\/kibrisdakik.com\/index.php?rest_route=%2Fwp%2Fv2%2Fmedia&parent=48483"}],"wp:term":[{"taxonomy":"category","embeddable":true,"href":"https:\/\/kibrisdakik.com\/index.php?rest_route=%2Fwp%2Fv2%2Fcategories&post=48483"},{"taxonomy":"post_tag","embeddable":true,"href":"https:\/\/kibrisdakik.com\/index.php?rest_route=%2Fwp%2Fv2%2Ftags&post=48483"}],"curies":[{"name":"wp","href":"https:\/\/api.w.org\/{rel}","templated":true}]}}