{"id":48498,"date":"2024-07-04T04:57:57","date_gmt":"2024-07-04T04:57:57","guid":{"rendered":"https:\/\/kibrisdakik.com\/index.php\/2024\/07\/04\/cumhurbaskani-erdogan-astanada-putin-ile-gorustu\/"},"modified":"2024-07-04T04:57:57","modified_gmt":"2024-07-04T04:57:57","slug":"cumhurbaskani-erdogan-astanada-putin-ile-gorustu","status":"publish","type":"post","link":"https:\/\/kibrisdakik.com\/?p=48498","title":{"rendered":"Cumhurba\u015fkan\u0131 Erdo\u011fan, Astana&#039;da Putin ile g\u00f6r\u00fc\u015ft\u00fc"},"content":{"rendered":"<p><img decoding=\"async\" src=\"https:\/\/www.kibristurk.com\/images\/haberler\/2024\/07\/cumhurbaskani-erdogan-astanada-putin-ile-gorustu-1720009319.webp\" \/><\/p>\n<p>Cumhurba\u015fkan\u0131 Erdo\u011fan, Rusya Devlet Ba\u015fkan\u0131 Putin ile g\u00f6r\u00fc\u015fmesinin bas\u0131na a\u00e7\u0131k k\u0131sm\u0131nda yapt\u0131\u011f\u0131 konu\u015fmas\u0131nda \u015funlar\u0131 kaydetti;<\/p>\n<p>De\u011ferli dostum ile uzunca bir s\u00fcredir g\u00f6r\u00fc\u015femedik. Telefon diplomasisi ile g\u00f6r\u00fc\u015fmelerimiz oldu. Ama arkada\u015flar\u0131m\u0131z s\u00fcrekli birbirleri ile irtibat halindeler. Bakanlar\u0131m\u0131z irtibatlar\u0131n\u0131 s\u00fcrekli s\u00fcrd\u00fcrd\u00fcler. N\u00fckleer enerji santralleriyle ilgili ciddi ad\u0131mlar ataca\u011f\u0131z. Sinop N\u00fckleer Enerji Santrali ile ilgili g\u00f6r\u00fc\u015fmelerimiz var. Bu konuda ciddi ad\u0131mlar atabilece\u011fimize inan\u0131yoruz. Bu konu ile ilgili olarak Enerji ve Tabii Kaynaklar Bakan\u0131m\u0131z muhatab\u0131 ile g\u00f6r\u00fc\u015fmelerini s\u00fcrd\u00fcr\u00fcyor.<\/p>\n<h2>&#8220;100 milyar dolara ula\u015fabilece\u011fimize inan\u0131yorum&#8221;<\/h2>\n<p>Bu arada \u00f6zellikle BOTA\u015e ve GAZPROM aras\u0131ndaki ili\u015fkiler samimi bir havada devam ediyor. (T\u00fcrkiye-Rusya ticaret hacmi)&nbsp;55 milyar dolarl\u0131k bu hacim bizim i\u00e7in \u00e7ok \u00e7ok \u00f6nemli de\u011fil. Bizim hedefimiz 100 milyar dolar\u0131 yakalamakt\u0131. Bu 100 milyar dolara ula\u015fabilece\u011fimize inan\u0131yorum. B\u00f6yle bir potansiyele sahibiz.<\/p>\n<p>Turist noktas\u0131nda ise 7 milyon yakla\u015f\u0131k turistin \u00fclkemize gelmesi bizler i\u00e7in \u00e7ok \u00e7ok \u00f6nemliydi. Rus turistlerin T\u00fcrkiye&#8217;de a\u011f\u0131rlanmas\u0131 \u00f6nem arz ediyor. Bu konudaki samimiyetimiz ayn\u0131 kararl\u0131l\u0131kla devam ediyor. Ayn\u0131 \u015fekilde devam ettirece\u011fiz. Yeter ki, Rus turistler T\u00fcrkiye&#8217;den memnun kals\u0131nlar.<\/p>\n<h2>Putin&#8217;e T\u00fcrkiye daveti<\/h2>\n<p>Cumhurba\u015fkan\u0131 Erdo\u011fan, &#8220;Rusya-T\u00fcrkiye aras\u0131ndaki bu s\u0131cak ili\u015fkinin \u00f6tesinde sizleri de en k\u0131sa zamanda \u00fclkemde a\u011f\u0131rlamak istiyorum.&#8221; diyerek Rusya Devlet Ba\u015fkan\u0131 Putin&#8217;i T\u00fcrkiye&#8217;ye davet etti.&nbsp;Putin de T\u00fcrkiye&#8217;ye muhakkak gelece\u011fini s\u00f6yledi.<\/p>\n","protected":false},"excerpt":{"rendered":"<p>Cumhurba\u015fkan\u0131 Erdo\u011fan, Rusya Devlet Ba\u015fkan\u0131 Putin ile g\u00f6r\u00fc\u015fmesinin bas\u0131na a\u00e7\u0131k k\u0131sm\u0131nda yapt\u0131\u011f\u0131 konu\u015fmas\u0131nda \u015funlar\u0131 kaydetti; De\u011ferli dostum ile uzunca bir s\u00fcredir g\u00f6r\u00fc\u015femedik. Telefon diplomasisi ile g\u00f6r\u00fc\u015fmelerimiz oldu. Ama arkada\u015flar\u0131m\u0131z s\u00fcrekli birbirleri ile irtibat halindeler. Bakanlar\u0131m\u0131z irtibatlar\u0131n\u0131 s\u00fcrekli s\u00fcrd\u00fcrd\u00fcler. N\u00fckleer enerji santralleriyle ilgili ciddi ad\u0131mlar ataca\u011f\u0131z. Sinop N\u00fckleer Enerji Santrali ile ilgili g\u00f6r\u00fc\u015fmelerimiz var. Bu konuda<\/p>\n","protected":false},"author":1,"featured_media":48499,"comment_status":"open","ping_status":"open","sticky":false,"template":"","format":"standard","meta":{"footnotes":""},"categories":[79],"tags":[],"class_list":["post-48498","post","type-post","status-publish","format-standard","has-post-thumbnail","hentry","category-ekonomi"],"yoast_head":"<!-- This site is optimized with the Yoast SEO plugin v27.4 - https:\/\/yoast.com\/product\/yoast-seo-wordpress\/ -->\n<title>Cumhurba\u015fkan\u0131 Erdo\u011fan, Astana&#039;da Putin ile g\u00f6r\u00fc\u015ft\u00fc -<\/title>\n<meta name=\"robots\" content=\"index, follow, max-snippet:-1, max-image-preview:large, max-video-preview:-1\" \/>\n<link rel=\"canonical\" href=\"https:\/\/kibrisdakik.com\/?p=48498\" \/>\n<meta property=\"og:locale\" content=\"tr_TR\" \/>\n<meta property=\"og:type\" content=\"article\" \/>\n<meta property=\"og:title\" content=\"Cumhurba\u015fkan\u0131 Erdo\u011fan, Astana&#039;da Putin ile g\u00f6r\u00fc\u015ft\u00fc -\" \/>\n<meta property=\"og:description\" content=\"Cumhurba\u015fkan\u0131 Erdo\u011fan, Rusya Devlet Ba\u015fkan\u0131 Putin ile g\u00f6r\u00fc\u015fmesinin bas\u0131na a\u00e7\u0131k k\u0131sm\u0131nda yapt\u0131\u011f\u0131 konu\u015fmas\u0131nda \u015funlar\u0131 kaydetti; De\u011ferli dostum ile uzunca bir s\u00fcredir g\u00f6r\u00fc\u015femedik. Telefon diplomasisi ile g\u00f6r\u00fc\u015fmelerimiz oldu. Ama arkada\u015flar\u0131m\u0131z s\u00fcrekli birbirleri ile irtibat halindeler. Bakanlar\u0131m\u0131z irtibatlar\u0131n\u0131 s\u00fcrekli s\u00fcrd\u00fcrd\u00fcler. N\u00fckleer enerji santralleriyle ilgili ciddi ad\u0131mlar ataca\u011f\u0131z. Sinop N\u00fckleer Enerji Santrali ile ilgili g\u00f6r\u00fc\u015fmelerimiz var. Bu konuda\" \/>\n<meta property=\"og:url\" content=\"https:\/\/kibrisdakik.com\/?p=48498\" \/>\n<meta property=\"article:published_time\" content=\"2024-07-04T04:57:57+00:00\" \/>\n<meta property=\"og:image\" content=\"https:\/\/kibrisdakik.com\/wp-content\/uploads\/2024\/07\/cumhurbaskani-erdogan-astanada-putin-ile-gorustu-1720009319.webp.webp\" \/>\n\t<meta property=\"og:image:width\" content=\"710\" \/>\n\t<meta property=\"og:image:height\" content=\"370\" \/>\n\t<meta property=\"og:image:type\" content=\"image\/webp\" \/>\n<meta name=\"author\" content=\"admin\" \/>\n<meta name=\"twitter:card\" content=\"summary_large_image\" \/>\n<meta name=\"twitter:label1\" content=\"Yazan:\" \/>\n\t<meta name=\"twitter:data1\" content=\"admin\" \/>\n\t<meta name=\"twitter:label2\" content=\"Tahmini okuma s\u00fcresi\" \/>\n\t<meta name=\"twitter:data2\" content=\"1 dakika\" \/>\n<script type=\"application\/ld+json\" class=\"yoast-schema-graph\">{\"@context\":\"https:\\\/\\\/schema.org\",\"@graph\":[{\"@type\":\"Article\",\"@id\":\"https:\\\/\\\/kibrisdakik.com\\\/?p=48498#article\",\"isPartOf\":{\"@id\":\"https:\\\/\\\/kibrisdakik.com\\\/?p=48498\"},\"author\":{\"name\":\"admin\",\"@id\":\"https:\\\/\\\/kibrisdakik.com\\\/#\\\/schema\\\/person\\\/9cd9d437bbb44f72b73ba127e06d8e79\"},\"headline\":\"Cumhurba\u015fkan\u0131 Erdo\u011fan, Astana&#039;da Putin ile g\u00f6r\u00fc\u015ft\u00fc\",\"datePublished\":\"2024-07-04T04:57:57+00:00\",\"mainEntityOfPage\":{\"@id\":\"https:\\\/\\\/kibrisdakik.com\\\/?p=48498\"},\"wordCount\":282,\"commentCount\":0,\"image\":{\"@id\":\"https:\\\/\\\/kibrisdakik.com\\\/?p=48498#primaryimage\"},\"thumbnailUrl\":\"https:\\\/\\\/kibrisdakik.com\\\/wp-content\\\/uploads\\\/2024\\\/07\\\/cumhurbaskani-erdogan-astanada-putin-ile-gorustu-1720009319.webp.webp\",\"articleSection\":[\"Ekonomi\"],\"inLanguage\":\"tr\",\"potentialAction\":[{\"@type\":\"CommentAction\",\"name\":\"Comment\",\"target\":[\"https:\\\/\\\/kibrisdakik.com\\\/?p=48498#respond\"]}]},{\"@type\":\"WebPage\",\"@id\":\"https:\\\/\\\/kibrisdakik.com\\\/?p=48498\",\"url\":\"https:\\\/\\\/kibrisdakik.com\\\/?p=48498\",\"name\":\"Cumhurba\u015fkan\u0131 Erdo\u011fan, Astana&#039;da Putin ile g\u00f6r\u00fc\u015ft\u00fc -\",\"isPartOf\":{\"@id\":\"https:\\\/\\\/kibrisdakik.com\\\/#website\"},\"primaryImageOfPage\":{\"@id\":\"https:\\\/\\\/kibrisdakik.com\\\/?p=48498#primaryimage\"},\"image\":{\"@id\":\"https:\\\/\\\/kibrisdakik.com\\\/?p=48498#primaryimage\"},\"thumbnailUrl\":\"https:\\\/\\\/kibrisdakik.com\\\/wp-content\\\/uploads\\\/2024\\\/07\\\/cumhurbaskani-erdogan-astanada-putin-ile-gorustu-1720009319.webp.webp\",\"datePublished\":\"2024-07-04T04:57:57+00:00\",\"author\":{\"@id\":\"https:\\\/\\\/kibrisdakik.com\\\/#\\\/schema\\\/person\\\/9cd9d437bbb44f72b73ba127e06d8e79\"},\"breadcrumb\":{\"@id\":\"https:\\\/\\\/kibrisdakik.com\\\/?p=48498#breadcrumb\"},\"inLanguage\":\"tr\",\"potentialAction\":[{\"@type\":\"ReadAction\",\"target\":[\"https:\\\/\\\/kibrisdakik.com\\\/?p=48498\"]}]},{\"@type\":\"ImageObject\",\"inLanguage\":\"tr\",\"@id\":\"https:\\\/\\\/kibrisdakik.com\\\/?p=48498#primaryimage\",\"url\":\"https:\\\/\\\/kibrisdakik.com\\\/wp-content\\\/uploads\\\/2024\\\/07\\\/cumhurbaskani-erdogan-astanada-putin-ile-gorustu-1720009319.webp.webp\",\"contentUrl\":\"https:\\\/\\\/kibrisdakik.com\\\/wp-content\\\/uploads\\\/2024\\\/07\\\/cumhurbaskani-erdogan-astanada-putin-ile-gorustu-1720009319.webp.webp\",\"width\":710,\"height\":370},{\"@type\":\"BreadcrumbList\",\"@id\":\"https:\\\/\\\/kibrisdakik.com\\\/?p=48498#breadcrumb\",\"itemListElement\":[{\"@type\":\"ListItem\",\"position\":1,\"name\":\"Home\",\"item\":\"https:\\\/\\\/kibrisdakik.com\\\/\"},{\"@type\":\"ListItem\",\"position\":2,\"name\":\"Cumhurba\u015fkan\u0131 Erdo\u011fan, Astana&#039;da Putin ile g\u00f6r\u00fc\u015ft\u00fc\"}]},{\"@type\":\"WebSite\",\"@id\":\"https:\\\/\\\/kibrisdakik.com\\\/#website\",\"url\":\"https:\\\/\\\/kibrisdakik.com\\\/\",\"name\":\"\",\"description\":\"Tam vaktinde haber\",\"potentialAction\":[{\"@type\":\"SearchAction\",\"target\":{\"@type\":\"EntryPoint\",\"urlTemplate\":\"https:\\\/\\\/kibrisdakik.com\\\/?s={search_term_string}\"},\"query-input\":{\"@type\":\"PropertyValueSpecification\",\"valueRequired\":true,\"valueName\":\"search_term_string\"}}],\"inLanguage\":\"tr\"},{\"@type\":\"Person\",\"@id\":\"https:\\\/\\\/kibrisdakik.com\\\/#\\\/schema\\\/person\\\/9cd9d437bbb44f72b73ba127e06d8e79\",\"name\":\"admin\",\"image\":{\"@type\":\"ImageObject\",\"inLanguage\":\"tr\",\"@id\":\"https:\\\/\\\/secure.gravatar.com\\\/avatar\\\/ccc17943b9d660506c869530f897617f7cb1c21a4bf30023f252596d83e1f007?s=96&d=mm&r=g\",\"url\":\"https:\\\/\\\/secure.gravatar.com\\\/avatar\\\/ccc17943b9d660506c869530f897617f7cb1c21a4bf30023f252596d83e1f007?s=96&d=mm&r=g\",\"contentUrl\":\"https:\\\/\\\/secure.gravatar.com\\\/avatar\\\/ccc17943b9d660506c869530f897617f7cb1c21a4bf30023f252596d83e1f007?s=96&d=mm&r=g\",\"caption\":\"admin\"},\"sameAs\":[\"https:\\\/\\\/kibrisdakik.com\"],\"url\":\"https:\\\/\\\/kibrisdakik.com\\\/?author=1\"}]}<\/script>\n<!-- \/ Yoast SEO plugin. -->","yoast_head_json":{"title":"Cumhurba\u015fkan\u0131 Erdo\u011fan, Astana&#039;da Putin ile g\u00f6r\u00fc\u015ft\u00fc -","robots":{"index":"index","follow":"follow","max-snippet":"max-snippet:-1","max-image-preview":"max-image-preview:large","max-video-preview":"max-video-preview:-1"},"canonical":"https:\/\/kibrisdakik.com\/?p=48498","og_locale":"tr_TR","og_type":"article","og_title":"Cumhurba\u015fkan\u0131 Erdo\u011fan, Astana&#039;da Putin ile g\u00f6r\u00fc\u015ft\u00fc -","og_description":"Cumhurba\u015fkan\u0131 Erdo\u011fan, Rusya Devlet Ba\u015fkan\u0131 Putin ile g\u00f6r\u00fc\u015fmesinin bas\u0131na a\u00e7\u0131k k\u0131sm\u0131nda yapt\u0131\u011f\u0131 konu\u015fmas\u0131nda \u015funlar\u0131 kaydetti; De\u011ferli dostum ile uzunca bir s\u00fcredir g\u00f6r\u00fc\u015femedik. Telefon diplomasisi ile g\u00f6r\u00fc\u015fmelerimiz oldu. Ama arkada\u015flar\u0131m\u0131z s\u00fcrekli birbirleri ile irtibat halindeler. Bakanlar\u0131m\u0131z irtibatlar\u0131n\u0131 s\u00fcrekli s\u00fcrd\u00fcrd\u00fcler. N\u00fckleer enerji santralleriyle ilgili ciddi ad\u0131mlar ataca\u011f\u0131z. Sinop N\u00fckleer Enerji Santrali ile ilgili g\u00f6r\u00fc\u015fmelerimiz var. Bu konuda","og_url":"https:\/\/kibrisdakik.com\/?p=48498","article_published_time":"2024-07-04T04:57:57+00:00","og_image":[{"width":710,"height":370,"url":"https:\/\/kibrisdakik.com\/wp-content\/uploads\/2024\/07\/cumhurbaskani-erdogan-astanada-putin-ile-gorustu-1720009319.webp.webp","type":"image\/webp"}],"author":"admin","twitter_card":"summary_large_image","twitter_misc":{"Yazan:":"admin","Tahmini okuma s\u00fcresi":"1 dakika"},"schema":{"@context":"https:\/\/schema.org","@graph":[{"@type":"Article","@id":"https:\/\/kibrisdakik.com\/?p=48498#article","isPartOf":{"@id":"https:\/\/kibrisdakik.com\/?p=48498"},"author":{"name":"admin","@id":"https:\/\/kibrisdakik.com\/#\/schema\/person\/9cd9d437bbb44f72b73ba127e06d8e79"},"headline":"Cumhurba\u015fkan\u0131 Erdo\u011fan, Astana&#039;da Putin ile g\u00f6r\u00fc\u015ft\u00fc","datePublished":"2024-07-04T04:57:57+00:00","mainEntityOfPage":{"@id":"https:\/\/kibrisdakik.com\/?p=48498"},"wordCount":282,"commentCount":0,"image":{"@id":"https:\/\/kibrisdakik.com\/?p=48498#primaryimage"},"thumbnailUrl":"https:\/\/kibrisdakik.com\/wp-content\/uploads\/2024\/07\/cumhurbaskani-erdogan-astanada-putin-ile-gorustu-1720009319.webp.webp","articleSection":["Ekonomi"],"inLanguage":"tr","potentialAction":[{"@type":"CommentAction","name":"Comment","target":["https:\/\/kibrisdakik.com\/?p=48498#respond"]}]},{"@type":"WebPage","@id":"https:\/\/kibrisdakik.com\/?p=48498","url":"https:\/\/kibrisdakik.com\/?p=48498","name":"Cumhurba\u015fkan\u0131 Erdo\u011fan, Astana&#039;da Putin ile g\u00f6r\u00fc\u015ft\u00fc -","isPartOf":{"@id":"https:\/\/kibrisdakik.com\/#website"},"primaryImageOfPage":{"@id":"https:\/\/kibrisdakik.com\/?p=48498#primaryimage"},"image":{"@id":"https:\/\/kibrisdakik.com\/?p=48498#primaryimage"},"thumbnailUrl":"https:\/\/kibrisdakik.com\/wp-content\/uploads\/2024\/07\/cumhurbaskani-erdogan-astanada-putin-ile-gorustu-1720009319.webp.webp","datePublished":"2024-07-04T04:57:57+00:00","author":{"@id":"https:\/\/kibrisdakik.com\/#\/schema\/person\/9cd9d437bbb44f72b73ba127e06d8e79"},"breadcrumb":{"@id":"https:\/\/kibrisdakik.com\/?p=48498#breadcrumb"},"inLanguage":"tr","potentialAction":[{"@type":"ReadAction","target":["https:\/\/kibrisdakik.com\/?p=48498"]}]},{"@type":"ImageObject","inLanguage":"tr","@id":"https:\/\/kibrisdakik.com\/?p=48498#primaryimage","url":"https:\/\/kibrisdakik.com\/wp-content\/uploads\/2024\/07\/cumhurbaskani-erdogan-astanada-putin-ile-gorustu-1720009319.webp.webp","contentUrl":"https:\/\/kibrisdakik.com\/wp-content\/uploads\/2024\/07\/cumhurbaskani-erdogan-astanada-putin-ile-gorustu-1720009319.webp.webp","width":710,"height":370},{"@type":"BreadcrumbList","@id":"https:\/\/kibrisdakik.com\/?p=48498#breadcrumb","itemListElement":[{"@type":"ListItem","position":1,"name":"Home","item":"https:\/\/kibrisdakik.com\/"},{"@type":"ListItem","position":2,"name":"Cumhurba\u015fkan\u0131 Erdo\u011fan, Astana&#039;da Putin ile g\u00f6r\u00fc\u015ft\u00fc"}]},{"@type":"WebSite","@id":"https:\/\/kibrisdakik.com\/#website","url":"https:\/\/kibrisdakik.com\/","name":"","description":"Tam vaktinde haber","potentialAction":[{"@type":"SearchAction","target":{"@type":"EntryPoint","urlTemplate":"https:\/\/kibrisdakik.com\/?s={search_term_string}"},"query-input":{"@type":"PropertyValueSpecification","valueRequired":true,"valueName":"search_term_string"}}],"inLanguage":"tr"},{"@type":"Person","@id":"https:\/\/kibrisdakik.com\/#\/schema\/person\/9cd9d437bbb44f72b73ba127e06d8e79","name":"admin","image":{"@type":"ImageObject","inLanguage":"tr","@id":"https:\/\/secure.gravatar.com\/avatar\/ccc17943b9d660506c869530f897617f7cb1c21a4bf30023f252596d83e1f007?s=96&d=mm&r=g","url":"https:\/\/secure.gravatar.com\/avatar\/ccc17943b9d660506c869530f897617f7cb1c21a4bf30023f252596d83e1f007?s=96&d=mm&r=g","contentUrl":"https:\/\/secure.gravatar.com\/avatar\/ccc17943b9d660506c869530f897617f7cb1c21a4bf30023f252596d83e1f007?s=96&d=mm&r=g","caption":"admin"},"sameAs":["https:\/\/kibrisdakik.com"],"url":"https:\/\/kibrisdakik.com\/?author=1"}]}},"_links":{"self":[{"href":"https:\/\/kibrisdakik.com\/index.php?rest_route=\/wp\/v2\/posts\/48498","targetHints":{"allow":["GET"]}}],"collection":[{"href":"https:\/\/kibrisdakik.com\/index.php?rest_route=\/wp\/v2\/posts"}],"about":[{"href":"https:\/\/kibrisdakik.com\/index.php?rest_route=\/wp\/v2\/types\/post"}],"author":[{"embeddable":true,"href":"https:\/\/kibrisdakik.com\/index.php?rest_route=\/wp\/v2\/users\/1"}],"replies":[{"embeddable":true,"href":"https:\/\/kibrisdakik.com\/index.php?rest_route=%2Fwp%2Fv2%2Fcomments&post=48498"}],"version-history":[{"count":0,"href":"https:\/\/kibrisdakik.com\/index.php?rest_route=\/wp\/v2\/posts\/48498\/revisions"}],"wp:featuredmedia":[{"embeddable":true,"href":"https:\/\/kibrisdakik.com\/index.php?rest_route=\/wp\/v2\/media\/48499"}],"wp:attachment":[{"href":"https:\/\/kibrisdakik.com\/index.php?rest_route=%2Fwp%2Fv2%2Fmedia&parent=48498"}],"wp:term":[{"taxonomy":"category","embeddable":true,"href":"https:\/\/kibrisdakik.com\/index.php?rest_route=%2Fwp%2Fv2%2Fcategories&post=48498"},{"taxonomy":"post_tag","embeddable":true,"href":"https:\/\/kibrisdakik.com\/index.php?rest_route=%2Fwp%2Fv2%2Ftags&post=48498"}],"curies":[{"name":"wp","href":"https:\/\/api.w.org\/{rel}","templated":true}]}}