{"id":48547,"date":"2024-07-04T12:06:12","date_gmt":"2024-07-04T12:06:12","guid":{"rendered":"https:\/\/kibrisdakik.com\/index.php\/2024\/07\/04\/ingiltere-genel-secimlerinde-oy-kullanma-islemi-basladi\/"},"modified":"2024-07-04T12:06:12","modified_gmt":"2024-07-04T12:06:12","slug":"ingiltere-genel-secimlerinde-oy-kullanma-islemi-basladi","status":"publish","type":"post","link":"https:\/\/kibrisdakik.com\/?p=48547","title":{"rendered":"\u0130ngiltere genel se\u00e7imlerinde oy kullanma i\u015flemi ba\u015flad\u0131"},"content":{"rendered":"<p><img decoding=\"async\" src=\"https:\/\/www.kibristurk.com\/images\/haberler\/2024\/07\/ingiltere-genel-secimlerinde-oy-kullanma-islemi-basladi-1720093419.webp\" \/><\/p>\n<p>Yakla\u015f\u0131k 50 milyon se\u00e7menin bulundu\u011fu \u00fclkede halk, Parlamentonun se\u00e7imle ba\u015fa gelen kanad\u0131 olan Avam Kamaras\u0131 \u00fcyelerini belirlemek i\u00e7in yerel saatle 07.00&#8217;de (TS\u0130 09.00) a\u00e7\u0131lan sand\u0131klarda oy kullanmaya ba\u015flad\u0131.<\/p>\n<p>&nbsp;<\/p>\n<p>Toplamda 4 bin 515 aday\u0131n 650 sandalyeli Avam Kamaras\u0131&#8217;na girmek i\u00e7in yar\u0131\u015faca\u011f\u0131 se\u00e7imde oy kullanma i\u015flemi 22.00&#8217;de (TS\u0130 00.00) sona erecek.<\/p>\n<p>&nbsp;<\/p>\n<p>Bu saatten itibaren se\u00e7im b\u00f6lgelerinden tek tek sonu\u00e7lar\u0131n gelmesi beklenirken mecliste olu\u015facak genel tablonun ise 5 Temmuz sabah saatlerinde netle\u015fece\u011fi tahmin ediliyor.<\/p>\n<p>&nbsp;<\/p>\n<p>Ara\u015ft\u0131rma firmalar\u0131n\u0131n yapt\u0131\u011f\u0131 anketlerde ana muhalefetteki \u0130\u015f\u00e7i Partisinin a\u00e7\u0131k ara farkla ipi g\u00f6\u011f\u00fcsleyece\u011fi g\u00f6r\u00fcl\u00fcrken iktidardaki Muhafazakar Partinin ise hezimet ya\u015fayaca\u011f\u0131 \u00f6ng\u00f6r\u00fcl\u00fcyor.<\/p>\n<p>&nbsp;<\/p>\n<p>Bir \u00f6nceki se\u00e7imde 365 milletvekili \u00e7\u0131karan Muhafazakar Partinin sandalye say\u0131s\u0131n\u0131n 100&#8217;lere kadar gerileyece\u011fi tahmin edilirken anketler \u0130\u015f\u00e7i Partisinin 400&#8217;\u00fcn \u00fczerinde sandalye kazanaca\u011f\u0131na i\u015faret ediyor.<\/p>\n<p>&nbsp;<\/p>\n<p>Anketler, a\u015f\u0131r\u0131 sa\u011fc\u0131 Reform UK Partisinin yan\u0131 sar\u0131 Liberal Demokrat Parti, \u0130sko\u00e7ya Ulusal Partisi ve Ye\u015filler Partisinin Avam Kamaras\u0131&#8217;nda birden fazla sandalyeyle temsil edilece\u011fini, Kuzey \u0130rlanda ve Galler&#8217;i temsil eden partilerin de parlamentoda yer alabilece\u011fini g\u00f6steriyor.<\/p>\n<p>&nbsp;<\/p>\n<p>Se\u00e7imde, Filistin yanl\u0131s\u0131 ba\u011f\u0131ms\u0131z adaylar da parlamentoya girmek i\u00e7in yar\u0131\u015f\u0131yor. Bu adaylar aras\u0131nda Nelson Mandela&#8217;n\u0131n ilk se\u00e7iminde G\u00fcney Afrika&#8217;da meclise giren Yahudi k\u00f6kenli Andrew Feinstein de bulunuyor.<\/p>\n<p>&nbsp;<\/p>\n<p>Feinstein, se\u00e7imin favorisi \u0130\u015f\u00e7i Partisinin lideri Keir Starmer&#8217;la ayn\u0131 se\u00e7im b\u00f6lgesinde yar\u0131\u015f\u0131yor. Feinstein, kazanarak Starmer&#8217;\u0131n Ba\u015fbakan olmas\u0131n\u0131 \u00f6nlemeyi ama\u00e7l\u0131yor.<\/p>\n<p>&nbsp;<\/p>\n<p>\u0130ngiltere Ba\u015fbakan\u0131 Rishi Sunak, 22 May\u0131s&#8217;ta yapt\u0131\u011f\u0131 a\u00e7\u0131klamada, bu y\u0131l\u0131n ikinci yar\u0131s\u0131nda yap\u0131lmas\u0131 planlanan erken se\u00e7imin tarihinin 4 Temmuz oldu\u011funu belirtmi\u015fti.<\/p>\n<p>&nbsp;<\/p>\n<p>Sunak, &#8220;\u015eimdi \u0130ngiltere i\u00e7in gelece\u011fini se\u00e7me zaman\u0131d\u0131r. Kaydetti\u011fimiz ilerlemenin \u00fczerine in\u015fa etmek mi yoksa plans\u0131z ve kesinlikten yoksun bir \u015fekilde ba\u015fa d\u00f6nmek mi istedi\u011fimize karar verme zaman\u0131d\u0131r. Bug\u00fcn erken saatlerde \u0130ngiltere Kral\u0131 ile g\u00f6r\u00fc\u015ferek parlamentonun feshedilmesini talep ettim. Kral, bu talebi kabul etti ve 4 Temmuz&#8217;da genel se\u00e7imlere gidece\u011fiz.&#8221; ifadelerini kullanm\u0131\u015ft\u0131.<\/p>\n","protected":false},"excerpt":{"rendered":"<p>Yakla\u015f\u0131k 50 milyon se\u00e7menin bulundu\u011fu \u00fclkede halk, Parlamentonun se\u00e7imle ba\u015fa gelen kanad\u0131 olan Avam Kamaras\u0131 \u00fcyelerini belirlemek i\u00e7in yerel saatle 07.00&#8217;de (TS\u0130 09.00) a\u00e7\u0131lan sand\u0131klarda oy kullanmaya ba\u015flad\u0131. &nbsp; Toplamda 4 bin 515 aday\u0131n 650 sandalyeli Avam Kamaras\u0131&#8217;na girmek i\u00e7in yar\u0131\u015faca\u011f\u0131 se\u00e7imde oy kullanma i\u015flemi 22.00&#8217;de (TS\u0130 00.00) sona erecek. &nbsp; Bu saatten itibaren se\u00e7im<\/p>\n","protected":false},"author":1,"featured_media":48548,"comment_status":"open","ping_status":"open","sticky":false,"template":"","format":"standard","meta":{"footnotes":""},"categories":[79],"tags":[],"class_list":["post-48547","post","type-post","status-publish","format-standard","has-post-thumbnail","hentry","category-ekonomi"],"yoast_head":"<!-- This site is optimized with the Yoast SEO plugin v27.4 - https:\/\/yoast.com\/product\/yoast-seo-wordpress\/ -->\n<title>\u0130ngiltere genel se\u00e7imlerinde oy kullanma i\u015flemi ba\u015flad\u0131 -<\/title>\n<meta name=\"robots\" content=\"index, follow, max-snippet:-1, max-image-preview:large, max-video-preview:-1\" \/>\n<link rel=\"canonical\" href=\"https:\/\/kibrisdakik.com\/?p=48547\" \/>\n<meta property=\"og:locale\" content=\"tr_TR\" \/>\n<meta property=\"og:type\" content=\"article\" \/>\n<meta property=\"og:title\" content=\"\u0130ngiltere genel se\u00e7imlerinde oy kullanma i\u015flemi ba\u015flad\u0131 -\" \/>\n<meta property=\"og:description\" content=\"Yakla\u015f\u0131k 50 milyon se\u00e7menin bulundu\u011fu \u00fclkede halk, Parlamentonun se\u00e7imle ba\u015fa gelen kanad\u0131 olan Avam Kamaras\u0131 \u00fcyelerini belirlemek i\u00e7in yerel saatle 07.00&#8217;de (TS\u0130 09.00) a\u00e7\u0131lan sand\u0131klarda oy kullanmaya ba\u015flad\u0131. &nbsp; Toplamda 4 bin 515 aday\u0131n 650 sandalyeli Avam Kamaras\u0131&#8217;na girmek i\u00e7in yar\u0131\u015faca\u011f\u0131 se\u00e7imde oy kullanma i\u015flemi 22.00&#8217;de (TS\u0130 00.00) sona erecek. &nbsp; Bu saatten itibaren se\u00e7im\" \/>\n<meta property=\"og:url\" content=\"https:\/\/kibrisdakik.com\/?p=48547\" \/>\n<meta property=\"article:published_time\" content=\"2024-07-04T12:06:12+00:00\" \/>\n<meta property=\"og:image\" content=\"https:\/\/kibrisdakik.com\/wp-content\/uploads\/2024\/07\/ingiltere-genel-secimlerinde-oy-kullanma-islemi-basladi-1720093419.webp.webp\" \/>\n\t<meta property=\"og:image:width\" content=\"710\" \/>\n\t<meta property=\"og:image:height\" content=\"370\" \/>\n\t<meta property=\"og:image:type\" content=\"image\/webp\" \/>\n<meta name=\"author\" content=\"admin\" \/>\n<meta name=\"twitter:card\" content=\"summary_large_image\" \/>\n<meta name=\"twitter:label1\" content=\"Yazan:\" \/>\n\t<meta name=\"twitter:data1\" content=\"admin\" \/>\n\t<meta name=\"twitter:label2\" content=\"Tahmini okuma s\u00fcresi\" \/>\n\t<meta name=\"twitter:data2\" content=\"2 dakika\" \/>\n<script type=\"application\/ld+json\" class=\"yoast-schema-graph\">{\"@context\":\"https:\\\/\\\/schema.org\",\"@graph\":[{\"@type\":\"Article\",\"@id\":\"https:\\\/\\\/kibrisdakik.com\\\/?p=48547#article\",\"isPartOf\":{\"@id\":\"https:\\\/\\\/kibrisdakik.com\\\/?p=48547\"},\"author\":{\"name\":\"admin\",\"@id\":\"https:\\\/\\\/kibrisdakik.com\\\/#\\\/schema\\\/person\\\/9cd9d437bbb44f72b73ba127e06d8e79\"},\"headline\":\"\u0130ngiltere genel se\u00e7imlerinde oy kullanma i\u015flemi ba\u015flad\u0131\",\"datePublished\":\"2024-07-04T12:06:12+00:00\",\"mainEntityOfPage\":{\"@id\":\"https:\\\/\\\/kibrisdakik.com\\\/?p=48547\"},\"wordCount\":380,\"commentCount\":0,\"image\":{\"@id\":\"https:\\\/\\\/kibrisdakik.com\\\/?p=48547#primaryimage\"},\"thumbnailUrl\":\"https:\\\/\\\/kibrisdakik.com\\\/wp-content\\\/uploads\\\/2024\\\/07\\\/ingiltere-genel-secimlerinde-oy-kullanma-islemi-basladi-1720093419.webp.webp\",\"articleSection\":[\"Ekonomi\"],\"inLanguage\":\"tr\",\"potentialAction\":[{\"@type\":\"CommentAction\",\"name\":\"Comment\",\"target\":[\"https:\\\/\\\/kibrisdakik.com\\\/?p=48547#respond\"]}]},{\"@type\":\"WebPage\",\"@id\":\"https:\\\/\\\/kibrisdakik.com\\\/?p=48547\",\"url\":\"https:\\\/\\\/kibrisdakik.com\\\/?p=48547\",\"name\":\"\u0130ngiltere genel se\u00e7imlerinde oy kullanma i\u015flemi ba\u015flad\u0131 -\",\"isPartOf\":{\"@id\":\"https:\\\/\\\/kibrisdakik.com\\\/#website\"},\"primaryImageOfPage\":{\"@id\":\"https:\\\/\\\/kibrisdakik.com\\\/?p=48547#primaryimage\"},\"image\":{\"@id\":\"https:\\\/\\\/kibrisdakik.com\\\/?p=48547#primaryimage\"},\"thumbnailUrl\":\"https:\\\/\\\/kibrisdakik.com\\\/wp-content\\\/uploads\\\/2024\\\/07\\\/ingiltere-genel-secimlerinde-oy-kullanma-islemi-basladi-1720093419.webp.webp\",\"datePublished\":\"2024-07-04T12:06:12+00:00\",\"author\":{\"@id\":\"https:\\\/\\\/kibrisdakik.com\\\/#\\\/schema\\\/person\\\/9cd9d437bbb44f72b73ba127e06d8e79\"},\"breadcrumb\":{\"@id\":\"https:\\\/\\\/kibrisdakik.com\\\/?p=48547#breadcrumb\"},\"inLanguage\":\"tr\",\"potentialAction\":[{\"@type\":\"ReadAction\",\"target\":[\"https:\\\/\\\/kibrisdakik.com\\\/?p=48547\"]}]},{\"@type\":\"ImageObject\",\"inLanguage\":\"tr\",\"@id\":\"https:\\\/\\\/kibrisdakik.com\\\/?p=48547#primaryimage\",\"url\":\"https:\\\/\\\/kibrisdakik.com\\\/wp-content\\\/uploads\\\/2024\\\/07\\\/ingiltere-genel-secimlerinde-oy-kullanma-islemi-basladi-1720093419.webp.webp\",\"contentUrl\":\"https:\\\/\\\/kibrisdakik.com\\\/wp-content\\\/uploads\\\/2024\\\/07\\\/ingiltere-genel-secimlerinde-oy-kullanma-islemi-basladi-1720093419.webp.webp\",\"width\":710,\"height\":370},{\"@type\":\"BreadcrumbList\",\"@id\":\"https:\\\/\\\/kibrisdakik.com\\\/?p=48547#breadcrumb\",\"itemListElement\":[{\"@type\":\"ListItem\",\"position\":1,\"name\":\"Home\",\"item\":\"https:\\\/\\\/kibrisdakik.com\\\/\"},{\"@type\":\"ListItem\",\"position\":2,\"name\":\"\u0130ngiltere genel se\u00e7imlerinde oy kullanma i\u015flemi ba\u015flad\u0131\"}]},{\"@type\":\"WebSite\",\"@id\":\"https:\\\/\\\/kibrisdakik.com\\\/#website\",\"url\":\"https:\\\/\\\/kibrisdakik.com\\\/\",\"name\":\"\",\"description\":\"Tam vaktinde haber\",\"potentialAction\":[{\"@type\":\"SearchAction\",\"target\":{\"@type\":\"EntryPoint\",\"urlTemplate\":\"https:\\\/\\\/kibrisdakik.com\\\/?s={search_term_string}\"},\"query-input\":{\"@type\":\"PropertyValueSpecification\",\"valueRequired\":true,\"valueName\":\"search_term_string\"}}],\"inLanguage\":\"tr\"},{\"@type\":\"Person\",\"@id\":\"https:\\\/\\\/kibrisdakik.com\\\/#\\\/schema\\\/person\\\/9cd9d437bbb44f72b73ba127e06d8e79\",\"name\":\"admin\",\"image\":{\"@type\":\"ImageObject\",\"inLanguage\":\"tr\",\"@id\":\"https:\\\/\\\/secure.gravatar.com\\\/avatar\\\/ccc17943b9d660506c869530f897617f7cb1c21a4bf30023f252596d83e1f007?s=96&d=mm&r=g\",\"url\":\"https:\\\/\\\/secure.gravatar.com\\\/avatar\\\/ccc17943b9d660506c869530f897617f7cb1c21a4bf30023f252596d83e1f007?s=96&d=mm&r=g\",\"contentUrl\":\"https:\\\/\\\/secure.gravatar.com\\\/avatar\\\/ccc17943b9d660506c869530f897617f7cb1c21a4bf30023f252596d83e1f007?s=96&d=mm&r=g\",\"caption\":\"admin\"},\"sameAs\":[\"https:\\\/\\\/kibrisdakik.com\"],\"url\":\"https:\\\/\\\/kibrisdakik.com\\\/?author=1\"}]}<\/script>\n<!-- \/ Yoast SEO plugin. -->","yoast_head_json":{"title":"\u0130ngiltere genel se\u00e7imlerinde oy kullanma i\u015flemi ba\u015flad\u0131 -","robots":{"index":"index","follow":"follow","max-snippet":"max-snippet:-1","max-image-preview":"max-image-preview:large","max-video-preview":"max-video-preview:-1"},"canonical":"https:\/\/kibrisdakik.com\/?p=48547","og_locale":"tr_TR","og_type":"article","og_title":"\u0130ngiltere genel se\u00e7imlerinde oy kullanma i\u015flemi ba\u015flad\u0131 -","og_description":"Yakla\u015f\u0131k 50 milyon se\u00e7menin bulundu\u011fu \u00fclkede halk, Parlamentonun se\u00e7imle ba\u015fa gelen kanad\u0131 olan Avam Kamaras\u0131 \u00fcyelerini belirlemek i\u00e7in yerel saatle 07.00&#8217;de (TS\u0130 09.00) a\u00e7\u0131lan sand\u0131klarda oy kullanmaya ba\u015flad\u0131. &nbsp; Toplamda 4 bin 515 aday\u0131n 650 sandalyeli Avam Kamaras\u0131&#8217;na girmek i\u00e7in yar\u0131\u015faca\u011f\u0131 se\u00e7imde oy kullanma i\u015flemi 22.00&#8217;de (TS\u0130 00.00) sona erecek. &nbsp; Bu saatten itibaren se\u00e7im","og_url":"https:\/\/kibrisdakik.com\/?p=48547","article_published_time":"2024-07-04T12:06:12+00:00","og_image":[{"width":710,"height":370,"url":"https:\/\/kibrisdakik.com\/wp-content\/uploads\/2024\/07\/ingiltere-genel-secimlerinde-oy-kullanma-islemi-basladi-1720093419.webp.webp","type":"image\/webp"}],"author":"admin","twitter_card":"summary_large_image","twitter_misc":{"Yazan:":"admin","Tahmini okuma s\u00fcresi":"2 dakika"},"schema":{"@context":"https:\/\/schema.org","@graph":[{"@type":"Article","@id":"https:\/\/kibrisdakik.com\/?p=48547#article","isPartOf":{"@id":"https:\/\/kibrisdakik.com\/?p=48547"},"author":{"name":"admin","@id":"https:\/\/kibrisdakik.com\/#\/schema\/person\/9cd9d437bbb44f72b73ba127e06d8e79"},"headline":"\u0130ngiltere genel se\u00e7imlerinde oy kullanma i\u015flemi ba\u015flad\u0131","datePublished":"2024-07-04T12:06:12+00:00","mainEntityOfPage":{"@id":"https:\/\/kibrisdakik.com\/?p=48547"},"wordCount":380,"commentCount":0,"image":{"@id":"https:\/\/kibrisdakik.com\/?p=48547#primaryimage"},"thumbnailUrl":"https:\/\/kibrisdakik.com\/wp-content\/uploads\/2024\/07\/ingiltere-genel-secimlerinde-oy-kullanma-islemi-basladi-1720093419.webp.webp","articleSection":["Ekonomi"],"inLanguage":"tr","potentialAction":[{"@type":"CommentAction","name":"Comment","target":["https:\/\/kibrisdakik.com\/?p=48547#respond"]}]},{"@type":"WebPage","@id":"https:\/\/kibrisdakik.com\/?p=48547","url":"https:\/\/kibrisdakik.com\/?p=48547","name":"\u0130ngiltere genel se\u00e7imlerinde oy kullanma i\u015flemi ba\u015flad\u0131 -","isPartOf":{"@id":"https:\/\/kibrisdakik.com\/#website"},"primaryImageOfPage":{"@id":"https:\/\/kibrisdakik.com\/?p=48547#primaryimage"},"image":{"@id":"https:\/\/kibrisdakik.com\/?p=48547#primaryimage"},"thumbnailUrl":"https:\/\/kibrisdakik.com\/wp-content\/uploads\/2024\/07\/ingiltere-genel-secimlerinde-oy-kullanma-islemi-basladi-1720093419.webp.webp","datePublished":"2024-07-04T12:06:12+00:00","author":{"@id":"https:\/\/kibrisdakik.com\/#\/schema\/person\/9cd9d437bbb44f72b73ba127e06d8e79"},"breadcrumb":{"@id":"https:\/\/kibrisdakik.com\/?p=48547#breadcrumb"},"inLanguage":"tr","potentialAction":[{"@type":"ReadAction","target":["https:\/\/kibrisdakik.com\/?p=48547"]}]},{"@type":"ImageObject","inLanguage":"tr","@id":"https:\/\/kibrisdakik.com\/?p=48547#primaryimage","url":"https:\/\/kibrisdakik.com\/wp-content\/uploads\/2024\/07\/ingiltere-genel-secimlerinde-oy-kullanma-islemi-basladi-1720093419.webp.webp","contentUrl":"https:\/\/kibrisdakik.com\/wp-content\/uploads\/2024\/07\/ingiltere-genel-secimlerinde-oy-kullanma-islemi-basladi-1720093419.webp.webp","width":710,"height":370},{"@type":"BreadcrumbList","@id":"https:\/\/kibrisdakik.com\/?p=48547#breadcrumb","itemListElement":[{"@type":"ListItem","position":1,"name":"Home","item":"https:\/\/kibrisdakik.com\/"},{"@type":"ListItem","position":2,"name":"\u0130ngiltere genel se\u00e7imlerinde oy kullanma i\u015flemi ba\u015flad\u0131"}]},{"@type":"WebSite","@id":"https:\/\/kibrisdakik.com\/#website","url":"https:\/\/kibrisdakik.com\/","name":"","description":"Tam vaktinde haber","potentialAction":[{"@type":"SearchAction","target":{"@type":"EntryPoint","urlTemplate":"https:\/\/kibrisdakik.com\/?s={search_term_string}"},"query-input":{"@type":"PropertyValueSpecification","valueRequired":true,"valueName":"search_term_string"}}],"inLanguage":"tr"},{"@type":"Person","@id":"https:\/\/kibrisdakik.com\/#\/schema\/person\/9cd9d437bbb44f72b73ba127e06d8e79","name":"admin","image":{"@type":"ImageObject","inLanguage":"tr","@id":"https:\/\/secure.gravatar.com\/avatar\/ccc17943b9d660506c869530f897617f7cb1c21a4bf30023f252596d83e1f007?s=96&d=mm&r=g","url":"https:\/\/secure.gravatar.com\/avatar\/ccc17943b9d660506c869530f897617f7cb1c21a4bf30023f252596d83e1f007?s=96&d=mm&r=g","contentUrl":"https:\/\/secure.gravatar.com\/avatar\/ccc17943b9d660506c869530f897617f7cb1c21a4bf30023f252596d83e1f007?s=96&d=mm&r=g","caption":"admin"},"sameAs":["https:\/\/kibrisdakik.com"],"url":"https:\/\/kibrisdakik.com\/?author=1"}]}},"_links":{"self":[{"href":"https:\/\/kibrisdakik.com\/index.php?rest_route=\/wp\/v2\/posts\/48547","targetHints":{"allow":["GET"]}}],"collection":[{"href":"https:\/\/kibrisdakik.com\/index.php?rest_route=\/wp\/v2\/posts"}],"about":[{"href":"https:\/\/kibrisdakik.com\/index.php?rest_route=\/wp\/v2\/types\/post"}],"author":[{"embeddable":true,"href":"https:\/\/kibrisdakik.com\/index.php?rest_route=\/wp\/v2\/users\/1"}],"replies":[{"embeddable":true,"href":"https:\/\/kibrisdakik.com\/index.php?rest_route=%2Fwp%2Fv2%2Fcomments&post=48547"}],"version-history":[{"count":0,"href":"https:\/\/kibrisdakik.com\/index.php?rest_route=\/wp\/v2\/posts\/48547\/revisions"}],"wp:featuredmedia":[{"embeddable":true,"href":"https:\/\/kibrisdakik.com\/index.php?rest_route=\/wp\/v2\/media\/48548"}],"wp:attachment":[{"href":"https:\/\/kibrisdakik.com\/index.php?rest_route=%2Fwp%2Fv2%2Fmedia&parent=48547"}],"wp:term":[{"taxonomy":"category","embeddable":true,"href":"https:\/\/kibrisdakik.com\/index.php?rest_route=%2Fwp%2Fv2%2Fcategories&post=48547"},{"taxonomy":"post_tag","embeddable":true,"href":"https:\/\/kibrisdakik.com\/index.php?rest_route=%2Fwp%2Fv2%2Ftags&post=48547"}],"curies":[{"name":"wp","href":"https:\/\/api.w.org\/{rel}","templated":true}]}}