{"id":48564,"date":"2024-07-04T14:08:09","date_gmt":"2024-07-04T14:08:09","guid":{"rendered":"https:\/\/kibrisdakik.com\/index.php\/2024\/07\/04\/kibris-sorunuyla-ilgili-su-anda-surdurulen-pozisyonla-sonuc-almak-mumkun-degil\/"},"modified":"2024-07-04T14:08:09","modified_gmt":"2024-07-04T14:08:09","slug":"kibris-sorunuyla-ilgili-su-anda-surdurulen-pozisyonla-sonuc-almak-mumkun-degil","status":"publish","type":"post","link":"https:\/\/kibrisdakik.com\/?p=48564","title":{"rendered":"K\u0131br\u0131s sorunuyla ilgili \u015fu anda s\u00fcrd\u00fcr\u00fclen pozisyonla sonu\u00e7 almak\u00a0m\u00fcmk\u00fcn\u00a0de\u011fil"},"content":{"rendered":"<p><img decoding=\"async\" src=\"https:\/\/www.kibristurk.com\/images\/haberler\/2024\/07\/kibris-sorunuyla-ilgili-su-anda-surdurulen-pozisyonla-sonuc-almak-mumkun-degil-1720098307.webp\" \/><\/p>\n<p style=\"text-align:left\"><span style=\"font-size:16px\"><span style=\"font-family:Merriweather,serif !important\"><span style=\"color:#000000\"><span style=\"background-color:#ffffff\"><span style=\"font-size:16px !important\"><span style=\"font-family:Merriweather,serif !important\"><span style=\"color:#000000 !important\">CTP\u2019den yap\u0131lan a\u00e7\u0131klamaya g\u00f6re, K\u0131br\u0131s Postas\u0131 Web TV\u2019de G\u00f6khan Alt\u0131ner\u2019in sorular\u0131n\u0131 yan\u0131tlayan CTP Genel Ba\u015fkan\u0131 Tufan Erh\u00fcrman, K\u0131br\u0131s sorunu ba\u015fta olmak \u00fczere g\u00fcndemdeki konulara da de\u011findi.<\/span><\/span><\/span><\/span><\/span><\/span><\/span><\/p>\n<p style=\"text-align:left\"><span style=\"font-size:16px\"><span style=\"font-family:Merriweather,serif !important\"><span style=\"color:#000000\"><span style=\"background-color:#ffffff\"><span style=\"font-size:16px !important\"><span style=\"font-family:Merriweather,serif !important\"><span style=\"color:#000000 !important\">Erh\u00fcrman, m\u00fclkiyet ve y\u00fcksek\u00f6\u011frenimde ya\u015fanan geli\u015fmelerin de K\u0131br\u0131s sorunuyla ilgili oldu\u011funu s\u00f6yledi.<\/span><\/span><\/span><\/span><\/span><\/span><\/span><\/p>\n<p style=\"text-align:left\"><span style=\"font-size:16px\"><span style=\"font-family:Merriweather,serif !important\"><span style=\"color:#000000\"><span style=\"background-color:#ffffff\"><span style=\"font-size:16px !important\"><span style=\"font-family:Merriweather,serif !important\"><span style=\"color:#000000 !important\">\u00dc\u00e7 senedir yabanc\u0131lara m\u00fclk sat\u0131\u015f\u0131 meselesini dile getirdiklerini s\u00f6yleyen Erh\u00fcrman, \u201cK\u0131br\u0131s sorunundaki pozisyonunda bug\u00fcne kadarki kabul edilmi\u015f zeminden koparsan, i\u00e7inde bulundu\u011fumuz ko\u015fullarda kendini uluslararas\u0131 hukukla entegre etme \u00e7abas\u0131na girmezsen ve uluslararas\u0131 toplumla diyalo\u011funu da kopar\u0131rsan, bu sorunlarla kar\u015f\u0131la\u015f\u0131rs\u0131n\u201d diye konu\u015ftu.<\/span><\/span><\/span><\/span><\/span><\/span><\/span><\/p>\n<p style=\"text-align:left\"><span style=\"font-size:16px\"><span style=\"font-family:Merriweather,serif !important\"><span style=\"color:#000000\"><span style=\"background-color:#ffffff\"><span style=\"font-size:16px !important\"><span style=\"font-family:Merriweather,serif !important\"><span style=\"color:#000000 !important\">Cumhurba\u015fkan\u0131 Ersin Tatar\u2019\u0131 ele\u015ftiren Erh\u00fcrman, &#8220;Hakl\u0131l\u0131\u011f\u0131n\u0131 anlatmak i\u00e7in bile diyalo\u011fa ihtiyac\u0131n var. Zaten K\u0131br\u0131s sorununun \u00e7\u00f6z\u00fcm\u00fcn\u00fc hi\u00e7bir \u015fekilde getirmeyecek taleplerle oradas\u0131n, diyalog da kurmuyorsun. Bu durum nereye kadar gidecekti?\u201d diye sordu.<\/span><\/span><\/span><\/span><\/span><\/span><\/span><\/p>\n<p style=\"text-align:left\"><span style=\"font-size:16px\"><span style=\"font-family:Merriweather,serif !important\"><span style=\"color:#000000\"><span style=\"background-color:#ffffff\"><span style=\"font-size:16px !important\"><span style=\"font-family:Merriweather,serif !important\"><span style=\"color:#000000 !important\">\u201cKendi me\u015fruiyetini anlatmak i\u00e7in zemin b\u0131rakmad\u0131n\u201d diyen Erh\u00fcrman, K\u0131br\u0131s Rum taraf\u0131n\u0131 y\u00f6netenlerin, ge\u00e7mi\u015fte oldu\u011fu gibi t\u00fcm enstr\u00fcmanlar\u0131 kulland\u0131\u011f\u0131n\u0131 ifade etti.<\/span><\/span><\/span><\/span><\/span><\/span><\/span><\/p>\n<p style=\"text-align:left\"><span style=\"font-size:16px\"><span style=\"font-family:Merriweather,serif !important\"><span style=\"color:#000000\"><span style=\"background-color:#ffffff\"><span style=\"font-size:16px !important\"><span style=\"font-family:Merriweather,serif !important\"><span style=\"color:#000000 !important\">\u201cK\u0131br\u0131s sorunuyla ilgili \u015fu anda s\u00fcrd\u00fcr\u00fclen pozisyonla herhangi bir sonu\u00e7 almak m\u00fcmk\u00fcn de\u011fil\u201d diye konu\u015fan Erh\u00fcrman, K\u0131br\u0131s sorununda BMGK kararlar\u0131n\u0131n net oldu\u011funu s\u00f6yledi.<\/span><\/span><\/span><\/span><\/span><\/span><\/span><\/p>\n<p style=\"text-align:left\"><span style=\"font-size:16px\"><span style=\"font-family:Merriweather,serif !important\"><span style=\"color:#000000\"><span style=\"background-color:#ffffff\"><span style=\"font-size:16px !important\"><span style=\"font-family:Merriweather,serif !important\"><span style=\"color:#000000 !important\">Erh\u00fcrman, \u201c\u0130ki devletlili\u011fi isteyebilirsin ama \u00e7\u00f6z\u00fcm gelmez. Sen iki devletlilik diyerek bug\u00fcnk\u00fc durumu tan\u0131ml\u0131yorsun, bug\u00fcnk\u00fc durum devam etsin diyorsun\u201d dedi.<\/span><\/span><\/span><\/span><\/span><\/span><\/span><\/p>\n<p style=\"text-align:left\"><span style=\"font-size:16px\"><span style=\"font-family:Merriweather,serif !important\"><span style=\"color:#000000\"><span style=\"background-color:#ffffff\"><span style=\"font-size:16px !important\"><span style=\"font-family:Merriweather,serif !important\"><span style=\"color:#000000 !important\">Egemen e\u015fitli\u011finin ve e\u015fit uluslararas\u0131 stat\u00fcn\u00fcn ne oldu\u011funun tan\u0131mlanamad\u0131\u011f\u0131n\u0131 savunan Erh\u00fcrman, tutarl\u0131 c\u00fcmleler kurulmad\u0131\u011f\u0131n\u0131 iddia etti.<\/span><\/span><\/span><\/span><\/span><\/span><\/span><\/p>\n<p style=\"text-align:left\"><span style=\"font-size:16px\"><span style=\"font-family:Merriweather,serif !important\"><span style=\"color:#000000\"><span style=\"background-color:#ffffff\"><span style=\"font-size:16px !important\"><span style=\"font-family:Merriweather,serif !important\"><span style=\"color:#000000 !important\">BM \u015femsiyesi alt\u0131ndaki g\u00f6r\u00fc\u015fmelerde iki toplum liderinin e\u015fit \u015fekilde masaya oturdu\u011funu s\u00f6yleyen Erh\u00fcrman, \u201cToplum liderleri olarak e\u015fit s\u0131fatlarla masaya oturuluyor\u201d dedi.<\/span><\/span><\/span><\/span><\/span><\/span><\/span><\/p>\n<p style=\"text-align:left\">&nbsp;<\/p>\n<p style=\"text-align:left\">&nbsp;<\/p>\n<p style=\"text-align:left\"><span style=\"font-size:16px\"><span style=\"font-family:Merriweather,serif !important\"><span style=\"color:#000000\"><span style=\"background-color:#ffffff\"><span style=\"font-size:16px !important\"><span style=\"font-family:Merriweather,serif !important\"><span style=\"color:#000000 !important\">-\u201cN\u00fcfus politikas\u0131na ihtiya\u00e7 var\u201d<\/span><\/span><\/span><\/span><\/span><\/span><\/span><\/p>\n<p style=\"text-align:left\"><span style=\"font-size:16px\"><span style=\"font-family:Merriweather,serif !important\"><span style=\"color:#000000\"><span style=\"background-color:#ffffff\"><span style=\"font-size:16px !important\"><span style=\"font-family:Merriweather,serif !important\"><span style=\"color:#000000 !important\">N\u00fcfus konusuna da de\u011finen Erh\u00fcrman, \u201cGer\u00e7ekleri g\u00f6rmemeye devam ediyorlar. Bu kadar \u00e7ok yabanc\u0131 insan\u0131n buraya yerle\u015fmesi, bizim kald\u0131rabilme kapasitemizin \u00fczerindedir\u201d diye konu\u015ftu.<\/span><\/span><\/span><\/span><\/span><\/span><\/span><\/p>\n<p style=\"text-align:left\"><span style=\"font-size:16px\"><span style=\"font-family:Merriweather,serif !important\"><span style=\"color:#000000\"><span style=\"background-color:#ffffff\"><span style=\"font-size:16px !important\"><span style=\"font-family:Merriweather,serif !important\"><span style=\"color:#000000 !important\">N\u00fcfus planlamas\u0131n\u0131n \u00f6nemine i\u015faret eden Erh\u00fcrman, K\u0131br\u0131s sorununun \u00e7\u00f6z\u00fcms\u00fczl\u00fc\u011f\u00fcn\u00fcn, iki taraf\u0131 da etkiledi\u011fini s\u00f6yledi.<\/span><\/span><\/span><\/span><\/span><\/span><\/span><\/p>\n<p style=\"text-align:left\"><span style=\"font-size:16px\"><span style=\"font-family:Merriweather,serif !important\"><span style=\"color:#000000\"><span style=\"background-color:#ffffff\"><span style=\"font-size:16px !important\"><span style=\"font-family:Merriweather,serif !important\"><span style=\"color:#000000 !important\">Erh\u00fcrman, \u201cArt\u0131k korkun\u00e7 b\u00fct\u00fcn\u00fc konu\u015fma zaman\u0131d\u0131r. Bizi \u00f6yle bir noktaya getirdiler ki baz\u0131 \u015feyler geri d\u00f6nd\u00fcr\u00fclemez hale geldi\u201d dedi.<\/span><\/span><\/span><\/span><\/span><\/span><\/span><\/p>\n<p style=\"text-align:left\"><span style=\"font-size:16px\"><span style=\"font-family:Merriweather,serif !important\"><span style=\"color:#000000\"><span style=\"background-color:#ffffff\"><span style=\"font-size:16px !important\"><span style=\"font-family:Merriweather,serif !important\"><span style=\"color:#000000 !important\">&nbsp;\u201cN\u00fcfus politikas\u0131na ihtiyac\u0131m\u0131z var. Sosyal ve ekonomik kalk\u0131nma plan\u0131na ihtiyac\u0131m\u0131z var\u201d diyen Erh\u00fcrman, h\u00fck\u00fcmeti ele\u015ftirdi.<\/span><\/span><\/span><\/span><\/span><\/span><\/span><\/p>\n<p style=\"text-align:left\"><span style=\"font-size:16px\"><span style=\"font-family:Merriweather,serif !important\"><span style=\"color:#000000\"><span style=\"background-color:#ffffff\"><span style=\"font-size:16px !important\"><span style=\"font-family:Merriweather,serif !important\"><span style=\"color:#000000 !important\">Ge\u00e7ti\u011fimiz hafta yapt\u0131klar\u0131 Ankara ziyaretlerini de\u011ferlendiren Erh\u00fcrman, \u201cOrada bir ve iki numaral\u0131 partilerin yetkilileriyle g\u00f6r\u00fc\u015fme, meseleleri onlara aktarma f\u0131rsat\u0131 yakalad\u0131k. G\u00f6r\u00fc\u015fmelerimizde d\u00f6rt ba\u015fl\u0131k vard\u0131. K\u0131br\u0131s sorunu, T\u00fcrkiye\u2019ye giremeyen yurtta\u015flar, Hizbullah meselesi, m\u00fclkiyet meselesi. Burada ne s\u00f6yl\u00fcyorsam orada da onlar\u0131 s\u00f6yledim. Prensibimiz, sadece kendi i\u00e7imizi ilgilendiren konular\u0131 konu\u015fmamakt\u0131r. Bu d\u00f6rt ba\u015fl\u0131k, T\u00fcrkiye Cumhuriyeti\u2019nin \u00f6zel konumu gere\u011fi, T\u00fcrkiye ile de ilintili\u201d ifadelerini kulland\u0131.<\/span><\/span><\/span><\/span><\/span><\/span><\/span><\/p>\n","protected":false},"excerpt":{"rendered":"<p>CTP\u2019den yap\u0131lan a\u00e7\u0131klamaya g\u00f6re, K\u0131br\u0131s Postas\u0131 Web TV\u2019de G\u00f6khan Alt\u0131ner\u2019in sorular\u0131n\u0131 yan\u0131tlayan CTP Genel Ba\u015fkan\u0131 Tufan Erh\u00fcrman, K\u0131br\u0131s sorunu ba\u015fta olmak \u00fczere g\u00fcndemdeki konulara da de\u011findi. Erh\u00fcrman, m\u00fclkiyet ve y\u00fcksek\u00f6\u011frenimde ya\u015fanan geli\u015fmelerin de K\u0131br\u0131s sorunuyla ilgili oldu\u011funu s\u00f6yledi. \u00dc\u00e7 senedir yabanc\u0131lara m\u00fclk sat\u0131\u015f\u0131 meselesini dile getirdiklerini s\u00f6yleyen Erh\u00fcrman, \u201cK\u0131br\u0131s sorunundaki pozisyonunda bug\u00fcne kadarki kabul edilmi\u015f<\/p>\n","protected":false},"author":1,"featured_media":48565,"comment_status":"open","ping_status":"open","sticky":false,"template":"","format":"standard","meta":{"footnotes":""},"categories":[79],"tags":[],"class_list":["post-48564","post","type-post","status-publish","format-standard","has-post-thumbnail","hentry","category-ekonomi"],"yoast_head":"<!-- This site is optimized with the Yoast SEO plugin v27.4 - https:\/\/yoast.com\/product\/yoast-seo-wordpress\/ -->\n<title>K\u0131br\u0131s sorunuyla ilgili \u015fu anda s\u00fcrd\u00fcr\u00fclen pozisyonla sonu\u00e7 almak\u00a0m\u00fcmk\u00fcn\u00a0de\u011fil -<\/title>\n<meta name=\"robots\" content=\"index, follow, max-snippet:-1, max-image-preview:large, max-video-preview:-1\" \/>\n<link rel=\"canonical\" href=\"https:\/\/kibrisdakik.com\/?p=48564\" \/>\n<meta property=\"og:locale\" content=\"tr_TR\" \/>\n<meta property=\"og:type\" content=\"article\" \/>\n<meta property=\"og:title\" content=\"K\u0131br\u0131s sorunuyla ilgili \u015fu anda s\u00fcrd\u00fcr\u00fclen pozisyonla sonu\u00e7 almak\u00a0m\u00fcmk\u00fcn\u00a0de\u011fil -\" \/>\n<meta property=\"og:description\" content=\"CTP\u2019den yap\u0131lan a\u00e7\u0131klamaya g\u00f6re, K\u0131br\u0131s Postas\u0131 Web TV\u2019de G\u00f6khan Alt\u0131ner\u2019in sorular\u0131n\u0131 yan\u0131tlayan CTP Genel Ba\u015fkan\u0131 Tufan Erh\u00fcrman, K\u0131br\u0131s sorunu ba\u015fta olmak \u00fczere g\u00fcndemdeki konulara da de\u011findi. Erh\u00fcrman, m\u00fclkiyet ve y\u00fcksek\u00f6\u011frenimde ya\u015fanan geli\u015fmelerin de K\u0131br\u0131s sorunuyla ilgili oldu\u011funu s\u00f6yledi. \u00dc\u00e7 senedir yabanc\u0131lara m\u00fclk sat\u0131\u015f\u0131 meselesini dile getirdiklerini s\u00f6yleyen Erh\u00fcrman, \u201cK\u0131br\u0131s sorunundaki pozisyonunda bug\u00fcne kadarki kabul edilmi\u015f\" \/>\n<meta property=\"og:url\" content=\"https:\/\/kibrisdakik.com\/?p=48564\" \/>\n<meta property=\"article:published_time\" content=\"2024-07-04T14:08:09+00:00\" \/>\n<meta property=\"og:image\" content=\"https:\/\/kibrisdakik.com\/wp-content\/uploads\/2024\/07\/kibris-sorunuyla-ilgili-su-anda-surdurulen-pozisyonla-sonuc-almak-mumkun-degil-1720098307.webp.webp\" \/>\n\t<meta property=\"og:image:width\" content=\"710\" \/>\n\t<meta property=\"og:image:height\" content=\"370\" \/>\n\t<meta property=\"og:image:type\" content=\"image\/webp\" \/>\n<meta name=\"author\" content=\"admin\" \/>\n<meta name=\"twitter:card\" content=\"summary_large_image\" \/>\n<meta name=\"twitter:label1\" content=\"Yazan:\" \/>\n\t<meta name=\"twitter:data1\" content=\"admin\" \/>\n\t<meta name=\"twitter:label2\" content=\"Tahmini okuma s\u00fcresi\" \/>\n\t<meta name=\"twitter:data2\" content=\"3 dakika\" \/>\n<script type=\"application\/ld+json\" class=\"yoast-schema-graph\">{\"@context\":\"https:\\\/\\\/schema.org\",\"@graph\":[{\"@type\":\"Article\",\"@id\":\"https:\\\/\\\/kibrisdakik.com\\\/?p=48564#article\",\"isPartOf\":{\"@id\":\"https:\\\/\\\/kibrisdakik.com\\\/?p=48564\"},\"author\":{\"name\":\"admin\",\"@id\":\"https:\\\/\\\/kibrisdakik.com\\\/#\\\/schema\\\/person\\\/9cd9d437bbb44f72b73ba127e06d8e79\"},\"headline\":\"K\u0131br\u0131s sorunuyla ilgili \u015fu anda s\u00fcrd\u00fcr\u00fclen pozisyonla sonu\u00e7 almak\u00a0m\u00fcmk\u00fcn\u00a0de\u011fil\",\"datePublished\":\"2024-07-04T14:08:09+00:00\",\"mainEntityOfPage\":{\"@id\":\"https:\\\/\\\/kibrisdakik.com\\\/?p=48564\"},\"wordCount\":563,\"commentCount\":0,\"image\":{\"@id\":\"https:\\\/\\\/kibrisdakik.com\\\/?p=48564#primaryimage\"},\"thumbnailUrl\":\"https:\\\/\\\/kibrisdakik.com\\\/wp-content\\\/uploads\\\/2024\\\/07\\\/kibris-sorunuyla-ilgili-su-anda-surdurulen-pozisyonla-sonuc-almak-mumkun-degil-1720098307.webp.webp\",\"articleSection\":[\"Ekonomi\"],\"inLanguage\":\"tr\",\"potentialAction\":[{\"@type\":\"CommentAction\",\"name\":\"Comment\",\"target\":[\"https:\\\/\\\/kibrisdakik.com\\\/?p=48564#respond\"]}]},{\"@type\":\"WebPage\",\"@id\":\"https:\\\/\\\/kibrisdakik.com\\\/?p=48564\",\"url\":\"https:\\\/\\\/kibrisdakik.com\\\/?p=48564\",\"name\":\"K\u0131br\u0131s sorunuyla ilgili \u015fu anda s\u00fcrd\u00fcr\u00fclen pozisyonla sonu\u00e7 almak\u00a0m\u00fcmk\u00fcn\u00a0de\u011fil -\",\"isPartOf\":{\"@id\":\"https:\\\/\\\/kibrisdakik.com\\\/#website\"},\"primaryImageOfPage\":{\"@id\":\"https:\\\/\\\/kibrisdakik.com\\\/?p=48564#primaryimage\"},\"image\":{\"@id\":\"https:\\\/\\\/kibrisdakik.com\\\/?p=48564#primaryimage\"},\"thumbnailUrl\":\"https:\\\/\\\/kibrisdakik.com\\\/wp-content\\\/uploads\\\/2024\\\/07\\\/kibris-sorunuyla-ilgili-su-anda-surdurulen-pozisyonla-sonuc-almak-mumkun-degil-1720098307.webp.webp\",\"datePublished\":\"2024-07-04T14:08:09+00:00\",\"author\":{\"@id\":\"https:\\\/\\\/kibrisdakik.com\\\/#\\\/schema\\\/person\\\/9cd9d437bbb44f72b73ba127e06d8e79\"},\"breadcrumb\":{\"@id\":\"https:\\\/\\\/kibrisdakik.com\\\/?p=48564#breadcrumb\"},\"inLanguage\":\"tr\",\"potentialAction\":[{\"@type\":\"ReadAction\",\"target\":[\"https:\\\/\\\/kibrisdakik.com\\\/?p=48564\"]}]},{\"@type\":\"ImageObject\",\"inLanguage\":\"tr\",\"@id\":\"https:\\\/\\\/kibrisdakik.com\\\/?p=48564#primaryimage\",\"url\":\"https:\\\/\\\/kibrisdakik.com\\\/wp-content\\\/uploads\\\/2024\\\/07\\\/kibris-sorunuyla-ilgili-su-anda-surdurulen-pozisyonla-sonuc-almak-mumkun-degil-1720098307.webp.webp\",\"contentUrl\":\"https:\\\/\\\/kibrisdakik.com\\\/wp-content\\\/uploads\\\/2024\\\/07\\\/kibris-sorunuyla-ilgili-su-anda-surdurulen-pozisyonla-sonuc-almak-mumkun-degil-1720098307.webp.webp\",\"width\":710,\"height\":370},{\"@type\":\"BreadcrumbList\",\"@id\":\"https:\\\/\\\/kibrisdakik.com\\\/?p=48564#breadcrumb\",\"itemListElement\":[{\"@type\":\"ListItem\",\"position\":1,\"name\":\"Home\",\"item\":\"https:\\\/\\\/kibrisdakik.com\\\/\"},{\"@type\":\"ListItem\",\"position\":2,\"name\":\"K\u0131br\u0131s sorunuyla ilgili \u015fu anda s\u00fcrd\u00fcr\u00fclen pozisyonla sonu\u00e7 almak\u00a0m\u00fcmk\u00fcn\u00a0de\u011fil\"}]},{\"@type\":\"WebSite\",\"@id\":\"https:\\\/\\\/kibrisdakik.com\\\/#website\",\"url\":\"https:\\\/\\\/kibrisdakik.com\\\/\",\"name\":\"\",\"description\":\"Tam vaktinde haber\",\"potentialAction\":[{\"@type\":\"SearchAction\",\"target\":{\"@type\":\"EntryPoint\",\"urlTemplate\":\"https:\\\/\\\/kibrisdakik.com\\\/?s={search_term_string}\"},\"query-input\":{\"@type\":\"PropertyValueSpecification\",\"valueRequired\":true,\"valueName\":\"search_term_string\"}}],\"inLanguage\":\"tr\"},{\"@type\":\"Person\",\"@id\":\"https:\\\/\\\/kibrisdakik.com\\\/#\\\/schema\\\/person\\\/9cd9d437bbb44f72b73ba127e06d8e79\",\"name\":\"admin\",\"image\":{\"@type\":\"ImageObject\",\"inLanguage\":\"tr\",\"@id\":\"https:\\\/\\\/secure.gravatar.com\\\/avatar\\\/ccc17943b9d660506c869530f897617f7cb1c21a4bf30023f252596d83e1f007?s=96&d=mm&r=g\",\"url\":\"https:\\\/\\\/secure.gravatar.com\\\/avatar\\\/ccc17943b9d660506c869530f897617f7cb1c21a4bf30023f252596d83e1f007?s=96&d=mm&r=g\",\"contentUrl\":\"https:\\\/\\\/secure.gravatar.com\\\/avatar\\\/ccc17943b9d660506c869530f897617f7cb1c21a4bf30023f252596d83e1f007?s=96&d=mm&r=g\",\"caption\":\"admin\"},\"sameAs\":[\"https:\\\/\\\/kibrisdakik.com\"],\"url\":\"https:\\\/\\\/kibrisdakik.com\\\/?author=1\"}]}<\/script>\n<!-- \/ Yoast SEO plugin. -->","yoast_head_json":{"title":"K\u0131br\u0131s sorunuyla ilgili \u015fu anda s\u00fcrd\u00fcr\u00fclen pozisyonla sonu\u00e7 almak\u00a0m\u00fcmk\u00fcn\u00a0de\u011fil -","robots":{"index":"index","follow":"follow","max-snippet":"max-snippet:-1","max-image-preview":"max-image-preview:large","max-video-preview":"max-video-preview:-1"},"canonical":"https:\/\/kibrisdakik.com\/?p=48564","og_locale":"tr_TR","og_type":"article","og_title":"K\u0131br\u0131s sorunuyla ilgili \u015fu anda s\u00fcrd\u00fcr\u00fclen pozisyonla sonu\u00e7 almak\u00a0m\u00fcmk\u00fcn\u00a0de\u011fil -","og_description":"CTP\u2019den yap\u0131lan a\u00e7\u0131klamaya g\u00f6re, K\u0131br\u0131s Postas\u0131 Web TV\u2019de G\u00f6khan Alt\u0131ner\u2019in sorular\u0131n\u0131 yan\u0131tlayan CTP Genel Ba\u015fkan\u0131 Tufan Erh\u00fcrman, K\u0131br\u0131s sorunu ba\u015fta olmak \u00fczere g\u00fcndemdeki konulara da de\u011findi. Erh\u00fcrman, m\u00fclkiyet ve y\u00fcksek\u00f6\u011frenimde ya\u015fanan geli\u015fmelerin de K\u0131br\u0131s sorunuyla ilgili oldu\u011funu s\u00f6yledi. \u00dc\u00e7 senedir yabanc\u0131lara m\u00fclk sat\u0131\u015f\u0131 meselesini dile getirdiklerini s\u00f6yleyen Erh\u00fcrman, \u201cK\u0131br\u0131s sorunundaki pozisyonunda bug\u00fcne kadarki kabul edilmi\u015f","og_url":"https:\/\/kibrisdakik.com\/?p=48564","article_published_time":"2024-07-04T14:08:09+00:00","og_image":[{"width":710,"height":370,"url":"https:\/\/kibrisdakik.com\/wp-content\/uploads\/2024\/07\/kibris-sorunuyla-ilgili-su-anda-surdurulen-pozisyonla-sonuc-almak-mumkun-degil-1720098307.webp.webp","type":"image\/webp"}],"author":"admin","twitter_card":"summary_large_image","twitter_misc":{"Yazan:":"admin","Tahmini okuma s\u00fcresi":"3 dakika"},"schema":{"@context":"https:\/\/schema.org","@graph":[{"@type":"Article","@id":"https:\/\/kibrisdakik.com\/?p=48564#article","isPartOf":{"@id":"https:\/\/kibrisdakik.com\/?p=48564"},"author":{"name":"admin","@id":"https:\/\/kibrisdakik.com\/#\/schema\/person\/9cd9d437bbb44f72b73ba127e06d8e79"},"headline":"K\u0131br\u0131s sorunuyla ilgili \u015fu anda s\u00fcrd\u00fcr\u00fclen pozisyonla sonu\u00e7 almak\u00a0m\u00fcmk\u00fcn\u00a0de\u011fil","datePublished":"2024-07-04T14:08:09+00:00","mainEntityOfPage":{"@id":"https:\/\/kibrisdakik.com\/?p=48564"},"wordCount":563,"commentCount":0,"image":{"@id":"https:\/\/kibrisdakik.com\/?p=48564#primaryimage"},"thumbnailUrl":"https:\/\/kibrisdakik.com\/wp-content\/uploads\/2024\/07\/kibris-sorunuyla-ilgili-su-anda-surdurulen-pozisyonla-sonuc-almak-mumkun-degil-1720098307.webp.webp","articleSection":["Ekonomi"],"inLanguage":"tr","potentialAction":[{"@type":"CommentAction","name":"Comment","target":["https:\/\/kibrisdakik.com\/?p=48564#respond"]}]},{"@type":"WebPage","@id":"https:\/\/kibrisdakik.com\/?p=48564","url":"https:\/\/kibrisdakik.com\/?p=48564","name":"K\u0131br\u0131s sorunuyla ilgili \u015fu anda s\u00fcrd\u00fcr\u00fclen pozisyonla sonu\u00e7 almak\u00a0m\u00fcmk\u00fcn\u00a0de\u011fil -","isPartOf":{"@id":"https:\/\/kibrisdakik.com\/#website"},"primaryImageOfPage":{"@id":"https:\/\/kibrisdakik.com\/?p=48564#primaryimage"},"image":{"@id":"https:\/\/kibrisdakik.com\/?p=48564#primaryimage"},"thumbnailUrl":"https:\/\/kibrisdakik.com\/wp-content\/uploads\/2024\/07\/kibris-sorunuyla-ilgili-su-anda-surdurulen-pozisyonla-sonuc-almak-mumkun-degil-1720098307.webp.webp","datePublished":"2024-07-04T14:08:09+00:00","author":{"@id":"https:\/\/kibrisdakik.com\/#\/schema\/person\/9cd9d437bbb44f72b73ba127e06d8e79"},"breadcrumb":{"@id":"https:\/\/kibrisdakik.com\/?p=48564#breadcrumb"},"inLanguage":"tr","potentialAction":[{"@type":"ReadAction","target":["https:\/\/kibrisdakik.com\/?p=48564"]}]},{"@type":"ImageObject","inLanguage":"tr","@id":"https:\/\/kibrisdakik.com\/?p=48564#primaryimage","url":"https:\/\/kibrisdakik.com\/wp-content\/uploads\/2024\/07\/kibris-sorunuyla-ilgili-su-anda-surdurulen-pozisyonla-sonuc-almak-mumkun-degil-1720098307.webp.webp","contentUrl":"https:\/\/kibrisdakik.com\/wp-content\/uploads\/2024\/07\/kibris-sorunuyla-ilgili-su-anda-surdurulen-pozisyonla-sonuc-almak-mumkun-degil-1720098307.webp.webp","width":710,"height":370},{"@type":"BreadcrumbList","@id":"https:\/\/kibrisdakik.com\/?p=48564#breadcrumb","itemListElement":[{"@type":"ListItem","position":1,"name":"Home","item":"https:\/\/kibrisdakik.com\/"},{"@type":"ListItem","position":2,"name":"K\u0131br\u0131s sorunuyla ilgili \u015fu anda s\u00fcrd\u00fcr\u00fclen pozisyonla sonu\u00e7 almak\u00a0m\u00fcmk\u00fcn\u00a0de\u011fil"}]},{"@type":"WebSite","@id":"https:\/\/kibrisdakik.com\/#website","url":"https:\/\/kibrisdakik.com\/","name":"","description":"Tam vaktinde haber","potentialAction":[{"@type":"SearchAction","target":{"@type":"EntryPoint","urlTemplate":"https:\/\/kibrisdakik.com\/?s={search_term_string}"},"query-input":{"@type":"PropertyValueSpecification","valueRequired":true,"valueName":"search_term_string"}}],"inLanguage":"tr"},{"@type":"Person","@id":"https:\/\/kibrisdakik.com\/#\/schema\/person\/9cd9d437bbb44f72b73ba127e06d8e79","name":"admin","image":{"@type":"ImageObject","inLanguage":"tr","@id":"https:\/\/secure.gravatar.com\/avatar\/ccc17943b9d660506c869530f897617f7cb1c21a4bf30023f252596d83e1f007?s=96&d=mm&r=g","url":"https:\/\/secure.gravatar.com\/avatar\/ccc17943b9d660506c869530f897617f7cb1c21a4bf30023f252596d83e1f007?s=96&d=mm&r=g","contentUrl":"https:\/\/secure.gravatar.com\/avatar\/ccc17943b9d660506c869530f897617f7cb1c21a4bf30023f252596d83e1f007?s=96&d=mm&r=g","caption":"admin"},"sameAs":["https:\/\/kibrisdakik.com"],"url":"https:\/\/kibrisdakik.com\/?author=1"}]}},"_links":{"self":[{"href":"https:\/\/kibrisdakik.com\/index.php?rest_route=\/wp\/v2\/posts\/48564","targetHints":{"allow":["GET"]}}],"collection":[{"href":"https:\/\/kibrisdakik.com\/index.php?rest_route=\/wp\/v2\/posts"}],"about":[{"href":"https:\/\/kibrisdakik.com\/index.php?rest_route=\/wp\/v2\/types\/post"}],"author":[{"embeddable":true,"href":"https:\/\/kibrisdakik.com\/index.php?rest_route=\/wp\/v2\/users\/1"}],"replies":[{"embeddable":true,"href":"https:\/\/kibrisdakik.com\/index.php?rest_route=%2Fwp%2Fv2%2Fcomments&post=48564"}],"version-history":[{"count":0,"href":"https:\/\/kibrisdakik.com\/index.php?rest_route=\/wp\/v2\/posts\/48564\/revisions"}],"wp:featuredmedia":[{"embeddable":true,"href":"https:\/\/kibrisdakik.com\/index.php?rest_route=\/wp\/v2\/media\/48565"}],"wp:attachment":[{"href":"https:\/\/kibrisdakik.com\/index.php?rest_route=%2Fwp%2Fv2%2Fmedia&parent=48564"}],"wp:term":[{"taxonomy":"category","embeddable":true,"href":"https:\/\/kibrisdakik.com\/index.php?rest_route=%2Fwp%2Fv2%2Fcategories&post=48564"},{"taxonomy":"post_tag","embeddable":true,"href":"https:\/\/kibrisdakik.com\/index.php?rest_route=%2Fwp%2Fv2%2Ftags&post=48564"}],"curies":[{"name":"wp","href":"https:\/\/api.w.org\/{rel}","templated":true}]}}