{"id":48707,"date":"2024-07-05T14:51:53","date_gmt":"2024-07-05T14:51:53","guid":{"rendered":"https:\/\/kibrisdakik.com\/index.php\/2024\/07\/05\/cumhurbaskani-tatar-hankendi-sehrini-ziyaret-etti\/"},"modified":"2024-07-05T14:51:53","modified_gmt":"2024-07-05T14:51:53","slug":"cumhurbaskani-tatar-hankendi-sehrini-ziyaret-etti","status":"publish","type":"post","link":"https:\/\/kibrisdakik.com\/?p=48707","title":{"rendered":"Cumhurba\u015fkan\u0131 Tatar, Hankendi \u015fehrini ziyaret etti"},"content":{"rendered":"<p><\/p>\n<div>\n<div class=\"mariselle-image-container none\">\n                <img loading=\"lazy\" decoding=\"async\" width=\"926\" height=\"517\" class=\"lazy-image\" alt=\"\" sizes=\"auto, (max-width: 926px) 100vw, 926px\" src=\"https:\/\/brtk.net\/wp-content\/uploads\/2024\/07\/05\/9fd394bc-14d4-422d-8e29-b5bac5aa25d1.jpg?ver=d0481a0540236674890f81f0e8cdc7b3\" srcset=\"https:\/\/brtk.net\/wp-content\/uploads\/2024\/07\/05\/9fd394bc-14d4-422d-8e29-b5bac5aa25d1.jpg?ver=d0481a0540236674890f81f0e8cdc7b3 926w, https:\/\/brtk.net\/wp-content\/uploads\/2024\/07\/05\/9fd394bc-14d4-422d-8e29-b5bac5aa25d1-300x167.jpg?ver=3a83f76e2d206e853ce8b2c41281c006 300w, https:\/\/brtk.net\/wp-content\/uploads\/2024\/07\/05\/9fd394bc-14d4-422d-8e29-b5bac5aa25d1-768x429.jpg?ver=3a83f76e2d206e853ce8b2c41281c006 768w\"\/>                            <\/div>\n<p>Cumhurba\u015fkan\u0131 <a href=\"https:\/\/brtk.net\/\" target=\"_blank\" rel=\"noopener\"><a href=\"https:\/\/brtk.net\/\" target=\"_blank\" rel=\"noopener\">Ersin <\/a><a href=\"https:\/\/brtk.net\/\"\/><a href=\"https:\/\/brtk.net\/\">Tatar<\/a>, Azerbaycan\u2019\u0131n Karaba\u011f b\u00f6lgesinde yer alan Hankendi kentini ziyaret etti.<\/p>\n<p>Cumhurba\u015fkan\u0131 <a href=\"https:\/\/brtk.net\/\" target=\"_blank\" rel=\"noopener\"><a href=\"https:\/\/brtk.net\/\" target=\"_blank\" rel=\"noopener\">Ersin <\/a><a href=\"https:\/\/brtk.net\/\"\/><a href=\"https:\/\/brtk.net\/\">Tatar<\/a>, Ermeni i\u015fgalinden kurtar\u0131lan \u015fehri ziyaret eden ilk devlet adam\u0131 oldu.<\/p>\n<p>Azerbaycan Cumhurba\u015fkan\u0131 \u0130lham Aliyev\u2019in Hankendi, A\u011fdere ve Hocal\u0131 \u00d6zel Temsilcisi El\u00e7in Yusubov e\u015flik etti\u011fi Cumhurba\u015fkan\u0131 <a href=\"https:\/\/brtk.net\/\"\/><a href=\"https:\/\/brtk.net\/\">Tatar<\/a>, b\u00f6lge ve tarih\u00e7esiyle ile ilgili bilgi ald\u0131.<\/p>\n<\/p><\/div>\n<p><script async\n                    defer\n                    crossorigin=\"anonymous\"\n                    src=\"https:\/\/connect.facebook.net\/tr_TR\/sdk.js#xfbml=1&#038;version=v3.3\"\n            ><\/script><\/p>\n","protected":false},"excerpt":{"rendered":"<p>Cumhurba\u015fkan\u0131 Ersin Tatar, Azerbaycan\u2019\u0131n Karaba\u011f b\u00f6lgesinde yer alan Hankendi kentini ziyaret etti. Cumhurba\u015fkan\u0131 Ersin Tatar, Ermeni i\u015fgalinden kurtar\u0131lan \u015fehri ziyaret eden ilk devlet adam\u0131 oldu. Azerbaycan Cumhurba\u015fkan\u0131 \u0130lham Aliyev\u2019in Hankendi, A\u011fdere ve Hocal\u0131 \u00d6zel Temsilcisi El\u00e7in Yusubov e\u015flik etti\u011fi Cumhurba\u015fkan\u0131 Tatar, b\u00f6lge ve tarih\u00e7esiyle ile ilgili bilgi ald\u0131.<\/p>\n","protected":false},"author":1,"featured_media":48708,"comment_status":"open","ping_status":"open","sticky":false,"template":"","format":"standard","meta":{"footnotes":""},"categories":[1],"tags":[],"class_list":["post-48707","post","type-post","status-publish","format-standard","has-post-thumbnail","hentry","category-gundem"],"yoast_head":"<!-- This site is optimized with the Yoast SEO plugin v27.5 - https:\/\/yoast.com\/product\/yoast-seo-wordpress\/ -->\n<title>Cumhurba\u015fkan\u0131 Tatar, Hankendi \u015fehrini ziyaret etti -<\/title>\n<meta name=\"robots\" content=\"index, follow, max-snippet:-1, max-image-preview:large, max-video-preview:-1\" \/>\n<link rel=\"canonical\" href=\"https:\/\/kibrisdakik.com\/?p=48707\" \/>\n<meta property=\"og:locale\" content=\"tr_TR\" \/>\n<meta property=\"og:type\" content=\"article\" \/>\n<meta property=\"og:title\" content=\"Cumhurba\u015fkan\u0131 Tatar, Hankendi \u015fehrini ziyaret etti -\" \/>\n<meta property=\"og:description\" content=\"Cumhurba\u015fkan\u0131 Ersin Tatar, Azerbaycan\u2019\u0131n Karaba\u011f b\u00f6lgesinde yer alan Hankendi kentini ziyaret etti. Cumhurba\u015fkan\u0131 Ersin Tatar, Ermeni i\u015fgalinden kurtar\u0131lan \u015fehri ziyaret eden ilk devlet adam\u0131 oldu. Azerbaycan Cumhurba\u015fkan\u0131 \u0130lham Aliyev\u2019in Hankendi, A\u011fdere ve Hocal\u0131 \u00d6zel Temsilcisi El\u00e7in Yusubov e\u015flik etti\u011fi Cumhurba\u015fkan\u0131 Tatar, b\u00f6lge ve tarih\u00e7esiyle ile ilgili bilgi ald\u0131.\" \/>\n<meta property=\"og:url\" content=\"https:\/\/kibrisdakik.com\/?p=48707\" \/>\n<meta property=\"article:published_time\" content=\"2024-07-05T14:51:53+00:00\" \/>\n<meta property=\"og:image\" content=\"https:\/\/kibrisdakik.com\/wp-content\/uploads\/2024\/07\/9fd394bc-14d4-422d-8e29-b5bac5aa25d1-740x420.jpg\" \/>\n\t<meta property=\"og:image:width\" content=\"926\" \/>\n\t<meta property=\"og:image:height\" content=\"517\" \/>\n\t<meta property=\"og:image:type\" content=\"image\/jpeg\" \/>\n<meta name=\"author\" content=\"admin\" \/>\n<meta name=\"twitter:card\" content=\"summary_large_image\" \/>\n<meta name=\"twitter:label1\" content=\"Yazan:\" \/>\n\t<meta name=\"twitter:data1\" content=\"admin\" \/>\n<script type=\"application\/ld+json\" class=\"yoast-schema-graph\">{\"@context\":\"https:\\\/\\\/schema.org\",\"@graph\":[{\"@type\":\"Article\",\"@id\":\"https:\\\/\\\/kibrisdakik.com\\\/?p=48707#article\",\"isPartOf\":{\"@id\":\"https:\\\/\\\/kibrisdakik.com\\\/?p=48707\"},\"author\":{\"name\":\"admin\",\"@id\":\"https:\\\/\\\/kibrisdakik.com\\\/#\\\/schema\\\/person\\\/9cd9d437bbb44f72b73ba127e06d8e79\"},\"headline\":\"Cumhurba\u015fkan\u0131 Tatar, Hankendi \u015fehrini ziyaret etti\",\"datePublished\":\"2024-07-05T14:51:53+00:00\",\"mainEntityOfPage\":{\"@id\":\"https:\\\/\\\/kibrisdakik.com\\\/?p=48707\"},\"wordCount\":70,\"commentCount\":0,\"image\":{\"@id\":\"https:\\\/\\\/kibrisdakik.com\\\/?p=48707#primaryimage\"},\"thumbnailUrl\":\"https:\\\/\\\/kibrisdakik.com\\\/wp-content\\\/uploads\\\/2024\\\/07\\\/9fd394bc-14d4-422d-8e29-b5bac5aa25d1-740x420.jpg\",\"articleSection\":[\"G\u00fcndem\"],\"inLanguage\":\"tr\",\"potentialAction\":[{\"@type\":\"CommentAction\",\"name\":\"Comment\",\"target\":[\"https:\\\/\\\/kibrisdakik.com\\\/?p=48707#respond\"]}]},{\"@type\":\"WebPage\",\"@id\":\"https:\\\/\\\/kibrisdakik.com\\\/?p=48707\",\"url\":\"https:\\\/\\\/kibrisdakik.com\\\/?p=48707\",\"name\":\"Cumhurba\u015fkan\u0131 Tatar, Hankendi \u015fehrini ziyaret etti -\",\"isPartOf\":{\"@id\":\"https:\\\/\\\/kibrisdakik.com\\\/#website\"},\"primaryImageOfPage\":{\"@id\":\"https:\\\/\\\/kibrisdakik.com\\\/?p=48707#primaryimage\"},\"image\":{\"@id\":\"https:\\\/\\\/kibrisdakik.com\\\/?p=48707#primaryimage\"},\"thumbnailUrl\":\"https:\\\/\\\/kibrisdakik.com\\\/wp-content\\\/uploads\\\/2024\\\/07\\\/9fd394bc-14d4-422d-8e29-b5bac5aa25d1-740x420.jpg\",\"datePublished\":\"2024-07-05T14:51:53+00:00\",\"author\":{\"@id\":\"https:\\\/\\\/kibrisdakik.com\\\/#\\\/schema\\\/person\\\/9cd9d437bbb44f72b73ba127e06d8e79\"},\"breadcrumb\":{\"@id\":\"https:\\\/\\\/kibrisdakik.com\\\/?p=48707#breadcrumb\"},\"inLanguage\":\"tr\",\"potentialAction\":[{\"@type\":\"ReadAction\",\"target\":[\"https:\\\/\\\/kibrisdakik.com\\\/?p=48707\"]}]},{\"@type\":\"ImageObject\",\"inLanguage\":\"tr\",\"@id\":\"https:\\\/\\\/kibrisdakik.com\\\/?p=48707#primaryimage\",\"url\":\"https:\\\/\\\/kibrisdakik.com\\\/wp-content\\\/uploads\\\/2024\\\/07\\\/9fd394bc-14d4-422d-8e29-b5bac5aa25d1-740x420.jpg\",\"contentUrl\":\"https:\\\/\\\/kibrisdakik.com\\\/wp-content\\\/uploads\\\/2024\\\/07\\\/9fd394bc-14d4-422d-8e29-b5bac5aa25d1-740x420.jpg\",\"width\":926,\"height\":517},{\"@type\":\"BreadcrumbList\",\"@id\":\"https:\\\/\\\/kibrisdakik.com\\\/?p=48707#breadcrumb\",\"itemListElement\":[{\"@type\":\"ListItem\",\"position\":1,\"name\":\"Home\",\"item\":\"https:\\\/\\\/kibrisdakik.com\\\/\"},{\"@type\":\"ListItem\",\"position\":2,\"name\":\"Cumhurba\u015fkan\u0131 Tatar, Hankendi \u015fehrini ziyaret etti\"}]},{\"@type\":\"WebSite\",\"@id\":\"https:\\\/\\\/kibrisdakik.com\\\/#website\",\"url\":\"https:\\\/\\\/kibrisdakik.com\\\/\",\"name\":\"\",\"description\":\"Tam vaktinde haber\",\"potentialAction\":[{\"@type\":\"SearchAction\",\"target\":{\"@type\":\"EntryPoint\",\"urlTemplate\":\"https:\\\/\\\/kibrisdakik.com\\\/?s={search_term_string}\"},\"query-input\":{\"@type\":\"PropertyValueSpecification\",\"valueRequired\":true,\"valueName\":\"search_term_string\"}}],\"inLanguage\":\"tr\"},{\"@type\":\"Person\",\"@id\":\"https:\\\/\\\/kibrisdakik.com\\\/#\\\/schema\\\/person\\\/9cd9d437bbb44f72b73ba127e06d8e79\",\"name\":\"admin\",\"image\":{\"@type\":\"ImageObject\",\"inLanguage\":\"tr\",\"@id\":\"https:\\\/\\\/secure.gravatar.com\\\/avatar\\\/ccc17943b9d660506c869530f897617f7cb1c21a4bf30023f252596d83e1f007?s=96&d=mm&r=g\",\"url\":\"https:\\\/\\\/secure.gravatar.com\\\/avatar\\\/ccc17943b9d660506c869530f897617f7cb1c21a4bf30023f252596d83e1f007?s=96&d=mm&r=g\",\"contentUrl\":\"https:\\\/\\\/secure.gravatar.com\\\/avatar\\\/ccc17943b9d660506c869530f897617f7cb1c21a4bf30023f252596d83e1f007?s=96&d=mm&r=g\",\"caption\":\"admin\"},\"sameAs\":[\"https:\\\/\\\/kibrisdakik.com\"],\"url\":\"https:\\\/\\\/kibrisdakik.com\\\/?author=1\"}]}<\/script>\n<!-- \/ Yoast SEO plugin. -->","yoast_head_json":{"title":"Cumhurba\u015fkan\u0131 Tatar, Hankendi \u015fehrini ziyaret etti -","robots":{"index":"index","follow":"follow","max-snippet":"max-snippet:-1","max-image-preview":"max-image-preview:large","max-video-preview":"max-video-preview:-1"},"canonical":"https:\/\/kibrisdakik.com\/?p=48707","og_locale":"tr_TR","og_type":"article","og_title":"Cumhurba\u015fkan\u0131 Tatar, Hankendi \u015fehrini ziyaret etti -","og_description":"Cumhurba\u015fkan\u0131 Ersin Tatar, Azerbaycan\u2019\u0131n Karaba\u011f b\u00f6lgesinde yer alan Hankendi kentini ziyaret etti. Cumhurba\u015fkan\u0131 Ersin Tatar, Ermeni i\u015fgalinden kurtar\u0131lan \u015fehri ziyaret eden ilk devlet adam\u0131 oldu. Azerbaycan Cumhurba\u015fkan\u0131 \u0130lham Aliyev\u2019in Hankendi, A\u011fdere ve Hocal\u0131 \u00d6zel Temsilcisi El\u00e7in Yusubov e\u015flik etti\u011fi Cumhurba\u015fkan\u0131 Tatar, b\u00f6lge ve tarih\u00e7esiyle ile ilgili bilgi ald\u0131.","og_url":"https:\/\/kibrisdakik.com\/?p=48707","article_published_time":"2024-07-05T14:51:53+00:00","og_image":[{"width":926,"height":517,"url":"https:\/\/kibrisdakik.com\/wp-content\/uploads\/2024\/07\/9fd394bc-14d4-422d-8e29-b5bac5aa25d1-740x420.jpg","type":"image\/jpeg"}],"author":"admin","twitter_card":"summary_large_image","twitter_misc":{"Yazan:":"admin"},"schema":{"@context":"https:\/\/schema.org","@graph":[{"@type":"Article","@id":"https:\/\/kibrisdakik.com\/?p=48707#article","isPartOf":{"@id":"https:\/\/kibrisdakik.com\/?p=48707"},"author":{"name":"admin","@id":"https:\/\/kibrisdakik.com\/#\/schema\/person\/9cd9d437bbb44f72b73ba127e06d8e79"},"headline":"Cumhurba\u015fkan\u0131 Tatar, Hankendi \u015fehrini ziyaret etti","datePublished":"2024-07-05T14:51:53+00:00","mainEntityOfPage":{"@id":"https:\/\/kibrisdakik.com\/?p=48707"},"wordCount":70,"commentCount":0,"image":{"@id":"https:\/\/kibrisdakik.com\/?p=48707#primaryimage"},"thumbnailUrl":"https:\/\/kibrisdakik.com\/wp-content\/uploads\/2024\/07\/9fd394bc-14d4-422d-8e29-b5bac5aa25d1-740x420.jpg","articleSection":["G\u00fcndem"],"inLanguage":"tr","potentialAction":[{"@type":"CommentAction","name":"Comment","target":["https:\/\/kibrisdakik.com\/?p=48707#respond"]}]},{"@type":"WebPage","@id":"https:\/\/kibrisdakik.com\/?p=48707","url":"https:\/\/kibrisdakik.com\/?p=48707","name":"Cumhurba\u015fkan\u0131 Tatar, Hankendi \u015fehrini ziyaret etti -","isPartOf":{"@id":"https:\/\/kibrisdakik.com\/#website"},"primaryImageOfPage":{"@id":"https:\/\/kibrisdakik.com\/?p=48707#primaryimage"},"image":{"@id":"https:\/\/kibrisdakik.com\/?p=48707#primaryimage"},"thumbnailUrl":"https:\/\/kibrisdakik.com\/wp-content\/uploads\/2024\/07\/9fd394bc-14d4-422d-8e29-b5bac5aa25d1-740x420.jpg","datePublished":"2024-07-05T14:51:53+00:00","author":{"@id":"https:\/\/kibrisdakik.com\/#\/schema\/person\/9cd9d437bbb44f72b73ba127e06d8e79"},"breadcrumb":{"@id":"https:\/\/kibrisdakik.com\/?p=48707#breadcrumb"},"inLanguage":"tr","potentialAction":[{"@type":"ReadAction","target":["https:\/\/kibrisdakik.com\/?p=48707"]}]},{"@type":"ImageObject","inLanguage":"tr","@id":"https:\/\/kibrisdakik.com\/?p=48707#primaryimage","url":"https:\/\/kibrisdakik.com\/wp-content\/uploads\/2024\/07\/9fd394bc-14d4-422d-8e29-b5bac5aa25d1-740x420.jpg","contentUrl":"https:\/\/kibrisdakik.com\/wp-content\/uploads\/2024\/07\/9fd394bc-14d4-422d-8e29-b5bac5aa25d1-740x420.jpg","width":926,"height":517},{"@type":"BreadcrumbList","@id":"https:\/\/kibrisdakik.com\/?p=48707#breadcrumb","itemListElement":[{"@type":"ListItem","position":1,"name":"Home","item":"https:\/\/kibrisdakik.com\/"},{"@type":"ListItem","position":2,"name":"Cumhurba\u015fkan\u0131 Tatar, Hankendi \u015fehrini ziyaret etti"}]},{"@type":"WebSite","@id":"https:\/\/kibrisdakik.com\/#website","url":"https:\/\/kibrisdakik.com\/","name":"","description":"Tam vaktinde haber","potentialAction":[{"@type":"SearchAction","target":{"@type":"EntryPoint","urlTemplate":"https:\/\/kibrisdakik.com\/?s={search_term_string}"},"query-input":{"@type":"PropertyValueSpecification","valueRequired":true,"valueName":"search_term_string"}}],"inLanguage":"tr"},{"@type":"Person","@id":"https:\/\/kibrisdakik.com\/#\/schema\/person\/9cd9d437bbb44f72b73ba127e06d8e79","name":"admin","image":{"@type":"ImageObject","inLanguage":"tr","@id":"https:\/\/secure.gravatar.com\/avatar\/ccc17943b9d660506c869530f897617f7cb1c21a4bf30023f252596d83e1f007?s=96&d=mm&r=g","url":"https:\/\/secure.gravatar.com\/avatar\/ccc17943b9d660506c869530f897617f7cb1c21a4bf30023f252596d83e1f007?s=96&d=mm&r=g","contentUrl":"https:\/\/secure.gravatar.com\/avatar\/ccc17943b9d660506c869530f897617f7cb1c21a4bf30023f252596d83e1f007?s=96&d=mm&r=g","caption":"admin"},"sameAs":["https:\/\/kibrisdakik.com"],"url":"https:\/\/kibrisdakik.com\/?author=1"}]}},"_links":{"self":[{"href":"https:\/\/kibrisdakik.com\/index.php?rest_route=\/wp\/v2\/posts\/48707","targetHints":{"allow":["GET"]}}],"collection":[{"href":"https:\/\/kibrisdakik.com\/index.php?rest_route=\/wp\/v2\/posts"}],"about":[{"href":"https:\/\/kibrisdakik.com\/index.php?rest_route=\/wp\/v2\/types\/post"}],"author":[{"embeddable":true,"href":"https:\/\/kibrisdakik.com\/index.php?rest_route=\/wp\/v2\/users\/1"}],"replies":[{"embeddable":true,"href":"https:\/\/kibrisdakik.com\/index.php?rest_route=%2Fwp%2Fv2%2Fcomments&post=48707"}],"version-history":[{"count":0,"href":"https:\/\/kibrisdakik.com\/index.php?rest_route=\/wp\/v2\/posts\/48707\/revisions"}],"wp:featuredmedia":[{"embeddable":true,"href":"https:\/\/kibrisdakik.com\/index.php?rest_route=\/wp\/v2\/media\/48708"}],"wp:attachment":[{"href":"https:\/\/kibrisdakik.com\/index.php?rest_route=%2Fwp%2Fv2%2Fmedia&parent=48707"}],"wp:term":[{"taxonomy":"category","embeddable":true,"href":"https:\/\/kibrisdakik.com\/index.php?rest_route=%2Fwp%2Fv2%2Fcategories&post=48707"},{"taxonomy":"post_tag","embeddable":true,"href":"https:\/\/kibrisdakik.com\/index.php?rest_route=%2Fwp%2Fv2%2Ftags&post=48707"}],"curies":[{"name":"wp","href":"https:\/\/api.w.org\/{rel}","templated":true}]}}