{"id":48736,"date":"2024-07-05T18:52:14","date_gmt":"2024-07-05T18:52:14","guid":{"rendered":"https:\/\/kibrisdakik.com\/index.php\/2024\/07\/05\/karaoglanoglunda-park-halindeki-aracin-kelebek-camini-calan-3-kisi-tutuklandi\/"},"modified":"2024-07-05T18:52:14","modified_gmt":"2024-07-05T18:52:14","slug":"karaoglanoglunda-park-halindeki-aracin-kelebek-camini-calan-3-kisi-tutuklandi","status":"publish","type":"post","link":"https:\/\/kibrisdakik.com\/?p=48736","title":{"rendered":"Karao\u011flano\u011flu\u2019nda park halindeki arac\u0131n kelebek cam\u0131n\u0131 \u00e7alan 3 ki\u015fi tutukland\u0131"},"content":{"rendered":"<p><\/p>\n<div>\n<div class=\"mariselle-image-container none\">\n                <img loading=\"lazy\" decoding=\"async\" width=\"706\" height=\"397\" class=\"lazy-image\" alt=\"\" sizes=\"auto, (max-width: 706px) 100vw, 706px\" src=\"https:\/\/brtk.net\/wp-content\/uploads\/2024\/06\/30\/8621lmplb4sh-kktc-polis81.jpg?ver=79e8fb512da1c9c2da7cd989c9bd7ec4\" srcset=\"https:\/\/brtk.net\/wp-content\/uploads\/2024\/06\/30\/8621lmplb4sh-kktc-polis81.jpg?ver=79e8fb512da1c9c2da7cd989c9bd7ec4 706w, https:\/\/brtk.net\/wp-content\/uploads\/2024\/06\/30\/8621lmplb4sh-kktc-polis81-300x169.jpg?ver=61d6eeb2611deb5710ab08ed823640d3 300w\"\/>                            <\/div>\n<p>Karao\u011flano\u011flu\u2019nda park halindeki arac\u0131n kelebek cam\u0131n\u0131 \u00e7alan 3 ki\u015fi tutukland\u0131.<\/p>\n<p>Polis Bas\u0131n Subayl\u0131\u011f\u0131\u2019ndan yap\u0131lan yaz\u0131l\u0131 a\u00e7\u0131klamada, 25 Haziran tarihinde, Karao\u011flano\u011flu Sanayi B\u00f6lgesinde faaliyet g\u00f6steren bir isimli i\u015fletmenin \u00f6n\u00fcnde, tamir maksatl\u0131 park halinde bulunan bir salon arac\u0131n kelebek cam\u0131n\u0131n, s\u00f6k\u00fcl\u00fcp al\u0131nmak suretiyle \u00e7al\u0131nd\u0131\u011f\u0131 kaydedildi.<\/p>\n<p>A\u00e7\u0131klamada, olay\u0131 polisin bilgisine gelmesi \u00fczerine y\u00fcr\u00fct\u00fclen ileri soru\u015fturmada, meselede zanl\u0131 olarak g\u00f6r\u00fclen A.S.(E-34) ve Z.T.(E-26), d\u00fcn tespit edilerek\u00a0 tutukland\u0131\u011f\u0131 kaydedildi.<\/p>\n<p>Soru\u015fturma devam ediyor.<\/p>\n<\/p><\/div>\n<p><script async\n                    defer\n                    crossorigin=\"anonymous\"\n                    src=\"https:\/\/connect.facebook.net\/tr_TR\/sdk.js#xfbml=1&#038;version=v3.3\"\n            ><\/script><\/p>\n","protected":false},"excerpt":{"rendered":"<p>Karao\u011flano\u011flu\u2019nda park halindeki arac\u0131n kelebek cam\u0131n\u0131 \u00e7alan 3 ki\u015fi tutukland\u0131. Polis Bas\u0131n Subayl\u0131\u011f\u0131\u2019ndan yap\u0131lan yaz\u0131l\u0131 a\u00e7\u0131klamada, 25 Haziran tarihinde, Karao\u011flano\u011flu Sanayi B\u00f6lgesinde faaliyet g\u00f6steren bir isimli i\u015fletmenin \u00f6n\u00fcnde, tamir maksatl\u0131 park halinde bulunan bir salon arac\u0131n kelebek cam\u0131n\u0131n, s\u00f6k\u00fcl\u00fcp al\u0131nmak suretiyle \u00e7al\u0131nd\u0131\u011f\u0131 kaydedildi. A\u00e7\u0131klamada, olay\u0131 polisin bilgisine gelmesi \u00fczerine y\u00fcr\u00fct\u00fclen ileri soru\u015fturmada, meselede zanl\u0131 olarak<\/p>\n","protected":false},"author":1,"featured_media":48007,"comment_status":"open","ping_status":"open","sticky":false,"template":"","format":"standard","meta":{"footnotes":""},"categories":[1],"tags":[],"class_list":["post-48736","post","type-post","status-publish","format-standard","has-post-thumbnail","hentry","category-gundem"],"yoast_head":"<!-- This site is optimized with the Yoast SEO plugin v27.5 - https:\/\/yoast.com\/product\/yoast-seo-wordpress\/ -->\n<title>Karao\u011flano\u011flu\u2019nda park halindeki arac\u0131n kelebek cam\u0131n\u0131 \u00e7alan 3 ki\u015fi tutukland\u0131 -<\/title>\n<meta name=\"robots\" content=\"index, follow, max-snippet:-1, max-image-preview:large, max-video-preview:-1\" \/>\n<link rel=\"canonical\" href=\"https:\/\/kibrisdakik.com\/?p=48736\" \/>\n<meta property=\"og:locale\" content=\"tr_TR\" \/>\n<meta property=\"og:type\" content=\"article\" \/>\n<meta property=\"og:title\" content=\"Karao\u011flano\u011flu\u2019nda park halindeki arac\u0131n kelebek cam\u0131n\u0131 \u00e7alan 3 ki\u015fi tutukland\u0131 -\" \/>\n<meta property=\"og:description\" content=\"Karao\u011flano\u011flu\u2019nda park halindeki arac\u0131n kelebek cam\u0131n\u0131 \u00e7alan 3 ki\u015fi tutukland\u0131. Polis Bas\u0131n Subayl\u0131\u011f\u0131\u2019ndan yap\u0131lan yaz\u0131l\u0131 a\u00e7\u0131klamada, 25 Haziran tarihinde, Karao\u011flano\u011flu Sanayi B\u00f6lgesinde faaliyet g\u00f6steren bir isimli i\u015fletmenin \u00f6n\u00fcnde, tamir maksatl\u0131 park halinde bulunan bir salon arac\u0131n kelebek cam\u0131n\u0131n, s\u00f6k\u00fcl\u00fcp al\u0131nmak suretiyle \u00e7al\u0131nd\u0131\u011f\u0131 kaydedildi. A\u00e7\u0131klamada, olay\u0131 polisin bilgisine gelmesi \u00fczerine y\u00fcr\u00fct\u00fclen ileri soru\u015fturmada, meselede zanl\u0131 olarak\" \/>\n<meta property=\"og:url\" content=\"https:\/\/kibrisdakik.com\/?p=48736\" \/>\n<meta property=\"article:published_time\" content=\"2024-07-05T18:52:14+00:00\" \/>\n<meta property=\"og:image\" content=\"https:\/\/kibrisdakik.com\/wp-content\/uploads\/2024\/06\/8621lmplb4sh-kktc-polis81.jpg\" \/>\n\t<meta property=\"og:image:width\" content=\"706\" \/>\n\t<meta property=\"og:image:height\" content=\"397\" \/>\n\t<meta property=\"og:image:type\" content=\"image\/jpeg\" \/>\n<meta name=\"author\" content=\"admin\" \/>\n<meta name=\"twitter:card\" content=\"summary_large_image\" \/>\n<meta name=\"twitter:label1\" content=\"Yazan:\" \/>\n\t<meta name=\"twitter:data1\" content=\"admin\" \/>\n\t<meta name=\"twitter:label2\" content=\"Tahmini okuma s\u00fcresi\" \/>\n\t<meta name=\"twitter:data2\" content=\"1 dakika\" \/>\n<script type=\"application\/ld+json\" class=\"yoast-schema-graph\">{\"@context\":\"https:\\\/\\\/schema.org\",\"@graph\":[{\"@type\":\"Article\",\"@id\":\"https:\\\/\\\/kibrisdakik.com\\\/?p=48736#article\",\"isPartOf\":{\"@id\":\"https:\\\/\\\/kibrisdakik.com\\\/?p=48736\"},\"author\":{\"name\":\"admin\",\"@id\":\"https:\\\/\\\/kibrisdakik.com\\\/#\\\/schema\\\/person\\\/9cd9d437bbb44f72b73ba127e06d8e79\"},\"headline\":\"Karao\u011flano\u011flu\u2019nda park halindeki arac\u0131n kelebek cam\u0131n\u0131 \u00e7alan 3 ki\u015fi tutukland\u0131\",\"datePublished\":\"2024-07-05T18:52:14+00:00\",\"mainEntityOfPage\":{\"@id\":\"https:\\\/\\\/kibrisdakik.com\\\/?p=48736\"},\"wordCount\":118,\"commentCount\":0,\"image\":{\"@id\":\"https:\\\/\\\/kibrisdakik.com\\\/?p=48736#primaryimage\"},\"thumbnailUrl\":\"https:\\\/\\\/kibrisdakik.com\\\/wp-content\\\/uploads\\\/2024\\\/06\\\/8621lmplb4sh-kktc-polis81.jpg\",\"articleSection\":[\"G\u00fcndem\"],\"inLanguage\":\"tr\",\"potentialAction\":[{\"@type\":\"CommentAction\",\"name\":\"Comment\",\"target\":[\"https:\\\/\\\/kibrisdakik.com\\\/?p=48736#respond\"]}]},{\"@type\":\"WebPage\",\"@id\":\"https:\\\/\\\/kibrisdakik.com\\\/?p=48736\",\"url\":\"https:\\\/\\\/kibrisdakik.com\\\/?p=48736\",\"name\":\"Karao\u011flano\u011flu\u2019nda park halindeki arac\u0131n kelebek cam\u0131n\u0131 \u00e7alan 3 ki\u015fi tutukland\u0131 -\",\"isPartOf\":{\"@id\":\"https:\\\/\\\/kibrisdakik.com\\\/#website\"},\"primaryImageOfPage\":{\"@id\":\"https:\\\/\\\/kibrisdakik.com\\\/?p=48736#primaryimage\"},\"image\":{\"@id\":\"https:\\\/\\\/kibrisdakik.com\\\/?p=48736#primaryimage\"},\"thumbnailUrl\":\"https:\\\/\\\/kibrisdakik.com\\\/wp-content\\\/uploads\\\/2024\\\/06\\\/8621lmplb4sh-kktc-polis81.jpg\",\"datePublished\":\"2024-07-05T18:52:14+00:00\",\"author\":{\"@id\":\"https:\\\/\\\/kibrisdakik.com\\\/#\\\/schema\\\/person\\\/9cd9d437bbb44f72b73ba127e06d8e79\"},\"breadcrumb\":{\"@id\":\"https:\\\/\\\/kibrisdakik.com\\\/?p=48736#breadcrumb\"},\"inLanguage\":\"tr\",\"potentialAction\":[{\"@type\":\"ReadAction\",\"target\":[\"https:\\\/\\\/kibrisdakik.com\\\/?p=48736\"]}]},{\"@type\":\"ImageObject\",\"inLanguage\":\"tr\",\"@id\":\"https:\\\/\\\/kibrisdakik.com\\\/?p=48736#primaryimage\",\"url\":\"https:\\\/\\\/kibrisdakik.com\\\/wp-content\\\/uploads\\\/2024\\\/06\\\/8621lmplb4sh-kktc-polis81.jpg\",\"contentUrl\":\"https:\\\/\\\/kibrisdakik.com\\\/wp-content\\\/uploads\\\/2024\\\/06\\\/8621lmplb4sh-kktc-polis81.jpg\",\"width\":706,\"height\":397},{\"@type\":\"BreadcrumbList\",\"@id\":\"https:\\\/\\\/kibrisdakik.com\\\/?p=48736#breadcrumb\",\"itemListElement\":[{\"@type\":\"ListItem\",\"position\":1,\"name\":\"Home\",\"item\":\"https:\\\/\\\/kibrisdakik.com\\\/\"},{\"@type\":\"ListItem\",\"position\":2,\"name\":\"Karao\u011flano\u011flu\u2019nda park halindeki arac\u0131n kelebek cam\u0131n\u0131 \u00e7alan 3 ki\u015fi tutukland\u0131\"}]},{\"@type\":\"WebSite\",\"@id\":\"https:\\\/\\\/kibrisdakik.com\\\/#website\",\"url\":\"https:\\\/\\\/kibrisdakik.com\\\/\",\"name\":\"\",\"description\":\"Tam vaktinde haber\",\"potentialAction\":[{\"@type\":\"SearchAction\",\"target\":{\"@type\":\"EntryPoint\",\"urlTemplate\":\"https:\\\/\\\/kibrisdakik.com\\\/?s={search_term_string}\"},\"query-input\":{\"@type\":\"PropertyValueSpecification\",\"valueRequired\":true,\"valueName\":\"search_term_string\"}}],\"inLanguage\":\"tr\"},{\"@type\":\"Person\",\"@id\":\"https:\\\/\\\/kibrisdakik.com\\\/#\\\/schema\\\/person\\\/9cd9d437bbb44f72b73ba127e06d8e79\",\"name\":\"admin\",\"image\":{\"@type\":\"ImageObject\",\"inLanguage\":\"tr\",\"@id\":\"https:\\\/\\\/secure.gravatar.com\\\/avatar\\\/ccc17943b9d660506c869530f897617f7cb1c21a4bf30023f252596d83e1f007?s=96&d=mm&r=g\",\"url\":\"https:\\\/\\\/secure.gravatar.com\\\/avatar\\\/ccc17943b9d660506c869530f897617f7cb1c21a4bf30023f252596d83e1f007?s=96&d=mm&r=g\",\"contentUrl\":\"https:\\\/\\\/secure.gravatar.com\\\/avatar\\\/ccc17943b9d660506c869530f897617f7cb1c21a4bf30023f252596d83e1f007?s=96&d=mm&r=g\",\"caption\":\"admin\"},\"sameAs\":[\"https:\\\/\\\/kibrisdakik.com\"],\"url\":\"https:\\\/\\\/kibrisdakik.com\\\/?author=1\"}]}<\/script>\n<!-- \/ Yoast SEO plugin. -->","yoast_head_json":{"title":"Karao\u011flano\u011flu\u2019nda park halindeki arac\u0131n kelebek cam\u0131n\u0131 \u00e7alan 3 ki\u015fi tutukland\u0131 -","robots":{"index":"index","follow":"follow","max-snippet":"max-snippet:-1","max-image-preview":"max-image-preview:large","max-video-preview":"max-video-preview:-1"},"canonical":"https:\/\/kibrisdakik.com\/?p=48736","og_locale":"tr_TR","og_type":"article","og_title":"Karao\u011flano\u011flu\u2019nda park halindeki arac\u0131n kelebek cam\u0131n\u0131 \u00e7alan 3 ki\u015fi tutukland\u0131 -","og_description":"Karao\u011flano\u011flu\u2019nda park halindeki arac\u0131n kelebek cam\u0131n\u0131 \u00e7alan 3 ki\u015fi tutukland\u0131. Polis Bas\u0131n Subayl\u0131\u011f\u0131\u2019ndan yap\u0131lan yaz\u0131l\u0131 a\u00e7\u0131klamada, 25 Haziran tarihinde, Karao\u011flano\u011flu Sanayi B\u00f6lgesinde faaliyet g\u00f6steren bir isimli i\u015fletmenin \u00f6n\u00fcnde, tamir maksatl\u0131 park halinde bulunan bir salon arac\u0131n kelebek cam\u0131n\u0131n, s\u00f6k\u00fcl\u00fcp al\u0131nmak suretiyle \u00e7al\u0131nd\u0131\u011f\u0131 kaydedildi. A\u00e7\u0131klamada, olay\u0131 polisin bilgisine gelmesi \u00fczerine y\u00fcr\u00fct\u00fclen ileri soru\u015fturmada, meselede zanl\u0131 olarak","og_url":"https:\/\/kibrisdakik.com\/?p=48736","article_published_time":"2024-07-05T18:52:14+00:00","og_image":[{"width":706,"height":397,"url":"https:\/\/kibrisdakik.com\/wp-content\/uploads\/2024\/06\/8621lmplb4sh-kktc-polis81.jpg","type":"image\/jpeg"}],"author":"admin","twitter_card":"summary_large_image","twitter_misc":{"Yazan:":"admin","Tahmini okuma s\u00fcresi":"1 dakika"},"schema":{"@context":"https:\/\/schema.org","@graph":[{"@type":"Article","@id":"https:\/\/kibrisdakik.com\/?p=48736#article","isPartOf":{"@id":"https:\/\/kibrisdakik.com\/?p=48736"},"author":{"name":"admin","@id":"https:\/\/kibrisdakik.com\/#\/schema\/person\/9cd9d437bbb44f72b73ba127e06d8e79"},"headline":"Karao\u011flano\u011flu\u2019nda park halindeki arac\u0131n kelebek cam\u0131n\u0131 \u00e7alan 3 ki\u015fi tutukland\u0131","datePublished":"2024-07-05T18:52:14+00:00","mainEntityOfPage":{"@id":"https:\/\/kibrisdakik.com\/?p=48736"},"wordCount":118,"commentCount":0,"image":{"@id":"https:\/\/kibrisdakik.com\/?p=48736#primaryimage"},"thumbnailUrl":"https:\/\/kibrisdakik.com\/wp-content\/uploads\/2024\/06\/8621lmplb4sh-kktc-polis81.jpg","articleSection":["G\u00fcndem"],"inLanguage":"tr","potentialAction":[{"@type":"CommentAction","name":"Comment","target":["https:\/\/kibrisdakik.com\/?p=48736#respond"]}]},{"@type":"WebPage","@id":"https:\/\/kibrisdakik.com\/?p=48736","url":"https:\/\/kibrisdakik.com\/?p=48736","name":"Karao\u011flano\u011flu\u2019nda park halindeki arac\u0131n kelebek cam\u0131n\u0131 \u00e7alan 3 ki\u015fi tutukland\u0131 -","isPartOf":{"@id":"https:\/\/kibrisdakik.com\/#website"},"primaryImageOfPage":{"@id":"https:\/\/kibrisdakik.com\/?p=48736#primaryimage"},"image":{"@id":"https:\/\/kibrisdakik.com\/?p=48736#primaryimage"},"thumbnailUrl":"https:\/\/kibrisdakik.com\/wp-content\/uploads\/2024\/06\/8621lmplb4sh-kktc-polis81.jpg","datePublished":"2024-07-05T18:52:14+00:00","author":{"@id":"https:\/\/kibrisdakik.com\/#\/schema\/person\/9cd9d437bbb44f72b73ba127e06d8e79"},"breadcrumb":{"@id":"https:\/\/kibrisdakik.com\/?p=48736#breadcrumb"},"inLanguage":"tr","potentialAction":[{"@type":"ReadAction","target":["https:\/\/kibrisdakik.com\/?p=48736"]}]},{"@type":"ImageObject","inLanguage":"tr","@id":"https:\/\/kibrisdakik.com\/?p=48736#primaryimage","url":"https:\/\/kibrisdakik.com\/wp-content\/uploads\/2024\/06\/8621lmplb4sh-kktc-polis81.jpg","contentUrl":"https:\/\/kibrisdakik.com\/wp-content\/uploads\/2024\/06\/8621lmplb4sh-kktc-polis81.jpg","width":706,"height":397},{"@type":"BreadcrumbList","@id":"https:\/\/kibrisdakik.com\/?p=48736#breadcrumb","itemListElement":[{"@type":"ListItem","position":1,"name":"Home","item":"https:\/\/kibrisdakik.com\/"},{"@type":"ListItem","position":2,"name":"Karao\u011flano\u011flu\u2019nda park halindeki arac\u0131n kelebek cam\u0131n\u0131 \u00e7alan 3 ki\u015fi tutukland\u0131"}]},{"@type":"WebSite","@id":"https:\/\/kibrisdakik.com\/#website","url":"https:\/\/kibrisdakik.com\/","name":"","description":"Tam vaktinde haber","potentialAction":[{"@type":"SearchAction","target":{"@type":"EntryPoint","urlTemplate":"https:\/\/kibrisdakik.com\/?s={search_term_string}"},"query-input":{"@type":"PropertyValueSpecification","valueRequired":true,"valueName":"search_term_string"}}],"inLanguage":"tr"},{"@type":"Person","@id":"https:\/\/kibrisdakik.com\/#\/schema\/person\/9cd9d437bbb44f72b73ba127e06d8e79","name":"admin","image":{"@type":"ImageObject","inLanguage":"tr","@id":"https:\/\/secure.gravatar.com\/avatar\/ccc17943b9d660506c869530f897617f7cb1c21a4bf30023f252596d83e1f007?s=96&d=mm&r=g","url":"https:\/\/secure.gravatar.com\/avatar\/ccc17943b9d660506c869530f897617f7cb1c21a4bf30023f252596d83e1f007?s=96&d=mm&r=g","contentUrl":"https:\/\/secure.gravatar.com\/avatar\/ccc17943b9d660506c869530f897617f7cb1c21a4bf30023f252596d83e1f007?s=96&d=mm&r=g","caption":"admin"},"sameAs":["https:\/\/kibrisdakik.com"],"url":"https:\/\/kibrisdakik.com\/?author=1"}]}},"_links":{"self":[{"href":"https:\/\/kibrisdakik.com\/index.php?rest_route=\/wp\/v2\/posts\/48736","targetHints":{"allow":["GET"]}}],"collection":[{"href":"https:\/\/kibrisdakik.com\/index.php?rest_route=\/wp\/v2\/posts"}],"about":[{"href":"https:\/\/kibrisdakik.com\/index.php?rest_route=\/wp\/v2\/types\/post"}],"author":[{"embeddable":true,"href":"https:\/\/kibrisdakik.com\/index.php?rest_route=\/wp\/v2\/users\/1"}],"replies":[{"embeddable":true,"href":"https:\/\/kibrisdakik.com\/index.php?rest_route=%2Fwp%2Fv2%2Fcomments&post=48736"}],"version-history":[{"count":0,"href":"https:\/\/kibrisdakik.com\/index.php?rest_route=\/wp\/v2\/posts\/48736\/revisions"}],"wp:featuredmedia":[{"embeddable":true,"href":"https:\/\/kibrisdakik.com\/index.php?rest_route=\/wp\/v2\/media\/48007"}],"wp:attachment":[{"href":"https:\/\/kibrisdakik.com\/index.php?rest_route=%2Fwp%2Fv2%2Fmedia&parent=48736"}],"wp:term":[{"taxonomy":"category","embeddable":true,"href":"https:\/\/kibrisdakik.com\/index.php?rest_route=%2Fwp%2Fv2%2Fcategories&post=48736"},{"taxonomy":"post_tag","embeddable":true,"href":"https:\/\/kibrisdakik.com\/index.php?rest_route=%2Fwp%2Fv2%2Ftags&post=48736"}],"curies":[{"name":"wp","href":"https:\/\/api.w.org\/{rel}","templated":true}]}}