{"id":48759,"date":"2024-07-05T21:55:49","date_gmt":"2024-07-05T21:55:49","guid":{"rendered":"https:\/\/kibrisdakik.com\/index.php\/2024\/07\/05\/girnede-elektrik-trafosunun-isinip-alevlenmesi-sonucu-yangin-meydana-geldi-2\/"},"modified":"2024-07-05T21:55:49","modified_gmt":"2024-07-05T21:55:49","slug":"girnede-elektrik-trafosunun-isinip-alevlenmesi-sonucu-yangin-meydana-geldi-2","status":"publish","type":"post","link":"https:\/\/kibrisdakik.com\/?p=48759","title":{"rendered":"Girne\u2019de, elektrik trafosunun \u0131s\u0131n\u0131p alevlenmesi sonucu yang\u0131n meydana geldi"},"content":{"rendered":"<p><\/p>\n<div>\n<div class=\"mariselle-image-container none\">\n                <img loading=\"lazy\" decoding=\"async\" width=\"407\" height=\"413\" class=\"lazy-image\" alt=\"\" sizes=\"auto, (max-width: 407px) 100vw, 407px\" src=\"https:\/\/brtk.net\/wp-content\/uploads\/2024\/07\/01\/polis-logo-son77.jpg?ver=2d537587c708f67583bf1e361ada95d3\" srcset=\"https:\/\/brtk.net\/wp-content\/uploads\/2024\/07\/01\/polis-logo-son77.jpg?ver=2d537587c708f67583bf1e361ada95d3 407w, https:\/\/brtk.net\/wp-content\/uploads\/2024\/07\/01\/polis-logo-son77-296x300.jpg?ver=bf3784a51ccbbfc7eb3698f80ba3c432 296w\"\/>                            <\/div>\n<p>Girne\u2019de, elektrik trafosunun \u0131s\u0131n\u0131p alevlenmesi sonucu yang\u0131n meydana geldi.<\/p>\n<p>Polis Bas\u0131n Subayl\u0131\u011f\u0131\u2019ndan yap\u0131lan yaz\u0131l\u0131 a\u00e7\u0131klamada, Girne\u2019de d\u00fcn \u0130skenderun Caddesi\u2019nde, bir ara\u00e7 park yeri i\u00e7erisinde, elektrik trafo odas\u0131 i\u00e7erisinde bulunan elektrik trafosunun \u0131s\u0131n\u0131p alevlenmesi sonucu yang\u0131n meydana geldi\u011fi kaydedildi.<\/p>\n<p>Yang\u0131n \u0130tfaiye Ekipleri taraf\u0131ndan s\u00f6nd\u00fcr\u00fcld\u00fc; \u00e7\u0131kan yang\u0131n sonucu, bahse konu elektrik trafosu tamamen yanarak zarar g\u00f6rd\u00fc. \u00a0<\/p>\n<\/p><\/div>\n<p><script async\n                    defer\n                    crossorigin=\"anonymous\"\n                    src=\"https:\/\/connect.facebook.net\/tr_TR\/sdk.js#xfbml=1&#038;version=v3.3\"\n            ><\/script><\/p>\n","protected":false},"excerpt":{"rendered":"<p>Girne\u2019de, elektrik trafosunun \u0131s\u0131n\u0131p alevlenmesi sonucu yang\u0131n meydana geldi. Polis Bas\u0131n Subayl\u0131\u011f\u0131\u2019ndan yap\u0131lan yaz\u0131l\u0131 a\u00e7\u0131klamada, Girne\u2019de d\u00fcn \u0130skenderun Caddesi\u2019nde, bir ara\u00e7 park yeri i\u00e7erisinde, elektrik trafo odas\u0131 i\u00e7erisinde bulunan elektrik trafosunun \u0131s\u0131n\u0131p alevlenmesi sonucu yang\u0131n meydana geldi\u011fi kaydedildi. Yang\u0131n \u0130tfaiye Ekipleri taraf\u0131ndan s\u00f6nd\u00fcr\u00fcld\u00fc; \u00e7\u0131kan yang\u0131n sonucu, bahse konu elektrik trafosu tamamen yanarak zarar g\u00f6rd\u00fc. \u00a0<\/p>\n","protected":false},"author":1,"featured_media":1927,"comment_status":"open","ping_status":"open","sticky":false,"template":"","format":"standard","meta":{"footnotes":""},"categories":[1],"tags":[],"class_list":["post-48759","post","type-post","status-publish","format-standard","has-post-thumbnail","hentry","category-gundem"],"yoast_head":"<!-- This site is optimized with the Yoast SEO plugin v27.4 - https:\/\/yoast.com\/product\/yoast-seo-wordpress\/ -->\n<title>Girne\u2019de, elektrik trafosunun \u0131s\u0131n\u0131p alevlenmesi sonucu yang\u0131n meydana geldi -<\/title>\n<meta name=\"robots\" content=\"index, follow, max-snippet:-1, max-image-preview:large, max-video-preview:-1\" \/>\n<link rel=\"canonical\" href=\"https:\/\/kibrisdakik.com\/?p=48759\" \/>\n<meta property=\"og:locale\" content=\"tr_TR\" \/>\n<meta property=\"og:type\" content=\"article\" \/>\n<meta property=\"og:title\" content=\"Girne\u2019de, elektrik trafosunun \u0131s\u0131n\u0131p alevlenmesi sonucu yang\u0131n meydana geldi -\" \/>\n<meta property=\"og:description\" content=\"Girne\u2019de, elektrik trafosunun \u0131s\u0131n\u0131p alevlenmesi sonucu yang\u0131n meydana geldi. Polis Bas\u0131n Subayl\u0131\u011f\u0131\u2019ndan yap\u0131lan yaz\u0131l\u0131 a\u00e7\u0131klamada, Girne\u2019de d\u00fcn \u0130skenderun Caddesi\u2019nde, bir ara\u00e7 park yeri i\u00e7erisinde, elektrik trafo odas\u0131 i\u00e7erisinde bulunan elektrik trafosunun \u0131s\u0131n\u0131p alevlenmesi sonucu yang\u0131n meydana geldi\u011fi kaydedildi. Yang\u0131n \u0130tfaiye Ekipleri taraf\u0131ndan s\u00f6nd\u00fcr\u00fcld\u00fc; \u00e7\u0131kan yang\u0131n sonucu, bahse konu elektrik trafosu tamamen yanarak zarar g\u00f6rd\u00fc. \u00a0\" \/>\n<meta property=\"og:url\" content=\"https:\/\/kibrisdakik.com\/?p=48759\" \/>\n<meta property=\"article:published_time\" content=\"2024-07-05T21:55:49+00:00\" \/>\n<meta property=\"og:image\" content=\"https:\/\/kibrisdakik.com\/wp-content\/uploads\/2023\/02\/yangin-5454-740x420.jpg\" \/>\n\t<meta property=\"og:image:width\" content=\"1200\" \/>\n\t<meta property=\"og:image:height\" content=\"700\" \/>\n\t<meta property=\"og:image:type\" content=\"image\/jpeg\" \/>\n<meta name=\"author\" content=\"admin\" \/>\n<meta name=\"twitter:card\" content=\"summary_large_image\" \/>\n<meta name=\"twitter:label1\" content=\"Yazan:\" \/>\n\t<meta name=\"twitter:data1\" content=\"admin\" \/>\n<script type=\"application\/ld+json\" class=\"yoast-schema-graph\">{\"@context\":\"https:\\\/\\\/schema.org\",\"@graph\":[{\"@type\":\"Article\",\"@id\":\"https:\\\/\\\/kibrisdakik.com\\\/?p=48759#article\",\"isPartOf\":{\"@id\":\"https:\\\/\\\/kibrisdakik.com\\\/?p=48759\"},\"author\":{\"name\":\"admin\",\"@id\":\"https:\\\/\\\/kibrisdakik.com\\\/#\\\/schema\\\/person\\\/9cd9d437bbb44f72b73ba127e06d8e79\"},\"headline\":\"Girne\u2019de, elektrik trafosunun \u0131s\u0131n\u0131p alevlenmesi sonucu yang\u0131n meydana geldi\",\"datePublished\":\"2024-07-05T21:55:49+00:00\",\"mainEntityOfPage\":{\"@id\":\"https:\\\/\\\/kibrisdakik.com\\\/?p=48759\"},\"wordCount\":92,\"commentCount\":0,\"image\":{\"@id\":\"https:\\\/\\\/kibrisdakik.com\\\/?p=48759#primaryimage\"},\"thumbnailUrl\":\"https:\\\/\\\/kibrisdakik.com\\\/wp-content\\\/uploads\\\/2023\\\/02\\\/yangin-5454-740x420.jpg\",\"articleSection\":[\"G\u00fcndem\"],\"inLanguage\":\"tr\",\"potentialAction\":[{\"@type\":\"CommentAction\",\"name\":\"Comment\",\"target\":[\"https:\\\/\\\/kibrisdakik.com\\\/?p=48759#respond\"]}]},{\"@type\":\"WebPage\",\"@id\":\"https:\\\/\\\/kibrisdakik.com\\\/?p=48759\",\"url\":\"https:\\\/\\\/kibrisdakik.com\\\/?p=48759\",\"name\":\"Girne\u2019de, elektrik trafosunun \u0131s\u0131n\u0131p alevlenmesi sonucu yang\u0131n meydana geldi -\",\"isPartOf\":{\"@id\":\"https:\\\/\\\/kibrisdakik.com\\\/#website\"},\"primaryImageOfPage\":{\"@id\":\"https:\\\/\\\/kibrisdakik.com\\\/?p=48759#primaryimage\"},\"image\":{\"@id\":\"https:\\\/\\\/kibrisdakik.com\\\/?p=48759#primaryimage\"},\"thumbnailUrl\":\"https:\\\/\\\/kibrisdakik.com\\\/wp-content\\\/uploads\\\/2023\\\/02\\\/yangin-5454-740x420.jpg\",\"datePublished\":\"2024-07-05T21:55:49+00:00\",\"author\":{\"@id\":\"https:\\\/\\\/kibrisdakik.com\\\/#\\\/schema\\\/person\\\/9cd9d437bbb44f72b73ba127e06d8e79\"},\"breadcrumb\":{\"@id\":\"https:\\\/\\\/kibrisdakik.com\\\/?p=48759#breadcrumb\"},\"inLanguage\":\"tr\",\"potentialAction\":[{\"@type\":\"ReadAction\",\"target\":[\"https:\\\/\\\/kibrisdakik.com\\\/?p=48759\"]}]},{\"@type\":\"ImageObject\",\"inLanguage\":\"tr\",\"@id\":\"https:\\\/\\\/kibrisdakik.com\\\/?p=48759#primaryimage\",\"url\":\"https:\\\/\\\/kibrisdakik.com\\\/wp-content\\\/uploads\\\/2023\\\/02\\\/yangin-5454-740x420.jpg\",\"contentUrl\":\"https:\\\/\\\/kibrisdakik.com\\\/wp-content\\\/uploads\\\/2023\\\/02\\\/yangin-5454-740x420.jpg\",\"width\":1200,\"height\":700},{\"@type\":\"BreadcrumbList\",\"@id\":\"https:\\\/\\\/kibrisdakik.com\\\/?p=48759#breadcrumb\",\"itemListElement\":[{\"@type\":\"ListItem\",\"position\":1,\"name\":\"Home\",\"item\":\"https:\\\/\\\/kibrisdakik.com\\\/\"},{\"@type\":\"ListItem\",\"position\":2,\"name\":\"Girne\u2019de, elektrik trafosunun \u0131s\u0131n\u0131p alevlenmesi sonucu yang\u0131n meydana geldi\"}]},{\"@type\":\"WebSite\",\"@id\":\"https:\\\/\\\/kibrisdakik.com\\\/#website\",\"url\":\"https:\\\/\\\/kibrisdakik.com\\\/\",\"name\":\"\",\"description\":\"Tam vaktinde haber\",\"potentialAction\":[{\"@type\":\"SearchAction\",\"target\":{\"@type\":\"EntryPoint\",\"urlTemplate\":\"https:\\\/\\\/kibrisdakik.com\\\/?s={search_term_string}\"},\"query-input\":{\"@type\":\"PropertyValueSpecification\",\"valueRequired\":true,\"valueName\":\"search_term_string\"}}],\"inLanguage\":\"tr\"},{\"@type\":\"Person\",\"@id\":\"https:\\\/\\\/kibrisdakik.com\\\/#\\\/schema\\\/person\\\/9cd9d437bbb44f72b73ba127e06d8e79\",\"name\":\"admin\",\"image\":{\"@type\":\"ImageObject\",\"inLanguage\":\"tr\",\"@id\":\"https:\\\/\\\/secure.gravatar.com\\\/avatar\\\/ccc17943b9d660506c869530f897617f7cb1c21a4bf30023f252596d83e1f007?s=96&d=mm&r=g\",\"url\":\"https:\\\/\\\/secure.gravatar.com\\\/avatar\\\/ccc17943b9d660506c869530f897617f7cb1c21a4bf30023f252596d83e1f007?s=96&d=mm&r=g\",\"contentUrl\":\"https:\\\/\\\/secure.gravatar.com\\\/avatar\\\/ccc17943b9d660506c869530f897617f7cb1c21a4bf30023f252596d83e1f007?s=96&d=mm&r=g\",\"caption\":\"admin\"},\"sameAs\":[\"https:\\\/\\\/kibrisdakik.com\"],\"url\":\"https:\\\/\\\/kibrisdakik.com\\\/?author=1\"}]}<\/script>\n<!-- \/ Yoast SEO plugin. -->","yoast_head_json":{"title":"Girne\u2019de, elektrik trafosunun \u0131s\u0131n\u0131p alevlenmesi sonucu yang\u0131n meydana geldi -","robots":{"index":"index","follow":"follow","max-snippet":"max-snippet:-1","max-image-preview":"max-image-preview:large","max-video-preview":"max-video-preview:-1"},"canonical":"https:\/\/kibrisdakik.com\/?p=48759","og_locale":"tr_TR","og_type":"article","og_title":"Girne\u2019de, elektrik trafosunun \u0131s\u0131n\u0131p alevlenmesi sonucu yang\u0131n meydana geldi -","og_description":"Girne\u2019de, elektrik trafosunun \u0131s\u0131n\u0131p alevlenmesi sonucu yang\u0131n meydana geldi. Polis Bas\u0131n Subayl\u0131\u011f\u0131\u2019ndan yap\u0131lan yaz\u0131l\u0131 a\u00e7\u0131klamada, Girne\u2019de d\u00fcn \u0130skenderun Caddesi\u2019nde, bir ara\u00e7 park yeri i\u00e7erisinde, elektrik trafo odas\u0131 i\u00e7erisinde bulunan elektrik trafosunun \u0131s\u0131n\u0131p alevlenmesi sonucu yang\u0131n meydana geldi\u011fi kaydedildi. Yang\u0131n \u0130tfaiye Ekipleri taraf\u0131ndan s\u00f6nd\u00fcr\u00fcld\u00fc; \u00e7\u0131kan yang\u0131n sonucu, bahse konu elektrik trafosu tamamen yanarak zarar g\u00f6rd\u00fc. \u00a0","og_url":"https:\/\/kibrisdakik.com\/?p=48759","article_published_time":"2024-07-05T21:55:49+00:00","og_image":[{"width":1200,"height":700,"url":"https:\/\/kibrisdakik.com\/wp-content\/uploads\/2023\/02\/yangin-5454-740x420.jpg","type":"image\/jpeg"}],"author":"admin","twitter_card":"summary_large_image","twitter_misc":{"Yazan:":"admin"},"schema":{"@context":"https:\/\/schema.org","@graph":[{"@type":"Article","@id":"https:\/\/kibrisdakik.com\/?p=48759#article","isPartOf":{"@id":"https:\/\/kibrisdakik.com\/?p=48759"},"author":{"name":"admin","@id":"https:\/\/kibrisdakik.com\/#\/schema\/person\/9cd9d437bbb44f72b73ba127e06d8e79"},"headline":"Girne\u2019de, elektrik trafosunun \u0131s\u0131n\u0131p alevlenmesi sonucu yang\u0131n meydana geldi","datePublished":"2024-07-05T21:55:49+00:00","mainEntityOfPage":{"@id":"https:\/\/kibrisdakik.com\/?p=48759"},"wordCount":92,"commentCount":0,"image":{"@id":"https:\/\/kibrisdakik.com\/?p=48759#primaryimage"},"thumbnailUrl":"https:\/\/kibrisdakik.com\/wp-content\/uploads\/2023\/02\/yangin-5454-740x420.jpg","articleSection":["G\u00fcndem"],"inLanguage":"tr","potentialAction":[{"@type":"CommentAction","name":"Comment","target":["https:\/\/kibrisdakik.com\/?p=48759#respond"]}]},{"@type":"WebPage","@id":"https:\/\/kibrisdakik.com\/?p=48759","url":"https:\/\/kibrisdakik.com\/?p=48759","name":"Girne\u2019de, elektrik trafosunun \u0131s\u0131n\u0131p alevlenmesi sonucu yang\u0131n meydana geldi -","isPartOf":{"@id":"https:\/\/kibrisdakik.com\/#website"},"primaryImageOfPage":{"@id":"https:\/\/kibrisdakik.com\/?p=48759#primaryimage"},"image":{"@id":"https:\/\/kibrisdakik.com\/?p=48759#primaryimage"},"thumbnailUrl":"https:\/\/kibrisdakik.com\/wp-content\/uploads\/2023\/02\/yangin-5454-740x420.jpg","datePublished":"2024-07-05T21:55:49+00:00","author":{"@id":"https:\/\/kibrisdakik.com\/#\/schema\/person\/9cd9d437bbb44f72b73ba127e06d8e79"},"breadcrumb":{"@id":"https:\/\/kibrisdakik.com\/?p=48759#breadcrumb"},"inLanguage":"tr","potentialAction":[{"@type":"ReadAction","target":["https:\/\/kibrisdakik.com\/?p=48759"]}]},{"@type":"ImageObject","inLanguage":"tr","@id":"https:\/\/kibrisdakik.com\/?p=48759#primaryimage","url":"https:\/\/kibrisdakik.com\/wp-content\/uploads\/2023\/02\/yangin-5454-740x420.jpg","contentUrl":"https:\/\/kibrisdakik.com\/wp-content\/uploads\/2023\/02\/yangin-5454-740x420.jpg","width":1200,"height":700},{"@type":"BreadcrumbList","@id":"https:\/\/kibrisdakik.com\/?p=48759#breadcrumb","itemListElement":[{"@type":"ListItem","position":1,"name":"Home","item":"https:\/\/kibrisdakik.com\/"},{"@type":"ListItem","position":2,"name":"Girne\u2019de, elektrik trafosunun \u0131s\u0131n\u0131p alevlenmesi sonucu yang\u0131n meydana geldi"}]},{"@type":"WebSite","@id":"https:\/\/kibrisdakik.com\/#website","url":"https:\/\/kibrisdakik.com\/","name":"","description":"Tam vaktinde haber","potentialAction":[{"@type":"SearchAction","target":{"@type":"EntryPoint","urlTemplate":"https:\/\/kibrisdakik.com\/?s={search_term_string}"},"query-input":{"@type":"PropertyValueSpecification","valueRequired":true,"valueName":"search_term_string"}}],"inLanguage":"tr"},{"@type":"Person","@id":"https:\/\/kibrisdakik.com\/#\/schema\/person\/9cd9d437bbb44f72b73ba127e06d8e79","name":"admin","image":{"@type":"ImageObject","inLanguage":"tr","@id":"https:\/\/secure.gravatar.com\/avatar\/ccc17943b9d660506c869530f897617f7cb1c21a4bf30023f252596d83e1f007?s=96&d=mm&r=g","url":"https:\/\/secure.gravatar.com\/avatar\/ccc17943b9d660506c869530f897617f7cb1c21a4bf30023f252596d83e1f007?s=96&d=mm&r=g","contentUrl":"https:\/\/secure.gravatar.com\/avatar\/ccc17943b9d660506c869530f897617f7cb1c21a4bf30023f252596d83e1f007?s=96&d=mm&r=g","caption":"admin"},"sameAs":["https:\/\/kibrisdakik.com"],"url":"https:\/\/kibrisdakik.com\/?author=1"}]}},"_links":{"self":[{"href":"https:\/\/kibrisdakik.com\/index.php?rest_route=\/wp\/v2\/posts\/48759","targetHints":{"allow":["GET"]}}],"collection":[{"href":"https:\/\/kibrisdakik.com\/index.php?rest_route=\/wp\/v2\/posts"}],"about":[{"href":"https:\/\/kibrisdakik.com\/index.php?rest_route=\/wp\/v2\/types\/post"}],"author":[{"embeddable":true,"href":"https:\/\/kibrisdakik.com\/index.php?rest_route=\/wp\/v2\/users\/1"}],"replies":[{"embeddable":true,"href":"https:\/\/kibrisdakik.com\/index.php?rest_route=%2Fwp%2Fv2%2Fcomments&post=48759"}],"version-history":[{"count":0,"href":"https:\/\/kibrisdakik.com\/index.php?rest_route=\/wp\/v2\/posts\/48759\/revisions"}],"wp:featuredmedia":[{"embeddable":true,"href":"https:\/\/kibrisdakik.com\/index.php?rest_route=\/wp\/v2\/media\/1927"}],"wp:attachment":[{"href":"https:\/\/kibrisdakik.com\/index.php?rest_route=%2Fwp%2Fv2%2Fmedia&parent=48759"}],"wp:term":[{"taxonomy":"category","embeddable":true,"href":"https:\/\/kibrisdakik.com\/index.php?rest_route=%2Fwp%2Fv2%2Fcategories&post=48759"},{"taxonomy":"post_tag","embeddable":true,"href":"https:\/\/kibrisdakik.com\/index.php?rest_route=%2Fwp%2Fv2%2Ftags&post=48759"}],"curies":[{"name":"wp","href":"https:\/\/api.w.org\/{rel}","templated":true}]}}