{"id":48891,"date":"2024-07-06T21:11:05","date_gmt":"2024-07-06T21:11:05","guid":{"rendered":"https:\/\/kibrisdakik.com\/index.php\/2024\/07\/06\/tdt-devlet-baskanlari-gayriresmi-zirvesinde-karabag-deklarasyonu-imzalandi\/"},"modified":"2024-07-06T21:11:05","modified_gmt":"2024-07-06T21:11:05","slug":"tdt-devlet-baskanlari-gayriresmi-zirvesinde-karabag-deklarasyonu-imzalandi","status":"publish","type":"post","link":"https:\/\/kibrisdakik.com\/?p=48891","title":{"rendered":"TDT Devlet Ba\u015fkanlar\u0131 Gayriresmi Zirvesi\u2019nde \u201dKaraba\u011f Deklarasyonu\u201d imzaland\u0131"},"content":{"rendered":"<p><img decoding=\"async\" src=\"https:\/\/www.kibristurk.com\/images\/haberler\/2024\/07\/tdt-devlet-baskanlari-gayriresmi-zirvesinde-karabag-deklarasyonu-imzalandi-1720271273.webp\" \/><\/p>\n<p style=\"text-align:left\"><span style=\"font-size:16px\"><span style=\"font-family:Merriweather,serif !important\"><span style=\"color:#000000\"><span style=\"background-color:#ffffff\">Azerbaycan Cumhurba\u015fkan\u0131 \u0130lham Aliyev&#8217;in ev sahipli\u011finde d\u00fczenlenen zirveye, Kazakistan Cumhurba\u015fkan\u0131 Kas\u0131m C\u00f6mert Tokayev, \u00d6zbekistan Cumhurba\u015fkan\u0131 \u015eevket Mirziyoyev, K\u0131rg\u0131zistan Cumhurba\u015fkan\u0131 Sad\u0131r Caparov, KKTC Cumhurba\u015fkan\u0131 Ersin Tatar, Macaristan Ba\u015fbakan\u0131 Viktor Orban, TDT Genel Sekreteri B\u00fcy\u00fckel\u00e7i Kuban\u0131\u00e7bek \u00d6m\u00fcraliyev ve TDT Aksakallar Konseyi Ba\u015fkan\u0131 Binali Y\u0131ld\u0131r\u0131m kat\u0131ld\u0131.<\/span><\/span><\/span><\/span><\/p>\n<p style=\"text-align:left\"><span style=\"font-size:16px\"><span style=\"font-family:Merriweather,serif !important\"><span style=\"color:#000000\"><span style=\"background-color:#ffffff\">Zirvede, T\u00fcrkiye&#8217;yi Cumhurba\u015fkan\u0131 Yard\u0131mc\u0131s\u0131 Cevdet Y\u0131lmaz temsil etti. Y\u0131lmaz&#8217;a, D\u0131\u015fi\u015fleri Bakan\u0131 Hakan Fidan e\u015flik etti.<\/span><\/span><\/span><\/span><\/p>\n<p style=\"text-align:left\"><span style=\"font-size:16px\"><span style=\"font-family:Merriweather,serif !important\"><span style=\"color:#000000\"><span style=\"background-color:#ffffff\">Aliyev, &#8220;Ula\u015ft\u0131rma Ba\u011flant\u0131s\u0131 ve \u0130klim Hareketi ile S\u00fcrd\u00fcr\u00fclebilir Bir Gelecek \u0130n\u015fa Etmek&#8221; temal\u0131 zirveye kat\u0131lan liderleri tek tek kar\u015f\u0131lad\u0131. Liderler, daha sonra toplant\u0131 salonuna ge\u00e7ti.<\/span><\/span><\/span><\/span><\/p>\n<p style=\"text-align:left\"><span style=\"font-size:16px\"><span style=\"font-family:Merriweather,serif !important\"><span style=\"color:#000000\"><span style=\"background-color:#ffffff\">-&#8220;Karaba\u011f Deklarasyonu&#8221; imzaland\u0131<\/span><\/span><\/span><\/span><\/p>\n<p style=\"text-align:left\"><span style=\"font-size:16px\"><span style=\"font-family:Merriweather,serif !important\"><span style=\"color:#000000\"><span style=\"background-color:#ffffff\">Zirve sonunda liderler &#8220;Karaba\u011f Deklarasyonu&#8221;na imza att\u0131.<\/span><\/span><\/span><\/span><\/p>\n<p style=\"text-align:left\"><span style=\"font-size:16px\"><span style=\"font-family:Merriweather,serif !important\"><span style=\"color:#000000\"><span style=\"background-color:#ffffff\">\u0130mza t\u00f6reni, Cumhurba\u015fkan\u0131 Recep Tayyip Erdo\u011fan&#8217;la \u0130lham Aliyev&#8217;in 15 Haziran 2021&#8217;de \u015eu\u015fa Beyannamesi&#8217;ni imzalad\u0131\u011f\u0131 alanda yap\u0131ld\u0131.<\/span><\/span><\/span><\/span><\/p>\n","protected":false},"excerpt":{"rendered":"<p>Azerbaycan Cumhurba\u015fkan\u0131 \u0130lham Aliyev&#8217;in ev sahipli\u011finde d\u00fczenlenen zirveye, Kazakistan Cumhurba\u015fkan\u0131 Kas\u0131m C\u00f6mert Tokayev, \u00d6zbekistan Cumhurba\u015fkan\u0131 \u015eevket Mirziyoyev, K\u0131rg\u0131zistan Cumhurba\u015fkan\u0131 Sad\u0131r Caparov, KKTC Cumhurba\u015fkan\u0131 Ersin Tatar, Macaristan Ba\u015fbakan\u0131 Viktor Orban, TDT Genel Sekreteri B\u00fcy\u00fckel\u00e7i Kuban\u0131\u00e7bek \u00d6m\u00fcraliyev ve TDT Aksakallar Konseyi Ba\u015fkan\u0131 Binali Y\u0131ld\u0131r\u0131m kat\u0131ld\u0131. Zirvede, T\u00fcrkiye&#8217;yi Cumhurba\u015fkan\u0131 Yard\u0131mc\u0131s\u0131 Cevdet Y\u0131lmaz temsil etti. Y\u0131lmaz&#8217;a, D\u0131\u015fi\u015fleri Bakan\u0131 Hakan<\/p>\n","protected":false},"author":1,"featured_media":48892,"comment_status":"open","ping_status":"open","sticky":false,"template":"","format":"standard","meta":{"footnotes":""},"categories":[79],"tags":[],"class_list":["post-48891","post","type-post","status-publish","format-standard","has-post-thumbnail","hentry","category-ekonomi"],"yoast_head":"<!-- This site is optimized with the Yoast SEO plugin v27.4 - https:\/\/yoast.com\/product\/yoast-seo-wordpress\/ -->\n<title>TDT Devlet Ba\u015fkanlar\u0131 Gayriresmi Zirvesi\u2019nde \u201dKaraba\u011f Deklarasyonu\u201d imzaland\u0131 -<\/title>\n<meta name=\"robots\" content=\"index, follow, max-snippet:-1, max-image-preview:large, max-video-preview:-1\" \/>\n<link rel=\"canonical\" href=\"https:\/\/kibrisdakik.com\/?p=48891\" \/>\n<meta property=\"og:locale\" content=\"tr_TR\" \/>\n<meta property=\"og:type\" content=\"article\" \/>\n<meta property=\"og:title\" content=\"TDT Devlet Ba\u015fkanlar\u0131 Gayriresmi Zirvesi\u2019nde \u201dKaraba\u011f Deklarasyonu\u201d imzaland\u0131 -\" \/>\n<meta property=\"og:description\" content=\"Azerbaycan Cumhurba\u015fkan\u0131 \u0130lham Aliyev&#8217;in ev sahipli\u011finde d\u00fczenlenen zirveye, Kazakistan Cumhurba\u015fkan\u0131 Kas\u0131m C\u00f6mert Tokayev, \u00d6zbekistan Cumhurba\u015fkan\u0131 \u015eevket Mirziyoyev, K\u0131rg\u0131zistan Cumhurba\u015fkan\u0131 Sad\u0131r Caparov, KKTC Cumhurba\u015fkan\u0131 Ersin Tatar, Macaristan Ba\u015fbakan\u0131 Viktor Orban, TDT Genel Sekreteri B\u00fcy\u00fckel\u00e7i Kuban\u0131\u00e7bek \u00d6m\u00fcraliyev ve TDT Aksakallar Konseyi Ba\u015fkan\u0131 Binali Y\u0131ld\u0131r\u0131m kat\u0131ld\u0131. Zirvede, T\u00fcrkiye&#8217;yi Cumhurba\u015fkan\u0131 Yard\u0131mc\u0131s\u0131 Cevdet Y\u0131lmaz temsil etti. Y\u0131lmaz&#8217;a, D\u0131\u015fi\u015fleri Bakan\u0131 Hakan\" \/>\n<meta property=\"og:url\" content=\"https:\/\/kibrisdakik.com\/?p=48891\" \/>\n<meta property=\"article:published_time\" content=\"2024-07-06T21:11:05+00:00\" \/>\n<meta property=\"og:image\" content=\"https:\/\/kibrisdakik.com\/wp-content\/uploads\/2024\/07\/tdt-devlet-baskanlari-gayriresmi-zirvesinde-karabag-deklarasyonu-imzalandi-1720271273.webp.webp\" \/>\n\t<meta property=\"og:image:width\" content=\"710\" \/>\n\t<meta property=\"og:image:height\" content=\"370\" \/>\n\t<meta property=\"og:image:type\" content=\"image\/webp\" \/>\n<meta name=\"author\" content=\"admin\" \/>\n<meta name=\"twitter:card\" content=\"summary_large_image\" \/>\n<meta name=\"twitter:label1\" content=\"Yazan:\" \/>\n\t<meta name=\"twitter:data1\" content=\"admin\" \/>\n\t<meta name=\"twitter:label2\" content=\"Tahmini okuma s\u00fcresi\" \/>\n\t<meta name=\"twitter:data2\" content=\"1 dakika\" \/>\n<script type=\"application\/ld+json\" class=\"yoast-schema-graph\">{\"@context\":\"https:\\\/\\\/schema.org\",\"@graph\":[{\"@type\":\"Article\",\"@id\":\"https:\\\/\\\/kibrisdakik.com\\\/?p=48891#article\",\"isPartOf\":{\"@id\":\"https:\\\/\\\/kibrisdakik.com\\\/?p=48891\"},\"author\":{\"name\":\"admin\",\"@id\":\"https:\\\/\\\/kibrisdakik.com\\\/#\\\/schema\\\/person\\\/9cd9d437bbb44f72b73ba127e06d8e79\"},\"headline\":\"TDT Devlet Ba\u015fkanlar\u0131 Gayriresmi Zirvesi\u2019nde \u201dKaraba\u011f Deklarasyonu\u201d imzaland\u0131\",\"datePublished\":\"2024-07-06T21:11:05+00:00\",\"mainEntityOfPage\":{\"@id\":\"https:\\\/\\\/kibrisdakik.com\\\/?p=48891\"},\"wordCount\":168,\"commentCount\":0,\"image\":{\"@id\":\"https:\\\/\\\/kibrisdakik.com\\\/?p=48891#primaryimage\"},\"thumbnailUrl\":\"https:\\\/\\\/kibrisdakik.com\\\/wp-content\\\/uploads\\\/2024\\\/07\\\/tdt-devlet-baskanlari-gayriresmi-zirvesinde-karabag-deklarasyonu-imzalandi-1720271273.webp.webp\",\"articleSection\":[\"Ekonomi\"],\"inLanguage\":\"tr\",\"potentialAction\":[{\"@type\":\"CommentAction\",\"name\":\"Comment\",\"target\":[\"https:\\\/\\\/kibrisdakik.com\\\/?p=48891#respond\"]}]},{\"@type\":\"WebPage\",\"@id\":\"https:\\\/\\\/kibrisdakik.com\\\/?p=48891\",\"url\":\"https:\\\/\\\/kibrisdakik.com\\\/?p=48891\",\"name\":\"TDT Devlet Ba\u015fkanlar\u0131 Gayriresmi Zirvesi\u2019nde \u201dKaraba\u011f Deklarasyonu\u201d imzaland\u0131 -\",\"isPartOf\":{\"@id\":\"https:\\\/\\\/kibrisdakik.com\\\/#website\"},\"primaryImageOfPage\":{\"@id\":\"https:\\\/\\\/kibrisdakik.com\\\/?p=48891#primaryimage\"},\"image\":{\"@id\":\"https:\\\/\\\/kibrisdakik.com\\\/?p=48891#primaryimage\"},\"thumbnailUrl\":\"https:\\\/\\\/kibrisdakik.com\\\/wp-content\\\/uploads\\\/2024\\\/07\\\/tdt-devlet-baskanlari-gayriresmi-zirvesinde-karabag-deklarasyonu-imzalandi-1720271273.webp.webp\",\"datePublished\":\"2024-07-06T21:11:05+00:00\",\"author\":{\"@id\":\"https:\\\/\\\/kibrisdakik.com\\\/#\\\/schema\\\/person\\\/9cd9d437bbb44f72b73ba127e06d8e79\"},\"breadcrumb\":{\"@id\":\"https:\\\/\\\/kibrisdakik.com\\\/?p=48891#breadcrumb\"},\"inLanguage\":\"tr\",\"potentialAction\":[{\"@type\":\"ReadAction\",\"target\":[\"https:\\\/\\\/kibrisdakik.com\\\/?p=48891\"]}]},{\"@type\":\"ImageObject\",\"inLanguage\":\"tr\",\"@id\":\"https:\\\/\\\/kibrisdakik.com\\\/?p=48891#primaryimage\",\"url\":\"https:\\\/\\\/kibrisdakik.com\\\/wp-content\\\/uploads\\\/2024\\\/07\\\/tdt-devlet-baskanlari-gayriresmi-zirvesinde-karabag-deklarasyonu-imzalandi-1720271273.webp.webp\",\"contentUrl\":\"https:\\\/\\\/kibrisdakik.com\\\/wp-content\\\/uploads\\\/2024\\\/07\\\/tdt-devlet-baskanlari-gayriresmi-zirvesinde-karabag-deklarasyonu-imzalandi-1720271273.webp.webp\",\"width\":710,\"height\":370},{\"@type\":\"BreadcrumbList\",\"@id\":\"https:\\\/\\\/kibrisdakik.com\\\/?p=48891#breadcrumb\",\"itemListElement\":[{\"@type\":\"ListItem\",\"position\":1,\"name\":\"Home\",\"item\":\"https:\\\/\\\/kibrisdakik.com\\\/\"},{\"@type\":\"ListItem\",\"position\":2,\"name\":\"TDT Devlet Ba\u015fkanlar\u0131 Gayriresmi Zirvesi\u2019nde \u201dKaraba\u011f Deklarasyonu\u201d imzaland\u0131\"}]},{\"@type\":\"WebSite\",\"@id\":\"https:\\\/\\\/kibrisdakik.com\\\/#website\",\"url\":\"https:\\\/\\\/kibrisdakik.com\\\/\",\"name\":\"\",\"description\":\"Tam vaktinde haber\",\"potentialAction\":[{\"@type\":\"SearchAction\",\"target\":{\"@type\":\"EntryPoint\",\"urlTemplate\":\"https:\\\/\\\/kibrisdakik.com\\\/?s={search_term_string}\"},\"query-input\":{\"@type\":\"PropertyValueSpecification\",\"valueRequired\":true,\"valueName\":\"search_term_string\"}}],\"inLanguage\":\"tr\"},{\"@type\":\"Person\",\"@id\":\"https:\\\/\\\/kibrisdakik.com\\\/#\\\/schema\\\/person\\\/9cd9d437bbb44f72b73ba127e06d8e79\",\"name\":\"admin\",\"image\":{\"@type\":\"ImageObject\",\"inLanguage\":\"tr\",\"@id\":\"https:\\\/\\\/secure.gravatar.com\\\/avatar\\\/ccc17943b9d660506c869530f897617f7cb1c21a4bf30023f252596d83e1f007?s=96&d=mm&r=g\",\"url\":\"https:\\\/\\\/secure.gravatar.com\\\/avatar\\\/ccc17943b9d660506c869530f897617f7cb1c21a4bf30023f252596d83e1f007?s=96&d=mm&r=g\",\"contentUrl\":\"https:\\\/\\\/secure.gravatar.com\\\/avatar\\\/ccc17943b9d660506c869530f897617f7cb1c21a4bf30023f252596d83e1f007?s=96&d=mm&r=g\",\"caption\":\"admin\"},\"sameAs\":[\"https:\\\/\\\/kibrisdakik.com\"],\"url\":\"https:\\\/\\\/kibrisdakik.com\\\/?author=1\"}]}<\/script>\n<!-- \/ Yoast SEO plugin. -->","yoast_head_json":{"title":"TDT Devlet Ba\u015fkanlar\u0131 Gayriresmi Zirvesi\u2019nde \u201dKaraba\u011f Deklarasyonu\u201d imzaland\u0131 -","robots":{"index":"index","follow":"follow","max-snippet":"max-snippet:-1","max-image-preview":"max-image-preview:large","max-video-preview":"max-video-preview:-1"},"canonical":"https:\/\/kibrisdakik.com\/?p=48891","og_locale":"tr_TR","og_type":"article","og_title":"TDT Devlet Ba\u015fkanlar\u0131 Gayriresmi Zirvesi\u2019nde \u201dKaraba\u011f Deklarasyonu\u201d imzaland\u0131 -","og_description":"Azerbaycan Cumhurba\u015fkan\u0131 \u0130lham Aliyev&#8217;in ev sahipli\u011finde d\u00fczenlenen zirveye, Kazakistan Cumhurba\u015fkan\u0131 Kas\u0131m C\u00f6mert Tokayev, \u00d6zbekistan Cumhurba\u015fkan\u0131 \u015eevket Mirziyoyev, K\u0131rg\u0131zistan Cumhurba\u015fkan\u0131 Sad\u0131r Caparov, KKTC Cumhurba\u015fkan\u0131 Ersin Tatar, Macaristan Ba\u015fbakan\u0131 Viktor Orban, TDT Genel Sekreteri B\u00fcy\u00fckel\u00e7i Kuban\u0131\u00e7bek \u00d6m\u00fcraliyev ve TDT Aksakallar Konseyi Ba\u015fkan\u0131 Binali Y\u0131ld\u0131r\u0131m kat\u0131ld\u0131. Zirvede, T\u00fcrkiye&#8217;yi Cumhurba\u015fkan\u0131 Yard\u0131mc\u0131s\u0131 Cevdet Y\u0131lmaz temsil etti. Y\u0131lmaz&#8217;a, D\u0131\u015fi\u015fleri Bakan\u0131 Hakan","og_url":"https:\/\/kibrisdakik.com\/?p=48891","article_published_time":"2024-07-06T21:11:05+00:00","og_image":[{"width":710,"height":370,"url":"https:\/\/kibrisdakik.com\/wp-content\/uploads\/2024\/07\/tdt-devlet-baskanlari-gayriresmi-zirvesinde-karabag-deklarasyonu-imzalandi-1720271273.webp.webp","type":"image\/webp"}],"author":"admin","twitter_card":"summary_large_image","twitter_misc":{"Yazan:":"admin","Tahmini okuma s\u00fcresi":"1 dakika"},"schema":{"@context":"https:\/\/schema.org","@graph":[{"@type":"Article","@id":"https:\/\/kibrisdakik.com\/?p=48891#article","isPartOf":{"@id":"https:\/\/kibrisdakik.com\/?p=48891"},"author":{"name":"admin","@id":"https:\/\/kibrisdakik.com\/#\/schema\/person\/9cd9d437bbb44f72b73ba127e06d8e79"},"headline":"TDT Devlet Ba\u015fkanlar\u0131 Gayriresmi Zirvesi\u2019nde \u201dKaraba\u011f Deklarasyonu\u201d imzaland\u0131","datePublished":"2024-07-06T21:11:05+00:00","mainEntityOfPage":{"@id":"https:\/\/kibrisdakik.com\/?p=48891"},"wordCount":168,"commentCount":0,"image":{"@id":"https:\/\/kibrisdakik.com\/?p=48891#primaryimage"},"thumbnailUrl":"https:\/\/kibrisdakik.com\/wp-content\/uploads\/2024\/07\/tdt-devlet-baskanlari-gayriresmi-zirvesinde-karabag-deklarasyonu-imzalandi-1720271273.webp.webp","articleSection":["Ekonomi"],"inLanguage":"tr","potentialAction":[{"@type":"CommentAction","name":"Comment","target":["https:\/\/kibrisdakik.com\/?p=48891#respond"]}]},{"@type":"WebPage","@id":"https:\/\/kibrisdakik.com\/?p=48891","url":"https:\/\/kibrisdakik.com\/?p=48891","name":"TDT Devlet Ba\u015fkanlar\u0131 Gayriresmi Zirvesi\u2019nde \u201dKaraba\u011f Deklarasyonu\u201d imzaland\u0131 -","isPartOf":{"@id":"https:\/\/kibrisdakik.com\/#website"},"primaryImageOfPage":{"@id":"https:\/\/kibrisdakik.com\/?p=48891#primaryimage"},"image":{"@id":"https:\/\/kibrisdakik.com\/?p=48891#primaryimage"},"thumbnailUrl":"https:\/\/kibrisdakik.com\/wp-content\/uploads\/2024\/07\/tdt-devlet-baskanlari-gayriresmi-zirvesinde-karabag-deklarasyonu-imzalandi-1720271273.webp.webp","datePublished":"2024-07-06T21:11:05+00:00","author":{"@id":"https:\/\/kibrisdakik.com\/#\/schema\/person\/9cd9d437bbb44f72b73ba127e06d8e79"},"breadcrumb":{"@id":"https:\/\/kibrisdakik.com\/?p=48891#breadcrumb"},"inLanguage":"tr","potentialAction":[{"@type":"ReadAction","target":["https:\/\/kibrisdakik.com\/?p=48891"]}]},{"@type":"ImageObject","inLanguage":"tr","@id":"https:\/\/kibrisdakik.com\/?p=48891#primaryimage","url":"https:\/\/kibrisdakik.com\/wp-content\/uploads\/2024\/07\/tdt-devlet-baskanlari-gayriresmi-zirvesinde-karabag-deklarasyonu-imzalandi-1720271273.webp.webp","contentUrl":"https:\/\/kibrisdakik.com\/wp-content\/uploads\/2024\/07\/tdt-devlet-baskanlari-gayriresmi-zirvesinde-karabag-deklarasyonu-imzalandi-1720271273.webp.webp","width":710,"height":370},{"@type":"BreadcrumbList","@id":"https:\/\/kibrisdakik.com\/?p=48891#breadcrumb","itemListElement":[{"@type":"ListItem","position":1,"name":"Home","item":"https:\/\/kibrisdakik.com\/"},{"@type":"ListItem","position":2,"name":"TDT Devlet Ba\u015fkanlar\u0131 Gayriresmi Zirvesi\u2019nde \u201dKaraba\u011f Deklarasyonu\u201d imzaland\u0131"}]},{"@type":"WebSite","@id":"https:\/\/kibrisdakik.com\/#website","url":"https:\/\/kibrisdakik.com\/","name":"","description":"Tam vaktinde haber","potentialAction":[{"@type":"SearchAction","target":{"@type":"EntryPoint","urlTemplate":"https:\/\/kibrisdakik.com\/?s={search_term_string}"},"query-input":{"@type":"PropertyValueSpecification","valueRequired":true,"valueName":"search_term_string"}}],"inLanguage":"tr"},{"@type":"Person","@id":"https:\/\/kibrisdakik.com\/#\/schema\/person\/9cd9d437bbb44f72b73ba127e06d8e79","name":"admin","image":{"@type":"ImageObject","inLanguage":"tr","@id":"https:\/\/secure.gravatar.com\/avatar\/ccc17943b9d660506c869530f897617f7cb1c21a4bf30023f252596d83e1f007?s=96&d=mm&r=g","url":"https:\/\/secure.gravatar.com\/avatar\/ccc17943b9d660506c869530f897617f7cb1c21a4bf30023f252596d83e1f007?s=96&d=mm&r=g","contentUrl":"https:\/\/secure.gravatar.com\/avatar\/ccc17943b9d660506c869530f897617f7cb1c21a4bf30023f252596d83e1f007?s=96&d=mm&r=g","caption":"admin"},"sameAs":["https:\/\/kibrisdakik.com"],"url":"https:\/\/kibrisdakik.com\/?author=1"}]}},"_links":{"self":[{"href":"https:\/\/kibrisdakik.com\/index.php?rest_route=\/wp\/v2\/posts\/48891","targetHints":{"allow":["GET"]}}],"collection":[{"href":"https:\/\/kibrisdakik.com\/index.php?rest_route=\/wp\/v2\/posts"}],"about":[{"href":"https:\/\/kibrisdakik.com\/index.php?rest_route=\/wp\/v2\/types\/post"}],"author":[{"embeddable":true,"href":"https:\/\/kibrisdakik.com\/index.php?rest_route=\/wp\/v2\/users\/1"}],"replies":[{"embeddable":true,"href":"https:\/\/kibrisdakik.com\/index.php?rest_route=%2Fwp%2Fv2%2Fcomments&post=48891"}],"version-history":[{"count":0,"href":"https:\/\/kibrisdakik.com\/index.php?rest_route=\/wp\/v2\/posts\/48891\/revisions"}],"wp:featuredmedia":[{"embeddable":true,"href":"https:\/\/kibrisdakik.com\/index.php?rest_route=\/wp\/v2\/media\/48892"}],"wp:attachment":[{"href":"https:\/\/kibrisdakik.com\/index.php?rest_route=%2Fwp%2Fv2%2Fmedia&parent=48891"}],"wp:term":[{"taxonomy":"category","embeddable":true,"href":"https:\/\/kibrisdakik.com\/index.php?rest_route=%2Fwp%2Fv2%2Fcategories&post=48891"},{"taxonomy":"post_tag","embeddable":true,"href":"https:\/\/kibrisdakik.com\/index.php?rest_route=%2Fwp%2Fv2%2Ftags&post=48891"}],"curies":[{"name":"wp","href":"https:\/\/api.w.org\/{rel}","templated":true}]}}