{"id":48911,"date":"2024-07-07T02:04:09","date_gmt":"2024-07-07T02:04:09","guid":{"rendered":"https:\/\/kibrisdakik.com\/index.php\/2024\/07\/07\/kttb-kktcde-adaletin-herkese-esit-uygulanmadigini-savundu\/"},"modified":"2024-07-07T02:04:09","modified_gmt":"2024-07-07T02:04:09","slug":"kttb-kktcde-adaletin-herkese-esit-uygulanmadigini-savundu","status":"publish","type":"post","link":"https:\/\/kibrisdakik.com\/?p=48911","title":{"rendered":"KTTB KKTC\u2019de adaletin herkese e\u015fit uygulanmad\u0131\u011f\u0131n\u0131 savundu"},"content":{"rendered":"<p><img decoding=\"async\" src=\"https:\/\/www.kibristurk.com\/images\/haberler\/2024\/07\/kttb-kktcde-adaletin-herkese-esit-uygulanmadigini-savundu-1720260579.webp\" \/><\/p>\n<p style=\"text-align:left\"><span style=\"font-size:16px\"><span style=\"font-family:Merriweather,serif !important\"><span style=\"color:#000000\"><span style=\"background-color:#ffffff\">Birlik\u2019ten yap\u0131lan yaz\u0131l\u0131 a\u00e7\u0131klamada, \u201cre\u00e7ete soru\u015fturmas\u0131\u201d hat\u0131rlat\u0131ld\u0131, bir bakanl\u0131k \u00f6zel kalem m\u00fcd\u00fcr\u00fcn\u00fcn mahkemeye kelep\u00e7esin \u00e7\u0131kar\u0131ld\u0131\u011f\u0131na, sahte diploma soru\u015fturmas\u0131 kapsam\u0131nda aranan di\u011fer bir ki\u015finin ise bas\u0131n\u0131n foto\u011fraf alamamas\u0131 i\u00e7in erkenden mahkemeye \u00e7\u0131kar\u0131ld\u0131\u011f\u0131na dikkat \u00e7ekildi.<\/span><\/span><\/span><\/span><\/p>\n<p style=\"text-align:left\"><span style=\"font-size:16px\"><span style=\"font-family:Merriweather,serif !important\"><span style=\"color:#000000\"><span style=\"background-color:#ffffff\">Re\u00e7ete soru\u015fturmas\u0131 s\u00fcrecinde gazetelerde kelep\u00e7eli foto\u011fraflar\u0131n\u0131n yer almas\u0131n\u0131n doktor ve eczac\u0131lar\u0131n meslek onurunu zedeledi\u011fi belirtilen a\u00e7\u0131klamada ancak r\u00fc\u015fvetle su\u00e7lanan bir bakanl\u0131k \u00f6zel kalem m\u00fcd\u00fcr\u00fcn\u00fcn mahkemeye kelep\u00e7esiz \u015fekilde \u00e7\u0131kar\u0131ld\u0131\u011f\u0131 kaydedildi.<\/span><\/span><\/span><\/span><\/p>\n<p style=\"text-align:left\"><span style=\"font-size:16px\"><span style=\"font-family:Merriweather,serif !important\"><span style=\"color:#000000\"><span style=\"background-color:#ffffff\">Sahte diploma soru\u015fturmas\u0131 kapsam\u0131nda aranan ve d\u00fcn \u00fclkeye d\u00f6nen birinin davas\u0131n\u0131n foto\u011fraf \u00e7ekilmesine olanak vermemek i\u00e7in sabah erken saatlerde g\u00f6r\u00fclmesi ele\u015ftirilen a\u00e7\u0131klamada sahte diploma soru\u015fturmas\u0131 kapsam\u0131nda ifadesi al\u0131nan di\u011fer ki\u015filere ayn\u0131 uygulaman\u0131n yap\u0131lamad\u0131\u011f\u0131na dikkat \u00e7ekildi.<\/span><\/span><\/span><\/span><\/p>\n<p style=\"text-align:left\"><span style=\"font-size:16px\"><span style=\"font-family:Merriweather,serif !important\"><span style=\"color:#000000\"><span style=\"background-color:#ffffff\">A\u00e7\u0131klamada&nbsp; \u201cEmniyet mensuplar\u0131 tutuklama, ifade ve mahkeme s\u00fcrecinde bu ayr\u0131cal\u0131kl\u0131 muameleyi yapmak zorunda m\u0131yd\u0131? Anayasa\u2019y\u0131 hi\u00e7e sayan bu talimatlar\u0131na uymak zorunda m\u0131yd\u0131? Hay\u0131r.\u201d denildi.<\/span><\/span><\/span><\/span><\/p>\n<p style=\"text-align:left\"><span style=\"font-size:16px\"><span style=\"font-family:Merriweather,serif !important\"><span style=\"color:#000000\"><span style=\"background-color:#ffffff\">Re\u00e7ete soru\u015fturmas\u0131nda, ifadesine ba\u015fvurulan hekimlerin a\u00e7\u0131k isimlerinin ve kelep\u00e7eli foto\u011fraflar\u0131n\u0131n medyaya yans\u0131d\u0131\u011f\u0131 kaydedilen a\u00e7\u0131klamada \u015fu ifadelere yer verildi: \u201cMedya eti\u011fi, masumiyet karinesi ve ki\u015filerin lekelenmeme hakk\u0131n\u0131n \u00f6nemsenmedi\u011fi \u00fcz\u00fcc\u00fc ve t\u0131p mesle\u011fi ile t\u0131p mesle\u011fini icra eden ki\u015fileri k\u00fc\u00e7\u00fck d\u00fc\u015f\u00fcr\u00fcc\u00fc, onur k\u0131r\u0131c\u0131 ve meslek haysiyetini zedeleyici bir s\u00fcre\u00e7 ya\u015fam\u0131\u015ft\u0131k. Yapt\u0131\u011f\u0131m\u0131z a\u00e7\u0131klamalarda kelep\u00e7e tak\u0131lmas\u0131 konusuna ciddi ele\u015ftiriler getirmi\u015ftik. Bu kelep\u00e7e tak\u0131lmamas\u0131 konusundaki a\u00e7\u0131klamalar\u0131m\u0131zda sadece hekimlere eczac\u0131lara de\u011fil herkes i\u00e7in bu onur k\u0131r\u0131c\u0131 muamelenin kald\u0131r\u0131lmas\u0131n\u0131 talep etmi\u015ftik.\u201d<\/span><\/span><\/span><\/span><\/p>\n<p style=\"text-align:left\"><span style=\"font-size:16px\"><span style=\"font-family:Merriweather,serif !important\"><span style=\"color:#000000\"><span style=\"background-color:#ffffff\">Dava s\u00fcre\u00e7lerinde farkl\u0131 uygulamalar\u0131n takip edilmesi ele\u015ftirilen a\u00e7\u0131klamada \u015f\u00f6yle denildi: \u201cAdalet ve e\u015fitlik ilkelerinin korunmas\u0131 ve geli\u015ftirilmesi, sadece bug\u00fcn i\u00e7in de\u011fil, gelecekte kar\u015f\u0131la\u015f\u0131labilecek t\u00fcm haks\u0131zl\u0131klar i\u00e7in de bir g\u00fcvencedir. Adalet, sadece ma\u011fdurlar i\u00e7in de\u011fil, su\u00e7lanan ki\u015filer i\u00e7in de gereklidir; zira su\u00e7lu olmad\u0131\u011f\u0131n\u0131 kan\u0131tlamak i\u00e7in herkesin adil bir yarg\u0131lama s\u00fcrecine, onurunu koruma ve de\u015fifre olmama hakk\u0131 vard\u0131r. Bu sebeple, adaletin ve e\u015fitli\u011fin sa\u011fland\u0131\u011f\u0131 bir yarg\u0131 sistemi, toplumsal bar\u0131\u015f ve huzurun teminat\u0131d\u0131r ve her birey i\u00e7in hayati \u00f6neme sahip olabilir.\u201d<\/span><\/span><\/span><\/span><\/p>\n","protected":false},"excerpt":{"rendered":"<p>Birlik\u2019ten yap\u0131lan yaz\u0131l\u0131 a\u00e7\u0131klamada, \u201cre\u00e7ete soru\u015fturmas\u0131\u201d hat\u0131rlat\u0131ld\u0131, bir bakanl\u0131k \u00f6zel kalem m\u00fcd\u00fcr\u00fcn\u00fcn mahkemeye kelep\u00e7esin \u00e7\u0131kar\u0131ld\u0131\u011f\u0131na, sahte diploma soru\u015fturmas\u0131 kapsam\u0131nda aranan di\u011fer bir ki\u015finin ise bas\u0131n\u0131n foto\u011fraf alamamas\u0131 i\u00e7in erkenden mahkemeye \u00e7\u0131kar\u0131ld\u0131\u011f\u0131na dikkat \u00e7ekildi. Re\u00e7ete soru\u015fturmas\u0131 s\u00fcrecinde gazetelerde kelep\u00e7eli foto\u011fraflar\u0131n\u0131n yer almas\u0131n\u0131n doktor ve eczac\u0131lar\u0131n meslek onurunu zedeledi\u011fi belirtilen a\u00e7\u0131klamada ancak r\u00fc\u015fvetle su\u00e7lanan bir bakanl\u0131k \u00f6zel<\/p>\n","protected":false},"author":1,"featured_media":48912,"comment_status":"open","ping_status":"open","sticky":false,"template":"","format":"standard","meta":{"footnotes":""},"categories":[85],"tags":[],"class_list":["post-48911","post","type-post","status-publish","format-standard","has-post-thumbnail","hentry","category-spor"],"yoast_head":"<!-- This site is optimized with the Yoast SEO plugin v27.4 - https:\/\/yoast.com\/product\/yoast-seo-wordpress\/ -->\n<title>KTTB KKTC\u2019de adaletin herkese e\u015fit uygulanmad\u0131\u011f\u0131n\u0131 savundu -<\/title>\n<meta name=\"robots\" content=\"index, follow, max-snippet:-1, max-image-preview:large, max-video-preview:-1\" \/>\n<link rel=\"canonical\" href=\"https:\/\/kibrisdakik.com\/?p=48911\" \/>\n<meta property=\"og:locale\" content=\"tr_TR\" \/>\n<meta property=\"og:type\" content=\"article\" \/>\n<meta property=\"og:title\" content=\"KTTB KKTC\u2019de adaletin herkese e\u015fit uygulanmad\u0131\u011f\u0131n\u0131 savundu -\" \/>\n<meta property=\"og:description\" content=\"Birlik\u2019ten yap\u0131lan yaz\u0131l\u0131 a\u00e7\u0131klamada, \u201cre\u00e7ete soru\u015fturmas\u0131\u201d hat\u0131rlat\u0131ld\u0131, bir bakanl\u0131k \u00f6zel kalem m\u00fcd\u00fcr\u00fcn\u00fcn mahkemeye kelep\u00e7esin \u00e7\u0131kar\u0131ld\u0131\u011f\u0131na, sahte diploma soru\u015fturmas\u0131 kapsam\u0131nda aranan di\u011fer bir ki\u015finin ise bas\u0131n\u0131n foto\u011fraf alamamas\u0131 i\u00e7in erkenden mahkemeye \u00e7\u0131kar\u0131ld\u0131\u011f\u0131na dikkat \u00e7ekildi. Re\u00e7ete soru\u015fturmas\u0131 s\u00fcrecinde gazetelerde kelep\u00e7eli foto\u011fraflar\u0131n\u0131n yer almas\u0131n\u0131n doktor ve eczac\u0131lar\u0131n meslek onurunu zedeledi\u011fi belirtilen a\u00e7\u0131klamada ancak r\u00fc\u015fvetle su\u00e7lanan bir bakanl\u0131k \u00f6zel\" \/>\n<meta property=\"og:url\" content=\"https:\/\/kibrisdakik.com\/?p=48911\" \/>\n<meta property=\"article:published_time\" content=\"2024-07-07T02:04:09+00:00\" \/>\n<meta property=\"og:image\" content=\"https:\/\/kibrisdakik.com\/wp-content\/uploads\/2024\/07\/kttb-kktcde-adaletin-herkese-esit-uygulanmadigini-savundu-1720260579.webp.webp\" \/>\n\t<meta property=\"og:image:width\" content=\"710\" \/>\n\t<meta property=\"og:image:height\" content=\"370\" \/>\n\t<meta property=\"og:image:type\" content=\"image\/webp\" \/>\n<meta name=\"author\" content=\"admin\" \/>\n<meta name=\"twitter:card\" content=\"summary_large_image\" \/>\n<meta name=\"twitter:label1\" content=\"Yazan:\" \/>\n\t<meta name=\"twitter:data1\" content=\"admin\" \/>\n\t<meta name=\"twitter:label2\" content=\"Tahmini okuma s\u00fcresi\" \/>\n\t<meta name=\"twitter:data2\" content=\"2 dakika\" \/>\n<script type=\"application\/ld+json\" class=\"yoast-schema-graph\">{\"@context\":\"https:\\\/\\\/schema.org\",\"@graph\":[{\"@type\":\"Article\",\"@id\":\"https:\\\/\\\/kibrisdakik.com\\\/?p=48911#article\",\"isPartOf\":{\"@id\":\"https:\\\/\\\/kibrisdakik.com\\\/?p=48911\"},\"author\":{\"name\":\"admin\",\"@id\":\"https:\\\/\\\/kibrisdakik.com\\\/#\\\/schema\\\/person\\\/9cd9d437bbb44f72b73ba127e06d8e79\"},\"headline\":\"KTTB KKTC\u2019de adaletin herkese e\u015fit uygulanmad\u0131\u011f\u0131n\u0131 savundu\",\"datePublished\":\"2024-07-07T02:04:09+00:00\",\"mainEntityOfPage\":{\"@id\":\"https:\\\/\\\/kibrisdakik.com\\\/?p=48911\"},\"wordCount\":451,\"commentCount\":0,\"image\":{\"@id\":\"https:\\\/\\\/kibrisdakik.com\\\/?p=48911#primaryimage\"},\"thumbnailUrl\":\"https:\\\/\\\/kibrisdakik.com\\\/wp-content\\\/uploads\\\/2024\\\/07\\\/kttb-kktcde-adaletin-herkese-esit-uygulanmadigini-savundu-1720260579.webp.webp\",\"articleSection\":[\"Spor\"],\"inLanguage\":\"tr\",\"potentialAction\":[{\"@type\":\"CommentAction\",\"name\":\"Comment\",\"target\":[\"https:\\\/\\\/kibrisdakik.com\\\/?p=48911#respond\"]}]},{\"@type\":\"WebPage\",\"@id\":\"https:\\\/\\\/kibrisdakik.com\\\/?p=48911\",\"url\":\"https:\\\/\\\/kibrisdakik.com\\\/?p=48911\",\"name\":\"KTTB KKTC\u2019de adaletin herkese e\u015fit uygulanmad\u0131\u011f\u0131n\u0131 savundu -\",\"isPartOf\":{\"@id\":\"https:\\\/\\\/kibrisdakik.com\\\/#website\"},\"primaryImageOfPage\":{\"@id\":\"https:\\\/\\\/kibrisdakik.com\\\/?p=48911#primaryimage\"},\"image\":{\"@id\":\"https:\\\/\\\/kibrisdakik.com\\\/?p=48911#primaryimage\"},\"thumbnailUrl\":\"https:\\\/\\\/kibrisdakik.com\\\/wp-content\\\/uploads\\\/2024\\\/07\\\/kttb-kktcde-adaletin-herkese-esit-uygulanmadigini-savundu-1720260579.webp.webp\",\"datePublished\":\"2024-07-07T02:04:09+00:00\",\"author\":{\"@id\":\"https:\\\/\\\/kibrisdakik.com\\\/#\\\/schema\\\/person\\\/9cd9d437bbb44f72b73ba127e06d8e79\"},\"breadcrumb\":{\"@id\":\"https:\\\/\\\/kibrisdakik.com\\\/?p=48911#breadcrumb\"},\"inLanguage\":\"tr\",\"potentialAction\":[{\"@type\":\"ReadAction\",\"target\":[\"https:\\\/\\\/kibrisdakik.com\\\/?p=48911\"]}]},{\"@type\":\"ImageObject\",\"inLanguage\":\"tr\",\"@id\":\"https:\\\/\\\/kibrisdakik.com\\\/?p=48911#primaryimage\",\"url\":\"https:\\\/\\\/kibrisdakik.com\\\/wp-content\\\/uploads\\\/2024\\\/07\\\/kttb-kktcde-adaletin-herkese-esit-uygulanmadigini-savundu-1720260579.webp.webp\",\"contentUrl\":\"https:\\\/\\\/kibrisdakik.com\\\/wp-content\\\/uploads\\\/2024\\\/07\\\/kttb-kktcde-adaletin-herkese-esit-uygulanmadigini-savundu-1720260579.webp.webp\",\"width\":710,\"height\":370},{\"@type\":\"BreadcrumbList\",\"@id\":\"https:\\\/\\\/kibrisdakik.com\\\/?p=48911#breadcrumb\",\"itemListElement\":[{\"@type\":\"ListItem\",\"position\":1,\"name\":\"Home\",\"item\":\"https:\\\/\\\/kibrisdakik.com\\\/\"},{\"@type\":\"ListItem\",\"position\":2,\"name\":\"KTTB KKTC\u2019de adaletin herkese e\u015fit uygulanmad\u0131\u011f\u0131n\u0131 savundu\"}]},{\"@type\":\"WebSite\",\"@id\":\"https:\\\/\\\/kibrisdakik.com\\\/#website\",\"url\":\"https:\\\/\\\/kibrisdakik.com\\\/\",\"name\":\"\",\"description\":\"Tam vaktinde haber\",\"potentialAction\":[{\"@type\":\"SearchAction\",\"target\":{\"@type\":\"EntryPoint\",\"urlTemplate\":\"https:\\\/\\\/kibrisdakik.com\\\/?s={search_term_string}\"},\"query-input\":{\"@type\":\"PropertyValueSpecification\",\"valueRequired\":true,\"valueName\":\"search_term_string\"}}],\"inLanguage\":\"tr\"},{\"@type\":\"Person\",\"@id\":\"https:\\\/\\\/kibrisdakik.com\\\/#\\\/schema\\\/person\\\/9cd9d437bbb44f72b73ba127e06d8e79\",\"name\":\"admin\",\"image\":{\"@type\":\"ImageObject\",\"inLanguage\":\"tr\",\"@id\":\"https:\\\/\\\/secure.gravatar.com\\\/avatar\\\/ccc17943b9d660506c869530f897617f7cb1c21a4bf30023f252596d83e1f007?s=96&d=mm&r=g\",\"url\":\"https:\\\/\\\/secure.gravatar.com\\\/avatar\\\/ccc17943b9d660506c869530f897617f7cb1c21a4bf30023f252596d83e1f007?s=96&d=mm&r=g\",\"contentUrl\":\"https:\\\/\\\/secure.gravatar.com\\\/avatar\\\/ccc17943b9d660506c869530f897617f7cb1c21a4bf30023f252596d83e1f007?s=96&d=mm&r=g\",\"caption\":\"admin\"},\"sameAs\":[\"https:\\\/\\\/kibrisdakik.com\"],\"url\":\"https:\\\/\\\/kibrisdakik.com\\\/?author=1\"}]}<\/script>\n<!-- \/ Yoast SEO plugin. -->","yoast_head_json":{"title":"KTTB KKTC\u2019de adaletin herkese e\u015fit uygulanmad\u0131\u011f\u0131n\u0131 savundu -","robots":{"index":"index","follow":"follow","max-snippet":"max-snippet:-1","max-image-preview":"max-image-preview:large","max-video-preview":"max-video-preview:-1"},"canonical":"https:\/\/kibrisdakik.com\/?p=48911","og_locale":"tr_TR","og_type":"article","og_title":"KTTB KKTC\u2019de adaletin herkese e\u015fit uygulanmad\u0131\u011f\u0131n\u0131 savundu -","og_description":"Birlik\u2019ten yap\u0131lan yaz\u0131l\u0131 a\u00e7\u0131klamada, \u201cre\u00e7ete soru\u015fturmas\u0131\u201d hat\u0131rlat\u0131ld\u0131, bir bakanl\u0131k \u00f6zel kalem m\u00fcd\u00fcr\u00fcn\u00fcn mahkemeye kelep\u00e7esin \u00e7\u0131kar\u0131ld\u0131\u011f\u0131na, sahte diploma soru\u015fturmas\u0131 kapsam\u0131nda aranan di\u011fer bir ki\u015finin ise bas\u0131n\u0131n foto\u011fraf alamamas\u0131 i\u00e7in erkenden mahkemeye \u00e7\u0131kar\u0131ld\u0131\u011f\u0131na dikkat \u00e7ekildi. Re\u00e7ete soru\u015fturmas\u0131 s\u00fcrecinde gazetelerde kelep\u00e7eli foto\u011fraflar\u0131n\u0131n yer almas\u0131n\u0131n doktor ve eczac\u0131lar\u0131n meslek onurunu zedeledi\u011fi belirtilen a\u00e7\u0131klamada ancak r\u00fc\u015fvetle su\u00e7lanan bir bakanl\u0131k \u00f6zel","og_url":"https:\/\/kibrisdakik.com\/?p=48911","article_published_time":"2024-07-07T02:04:09+00:00","og_image":[{"width":710,"height":370,"url":"https:\/\/kibrisdakik.com\/wp-content\/uploads\/2024\/07\/kttb-kktcde-adaletin-herkese-esit-uygulanmadigini-savundu-1720260579.webp.webp","type":"image\/webp"}],"author":"admin","twitter_card":"summary_large_image","twitter_misc":{"Yazan:":"admin","Tahmini okuma s\u00fcresi":"2 dakika"},"schema":{"@context":"https:\/\/schema.org","@graph":[{"@type":"Article","@id":"https:\/\/kibrisdakik.com\/?p=48911#article","isPartOf":{"@id":"https:\/\/kibrisdakik.com\/?p=48911"},"author":{"name":"admin","@id":"https:\/\/kibrisdakik.com\/#\/schema\/person\/9cd9d437bbb44f72b73ba127e06d8e79"},"headline":"KTTB KKTC\u2019de adaletin herkese e\u015fit uygulanmad\u0131\u011f\u0131n\u0131 savundu","datePublished":"2024-07-07T02:04:09+00:00","mainEntityOfPage":{"@id":"https:\/\/kibrisdakik.com\/?p=48911"},"wordCount":451,"commentCount":0,"image":{"@id":"https:\/\/kibrisdakik.com\/?p=48911#primaryimage"},"thumbnailUrl":"https:\/\/kibrisdakik.com\/wp-content\/uploads\/2024\/07\/kttb-kktcde-adaletin-herkese-esit-uygulanmadigini-savundu-1720260579.webp.webp","articleSection":["Spor"],"inLanguage":"tr","potentialAction":[{"@type":"CommentAction","name":"Comment","target":["https:\/\/kibrisdakik.com\/?p=48911#respond"]}]},{"@type":"WebPage","@id":"https:\/\/kibrisdakik.com\/?p=48911","url":"https:\/\/kibrisdakik.com\/?p=48911","name":"KTTB KKTC\u2019de adaletin herkese e\u015fit uygulanmad\u0131\u011f\u0131n\u0131 savundu -","isPartOf":{"@id":"https:\/\/kibrisdakik.com\/#website"},"primaryImageOfPage":{"@id":"https:\/\/kibrisdakik.com\/?p=48911#primaryimage"},"image":{"@id":"https:\/\/kibrisdakik.com\/?p=48911#primaryimage"},"thumbnailUrl":"https:\/\/kibrisdakik.com\/wp-content\/uploads\/2024\/07\/kttb-kktcde-adaletin-herkese-esit-uygulanmadigini-savundu-1720260579.webp.webp","datePublished":"2024-07-07T02:04:09+00:00","author":{"@id":"https:\/\/kibrisdakik.com\/#\/schema\/person\/9cd9d437bbb44f72b73ba127e06d8e79"},"breadcrumb":{"@id":"https:\/\/kibrisdakik.com\/?p=48911#breadcrumb"},"inLanguage":"tr","potentialAction":[{"@type":"ReadAction","target":["https:\/\/kibrisdakik.com\/?p=48911"]}]},{"@type":"ImageObject","inLanguage":"tr","@id":"https:\/\/kibrisdakik.com\/?p=48911#primaryimage","url":"https:\/\/kibrisdakik.com\/wp-content\/uploads\/2024\/07\/kttb-kktcde-adaletin-herkese-esit-uygulanmadigini-savundu-1720260579.webp.webp","contentUrl":"https:\/\/kibrisdakik.com\/wp-content\/uploads\/2024\/07\/kttb-kktcde-adaletin-herkese-esit-uygulanmadigini-savundu-1720260579.webp.webp","width":710,"height":370},{"@type":"BreadcrumbList","@id":"https:\/\/kibrisdakik.com\/?p=48911#breadcrumb","itemListElement":[{"@type":"ListItem","position":1,"name":"Home","item":"https:\/\/kibrisdakik.com\/"},{"@type":"ListItem","position":2,"name":"KTTB KKTC\u2019de adaletin herkese e\u015fit uygulanmad\u0131\u011f\u0131n\u0131 savundu"}]},{"@type":"WebSite","@id":"https:\/\/kibrisdakik.com\/#website","url":"https:\/\/kibrisdakik.com\/","name":"","description":"Tam vaktinde haber","potentialAction":[{"@type":"SearchAction","target":{"@type":"EntryPoint","urlTemplate":"https:\/\/kibrisdakik.com\/?s={search_term_string}"},"query-input":{"@type":"PropertyValueSpecification","valueRequired":true,"valueName":"search_term_string"}}],"inLanguage":"tr"},{"@type":"Person","@id":"https:\/\/kibrisdakik.com\/#\/schema\/person\/9cd9d437bbb44f72b73ba127e06d8e79","name":"admin","image":{"@type":"ImageObject","inLanguage":"tr","@id":"https:\/\/secure.gravatar.com\/avatar\/ccc17943b9d660506c869530f897617f7cb1c21a4bf30023f252596d83e1f007?s=96&d=mm&r=g","url":"https:\/\/secure.gravatar.com\/avatar\/ccc17943b9d660506c869530f897617f7cb1c21a4bf30023f252596d83e1f007?s=96&d=mm&r=g","contentUrl":"https:\/\/secure.gravatar.com\/avatar\/ccc17943b9d660506c869530f897617f7cb1c21a4bf30023f252596d83e1f007?s=96&d=mm&r=g","caption":"admin"},"sameAs":["https:\/\/kibrisdakik.com"],"url":"https:\/\/kibrisdakik.com\/?author=1"}]}},"_links":{"self":[{"href":"https:\/\/kibrisdakik.com\/index.php?rest_route=\/wp\/v2\/posts\/48911","targetHints":{"allow":["GET"]}}],"collection":[{"href":"https:\/\/kibrisdakik.com\/index.php?rest_route=\/wp\/v2\/posts"}],"about":[{"href":"https:\/\/kibrisdakik.com\/index.php?rest_route=\/wp\/v2\/types\/post"}],"author":[{"embeddable":true,"href":"https:\/\/kibrisdakik.com\/index.php?rest_route=\/wp\/v2\/users\/1"}],"replies":[{"embeddable":true,"href":"https:\/\/kibrisdakik.com\/index.php?rest_route=%2Fwp%2Fv2%2Fcomments&post=48911"}],"version-history":[{"count":0,"href":"https:\/\/kibrisdakik.com\/index.php?rest_route=\/wp\/v2\/posts\/48911\/revisions"}],"wp:featuredmedia":[{"embeddable":true,"href":"https:\/\/kibrisdakik.com\/index.php?rest_route=\/wp\/v2\/media\/48912"}],"wp:attachment":[{"href":"https:\/\/kibrisdakik.com\/index.php?rest_route=%2Fwp%2Fv2%2Fmedia&parent=48911"}],"wp:term":[{"taxonomy":"category","embeddable":true,"href":"https:\/\/kibrisdakik.com\/index.php?rest_route=%2Fwp%2Fv2%2Fcategories&post=48911"},{"taxonomy":"post_tag","embeddable":true,"href":"https:\/\/kibrisdakik.com\/index.php?rest_route=%2Fwp%2Fv2%2Ftags&post=48911"}],"curies":[{"name":"wp","href":"https:\/\/api.w.org\/{rel}","templated":true}]}}