{"id":4894,"date":"2023-04-10T12:07:48","date_gmt":"2023-04-10T12:07:48","guid":{"rendered":"https:\/\/kibrisdakik.com\/index.php\/2023\/04\/10\/itfaiye-gecen-hafta-13-yangina-ve-41-olaya-mudahale-etti\/"},"modified":"2023-04-10T12:07:48","modified_gmt":"2023-04-10T12:07:48","slug":"itfaiye-gecen-hafta-13-yangina-ve-41-olaya-mudahale-etti","status":"publish","type":"post","link":"https:\/\/kibrisdakik.com\/?p=4894","title":{"rendered":"\u0130tfaiye ge\u00e7en hafta 13 yang\u0131na ve 41 olaya m\u00fcdahale etti"},"content":{"rendered":"<p><\/p>\n<div>\n<div class=\"mariselle-image-container none\">\n                <img width=\"880\" height=\"440\" class=\"lazy-image\" alt=\"\" decoding=\"async\" loading=\"lazy\" sizes=\"auto, (max-width: 880px) 100vw, 880px\" src=\"https:\/\/brtk.net\/wp-content\/uploads\/2023\/03\/06\/itfaiye19.jpg?ver=8f439c11eae32a3ca8378e6fc5b25e44\" srcset=\"https:\/\/brtk.net\/wp-content\/uploads\/2023\/03\/06\/itfaiye19.jpg?ver=8f439c11eae32a3ca8378e6fc5b25e44 880w, https:\/\/brtk.net\/wp-content\/uploads\/2023\/03\/06\/itfaiye19-300x150.jpg?ver=8f439c11eae32a3ca8378e6fc5b25e44 300w, https:\/\/brtk.net\/wp-content\/uploads\/2023\/03\/06\/itfaiye19-768x384.jpg?ver=8f439c11eae32a3ca8378e6fc5b25e44 768w, https:\/\/brtk.net\/wp-content\/uploads\/2023\/03\/06\/itfaiye19-720x360.jpg?ver=8f439c11eae32a3ca8378e6fc5b25e44 720w\"\/>                            <\/div>\n<p>Polis Genel M\u00fcd\u00fcrl\u00fc\u011f\u00fc\u2019ne ba\u011fl\u0131 itfaiye ekipleri ge\u00e7en hafta 13 yang\u0131n\u0131 s\u00f6nd\u00fcr\u00fcrken, 41\u00a0 farkl\u0131 olaya m\u00fcdahale etti.<\/p>\n<p><a href=\"https:\/\/brtk.net\/\">KKTC<\/a>\u2019de 3-9 Nisan tarihlerini kapsayan itfaiye raporuna g\u00f6re, Lefko\u015fa\u2019da 6, Gazima\u011fusa\u2019da 2, Girne, G\u00fczelyurt, Gemikona\u011f\u0131, \u0130skele ve Ye\u015filk\u00f6y\u2019de birer olmak \u00fczere meydana gelen 13 yang\u0131n sonucunda yakla\u015f\u0131k 601 bin 500 TL hasar olu\u015ftu.<\/p>\n<p>Raporda, s\u00f6z konusu yang\u0131nlar\u0131n muhtemel sebepleri, \u201ck\u0131sa devre, motor b\u00f6l\u00fcm\u00fcnden s\u0131zan yak\u0131t\u0131n s\u0131cak aksamlara temas etmesi, temizlik maksatl\u0131 yakma, evin avlusunda \u00f6zel \u015firket \u00e7al\u0131\u015fan\u0131 taraf\u0131ndan kaynak yap\u0131ld\u0131\u011f\u0131 esnada \u00e7\u0131kan k\u0131v\u0131lc\u0131m ve k\u00f6zlerin kuru otlar\u0131 tutu\u015fturmas\u0131, spiral makinas\u0131ndan k\u0131v\u0131lc\u0131mlar\u0131n \u00e7\u00f6pleri tutu\u015fturmas\u0131, motorlu ara\u00e7 sahibi taraf\u0131ndan r\u00fczgarda s\u00f6nmeyen \u00e7akma\u011f\u0131n tak\u0131l\u0131 kal\u0131p faal durumunda iken \u00e7anta i\u00e7erisine konmas\u0131, s\u00f6nmeden at\u0131lan sigara izmariti, yan\u0131c\u0131 madde d\u00f6k\u00fclerek yakma, r\u00fczgar\u0131n etkisi ile birbirine \u00e7arpan elektrik tellerinden d\u00fc\u015fen k\u0131v\u0131lc\u0131mlar\u0131n kuru otlar\u0131 tutu\u015fturmas\u0131\u201d olarak s\u0131raland\u0131.<\/p>\n<p>\u0130tfaiyenin m\u00fcdahale etti\u011fi servis olaylar\u0131 ise; \u201casans\u00f6rde mahsur kalan \u015fah\u0131slar\u0131n kurtar\u0131lmas\u0131, tesisat borusuna s\u0131k\u0131\u015fan, evin \u00e7at\u0131s\u0131nda ve a\u011fa\u00e7 \u00fczerinde mahsur kalan kedilerin kurtar\u0131lmas\u0131, kuyuya d\u00fc\u015fen k\u00f6peklerin kurtar\u0131lmas\u0131, \u00f6zel g\u00f6rev, yang\u0131n e\u011fitimi verilmesi, yang\u0131na kar\u015f\u0131 tedbir alma, itfaiye \u015fubesine okul ziyareti ve hayat\u0131n\u0131 kaybeden \u015fah\u0131slar\u0131n adli soru\u015fturma ama\u00e7l\u0131 hastane morguna sevk edilmesi\u201d olarak duyuruldu.<\/p>\n<p>PGM\/<a href=\"https:\/\/brtk.net\/\">BRT<\/a><\/p>\n<\/p><\/div>\n<p><script async\n                    defer\n                    crossorigin=\"anonymous\"\n                    src=\"https:\/\/connect.facebook.net\/tr_TR\/sdk.js#xfbml=1&#038;version=v3.3\"\n            ><\/script><\/p>\n","protected":false},"excerpt":{"rendered":"<p>Polis Genel M\u00fcd\u00fcrl\u00fc\u011f\u00fc\u2019ne ba\u011fl\u0131 itfaiye ekipleri ge\u00e7en hafta 13 yang\u0131n\u0131 s\u00f6nd\u00fcr\u00fcrken, 41\u00a0 farkl\u0131 olaya m\u00fcdahale etti. KKTC\u2019de 3-9 Nisan tarihlerini kapsayan itfaiye raporuna g\u00f6re, Lefko\u015fa\u2019da 6, Gazima\u011fusa\u2019da 2, Girne, G\u00fczelyurt, Gemikona\u011f\u0131, \u0130skele ve Ye\u015filk\u00f6y\u2019de birer olmak \u00fczere meydana gelen 13 yang\u0131n sonucunda yakla\u015f\u0131k 601 bin 500 TL hasar olu\u015ftu. Raporda, s\u00f6z konusu yang\u0131nlar\u0131n muhtemel sebepleri,<\/p>\n","protected":false},"author":1,"featured_media":1787,"comment_status":"open","ping_status":"open","sticky":false,"template":"","format":"standard","meta":{"footnotes":""},"categories":[1],"tags":[],"class_list":["post-4894","post","type-post","status-publish","format-standard","has-post-thumbnail","hentry","category-gundem"],"yoast_head":"<!-- This site is optimized with the Yoast SEO plugin v27.5 - https:\/\/yoast.com\/product\/yoast-seo-wordpress\/ -->\n<title>\u0130tfaiye ge\u00e7en hafta 13 yang\u0131na ve 41 olaya m\u00fcdahale etti -<\/title>\n<meta name=\"robots\" content=\"index, follow, max-snippet:-1, max-image-preview:large, max-video-preview:-1\" \/>\n<link rel=\"canonical\" href=\"https:\/\/kibrisdakik.com\/?p=4894\" \/>\n<meta property=\"og:locale\" content=\"tr_TR\" \/>\n<meta property=\"og:type\" content=\"article\" \/>\n<meta property=\"og:title\" content=\"\u0130tfaiye ge\u00e7en hafta 13 yang\u0131na ve 41 olaya m\u00fcdahale etti -\" \/>\n<meta property=\"og:description\" content=\"Polis Genel M\u00fcd\u00fcrl\u00fc\u011f\u00fc\u2019ne ba\u011fl\u0131 itfaiye ekipleri ge\u00e7en hafta 13 yang\u0131n\u0131 s\u00f6nd\u00fcr\u00fcrken, 41\u00a0 farkl\u0131 olaya m\u00fcdahale etti. KKTC\u2019de 3-9 Nisan tarihlerini kapsayan itfaiye raporuna g\u00f6re, Lefko\u015fa\u2019da 6, Gazima\u011fusa\u2019da 2, Girne, G\u00fczelyurt, Gemikona\u011f\u0131, \u0130skele ve Ye\u015filk\u00f6y\u2019de birer olmak \u00fczere meydana gelen 13 yang\u0131n sonucunda yakla\u015f\u0131k 601 bin 500 TL hasar olu\u015ftu. Raporda, s\u00f6z konusu yang\u0131nlar\u0131n muhtemel sebepleri,\" \/>\n<meta property=\"og:url\" content=\"https:\/\/kibrisdakik.com\/?p=4894\" \/>\n<meta property=\"article:published_time\" content=\"2023-04-10T12:07:48+00:00\" \/>\n<meta property=\"og:image\" content=\"https:\/\/kibrisdakik.com\/wp-content\/uploads\/2023\/02\/itfaiye-raporuuuuuuu-haftalik.jpg\" \/>\n\t<meta property=\"og:image:width\" content=\"700\" \/>\n\t<meta property=\"og:image:height\" content=\"391\" \/>\n\t<meta property=\"og:image:type\" content=\"image\/jpeg\" \/>\n<meta name=\"author\" content=\"admin\" \/>\n<meta name=\"twitter:card\" content=\"summary_large_image\" \/>\n<meta name=\"twitter:label1\" content=\"Yazan:\" \/>\n\t<meta name=\"twitter:data1\" content=\"admin\" \/>\n\t<meta name=\"twitter:label2\" content=\"Tahmini okuma s\u00fcresi\" \/>\n\t<meta name=\"twitter:data2\" content=\"1 dakika\" \/>\n<script type=\"application\/ld+json\" class=\"yoast-schema-graph\">{\"@context\":\"https:\\\/\\\/schema.org\",\"@graph\":[{\"@type\":\"Article\",\"@id\":\"https:\\\/\\\/kibrisdakik.com\\\/?p=4894#article\",\"isPartOf\":{\"@id\":\"https:\\\/\\\/kibrisdakik.com\\\/?p=4894\"},\"author\":{\"name\":\"admin\",\"@id\":\"https:\\\/\\\/kibrisdakik.com\\\/#\\\/schema\\\/person\\\/9cd9d437bbb44f72b73ba127e06d8e79\"},\"headline\":\"\u0130tfaiye ge\u00e7en hafta 13 yang\u0131na ve 41 olaya m\u00fcdahale etti\",\"datePublished\":\"2023-04-10T12:07:48+00:00\",\"mainEntityOfPage\":{\"@id\":\"https:\\\/\\\/kibrisdakik.com\\\/?p=4894\"},\"wordCount\":278,\"commentCount\":0,\"image\":{\"@id\":\"https:\\\/\\\/kibrisdakik.com\\\/?p=4894#primaryimage\"},\"thumbnailUrl\":\"https:\\\/\\\/kibrisdakik.com\\\/wp-content\\\/uploads\\\/2023\\\/02\\\/itfaiye-raporuuuuuuu-haftalik.jpg\",\"articleSection\":[\"G\u00fcndem\"],\"inLanguage\":\"tr\",\"potentialAction\":[{\"@type\":\"CommentAction\",\"name\":\"Comment\",\"target\":[\"https:\\\/\\\/kibrisdakik.com\\\/?p=4894#respond\"]}]},{\"@type\":\"WebPage\",\"@id\":\"https:\\\/\\\/kibrisdakik.com\\\/?p=4894\",\"url\":\"https:\\\/\\\/kibrisdakik.com\\\/?p=4894\",\"name\":\"\u0130tfaiye ge\u00e7en hafta 13 yang\u0131na ve 41 olaya m\u00fcdahale etti -\",\"isPartOf\":{\"@id\":\"https:\\\/\\\/kibrisdakik.com\\\/#website\"},\"primaryImageOfPage\":{\"@id\":\"https:\\\/\\\/kibrisdakik.com\\\/?p=4894#primaryimage\"},\"image\":{\"@id\":\"https:\\\/\\\/kibrisdakik.com\\\/?p=4894#primaryimage\"},\"thumbnailUrl\":\"https:\\\/\\\/kibrisdakik.com\\\/wp-content\\\/uploads\\\/2023\\\/02\\\/itfaiye-raporuuuuuuu-haftalik.jpg\",\"datePublished\":\"2023-04-10T12:07:48+00:00\",\"author\":{\"@id\":\"https:\\\/\\\/kibrisdakik.com\\\/#\\\/schema\\\/person\\\/9cd9d437bbb44f72b73ba127e06d8e79\"},\"breadcrumb\":{\"@id\":\"https:\\\/\\\/kibrisdakik.com\\\/?p=4894#breadcrumb\"},\"inLanguage\":\"tr\",\"potentialAction\":[{\"@type\":\"ReadAction\",\"target\":[\"https:\\\/\\\/kibrisdakik.com\\\/?p=4894\"]}]},{\"@type\":\"ImageObject\",\"inLanguage\":\"tr\",\"@id\":\"https:\\\/\\\/kibrisdakik.com\\\/?p=4894#primaryimage\",\"url\":\"https:\\\/\\\/kibrisdakik.com\\\/wp-content\\\/uploads\\\/2023\\\/02\\\/itfaiye-raporuuuuuuu-haftalik.jpg\",\"contentUrl\":\"https:\\\/\\\/kibrisdakik.com\\\/wp-content\\\/uploads\\\/2023\\\/02\\\/itfaiye-raporuuuuuuu-haftalik.jpg\",\"width\":700,\"height\":391},{\"@type\":\"BreadcrumbList\",\"@id\":\"https:\\\/\\\/kibrisdakik.com\\\/?p=4894#breadcrumb\",\"itemListElement\":[{\"@type\":\"ListItem\",\"position\":1,\"name\":\"Home\",\"item\":\"https:\\\/\\\/kibrisdakik.com\\\/\"},{\"@type\":\"ListItem\",\"position\":2,\"name\":\"\u0130tfaiye ge\u00e7en hafta 13 yang\u0131na ve 41 olaya m\u00fcdahale etti\"}]},{\"@type\":\"WebSite\",\"@id\":\"https:\\\/\\\/kibrisdakik.com\\\/#website\",\"url\":\"https:\\\/\\\/kibrisdakik.com\\\/\",\"name\":\"\",\"description\":\"Tam vaktinde haber\",\"potentialAction\":[{\"@type\":\"SearchAction\",\"target\":{\"@type\":\"EntryPoint\",\"urlTemplate\":\"https:\\\/\\\/kibrisdakik.com\\\/?s={search_term_string}\"},\"query-input\":{\"@type\":\"PropertyValueSpecification\",\"valueRequired\":true,\"valueName\":\"search_term_string\"}}],\"inLanguage\":\"tr\"},{\"@type\":\"Person\",\"@id\":\"https:\\\/\\\/kibrisdakik.com\\\/#\\\/schema\\\/person\\\/9cd9d437bbb44f72b73ba127e06d8e79\",\"name\":\"admin\",\"image\":{\"@type\":\"ImageObject\",\"inLanguage\":\"tr\",\"@id\":\"https:\\\/\\\/secure.gravatar.com\\\/avatar\\\/ccc17943b9d660506c869530f897617f7cb1c21a4bf30023f252596d83e1f007?s=96&d=mm&r=g\",\"url\":\"https:\\\/\\\/secure.gravatar.com\\\/avatar\\\/ccc17943b9d660506c869530f897617f7cb1c21a4bf30023f252596d83e1f007?s=96&d=mm&r=g\",\"contentUrl\":\"https:\\\/\\\/secure.gravatar.com\\\/avatar\\\/ccc17943b9d660506c869530f897617f7cb1c21a4bf30023f252596d83e1f007?s=96&d=mm&r=g\",\"caption\":\"admin\"},\"sameAs\":[\"https:\\\/\\\/kibrisdakik.com\"],\"url\":\"https:\\\/\\\/kibrisdakik.com\\\/?author=1\"}]}<\/script>\n<!-- \/ Yoast SEO plugin. -->","yoast_head_json":{"title":"\u0130tfaiye ge\u00e7en hafta 13 yang\u0131na ve 41 olaya m\u00fcdahale etti -","robots":{"index":"index","follow":"follow","max-snippet":"max-snippet:-1","max-image-preview":"max-image-preview:large","max-video-preview":"max-video-preview:-1"},"canonical":"https:\/\/kibrisdakik.com\/?p=4894","og_locale":"tr_TR","og_type":"article","og_title":"\u0130tfaiye ge\u00e7en hafta 13 yang\u0131na ve 41 olaya m\u00fcdahale etti -","og_description":"Polis Genel M\u00fcd\u00fcrl\u00fc\u011f\u00fc\u2019ne ba\u011fl\u0131 itfaiye ekipleri ge\u00e7en hafta 13 yang\u0131n\u0131 s\u00f6nd\u00fcr\u00fcrken, 41\u00a0 farkl\u0131 olaya m\u00fcdahale etti. KKTC\u2019de 3-9 Nisan tarihlerini kapsayan itfaiye raporuna g\u00f6re, Lefko\u015fa\u2019da 6, Gazima\u011fusa\u2019da 2, Girne, G\u00fczelyurt, Gemikona\u011f\u0131, \u0130skele ve Ye\u015filk\u00f6y\u2019de birer olmak \u00fczere meydana gelen 13 yang\u0131n sonucunda yakla\u015f\u0131k 601 bin 500 TL hasar olu\u015ftu. Raporda, s\u00f6z konusu yang\u0131nlar\u0131n muhtemel sebepleri,","og_url":"https:\/\/kibrisdakik.com\/?p=4894","article_published_time":"2023-04-10T12:07:48+00:00","og_image":[{"width":700,"height":391,"url":"https:\/\/kibrisdakik.com\/wp-content\/uploads\/2023\/02\/itfaiye-raporuuuuuuu-haftalik.jpg","type":"image\/jpeg"}],"author":"admin","twitter_card":"summary_large_image","twitter_misc":{"Yazan:":"admin","Tahmini okuma s\u00fcresi":"1 dakika"},"schema":{"@context":"https:\/\/schema.org","@graph":[{"@type":"Article","@id":"https:\/\/kibrisdakik.com\/?p=4894#article","isPartOf":{"@id":"https:\/\/kibrisdakik.com\/?p=4894"},"author":{"name":"admin","@id":"https:\/\/kibrisdakik.com\/#\/schema\/person\/9cd9d437bbb44f72b73ba127e06d8e79"},"headline":"\u0130tfaiye ge\u00e7en hafta 13 yang\u0131na ve 41 olaya m\u00fcdahale etti","datePublished":"2023-04-10T12:07:48+00:00","mainEntityOfPage":{"@id":"https:\/\/kibrisdakik.com\/?p=4894"},"wordCount":278,"commentCount":0,"image":{"@id":"https:\/\/kibrisdakik.com\/?p=4894#primaryimage"},"thumbnailUrl":"https:\/\/kibrisdakik.com\/wp-content\/uploads\/2023\/02\/itfaiye-raporuuuuuuu-haftalik.jpg","articleSection":["G\u00fcndem"],"inLanguage":"tr","potentialAction":[{"@type":"CommentAction","name":"Comment","target":["https:\/\/kibrisdakik.com\/?p=4894#respond"]}]},{"@type":"WebPage","@id":"https:\/\/kibrisdakik.com\/?p=4894","url":"https:\/\/kibrisdakik.com\/?p=4894","name":"\u0130tfaiye ge\u00e7en hafta 13 yang\u0131na ve 41 olaya m\u00fcdahale etti -","isPartOf":{"@id":"https:\/\/kibrisdakik.com\/#website"},"primaryImageOfPage":{"@id":"https:\/\/kibrisdakik.com\/?p=4894#primaryimage"},"image":{"@id":"https:\/\/kibrisdakik.com\/?p=4894#primaryimage"},"thumbnailUrl":"https:\/\/kibrisdakik.com\/wp-content\/uploads\/2023\/02\/itfaiye-raporuuuuuuu-haftalik.jpg","datePublished":"2023-04-10T12:07:48+00:00","author":{"@id":"https:\/\/kibrisdakik.com\/#\/schema\/person\/9cd9d437bbb44f72b73ba127e06d8e79"},"breadcrumb":{"@id":"https:\/\/kibrisdakik.com\/?p=4894#breadcrumb"},"inLanguage":"tr","potentialAction":[{"@type":"ReadAction","target":["https:\/\/kibrisdakik.com\/?p=4894"]}]},{"@type":"ImageObject","inLanguage":"tr","@id":"https:\/\/kibrisdakik.com\/?p=4894#primaryimage","url":"https:\/\/kibrisdakik.com\/wp-content\/uploads\/2023\/02\/itfaiye-raporuuuuuuu-haftalik.jpg","contentUrl":"https:\/\/kibrisdakik.com\/wp-content\/uploads\/2023\/02\/itfaiye-raporuuuuuuu-haftalik.jpg","width":700,"height":391},{"@type":"BreadcrumbList","@id":"https:\/\/kibrisdakik.com\/?p=4894#breadcrumb","itemListElement":[{"@type":"ListItem","position":1,"name":"Home","item":"https:\/\/kibrisdakik.com\/"},{"@type":"ListItem","position":2,"name":"\u0130tfaiye ge\u00e7en hafta 13 yang\u0131na ve 41 olaya m\u00fcdahale etti"}]},{"@type":"WebSite","@id":"https:\/\/kibrisdakik.com\/#website","url":"https:\/\/kibrisdakik.com\/","name":"","description":"Tam vaktinde haber","potentialAction":[{"@type":"SearchAction","target":{"@type":"EntryPoint","urlTemplate":"https:\/\/kibrisdakik.com\/?s={search_term_string}"},"query-input":{"@type":"PropertyValueSpecification","valueRequired":true,"valueName":"search_term_string"}}],"inLanguage":"tr"},{"@type":"Person","@id":"https:\/\/kibrisdakik.com\/#\/schema\/person\/9cd9d437bbb44f72b73ba127e06d8e79","name":"admin","image":{"@type":"ImageObject","inLanguage":"tr","@id":"https:\/\/secure.gravatar.com\/avatar\/ccc17943b9d660506c869530f897617f7cb1c21a4bf30023f252596d83e1f007?s=96&d=mm&r=g","url":"https:\/\/secure.gravatar.com\/avatar\/ccc17943b9d660506c869530f897617f7cb1c21a4bf30023f252596d83e1f007?s=96&d=mm&r=g","contentUrl":"https:\/\/secure.gravatar.com\/avatar\/ccc17943b9d660506c869530f897617f7cb1c21a4bf30023f252596d83e1f007?s=96&d=mm&r=g","caption":"admin"},"sameAs":["https:\/\/kibrisdakik.com"],"url":"https:\/\/kibrisdakik.com\/?author=1"}]}},"_links":{"self":[{"href":"https:\/\/kibrisdakik.com\/index.php?rest_route=\/wp\/v2\/posts\/4894","targetHints":{"allow":["GET"]}}],"collection":[{"href":"https:\/\/kibrisdakik.com\/index.php?rest_route=\/wp\/v2\/posts"}],"about":[{"href":"https:\/\/kibrisdakik.com\/index.php?rest_route=\/wp\/v2\/types\/post"}],"author":[{"embeddable":true,"href":"https:\/\/kibrisdakik.com\/index.php?rest_route=\/wp\/v2\/users\/1"}],"replies":[{"embeddable":true,"href":"https:\/\/kibrisdakik.com\/index.php?rest_route=%2Fwp%2Fv2%2Fcomments&post=4894"}],"version-history":[{"count":0,"href":"https:\/\/kibrisdakik.com\/index.php?rest_route=\/wp\/v2\/posts\/4894\/revisions"}],"wp:featuredmedia":[{"embeddable":true,"href":"https:\/\/kibrisdakik.com\/index.php?rest_route=\/wp\/v2\/media\/1787"}],"wp:attachment":[{"href":"https:\/\/kibrisdakik.com\/index.php?rest_route=%2Fwp%2Fv2%2Fmedia&parent=4894"}],"wp:term":[{"taxonomy":"category","embeddable":true,"href":"https:\/\/kibrisdakik.com\/index.php?rest_route=%2Fwp%2Fv2%2Fcategories&post=4894"},{"taxonomy":"post_tag","embeddable":true,"href":"https:\/\/kibrisdakik.com\/index.php?rest_route=%2Fwp%2Fv2%2Ftags&post=4894"}],"curies":[{"name":"wp","href":"https:\/\/api.w.org\/{rel}","templated":true}]}}