{"id":48995,"date":"2024-07-07T14:44:46","date_gmt":"2024-07-07T14:44:46","guid":{"rendered":"https:\/\/kibrisdakik.com\/index.php\/2024\/07\/07\/basbakan-ustel-beyarmudu-saglik-ocagi-acilis-torenine-katildi-2\/"},"modified":"2024-07-07T14:44:46","modified_gmt":"2024-07-07T14:44:46","slug":"basbakan-ustel-beyarmudu-saglik-ocagi-acilis-torenine-katildi-2","status":"publish","type":"post","link":"https:\/\/kibrisdakik.com\/?p=48995","title":{"rendered":"Ba\u015fbakan \u00dcstel, Beyarmudu Sa\u011fl\u0131k Oca\u011f\u0131 a\u00e7\u0131l\u0131\u015f t\u00f6renine kat\u0131ld\u0131"},"content":{"rendered":"<p><\/p>\n<div>\n<div class=\"mariselle-image-container center\">\n                <img loading=\"lazy\" decoding=\"async\" width=\"1920\" height=\"1280\" class=\"lazy-image\" alt=\"\" sizes=\"auto, (max-width: 1920px) 100vw, 1920px\" src=\"https:\/\/brtk.net\/wp-content\/uploads\/2024\/07\/07\/ustel20.jpg?ver=44a34f0bce454cf7dbbfd08b1649c066\" srcset=\"https:\/\/brtk.net\/wp-content\/uploads\/2024\/07\/07\/ustel20.jpg?ver=44a34f0bce454cf7dbbfd08b1649c066 1920w, https:\/\/brtk.net\/wp-content\/uploads\/2024\/07\/07\/ustel20-300x200.jpg?ver=cbd2e70e75e0dc36b8a817c8746e4bd8 300w, https:\/\/brtk.net\/wp-content\/uploads\/2024\/07\/07\/ustel20-1024x683.jpg?ver=cbd2e70e75e0dc36b8a817c8746e4bd8 1024w, https:\/\/brtk.net\/wp-content\/uploads\/2024\/07\/07\/ustel20-768x512.jpg?ver=cbd2e70e75e0dc36b8a817c8746e4bd8 768w, https:\/\/brtk.net\/wp-content\/uploads\/2024\/07\/07\/ustel20-1536x1024.jpg?ver=c5ebe76faa4b5380e0c350f1df274b65 1536w\"\/>                            <\/div>\n<p>\u00a0<\/p>\n<p>Ba\u015fbakan \u00dcnal \u00dcstel, Beyarmudu Sa\u011fl\u0131k Oca\u011f\u0131\u2019n\u0131n a\u00e7\u0131l\u0131\u015f t\u00f6renine kat\u0131ld\u0131.<\/p>\n<p>Ba\u015fbakanl\u0131k\u2019tan verilen bilgiye g\u00f6re, a\u00e7\u0131l\u0131\u015f t\u00f6reninde konu\u015fma yapan \u00dcstel h\u00fck\u00fcmetin yerel y\u00f6netimlerle i\u015f birli\u011fini s\u00fcrd\u00fcrd\u00fc\u011f\u00fcn\u00fc belirterek, Beyarmudu Belediyesi ile y\u00fcr\u00fct\u00fclen ortak \u00e7al\u0131\u015fma sonucu uzun y\u0131llard\u0131r beklenen Beyarmudu Sa\u011fl\u0131k Oca\u011f\u0131\u2019n\u0131 halk\u0131n hizmetine sunman\u0131n mutlulu\u011funu ya\u015fad\u0131klar\u0131n\u0131 kaydetti.<\/p>\n<p>H\u00fck\u00fcmetin sa\u011fl\u0131k alan\u0131ndaki yat\u0131r\u0131mlar\u0131n\u0131n h\u0131z kesmeden devam etti\u011fini belirten \u00dcstel, \u201c2025 sa\u011fl\u0131kta at\u0131l\u0131m ve yat\u0131r\u0131m y\u0131l\u0131 olacak dedik, s\u00f6z\u00fcm\u00fcz\u00fc tutuyoruz\u2026 Yar\u0131m kalan projeleri bitirece\u011fiz dedik, bir bir hepsini tamaml\u0131yoruz\u201d dedi.<\/p>\n<p>\u00dcstel konu\u015fmas\u0131nda \u015funlar\u0131 kaydetti:<\/p>\n<p>\u201cVadili Sa\u011fl\u0131k Oca\u011f\u0131\u2019n\u0131 tadil ettik, halk\u0131m\u0131z\u0131n hizmetine soktuk. Akdo\u011fan Sa\u011fl\u0131k Oca\u011f\u0131\u2019nda gerekli olan tadilatlar\u0131 yapt\u0131k. Mehmet\u00e7ik Sa\u011fl\u0131k Oca\u011f\u0131 ve Ge\u00e7itkale\u2019de de binalar\u0131m\u0131z\u0131 iyile\u015ftirdik. 1974\u2019den bu yana yenilenmeyen Lapta Sa\u011fl\u0131k Oca\u011f\u0131\u2019n\u0131n ihalesine \u00e7\u0131kt\u0131k. Ayn\u0131 zamanda De\u011firmenlik Sa\u011fl\u0131k Merkezi\u2019nin ihalesine de \u00e7\u0131km\u0131\u015f bulunmaktay\u0131z. Her iki sa\u011fl\u0131k merkezimizi k\u0131sa s\u00fcrede \u00fclkemize kazand\u0131raca\u011f\u0131z. Artan n\u00fcfusa kar\u015f\u0131l\u0131k verebilmek ad\u0131na, Mara\u015f b\u00f6lgesinde ihalesine \u00e7\u0131k\u0131lan bin metrekarelik sa\u011fl\u0131k oca\u011f\u0131n\u0131n a\u00e7\u0131l\u0131\u015f\u0131n\u0131 da in\u015fallah bir y\u0131l i\u00e7erisinde yapaca\u011f\u0131z. Ayn\u0131 \u015fekilde T\u00fcrkiye Cumhuriyeti\u2019nin de katk\u0131lar\u0131 ile in\u015fa edilecek olan Pamuklu Sa\u011fl\u0131k Merkezi\u2019nin de ihalesi tamamland\u0131, onu da in\u015fallah en k\u0131sa zamanda halk\u0131m\u0131za arma\u011fan edece\u011fiz.\u201d<\/p>\n<p>Bat\u0131 b\u00f6lgesinin y\u0131llard\u0131r bekledi\u011fi G\u00fczelyurt Hastanesi i\u00e7in de ihaleyle \u00e7\u0131k\u0131ld\u0131\u011f\u0131n\u0131 dile getiren \u00dcstel, hem G\u00fczelyurt hem Lefke halk\u0131n\u0131n yararlanabilece\u011fi modern bir hastane in\u015fa edeceklerini kaydetti. \u00dcstel, \u201d Tam donan\u0131ml\u0131 Girne Devlet Hastanesi ve G\u00fczelyurt Devlet Hastanesi yat\u0131r\u0131mlar\u0131n\u0131 2025 y\u0131l\u0131nda bitirmeyi hedefliyoruz\u201d dedi.<\/p>\n<p>2025 y\u0131l\u0131nda halk\u0131n sa\u011fl\u0131kta daha iyi hizmet alabilmesi i\u00e7in var g\u00fc\u00e7leriyle \u00e7al\u0131\u015ft\u0131klar\u0131n\u0131 s\u00f6yleyen \u00dcstel, \u201cS\u00f6z\u00fcm\u00fcz s\u00f6z\u2026 TC\u2019nin de destekleri ile 2025, sa\u011fl\u0131kta b\u00fcy\u00fck yat\u0131r\u0131mlara imza ataca\u011f\u0131m\u0131z bir sa\u011fl\u0131k y\u0131l\u0131 olacak.\u201d \u015feklinde konu\u015ftu.<\/p>\n<p>-\u201cNalbanto\u011flu\u2019nu adeta be\u015f y\u0131ld\u0131zl\u0131 otel haline getirece\u011fiz\u201d<\/p>\n<p>\u00d6te yandan Lefko\u015fa Dr. Burhan Nalbanto\u011flu Devlet Hastanesi\u2019nde de <a href=\"https:\/\/brtk.net\/\">KKTC<\/a> halk\u0131na yara\u015f\u0131r bir sa\u011fl\u0131k hizmeti yaratacaklar\u0131n\u0131 vurgulayan \u00dcstel, \u201cHastanemizi adeta be\u015f y\u0131ld\u0131zl\u0131 bir otel haline getirece\u011fiz\u201d ifadesini kulland\u0131.<\/p>\n<p>-\u201cHekim a\u00e7\u0131\u011f\u0131 kapanacak\u201d<\/p>\n<p>Anavatan T\u00fcrkiye ile s\u00fcren g\u00fc\u00e7l\u00fc i\u015f birli\u011fi sayesinde sa\u011fl\u0131kta yeni ad\u0131mlar at\u0131laca\u011f\u0131n\u0131 s\u00f6yleyen \u00dcstel, \u201cGerek hastanelerde gerekse sa\u011fl\u0131k ocaklar\u0131na ihtiya\u00e7 duyulan eksikliklere takviye yapabilmek i\u00e7in Anavatan\u0131m\u0131z T\u00fcrkiye Cumhuriyeti ile \u00f6n protokol yap\u0131ld\u0131. Bu \u00e7er\u00e7evede eksik hekim a\u00e7\u0131\u011f\u0131m\u0131z\u0131 da kapataca\u011f\u0131z. Bug\u00fcn burada Beyarmudu Sa\u011fl\u0131k Oca\u011f\u0131\u2019n\u0131n tamamlanmas\u0131nda eme\u011fi ge\u00e7en herkese te\u015fekk\u00fcr ederim. B\u00f6lge halk\u0131m\u0131za hay\u0131rl\u0131 olsun\u201d dedi.<\/p>\n<\/p><\/div>\n<p><script async\n                    defer\n                    crossorigin=\"anonymous\"\n                    src=\"https:\/\/connect.facebook.net\/tr_TR\/sdk.js#xfbml=1&#038;version=v3.3\"\n            ><\/script><\/p>\n","protected":false},"excerpt":{"rendered":"<p>\u00a0 Ba\u015fbakan \u00dcnal \u00dcstel, Beyarmudu Sa\u011fl\u0131k Oca\u011f\u0131\u2019n\u0131n a\u00e7\u0131l\u0131\u015f t\u00f6renine kat\u0131ld\u0131. Ba\u015fbakanl\u0131k\u2019tan verilen bilgiye g\u00f6re, a\u00e7\u0131l\u0131\u015f t\u00f6reninde konu\u015fma yapan \u00dcstel h\u00fck\u00fcmetin yerel y\u00f6netimlerle i\u015f birli\u011fini s\u00fcrd\u00fcrd\u00fc\u011f\u00fcn\u00fc belirterek, Beyarmudu Belediyesi ile y\u00fcr\u00fct\u00fclen ortak \u00e7al\u0131\u015fma sonucu uzun y\u0131llard\u0131r beklenen Beyarmudu Sa\u011fl\u0131k Oca\u011f\u0131\u2019n\u0131 halk\u0131n hizmetine sunman\u0131n mutlulu\u011funu ya\u015fad\u0131klar\u0131n\u0131 kaydetti. H\u00fck\u00fcmetin sa\u011fl\u0131k alan\u0131ndaki yat\u0131r\u0131mlar\u0131n\u0131n h\u0131z kesmeden devam etti\u011fini belirten \u00dcstel,<\/p>\n","protected":false},"author":1,"featured_media":48996,"comment_status":"open","ping_status":"open","sticky":false,"template":"","format":"standard","meta":{"footnotes":""},"categories":[1],"tags":[],"class_list":["post-48995","post","type-post","status-publish","format-standard","has-post-thumbnail","hentry","category-gundem"],"yoast_head":"<!-- This site is optimized with the Yoast SEO plugin v27.5 - https:\/\/yoast.com\/product\/yoast-seo-wordpress\/ -->\n<title>Ba\u015fbakan \u00dcstel, Beyarmudu Sa\u011fl\u0131k Oca\u011f\u0131 a\u00e7\u0131l\u0131\u015f t\u00f6renine kat\u0131ld\u0131 -<\/title>\n<meta name=\"robots\" content=\"index, follow, max-snippet:-1, max-image-preview:large, max-video-preview:-1\" \/>\n<link rel=\"canonical\" href=\"https:\/\/kibrisdakik.com\/?p=48995\" \/>\n<meta property=\"og:locale\" content=\"tr_TR\" \/>\n<meta property=\"og:type\" content=\"article\" \/>\n<meta property=\"og:title\" content=\"Ba\u015fbakan \u00dcstel, Beyarmudu Sa\u011fl\u0131k Oca\u011f\u0131 a\u00e7\u0131l\u0131\u015f t\u00f6renine kat\u0131ld\u0131 -\" \/>\n<meta property=\"og:description\" content=\"\u00a0 Ba\u015fbakan \u00dcnal \u00dcstel, Beyarmudu Sa\u011fl\u0131k Oca\u011f\u0131\u2019n\u0131n a\u00e7\u0131l\u0131\u015f t\u00f6renine kat\u0131ld\u0131. Ba\u015fbakanl\u0131k\u2019tan verilen bilgiye g\u00f6re, a\u00e7\u0131l\u0131\u015f t\u00f6reninde konu\u015fma yapan \u00dcstel h\u00fck\u00fcmetin yerel y\u00f6netimlerle i\u015f birli\u011fini s\u00fcrd\u00fcrd\u00fc\u011f\u00fcn\u00fc belirterek, Beyarmudu Belediyesi ile y\u00fcr\u00fct\u00fclen ortak \u00e7al\u0131\u015fma sonucu uzun y\u0131llard\u0131r beklenen Beyarmudu Sa\u011fl\u0131k Oca\u011f\u0131\u2019n\u0131 halk\u0131n hizmetine sunman\u0131n mutlulu\u011funu ya\u015fad\u0131klar\u0131n\u0131 kaydetti. H\u00fck\u00fcmetin sa\u011fl\u0131k alan\u0131ndaki yat\u0131r\u0131mlar\u0131n\u0131n h\u0131z kesmeden devam etti\u011fini belirten \u00dcstel,\" \/>\n<meta property=\"og:url\" content=\"https:\/\/kibrisdakik.com\/?p=48995\" \/>\n<meta property=\"article:published_time\" content=\"2024-07-07T14:44:46+00:00\" \/>\n<meta property=\"og:image\" content=\"https:\/\/kibrisdakik.com\/wp-content\/uploads\/2024\/07\/ustel20-740x420.jpg\" \/>\n\t<meta property=\"og:image:width\" content=\"1920\" \/>\n\t<meta property=\"og:image:height\" content=\"1280\" \/>\n\t<meta property=\"og:image:type\" content=\"image\/jpeg\" \/>\n<meta name=\"author\" content=\"admin\" \/>\n<meta name=\"twitter:card\" content=\"summary_large_image\" \/>\n<meta name=\"twitter:label1\" content=\"Yazan:\" \/>\n\t<meta name=\"twitter:data1\" content=\"admin\" \/>\n\t<meta name=\"twitter:label2\" content=\"Tahmini okuma s\u00fcresi\" \/>\n\t<meta name=\"twitter:data2\" content=\"3 dakika\" \/>\n<script type=\"application\/ld+json\" class=\"yoast-schema-graph\">{\"@context\":\"https:\\\/\\\/schema.org\",\"@graph\":[{\"@type\":\"Article\",\"@id\":\"https:\\\/\\\/kibrisdakik.com\\\/?p=48995#article\",\"isPartOf\":{\"@id\":\"https:\\\/\\\/kibrisdakik.com\\\/?p=48995\"},\"author\":{\"name\":\"admin\",\"@id\":\"https:\\\/\\\/kibrisdakik.com\\\/#\\\/schema\\\/person\\\/9cd9d437bbb44f72b73ba127e06d8e79\"},\"headline\":\"Ba\u015fbakan \u00dcstel, Beyarmudu Sa\u011fl\u0131k Oca\u011f\u0131 a\u00e7\u0131l\u0131\u015f t\u00f6renine kat\u0131ld\u0131\",\"datePublished\":\"2024-07-07T14:44:46+00:00\",\"mainEntityOfPage\":{\"@id\":\"https:\\\/\\\/kibrisdakik.com\\\/?p=48995\"},\"wordCount\":577,\"commentCount\":0,\"image\":{\"@id\":\"https:\\\/\\\/kibrisdakik.com\\\/?p=48995#primaryimage\"},\"thumbnailUrl\":\"https:\\\/\\\/kibrisdakik.com\\\/wp-content\\\/uploads\\\/2024\\\/07\\\/ustel20-740x420.jpg\",\"articleSection\":[\"G\u00fcndem\"],\"inLanguage\":\"tr\",\"potentialAction\":[{\"@type\":\"CommentAction\",\"name\":\"Comment\",\"target\":[\"https:\\\/\\\/kibrisdakik.com\\\/?p=48995#respond\"]}]},{\"@type\":\"WebPage\",\"@id\":\"https:\\\/\\\/kibrisdakik.com\\\/?p=48995\",\"url\":\"https:\\\/\\\/kibrisdakik.com\\\/?p=48995\",\"name\":\"Ba\u015fbakan \u00dcstel, Beyarmudu Sa\u011fl\u0131k Oca\u011f\u0131 a\u00e7\u0131l\u0131\u015f t\u00f6renine kat\u0131ld\u0131 -\",\"isPartOf\":{\"@id\":\"https:\\\/\\\/kibrisdakik.com\\\/#website\"},\"primaryImageOfPage\":{\"@id\":\"https:\\\/\\\/kibrisdakik.com\\\/?p=48995#primaryimage\"},\"image\":{\"@id\":\"https:\\\/\\\/kibrisdakik.com\\\/?p=48995#primaryimage\"},\"thumbnailUrl\":\"https:\\\/\\\/kibrisdakik.com\\\/wp-content\\\/uploads\\\/2024\\\/07\\\/ustel20-740x420.jpg\",\"datePublished\":\"2024-07-07T14:44:46+00:00\",\"author\":{\"@id\":\"https:\\\/\\\/kibrisdakik.com\\\/#\\\/schema\\\/person\\\/9cd9d437bbb44f72b73ba127e06d8e79\"},\"breadcrumb\":{\"@id\":\"https:\\\/\\\/kibrisdakik.com\\\/?p=48995#breadcrumb\"},\"inLanguage\":\"tr\",\"potentialAction\":[{\"@type\":\"ReadAction\",\"target\":[\"https:\\\/\\\/kibrisdakik.com\\\/?p=48995\"]}]},{\"@type\":\"ImageObject\",\"inLanguage\":\"tr\",\"@id\":\"https:\\\/\\\/kibrisdakik.com\\\/?p=48995#primaryimage\",\"url\":\"https:\\\/\\\/kibrisdakik.com\\\/wp-content\\\/uploads\\\/2024\\\/07\\\/ustel20-740x420.jpg\",\"contentUrl\":\"https:\\\/\\\/kibrisdakik.com\\\/wp-content\\\/uploads\\\/2024\\\/07\\\/ustel20-740x420.jpg\",\"width\":1920,\"height\":1280},{\"@type\":\"BreadcrumbList\",\"@id\":\"https:\\\/\\\/kibrisdakik.com\\\/?p=48995#breadcrumb\",\"itemListElement\":[{\"@type\":\"ListItem\",\"position\":1,\"name\":\"Home\",\"item\":\"https:\\\/\\\/kibrisdakik.com\\\/\"},{\"@type\":\"ListItem\",\"position\":2,\"name\":\"Ba\u015fbakan \u00dcstel, Beyarmudu Sa\u011fl\u0131k Oca\u011f\u0131 a\u00e7\u0131l\u0131\u015f t\u00f6renine kat\u0131ld\u0131\"}]},{\"@type\":\"WebSite\",\"@id\":\"https:\\\/\\\/kibrisdakik.com\\\/#website\",\"url\":\"https:\\\/\\\/kibrisdakik.com\\\/\",\"name\":\"\",\"description\":\"Tam vaktinde haber\",\"potentialAction\":[{\"@type\":\"SearchAction\",\"target\":{\"@type\":\"EntryPoint\",\"urlTemplate\":\"https:\\\/\\\/kibrisdakik.com\\\/?s={search_term_string}\"},\"query-input\":{\"@type\":\"PropertyValueSpecification\",\"valueRequired\":true,\"valueName\":\"search_term_string\"}}],\"inLanguage\":\"tr\"},{\"@type\":\"Person\",\"@id\":\"https:\\\/\\\/kibrisdakik.com\\\/#\\\/schema\\\/person\\\/9cd9d437bbb44f72b73ba127e06d8e79\",\"name\":\"admin\",\"image\":{\"@type\":\"ImageObject\",\"inLanguage\":\"tr\",\"@id\":\"https:\\\/\\\/secure.gravatar.com\\\/avatar\\\/ccc17943b9d660506c869530f897617f7cb1c21a4bf30023f252596d83e1f007?s=96&d=mm&r=g\",\"url\":\"https:\\\/\\\/secure.gravatar.com\\\/avatar\\\/ccc17943b9d660506c869530f897617f7cb1c21a4bf30023f252596d83e1f007?s=96&d=mm&r=g\",\"contentUrl\":\"https:\\\/\\\/secure.gravatar.com\\\/avatar\\\/ccc17943b9d660506c869530f897617f7cb1c21a4bf30023f252596d83e1f007?s=96&d=mm&r=g\",\"caption\":\"admin\"},\"sameAs\":[\"https:\\\/\\\/kibrisdakik.com\"],\"url\":\"https:\\\/\\\/kibrisdakik.com\\\/?author=1\"}]}<\/script>\n<!-- \/ Yoast SEO plugin. -->","yoast_head_json":{"title":"Ba\u015fbakan \u00dcstel, Beyarmudu Sa\u011fl\u0131k Oca\u011f\u0131 a\u00e7\u0131l\u0131\u015f t\u00f6renine kat\u0131ld\u0131 -","robots":{"index":"index","follow":"follow","max-snippet":"max-snippet:-1","max-image-preview":"max-image-preview:large","max-video-preview":"max-video-preview:-1"},"canonical":"https:\/\/kibrisdakik.com\/?p=48995","og_locale":"tr_TR","og_type":"article","og_title":"Ba\u015fbakan \u00dcstel, Beyarmudu Sa\u011fl\u0131k Oca\u011f\u0131 a\u00e7\u0131l\u0131\u015f t\u00f6renine kat\u0131ld\u0131 -","og_description":"\u00a0 Ba\u015fbakan \u00dcnal \u00dcstel, Beyarmudu Sa\u011fl\u0131k Oca\u011f\u0131\u2019n\u0131n a\u00e7\u0131l\u0131\u015f t\u00f6renine kat\u0131ld\u0131. Ba\u015fbakanl\u0131k\u2019tan verilen bilgiye g\u00f6re, a\u00e7\u0131l\u0131\u015f t\u00f6reninde konu\u015fma yapan \u00dcstel h\u00fck\u00fcmetin yerel y\u00f6netimlerle i\u015f birli\u011fini s\u00fcrd\u00fcrd\u00fc\u011f\u00fcn\u00fc belirterek, Beyarmudu Belediyesi ile y\u00fcr\u00fct\u00fclen ortak \u00e7al\u0131\u015fma sonucu uzun y\u0131llard\u0131r beklenen Beyarmudu Sa\u011fl\u0131k Oca\u011f\u0131\u2019n\u0131 halk\u0131n hizmetine sunman\u0131n mutlulu\u011funu ya\u015fad\u0131klar\u0131n\u0131 kaydetti. H\u00fck\u00fcmetin sa\u011fl\u0131k alan\u0131ndaki yat\u0131r\u0131mlar\u0131n\u0131n h\u0131z kesmeden devam etti\u011fini belirten \u00dcstel,","og_url":"https:\/\/kibrisdakik.com\/?p=48995","article_published_time":"2024-07-07T14:44:46+00:00","og_image":[{"width":1920,"height":1280,"url":"https:\/\/kibrisdakik.com\/wp-content\/uploads\/2024\/07\/ustel20-740x420.jpg","type":"image\/jpeg"}],"author":"admin","twitter_card":"summary_large_image","twitter_misc":{"Yazan:":"admin","Tahmini okuma s\u00fcresi":"3 dakika"},"schema":{"@context":"https:\/\/schema.org","@graph":[{"@type":"Article","@id":"https:\/\/kibrisdakik.com\/?p=48995#article","isPartOf":{"@id":"https:\/\/kibrisdakik.com\/?p=48995"},"author":{"name":"admin","@id":"https:\/\/kibrisdakik.com\/#\/schema\/person\/9cd9d437bbb44f72b73ba127e06d8e79"},"headline":"Ba\u015fbakan \u00dcstel, Beyarmudu Sa\u011fl\u0131k Oca\u011f\u0131 a\u00e7\u0131l\u0131\u015f t\u00f6renine kat\u0131ld\u0131","datePublished":"2024-07-07T14:44:46+00:00","mainEntityOfPage":{"@id":"https:\/\/kibrisdakik.com\/?p=48995"},"wordCount":577,"commentCount":0,"image":{"@id":"https:\/\/kibrisdakik.com\/?p=48995#primaryimage"},"thumbnailUrl":"https:\/\/kibrisdakik.com\/wp-content\/uploads\/2024\/07\/ustel20-740x420.jpg","articleSection":["G\u00fcndem"],"inLanguage":"tr","potentialAction":[{"@type":"CommentAction","name":"Comment","target":["https:\/\/kibrisdakik.com\/?p=48995#respond"]}]},{"@type":"WebPage","@id":"https:\/\/kibrisdakik.com\/?p=48995","url":"https:\/\/kibrisdakik.com\/?p=48995","name":"Ba\u015fbakan \u00dcstel, Beyarmudu Sa\u011fl\u0131k Oca\u011f\u0131 a\u00e7\u0131l\u0131\u015f t\u00f6renine kat\u0131ld\u0131 -","isPartOf":{"@id":"https:\/\/kibrisdakik.com\/#website"},"primaryImageOfPage":{"@id":"https:\/\/kibrisdakik.com\/?p=48995#primaryimage"},"image":{"@id":"https:\/\/kibrisdakik.com\/?p=48995#primaryimage"},"thumbnailUrl":"https:\/\/kibrisdakik.com\/wp-content\/uploads\/2024\/07\/ustel20-740x420.jpg","datePublished":"2024-07-07T14:44:46+00:00","author":{"@id":"https:\/\/kibrisdakik.com\/#\/schema\/person\/9cd9d437bbb44f72b73ba127e06d8e79"},"breadcrumb":{"@id":"https:\/\/kibrisdakik.com\/?p=48995#breadcrumb"},"inLanguage":"tr","potentialAction":[{"@type":"ReadAction","target":["https:\/\/kibrisdakik.com\/?p=48995"]}]},{"@type":"ImageObject","inLanguage":"tr","@id":"https:\/\/kibrisdakik.com\/?p=48995#primaryimage","url":"https:\/\/kibrisdakik.com\/wp-content\/uploads\/2024\/07\/ustel20-740x420.jpg","contentUrl":"https:\/\/kibrisdakik.com\/wp-content\/uploads\/2024\/07\/ustel20-740x420.jpg","width":1920,"height":1280},{"@type":"BreadcrumbList","@id":"https:\/\/kibrisdakik.com\/?p=48995#breadcrumb","itemListElement":[{"@type":"ListItem","position":1,"name":"Home","item":"https:\/\/kibrisdakik.com\/"},{"@type":"ListItem","position":2,"name":"Ba\u015fbakan \u00dcstel, Beyarmudu Sa\u011fl\u0131k Oca\u011f\u0131 a\u00e7\u0131l\u0131\u015f t\u00f6renine kat\u0131ld\u0131"}]},{"@type":"WebSite","@id":"https:\/\/kibrisdakik.com\/#website","url":"https:\/\/kibrisdakik.com\/","name":"","description":"Tam vaktinde haber","potentialAction":[{"@type":"SearchAction","target":{"@type":"EntryPoint","urlTemplate":"https:\/\/kibrisdakik.com\/?s={search_term_string}"},"query-input":{"@type":"PropertyValueSpecification","valueRequired":true,"valueName":"search_term_string"}}],"inLanguage":"tr"},{"@type":"Person","@id":"https:\/\/kibrisdakik.com\/#\/schema\/person\/9cd9d437bbb44f72b73ba127e06d8e79","name":"admin","image":{"@type":"ImageObject","inLanguage":"tr","@id":"https:\/\/secure.gravatar.com\/avatar\/ccc17943b9d660506c869530f897617f7cb1c21a4bf30023f252596d83e1f007?s=96&d=mm&r=g","url":"https:\/\/secure.gravatar.com\/avatar\/ccc17943b9d660506c869530f897617f7cb1c21a4bf30023f252596d83e1f007?s=96&d=mm&r=g","contentUrl":"https:\/\/secure.gravatar.com\/avatar\/ccc17943b9d660506c869530f897617f7cb1c21a4bf30023f252596d83e1f007?s=96&d=mm&r=g","caption":"admin"},"sameAs":["https:\/\/kibrisdakik.com"],"url":"https:\/\/kibrisdakik.com\/?author=1"}]}},"_links":{"self":[{"href":"https:\/\/kibrisdakik.com\/index.php?rest_route=\/wp\/v2\/posts\/48995","targetHints":{"allow":["GET"]}}],"collection":[{"href":"https:\/\/kibrisdakik.com\/index.php?rest_route=\/wp\/v2\/posts"}],"about":[{"href":"https:\/\/kibrisdakik.com\/index.php?rest_route=\/wp\/v2\/types\/post"}],"author":[{"embeddable":true,"href":"https:\/\/kibrisdakik.com\/index.php?rest_route=\/wp\/v2\/users\/1"}],"replies":[{"embeddable":true,"href":"https:\/\/kibrisdakik.com\/index.php?rest_route=%2Fwp%2Fv2%2Fcomments&post=48995"}],"version-history":[{"count":0,"href":"https:\/\/kibrisdakik.com\/index.php?rest_route=\/wp\/v2\/posts\/48995\/revisions"}],"wp:featuredmedia":[{"embeddable":true,"href":"https:\/\/kibrisdakik.com\/index.php?rest_route=\/wp\/v2\/media\/48996"}],"wp:attachment":[{"href":"https:\/\/kibrisdakik.com\/index.php?rest_route=%2Fwp%2Fv2%2Fmedia&parent=48995"}],"wp:term":[{"taxonomy":"category","embeddable":true,"href":"https:\/\/kibrisdakik.com\/index.php?rest_route=%2Fwp%2Fv2%2Fcategories&post=48995"},{"taxonomy":"post_tag","embeddable":true,"href":"https:\/\/kibrisdakik.com\/index.php?rest_route=%2Fwp%2Fv2%2Ftags&post=48995"}],"curies":[{"name":"wp","href":"https:\/\/api.w.org\/{rel}","templated":true}]}}