{"id":4900,"date":"2023-04-10T14:27:03","date_gmt":"2023-04-10T14:27:03","guid":{"rendered":"https:\/\/kibrisdakik.com\/index.php\/2023\/04\/10\/kibris-turk-elektrik-kurumu-genel-muduru-aydin-buhar-santralinde-henuz-nedeni-tespit-edilmeyen-bir-ariza-yasandi\/"},"modified":"2023-04-10T14:27:03","modified_gmt":"2023-04-10T14:27:03","slug":"kibris-turk-elektrik-kurumu-genel-muduru-aydin-buhar-santralinde-henuz-nedeni-tespit-edilmeyen-bir-ariza-yasandi","status":"publish","type":"post","link":"https:\/\/kibrisdakik.com\/?p=4900","title":{"rendered":"K\u0131br\u0131s T\u00fcrk Elektrik Kurumu Genel M\u00fcd\u00fcr\u00fc Ayd\u0131n: Buhar Santrali\u2019nde hen\u00fcz nedeni tespit edilmeyen bir ar\u0131za ya\u015fand\u0131"},"content":{"rendered":"<p><\/p>\n<div>\n<div class=\"mariselle-image-container center\">\n                <img width=\"930\" height=\"410\" class=\"lazy-image\" alt=\"\" decoding=\"async\" loading=\"lazy\" sizes=\"auto, (max-width: 930px) 100vw, 930px\" src=\"https:\/\/brtk.net\/wp-content\/uploads\/2023\/02\/01\/Dalman-Aydin-17-saat.jpg?ver=da74a61f83e1ae6e8f6a2c74ad9f701d\" srcset=\"https:\/\/brtk.net\/wp-content\/uploads\/2023\/02\/01\/Dalman-Aydin-17-saat.jpg?ver=da74a61f83e1ae6e8f6a2c74ad9f701d 930w, https:\/\/brtk.net\/wp-content\/uploads\/2023\/02\/01\/Dalman-Aydin-17-saat-300x132.jpg?ver=2becd0d7d5ef034d84db2ae568a2f8c6 300w, https:\/\/brtk.net\/wp-content\/uploads\/2023\/02\/01\/Dalman-Aydin-17-saat-768x339.jpg?ver=2becd0d7d5ef034d84db2ae568a2f8c6 768w\"\/>                            <\/div>\n<p>Teknecik Elektrik Santrali\u2019ndeki 60 Megawatt\u2019l\u0131k Buhar Santrali devre d\u0131\u015f\u0131 kald\u0131.<\/p>\n<p>K\u0131br\u0131s T\u00fcrk Elektrik Kurumu Genel M\u00fcd\u00fcr\u00fc Dalman Ayd\u0131n ar\u0131zayla ilgili <a href=\"https:\/\/brtk.net\/\">BRT<\/a>\u2019ye yapt\u0131\u011f\u0131 de\u011ferlendirmede, buhar santralinde hen\u00fcz nedeni tespit edilmeyen bir ar\u0131za ya\u015fand\u0131\u011f\u0131n\u0131 belirtti.<\/p>\n<p>\u015eu an i\u00e7in bir \u00fcretim eksi\u011fi olmad\u0131\u011f\u0131n\u0131 belirten Ayd\u0131n, \u201cBir \u00fcretim eksikli\u011fi yoktur ancak buhar santralinde bir ar\u0131za oldu\u011fu bilgisi geldi. Devreye al\u0131nmamas\u0131 halinde \u00fcretim eksikli\u011fi ya\u015fayabiliriz\u201d dedi.<\/p>\n<p>Kurum M\u00fcd\u00fcr\u00fc Ayd\u0131n, ar\u0131zan\u0131n giderilmesi i\u00e7in teknik ekiplerin m\u00fcdahale etmesinin beklendi\u011fine dikkati \u00e7ekti.<br \/>K\u0131br\u0131s T\u00fcrk Elektrik Kurumu \u00c7al\u0131\u015fanlar\u0131 Sendikas\u0131 ise, eylem \u00e7er\u00e7evesinde saat 12:00 itibar\u0131yla olu\u015facak ar\u0131zalara bakmayaca\u011f\u0131n\u0131 a\u00e7\u0131klam\u0131\u015ft\u0131.<a href=\"https:\/\/brtk.net\/\">BRT<\/a><\/p>\n<\/p><\/div>\n<p><script async\n                    defer\n                    crossorigin=\"anonymous\"\n                    src=\"https:\/\/connect.facebook.net\/tr_TR\/sdk.js#xfbml=1&#038;version=v3.3\"\n            ><\/script><\/p>\n","protected":false},"excerpt":{"rendered":"<p>Teknecik Elektrik Santrali\u2019ndeki 60 Megawatt\u2019l\u0131k Buhar Santrali devre d\u0131\u015f\u0131 kald\u0131. K\u0131br\u0131s T\u00fcrk Elektrik Kurumu Genel M\u00fcd\u00fcr\u00fc Dalman Ayd\u0131n ar\u0131zayla ilgili BRT\u2019ye yapt\u0131\u011f\u0131 de\u011ferlendirmede, buhar santralinde hen\u00fcz nedeni tespit edilmeyen bir ar\u0131za ya\u015fand\u0131\u011f\u0131n\u0131 belirtti. \u015eu an i\u00e7in bir \u00fcretim eksi\u011fi olmad\u0131\u011f\u0131n\u0131 belirten Ayd\u0131n, \u201cBir \u00fcretim eksikli\u011fi yoktur ancak buhar santralinde bir ar\u0131za oldu\u011fu bilgisi geldi. Devreye<\/p>\n","protected":false},"author":1,"featured_media":4901,"comment_status":"open","ping_status":"open","sticky":false,"template":"","format":"standard","meta":{"footnotes":""},"categories":[1],"tags":[],"class_list":["post-4900","post","type-post","status-publish","format-standard","has-post-thumbnail","hentry","category-gundem"],"yoast_head":"<!-- This site is optimized with the Yoast SEO plugin v27.5 - https:\/\/yoast.com\/product\/yoast-seo-wordpress\/ -->\n<title>K\u0131br\u0131s T\u00fcrk Elektrik Kurumu Genel M\u00fcd\u00fcr\u00fc Ayd\u0131n: Buhar Santrali\u2019nde hen\u00fcz nedeni tespit edilmeyen bir ar\u0131za ya\u015fand\u0131 -<\/title>\n<meta name=\"robots\" content=\"index, follow, max-snippet:-1, max-image-preview:large, max-video-preview:-1\" \/>\n<link rel=\"canonical\" href=\"https:\/\/kibrisdakik.com\/?p=4900\" \/>\n<meta property=\"og:locale\" content=\"tr_TR\" \/>\n<meta property=\"og:type\" content=\"article\" \/>\n<meta property=\"og:title\" content=\"K\u0131br\u0131s T\u00fcrk Elektrik Kurumu Genel M\u00fcd\u00fcr\u00fc Ayd\u0131n: Buhar Santrali\u2019nde hen\u00fcz nedeni tespit edilmeyen bir ar\u0131za ya\u015fand\u0131 -\" \/>\n<meta property=\"og:description\" content=\"Teknecik Elektrik Santrali\u2019ndeki 60 Megawatt\u2019l\u0131k Buhar Santrali devre d\u0131\u015f\u0131 kald\u0131. K\u0131br\u0131s T\u00fcrk Elektrik Kurumu Genel M\u00fcd\u00fcr\u00fc Dalman Ayd\u0131n ar\u0131zayla ilgili BRT\u2019ye yapt\u0131\u011f\u0131 de\u011ferlendirmede, buhar santralinde hen\u00fcz nedeni tespit edilmeyen bir ar\u0131za ya\u015fand\u0131\u011f\u0131n\u0131 belirtti. \u015eu an i\u00e7in bir \u00fcretim eksi\u011fi olmad\u0131\u011f\u0131n\u0131 belirten Ayd\u0131n, \u201cBir \u00fcretim eksikli\u011fi yoktur ancak buhar santralinde bir ar\u0131za oldu\u011fu bilgisi geldi. Devreye\" \/>\n<meta property=\"og:url\" content=\"https:\/\/kibrisdakik.com\/?p=4900\" \/>\n<meta property=\"article:published_time\" content=\"2023-04-10T14:27:03+00:00\" \/>\n<meta property=\"og:image\" content=\"https:\/\/kibrisdakik.com\/wp-content\/uploads\/2023\/04\/Dalman-Aydin-17-saat-740x410.jpg\" \/>\n\t<meta property=\"og:image:width\" content=\"930\" \/>\n\t<meta property=\"og:image:height\" content=\"410\" \/>\n\t<meta property=\"og:image:type\" content=\"image\/jpeg\" \/>\n<meta name=\"author\" content=\"admin\" \/>\n<meta name=\"twitter:card\" content=\"summary_large_image\" \/>\n<meta name=\"twitter:label1\" content=\"Yazan:\" \/>\n\t<meta name=\"twitter:data1\" content=\"admin\" \/>\n\t<meta name=\"twitter:label2\" content=\"Tahmini okuma s\u00fcresi\" \/>\n\t<meta name=\"twitter:data2\" content=\"1 dakika\" \/>\n<script type=\"application\/ld+json\" class=\"yoast-schema-graph\">{\"@context\":\"https:\\\/\\\/schema.org\",\"@graph\":[{\"@type\":\"Article\",\"@id\":\"https:\\\/\\\/kibrisdakik.com\\\/?p=4900#article\",\"isPartOf\":{\"@id\":\"https:\\\/\\\/kibrisdakik.com\\\/?p=4900\"},\"author\":{\"name\":\"admin\",\"@id\":\"https:\\\/\\\/kibrisdakik.com\\\/#\\\/schema\\\/person\\\/9cd9d437bbb44f72b73ba127e06d8e79\"},\"headline\":\"K\u0131br\u0131s T\u00fcrk Elektrik Kurumu Genel M\u00fcd\u00fcr\u00fc Ayd\u0131n: Buhar Santrali\u2019nde hen\u00fcz nedeni tespit edilmeyen bir ar\u0131za ya\u015fand\u0131\",\"datePublished\":\"2023-04-10T14:27:03+00:00\",\"mainEntityOfPage\":{\"@id\":\"https:\\\/\\\/kibrisdakik.com\\\/?p=4900\"},\"wordCount\":160,\"commentCount\":0,\"image\":{\"@id\":\"https:\\\/\\\/kibrisdakik.com\\\/?p=4900#primaryimage\"},\"thumbnailUrl\":\"https:\\\/\\\/kibrisdakik.com\\\/wp-content\\\/uploads\\\/2023\\\/04\\\/Dalman-Aydin-17-saat-740x410.jpg\",\"articleSection\":[\"G\u00fcndem\"],\"inLanguage\":\"tr\",\"potentialAction\":[{\"@type\":\"CommentAction\",\"name\":\"Comment\",\"target\":[\"https:\\\/\\\/kibrisdakik.com\\\/?p=4900#respond\"]}]},{\"@type\":\"WebPage\",\"@id\":\"https:\\\/\\\/kibrisdakik.com\\\/?p=4900\",\"url\":\"https:\\\/\\\/kibrisdakik.com\\\/?p=4900\",\"name\":\"K\u0131br\u0131s T\u00fcrk Elektrik Kurumu Genel M\u00fcd\u00fcr\u00fc Ayd\u0131n: Buhar Santrali\u2019nde hen\u00fcz nedeni tespit edilmeyen bir ar\u0131za ya\u015fand\u0131 -\",\"isPartOf\":{\"@id\":\"https:\\\/\\\/kibrisdakik.com\\\/#website\"},\"primaryImageOfPage\":{\"@id\":\"https:\\\/\\\/kibrisdakik.com\\\/?p=4900#primaryimage\"},\"image\":{\"@id\":\"https:\\\/\\\/kibrisdakik.com\\\/?p=4900#primaryimage\"},\"thumbnailUrl\":\"https:\\\/\\\/kibrisdakik.com\\\/wp-content\\\/uploads\\\/2023\\\/04\\\/Dalman-Aydin-17-saat-740x410.jpg\",\"datePublished\":\"2023-04-10T14:27:03+00:00\",\"author\":{\"@id\":\"https:\\\/\\\/kibrisdakik.com\\\/#\\\/schema\\\/person\\\/9cd9d437bbb44f72b73ba127e06d8e79\"},\"breadcrumb\":{\"@id\":\"https:\\\/\\\/kibrisdakik.com\\\/?p=4900#breadcrumb\"},\"inLanguage\":\"tr\",\"potentialAction\":[{\"@type\":\"ReadAction\",\"target\":[\"https:\\\/\\\/kibrisdakik.com\\\/?p=4900\"]}]},{\"@type\":\"ImageObject\",\"inLanguage\":\"tr\",\"@id\":\"https:\\\/\\\/kibrisdakik.com\\\/?p=4900#primaryimage\",\"url\":\"https:\\\/\\\/kibrisdakik.com\\\/wp-content\\\/uploads\\\/2023\\\/04\\\/Dalman-Aydin-17-saat-740x410.jpg\",\"contentUrl\":\"https:\\\/\\\/kibrisdakik.com\\\/wp-content\\\/uploads\\\/2023\\\/04\\\/Dalman-Aydin-17-saat-740x410.jpg\",\"width\":930,\"height\":410},{\"@type\":\"BreadcrumbList\",\"@id\":\"https:\\\/\\\/kibrisdakik.com\\\/?p=4900#breadcrumb\",\"itemListElement\":[{\"@type\":\"ListItem\",\"position\":1,\"name\":\"Home\",\"item\":\"https:\\\/\\\/kibrisdakik.com\\\/\"},{\"@type\":\"ListItem\",\"position\":2,\"name\":\"K\u0131br\u0131s T\u00fcrk Elektrik Kurumu Genel M\u00fcd\u00fcr\u00fc Ayd\u0131n: Buhar Santrali\u2019nde hen\u00fcz nedeni tespit edilmeyen bir ar\u0131za ya\u015fand\u0131\"}]},{\"@type\":\"WebSite\",\"@id\":\"https:\\\/\\\/kibrisdakik.com\\\/#website\",\"url\":\"https:\\\/\\\/kibrisdakik.com\\\/\",\"name\":\"\",\"description\":\"Tam vaktinde haber\",\"potentialAction\":[{\"@type\":\"SearchAction\",\"target\":{\"@type\":\"EntryPoint\",\"urlTemplate\":\"https:\\\/\\\/kibrisdakik.com\\\/?s={search_term_string}\"},\"query-input\":{\"@type\":\"PropertyValueSpecification\",\"valueRequired\":true,\"valueName\":\"search_term_string\"}}],\"inLanguage\":\"tr\"},{\"@type\":\"Person\",\"@id\":\"https:\\\/\\\/kibrisdakik.com\\\/#\\\/schema\\\/person\\\/9cd9d437bbb44f72b73ba127e06d8e79\",\"name\":\"admin\",\"image\":{\"@type\":\"ImageObject\",\"inLanguage\":\"tr\",\"@id\":\"https:\\\/\\\/secure.gravatar.com\\\/avatar\\\/ccc17943b9d660506c869530f897617f7cb1c21a4bf30023f252596d83e1f007?s=96&d=mm&r=g\",\"url\":\"https:\\\/\\\/secure.gravatar.com\\\/avatar\\\/ccc17943b9d660506c869530f897617f7cb1c21a4bf30023f252596d83e1f007?s=96&d=mm&r=g\",\"contentUrl\":\"https:\\\/\\\/secure.gravatar.com\\\/avatar\\\/ccc17943b9d660506c869530f897617f7cb1c21a4bf30023f252596d83e1f007?s=96&d=mm&r=g\",\"caption\":\"admin\"},\"sameAs\":[\"https:\\\/\\\/kibrisdakik.com\"],\"url\":\"https:\\\/\\\/kibrisdakik.com\\\/?author=1\"}]}<\/script>\n<!-- \/ Yoast SEO plugin. -->","yoast_head_json":{"title":"K\u0131br\u0131s T\u00fcrk Elektrik Kurumu Genel M\u00fcd\u00fcr\u00fc Ayd\u0131n: Buhar Santrali\u2019nde hen\u00fcz nedeni tespit edilmeyen bir ar\u0131za ya\u015fand\u0131 -","robots":{"index":"index","follow":"follow","max-snippet":"max-snippet:-1","max-image-preview":"max-image-preview:large","max-video-preview":"max-video-preview:-1"},"canonical":"https:\/\/kibrisdakik.com\/?p=4900","og_locale":"tr_TR","og_type":"article","og_title":"K\u0131br\u0131s T\u00fcrk Elektrik Kurumu Genel M\u00fcd\u00fcr\u00fc Ayd\u0131n: Buhar Santrali\u2019nde hen\u00fcz nedeni tespit edilmeyen bir ar\u0131za ya\u015fand\u0131 -","og_description":"Teknecik Elektrik Santrali\u2019ndeki 60 Megawatt\u2019l\u0131k Buhar Santrali devre d\u0131\u015f\u0131 kald\u0131. K\u0131br\u0131s T\u00fcrk Elektrik Kurumu Genel M\u00fcd\u00fcr\u00fc Dalman Ayd\u0131n ar\u0131zayla ilgili BRT\u2019ye yapt\u0131\u011f\u0131 de\u011ferlendirmede, buhar santralinde hen\u00fcz nedeni tespit edilmeyen bir ar\u0131za ya\u015fand\u0131\u011f\u0131n\u0131 belirtti. \u015eu an i\u00e7in bir \u00fcretim eksi\u011fi olmad\u0131\u011f\u0131n\u0131 belirten Ayd\u0131n, \u201cBir \u00fcretim eksikli\u011fi yoktur ancak buhar santralinde bir ar\u0131za oldu\u011fu bilgisi geldi. Devreye","og_url":"https:\/\/kibrisdakik.com\/?p=4900","article_published_time":"2023-04-10T14:27:03+00:00","og_image":[{"width":930,"height":410,"url":"https:\/\/kibrisdakik.com\/wp-content\/uploads\/2023\/04\/Dalman-Aydin-17-saat-740x410.jpg","type":"image\/jpeg"}],"author":"admin","twitter_card":"summary_large_image","twitter_misc":{"Yazan:":"admin","Tahmini okuma s\u00fcresi":"1 dakika"},"schema":{"@context":"https:\/\/schema.org","@graph":[{"@type":"Article","@id":"https:\/\/kibrisdakik.com\/?p=4900#article","isPartOf":{"@id":"https:\/\/kibrisdakik.com\/?p=4900"},"author":{"name":"admin","@id":"https:\/\/kibrisdakik.com\/#\/schema\/person\/9cd9d437bbb44f72b73ba127e06d8e79"},"headline":"K\u0131br\u0131s T\u00fcrk Elektrik Kurumu Genel M\u00fcd\u00fcr\u00fc Ayd\u0131n: Buhar Santrali\u2019nde hen\u00fcz nedeni tespit edilmeyen bir ar\u0131za ya\u015fand\u0131","datePublished":"2023-04-10T14:27:03+00:00","mainEntityOfPage":{"@id":"https:\/\/kibrisdakik.com\/?p=4900"},"wordCount":160,"commentCount":0,"image":{"@id":"https:\/\/kibrisdakik.com\/?p=4900#primaryimage"},"thumbnailUrl":"https:\/\/kibrisdakik.com\/wp-content\/uploads\/2023\/04\/Dalman-Aydin-17-saat-740x410.jpg","articleSection":["G\u00fcndem"],"inLanguage":"tr","potentialAction":[{"@type":"CommentAction","name":"Comment","target":["https:\/\/kibrisdakik.com\/?p=4900#respond"]}]},{"@type":"WebPage","@id":"https:\/\/kibrisdakik.com\/?p=4900","url":"https:\/\/kibrisdakik.com\/?p=4900","name":"K\u0131br\u0131s T\u00fcrk Elektrik Kurumu Genel M\u00fcd\u00fcr\u00fc Ayd\u0131n: Buhar Santrali\u2019nde hen\u00fcz nedeni tespit edilmeyen bir ar\u0131za ya\u015fand\u0131 -","isPartOf":{"@id":"https:\/\/kibrisdakik.com\/#website"},"primaryImageOfPage":{"@id":"https:\/\/kibrisdakik.com\/?p=4900#primaryimage"},"image":{"@id":"https:\/\/kibrisdakik.com\/?p=4900#primaryimage"},"thumbnailUrl":"https:\/\/kibrisdakik.com\/wp-content\/uploads\/2023\/04\/Dalman-Aydin-17-saat-740x410.jpg","datePublished":"2023-04-10T14:27:03+00:00","author":{"@id":"https:\/\/kibrisdakik.com\/#\/schema\/person\/9cd9d437bbb44f72b73ba127e06d8e79"},"breadcrumb":{"@id":"https:\/\/kibrisdakik.com\/?p=4900#breadcrumb"},"inLanguage":"tr","potentialAction":[{"@type":"ReadAction","target":["https:\/\/kibrisdakik.com\/?p=4900"]}]},{"@type":"ImageObject","inLanguage":"tr","@id":"https:\/\/kibrisdakik.com\/?p=4900#primaryimage","url":"https:\/\/kibrisdakik.com\/wp-content\/uploads\/2023\/04\/Dalman-Aydin-17-saat-740x410.jpg","contentUrl":"https:\/\/kibrisdakik.com\/wp-content\/uploads\/2023\/04\/Dalman-Aydin-17-saat-740x410.jpg","width":930,"height":410},{"@type":"BreadcrumbList","@id":"https:\/\/kibrisdakik.com\/?p=4900#breadcrumb","itemListElement":[{"@type":"ListItem","position":1,"name":"Home","item":"https:\/\/kibrisdakik.com\/"},{"@type":"ListItem","position":2,"name":"K\u0131br\u0131s T\u00fcrk Elektrik Kurumu Genel M\u00fcd\u00fcr\u00fc Ayd\u0131n: Buhar Santrali\u2019nde hen\u00fcz nedeni tespit edilmeyen bir ar\u0131za ya\u015fand\u0131"}]},{"@type":"WebSite","@id":"https:\/\/kibrisdakik.com\/#website","url":"https:\/\/kibrisdakik.com\/","name":"","description":"Tam vaktinde haber","potentialAction":[{"@type":"SearchAction","target":{"@type":"EntryPoint","urlTemplate":"https:\/\/kibrisdakik.com\/?s={search_term_string}"},"query-input":{"@type":"PropertyValueSpecification","valueRequired":true,"valueName":"search_term_string"}}],"inLanguage":"tr"},{"@type":"Person","@id":"https:\/\/kibrisdakik.com\/#\/schema\/person\/9cd9d437bbb44f72b73ba127e06d8e79","name":"admin","image":{"@type":"ImageObject","inLanguage":"tr","@id":"https:\/\/secure.gravatar.com\/avatar\/ccc17943b9d660506c869530f897617f7cb1c21a4bf30023f252596d83e1f007?s=96&d=mm&r=g","url":"https:\/\/secure.gravatar.com\/avatar\/ccc17943b9d660506c869530f897617f7cb1c21a4bf30023f252596d83e1f007?s=96&d=mm&r=g","contentUrl":"https:\/\/secure.gravatar.com\/avatar\/ccc17943b9d660506c869530f897617f7cb1c21a4bf30023f252596d83e1f007?s=96&d=mm&r=g","caption":"admin"},"sameAs":["https:\/\/kibrisdakik.com"],"url":"https:\/\/kibrisdakik.com\/?author=1"}]}},"_links":{"self":[{"href":"https:\/\/kibrisdakik.com\/index.php?rest_route=\/wp\/v2\/posts\/4900","targetHints":{"allow":["GET"]}}],"collection":[{"href":"https:\/\/kibrisdakik.com\/index.php?rest_route=\/wp\/v2\/posts"}],"about":[{"href":"https:\/\/kibrisdakik.com\/index.php?rest_route=\/wp\/v2\/types\/post"}],"author":[{"embeddable":true,"href":"https:\/\/kibrisdakik.com\/index.php?rest_route=\/wp\/v2\/users\/1"}],"replies":[{"embeddable":true,"href":"https:\/\/kibrisdakik.com\/index.php?rest_route=%2Fwp%2Fv2%2Fcomments&post=4900"}],"version-history":[{"count":0,"href":"https:\/\/kibrisdakik.com\/index.php?rest_route=\/wp\/v2\/posts\/4900\/revisions"}],"wp:featuredmedia":[{"embeddable":true,"href":"https:\/\/kibrisdakik.com\/index.php?rest_route=\/wp\/v2\/media\/4901"}],"wp:attachment":[{"href":"https:\/\/kibrisdakik.com\/index.php?rest_route=%2Fwp%2Fv2%2Fmedia&parent=4900"}],"wp:term":[{"taxonomy":"category","embeddable":true,"href":"https:\/\/kibrisdakik.com\/index.php?rest_route=%2Fwp%2Fv2%2Fcategories&post=4900"},{"taxonomy":"post_tag","embeddable":true,"href":"https:\/\/kibrisdakik.com\/index.php?rest_route=%2Fwp%2Fv2%2Ftags&post=4900"}],"curies":[{"name":"wp","href":"https:\/\/api.w.org\/{rel}","templated":true}]}}