{"id":49139,"date":"2024-07-09T17:31:13","date_gmt":"2024-07-09T17:31:13","guid":{"rendered":"https:\/\/kibrisdakik.com\/index.php\/2024\/07\/09\/erdoganin-aciklamalarina-kktcden-destek\/"},"modified":"2024-07-09T17:31:13","modified_gmt":"2024-07-09T17:31:13","slug":"erdoganin-aciklamalarina-kktcden-destek","status":"publish","type":"post","link":"https:\/\/kibrisdakik.com\/?p=49139","title":{"rendered":"Erdo\u011fan\u2019\u0131n a\u00e7\u0131klamalar\u0131na KKTC\u2019den destek"},"content":{"rendered":"<p><\/p>\n<div>\n<div class=\"mariselle-image-container center\">\n                <img loading=\"lazy\" decoding=\"async\" width=\"1280\" height=\"720\" class=\"lazy-image\" alt=\"\" sizes=\"auto, (max-width: 1280px) 100vw, 1280px\" src=\"https:\/\/brtk.net\/wp-content\/uploads\/2024\/05\/12\/erdogan-25.jpg?ver=1b9e74f135a03c138bc5839ccad6a4ca\" srcset=\"https:\/\/brtk.net\/wp-content\/uploads\/2024\/05\/12\/erdogan-25.jpg?ver=1b9e74f135a03c138bc5839ccad6a4ca 1280w, https:\/\/brtk.net\/wp-content\/uploads\/2024\/05\/12\/erdogan-25-300x169.jpg?ver=474f7ab7ac0692f84615ab63fd3224f2 300w, https:\/\/brtk.net\/wp-content\/uploads\/2024\/05\/12\/erdogan-25-1024x576.jpg?ver=cd7f60454c0331ad7522653c72b4387a 1024w, https:\/\/brtk.net\/wp-content\/uploads\/2024\/05\/12\/erdogan-25-768x432.jpg?ver=cd7f60454c0331ad7522653c72b4387a 768w\"\/>                            <\/div>\n<p>T\u00fcrkiye Cumhurba\u015fkan\u0131 Erdo\u011fan\u2019\u0131n \u201c<a href=\"https:\/\/brtk.net\/\"\/><a href=\"https:\/\/brtk.net\/\"\/><a href=\"https:\/\/brtk.net\/\"\/><a href=\"https:\/\/brtk.net\/\"\/><a href=\"https:\/\/brtk.net\/\"\/><a href=\"https:\/\/brtk.net\/\"\/><a href=\"https:\/\/brtk.net\/\"\/><a href=\"https:\/\/brtk.net\/\"\/><a href=\"https:\/\/brtk.net\/\">KKTC<\/a> T\u00fcrk Devletleri Te\u015fkilat\u0131\u2019nda bizim i\u00e7in do\u011fal \u00fcyedir\u201d s\u00f6zleri <a href=\"https:\/\/brtk.net\/\"\/><a href=\"https:\/\/brtk.net\/\"\/><a href=\"https:\/\/brtk.net\/\"\/><a href=\"https:\/\/brtk.net\/\"\/><a href=\"https:\/\/brtk.net\/\"\/><a href=\"https:\/\/brtk.net\/\"\/><a href=\"https:\/\/brtk.net\/\"\/><a href=\"https:\/\/brtk.net\/\"\/><a href=\"https:\/\/brtk.net\/\">KKTC<\/a>\u2019de b\u00fcy\u00fck yank\u0131 uyand\u0131rd\u0131. Cumhurba\u015fkan\u0131 <a href=\"https:\/\/brtk.net\/\"\/><a href=\"https:\/\/brtk.net\/\">Tatar<\/a>, Meclis Ba\u015fkan\u0131 T\u00f6re ve Ba\u015fbakan \u00dcstel, Erdo\u011fan\u2019a te\u015fekk\u00fcr mesaj\u0131 yay\u0131mlad\u0131.<\/p>\n<p>T\u00fcrkiye Cumhurba\u015fkan\u0131 Erdo\u011fan\u2019\u0131n <a href=\"https:\/\/brtk.net\/\"\/><a href=\"https:\/\/brtk.net\/\"\/><a href=\"https:\/\/brtk.net\/\"\/><a href=\"https:\/\/brtk.net\/\"\/><a href=\"https:\/\/brtk.net\/\"\/><a href=\"https:\/\/brtk.net\/\"\/><a href=\"https:\/\/brtk.net\/\"\/><a href=\"https:\/\/brtk.net\/\"\/><a href=\"https:\/\/brtk.net\/\">KKTC<\/a>\u2019nin tan\u0131nmas\u0131 \u00e7a\u011fr\u0131s\u0131n\u0131 yinelemesi ve \u201c<a href=\"https:\/\/brtk.net\/\"\/><a href=\"https:\/\/brtk.net\/\"\/><a href=\"https:\/\/brtk.net\/\"\/><a href=\"https:\/\/brtk.net\/\"\/><a href=\"https:\/\/brtk.net\/\"\/><a href=\"https:\/\/brtk.net\/\"\/><a href=\"https:\/\/brtk.net\/\"\/><a href=\"https:\/\/brtk.net\/\"\/><a href=\"https:\/\/brtk.net\/\">KKTC<\/a> bizim nezdimizde T\u00fcrk devletlerinin tam \u00fcyesi konumundad\u0131r\u201d vurgusu <a href=\"https:\/\/brtk.net\/\"\/><a href=\"https:\/\/brtk.net\/\"\/><a href=\"https:\/\/brtk.net\/\"\/><a href=\"https:\/\/brtk.net\/\"\/><a href=\"https:\/\/brtk.net\/\"\/><a href=\"https:\/\/brtk.net\/\"\/><a href=\"https:\/\/brtk.net\/\"\/><a href=\"https:\/\/brtk.net\/\"\/><a href=\"https:\/\/brtk.net\/\">KKTC<\/a> Siyaseti\u2019nde b\u00fcy\u00fck yank\u0131 uyand\u0131rd\u0131.<\/p>\n<div class=\"mariselle-image-container center\">\n                <img loading=\"lazy\" decoding=\"async\" width=\"958\" height=\"477\" class=\"lazy-image\" alt=\"\" sizes=\"auto, (max-width: 958px) 100vw, 958px\" src=\"https:\/\/brtk.net\/wp-content\/uploads\/2024\/06\/11\/cumhurbaskani-ersin-tatar-2-958x538-1.jpg?ver=f902a89938d1ec4a91150a5d0abcb8b5\" srcset=\"https:\/\/brtk.net\/wp-content\/uploads\/2024\/06\/11\/cumhurbaskani-ersin-tatar-2-958x538-1.jpg?ver=f902a89938d1ec4a91150a5d0abcb8b5 958w, https:\/\/brtk.net\/wp-content\/uploads\/2024\/06\/11\/cumhurbaskani-ersin-tatar-2-958x538-1-300x149.jpg?ver=0c31a7ea4f0fe27e26b4354f33f93c04 300w, https:\/\/brtk.net\/wp-content\/uploads\/2024\/06\/11\/cumhurbaskani-ersin-tatar-2-958x538-1-768x382.jpg?ver=0c31a7ea4f0fe27e26b4354f33f93c04 768w\"\/>                            <\/div>\n<p>Cumhurba\u015fkan\u0131 <a href=\"https:\/\/brtk.net\/\" target=\"_blank\" rel=\"noopener\">Ersin <\/a><a href=\"https:\/\/brtk.net\/\"\/><a href=\"https:\/\/brtk.net\/\">Tatar<\/a>, Erdo\u011fan\u2019\u0131n a\u00e7\u0131klamalar\u0131n\u0131n yer ald\u0131\u011f\u0131 video ile birlikte mesaj yay\u0131mlad\u0131.<\/p>\n<p><a href=\"https:\/\/brtk.net\/\"\/><a href=\"https:\/\/brtk.net\/\">Tatar<\/a>,  \u201cAzerbaycan\u2019da T\u00fcrk Devletleri ile toplant\u0131ya kat\u0131lmama tepki g\u00f6sterenlere T\u00fcrkiye Cumhuriyeti Cumhurba\u015fkan\u0131 Say\u0131n Recep Tayyip Erdo\u011fan\u2019a Amerika\u2019ya hareket etmeden \u00f6nce bu de\u011ferlendirmesi i\u00e7in \u00e7ok te\u015fekk\u00fcr ederim\u201d dedi.<\/p>\n<p>Cumhuriyet Meclisi Ba\u015fkan\u0131 Zorlu T\u00f6re de te\u015fekk\u00fcr mesaj\u0131nda, \u201cT\u00fcrkiye Cumhurba\u015fkan\u0131 Erdo\u011fan\u2019\u0131n, <a href=\"https:\/\/brtk.net\/\"\/><a href=\"https:\/\/brtk.net\/\"\/><a href=\"https:\/\/brtk.net\/\"\/><a href=\"https:\/\/brtk.net\/\"\/><a href=\"https:\/\/brtk.net\/\"\/><a href=\"https:\/\/brtk.net\/\"\/><a href=\"https:\/\/brtk.net\/\"\/><a href=\"https:\/\/brtk.net\/\"\/><a href=\"https:\/\/brtk.net\/\">KKTC<\/a>\u2019nin T\u00fcrk d\u00fcnyas\u0131nda beklenilen yere gelmesi i\u00e7in vermi\u015f oldu\u011fu deste\u011fin k\u0131ymetinin b\u00fcy\u00fck oldu\u011funu ifade ederek, \u201cBizler de <a href=\"https:\/\/brtk.net\/\"\/><a href=\"https:\/\/brtk.net\/\"\/><a href=\"https:\/\/brtk.net\/\"\/><a href=\"https:\/\/brtk.net\/\"\/><a href=\"https:\/\/brtk.net\/\"\/><a href=\"https:\/\/brtk.net\/\"\/><a href=\"https:\/\/brtk.net\/\"\/><a href=\"https:\/\/brtk.net\/\"\/><a href=\"https:\/\/brtk.net\/\">KKTC<\/a>\u2019nin T\u00fcrk Devletleri Te\u015fkilat\u0131 \u00fcyeleri ile ili\u015fkilerini g\u00fc\u00e7lendirmek ve ilerletmek ad\u0131na \u00e7al\u0131\u015fmalar\u0131m\u0131z\u0131 s\u00fcrd\u00fcrece\u011fiz\u201d dedi.<\/p>\n<div class=\"mariselle-image-container center\">\n                <img loading=\"lazy\" decoding=\"async\" width=\"747\" height=\"413\" class=\"lazy-image\" alt=\"\" sizes=\"auto, (max-width: 747px) 100vw, 747px\" src=\"https:\/\/brtk.net\/wp-content\/uploads\/2024\/06\/01\/unal-ustel21.jpg?ver=3f7750c17d0fc8ff23fbb8da3b78662e\" srcset=\"https:\/\/brtk.net\/wp-content\/uploads\/2024\/06\/01\/unal-ustel21.jpg?ver=3f7750c17d0fc8ff23fbb8da3b78662e 747w, https:\/\/brtk.net\/wp-content\/uploads\/2024\/06\/01\/unal-ustel21-300x166.jpg?ver=2061413a41fedaf662faae3266f05fe7 300w\"\/>                            <\/div>\n<p>\nBa\u015fbakan \u00dcnal \u00dcstel de Erdo\u011fan\u2019\u0131n a\u00e7\u0131klamas\u0131n\u0131n hemen ard\u0131ndan mesaj yay\u0131mlad\u0131.<\/p>\n<p>\u00dcstel, Kuzey K\u0131br\u0131s T\u00fcrk Cumhuriyeti\u2019nin d\u00fcnyayla kucakla\u015fma kararl\u0131l\u0131\u011f\u0131n\u0131n en b\u00fcy\u00fck destek\u00e7isi Anavatan T\u00fcrkiye\u2019mizin Cumhurba\u015fkan\u0131 Say\u0131n Recep Tayyip Erdo\u011fan\u2019\u0131n Washington ziyareti \u00f6ncesi, \u201c<a href=\"https:\/\/brtk.net\/\"\/><a href=\"https:\/\/brtk.net\/\"\/><a href=\"https:\/\/brtk.net\/\"\/><a href=\"https:\/\/brtk.net\/\"\/><a href=\"https:\/\/brtk.net\/\"\/><a href=\"https:\/\/brtk.net\/\"\/><a href=\"https:\/\/brtk.net\/\"\/><a href=\"https:\/\/brtk.net\/\"\/><a href=\"https:\/\/brtk.net\/\">KKTC<\/a> bizim nezdimizde zaten T\u00fcrk Devletleri Te\u015fkilat\u0131\u2019n\u0131n tam \u00fcyesi konumundad\u0131r\u201d diyerek, K\u0131br\u0131s T\u00fcrk Halk\u0131\u2019n\u0131 d\u00fcnyayla izole etmeye \u00e7al\u0131\u015fan zihinlere y\u00f6nelik ortaya koydu\u011fu tepkisi ve <a href=\"https:\/\/brtk.net\/\"\/><a href=\"https:\/\/brtk.net\/\"\/><a href=\"https:\/\/brtk.net\/\"\/><a href=\"https:\/\/brtk.net\/\"\/><a href=\"https:\/\/brtk.net\/\"\/><a href=\"https:\/\/brtk.net\/\"\/><a href=\"https:\/\/brtk.net\/\"\/><a href=\"https:\/\/brtk.net\/\"\/><a href=\"https:\/\/brtk.net\/\">KKTC<\/a> halk\u0131na deste\u011fi i\u00e7in kendisine bir kez daha y\u00fcrekten te\u015fekk\u00fcr ediyorum. <a href=\"https:\/\/brtk.net\/\"\/><a href=\"https:\/\/brtk.net\/\"\/><a href=\"https:\/\/brtk.net\/\"\/><a href=\"https:\/\/brtk.net\/\"\/><a href=\"https:\/\/brtk.net\/\"\/><a href=\"https:\/\/brtk.net\/\"\/><a href=\"https:\/\/brtk.net\/\"\/><a href=\"https:\/\/brtk.net\/\"\/><a href=\"https:\/\/brtk.net\/\">KKTC<\/a>\u2019nin T\u00fcrk Devletleri Te\u015fkilat\u0131 \u00fcyeleri ile diyalo\u011funu geli\u015ftirmeye ve g\u00fc\u00e7lendirmeye kararl\u0131l\u0131kla devam edece\u011fiz\u201d dedi.<\/p>\n<\/p><\/div>\n<p><script async\n                    defer\n                    crossorigin=\"anonymous\"\n                    src=\"https:\/\/connect.facebook.net\/tr_TR\/sdk.js#xfbml=1&#038;version=v3.3\"\n            ><\/script><\/p>\n","protected":false},"excerpt":{"rendered":"<p>T\u00fcrkiye Cumhurba\u015fkan\u0131 Erdo\u011fan\u2019\u0131n \u201cKKTC T\u00fcrk Devletleri Te\u015fkilat\u0131\u2019nda bizim i\u00e7in do\u011fal \u00fcyedir\u201d s\u00f6zleri KKTC\u2019de b\u00fcy\u00fck yank\u0131 uyand\u0131rd\u0131. Cumhurba\u015fkan\u0131 Tatar, Meclis Ba\u015fkan\u0131 T\u00f6re ve Ba\u015fbakan \u00dcstel, Erdo\u011fan\u2019a te\u015fekk\u00fcr mesaj\u0131 yay\u0131mlad\u0131. T\u00fcrkiye Cumhurba\u015fkan\u0131 Erdo\u011fan\u2019\u0131n KKTC\u2019nin tan\u0131nmas\u0131 \u00e7a\u011fr\u0131s\u0131n\u0131 yinelemesi ve \u201cKKTC bizim nezdimizde T\u00fcrk devletlerinin tam \u00fcyesi konumundad\u0131r\u201d vurgusu KKTC Siyaseti\u2019nde b\u00fcy\u00fck yank\u0131 uyand\u0131rd\u0131. Cumhurba\u015fkan\u0131 Ersin Tatar, Erdo\u011fan\u2019\u0131n a\u00e7\u0131klamalar\u0131n\u0131n<\/p>\n","protected":false},"author":1,"featured_media":41352,"comment_status":"open","ping_status":"open","sticky":false,"template":"","format":"standard","meta":{"footnotes":""},"categories":[1],"tags":[],"class_list":["post-49139","post","type-post","status-publish","format-standard","has-post-thumbnail","hentry","category-gundem"],"yoast_head":"<!-- This site is optimized with the Yoast SEO plugin v27.5 - https:\/\/yoast.com\/product\/yoast-seo-wordpress\/ -->\n<title>Erdo\u011fan\u2019\u0131n a\u00e7\u0131klamalar\u0131na KKTC\u2019den destek -<\/title>\n<meta name=\"robots\" content=\"index, follow, max-snippet:-1, max-image-preview:large, max-video-preview:-1\" \/>\n<link rel=\"canonical\" href=\"https:\/\/kibrisdakik.com\/?p=49139\" \/>\n<meta property=\"og:locale\" content=\"tr_TR\" \/>\n<meta property=\"og:type\" content=\"article\" \/>\n<meta property=\"og:title\" content=\"Erdo\u011fan\u2019\u0131n a\u00e7\u0131klamalar\u0131na KKTC\u2019den destek -\" \/>\n<meta property=\"og:description\" content=\"T\u00fcrkiye Cumhurba\u015fkan\u0131 Erdo\u011fan\u2019\u0131n \u201cKKTC T\u00fcrk Devletleri Te\u015fkilat\u0131\u2019nda bizim i\u00e7in do\u011fal \u00fcyedir\u201d s\u00f6zleri KKTC\u2019de b\u00fcy\u00fck yank\u0131 uyand\u0131rd\u0131. Cumhurba\u015fkan\u0131 Tatar, Meclis Ba\u015fkan\u0131 T\u00f6re ve Ba\u015fbakan \u00dcstel, Erdo\u011fan\u2019a te\u015fekk\u00fcr mesaj\u0131 yay\u0131mlad\u0131. T\u00fcrkiye Cumhurba\u015fkan\u0131 Erdo\u011fan\u2019\u0131n KKTC\u2019nin tan\u0131nmas\u0131 \u00e7a\u011fr\u0131s\u0131n\u0131 yinelemesi ve \u201cKKTC bizim nezdimizde T\u00fcrk devletlerinin tam \u00fcyesi konumundad\u0131r\u201d vurgusu KKTC Siyaseti\u2019nde b\u00fcy\u00fck yank\u0131 uyand\u0131rd\u0131. Cumhurba\u015fkan\u0131 Ersin Tatar, Erdo\u011fan\u2019\u0131n a\u00e7\u0131klamalar\u0131n\u0131n\" \/>\n<meta property=\"og:url\" content=\"https:\/\/kibrisdakik.com\/?p=49139\" \/>\n<meta property=\"article:published_time\" content=\"2024-07-09T17:31:13+00:00\" \/>\n<meta property=\"og:image\" content=\"https:\/\/kibrisdakik.com\/wp-content\/uploads\/2024\/05\/erdogan-25-740x420.jpg\" \/>\n\t<meta property=\"og:image:width\" content=\"1280\" \/>\n\t<meta property=\"og:image:height\" content=\"720\" \/>\n\t<meta property=\"og:image:type\" content=\"image\/jpeg\" \/>\n<meta name=\"author\" content=\"admin\" \/>\n<meta name=\"twitter:card\" content=\"summary_large_image\" \/>\n<meta name=\"twitter:label1\" content=\"Yazan:\" \/>\n\t<meta name=\"twitter:data1\" content=\"admin\" \/>\n\t<meta name=\"twitter:label2\" content=\"Tahmini okuma s\u00fcresi\" \/>\n\t<meta name=\"twitter:data2\" content=\"2 dakika\" \/>\n<script type=\"application\/ld+json\" class=\"yoast-schema-graph\">{\"@context\":\"https:\\\/\\\/schema.org\",\"@graph\":[{\"@type\":\"Article\",\"@id\":\"https:\\\/\\\/kibrisdakik.com\\\/?p=49139#article\",\"isPartOf\":{\"@id\":\"https:\\\/\\\/kibrisdakik.com\\\/?p=49139\"},\"author\":{\"name\":\"admin\",\"@id\":\"https:\\\/\\\/kibrisdakik.com\\\/#\\\/schema\\\/person\\\/9cd9d437bbb44f72b73ba127e06d8e79\"},\"headline\":\"Erdo\u011fan\u2019\u0131n a\u00e7\u0131klamalar\u0131na KKTC\u2019den destek\",\"datePublished\":\"2024-07-09T17:31:13+00:00\",\"mainEntityOfPage\":{\"@id\":\"https:\\\/\\\/kibrisdakik.com\\\/?p=49139\"},\"wordCount\":366,\"commentCount\":0,\"image\":{\"@id\":\"https:\\\/\\\/kibrisdakik.com\\\/?p=49139#primaryimage\"},\"thumbnailUrl\":\"https:\\\/\\\/kibrisdakik.com\\\/wp-content\\\/uploads\\\/2024\\\/05\\\/erdogan-25-740x420.jpg\",\"articleSection\":[\"G\u00fcndem\"],\"inLanguage\":\"tr\",\"potentialAction\":[{\"@type\":\"CommentAction\",\"name\":\"Comment\",\"target\":[\"https:\\\/\\\/kibrisdakik.com\\\/?p=49139#respond\"]}]},{\"@type\":\"WebPage\",\"@id\":\"https:\\\/\\\/kibrisdakik.com\\\/?p=49139\",\"url\":\"https:\\\/\\\/kibrisdakik.com\\\/?p=49139\",\"name\":\"Erdo\u011fan\u2019\u0131n a\u00e7\u0131klamalar\u0131na KKTC\u2019den destek -\",\"isPartOf\":{\"@id\":\"https:\\\/\\\/kibrisdakik.com\\\/#website\"},\"primaryImageOfPage\":{\"@id\":\"https:\\\/\\\/kibrisdakik.com\\\/?p=49139#primaryimage\"},\"image\":{\"@id\":\"https:\\\/\\\/kibrisdakik.com\\\/?p=49139#primaryimage\"},\"thumbnailUrl\":\"https:\\\/\\\/kibrisdakik.com\\\/wp-content\\\/uploads\\\/2024\\\/05\\\/erdogan-25-740x420.jpg\",\"datePublished\":\"2024-07-09T17:31:13+00:00\",\"author\":{\"@id\":\"https:\\\/\\\/kibrisdakik.com\\\/#\\\/schema\\\/person\\\/9cd9d437bbb44f72b73ba127e06d8e79\"},\"breadcrumb\":{\"@id\":\"https:\\\/\\\/kibrisdakik.com\\\/?p=49139#breadcrumb\"},\"inLanguage\":\"tr\",\"potentialAction\":[{\"@type\":\"ReadAction\",\"target\":[\"https:\\\/\\\/kibrisdakik.com\\\/?p=49139\"]}]},{\"@type\":\"ImageObject\",\"inLanguage\":\"tr\",\"@id\":\"https:\\\/\\\/kibrisdakik.com\\\/?p=49139#primaryimage\",\"url\":\"https:\\\/\\\/kibrisdakik.com\\\/wp-content\\\/uploads\\\/2024\\\/05\\\/erdogan-25-740x420.jpg\",\"contentUrl\":\"https:\\\/\\\/kibrisdakik.com\\\/wp-content\\\/uploads\\\/2024\\\/05\\\/erdogan-25-740x420.jpg\",\"width\":1280,\"height\":720},{\"@type\":\"BreadcrumbList\",\"@id\":\"https:\\\/\\\/kibrisdakik.com\\\/?p=49139#breadcrumb\",\"itemListElement\":[{\"@type\":\"ListItem\",\"position\":1,\"name\":\"Home\",\"item\":\"https:\\\/\\\/kibrisdakik.com\\\/\"},{\"@type\":\"ListItem\",\"position\":2,\"name\":\"Erdo\u011fan\u2019\u0131n a\u00e7\u0131klamalar\u0131na KKTC\u2019den destek\"}]},{\"@type\":\"WebSite\",\"@id\":\"https:\\\/\\\/kibrisdakik.com\\\/#website\",\"url\":\"https:\\\/\\\/kibrisdakik.com\\\/\",\"name\":\"\",\"description\":\"Tam vaktinde haber\",\"potentialAction\":[{\"@type\":\"SearchAction\",\"target\":{\"@type\":\"EntryPoint\",\"urlTemplate\":\"https:\\\/\\\/kibrisdakik.com\\\/?s={search_term_string}\"},\"query-input\":{\"@type\":\"PropertyValueSpecification\",\"valueRequired\":true,\"valueName\":\"search_term_string\"}}],\"inLanguage\":\"tr\"},{\"@type\":\"Person\",\"@id\":\"https:\\\/\\\/kibrisdakik.com\\\/#\\\/schema\\\/person\\\/9cd9d437bbb44f72b73ba127e06d8e79\",\"name\":\"admin\",\"image\":{\"@type\":\"ImageObject\",\"inLanguage\":\"tr\",\"@id\":\"https:\\\/\\\/secure.gravatar.com\\\/avatar\\\/ccc17943b9d660506c869530f897617f7cb1c21a4bf30023f252596d83e1f007?s=96&d=mm&r=g\",\"url\":\"https:\\\/\\\/secure.gravatar.com\\\/avatar\\\/ccc17943b9d660506c869530f897617f7cb1c21a4bf30023f252596d83e1f007?s=96&d=mm&r=g\",\"contentUrl\":\"https:\\\/\\\/secure.gravatar.com\\\/avatar\\\/ccc17943b9d660506c869530f897617f7cb1c21a4bf30023f252596d83e1f007?s=96&d=mm&r=g\",\"caption\":\"admin\"},\"sameAs\":[\"https:\\\/\\\/kibrisdakik.com\"],\"url\":\"https:\\\/\\\/kibrisdakik.com\\\/?author=1\"}]}<\/script>\n<!-- \/ Yoast SEO plugin. -->","yoast_head_json":{"title":"Erdo\u011fan\u2019\u0131n a\u00e7\u0131klamalar\u0131na KKTC\u2019den destek -","robots":{"index":"index","follow":"follow","max-snippet":"max-snippet:-1","max-image-preview":"max-image-preview:large","max-video-preview":"max-video-preview:-1"},"canonical":"https:\/\/kibrisdakik.com\/?p=49139","og_locale":"tr_TR","og_type":"article","og_title":"Erdo\u011fan\u2019\u0131n a\u00e7\u0131klamalar\u0131na KKTC\u2019den destek -","og_description":"T\u00fcrkiye Cumhurba\u015fkan\u0131 Erdo\u011fan\u2019\u0131n \u201cKKTC T\u00fcrk Devletleri Te\u015fkilat\u0131\u2019nda bizim i\u00e7in do\u011fal \u00fcyedir\u201d s\u00f6zleri KKTC\u2019de b\u00fcy\u00fck yank\u0131 uyand\u0131rd\u0131. Cumhurba\u015fkan\u0131 Tatar, Meclis Ba\u015fkan\u0131 T\u00f6re ve Ba\u015fbakan \u00dcstel, Erdo\u011fan\u2019a te\u015fekk\u00fcr mesaj\u0131 yay\u0131mlad\u0131. T\u00fcrkiye Cumhurba\u015fkan\u0131 Erdo\u011fan\u2019\u0131n KKTC\u2019nin tan\u0131nmas\u0131 \u00e7a\u011fr\u0131s\u0131n\u0131 yinelemesi ve \u201cKKTC bizim nezdimizde T\u00fcrk devletlerinin tam \u00fcyesi konumundad\u0131r\u201d vurgusu KKTC Siyaseti\u2019nde b\u00fcy\u00fck yank\u0131 uyand\u0131rd\u0131. Cumhurba\u015fkan\u0131 Ersin Tatar, Erdo\u011fan\u2019\u0131n a\u00e7\u0131klamalar\u0131n\u0131n","og_url":"https:\/\/kibrisdakik.com\/?p=49139","article_published_time":"2024-07-09T17:31:13+00:00","og_image":[{"width":1280,"height":720,"url":"https:\/\/kibrisdakik.com\/wp-content\/uploads\/2024\/05\/erdogan-25-740x420.jpg","type":"image\/jpeg"}],"author":"admin","twitter_card":"summary_large_image","twitter_misc":{"Yazan:":"admin","Tahmini okuma s\u00fcresi":"2 dakika"},"schema":{"@context":"https:\/\/schema.org","@graph":[{"@type":"Article","@id":"https:\/\/kibrisdakik.com\/?p=49139#article","isPartOf":{"@id":"https:\/\/kibrisdakik.com\/?p=49139"},"author":{"name":"admin","@id":"https:\/\/kibrisdakik.com\/#\/schema\/person\/9cd9d437bbb44f72b73ba127e06d8e79"},"headline":"Erdo\u011fan\u2019\u0131n a\u00e7\u0131klamalar\u0131na KKTC\u2019den destek","datePublished":"2024-07-09T17:31:13+00:00","mainEntityOfPage":{"@id":"https:\/\/kibrisdakik.com\/?p=49139"},"wordCount":366,"commentCount":0,"image":{"@id":"https:\/\/kibrisdakik.com\/?p=49139#primaryimage"},"thumbnailUrl":"https:\/\/kibrisdakik.com\/wp-content\/uploads\/2024\/05\/erdogan-25-740x420.jpg","articleSection":["G\u00fcndem"],"inLanguage":"tr","potentialAction":[{"@type":"CommentAction","name":"Comment","target":["https:\/\/kibrisdakik.com\/?p=49139#respond"]}]},{"@type":"WebPage","@id":"https:\/\/kibrisdakik.com\/?p=49139","url":"https:\/\/kibrisdakik.com\/?p=49139","name":"Erdo\u011fan\u2019\u0131n a\u00e7\u0131klamalar\u0131na KKTC\u2019den destek -","isPartOf":{"@id":"https:\/\/kibrisdakik.com\/#website"},"primaryImageOfPage":{"@id":"https:\/\/kibrisdakik.com\/?p=49139#primaryimage"},"image":{"@id":"https:\/\/kibrisdakik.com\/?p=49139#primaryimage"},"thumbnailUrl":"https:\/\/kibrisdakik.com\/wp-content\/uploads\/2024\/05\/erdogan-25-740x420.jpg","datePublished":"2024-07-09T17:31:13+00:00","author":{"@id":"https:\/\/kibrisdakik.com\/#\/schema\/person\/9cd9d437bbb44f72b73ba127e06d8e79"},"breadcrumb":{"@id":"https:\/\/kibrisdakik.com\/?p=49139#breadcrumb"},"inLanguage":"tr","potentialAction":[{"@type":"ReadAction","target":["https:\/\/kibrisdakik.com\/?p=49139"]}]},{"@type":"ImageObject","inLanguage":"tr","@id":"https:\/\/kibrisdakik.com\/?p=49139#primaryimage","url":"https:\/\/kibrisdakik.com\/wp-content\/uploads\/2024\/05\/erdogan-25-740x420.jpg","contentUrl":"https:\/\/kibrisdakik.com\/wp-content\/uploads\/2024\/05\/erdogan-25-740x420.jpg","width":1280,"height":720},{"@type":"BreadcrumbList","@id":"https:\/\/kibrisdakik.com\/?p=49139#breadcrumb","itemListElement":[{"@type":"ListItem","position":1,"name":"Home","item":"https:\/\/kibrisdakik.com\/"},{"@type":"ListItem","position":2,"name":"Erdo\u011fan\u2019\u0131n a\u00e7\u0131klamalar\u0131na KKTC\u2019den destek"}]},{"@type":"WebSite","@id":"https:\/\/kibrisdakik.com\/#website","url":"https:\/\/kibrisdakik.com\/","name":"","description":"Tam vaktinde haber","potentialAction":[{"@type":"SearchAction","target":{"@type":"EntryPoint","urlTemplate":"https:\/\/kibrisdakik.com\/?s={search_term_string}"},"query-input":{"@type":"PropertyValueSpecification","valueRequired":true,"valueName":"search_term_string"}}],"inLanguage":"tr"},{"@type":"Person","@id":"https:\/\/kibrisdakik.com\/#\/schema\/person\/9cd9d437bbb44f72b73ba127e06d8e79","name":"admin","image":{"@type":"ImageObject","inLanguage":"tr","@id":"https:\/\/secure.gravatar.com\/avatar\/ccc17943b9d660506c869530f897617f7cb1c21a4bf30023f252596d83e1f007?s=96&d=mm&r=g","url":"https:\/\/secure.gravatar.com\/avatar\/ccc17943b9d660506c869530f897617f7cb1c21a4bf30023f252596d83e1f007?s=96&d=mm&r=g","contentUrl":"https:\/\/secure.gravatar.com\/avatar\/ccc17943b9d660506c869530f897617f7cb1c21a4bf30023f252596d83e1f007?s=96&d=mm&r=g","caption":"admin"},"sameAs":["https:\/\/kibrisdakik.com"],"url":"https:\/\/kibrisdakik.com\/?author=1"}]}},"_links":{"self":[{"href":"https:\/\/kibrisdakik.com\/index.php?rest_route=\/wp\/v2\/posts\/49139","targetHints":{"allow":["GET"]}}],"collection":[{"href":"https:\/\/kibrisdakik.com\/index.php?rest_route=\/wp\/v2\/posts"}],"about":[{"href":"https:\/\/kibrisdakik.com\/index.php?rest_route=\/wp\/v2\/types\/post"}],"author":[{"embeddable":true,"href":"https:\/\/kibrisdakik.com\/index.php?rest_route=\/wp\/v2\/users\/1"}],"replies":[{"embeddable":true,"href":"https:\/\/kibrisdakik.com\/index.php?rest_route=%2Fwp%2Fv2%2Fcomments&post=49139"}],"version-history":[{"count":0,"href":"https:\/\/kibrisdakik.com\/index.php?rest_route=\/wp\/v2\/posts\/49139\/revisions"}],"wp:featuredmedia":[{"embeddable":true,"href":"https:\/\/kibrisdakik.com\/index.php?rest_route=\/wp\/v2\/media\/41352"}],"wp:attachment":[{"href":"https:\/\/kibrisdakik.com\/index.php?rest_route=%2Fwp%2Fv2%2Fmedia&parent=49139"}],"wp:term":[{"taxonomy":"category","embeddable":true,"href":"https:\/\/kibrisdakik.com\/index.php?rest_route=%2Fwp%2Fv2%2Fcategories&post=49139"},{"taxonomy":"post_tag","embeddable":true,"href":"https:\/\/kibrisdakik.com\/index.php?rest_route=%2Fwp%2Fv2%2Ftags&post=49139"}],"curies":[{"name":"wp","href":"https:\/\/api.w.org\/{rel}","templated":true}]}}