{"id":49192,"date":"2024-07-10T02:38:02","date_gmt":"2024-07-10T02:38:02","guid":{"rendered":"https:\/\/kibrisdakik.com\/index.php\/2024\/07\/10\/mucahit-ve-gaziler-ile-emlakcilar-birligine-iliskin-tasarilar-meclisten-gecti-2\/"},"modified":"2024-07-10T02:38:02","modified_gmt":"2024-07-10T02:38:02","slug":"mucahit-ve-gaziler-ile-emlakcilar-birligine-iliskin-tasarilar-meclisten-gecti-2","status":"publish","type":"post","link":"https:\/\/kibrisdakik.com\/?p=49192","title":{"rendered":"M\u00fccahit ve gaziler ile Emlak\u00e7\u0131lar Birli\u011fi&#039;ne ili\u015fkin tasar\u0131lar Meclis&#039;ten ge\u00e7ti"},"content":{"rendered":"<p><img decoding=\"async\" src=\"https:\/\/www.kibristurk.com\/images\/haberler\/2024\/07\/mucahit-ve-gaziler-ile-emlakcilar-birligine-iliskin-tasarilar-meclisten-gecti-1720529785.webp\" \/><\/p>\n<p style=\"text-align:left\"><span style=\"font-size:16px\"><span style=\"font-family:Merriweather,serif !important\"><span style=\"color:#000000\"><span style=\"background-color:#ffffff\"><span style=\"font-size:16px !important\"><span style=\"font-family:Merriweather,serif !important\"><span style=\"color:#000000 !important\">\u0130lk olarak M\u00fccahitlerin Tazmini ile Gazilerin Hak ve Menfaatlerinin Belirlenmesi (De\u011fi\u015fiklik) Yasa \u00d6nerisi g\u00f6r\u00fc\u015f\u00fcld\u00fc.<\/span><\/span><\/span><\/span><\/span><\/span><\/span><\/p>\n<p style=\"text-align:left\"><span style=\"font-size:16px\"><span style=\"font-family:Merriweather,serif !important\"><span style=\"color:#000000\"><span style=\"background-color:#ffffff\"><span style=\"font-size:16px !important\"><span style=\"font-family:Merriweather,serif !important\"><span style=\"color:#000000 !important\">\u0130dari, Kamu ve Sa\u011fl\u0131k \u0130\u015fleri Komitesi Ba\u015fkan\u0131 Sunat Atun, \u00f6neriye ili\u015fkin raporu okudu.<\/span><\/span><\/span><\/span><\/span><\/span><\/span><\/p>\n<p style=\"text-align:left\"><span style=\"font-size:16px\"><span style=\"font-family:Merriweather,serif !important\"><span style=\"color:#000000\"><span style=\"background-color:#ffffff\"><span style=\"font-size:16px !important\"><span style=\"font-family:Merriweather,serif !important\"><span style=\"color:#000000 !important\">-Bar\u00e7\u0131n<\/span><\/span><\/span><\/span><\/span><\/span><\/span><\/p>\n<p style=\"text-align:left\"><span style=\"font-size:16px\"><span style=\"font-family:Merriweather,serif !important\"><span style=\"color:#000000\"><span style=\"background-color:#ffffff\"><span style=\"font-size:16px !important\"><span style=\"font-family:Merriweather,serif !important\"><span style=\"color:#000000 !important\">CTP Milletvekili Devrim Bar\u00e7\u0131n, m\u00fccahitlik g\u00f6revi ifa eden uzman askerlerin adaletsizlik ya\u015fad\u0131\u011f\u0131n\u0131 savunarak, bu konuda nas\u0131l bir \u00e7al\u0131\u015fma yap\u0131ld\u0131\u011f\u0131n\u0131 sordu.<\/span><\/span><\/span><\/span><\/span><\/span><\/span><\/p>\n<p style=\"text-align:left\"><span style=\"font-size:16px\"><span style=\"font-family:Merriweather,serif !important\"><span style=\"color:#000000\"><span style=\"background-color:#ffffff\"><span style=\"font-size:16px !important\"><span style=\"font-family:Merriweather,serif !important\"><span style=\"color:#000000 !important\">Bar\u00e7\u0131n, g\u00fcvenlik kamu emek\u00e7ileri, sivil i\u015f\u00e7iler ve uzman askerlerin ma\u011fduriyet ya\u015fad\u0131\u011f\u0131n\u0131, bu adaletsizli\u011fi gidermenin kolay oldu\u011funu s\u00f6yleyerek, h\u00fck\u00fcmetin \u00e7al\u0131\u015fmay\u0131 bir saatte bitirilebilece\u011fini ancak&nbsp; bunu yapmad\u0131\u011f\u0131n\u0131 ileri s\u00fcrd\u00fc.<\/span><\/span><\/span><\/span><\/span><\/span><\/span><\/p>\n<p style=\"text-align:left\"><span style=\"font-size:16px\"><span style=\"font-family:Merriweather,serif !important\"><span style=\"color:#000000\"><span style=\"background-color:#ffffff\"><span style=\"font-size:16px !important\"><span style=\"font-family:Merriweather,serif !important\"><span style=\"color:#000000 !important\">-Hasipo\u011flu<\/span><\/span><\/span><\/span><\/span><\/span><\/span><\/p>\n<p style=\"text-align:left\"><span style=\"font-size:16px\"><span style=\"font-family:Merriweather,serif !important\"><span style=\"color:#000000\"><span style=\"background-color:#ffffff\"><span style=\"font-size:16px !important\"><span style=\"font-family:Merriweather,serif !important\"><span style=\"color:#000000 !important\">UBP Milletvekili O\u011fuzhan Hasipo\u011flu, Yasa \u00d6nerisini haz\u0131rlayanlardan biri oldu\u011funu, yasada tan\u0131m eksiklikleri bulundu\u011funu gazi ve m\u00fccahit tan\u0131m\u0131 bulunmad\u0131\u011f\u0131n\u0131 belirtti.<\/span><\/span><\/span><\/span><\/span><\/span><\/span><\/p>\n<p style=\"text-align:left\"><span style=\"font-size:16px\"><span style=\"font-family:Merriweather,serif !important\"><span style=\"color:#000000\"><span style=\"background-color:#ffffff\"><span style=\"font-size:16px !important\"><span style=\"font-family:Merriweather,serif !important\"><span style=\"color:#000000 !important\">Hasiopo\u011flu, d\u00fczenlenen tan\u0131mlarla ilgili bilgi vererek, m\u00fccahitlik hizmetini ispat edemeyenlere de belgelemesi i\u00e7in bir prosed\u00fcr eklendi\u011fini, gazi e\u015f ve \u00e7ocuklar\u0131na sa\u011flanacak haklarla ilgili d\u00fczenlemeler yap\u0131ld\u0131\u011f\u0131n\u0131 ifade etti.<\/span><\/span><\/span><\/span><\/span><\/span><\/span><\/p>\n<p style=\"text-align:left\"><span style=\"font-size:16px\"><span style=\"font-family:Merriweather,serif !important\"><span style=\"color:#000000\"><span style=\"background-color:#ffffff\"><span style=\"font-size:16px !important\"><span style=\"font-family:Merriweather,serif !important\"><span style=\"color:#000000 !important\">Hasipo\u011flu, \u201cMutlu Bar\u0131\u015f Harekat\u0131\u2019n\u0131n 50. y\u0131l\u0131n\u0131 kutlarken gazi ve \u015fehitlerimize bir borcumuzdur. Vatan\u0131m\u0131z\u0131 onlara bor\u00e7luyuz\u201d dedi.<\/span><\/span><\/span><\/span><\/span><\/span><\/span><\/p>\n<p style=\"text-align:left\"><span style=\"font-size:16px\"><span style=\"font-family:Merriweather,serif !important\"><span style=\"color:#000000\"><span style=\"background-color:#ffffff\"><span style=\"font-size:16px !important\"><span style=\"font-family:Merriweather,serif !important\"><span style=\"color:#000000 !important\">-Berova<\/span><\/span><\/span><\/span><\/span><\/span><\/span><\/p>\n<p style=\"text-align:left\"><span style=\"font-size:16px\"><span style=\"font-family:Merriweather,serif !important\"><span style=\"color:#000000\"><span style=\"background-color:#ffffff\"><span style=\"font-size:16px !important\"><span style=\"font-family:Merriweather,serif !important\"><span style=\"color:#000000 !important\">Maliye Bakan\u0131 \u00d6zdemir Berova, \u201cMutlu Bar\u0131\u015f Harekat\u0131\u2019n\u0131n 50. y\u0131ld\u00f6n\u00fcm\u00fcn\u00fc gururla kutlayaca\u011f\u0131z\u201d diyerek, KKTC\u2019nin varl\u0131\u011f\u0131n\u0131 koruyacak olan en \u00f6nemli g\u00fcc\u00fcn silahl\u0131 kuvvetler oldu\u011funu belirtti.<\/span><\/span><\/span><\/span><\/span><\/span><\/span><\/p>\n<div style=\"text-align:left\">\n<div>\n<p><span style=\"font-size:16px\"><span style=\"color:#000000\"><span style=\"font-family:Merriweather,sans-serif\"><span style=\"background-color:#ffffff\"><span style=\"font-size:16px !important\"><span style=\"font-family:Merriweather,serif !important\"><span style=\"color:#000000 !important\"><span style=\"font-size:16px !important\"><span style=\"font-family:Merriweather,serif !important\"><span style=\"color:#000000 !important\">Bar\u00e7\u0131n\u2019\u0131n bahsetti\u011fi konunun g\u00fcndemlerinde oldu\u011funu s\u00f6yleyen Berova, g\u00fcvenlik harcamalar\u0131n\u0131n Anavatan T\u00fcrkiye taraf\u0131ndan sa\u011fland\u0131\u011f\u0131n\u0131 dolay\u0131s\u0131yla T\u00fcrkiye\u2019nin yetkilileri ve di\u011fer payda\u015flar\u0131n i\u015f birli\u011fi yapmas\u0131 gerekti\u011fini kaydetti.<\/span><\/span><\/span><\/span><\/span><\/span><\/span><\/span><\/span><\/span><\/p>\n<p><span style=\"font-size:16px\"><span style=\"color:#000000\"><span style=\"font-family:Merriweather,sans-serif\"><span style=\"background-color:#ffffff\"><span style=\"font-size:16px !important\"><span style=\"font-family:Merriweather,serif !important\"><span style=\"color:#000000 !important\"><span style=\"font-size:16px !important\"><span style=\"font-family:Merriweather,serif !important\"><span style=\"color:#000000 !important\">Berova, TC Mili Savunma Bakan\u0131\u2019n\u0131 ile konuyu g\u00f6r\u00fc\u015feceklerini 2023-24 mali y\u0131l\u0131nda b\u00fct\u00e7e \u00f6deneklerinin bu y\u0131l i\u00e7in planland\u0131\u011f\u0131n\u0131, g\u00f6r\u00fc\u015fmelerden olumlu sonu\u00e7 alacaklar\u0131na inand\u0131klar\u0131n\u0131, maa\u015f baz\u0131nda anomalileri d\u00fczeltmek i\u00e7im gerekeni yapacaklar\u0131n\u0131, 2025 b\u00fct\u00e7esine koyarak anomaliyi d\u00fczelteceklerini ifade etti.<\/span><\/span><\/span><\/span><\/span><\/span><\/span><\/span><\/span><\/span><\/p>\n<p><span style=\"font-size:16px\"><span style=\"color:#000000\"><span style=\"font-family:Merriweather,sans-serif\"><span style=\"background-color:#ffffff\"><span style=\"font-size:16px !important\"><span style=\"font-family:Merriweather,serif !important\"><span style=\"color:#000000 !important\"><span style=\"font-size:16px !important\"><span style=\"font-family:Merriweather,serif !important\"><span style=\"color:#000000 !important\">Konu\u015fmalar\u0131n ard\u0131ndan \u00f6neri oy birli\u011fiyle kabul edildi.<\/span><\/span><\/span><\/span><\/span><\/span><\/span><\/span><\/span><\/span><\/p>\n<p><span style=\"font-size:16px\"><span style=\"color:#000000\"><span style=\"font-family:Merriweather,sans-serif\"><span style=\"background-color:#ffffff\"><span style=\"font-size:16px !important\"><span style=\"font-family:Merriweather,serif !important\"><span style=\"color:#000000 !important\"><span style=\"font-size:16px !important\"><span style=\"font-family:Merriweather,serif !important\"><span style=\"color:#000000 !important\">&#8211; K\u0131br\u0131s T\u00fcrk Emlak\u00e7\u0131lar Birli\u011fi Yasa \u00d6nerisi oy\u00e7oklu\u011fuyla onayland\u0131<\/span><\/span><\/span><\/span><\/span><\/span><\/span><\/span><\/span><\/span><\/p>\n<p><span style=\"font-size:16px\"><span style=\"color:#000000\"><span style=\"font-family:Merriweather,sans-serif\"><span style=\"background-color:#ffffff\"><span style=\"font-size:16px !important\"><span style=\"font-family:Merriweather,serif !important\"><span style=\"color:#000000 !important\"><span style=\"font-size:16px !important\"><span style=\"font-family:Merriweather,serif !important\"><span style=\"color:#000000 !important\">Daha sonra Genel Kurul&#8217;dan bir daha g\u00f6r\u00fc\u015f\u00fclmek \u00fczere komiteye geri al\u0131nan K\u0131br\u0131s T\u00fcrk Emlak\u00e7\u0131lar Birli\u011fi Yasa \u00d6nerisi\u2019ne ge\u00e7ildi.<\/span><\/span><\/span><\/span><\/span><\/span><\/span><\/span><\/span><\/span><\/p>\n<p><span style=\"font-size:16px\"><span style=\"color:#000000\"><span style=\"font-family:Merriweather,sans-serif\"><span style=\"background-color:#ffffff\"><span style=\"font-size:16px !important\"><span style=\"font-family:Merriweather,serif !important\"><span style=\"color:#000000 !important\"><span style=\"font-size:16px !important\"><span style=\"font-family:Merriweather,serif !important\"><span style=\"color:#000000 !important\">Hukuk, Siyasi \u0130\u015fler ve D\u0131\u015fili\u015fkiler Komitesi Ba\u015fkan\u0131 Yasemi \u00d6zt\u00fcrk raporu okudu.<\/span><\/span><\/span><\/span><\/span><\/span><\/span><\/span><\/span><\/span><\/p>\n<p><span style=\"font-size:16px\"><span style=\"color:#000000\"><span style=\"font-family:Merriweather,sans-serif\"><span style=\"background-color:#ffffff\"><span style=\"font-size:16px !important\"><span style=\"font-family:Merriweather,serif !important\"><span style=\"color:#000000 !important\"><span style=\"font-size:16px !important\"><span style=\"font-family:Merriweather,serif !important\"><span style=\"color:#000000 !important\">\u00d6zt\u00fcrk, yasayla&nbsp; emlak sekt\u00f6r\u00fcn\u00fc denetim ve kontrol alt\u0131na alarak Birli\u011fe t\u00fczel ki\u015filik kazand\u0131rman\u0131n hedeflendi\u011fini s\u00f6yledi.<\/span><\/span><\/span><\/span><\/span><\/span><\/span><\/span><\/span><\/span><\/p>\n<p><span style=\"font-size:16px\"><span style=\"color:#000000\"><span style=\"font-family:Merriweather,sans-serif\"><span style=\"background-color:#ffffff\"><span style=\"font-size:16px !important\"><span style=\"font-family:Merriweather,serif !important\"><span style=\"color:#000000 !important\"><span style=\"font-size:16px !important\"><span style=\"font-family:Merriweather,serif !important\"><span style=\"color:#000000 !important\">Emlak sekt\u00f6r\u00fcnde yerli vatanda\u015f\u0131n para kazanamaz hale geldi\u011fini dile getiren \u00d6zt\u00fcrk, yasa d\u0131\u015f\u0131 emlak\u00e7\u0131l\u0131\u011f\u0131n \u00f6n\u00fcne ge\u00e7ilmesi i\u00e7in yasaya ihtiya\u00e7 oldu\u011funu belirtti.<\/span><\/span><\/span><\/span><\/span><\/span><\/span><\/span><\/span><\/span><\/p>\n<p><span style=\"font-size:16px\"><span style=\"color:#000000\"><span style=\"font-family:Merriweather,sans-serif\"><span style=\"background-color:#ffffff\"><span style=\"font-size:16px !important\"><span style=\"font-family:Merriweather,serif !important\"><span style=\"color:#000000 !important\"><span style=\"font-size:16px !important\"><span style=\"font-family:Merriweather,serif !important\"><span style=\"color:#000000 !important\">\u00d6zt\u00fcrk, emek verenlere te\u015fekk\u00fcr etti.<\/span><\/span><\/span><\/span><\/span><\/span><\/span><\/span><\/span><\/span><\/p>\n<p><span style=\"font-size:16px\"><span style=\"color:#000000\"><span style=\"font-family:Merriweather,sans-serif\"><span style=\"background-color:#ffffff\"><span style=\"font-size:16px !important\"><span style=\"font-family:Merriweather,serif !important\"><span style=\"color:#000000 !important\"><span style=\"font-size:16px !important\"><span style=\"font-family:Merriweather,serif !important\"><span style=\"color:#000000 !important\">-Erh\u00fcrman<\/span><\/span><\/span><\/span><\/span><\/span><\/span><\/span><\/span><\/span><\/p>\n<p><span style=\"font-size:16px\"><span style=\"color:#000000\"><span style=\"font-family:Merriweather,sans-serif\"><span style=\"background-color:#ffffff\"><span style=\"font-size:16px !important\"><span style=\"font-family:Merriweather,serif !important\"><span style=\"color:#000000 !important\"><span style=\"font-size:16px !important\"><span style=\"font-family:Merriweather,serif !important\"><span style=\"color:#000000 !important\">CTP Genel Ba\u015fkan\u0131 Tufan Erh\u00fcrman, emlak\u00e7\u0131l\u0131k mesle\u011finin yayg\u0131n bi\u00e7imde kullan\u0131ld\u0131\u011f\u0131n\u0131 kay\u0131tl\u0131 emlak\u00e7\u0131lar\u0131n&nbsp; haks\u0131z rekabete u\u011frad\u0131\u011f\u0131n\u0131, yabanc\u0131 uyruklu kay\u0131ts\u0131z \u00e7ok emlak\u00e7\u0131 bulundu\u011funu dolays\u0131yla yasal d\u00fczenlemeye ihtiya\u00e7 oldu\u011funu belirtti.<\/span><\/span><\/span><\/span><\/span><\/span><\/span><\/span><\/span><\/span><\/p>\n<p><span style=\"font-size:16px\"><span style=\"color:#000000\"><span style=\"font-family:Merriweather,sans-serif\"><span style=\"background-color:#ffffff\"><span style=\"font-size:16px !important\"><span style=\"font-family:Merriweather,serif !important\"><span style=\"color:#000000 !important\"><span style=\"font-size:16px !important\"><span style=\"font-family:Merriweather,serif !important\"><span style=\"color:#000000 !important\">Erh\u00fcrman, yasa ile beraber Emlak\u00e7\u0131lar Birli\u011fi&#8217;nin kamu kurumu niteli\u011finde olaca\u011f\u0131n\u0131 s\u00f6yleyerek, yasada emlak\u00e7\u0131lara yetkiler verilece\u011fini ancak kimin emlak\u00e7\u0131 olaca\u011f\u0131na Birli\u011fin de\u011fil olu\u015fturulacak kurulun karar verece\u011fini, yani as\u0131l olarak devletin karar verece\u011fini kaydetti.<\/span><\/span><\/span><\/span><\/span><\/span><\/span><\/span><\/span><\/span><\/p>\n<p><span style=\"font-size:16px\"><span style=\"color:#000000\"><span style=\"font-family:Merriweather,sans-serif\"><span style=\"background-color:#ffffff\"><span style=\"font-size:16px !important\"><span style=\"font-family:Merriweather,serif !important\"><span style=\"color:#000000 !important\"><span style=\"font-size:16px !important\"><span style=\"font-family:Merriweather,serif !important\"><span style=\"color:#000000 !important\">\u0130ptal karar\u0131n\u0131 verecek olan\u0131n kim olaca\u011f\u0131n\u0131 soran Erh\u00fcrman, kay\u0131t d\u0131\u015f\u0131 oldu\u011fu tespit edilen emlak\u00e7\u0131lara verilebilecek cezan\u0131n iptal karar\u0131 olmamas\u0131 halinde cayd\u0131r\u0131c\u0131 olamayaca\u011f\u0131n\u0131 savundu.<\/span><\/span><\/span><\/span><\/span><\/span><\/span><\/span><\/span><\/span><\/p>\n<p><span style=\"font-size:16px\"><span style=\"color:#000000\"><span style=\"font-family:Merriweather,sans-serif\"><span style=\"background-color:#ffffff\"><span style=\"font-size:16px !important\"><span style=\"font-family:Merriweather,serif !important\"><span style=\"color:#000000 !important\"><span style=\"font-size:16px !important\"><span style=\"font-family:Merriweather,serif !important\"><span style=\"color:#000000 !important\">Erh\u00fcrman, \u201cYasayla dernek kurulacak gibi bir \u015fey olacak. Yasa derne\u011fin \u00f6tesine ge\u00e7emiyor\u201d dedi.<\/span><\/span><\/span><\/span><\/span><\/span><\/span><\/span><\/span><\/span><\/p>\n<p><span style=\"font-size:16px\"><span style=\"color:#000000\"><span style=\"font-family:Merriweather,sans-serif\"><span style=\"background-color:#ffffff\"><span style=\"font-size:16px !important\"><span style=\"font-family:Merriweather,serif !important\"><span style=\"color:#000000 !important\"><span style=\"font-size:16px !important\"><span style=\"font-family:Merriweather,serif !important\"><span style=\"color:#000000 !important\">-Solyal\u0131<\/span><\/span><\/span><\/span><\/span><\/span><\/span><\/span><\/span><\/span><\/p>\n<p><span style=\"font-size:16px\"><span style=\"color:#000000\"><span style=\"font-family:Merriweather,sans-serif\"><span style=\"background-color:#ffffff\"><span style=\"font-size:16px !important\"><span style=\"font-family:Merriweather,serif !important\"><span style=\"color:#000000 !important\"><span style=\"font-size:16px !important\"><span style=\"font-family:Merriweather,serif !important\"><span style=\"color:#000000 !important\">CTP Milletvekili \u00dcr\u00fcn Solyal\u0131, hak edilen yasan\u0131n bu olmad\u0131\u011f\u0131n\u0131 s\u00f6yleyerek ret oyu verdiklerini s\u00f6yledi.<\/span><\/span><\/span><\/span><\/span><\/span><\/span><\/span><\/span><\/span><\/p>\n<p><span style=\"font-size:16px\"><span style=\"color:#000000\"><span style=\"font-family:Merriweather,sans-serif\"><span style=\"background-color:#ffffff\"><span style=\"font-size:16px !important\"><span style=\"font-family:Merriweather,serif !important\"><span style=\"color:#000000 !important\"><span style=\"font-size:16px !important\"><span style=\"font-family:Merriweather,serif !important\"><span style=\"color:#000000 !important\">Oturumu izleyen emlak sekt\u00f6r\u00fc temsilcilerine hitaben &nbsp;\u201cSizi kand\u0131rm\u0131\u015flar, ne \u00fcyelerinizi \u00fcye yapabiliyorsunuz ne de \u00fcyelerinizi atsan\u0131z da emkal\u00e7\u0131l\u0131k yapmalar\u0131n\u0131 engelleyebiliyorsunuz\u201d diyen Solyal\u0131, emlak\u00e7\u0131l\u0131\u011f\u0131n g\u00fcvenli bir ortamda yap\u0131lmas\u0131n\u0131 \u00f6nemsediklerini ancak yasa tasar\u0131s\u0131n\u0131n bunu sa\u011flamad\u0131\u011f\u0131n\u0131 s\u00f6yledi.<\/span><\/span><\/span><\/span><\/span><\/span><\/span><\/span><\/span><\/span><\/p>\n<p><span style=\"font-size:16px\"><span style=\"color:#000000\"><span style=\"font-family:Merriweather,sans-serif\"><span style=\"background-color:#ffffff\"><span style=\"font-size:16px !important\"><span style=\"font-family:Merriweather,serif !important\"><span style=\"color:#000000 !important\"><span style=\"font-size:16px !important\"><span style=\"font-family:Merriweather,serif !important\"><span style=\"color:#000000 !important\">Solyal\u0131, tasar\u0131n\u0131n&nbsp; amac\u0131na hizmet eden bir yasa olmad\u0131\u011f\u0131n\u0131, emlak\u00e7\u0131l\u0131k yapan insanlar \u00fczerinde yetkin olacak bir yasa olmad\u0131\u011f\u0131n\u0131 savundu.<\/span><\/span><\/span><\/span><\/span><\/span><\/span><\/span><\/span><\/span><\/p>\n<p><span style=\"font-size:16px\"><span style=\"color:#000000\"><span style=\"font-family:Merriweather,sans-serif\"><span style=\"background-color:#ffffff\"><span style=\"font-size:16px !important\"><span style=\"font-family:Merriweather,serif !important\"><span style=\"color:#000000 !important\"><span style=\"font-size:16px !important\"><span style=\"font-family:Merriweather,serif !important\"><span style=\"color:#000000 !important\">Anayasa ile \u00e7eli\u015fen noktalar bulundu\u011funu dile getiren Solyal\u0131, emlak\u00e7\u0131 olabilecek ki\u015filer noktas\u0131nda sicil komisyonunun onay\u0131n\u0131n aranmas\u0131n\u0131n kamu nitelikli kurulu\u015flar\u0131n as olan yetkisini elinden alan bir durum oldu\u011funu s\u00f6yledi.<\/span><\/span><\/span><\/span><\/span><\/span><\/span><\/span><\/span><\/span><\/p>\n<p><span style=\"font-size:16px\"><span style=\"color:#000000\"><span style=\"font-family:Merriweather,sans-serif\"><span style=\"background-color:#ffffff\"><span style=\"font-size:16px !important\"><span style=\"font-family:Merriweather,serif !important\"><span style=\"color:#000000 !important\"><span style=\"font-size:16px !important\"><span style=\"font-family:Merriweather,serif !important\"><span style=\"color:#000000 !important\">Birlik \u00fcyeli\u011finden \u00e7\u0131kar\u0131lan ki\u015filerin komisyonun onaylamas\u0131 ile emlak\u00e7\u0131l\u0131k yapamayaca\u011f\u0131n\u0131 dile getiren Solyal\u0131, bunun Birli\u011fin \u00f6zerkli\u011fine zarar verece\u011fini belirtti.<\/span><\/span><\/span><\/span><\/span><\/span><\/span><\/span><\/span><\/span><\/p>\n<p><span style=\"font-size:16px\"><span style=\"color:#000000\"><span style=\"font-family:Merriweather,sans-serif\"><span style=\"background-color:#ffffff\"><span style=\"font-size:16px !important\"><span style=\"font-family:Merriweather,serif !important\"><span style=\"color:#000000 !important\"><span style=\"font-size:16px !important\"><span style=\"font-family:Merriweather,serif !important\"><span style=\"color:#000000 !important\">-\u00d6zdenefe<\/span><\/span><\/span><\/span><\/span><\/span><\/span><\/span><\/span><\/span><\/p>\n<p><span style=\"font-size:16px\"><span style=\"color:#000000\"><span style=\"font-family:Merriweather,sans-serif\"><span style=\"background-color:#ffffff\"><span style=\"font-size:16px !important\"><span style=\"font-family:Merriweather,serif !important\"><span style=\"color:#000000 !important\"><span style=\"font-size:16px !important\"><span style=\"font-family:Merriweather,serif !important\"><span style=\"color:#000000 !important\">CTP Milletvekili Fazilet \u00d6zdenefe, komiteden kas\u0131mda ge\u00e7en yasan\u0131n temmuzda ola\u011fan\u00fcst\u00fc genel kurula kadar neden bekledi\u011fini, aniden ola\u011fan \u00fcst\u00fc genel kurul g\u00fcndemine neden konuldu\u011funu sordu.<\/span><\/span><\/span><\/span><\/span><\/span><\/span><\/span><\/span><\/span><\/p>\n<p><span style=\"font-size:16px\"><span style=\"color:#000000\"><span style=\"font-family:Merriweather,sans-serif\"><span style=\"background-color:#ffffff\"><span style=\"font-size:16px !important\"><span style=\"font-family:Merriweather,serif !important\"><span style=\"color:#000000 !important\"><span style=\"font-size:16px !important\"><span style=\"font-family:Merriweather,serif !important\"><span style=\"color:#000000 !important\">Ge\u00e7irilen yasalar\u0131n sekt\u00f6rlerdeki ihtiya\u00e7lara uygun haz\u0131rlanmad\u0131\u011f\u0131n\u0131 ileri s\u00fcren \u00d6zdenefe, sistemi kilitleyen yasalar yap\u0131ld\u0131\u011f\u0131n\u0131 savundu.<\/span><\/span><\/span><\/span><\/span><\/span><\/span><\/span><\/span><\/span><\/p>\n<p><span style=\"font-size:16px\"><span style=\"color:#000000\"><span style=\"font-family:Merriweather,sans-serif\"><span style=\"background-color:#ffffff\"><span style=\"font-size:16px !important\"><span style=\"font-family:Merriweather,serif !important\"><span style=\"color:#000000 !important\"><span style=\"font-size:16px !important\"><span style=\"font-family:Merriweather,serif !important\"><span style=\"color:#000000 !important\">Emlak sekt\u00f6r\u00fcyle ilgili do\u011fru ihtiya\u00e7 tespiti yap\u0131lmas\u0131 ve yasan\u0131n ona g\u00f6re yap\u0131lmas\u0131 gerekti\u011fini s\u00f6yleyen \u00d6zdenefe, kay\u0131t yasas\u0131nda de\u011fi\u015fikliklere ihtiya\u00e7 oldu\u011funu, \u00fclkede usul\u00fcne uygun i\u015f yapanlar\u0131n haks\u0131z rekabet kar\u015f\u0131s\u0131nda ezildi\u011fini belirtti.<\/span><\/span><\/span><\/span><\/span><\/span><\/span><\/span><\/span><\/span><\/p>\n<p><span style=\"font-size:16px\"><span style=\"color:#000000\"><span style=\"font-family:Merriweather,sans-serif\"><span style=\"background-color:#ffffff\"><span style=\"font-size:16px !important\"><span style=\"font-family:Merriweather,serif !important\"><span style=\"color:#000000 !important\"><span style=\"font-size:16px !important\"><span style=\"font-family:Merriweather,serif !important\"><span style=\"color:#000000 !important\">\u00d6zdenefe, \u201cUBP \u00fclkeyi Orta \u00c7a\u011f kurallar\u0131, lonca sistemi uygulanan bir yer haline getirdi\u201d dedi.<\/span><\/span><\/span><\/span><\/span><\/span><\/span><\/span><\/span><\/span><\/p>\n<p><span style=\"font-size:16px\"><span style=\"color:#000000\"><span style=\"font-family:Merriweather,sans-serif\"><span style=\"background-color:#ffffff\"><span style=\"font-size:16px !important\"><span style=\"font-family:Merriweather,serif !important\"><span style=\"color:#000000 !important\"><span style=\"font-size:16px !important\"><span style=\"font-family:Merriweather,serif !important\"><span style=\"color:#000000 !important\">Yasa \u00f6nerisinin ihtiya\u00e7lara cevap vermeyece\u011fini savunan \u00d6zdenefe, Emlak\u00e7\u0131lar\u0131n Kay\u0131t Ve \u0130\u015flemleri Yasas\u0131nda d\u00fczenlemeler yap\u0131lmas\u0131, komisyonun i\u015flevsel olmas\u0131 gerekti\u011fini ancak bunun yap\u0131lmayaca\u011f\u0131n\u0131 s\u00f6yledi.<\/span><\/span><\/span><\/span><\/span><\/span><\/span><\/span><\/span><\/span><\/p>\n<p><span style=\"font-size:16px\"><span style=\"color:#000000\"><span style=\"font-family:Merriweather,sans-serif\"><span style=\"background-color:#ffffff\"><span style=\"font-size:16px !important\"><span style=\"font-family:Merriweather,serif !important\"><span style=\"color:#000000 !important\"><span style=\"font-size:16px !important\"><span style=\"font-family:Merriweather,serif !important\"><span style=\"color:#000000 !important\">-\u00d6zt\u00fcrk<\/span><\/span><\/span><\/span><\/span><\/span><\/span><\/span><\/span><\/span><\/p>\n<p><span style=\"font-size:16px\"><span style=\"color:#000000\"><span style=\"font-family:Merriweather,sans-serif\"><span style=\"background-color:#ffffff\"><span style=\"font-size:16px !important\"><span style=\"font-family:Merriweather,serif !important\"><span style=\"color:#000000 !important\"><span style=\"font-size:16px !important\"><span style=\"font-family:Merriweather,serif !important\"><span style=\"color:#000000 !important\">\u00d6zt\u00fcrk, kimseyi kand\u0131rma niyetleri olmad\u0131\u011f\u0131n\u0131, Emlak\u00e7\u0131lar Birli\u011fi ile hukuk\u00e7ularla toplant\u0131lar yap\u0131larak \u00f6nerinin ortaya \u00e7\u0131kt\u0131\u011f\u0131n\u0131 s\u00f6yleyerek, \u201cEn iyisini yapt\u0131k her \u015feyi \u00e7\u00f6zece\u011fiz diyemeyiz ama bir, s\u0131f\u0131rdan iyidir\u201d dedi.<\/span><\/span><\/span><\/span><\/span><\/span><\/span><\/span><\/span><\/span><\/p>\n<p><span style=\"font-size:16px\"><span style=\"color:#000000\"><span style=\"font-family:Merriweather,sans-serif\"><span style=\"background-color:#ffffff\"><span style=\"font-size:16px !important\"><span style=\"font-family:Merriweather,serif !important\"><span style=\"color:#000000 !important\"><span style=\"font-size:16px !important\"><span style=\"font-family:Merriweather,serif !important\"><span style=\"color:#000000 !important\">Komitede resmi bir \u00f6neri yap\u0131lmad\u0131\u011f\u0131n\u0131 s\u00f6yleyen \u00d6zt\u00fcrk, eksikler varsa, her t\u00fcrl\u00fc \u00f6neriye a\u00e7\u0131k olduklar\u0131n\u0131 en do\u011fru ve en iyisi yapmaya \u00e7al\u0131\u015ft\u0131klar\u0131n\u0131, \u00e7ok emek verilen bir yasa \u00f6nerisi oldu\u011funu belirtti.<\/span><\/span><\/span><\/span><\/span><\/span><\/span><\/span><\/span><\/span><\/p>\n<p><span style=\"font-size:16px\"><span style=\"color:#000000\"><span style=\"font-family:Merriweather,sans-serif\"><span style=\"background-color:#ffffff\"><span style=\"font-size:16px !important\"><span style=\"font-family:Merriweather,serif !important\"><span style=\"color:#000000 !important\"><span style=\"font-size:16px !important\"><span style=\"font-family:Merriweather,serif !important\"><span style=\"color:#000000 !important\">\u00d6zt\u00fcrk, 38\/2007 say\u0131l\u0131 yasayla ilgili \u00e7al\u0131\u015fma yap\u0131laca\u011f\u0131n\u0131 s\u00f6yledi.<\/span><\/span><\/span><\/span><\/span><\/span><\/span><\/span><\/span><\/span><\/p>\n<p><span style=\"font-size:16px\"><span style=\"color:#000000\"><span style=\"font-family:Merriweather,sans-serif\"><span style=\"background-color:#ffffff\"><span style=\"font-size:16px !important\"><span style=\"font-family:Merriweather,serif !important\"><span style=\"color:#000000 !important\"><span style=\"font-size:16px !important\"><span style=\"font-family:Merriweather,serif !important\"><span style=\"color:#000000 !important\">Konu\u015fmalar\u0131n ard\u0131ndan Yasa \u00d6nerisi, oy \u00e7oklu\u011fuyla kabul edildi.<\/span><\/span><\/span><\/span><\/span><\/span><\/span><\/span><\/span><\/span><\/p>\n<p>&nbsp;<\/p>\n<p>&nbsp;<\/p>\n<p><span style=\"font-size:16px\"><span style=\"color:#000000\"><span style=\"font-family:Merriweather,sans-serif\"><span style=\"background-color:#ffffff\"><span style=\"font-size:16px !important\"><span style=\"font-family:Merriweather,serif !important\"><span style=\"color:#000000 !important\">&nbsp;<\/span><\/span><\/span><\/span><\/span><\/span><\/span><\/p>\n<\/div>\n<\/div>\n<p style=\"text-align:left\">&nbsp;<\/p>\n","protected":false},"excerpt":{"rendered":"<p>\u0130lk olarak M\u00fccahitlerin Tazmini ile Gazilerin Hak ve Menfaatlerinin Belirlenmesi (De\u011fi\u015fiklik) Yasa \u00d6nerisi g\u00f6r\u00fc\u015f\u00fcld\u00fc. \u0130dari, Kamu ve Sa\u011fl\u0131k \u0130\u015fleri Komitesi Ba\u015fkan\u0131 Sunat Atun, \u00f6neriye ili\u015fkin raporu okudu. -Bar\u00e7\u0131n CTP Milletvekili Devrim Bar\u00e7\u0131n, m\u00fccahitlik g\u00f6revi ifa eden uzman askerlerin adaletsizlik ya\u015fad\u0131\u011f\u0131n\u0131 savunarak, bu konuda nas\u0131l bir \u00e7al\u0131\u015fma yap\u0131ld\u0131\u011f\u0131n\u0131 sordu. Bar\u00e7\u0131n, g\u00fcvenlik kamu emek\u00e7ileri, sivil i\u015f\u00e7iler ve<\/p>\n","protected":false},"author":1,"featured_media":49193,"comment_status":"open","ping_status":"open","sticky":false,"template":"","format":"standard","meta":{"footnotes":""},"categories":[79],"tags":[],"class_list":["post-49192","post","type-post","status-publish","format-standard","has-post-thumbnail","hentry","category-ekonomi"],"yoast_head":"<!-- This site is optimized with the Yoast SEO plugin v28.4 - https:\/\/yoast.com\/product\/yoast-seo-wordpress\/ -->\n<title>M\u00fccahit ve gaziler ile Emlak\u00e7\u0131lar Birli\u011fi&#039;ne ili\u015fkin tasar\u0131lar Meclis&#039;ten ge\u00e7ti -<\/title>\n<meta name=\"robots\" content=\"index, follow, max-snippet:-1, max-image-preview:large, max-video-preview:-1\" \/>\n<link rel=\"canonical\" href=\"https:\/\/kibrisdakik.com\/?p=49192\" \/>\n<meta property=\"og:locale\" content=\"tr_TR\" \/>\n<meta property=\"og:type\" content=\"article\" \/>\n<meta property=\"og:title\" content=\"M\u00fccahit ve gaziler ile Emlak\u00e7\u0131lar Birli\u011fi&#039;ne ili\u015fkin tasar\u0131lar Meclis&#039;ten ge\u00e7ti -\" \/>\n<meta property=\"og:description\" content=\"\u0130lk olarak M\u00fccahitlerin Tazmini ile Gazilerin Hak ve Menfaatlerinin Belirlenmesi (De\u011fi\u015fiklik) Yasa \u00d6nerisi g\u00f6r\u00fc\u015f\u00fcld\u00fc. \u0130dari, Kamu ve Sa\u011fl\u0131k \u0130\u015fleri Komitesi Ba\u015fkan\u0131 Sunat Atun, \u00f6neriye ili\u015fkin raporu okudu. -Bar\u00e7\u0131n CTP Milletvekili Devrim Bar\u00e7\u0131n, m\u00fccahitlik g\u00f6revi ifa eden uzman askerlerin adaletsizlik ya\u015fad\u0131\u011f\u0131n\u0131 savunarak, bu konuda nas\u0131l bir \u00e7al\u0131\u015fma yap\u0131ld\u0131\u011f\u0131n\u0131 sordu. Bar\u00e7\u0131n, g\u00fcvenlik kamu emek\u00e7ileri, sivil i\u015f\u00e7iler ve\" \/>\n<meta property=\"og:url\" content=\"https:\/\/kibrisdakik.com\/?p=49192\" \/>\n<meta property=\"article:published_time\" content=\"2024-07-10T02:38:02+00:00\" \/>\n<meta property=\"og:image\" content=\"https:\/\/kibrisdakik.com\/wp-content\/uploads\/2024\/07\/mucahit-ve-gaziler-ile-emlakcilar-birligine-iliskin-tasarilar-meclisten-gecti-1720529785.webp.webp\" \/>\n\t<meta property=\"og:image:width\" content=\"710\" \/>\n\t<meta property=\"og:image:height\" content=\"370\" \/>\n\t<meta property=\"og:image:type\" content=\"image\/webp\" \/>\n<meta name=\"author\" content=\"admin\" \/>\n<meta name=\"twitter:card\" content=\"summary_large_image\" \/>\n<meta name=\"twitter:label1\" content=\"Yazan:\" \/>\n\t<meta name=\"twitter:data1\" content=\"admin\" \/>\n\t<meta name=\"twitter:label2\" content=\"Tahmini okuma s\u00fcresi\" \/>\n\t<meta name=\"twitter:data2\" content=\"5 dakika\" \/>\n<script type=\"application\/ld+json\" class=\"yoast-schema-graph\">{\"@context\":\"https:\\\/\\\/schema.org\",\"@graph\":[{\"@type\":\"Article\",\"@id\":\"https:\\\/\\\/kibrisdakik.com\\\/?p=49192#article\",\"isPartOf\":{\"@id\":\"https:\\\/\\\/kibrisdakik.com\\\/?p=49192\"},\"author\":{\"name\":\"admin\",\"@id\":\"https:\\\/\\\/kibrisdakik.com\\\/#\\\/schema\\\/person\\\/9cd9d437bbb44f72b73ba127e06d8e79\"},\"headline\":\"M\u00fccahit ve gaziler ile Emlak\u00e7\u0131lar Birli\u011fi&#039;ne ili\u015fkin tasar\u0131lar Meclis&#039;ten ge\u00e7ti\",\"datePublished\":\"2024-07-10T02:38:02+00:00\",\"mainEntityOfPage\":{\"@id\":\"https:\\\/\\\/kibrisdakik.com\\\/?p=49192\"},\"wordCount\":1083,\"commentCount\":0,\"publisher\":{\"@id\":\"https:\\\/\\\/kibrisdakik.com\\\/#organization\"},\"image\":{\"@id\":\"https:\\\/\\\/kibrisdakik.com\\\/?p=49192#primaryimage\"},\"thumbnailUrl\":\"https:\\\/\\\/kibrisdakik.com\\\/wp-content\\\/uploads\\\/2024\\\/07\\\/mucahit-ve-gaziler-ile-emlakcilar-birligine-iliskin-tasarilar-meclisten-gecti-1720529785.webp.webp\",\"articleSection\":[\"Ekonomi\"],\"inLanguage\":\"tr\",\"potentialAction\":[{\"@type\":\"CommentAction\",\"name\":\"Comment\",\"target\":[\"https:\\\/\\\/kibrisdakik.com\\\/?p=49192#respond\"]}]},{\"@type\":\"WebPage\",\"@id\":\"https:\\\/\\\/kibrisdakik.com\\\/?p=49192\",\"url\":\"https:\\\/\\\/kibrisdakik.com\\\/?p=49192\",\"name\":\"M\u00fccahit ve gaziler ile Emlak\u00e7\u0131lar Birli\u011fi&#039;ne ili\u015fkin tasar\u0131lar Meclis&#039;ten ge\u00e7ti -\",\"isPartOf\":{\"@id\":\"https:\\\/\\\/kibrisdakik.com\\\/#website\"},\"primaryImageOfPage\":{\"@id\":\"https:\\\/\\\/kibrisdakik.com\\\/?p=49192#primaryimage\"},\"image\":{\"@id\":\"https:\\\/\\\/kibrisdakik.com\\\/?p=49192#primaryimage\"},\"thumbnailUrl\":\"https:\\\/\\\/kibrisdakik.com\\\/wp-content\\\/uploads\\\/2024\\\/07\\\/mucahit-ve-gaziler-ile-emlakcilar-birligine-iliskin-tasarilar-meclisten-gecti-1720529785.webp.webp\",\"datePublished\":\"2024-07-10T02:38:02+00:00\",\"breadcrumb\":{\"@id\":\"https:\\\/\\\/kibrisdakik.com\\\/?p=49192#breadcrumb\"},\"inLanguage\":\"tr\",\"potentialAction\":[{\"@type\":\"ReadAction\",\"target\":[\"https:\\\/\\\/kibrisdakik.com\\\/?p=49192\"]}]},{\"@type\":\"ImageObject\",\"inLanguage\":\"tr\",\"@id\":\"https:\\\/\\\/kibrisdakik.com\\\/?p=49192#primaryimage\",\"url\":\"https:\\\/\\\/kibrisdakik.com\\\/wp-content\\\/uploads\\\/2024\\\/07\\\/mucahit-ve-gaziler-ile-emlakcilar-birligine-iliskin-tasarilar-meclisten-gecti-1720529785.webp.webp\",\"contentUrl\":\"https:\\\/\\\/kibrisdakik.com\\\/wp-content\\\/uploads\\\/2024\\\/07\\\/mucahit-ve-gaziler-ile-emlakcilar-birligine-iliskin-tasarilar-meclisten-gecti-1720529785.webp.webp\",\"width\":710,\"height\":370},{\"@type\":\"BreadcrumbList\",\"@id\":\"https:\\\/\\\/kibrisdakik.com\\\/?p=49192#breadcrumb\",\"itemListElement\":[{\"@type\":\"ListItem\",\"position\":1,\"name\":\"Home\",\"item\":\"https:\\\/\\\/kibrisdakik.com\\\/\"},{\"@type\":\"ListItem\",\"position\":2,\"name\":\"M\u00fccahit ve gaziler ile Emlak\u00e7\u0131lar Birli\u011fi&#039;ne ili\u015fkin tasar\u0131lar Meclis&#039;ten ge\u00e7ti\"}]},{\"@type\":\"WebSite\",\"@id\":\"https:\\\/\\\/kibrisdakik.com\\\/#website\",\"url\":\"https:\\\/\\\/kibrisdakik.com\\\/\",\"name\":\"K\u0131br\u0131s Dakik\",\"description\":\"Tam vaktinde haber\",\"publisher\":{\"@id\":\"https:\\\/\\\/kibrisdakik.com\\\/#organization\"},\"potentialAction\":[{\"@type\":\"SearchAction\",\"target\":{\"@type\":\"EntryPoint\",\"urlTemplate\":\"https:\\\/\\\/kibrisdakik.com\\\/?s={search_term_string}\"},\"query-input\":{\"@type\":\"PropertyValueSpecification\",\"valueRequired\":true,\"valueName\":\"search_term_string\"}}],\"inLanguage\":\"tr\"},{\"@type\":\"Organization\",\"@id\":\"https:\\\/\\\/kibrisdakik.com\\\/#organization\",\"name\":\"K\u0131br\u0131s Dakik\",\"url\":\"https:\\\/\\\/kibrisdakik.com\\\/\",\"logo\":{\"@type\":\"ImageObject\",\"inLanguage\":\"tr\",\"@id\":\"https:\\\/\\\/kibrisdakik.com\\\/#\\\/schema\\\/logo\\\/image\\\/\",\"url\":\"https:\\\/\\\/kibrisdakik.com\\\/wp-content\\\/uploads\\\/2025\\\/10\\\/cropped-WhatsApp-Image-2025-10-02-at-12.58.31.jpeg\",\"contentUrl\":\"https:\\\/\\\/kibrisdakik.com\\\/wp-content\\\/uploads\\\/2025\\\/10\\\/cropped-WhatsApp-Image-2025-10-02-at-12.58.31.jpeg\",\"width\":1237,\"height\":190,\"caption\":\"K\u0131br\u0131s Dakik\"},\"image\":{\"@id\":\"https:\\\/\\\/kibrisdakik.com\\\/#\\\/schema\\\/logo\\\/image\\\/\"}},{\"@type\":\"Person\",\"@id\":\"https:\\\/\\\/kibrisdakik.com\\\/#\\\/schema\\\/person\\\/9cd9d437bbb44f72b73ba127e06d8e79\",\"name\":\"admin\",\"image\":{\"@type\":\"ImageObject\",\"inLanguage\":\"tr\",\"@id\":\"https:\\\/\\\/secure.gravatar.com\\\/avatar\\\/ccc17943b9d660506c869530f897617f7cb1c21a4bf30023f252596d83e1f007?s=96&d=mm&r=g\",\"url\":\"https:\\\/\\\/secure.gravatar.com\\\/avatar\\\/ccc17943b9d660506c869530f897617f7cb1c21a4bf30023f252596d83e1f007?s=96&d=mm&r=g\",\"contentUrl\":\"https:\\\/\\\/secure.gravatar.com\\\/avatar\\\/ccc17943b9d660506c869530f897617f7cb1c21a4bf30023f252596d83e1f007?s=96&d=mm&r=g\",\"caption\":\"admin\"},\"sameAs\":[\"https:\\\/\\\/kibrisdakik.com\"],\"url\":\"https:\\\/\\\/kibrisdakik.com\\\/?author=1\"}]}<\/script>\n<!-- \/ Yoast SEO plugin. -->","yoast_head_json":{"title":"M\u00fccahit ve gaziler ile Emlak\u00e7\u0131lar Birli\u011fi&#039;ne ili\u015fkin tasar\u0131lar Meclis&#039;ten ge\u00e7ti -","robots":{"index":"index","follow":"follow","max-snippet":"max-snippet:-1","max-image-preview":"max-image-preview:large","max-video-preview":"max-video-preview:-1"},"canonical":"https:\/\/kibrisdakik.com\/?p=49192","og_locale":"tr_TR","og_type":"article","og_title":"M\u00fccahit ve gaziler ile Emlak\u00e7\u0131lar Birli\u011fi&#039;ne ili\u015fkin tasar\u0131lar Meclis&#039;ten ge\u00e7ti -","og_description":"\u0130lk olarak M\u00fccahitlerin Tazmini ile Gazilerin Hak ve Menfaatlerinin Belirlenmesi (De\u011fi\u015fiklik) Yasa \u00d6nerisi g\u00f6r\u00fc\u015f\u00fcld\u00fc. \u0130dari, Kamu ve Sa\u011fl\u0131k \u0130\u015fleri Komitesi Ba\u015fkan\u0131 Sunat Atun, \u00f6neriye ili\u015fkin raporu okudu. -Bar\u00e7\u0131n CTP Milletvekili Devrim Bar\u00e7\u0131n, m\u00fccahitlik g\u00f6revi ifa eden uzman askerlerin adaletsizlik ya\u015fad\u0131\u011f\u0131n\u0131 savunarak, bu konuda nas\u0131l bir \u00e7al\u0131\u015fma yap\u0131ld\u0131\u011f\u0131n\u0131 sordu. Bar\u00e7\u0131n, g\u00fcvenlik kamu emek\u00e7ileri, sivil i\u015f\u00e7iler ve","og_url":"https:\/\/kibrisdakik.com\/?p=49192","article_published_time":"2024-07-10T02:38:02+00:00","og_image":[{"width":710,"height":370,"url":"https:\/\/kibrisdakik.com\/wp-content\/uploads\/2024\/07\/mucahit-ve-gaziler-ile-emlakcilar-birligine-iliskin-tasarilar-meclisten-gecti-1720529785.webp.webp","type":"image\/webp"}],"author":"admin","twitter_card":"summary_large_image","twitter_misc":{"Yazan:":"admin","Tahmini okuma s\u00fcresi":"5 dakika"},"schema":{"@context":"https:\/\/schema.org","@graph":[{"@type":"Article","@id":"https:\/\/kibrisdakik.com\/?p=49192#article","isPartOf":{"@id":"https:\/\/kibrisdakik.com\/?p=49192"},"author":{"name":"admin","@id":"https:\/\/kibrisdakik.com\/#\/schema\/person\/9cd9d437bbb44f72b73ba127e06d8e79"},"headline":"M\u00fccahit ve gaziler ile Emlak\u00e7\u0131lar Birli\u011fi&#039;ne ili\u015fkin tasar\u0131lar Meclis&#039;ten ge\u00e7ti","datePublished":"2024-07-10T02:38:02+00:00","mainEntityOfPage":{"@id":"https:\/\/kibrisdakik.com\/?p=49192"},"wordCount":1083,"commentCount":0,"publisher":{"@id":"https:\/\/kibrisdakik.com\/#organization"},"image":{"@id":"https:\/\/kibrisdakik.com\/?p=49192#primaryimage"},"thumbnailUrl":"https:\/\/kibrisdakik.com\/wp-content\/uploads\/2024\/07\/mucahit-ve-gaziler-ile-emlakcilar-birligine-iliskin-tasarilar-meclisten-gecti-1720529785.webp.webp","articleSection":["Ekonomi"],"inLanguage":"tr","potentialAction":[{"@type":"CommentAction","name":"Comment","target":["https:\/\/kibrisdakik.com\/?p=49192#respond"]}]},{"@type":"WebPage","@id":"https:\/\/kibrisdakik.com\/?p=49192","url":"https:\/\/kibrisdakik.com\/?p=49192","name":"M\u00fccahit ve gaziler ile Emlak\u00e7\u0131lar Birli\u011fi&#039;ne ili\u015fkin tasar\u0131lar Meclis&#039;ten ge\u00e7ti -","isPartOf":{"@id":"https:\/\/kibrisdakik.com\/#website"},"primaryImageOfPage":{"@id":"https:\/\/kibrisdakik.com\/?p=49192#primaryimage"},"image":{"@id":"https:\/\/kibrisdakik.com\/?p=49192#primaryimage"},"thumbnailUrl":"https:\/\/kibrisdakik.com\/wp-content\/uploads\/2024\/07\/mucahit-ve-gaziler-ile-emlakcilar-birligine-iliskin-tasarilar-meclisten-gecti-1720529785.webp.webp","datePublished":"2024-07-10T02:38:02+00:00","breadcrumb":{"@id":"https:\/\/kibrisdakik.com\/?p=49192#breadcrumb"},"inLanguage":"tr","potentialAction":[{"@type":"ReadAction","target":["https:\/\/kibrisdakik.com\/?p=49192"]}]},{"@type":"ImageObject","inLanguage":"tr","@id":"https:\/\/kibrisdakik.com\/?p=49192#primaryimage","url":"https:\/\/kibrisdakik.com\/wp-content\/uploads\/2024\/07\/mucahit-ve-gaziler-ile-emlakcilar-birligine-iliskin-tasarilar-meclisten-gecti-1720529785.webp.webp","contentUrl":"https:\/\/kibrisdakik.com\/wp-content\/uploads\/2024\/07\/mucahit-ve-gaziler-ile-emlakcilar-birligine-iliskin-tasarilar-meclisten-gecti-1720529785.webp.webp","width":710,"height":370},{"@type":"BreadcrumbList","@id":"https:\/\/kibrisdakik.com\/?p=49192#breadcrumb","itemListElement":[{"@type":"ListItem","position":1,"name":"Home","item":"https:\/\/kibrisdakik.com\/"},{"@type":"ListItem","position":2,"name":"M\u00fccahit ve gaziler ile Emlak\u00e7\u0131lar Birli\u011fi&#039;ne ili\u015fkin tasar\u0131lar Meclis&#039;ten ge\u00e7ti"}]},{"@type":"WebSite","@id":"https:\/\/kibrisdakik.com\/#website","url":"https:\/\/kibrisdakik.com\/","name":"K\u0131br\u0131s Dakik","description":"Tam vaktinde haber","publisher":{"@id":"https:\/\/kibrisdakik.com\/#organization"},"potentialAction":[{"@type":"SearchAction","target":{"@type":"EntryPoint","urlTemplate":"https:\/\/kibrisdakik.com\/?s={search_term_string}"},"query-input":{"@type":"PropertyValueSpecification","valueRequired":true,"valueName":"search_term_string"}}],"inLanguage":"tr"},{"@type":"Organization","@id":"https:\/\/kibrisdakik.com\/#organization","name":"K\u0131br\u0131s Dakik","url":"https:\/\/kibrisdakik.com\/","logo":{"@type":"ImageObject","inLanguage":"tr","@id":"https:\/\/kibrisdakik.com\/#\/schema\/logo\/image\/","url":"https:\/\/kibrisdakik.com\/wp-content\/uploads\/2025\/10\/cropped-WhatsApp-Image-2025-10-02-at-12.58.31.jpeg","contentUrl":"https:\/\/kibrisdakik.com\/wp-content\/uploads\/2025\/10\/cropped-WhatsApp-Image-2025-10-02-at-12.58.31.jpeg","width":1237,"height":190,"caption":"K\u0131br\u0131s Dakik"},"image":{"@id":"https:\/\/kibrisdakik.com\/#\/schema\/logo\/image\/"}},{"@type":"Person","@id":"https:\/\/kibrisdakik.com\/#\/schema\/person\/9cd9d437bbb44f72b73ba127e06d8e79","name":"admin","image":{"@type":"ImageObject","inLanguage":"tr","@id":"https:\/\/secure.gravatar.com\/avatar\/ccc17943b9d660506c869530f897617f7cb1c21a4bf30023f252596d83e1f007?s=96&d=mm&r=g","url":"https:\/\/secure.gravatar.com\/avatar\/ccc17943b9d660506c869530f897617f7cb1c21a4bf30023f252596d83e1f007?s=96&d=mm&r=g","contentUrl":"https:\/\/secure.gravatar.com\/avatar\/ccc17943b9d660506c869530f897617f7cb1c21a4bf30023f252596d83e1f007?s=96&d=mm&r=g","caption":"admin"},"sameAs":["https:\/\/kibrisdakik.com"],"url":"https:\/\/kibrisdakik.com\/?author=1"}]}},"_links":{"self":[{"href":"https:\/\/kibrisdakik.com\/index.php?rest_route=\/wp\/v2\/posts\/49192","targetHints":{"allow":["GET"]}}],"collection":[{"href":"https:\/\/kibrisdakik.com\/index.php?rest_route=\/wp\/v2\/posts"}],"about":[{"href":"https:\/\/kibrisdakik.com\/index.php?rest_route=\/wp\/v2\/types\/post"}],"author":[{"embeddable":true,"href":"https:\/\/kibrisdakik.com\/index.php?rest_route=\/wp\/v2\/users\/1"}],"replies":[{"embeddable":true,"href":"https:\/\/kibrisdakik.com\/index.php?rest_route=%2Fwp%2Fv2%2Fcomments&post=49192"}],"version-history":[{"count":0,"href":"https:\/\/kibrisdakik.com\/index.php?rest_route=\/wp\/v2\/posts\/49192\/revisions"}],"wp:featuredmedia":[{"embeddable":true,"href":"https:\/\/kibrisdakik.com\/index.php?rest_route=\/wp\/v2\/media\/49193"}],"wp:attachment":[{"href":"https:\/\/kibrisdakik.com\/index.php?rest_route=%2Fwp%2Fv2%2Fmedia&parent=49192"}],"wp:term":[{"taxonomy":"category","embeddable":true,"href":"https:\/\/kibrisdakik.com\/index.php?rest_route=%2Fwp%2Fv2%2Fcategories&post=49192"},{"taxonomy":"post_tag","embeddable":true,"href":"https:\/\/kibrisdakik.com\/index.php?rest_route=%2Fwp%2Fv2%2Ftags&post=49192"}],"curies":[{"name":"wp","href":"https:\/\/api.w.org\/{rel}","templated":true}]}}