{"id":49236,"date":"2024-07-10T11:48:53","date_gmt":"2024-07-10T11:48:53","guid":{"rendered":"https:\/\/kibrisdakik.com\/index.php\/2024\/07\/10\/ab-yuksek-temsilcisi-borrelle-gore-avrupa-savunmasi-rusya-tehdidine-karsi-guclenmeyi-surdurecek\/"},"modified":"2024-07-10T11:48:53","modified_gmt":"2024-07-10T11:48:53","slug":"ab-yuksek-temsilcisi-borrelle-gore-avrupa-savunmasi-rusya-tehdidine-karsi-guclenmeyi-surdurecek","status":"publish","type":"post","link":"https:\/\/kibrisdakik.com\/?p=49236","title":{"rendered":"AB Y\u00fcksek Temsilcisi Borrell&#039;e g\u00f6re, Avrupa savunmas\u0131 &quot;Rusya tehdidine kar\u015f\u0131&quot; g\u00fc\u00e7lenmeyi s\u00fcrd\u00fcrecek"},"content":{"rendered":"<p><img decoding=\"async\" src=\"https:\/\/www.kibristurk.com\/images\/haberler\/2024\/07\/ab-yuksek-temsilcisi-borrelle-gore-avrupa-savunmasi-rusya-tehdidine-karsi-guclenmeyi-surdurecek-1720610692.webp\" \/><\/p>\n<p>Borrell, ABD&#8217;nin ba\u015fkenti Washington&#8217;daki NATO Liderler Zirvesi marj\u0131nda d\u00fczenlenen &#8220;AB Savunma Gecesi&#8221; ba\u015fl\u0131kl\u0131 etkinlikte yapt\u0131\u011f\u0131 konu\u015fmada, Avrupa&#8217;n\u0131n Rusya&#8217;n\u0131n &#8220;emperyalist h\u0131rslar\u0131na&#8221; kar\u015f\u0131 savunma kabiliyetlerini g\u00fc\u00e7lendirmesi gerekti\u011fini s\u00f6yledi.<\/p>\n<p>Avrupa&#8217;daki savunma harcamalar\u0131nda son \u00fc\u00e7 y\u0131lda y\u00fczde 30&#8217;luk bir art\u0131\u015f ya\u015fand\u0131\u011f\u0131na i\u015faret eden Borrell, bu y\u0131l Avrupa savunma b\u00fct\u00e7elerinin gayrisafi yurt i\u00e7i has\u0131las\u0131n\u0131n (GSYH) y\u00fczde 2&#8217;sine ula\u015faca\u011f\u0131n\u0131 aktard\u0131.<\/p>\n<p>Borrell, &#8220;Bu yeterli de\u011fil ama \u00e7ok daha iyi ve giderek art\u0131yor. Bu, bizim i\u00e7in stratejik bir sorumluluk meselesi. NATO&#8217;ya alternatif olarak de\u011fil, kendimizi savunabilmek i\u00e7in ordular\u0131m\u0131z\u0131n savunma kapasitesini art\u0131rmam\u0131z gerekti\u011finin tamamen fark\u0131nday\u0131z ve buna ikna olmu\u015f durumday\u0131z.&#8221; ifadelerini kulland\u0131.<\/p>\n<p>Borrell, &#8220;Rusya hala imparatorluk olarak davran\u0131yor ve \u00c7ar \u0130mparatorlu\u011fu&#8217;nu ya da Sovyet \u0130mparatorlu\u011fu&#8217;nu yeniden in\u015fa etmek istiyor. 75 y\u0131l \u00f6nce Sovyetler Birli\u011fi, Avrupa&#8217;da \u00f6zg\u00fcrl\u00fck ve demokrasiye kar\u015f\u0131 bir tehdit olarak ortaya \u00e7\u0131kt\u0131. Biz de buna birlik ve g\u00fc\u00e7le kar\u015f\u0131l\u0131k verdik. Bug\u00fcn de yapabilece\u011fimiz tek \u015fey ayn\u0131 yolu izlemektir.&#8221; de\u011ferlendirmesinde bulundu.<\/p>\n<p>&#8211; Ukrayna&#8217;daki sava\u015f, Birli\u011fin politikalar\u0131nda &#8220;devrim niteli\u011finde&#8221; de\u011fi\u015fiklik yaratt\u0131<\/p>\n<p>AB&#8217;nin tarihi boyunca daha \u00f6nce sava\u015f halindeki bir \u00fclkeye askeri te\u00e7hizat sa\u011flamad\u0131\u011f\u0131n\u0131 an\u0131msatan Borrell, Ukrayna-Rusya Sava\u015f\u0131&#8217;n\u0131n ba\u015flamas\u0131yla Birlik politikalar\u0131nda ya\u015fanan de\u011fi\u015fikliklerin &#8220;devrim niteli\u011finde&#8221; oldu\u011funu kaydetti.<\/p>\n<p>Borrell, sava\u015f\u0131n ard\u0131ndan AB&#8217;nin savunma yat\u0131r\u0131mlar\u0131n\u0131 art\u0131rmaya daha fazla \u00f6nem vermeye ba\u015flad\u0131\u011f\u0131n\u0131 aktararak, Avrupa&#8217;n\u0131n m\u00fchimmat \u00fcretim kapasitesinin ge\u00e7en y\u0131l 2 kat\u0131na \u00e7\u0131kt\u0131\u011f\u0131n\u0131 ve y\u0131l sonuna kadar 3 kat\u0131na \u00e7\u0131kaca\u011f\u0131n\u0131 aktard\u0131.<\/p>\n<p>AB&#8217;nin Ukrayna&#8217;n\u0131n ba\u015fkenti Kiev&#8217;de inovasyon ofisi a\u00e7aca\u011f\u0131n\u0131 s\u00f6yleyen Borrell, &#8220;Ukraynal\u0131 giri\u015fimler ile AB savunma \u015firketleri aras\u0131ndaki i\u015fbirli\u011fini kolayla\u015ft\u0131raca\u011f\u0131z. En nihayetinde daha fazla end\u00fcstriyel kapasiteye ve daha iyi teknolojiye sahip olanlar galip gelecektir.&#8221; \u015feklinde konu\u015ftu.<\/p>\n<p>Rusya&#8217;n\u0131n Ukrayna&#8217;y\u0131 &#8220;ikinci bir Belarus&#8217;a d\u00f6n\u00fc\u015ft\u00fcrmesine izin verilmemesi&#8221; konusunda uyar\u0131da bulunan Borrell, Ukrayna&#8217;n\u0131n desteklenmesinin Avrupa&#8217;n\u0131n g\u00fcvenli\u011fi i\u00e7in elzem oldu\u011funu ifade etti.<\/p>\n<p>&#8211; Rusya&#8217;y\u0131 ziyaret eden Macar lider Orban&#8217;a \u00fcst\u00fc kapal\u0131 yan\u0131t<\/p>\n<p>AB&#8217;nin d\u00f6nem ba\u015fkanl\u0131\u011f\u0131n\u0131 devrald\u0131ktan sonra Rusya&#8217;ya s\u00fcrpriz ziyarette bulunan Macaristan Ba\u015fbakan\u0131 Viktor Orban&#8217;\u0131n bu ziyaretleri &#8220;bar\u0131\u015f&#8221; i\u00e7in ger\u00e7ekle\u015ftirdi\u011fi s\u00f6zlerine de \u00fcst\u00fc kapal\u0131 yan\u0131t veren Borrell, \u015funlar\u0131 kaydetti:<\/p>\n<p>&#8220;Birisinin &#8216;bar\u0131\u015f arad\u0131\u011f\u0131n\u0131&#8217; s\u00f6yledi\u011fini biliyorum. Asl\u0131nda hepimiz bar\u0131\u015f istiyoruz, \u00f6zellikle de Ukraynal\u0131lar. Bar\u0131\u015f\u0131 herkesten \u00e7ok onlar istiyorlar. Ama ne t\u00fcr bir bar\u0131\u015f? Sava\u015f\u0131 nas\u0131l bitirece\u011fimizi biliyorum. E\u011fer Ukrayna&#8217;y\u0131 desteklemeyi b\u0131rak\u0131rsak sava\u015f \u00e7ok \u00e7abuk biter \u00e7\u00fcnk\u00fc Ukrayna bizim deste\u011fimiz olmadan kendini savunamaz. B\u00f6ylelikle sava\u015f duracakt\u0131r ama s\u00fcrecin nihai sonucu nas\u0131l olacak? Ukrayna halk\u0131n\u0131n kaderi ne t\u00fcr bir sonla bitecek?&#8221;<\/p>\n<p>Borrell s\u00fcregelen sava\u015f\u0131n tek su\u00e7lusunun Putin oldu\u011funu savunarak, &#8220;Bu sava\u015f i\u00e7in k\u00fcresel g\u00fc\u00e7leri su\u00e7layanlar, bu sava\u015f\u0131 ba\u015flatanlar\u0131 isimlendirmek ve su\u00e7lamak i\u00e7in yeterince cesur olmal\u0131d\u0131r. Onlar\u0131n bir ad\u0131 var ve bu, k\u00fcresel g\u00fc\u00e7ler de\u011fil. Ad\u0131 Putin.&#8221; dedi.<\/p>\n<p>Bar\u0131\u015f \u00e7abalar\u0131n\u0131n da bu bilin\u00e7le y\u00fcr\u00fct\u00fclmesi gerekti\u011fini aktaran Borrell, &#8220;Bar\u0131\u015f aray\u0131\u015f\u0131nda olmak bize bir sald\u0131rgan ve bir de sald\u0131r\u0131lan oldu\u011funu unutturamaz ve her ikisini de ayn\u0131 kefeye koyamay\u0131z. Kimin sald\u0131rgan oldu\u011funu biliyoruz. Her g\u00fcn sivil hedeflere, Kiev&#8217;deki en b\u00fcy\u00fck \u00e7ocuk hastanesine f\u00fcze f\u0131rlatan da ayn\u0131 ki\u015fi.&#8221; diye konu\u015ftu.<\/p>\n","protected":false},"excerpt":{"rendered":"<p>Borrell, ABD&#8217;nin ba\u015fkenti Washington&#8217;daki NATO Liderler Zirvesi marj\u0131nda d\u00fczenlenen &#8220;AB Savunma Gecesi&#8221; ba\u015fl\u0131kl\u0131 etkinlikte yapt\u0131\u011f\u0131 konu\u015fmada, Avrupa&#8217;n\u0131n Rusya&#8217;n\u0131n &#8220;emperyalist h\u0131rslar\u0131na&#8221; kar\u015f\u0131 savunma kabiliyetlerini g\u00fc\u00e7lendirmesi gerekti\u011fini s\u00f6yledi. Avrupa&#8217;daki savunma harcamalar\u0131nda son \u00fc\u00e7 y\u0131lda y\u00fczde 30&#8217;luk bir art\u0131\u015f ya\u015fand\u0131\u011f\u0131na i\u015faret eden Borrell, bu y\u0131l Avrupa savunma b\u00fct\u00e7elerinin gayrisafi yurt i\u00e7i has\u0131las\u0131n\u0131n (GSYH) y\u00fczde 2&#8217;sine ula\u015faca\u011f\u0131n\u0131 aktard\u0131. Borrell,<\/p>\n","protected":false},"author":1,"featured_media":49237,"comment_status":"open","ping_status":"open","sticky":false,"template":"","format":"standard","meta":{"footnotes":""},"categories":[85],"tags":[],"class_list":["post-49236","post","type-post","status-publish","format-standard","has-post-thumbnail","hentry","category-spor"],"yoast_head":"<!-- This site is optimized with the Yoast SEO plugin v28.3 - https:\/\/yoast.com\/product\/yoast-seo-wordpress\/ -->\n<title>AB Y\u00fcksek Temsilcisi Borrell&#039;e g\u00f6re, Avrupa savunmas\u0131 &quot;Rusya tehdidine kar\u015f\u0131&quot; g\u00fc\u00e7lenmeyi s\u00fcrd\u00fcrecek -<\/title>\n<meta name=\"robots\" content=\"index, follow, max-snippet:-1, max-image-preview:large, max-video-preview:-1\" \/>\n<link rel=\"canonical\" href=\"https:\/\/kibrisdakik.com\/?p=49236\" \/>\n<meta property=\"og:locale\" content=\"tr_TR\" \/>\n<meta property=\"og:type\" content=\"article\" \/>\n<meta property=\"og:title\" content=\"AB Y\u00fcksek Temsilcisi Borrell&#039;e g\u00f6re, Avrupa savunmas\u0131 &quot;Rusya tehdidine kar\u015f\u0131&quot; g\u00fc\u00e7lenmeyi s\u00fcrd\u00fcrecek -\" \/>\n<meta property=\"og:description\" content=\"Borrell, ABD&#8217;nin ba\u015fkenti Washington&#8217;daki NATO Liderler Zirvesi marj\u0131nda d\u00fczenlenen &#8220;AB Savunma Gecesi&#8221; ba\u015fl\u0131kl\u0131 etkinlikte yapt\u0131\u011f\u0131 konu\u015fmada, Avrupa&#8217;n\u0131n Rusya&#8217;n\u0131n &#8220;emperyalist h\u0131rslar\u0131na&#8221; kar\u015f\u0131 savunma kabiliyetlerini g\u00fc\u00e7lendirmesi gerekti\u011fini s\u00f6yledi. Avrupa&#8217;daki savunma harcamalar\u0131nda son \u00fc\u00e7 y\u0131lda y\u00fczde 30&#8217;luk bir art\u0131\u015f ya\u015fand\u0131\u011f\u0131na i\u015faret eden Borrell, bu y\u0131l Avrupa savunma b\u00fct\u00e7elerinin gayrisafi yurt i\u00e7i has\u0131las\u0131n\u0131n (GSYH) y\u00fczde 2&#8217;sine ula\u015faca\u011f\u0131n\u0131 aktard\u0131. Borrell,\" \/>\n<meta property=\"og:url\" content=\"https:\/\/kibrisdakik.com\/?p=49236\" \/>\n<meta property=\"article:published_time\" content=\"2024-07-10T11:48:53+00:00\" \/>\n<meta property=\"og:image\" content=\"https:\/\/kibrisdakik.com\/wp-content\/uploads\/2024\/07\/ab-yuksek-temsilcisi-borrelle-gore-avrupa-savunmasi-rusya-tehdidine-karsi-guclenmeyi-surdurecek-1720610692.webp.webp\" \/>\n\t<meta property=\"og:image:width\" content=\"710\" \/>\n\t<meta property=\"og:image:height\" content=\"370\" \/>\n\t<meta property=\"og:image:type\" content=\"image\/webp\" \/>\n<meta name=\"author\" content=\"admin\" \/>\n<meta name=\"twitter:card\" content=\"summary_large_image\" \/>\n<meta name=\"twitter:label1\" content=\"Yazan:\" \/>\n\t<meta name=\"twitter:data1\" content=\"admin\" \/>\n\t<meta name=\"twitter:label2\" content=\"Tahmini okuma s\u00fcresi\" \/>\n\t<meta name=\"twitter:data2\" content=\"3 dakika\" \/>\n<script type=\"application\/ld+json\" class=\"yoast-schema-graph\">{\"@context\":\"https:\\\/\\\/schema.org\",\"@graph\":[{\"@type\":\"Article\",\"@id\":\"https:\\\/\\\/kibrisdakik.com\\\/?p=49236#article\",\"isPartOf\":{\"@id\":\"https:\\\/\\\/kibrisdakik.com\\\/?p=49236\"},\"author\":{\"name\":\"admin\",\"@id\":\"https:\\\/\\\/kibrisdakik.com\\\/#\\\/schema\\\/person\\\/9cd9d437bbb44f72b73ba127e06d8e79\"},\"headline\":\"AB Y\u00fcksek Temsilcisi Borrell&#039;e g\u00f6re, Avrupa savunmas\u0131 &quot;Rusya tehdidine kar\u015f\u0131&quot; g\u00fc\u00e7lenmeyi s\u00fcrd\u00fcrecek\",\"datePublished\":\"2024-07-10T11:48:53+00:00\",\"mainEntityOfPage\":{\"@id\":\"https:\\\/\\\/kibrisdakik.com\\\/?p=49236\"},\"wordCount\":674,\"commentCount\":0,\"publisher\":{\"@id\":\"https:\\\/\\\/kibrisdakik.com\\\/#organization\"},\"image\":{\"@id\":\"https:\\\/\\\/kibrisdakik.com\\\/?p=49236#primaryimage\"},\"thumbnailUrl\":\"https:\\\/\\\/kibrisdakik.com\\\/wp-content\\\/uploads\\\/2024\\\/07\\\/ab-yuksek-temsilcisi-borrelle-gore-avrupa-savunmasi-rusya-tehdidine-karsi-guclenmeyi-surdurecek-1720610692.webp.webp\",\"articleSection\":[\"Spor\"],\"inLanguage\":\"tr\",\"potentialAction\":[{\"@type\":\"CommentAction\",\"name\":\"Comment\",\"target\":[\"https:\\\/\\\/kibrisdakik.com\\\/?p=49236#respond\"]}]},{\"@type\":\"WebPage\",\"@id\":\"https:\\\/\\\/kibrisdakik.com\\\/?p=49236\",\"url\":\"https:\\\/\\\/kibrisdakik.com\\\/?p=49236\",\"name\":\"AB Y\u00fcksek Temsilcisi Borrell&#039;e g\u00f6re, Avrupa savunmas\u0131 &quot;Rusya tehdidine kar\u015f\u0131&quot; g\u00fc\u00e7lenmeyi s\u00fcrd\u00fcrecek -\",\"isPartOf\":{\"@id\":\"https:\\\/\\\/kibrisdakik.com\\\/#website\"},\"primaryImageOfPage\":{\"@id\":\"https:\\\/\\\/kibrisdakik.com\\\/?p=49236#primaryimage\"},\"image\":{\"@id\":\"https:\\\/\\\/kibrisdakik.com\\\/?p=49236#primaryimage\"},\"thumbnailUrl\":\"https:\\\/\\\/kibrisdakik.com\\\/wp-content\\\/uploads\\\/2024\\\/07\\\/ab-yuksek-temsilcisi-borrelle-gore-avrupa-savunmasi-rusya-tehdidine-karsi-guclenmeyi-surdurecek-1720610692.webp.webp\",\"datePublished\":\"2024-07-10T11:48:53+00:00\",\"breadcrumb\":{\"@id\":\"https:\\\/\\\/kibrisdakik.com\\\/?p=49236#breadcrumb\"},\"inLanguage\":\"tr\",\"potentialAction\":[{\"@type\":\"ReadAction\",\"target\":[\"https:\\\/\\\/kibrisdakik.com\\\/?p=49236\"]}]},{\"@type\":\"ImageObject\",\"inLanguage\":\"tr\",\"@id\":\"https:\\\/\\\/kibrisdakik.com\\\/?p=49236#primaryimage\",\"url\":\"https:\\\/\\\/kibrisdakik.com\\\/wp-content\\\/uploads\\\/2024\\\/07\\\/ab-yuksek-temsilcisi-borrelle-gore-avrupa-savunmasi-rusya-tehdidine-karsi-guclenmeyi-surdurecek-1720610692.webp.webp\",\"contentUrl\":\"https:\\\/\\\/kibrisdakik.com\\\/wp-content\\\/uploads\\\/2024\\\/07\\\/ab-yuksek-temsilcisi-borrelle-gore-avrupa-savunmasi-rusya-tehdidine-karsi-guclenmeyi-surdurecek-1720610692.webp.webp\",\"width\":710,\"height\":370},{\"@type\":\"BreadcrumbList\",\"@id\":\"https:\\\/\\\/kibrisdakik.com\\\/?p=49236#breadcrumb\",\"itemListElement\":[{\"@type\":\"ListItem\",\"position\":1,\"name\":\"Home\",\"item\":\"https:\\\/\\\/kibrisdakik.com\\\/\"},{\"@type\":\"ListItem\",\"position\":2,\"name\":\"AB Y\u00fcksek Temsilcisi Borrell&#039;e g\u00f6re, Avrupa savunmas\u0131 &quot;Rusya tehdidine kar\u015f\u0131&quot; g\u00fc\u00e7lenmeyi s\u00fcrd\u00fcrecek\"}]},{\"@type\":\"WebSite\",\"@id\":\"https:\\\/\\\/kibrisdakik.com\\\/#website\",\"url\":\"https:\\\/\\\/kibrisdakik.com\\\/\",\"name\":\"K\u0131br\u0131s Dakik\",\"description\":\"Tam vaktinde haber\",\"publisher\":{\"@id\":\"https:\\\/\\\/kibrisdakik.com\\\/#organization\"},\"potentialAction\":[{\"@type\":\"SearchAction\",\"target\":{\"@type\":\"EntryPoint\",\"urlTemplate\":\"https:\\\/\\\/kibrisdakik.com\\\/?s={search_term_string}\"},\"query-input\":{\"@type\":\"PropertyValueSpecification\",\"valueRequired\":true,\"valueName\":\"search_term_string\"}}],\"inLanguage\":\"tr\"},{\"@type\":\"Organization\",\"@id\":\"https:\\\/\\\/kibrisdakik.com\\\/#organization\",\"name\":\"K\u0131br\u0131s Dakik\",\"url\":\"https:\\\/\\\/kibrisdakik.com\\\/\",\"logo\":{\"@type\":\"ImageObject\",\"inLanguage\":\"tr\",\"@id\":\"https:\\\/\\\/kibrisdakik.com\\\/#\\\/schema\\\/logo\\\/image\\\/\",\"url\":\"https:\\\/\\\/kibrisdakik.com\\\/wp-content\\\/uploads\\\/2025\\\/10\\\/cropped-WhatsApp-Image-2025-10-02-at-12.58.31.jpeg\",\"contentUrl\":\"https:\\\/\\\/kibrisdakik.com\\\/wp-content\\\/uploads\\\/2025\\\/10\\\/cropped-WhatsApp-Image-2025-10-02-at-12.58.31.jpeg\",\"width\":1237,\"height\":190,\"caption\":\"K\u0131br\u0131s Dakik\"},\"image\":{\"@id\":\"https:\\\/\\\/kibrisdakik.com\\\/#\\\/schema\\\/logo\\\/image\\\/\"}},{\"@type\":\"Person\",\"@id\":\"https:\\\/\\\/kibrisdakik.com\\\/#\\\/schema\\\/person\\\/9cd9d437bbb44f72b73ba127e06d8e79\",\"name\":\"admin\",\"image\":{\"@type\":\"ImageObject\",\"inLanguage\":\"tr\",\"@id\":\"https:\\\/\\\/secure.gravatar.com\\\/avatar\\\/ccc17943b9d660506c869530f897617f7cb1c21a4bf30023f252596d83e1f007?s=96&d=mm&r=g\",\"url\":\"https:\\\/\\\/secure.gravatar.com\\\/avatar\\\/ccc17943b9d660506c869530f897617f7cb1c21a4bf30023f252596d83e1f007?s=96&d=mm&r=g\",\"contentUrl\":\"https:\\\/\\\/secure.gravatar.com\\\/avatar\\\/ccc17943b9d660506c869530f897617f7cb1c21a4bf30023f252596d83e1f007?s=96&d=mm&r=g\",\"caption\":\"admin\"},\"sameAs\":[\"https:\\\/\\\/kibrisdakik.com\"],\"url\":\"https:\\\/\\\/kibrisdakik.com\\\/?author=1\"}]}<\/script>\n<!-- \/ Yoast SEO plugin. -->","yoast_head_json":{"title":"AB Y\u00fcksek Temsilcisi Borrell&#039;e g\u00f6re, Avrupa savunmas\u0131 &quot;Rusya tehdidine kar\u015f\u0131&quot; g\u00fc\u00e7lenmeyi s\u00fcrd\u00fcrecek -","robots":{"index":"index","follow":"follow","max-snippet":"max-snippet:-1","max-image-preview":"max-image-preview:large","max-video-preview":"max-video-preview:-1"},"canonical":"https:\/\/kibrisdakik.com\/?p=49236","og_locale":"tr_TR","og_type":"article","og_title":"AB Y\u00fcksek Temsilcisi Borrell&#039;e g\u00f6re, Avrupa savunmas\u0131 &quot;Rusya tehdidine kar\u015f\u0131&quot; g\u00fc\u00e7lenmeyi s\u00fcrd\u00fcrecek -","og_description":"Borrell, ABD&#8217;nin ba\u015fkenti Washington&#8217;daki NATO Liderler Zirvesi marj\u0131nda d\u00fczenlenen &#8220;AB Savunma Gecesi&#8221; ba\u015fl\u0131kl\u0131 etkinlikte yapt\u0131\u011f\u0131 konu\u015fmada, Avrupa&#8217;n\u0131n Rusya&#8217;n\u0131n &#8220;emperyalist h\u0131rslar\u0131na&#8221; kar\u015f\u0131 savunma kabiliyetlerini g\u00fc\u00e7lendirmesi gerekti\u011fini s\u00f6yledi. Avrupa&#8217;daki savunma harcamalar\u0131nda son \u00fc\u00e7 y\u0131lda y\u00fczde 30&#8217;luk bir art\u0131\u015f ya\u015fand\u0131\u011f\u0131na i\u015faret eden Borrell, bu y\u0131l Avrupa savunma b\u00fct\u00e7elerinin gayrisafi yurt i\u00e7i has\u0131las\u0131n\u0131n (GSYH) y\u00fczde 2&#8217;sine ula\u015faca\u011f\u0131n\u0131 aktard\u0131. Borrell,","og_url":"https:\/\/kibrisdakik.com\/?p=49236","article_published_time":"2024-07-10T11:48:53+00:00","og_image":[{"width":710,"height":370,"url":"https:\/\/kibrisdakik.com\/wp-content\/uploads\/2024\/07\/ab-yuksek-temsilcisi-borrelle-gore-avrupa-savunmasi-rusya-tehdidine-karsi-guclenmeyi-surdurecek-1720610692.webp.webp","type":"image\/webp"}],"author":"admin","twitter_card":"summary_large_image","twitter_misc":{"Yazan:":"admin","Tahmini okuma s\u00fcresi":"3 dakika"},"schema":{"@context":"https:\/\/schema.org","@graph":[{"@type":"Article","@id":"https:\/\/kibrisdakik.com\/?p=49236#article","isPartOf":{"@id":"https:\/\/kibrisdakik.com\/?p=49236"},"author":{"name":"admin","@id":"https:\/\/kibrisdakik.com\/#\/schema\/person\/9cd9d437bbb44f72b73ba127e06d8e79"},"headline":"AB Y\u00fcksek Temsilcisi Borrell&#039;e g\u00f6re, Avrupa savunmas\u0131 &quot;Rusya tehdidine kar\u015f\u0131&quot; g\u00fc\u00e7lenmeyi s\u00fcrd\u00fcrecek","datePublished":"2024-07-10T11:48:53+00:00","mainEntityOfPage":{"@id":"https:\/\/kibrisdakik.com\/?p=49236"},"wordCount":674,"commentCount":0,"publisher":{"@id":"https:\/\/kibrisdakik.com\/#organization"},"image":{"@id":"https:\/\/kibrisdakik.com\/?p=49236#primaryimage"},"thumbnailUrl":"https:\/\/kibrisdakik.com\/wp-content\/uploads\/2024\/07\/ab-yuksek-temsilcisi-borrelle-gore-avrupa-savunmasi-rusya-tehdidine-karsi-guclenmeyi-surdurecek-1720610692.webp.webp","articleSection":["Spor"],"inLanguage":"tr","potentialAction":[{"@type":"CommentAction","name":"Comment","target":["https:\/\/kibrisdakik.com\/?p=49236#respond"]}]},{"@type":"WebPage","@id":"https:\/\/kibrisdakik.com\/?p=49236","url":"https:\/\/kibrisdakik.com\/?p=49236","name":"AB Y\u00fcksek Temsilcisi Borrell&#039;e g\u00f6re, Avrupa savunmas\u0131 &quot;Rusya tehdidine kar\u015f\u0131&quot; g\u00fc\u00e7lenmeyi s\u00fcrd\u00fcrecek -","isPartOf":{"@id":"https:\/\/kibrisdakik.com\/#website"},"primaryImageOfPage":{"@id":"https:\/\/kibrisdakik.com\/?p=49236#primaryimage"},"image":{"@id":"https:\/\/kibrisdakik.com\/?p=49236#primaryimage"},"thumbnailUrl":"https:\/\/kibrisdakik.com\/wp-content\/uploads\/2024\/07\/ab-yuksek-temsilcisi-borrelle-gore-avrupa-savunmasi-rusya-tehdidine-karsi-guclenmeyi-surdurecek-1720610692.webp.webp","datePublished":"2024-07-10T11:48:53+00:00","breadcrumb":{"@id":"https:\/\/kibrisdakik.com\/?p=49236#breadcrumb"},"inLanguage":"tr","potentialAction":[{"@type":"ReadAction","target":["https:\/\/kibrisdakik.com\/?p=49236"]}]},{"@type":"ImageObject","inLanguage":"tr","@id":"https:\/\/kibrisdakik.com\/?p=49236#primaryimage","url":"https:\/\/kibrisdakik.com\/wp-content\/uploads\/2024\/07\/ab-yuksek-temsilcisi-borrelle-gore-avrupa-savunmasi-rusya-tehdidine-karsi-guclenmeyi-surdurecek-1720610692.webp.webp","contentUrl":"https:\/\/kibrisdakik.com\/wp-content\/uploads\/2024\/07\/ab-yuksek-temsilcisi-borrelle-gore-avrupa-savunmasi-rusya-tehdidine-karsi-guclenmeyi-surdurecek-1720610692.webp.webp","width":710,"height":370},{"@type":"BreadcrumbList","@id":"https:\/\/kibrisdakik.com\/?p=49236#breadcrumb","itemListElement":[{"@type":"ListItem","position":1,"name":"Home","item":"https:\/\/kibrisdakik.com\/"},{"@type":"ListItem","position":2,"name":"AB Y\u00fcksek Temsilcisi Borrell&#039;e g\u00f6re, Avrupa savunmas\u0131 &quot;Rusya tehdidine kar\u015f\u0131&quot; g\u00fc\u00e7lenmeyi s\u00fcrd\u00fcrecek"}]},{"@type":"WebSite","@id":"https:\/\/kibrisdakik.com\/#website","url":"https:\/\/kibrisdakik.com\/","name":"K\u0131br\u0131s Dakik","description":"Tam vaktinde haber","publisher":{"@id":"https:\/\/kibrisdakik.com\/#organization"},"potentialAction":[{"@type":"SearchAction","target":{"@type":"EntryPoint","urlTemplate":"https:\/\/kibrisdakik.com\/?s={search_term_string}"},"query-input":{"@type":"PropertyValueSpecification","valueRequired":true,"valueName":"search_term_string"}}],"inLanguage":"tr"},{"@type":"Organization","@id":"https:\/\/kibrisdakik.com\/#organization","name":"K\u0131br\u0131s Dakik","url":"https:\/\/kibrisdakik.com\/","logo":{"@type":"ImageObject","inLanguage":"tr","@id":"https:\/\/kibrisdakik.com\/#\/schema\/logo\/image\/","url":"https:\/\/kibrisdakik.com\/wp-content\/uploads\/2025\/10\/cropped-WhatsApp-Image-2025-10-02-at-12.58.31.jpeg","contentUrl":"https:\/\/kibrisdakik.com\/wp-content\/uploads\/2025\/10\/cropped-WhatsApp-Image-2025-10-02-at-12.58.31.jpeg","width":1237,"height":190,"caption":"K\u0131br\u0131s Dakik"},"image":{"@id":"https:\/\/kibrisdakik.com\/#\/schema\/logo\/image\/"}},{"@type":"Person","@id":"https:\/\/kibrisdakik.com\/#\/schema\/person\/9cd9d437bbb44f72b73ba127e06d8e79","name":"admin","image":{"@type":"ImageObject","inLanguage":"tr","@id":"https:\/\/secure.gravatar.com\/avatar\/ccc17943b9d660506c869530f897617f7cb1c21a4bf30023f252596d83e1f007?s=96&d=mm&r=g","url":"https:\/\/secure.gravatar.com\/avatar\/ccc17943b9d660506c869530f897617f7cb1c21a4bf30023f252596d83e1f007?s=96&d=mm&r=g","contentUrl":"https:\/\/secure.gravatar.com\/avatar\/ccc17943b9d660506c869530f897617f7cb1c21a4bf30023f252596d83e1f007?s=96&d=mm&r=g","caption":"admin"},"sameAs":["https:\/\/kibrisdakik.com"],"url":"https:\/\/kibrisdakik.com\/?author=1"}]}},"_links":{"self":[{"href":"https:\/\/kibrisdakik.com\/index.php?rest_route=\/wp\/v2\/posts\/49236","targetHints":{"allow":["GET"]}}],"collection":[{"href":"https:\/\/kibrisdakik.com\/index.php?rest_route=\/wp\/v2\/posts"}],"about":[{"href":"https:\/\/kibrisdakik.com\/index.php?rest_route=\/wp\/v2\/types\/post"}],"author":[{"embeddable":true,"href":"https:\/\/kibrisdakik.com\/index.php?rest_route=\/wp\/v2\/users\/1"}],"replies":[{"embeddable":true,"href":"https:\/\/kibrisdakik.com\/index.php?rest_route=%2Fwp%2Fv2%2Fcomments&post=49236"}],"version-history":[{"count":0,"href":"https:\/\/kibrisdakik.com\/index.php?rest_route=\/wp\/v2\/posts\/49236\/revisions"}],"wp:featuredmedia":[{"embeddable":true,"href":"https:\/\/kibrisdakik.com\/index.php?rest_route=\/wp\/v2\/media\/49237"}],"wp:attachment":[{"href":"https:\/\/kibrisdakik.com\/index.php?rest_route=%2Fwp%2Fv2%2Fmedia&parent=49236"}],"wp:term":[{"taxonomy":"category","embeddable":true,"href":"https:\/\/kibrisdakik.com\/index.php?rest_route=%2Fwp%2Fv2%2Fcategories&post=49236"},{"taxonomy":"post_tag","embeddable":true,"href":"https:\/\/kibrisdakik.com\/index.php?rest_route=%2Fwp%2Fv2%2Ftags&post=49236"}],"curies":[{"name":"wp","href":"https:\/\/api.w.org\/{rel}","templated":true}]}}