{"id":4924,"date":"2023-04-10T20:35:23","date_gmt":"2023-04-10T20:35:23","guid":{"rendered":"https:\/\/kibrisdakik.com\/index.php\/2023\/04\/10\/mecliste-kamu-ihale-yasasi-tartisilmaya-devam-ediliyor\/"},"modified":"2023-04-10T20:35:23","modified_gmt":"2023-04-10T20:35:23","slug":"mecliste-kamu-ihale-yasasi-tartisilmaya-devam-ediliyor","status":"publish","type":"post","link":"https:\/\/kibrisdakik.com\/?p=4924","title":{"rendered":"Meclis\u2019te Kamu \u0130hale Yasas\u0131 tart\u0131\u015f\u0131lmaya devam ediliyor"},"content":{"rendered":"<p><\/p>\n<div>\n<div class=\"mariselle-image-container none\">\n                <img width=\"1800\" height=\"1200\" class=\"lazy-image\" alt=\"\" decoding=\"async\" loading=\"lazy\" sizes=\"auto, (max-width: 1800px) 100vw, 1800px\" src=\"https:\/\/brtk.net\/wp-content\/uploads\/2023\/04\/10\/meclis-1-7.jpg?ver=e41f09a53e5364b99576105f48664b95\" srcset=\"https:\/\/brtk.net\/wp-content\/uploads\/2023\/04\/10\/meclis-1-7.jpg?ver=e41f09a53e5364b99576105f48664b95 1800w, https:\/\/brtk.net\/wp-content\/uploads\/2023\/04\/10\/meclis-1-7-300x200.jpg?ver=e41f09a53e5364b99576105f48664b95 300w, https:\/\/brtk.net\/wp-content\/uploads\/2023\/04\/10\/meclis-1-7-1024x683.jpg?ver=e41f09a53e5364b99576105f48664b95 1024w, https:\/\/brtk.net\/wp-content\/uploads\/2023\/04\/10\/meclis-1-7-768x512.jpg?ver=25fc1cff4a388986b9f54f98af6429a8 768w, https:\/\/brtk.net\/wp-content\/uploads\/2023\/04\/10\/meclis-1-7-1536x1024.jpg?ver=25fc1cff4a388986b9f54f98af6429a8 1536w\"\/>                            <\/div>\n<p style=\"font-weight: 300;\">Cumhuriyet Meclisi Genel Kurulu\u2019nda \u201cKamu \u0130hale (De\u011fi\u015fiklik) Yasa Tasar\u0131s\u0131\u201dn\u0131n geneli<\/p>\n<p style=\"font-weight: 300;\">\u00fczerindeki g\u00f6r\u00fc\u015fmelere devam ediliyor.<\/p>\n<p style=\"font-weight: 300;\"><a href=\"https:\/\/brtk.net\/\"\/><a href=\"https:\/\/brtk.net\/\"\/><a href=\"https:\/\/brtk.net\/\"\/><a href=\"https:\/\/brtk.net\/\"\/><a href=\"https:\/\/brtk.net\/\"\/><a href=\"https:\/\/brtk.net\/\">CTP<\/a> Milletvekili Salahi \u015eahiner, yasa tasar\u0131s\u0131na ili\u015fkin s\u00f6z olarak, ilgili yasan\u0131n ka\u00e7 g\u00fcnd\u00fcr g\u00f6r\u00fc\u015f\u00fcld\u00fc\u011f\u00fcn\u00fc, g\u00fcndemin bir \u015firkete y\u00f6nelik yasayla me\u015fgul edildi\u011fini ifade etti, ele\u015ftirilerde bulundu.<\/p>\n<p style=\"font-weight: 300;\">K\u0131b-Tek\u2019te yat\u0131r\u0131m yapmak yerine bug\u00fcnk\u00fc noktaya gelindi\u011fini, ilgili \u015firketin kasas\u0131na para aktar\u0131lmaya \u00e7al\u0131\u015f\u0131ld\u0131\u011f\u0131n\u0131 savunan \u015eahiner, h\u00fck\u00fcmetin yasayla ilgili topluma do\u011frular\u0131 s\u00f6ylemedi\u011fini \u00f6ne s\u00fcrd\u00fc, komite \u00e7al\u0131\u015fmalar\u0131yla ilgili bilgi verdi.<\/p>\n<p style=\"font-weight: 300;\">\u015eahiner, y\u0131llarca santrallerin bak\u0131mlar\u0131n\u0131n yap\u0131lmad\u0131\u011f\u0131n\u0131, \u00fcretim g\u00fcc\u00fcn\u00fcn art\u0131r\u0131lmad\u0131\u011f\u0131n\u0131, g\u00f6revin ihmal edildi\u011fini savunarak, komitede konu\u015fuldu\u011fu gibi; kurulu g\u00fcc\u00fcn tamirinin yap\u0131lmas\u0131 durumda 3 y\u0131l daha yat\u0131r\u0131m gerekmeden \u00fcretimin ihtiyac\u0131 kar\u015f\u0131layabilece\u011fini s\u00f6yledi.<\/p>\n<p style=\"font-weight: 300;\">\u015eahiner, mevcut kurulu g\u00fc\u00e7 ile ilgili teknik bilgiler vererek, al\u0131m garantisinden \u00f6t\u00fcr\u00fc \u015firketin \u00fclkeye 30 milyon <a href=\"https:\/\/brtk.net\/\">dolar<\/a>dan fazla maliyeti oldu\u011funu s\u00f6yledi. Bunun \u00fczerine \u015firket ile imzalanan s\u00f6zle\u015fmenin kim taraf\u0131ndan imzaland\u0131\u011f\u0131 konusunda tart\u0131\u015fma ya\u015fand\u0131. \u015eahiner, h\u00fck\u00fcmetin topluma K\u0131b-Tek ile ilgili do\u011fru bilgiler vermedi\u011fini ifade ederek, gerekli yat\u0131r\u0131mlar\u0131n ve bak\u0131mlar\u0131n zaman\u0131nda yap\u0131lmamas\u0131n\u0131n kurumu bug\u00fcne getirdi\u011fini s\u00f6yledi.<\/p>\n<p style=\"font-weight: 300;\">\u201cElektriksiz kalaca\u011f\u0131z. AKSA\u2019ya muhta\u00e7 de\u011filiz\u201d, \u201cAKSA daha ucuza \u00fcretim yap\u0131yor, AKSA\u2019n\u0131n olmas\u0131 fiyatlar\u0131 d\u00fc\u015f\u00fcr\u00fcyor\u201d, \u201cK\u0131b-Tek bor\u00e7ludur, yat\u0131r\u0131m yapacak g\u00fcc\u00fc yok\u201d, \u201cYat\u0131r\u0131m yapacak zaman yok\u201d gibi s\u00f6ylemlerin do\u011fru olmad\u0131\u011f\u0131n\u0131 savunan \u015eahiner, yap\u0131lmas\u0131 planlanan s\u00f6zle\u015fmede baz\u0131 bakanlar\u0131n \u201cnikah memuru, baz\u0131lar\u0131n\u0131n ise nikah \u015fahidi oldu\u011funu\u201d s\u00f6yledi.<\/p>\n<p style=\"font-weight: 300;\">Kablo ile elektrik gelinmesine dair a\u00e7\u0131klamalara da de\u011finen \u015eahiner, kablo maliyetinin kimin taraf\u0131ndan kar\u015f\u0131land\u0131\u011f\u0131na dair de birbirinden farkl\u0131 a\u00e7\u0131klamalar oldu\u011funu \u00f6ne s\u00fcrerek, s\u00f6zle\u015fmenin \u201ck\u00f6t\u00fc niyetli\u201d oldu\u011funu s\u00f6yledi.<\/p>\n<p style=\"font-weight: 300;\"><a href=\"https:\/\/brtk.net\/\"\/><a href=\"https:\/\/brtk.net\/\"\/><a href=\"https:\/\/brtk.net\/\"\/><a href=\"https:\/\/brtk.net\/\"\/><a href=\"https:\/\/brtk.net\/\"\/><a href=\"https:\/\/brtk.net\/\">CTP<\/a> Genel Ba\u015fkan\u0131 Tufan Erh\u00fcrman da tekrardan s\u00f6z alarak, Meclis\u2019te tekrarlanan \u201c2009\u2019da bu s\u00f6zle\u015fmeyi kim imzalad\u0131? sorusunun cevab\u0131n\u0131 yineleyerek, \u201cFerdi Sabit Soyer ba\u015fkanl\u0131\u011f\u0131nda <a href=\"https:\/\/brtk.net\/\"\/><a href=\"https:\/\/brtk.net\/\"\/><a href=\"https:\/\/brtk.net\/\"\/><a href=\"https:\/\/brtk.net\/\"\/><a href=\"https:\/\/brtk.net\/\"\/><a href=\"https:\/\/brtk.net\/\">CTP<\/a> h\u00fck\u00fcmeti imzalad\u0131. Bu bilinmeyen bir \u015fey de\u011fildir\u201d dedi.<\/p>\n<p style=\"font-weight: 300;\">Erh\u00fcrman, Milletvekili Arma\u011fan Candan\u2019\u0131n hangi ko\u015fullar alt\u0131nda imzaland\u0131\u011f\u0131na dair daha \u00f6nce yapm\u0131\u015f oldu\u011fu konu\u015fmay\u0131 an\u0131msatt\u0131 ve \u201cbu s\u00f6zle\u015fmenin harika oldu\u011funu\u201d s\u00f6ylemediklerini vurgulad\u0131.<\/p>\n<p style=\"font-weight: 300;\">Ekonomi ve Enerji Bakan\u0131 Olgun Amcao\u011flu\u2019nun Enerji Dairesi ve \u00dcst Kurul\u2019un olu\u015fmas\u0131 i\u00e7in yasa tasar\u0131lar\u0131n\u0131n Meclis\u2019e sundu\u011funu s\u00f6yledi\u011fini an\u0131msatan Erh\u00fcrman, h\u00fck\u00fcmetin odalar\u0131 ve m\u00fchendisleri \u00e7a\u011f\u0131r\u0131p konu\u015fmas\u0131 i\u00e7in yasalara ihtiya\u00e7 olmad\u0131\u011f\u0131n\u0131 ancak yasa gerekiyorsa bu yasalar\u0131 bu kadar zamand\u0131r komiteden ge\u00e7irmenin imkans\u0131z olmad\u0131\u011f\u0131n\u0131, <a href=\"https:\/\/brtk.net\/\"\/><a href=\"https:\/\/brtk.net\/\"\/><a href=\"https:\/\/brtk.net\/\"\/><a href=\"https:\/\/brtk.net\/\"\/><a href=\"https:\/\/brtk.net\/\"\/><a href=\"https:\/\/brtk.net\/\">CTP<\/a>\u2019nin yard\u0131mc\u0131 olmaya her zaman haz\u0131r oldu\u011funu kaydetti.<\/p>\n<p style=\"font-weight: 300;\">Olgun Amcao\u011flu\u2019nun bug\u00fcn santrallerle ilgili payla\u015ft\u0131\u011f\u0131 kapasite-\u00fcretim rakamlar\u0131n\u0131 hat\u0131rlatan Erh\u00fcrman, yenilenebilir enerji d\u0131\u015f\u0131nda, AKSA\u2019yla beraber g\u00fcc\u00fcn asl\u0131nda 458\u2019e tekab\u00fcl etti\u011fine, toplam kullan\u0131m\u0131n ise 366-368 civar\u0131nda oldu\u011funu kaydederek, 80 mw daha kapasite oldu\u011funu ve bunun kullan\u0131lmad\u0131\u011f\u0131n\u0131 s\u00f6yledi.<\/p>\n<p style=\"font-weight: 300;\">Pik\u2019lere ili\u015fkin rakamlar\u0131 da payla\u015fan Erh\u00fcrman, 2019\u2019dan bug\u00fcne kullan\u0131mdaki enerjinin d\u00fc\u015ft\u00fc\u011f\u00fcn\u00fc s\u00f6yleyerek, bunun nedenlerinin \u201cbakanlar\u0131n a\u00e7\u0131klamalar\u0131na g\u00f6re\u201d bak\u0131m-onar\u0131m\u0131n yap\u0131lmamas\u0131 oldu\u011funu \u00f6ne s\u00fcrd\u00fc.<\/p>\n<p style=\"font-weight: 300;\">Erh\u00fcrman, bug\u00fcn K\u0131b-Tek\u2019teki zarara neden olan uygulamalara de\u011finerek, \u201cK\u0131b-Tek kendi kendine zarara girmiyor. Uygulama dolay\u0131s\u0131yla zarara giriyor\u201d dedi.<\/p>\n<p style=\"font-weight: 300;\">Erh\u00fcrman, yaz aylar\u0131nda maksimum \u00e7\u0131k\u0131lan pik\u2019in 342 mw, \u015fu andaki aktif kullan\u0131m\u0131n onun da \u00fcst\u00fcnde oldu\u011funu s\u00f6yledi. Bunun \u00fczerine s\u00f6z alan Bakan Olgun Amcao\u011flu, makinelerle ilgili bilgi vererek, \u201cTermik santralleri 5-6 saat i\u00e7erisinde devreye sokamazlarsa bu ak\u015fam yine s\u0131k\u0131nt\u0131 var demektir\u201d dedi.<\/p>\n<p style=\"font-weight: 300;\">K\u0131b-Tek ve AKSA\u2019n\u0131n dizel say\u0131lar\u0131n\u0131n ayn\u0131 oldu\u011funu ancak buna ra\u011fmen K\u0131b-Tek\u2019in daha az \u00fcretimi oldu\u011funu s\u00f6yleyen Erh\u00fcrman, bu eksikli\u011fin neden oldu\u011funa dair y\u00f6netimin a\u00e7\u0131klama yapmas\u0131 gerekti\u011fini belirtti.<\/p>\n<p style=\"font-weight: 300;\">Erh\u00fcrman yaza haz\u0131rl\u0131kl\u0131 olmas\u0131 a\u00e7\u0131s\u0131ndan, \u015fu anda makinelere bak\u0131m-onar\u0131m yap\u0131lmas\u0131 gerekti\u011fine dikkat \u00e7ekerek, \u201cBak\u0131m yap\u0131l\u0131rsa, bu rakamlarla sorun ya\u015famam\u0131z m\u00fcmk\u00fcn de\u011fil\u201d dedi.<\/p>\n<p style=\"font-weight: 300;\">\u201cBen halen bu s\u00f6zle\u015fmenin konusunun ne oldu\u011funu net bir bi\u00e7imde anlam\u0131\u015f de\u011filim\u201d diye konu\u015fan Erh\u00fcrman, Ba\u015fbakan\u2019\u0131n konu\u015fmas\u0131ndan konunun \u201centerkonnekte\u201d, Bakan Ar\u0131kl\u0131\u2019n\u0131n konu\u015fmas\u0131ndan konunun \u201cAKSA\u2019n\u0131n yapaca\u011f\u0131 ek santral ve daha sonra do\u011fal gaza d\u00f6n\u00fc\u015f\u00fcm\u201d, Milletvekili K\u00fc\u00e7\u00fck\u2019\u00fcn konu\u015fmas\u0131ndan da konunun \u201cproje ve fizibilite\u201d oldu\u011funu anlad\u0131klar\u0131n\u0131 s\u00f6yledi.<\/p>\n<p style=\"font-weight: 300;\">Erh\u00fcrman, \u201cs\u00f6zle\u015fmenin ne oldu\u011funu bile anlayamadan, Meclis\u2019ten ihalesiz bir bi\u00e7imde s\u00f6zle\u015fme imzalama yetkisi istendi\u011fini, b\u00f6yle bir yetkinin verilemeyece\u011fini\u201d savundu, \u201cGerek\u00e7e nedir? B\u00fct\u00fcn sorum odur\u201d diyen Erh\u00fcrman, gerek\u00e7eleriyle birlikte kendilerine gelinseydi, tav\u0131rlar\u0131n\u0131n b\u00f6yle olmayaca\u011f\u0131n\u0131 s\u00f6yledi.<\/p>\n<p style=\"font-weight: 300;\">Herhangi bir \u00f6zle\u015fme yap\u0131lmadan \u00f6nce vizibilite yap\u0131lmas\u0131n\u0131n \u015fart oldu\u011funu vurgulayan Erh\u00fcrman, fizibilite yap\u0131lmas\u0131n\u0131n bir ba\u015flang\u0131\u00e7 oldu\u011funu, onsuz bir \u015fey \u00fczerinden s\u00f6zle\u015fme yapman\u0131n ak\u0131l i\u015fi olmad\u0131\u011f\u0131n\u0131, \u015fu anda son yap\u0131lmas\u0131 gereken i\u015fin ilk yap\u0131ld\u0131\u011f\u0131n\u0131 ileri s\u00fcrd\u00fc.<\/p>\n<p style=\"font-weight: 300;\">S\u00f6zle\u015fmenin 15 y\u0131l\u0131 i\u00e7erdi\u011finin alt\u0131n\u0131 \u00e7izen Erh\u00fcrman, \u201cBenim 52 ya\u015f\u0131mla, 67 ya\u015f\u0131m\u0131 ba\u011flayacak bir \u015feydir konu\u015ftu\u011fumuz\u2026\u201d dedi.<\/p>\n<p style=\"font-weight: 300;\">Erh\u00fcrman, bu s\u00f6zle\u015fmeden dolay\u0131 ileride bir s\u0131k\u0131nt\u0131 \u00e7\u0131karsa, feshedilmek zorunda kal\u0131naca\u011f\u0131n\u0131, sorumlular\u0131na ise r\u00fccu edilece\u011fini yineledi.<\/p>\n<p style=\"font-weight: 300;\">Daha sonra s\u00f6z alan <a href=\"https:\/\/brtk.net\/\"\/><a href=\"https:\/\/brtk.net\/\"\/><a href=\"https:\/\/brtk.net\/\"\/><a href=\"https:\/\/brtk.net\/\"\/><a href=\"https:\/\/brtk.net\/\"\/><a href=\"https:\/\/brtk.net\/\">CTP<\/a> Milletvekili Devrim Bar\u00e7\u0131n, K\u0131b-Tek\u2019in 2023 bilan\u00e7osunun ge\u00e7ti\u011fini ancak 2021 ve 2022 bilan\u00e7olar\u0131n\u0131n ortada olmad\u0131\u011f\u0131n\u0131 savunarak, ba\u011f\u0131ms\u0131z denet\u00e7ilerin K\u0131b-Tek\u2019in 2019-2020 y\u0131llar\u0131na ait bilan\u00e7olar\u0131nda banka kredi ve mevduat hesaplar\u0131na \u201cdo\u011frulama teyit edilemedi\u011fini\u201d yazd\u0131\u011f\u0131n\u0131 ileri s\u00fcrerek, bunun \u201ch\u0131rs\u0131zl\u0131k var demek oldu\u011funu\u201d s\u00f6yledi.<\/p>\n<p style=\"font-weight: 300;\">Bar\u00e7\u0131n, eski Bakan Sunat Atun\u2019un K\u0131b-Tek\u2019in bor\u00e7lar\u0131na ili\u015fkin bas\u0131nda payla\u015f\u0131lan a\u00e7\u0131klamalar\u0131n\u0131 da okuyarak, bor\u00e7lar\u0131n yap\u0131lanmas\u0131 ve fiyatlar\u0131n ayarlanmas\u0131 konusunda h\u00fck\u00fcmetin gerekli ad\u0131mlar\u0131 atmad\u0131\u011f\u0131n\u0131, kurumu y\u00fcksek faiz \u00f6demeye zorunlu hale getirdi\u011fini \u00f6ne s\u00fcrd\u00fc.<\/p>\n<p style=\"font-weight: 300;\">Bar\u00e7\u0131n \u201cBu yasaya kar\u015f\u0131 duru\u015fumuzun sebebi, size g\u00fcvenmiyoruz. Yetkilerinizi K\u0131br\u0131s T\u00fcrk toplumunun kurumlar\u0131n\u0131 bat\u0131rma y\u00f6n\u00fcnde kullan\u0131yorsunuz\u201d diye konu\u015ftu.<\/p>\n<p style=\"font-weight: 300;\"><a href=\"https:\/\/brtk.net\/\"\/><a href=\"https:\/\/brtk.net\/\"\/><a href=\"https:\/\/brtk.net\/\"\/><a href=\"https:\/\/brtk.net\/\"\/><a href=\"https:\/\/brtk.net\/\"\/><a href=\"https:\/\/brtk.net\/\">CTP<\/a> Milletvekili Salahi \u015eahiner, tasar\u0131n\u0131n, K\u0131br\u0131s T\u00fcrk halk\u0131n\u0131n bo\u011faz\u0131ndan kesip \u015firketin kasas\u0131na koymak i\u00e7in, \u015firkete \u00f6zel haz\u0131rlanm\u0131\u015f bir yasa tasar\u0131s\u0131 oldu\u011funu \u00f6ne s\u00fcrerek, \u201c\u00c7ok b\u00fcy\u00fck bir g\u00fcnah i\u015fliyorsunuz\u201d dedi.<\/p>\n<p style=\"font-weight: 300;\">\u015eahiner, AKSA\u2019ya \u00f6denen fazla maliyetler sonucunda, AKSA\u2019n\u0131n bu \u00fclkede olmas\u0131ndan dolay\u0131 60 milyon <a href=\"https:\/\/brtk.net\/\">dolar<\/a> \u00fczerinde bir zarar\u0131n s\u00f6z konusu oldu\u011funu savunarak, al\u0131m garantili s\u00f6zle\u015fmeden dolay\u0131 halk\u0131n y\u00fcksek elektrik faturalar\u0131 alt\u0131nda ezilmeye devam edece\u011fini s\u00f6yledi.<\/p>\n<p style=\"font-weight: 300;\">Enerji arz g\u00fcvenli\u011fini sa\u011flayacak olan\u0131n bir dc kablo olamayaca\u011f\u0131n\u0131 savunan \u015eahiner, kablonun olmas\u0131 durumunda bile \u00fclkede kurulu g\u00fcc\u00fcn olmas\u0131 gerekti\u011fini ve bak\u0131m onar\u0131m\u0131n\u0131n yap\u0131lmaya devam edilmesi gerekti\u011fini kaydetti.<\/p>\n<p style=\"font-weight: 300;\">\u015eahiner, \u201cBu \u00fclkenin elektrik \u00fcretiminde \u00f6zelle\u015ftirme gibi bir politikas\u0131 olmu\u015f olsayd\u0131, yine davranaca\u011f\u0131 y\u00f6ntem bu olmazd\u0131\u201d diyerek, K\u0131b-Tek Y\u00f6netim Kurulu\u2019nun rekabeti, \u0130hale Komisyonu\u2019nu, Meclis\u2019i kar\u0131\u015ft\u0131rmadan, denetlenmeden, halk\u0131n cebinden milyarlarca liran\u0131n \u00e7\u0131kaca\u011f\u0131 enerji gibi bir konu i\u00e7in tek bir \u015firketle gidip g\u00f6r\u00fc\u015fece\u011fi bir durum yarat\u0131ld\u0131\u011f\u0131n\u0131 \u00f6ne s\u00fcrd\u00fc.<\/p>\n<p style=\"font-weight: 300;\">Kablo gelene kadar AKSA\u2019nun fuel oil ile \u00fcretim yapmaya devam etmesinin b\u00fcy\u00fck bir risk te\u015fkil etti\u011fini vurgulayan \u015eahiner, \u201cBunun elle tutulabilir hi\u00e7bir taraf\u0131 yoktur. Bu ger\u00e7ekten K\u0131br\u0131s T\u00fcrk halk\u0131na yap\u0131lan bir ihanettir\u201d diye konu\u015ftu.<\/p>\n<p style=\"font-weight: 300;\">Milletvekili Teberr\u00fcken Ulu\u00e7ay da, k\u00fcrs\u00fcde yapt\u0131\u011f\u0131 konu\u015fmada, bu konunun Meclis\u2019te ve d\u0131\u015far\u0131da 10 g\u00fcnd\u00fcr tart\u0131\u015f\u0131ld\u0131\u011f\u0131na i\u015faret ederek, sonras\u0131nda at\u0131lacak ad\u0131mlar\u0131n bilinmedi\u011fini, bunun bilinmesinin halk\u0131n hakk\u0131 oldu\u011funu kaydetti.<\/p>\n<p style=\"font-weight: 300;\">Ulu\u00e7ay, ge\u00e7mi\u015fte \u00f6zerkle\u015ftirilmesine y\u00f6nelik de tart\u0131\u015fmalar\u0131n yap\u0131ld\u0131\u011f\u0131na ve konsens\u00fcs sa\u011fland\u0131\u011f\u0131n\u0131, bir Enerji \u00dcst Kurulu\u2019nun olu\u015fturulmas\u0131na y\u00f6nelik bir teyitle\u015fme oldu\u011funa i\u015faret ederek, bir araya gelerek bir projeksiyon olu\u015fturulmas\u0131 ve yap\u0131lan \u00e7al\u0131\u015fmalar\u0131n sa\u011flam bir limana ta\u015f\u0131nmas\u0131 gerekti\u011fini belirtti.<\/p>\n<p style=\"font-weight: 300;\">\u0130hale Yasas\u0131\u2019nda yap\u0131lmas\u0131 istenilen de\u011fi\u015fiklikle, h\u00fck\u00fcmet yetkililerinin, masaya oturduklar\u0131nda ilgili \u015firketle daha g\u00fc\u00e7l\u00fc bir pazarl\u0131k yapacaklar\u0131n\u0131 ifade ettiklerini hat\u0131rlatan Ulu\u00e7ay, bunu yapmak i\u00e7in yasada de\u011fi\u015fikli\u011fe ihtiya\u00e7 olmad\u0131\u011f\u0131n\u0131 s\u00f6yledi.<\/p>\n<p style=\"font-weight: 300;\">Ulu\u00e7ay, \u201cE\u011fer niyet enterkonnekte sisteme ba\u011flanacak \u015fekilde kablonun \u00e7ekilmesi ise\u201d bunun i\u00e7in de bir fizibilite \u00e7al\u0131\u015fmas\u0131n\u0131n yapt\u0131r\u0131lmas\u0131n\u0131n \u0130hale Yasas\u0131\u2019nda bir de\u011fi\u015fiklik yapmadan da m\u00fcmk\u00fcn oldu\u011funu ifade etti ve fizibilite \u00e7al\u0131\u015fmas\u0131 yap\u0131lmas\u0131n\u0131n \u00f6nemine de\u011findi.<\/p>\n<p style=\"font-weight: 300;\">\u00dclke i\u00e7in \u00e7ok daha uygun enerji arz g\u00fcvenli\u011finin sa\u011flanabilece\u011fini s\u00f6yleyen Ulu\u00e7ay, \u201cGe\u00e7 kal\u0131nm\u0131\u015f de\u011fildir. \u00d6n\u00fcm\u00fczdeki s\u00fcre\u00e7 bir f\u0131rsatt\u0131r. Bu f\u0131rsat\u0131n de\u011ferlendirilmesi gerekir\u201d dedi ve bunun ko\u015fulunun K\u0131b-Tek\u2019in \u00f6zerkle\u015ftirilmesi oldu\u011funu belirtti; bu y\u00f6nde \u00e7al\u0131\u015fma yap\u0131lmas\u0131 \u00e7a\u011fr\u0131s\u0131na bulundu.<\/p>\n<p style=\"font-weight: 300;\"><a href=\"https:\/\/brtk.net\/\"\/><a href=\"https:\/\/brtk.net\/\"\/><a href=\"https:\/\/brtk.net\/\"\/><a href=\"https:\/\/brtk.net\/\"\/><a href=\"https:\/\/brtk.net\/\"\/><a href=\"https:\/\/brtk.net\/\">CTP<\/a> G\u00fczelyurt Milletvekili Arma\u011fan Candan ise, Cumhurba\u015fkan\u0131 <a href=\"https:\/\/brtk.net\/\" target=\"_blank\" rel=\"noopener\">Ersin <\/a><a href=\"https:\/\/brtk.net\/\">Tatar<\/a>\u2019\u0131n ba\u015fbakanl\u0131k d\u00f6neminde enerji ve AKSA\u2019ya ili\u015fkin bas\u0131na yapt\u0131\u011f\u0131 a\u00e7\u0131klamalar\u0131 okuyarak, <a href=\"https:\/\/brtk.net\/\">Tatar<\/a>\u2019\u0131n \u201cAKSA\u2019yla yap\u0131lan bir \u00f6nceki s\u00f6zle\u015fmeyle \u00fclkenin 15-16 y\u0131l boyunca taahh\u00fct alt\u0131na al\u0131nd\u0131\u011f\u0131\u201d ele\u015ftirisi yapt\u0131\u011f\u0131na i\u015faret etti.<\/p>\n<p style=\"font-weight: 300;\">Candan, Cumhurba\u015fkan\u0131\u2019na \u00e7a\u011fr\u0131da bulunarak, bu yasa \u00f6n\u00fcne gelmeden ilgili kesimlerin g\u00f6r\u00fc\u015f\u00fcn\u00fc almas\u0131 gerekti\u011fini kaydetti.<\/p>\n<p style=\"font-weight: 300;\">Candan, \u201cAksi halde, maalesef, daha b\u00fcy\u00fck grevler, daha b\u00fcy\u00fck g\u00f6steriler, daha b\u00fcy\u00fck enerji kesintileri, karanl\u0131k ak\u015famlar bizleri beklemektedir\u201d dedi.<\/p>\n<p>TAK\/<a href=\"https:\/\/brtk.net\/\">BRT<\/a><\/p>\n<\/p><\/div>\n<p><script async\n                    defer\n                    crossorigin=\"anonymous\"\n                    src=\"https:\/\/connect.facebook.net\/tr_TR\/sdk.js#xfbml=1&#038;version=v3.3\"\n            ><\/script><\/p>\n","protected":false},"excerpt":{"rendered":"<p>Cumhuriyet Meclisi Genel Kurulu\u2019nda \u201cKamu \u0130hale (De\u011fi\u015fiklik) Yasa Tasar\u0131s\u0131\u201dn\u0131n geneli \u00fczerindeki g\u00f6r\u00fc\u015fmelere devam ediliyor. CTP Milletvekili Salahi \u015eahiner, yasa tasar\u0131s\u0131na ili\u015fkin s\u00f6z olarak, ilgili yasan\u0131n ka\u00e7 g\u00fcnd\u00fcr g\u00f6r\u00fc\u015f\u00fcld\u00fc\u011f\u00fcn\u00fc, g\u00fcndemin bir \u015firkete y\u00f6nelik yasayla me\u015fgul edildi\u011fini ifade etti, ele\u015ftirilerde bulundu. K\u0131b-Tek\u2019te yat\u0131r\u0131m yapmak yerine bug\u00fcnk\u00fc noktaya gelindi\u011fini, ilgili \u015firketin kasas\u0131na para aktar\u0131lmaya \u00e7al\u0131\u015f\u0131ld\u0131\u011f\u0131n\u0131 savunan \u015eahiner, h\u00fck\u00fcmetin<\/p>\n","protected":false},"author":1,"featured_media":4925,"comment_status":"open","ping_status":"open","sticky":false,"template":"","format":"standard","meta":{"footnotes":""},"categories":[1],"tags":[],"class_list":["post-4924","post","type-post","status-publish","format-standard","has-post-thumbnail","hentry","category-gundem"],"yoast_head":"<!-- This site is optimized with the Yoast SEO plugin v27.5 - https:\/\/yoast.com\/product\/yoast-seo-wordpress\/ -->\n<title>Meclis\u2019te Kamu \u0130hale Yasas\u0131 tart\u0131\u015f\u0131lmaya devam ediliyor -<\/title>\n<meta name=\"robots\" content=\"index, follow, max-snippet:-1, max-image-preview:large, max-video-preview:-1\" \/>\n<link rel=\"canonical\" href=\"https:\/\/kibrisdakik.com\/?p=4924\" \/>\n<meta property=\"og:locale\" content=\"tr_TR\" \/>\n<meta property=\"og:type\" content=\"article\" \/>\n<meta property=\"og:title\" content=\"Meclis\u2019te Kamu \u0130hale Yasas\u0131 tart\u0131\u015f\u0131lmaya devam ediliyor -\" \/>\n<meta property=\"og:description\" content=\"Cumhuriyet Meclisi Genel Kurulu\u2019nda \u201cKamu \u0130hale (De\u011fi\u015fiklik) Yasa Tasar\u0131s\u0131\u201dn\u0131n geneli \u00fczerindeki g\u00f6r\u00fc\u015fmelere devam ediliyor. CTP Milletvekili Salahi \u015eahiner, yasa tasar\u0131s\u0131na ili\u015fkin s\u00f6z olarak, ilgili yasan\u0131n ka\u00e7 g\u00fcnd\u00fcr g\u00f6r\u00fc\u015f\u00fcld\u00fc\u011f\u00fcn\u00fc, g\u00fcndemin bir \u015firkete y\u00f6nelik yasayla me\u015fgul edildi\u011fini ifade etti, ele\u015ftirilerde bulundu. K\u0131b-Tek\u2019te yat\u0131r\u0131m yapmak yerine bug\u00fcnk\u00fc noktaya gelindi\u011fini, ilgili \u015firketin kasas\u0131na para aktar\u0131lmaya \u00e7al\u0131\u015f\u0131ld\u0131\u011f\u0131n\u0131 savunan \u015eahiner, h\u00fck\u00fcmetin\" \/>\n<meta property=\"og:url\" content=\"https:\/\/kibrisdakik.com\/?p=4924\" \/>\n<meta property=\"article:published_time\" content=\"2023-04-10T20:35:23+00:00\" \/>\n<meta property=\"og:image\" content=\"https:\/\/kibrisdakik.com\/wp-content\/uploads\/2023\/04\/meclis-1-7-740x420.jpg\" \/>\n\t<meta property=\"og:image:width\" content=\"1800\" \/>\n\t<meta property=\"og:image:height\" content=\"1200\" \/>\n\t<meta property=\"og:image:type\" content=\"image\/jpeg\" \/>\n<meta name=\"author\" content=\"admin\" \/>\n<meta name=\"twitter:card\" content=\"summary_large_image\" \/>\n<meta name=\"twitter:label1\" content=\"Yazan:\" \/>\n\t<meta name=\"twitter:data1\" content=\"admin\" \/>\n\t<meta name=\"twitter:label2\" content=\"Tahmini okuma s\u00fcresi\" \/>\n\t<meta name=\"twitter:data2\" content=\"9 dakika\" \/>\n<script type=\"application\/ld+json\" class=\"yoast-schema-graph\">{\"@context\":\"https:\\\/\\\/schema.org\",\"@graph\":[{\"@type\":\"Article\",\"@id\":\"https:\\\/\\\/kibrisdakik.com\\\/?p=4924#article\",\"isPartOf\":{\"@id\":\"https:\\\/\\\/kibrisdakik.com\\\/?p=4924\"},\"author\":{\"name\":\"admin\",\"@id\":\"https:\\\/\\\/kibrisdakik.com\\\/#\\\/schema\\\/person\\\/9cd9d437bbb44f72b73ba127e06d8e79\"},\"headline\":\"Meclis\u2019te Kamu \u0130hale Yasas\u0131 tart\u0131\u015f\u0131lmaya devam ediliyor\",\"datePublished\":\"2023-04-10T20:35:23+00:00\",\"mainEntityOfPage\":{\"@id\":\"https:\\\/\\\/kibrisdakik.com\\\/?p=4924\"},\"wordCount\":1810,\"commentCount\":0,\"image\":{\"@id\":\"https:\\\/\\\/kibrisdakik.com\\\/?p=4924#primaryimage\"},\"thumbnailUrl\":\"https:\\\/\\\/kibrisdakik.com\\\/wp-content\\\/uploads\\\/2023\\\/04\\\/meclis-1-7-740x420.jpg\",\"articleSection\":[\"G\u00fcndem\"],\"inLanguage\":\"tr\",\"potentialAction\":[{\"@type\":\"CommentAction\",\"name\":\"Comment\",\"target\":[\"https:\\\/\\\/kibrisdakik.com\\\/?p=4924#respond\"]}]},{\"@type\":\"WebPage\",\"@id\":\"https:\\\/\\\/kibrisdakik.com\\\/?p=4924\",\"url\":\"https:\\\/\\\/kibrisdakik.com\\\/?p=4924\",\"name\":\"Meclis\u2019te Kamu \u0130hale Yasas\u0131 tart\u0131\u015f\u0131lmaya devam ediliyor -\",\"isPartOf\":{\"@id\":\"https:\\\/\\\/kibrisdakik.com\\\/#website\"},\"primaryImageOfPage\":{\"@id\":\"https:\\\/\\\/kibrisdakik.com\\\/?p=4924#primaryimage\"},\"image\":{\"@id\":\"https:\\\/\\\/kibrisdakik.com\\\/?p=4924#primaryimage\"},\"thumbnailUrl\":\"https:\\\/\\\/kibrisdakik.com\\\/wp-content\\\/uploads\\\/2023\\\/04\\\/meclis-1-7-740x420.jpg\",\"datePublished\":\"2023-04-10T20:35:23+00:00\",\"author\":{\"@id\":\"https:\\\/\\\/kibrisdakik.com\\\/#\\\/schema\\\/person\\\/9cd9d437bbb44f72b73ba127e06d8e79\"},\"breadcrumb\":{\"@id\":\"https:\\\/\\\/kibrisdakik.com\\\/?p=4924#breadcrumb\"},\"inLanguage\":\"tr\",\"potentialAction\":[{\"@type\":\"ReadAction\",\"target\":[\"https:\\\/\\\/kibrisdakik.com\\\/?p=4924\"]}]},{\"@type\":\"ImageObject\",\"inLanguage\":\"tr\",\"@id\":\"https:\\\/\\\/kibrisdakik.com\\\/?p=4924#primaryimage\",\"url\":\"https:\\\/\\\/kibrisdakik.com\\\/wp-content\\\/uploads\\\/2023\\\/04\\\/meclis-1-7-740x420.jpg\",\"contentUrl\":\"https:\\\/\\\/kibrisdakik.com\\\/wp-content\\\/uploads\\\/2023\\\/04\\\/meclis-1-7-740x420.jpg\",\"width\":1800,\"height\":1200},{\"@type\":\"BreadcrumbList\",\"@id\":\"https:\\\/\\\/kibrisdakik.com\\\/?p=4924#breadcrumb\",\"itemListElement\":[{\"@type\":\"ListItem\",\"position\":1,\"name\":\"Home\",\"item\":\"https:\\\/\\\/kibrisdakik.com\\\/\"},{\"@type\":\"ListItem\",\"position\":2,\"name\":\"Meclis\u2019te Kamu \u0130hale Yasas\u0131 tart\u0131\u015f\u0131lmaya devam ediliyor\"}]},{\"@type\":\"WebSite\",\"@id\":\"https:\\\/\\\/kibrisdakik.com\\\/#website\",\"url\":\"https:\\\/\\\/kibrisdakik.com\\\/\",\"name\":\"\",\"description\":\"Tam vaktinde haber\",\"potentialAction\":[{\"@type\":\"SearchAction\",\"target\":{\"@type\":\"EntryPoint\",\"urlTemplate\":\"https:\\\/\\\/kibrisdakik.com\\\/?s={search_term_string}\"},\"query-input\":{\"@type\":\"PropertyValueSpecification\",\"valueRequired\":true,\"valueName\":\"search_term_string\"}}],\"inLanguage\":\"tr\"},{\"@type\":\"Person\",\"@id\":\"https:\\\/\\\/kibrisdakik.com\\\/#\\\/schema\\\/person\\\/9cd9d437bbb44f72b73ba127e06d8e79\",\"name\":\"admin\",\"image\":{\"@type\":\"ImageObject\",\"inLanguage\":\"tr\",\"@id\":\"https:\\\/\\\/secure.gravatar.com\\\/avatar\\\/ccc17943b9d660506c869530f897617f7cb1c21a4bf30023f252596d83e1f007?s=96&d=mm&r=g\",\"url\":\"https:\\\/\\\/secure.gravatar.com\\\/avatar\\\/ccc17943b9d660506c869530f897617f7cb1c21a4bf30023f252596d83e1f007?s=96&d=mm&r=g\",\"contentUrl\":\"https:\\\/\\\/secure.gravatar.com\\\/avatar\\\/ccc17943b9d660506c869530f897617f7cb1c21a4bf30023f252596d83e1f007?s=96&d=mm&r=g\",\"caption\":\"admin\"},\"sameAs\":[\"https:\\\/\\\/kibrisdakik.com\"],\"url\":\"https:\\\/\\\/kibrisdakik.com\\\/?author=1\"}]}<\/script>\n<!-- \/ Yoast SEO plugin. -->","yoast_head_json":{"title":"Meclis\u2019te Kamu \u0130hale Yasas\u0131 tart\u0131\u015f\u0131lmaya devam ediliyor -","robots":{"index":"index","follow":"follow","max-snippet":"max-snippet:-1","max-image-preview":"max-image-preview:large","max-video-preview":"max-video-preview:-1"},"canonical":"https:\/\/kibrisdakik.com\/?p=4924","og_locale":"tr_TR","og_type":"article","og_title":"Meclis\u2019te Kamu \u0130hale Yasas\u0131 tart\u0131\u015f\u0131lmaya devam ediliyor -","og_description":"Cumhuriyet Meclisi Genel Kurulu\u2019nda \u201cKamu \u0130hale (De\u011fi\u015fiklik) Yasa Tasar\u0131s\u0131\u201dn\u0131n geneli \u00fczerindeki g\u00f6r\u00fc\u015fmelere devam ediliyor. CTP Milletvekili Salahi \u015eahiner, yasa tasar\u0131s\u0131na ili\u015fkin s\u00f6z olarak, ilgili yasan\u0131n ka\u00e7 g\u00fcnd\u00fcr g\u00f6r\u00fc\u015f\u00fcld\u00fc\u011f\u00fcn\u00fc, g\u00fcndemin bir \u015firkete y\u00f6nelik yasayla me\u015fgul edildi\u011fini ifade etti, ele\u015ftirilerde bulundu. K\u0131b-Tek\u2019te yat\u0131r\u0131m yapmak yerine bug\u00fcnk\u00fc noktaya gelindi\u011fini, ilgili \u015firketin kasas\u0131na para aktar\u0131lmaya \u00e7al\u0131\u015f\u0131ld\u0131\u011f\u0131n\u0131 savunan \u015eahiner, h\u00fck\u00fcmetin","og_url":"https:\/\/kibrisdakik.com\/?p=4924","article_published_time":"2023-04-10T20:35:23+00:00","og_image":[{"width":1800,"height":1200,"url":"https:\/\/kibrisdakik.com\/wp-content\/uploads\/2023\/04\/meclis-1-7-740x420.jpg","type":"image\/jpeg"}],"author":"admin","twitter_card":"summary_large_image","twitter_misc":{"Yazan:":"admin","Tahmini okuma s\u00fcresi":"9 dakika"},"schema":{"@context":"https:\/\/schema.org","@graph":[{"@type":"Article","@id":"https:\/\/kibrisdakik.com\/?p=4924#article","isPartOf":{"@id":"https:\/\/kibrisdakik.com\/?p=4924"},"author":{"name":"admin","@id":"https:\/\/kibrisdakik.com\/#\/schema\/person\/9cd9d437bbb44f72b73ba127e06d8e79"},"headline":"Meclis\u2019te Kamu \u0130hale Yasas\u0131 tart\u0131\u015f\u0131lmaya devam ediliyor","datePublished":"2023-04-10T20:35:23+00:00","mainEntityOfPage":{"@id":"https:\/\/kibrisdakik.com\/?p=4924"},"wordCount":1810,"commentCount":0,"image":{"@id":"https:\/\/kibrisdakik.com\/?p=4924#primaryimage"},"thumbnailUrl":"https:\/\/kibrisdakik.com\/wp-content\/uploads\/2023\/04\/meclis-1-7-740x420.jpg","articleSection":["G\u00fcndem"],"inLanguage":"tr","potentialAction":[{"@type":"CommentAction","name":"Comment","target":["https:\/\/kibrisdakik.com\/?p=4924#respond"]}]},{"@type":"WebPage","@id":"https:\/\/kibrisdakik.com\/?p=4924","url":"https:\/\/kibrisdakik.com\/?p=4924","name":"Meclis\u2019te Kamu \u0130hale Yasas\u0131 tart\u0131\u015f\u0131lmaya devam ediliyor -","isPartOf":{"@id":"https:\/\/kibrisdakik.com\/#website"},"primaryImageOfPage":{"@id":"https:\/\/kibrisdakik.com\/?p=4924#primaryimage"},"image":{"@id":"https:\/\/kibrisdakik.com\/?p=4924#primaryimage"},"thumbnailUrl":"https:\/\/kibrisdakik.com\/wp-content\/uploads\/2023\/04\/meclis-1-7-740x420.jpg","datePublished":"2023-04-10T20:35:23+00:00","author":{"@id":"https:\/\/kibrisdakik.com\/#\/schema\/person\/9cd9d437bbb44f72b73ba127e06d8e79"},"breadcrumb":{"@id":"https:\/\/kibrisdakik.com\/?p=4924#breadcrumb"},"inLanguage":"tr","potentialAction":[{"@type":"ReadAction","target":["https:\/\/kibrisdakik.com\/?p=4924"]}]},{"@type":"ImageObject","inLanguage":"tr","@id":"https:\/\/kibrisdakik.com\/?p=4924#primaryimage","url":"https:\/\/kibrisdakik.com\/wp-content\/uploads\/2023\/04\/meclis-1-7-740x420.jpg","contentUrl":"https:\/\/kibrisdakik.com\/wp-content\/uploads\/2023\/04\/meclis-1-7-740x420.jpg","width":1800,"height":1200},{"@type":"BreadcrumbList","@id":"https:\/\/kibrisdakik.com\/?p=4924#breadcrumb","itemListElement":[{"@type":"ListItem","position":1,"name":"Home","item":"https:\/\/kibrisdakik.com\/"},{"@type":"ListItem","position":2,"name":"Meclis\u2019te Kamu \u0130hale Yasas\u0131 tart\u0131\u015f\u0131lmaya devam ediliyor"}]},{"@type":"WebSite","@id":"https:\/\/kibrisdakik.com\/#website","url":"https:\/\/kibrisdakik.com\/","name":"","description":"Tam vaktinde haber","potentialAction":[{"@type":"SearchAction","target":{"@type":"EntryPoint","urlTemplate":"https:\/\/kibrisdakik.com\/?s={search_term_string}"},"query-input":{"@type":"PropertyValueSpecification","valueRequired":true,"valueName":"search_term_string"}}],"inLanguage":"tr"},{"@type":"Person","@id":"https:\/\/kibrisdakik.com\/#\/schema\/person\/9cd9d437bbb44f72b73ba127e06d8e79","name":"admin","image":{"@type":"ImageObject","inLanguage":"tr","@id":"https:\/\/secure.gravatar.com\/avatar\/ccc17943b9d660506c869530f897617f7cb1c21a4bf30023f252596d83e1f007?s=96&d=mm&r=g","url":"https:\/\/secure.gravatar.com\/avatar\/ccc17943b9d660506c869530f897617f7cb1c21a4bf30023f252596d83e1f007?s=96&d=mm&r=g","contentUrl":"https:\/\/secure.gravatar.com\/avatar\/ccc17943b9d660506c869530f897617f7cb1c21a4bf30023f252596d83e1f007?s=96&d=mm&r=g","caption":"admin"},"sameAs":["https:\/\/kibrisdakik.com"],"url":"https:\/\/kibrisdakik.com\/?author=1"}]}},"_links":{"self":[{"href":"https:\/\/kibrisdakik.com\/index.php?rest_route=\/wp\/v2\/posts\/4924","targetHints":{"allow":["GET"]}}],"collection":[{"href":"https:\/\/kibrisdakik.com\/index.php?rest_route=\/wp\/v2\/posts"}],"about":[{"href":"https:\/\/kibrisdakik.com\/index.php?rest_route=\/wp\/v2\/types\/post"}],"author":[{"embeddable":true,"href":"https:\/\/kibrisdakik.com\/index.php?rest_route=\/wp\/v2\/users\/1"}],"replies":[{"embeddable":true,"href":"https:\/\/kibrisdakik.com\/index.php?rest_route=%2Fwp%2Fv2%2Fcomments&post=4924"}],"version-history":[{"count":0,"href":"https:\/\/kibrisdakik.com\/index.php?rest_route=\/wp\/v2\/posts\/4924\/revisions"}],"wp:featuredmedia":[{"embeddable":true,"href":"https:\/\/kibrisdakik.com\/index.php?rest_route=\/wp\/v2\/media\/4925"}],"wp:attachment":[{"href":"https:\/\/kibrisdakik.com\/index.php?rest_route=%2Fwp%2Fv2%2Fmedia&parent=4924"}],"wp:term":[{"taxonomy":"category","embeddable":true,"href":"https:\/\/kibrisdakik.com\/index.php?rest_route=%2Fwp%2Fv2%2Fcategories&post=4924"},{"taxonomy":"post_tag","embeddable":true,"href":"https:\/\/kibrisdakik.com\/index.php?rest_route=%2Fwp%2Fv2%2Ftags&post=4924"}],"curies":[{"name":"wp","href":"https:\/\/api.w.org\/{rel}","templated":true}]}}