{"id":49289,"date":"2024-07-10T18:55:55","date_gmt":"2024-07-10T18:55:55","guid":{"rendered":"https:\/\/kibrisdakik.com\/index.php\/2024\/07\/10\/bostancida-garajdan-geri-geri-cikarken-yayaya-carpti\/"},"modified":"2024-07-10T18:55:55","modified_gmt":"2024-07-10T18:55:55","slug":"bostancida-garajdan-geri-geri-cikarken-yayaya-carpti","status":"publish","type":"post","link":"https:\/\/kibrisdakik.com\/?p=49289","title":{"rendered":"Bostanc\u0131\u2019da garajdan geri geri \u00e7\u0131karken yayaya \u00e7arpt\u0131"},"content":{"rendered":"<p><\/p>\n<div>\n<div class=\"mariselle-image-container none\">\n                <img loading=\"lazy\" decoding=\"async\" width=\"880\" height=\"440\" class=\"lazy-image\" alt=\"\" sizes=\"auto, (max-width: 880px) 100vw, 880px\" src=\"https:\/\/brtk.net\/wp-content\/uploads\/2024\/07\/07\/polis-kktc38.jpg?ver=9fe543af51eed2b7e45cff6ca6ccecb2\" srcset=\"https:\/\/brtk.net\/wp-content\/uploads\/2024\/07\/07\/polis-kktc38.jpg?ver=9fe543af51eed2b7e45cff6ca6ccecb2 880w, https:\/\/brtk.net\/wp-content\/uploads\/2024\/07\/07\/polis-kktc38-300x150.jpg?ver=9fe543af51eed2b7e45cff6ca6ccecb2 300w, https:\/\/brtk.net\/wp-content\/uploads\/2024\/07\/07\/polis-kktc38-768x384.jpg?ver=9fe543af51eed2b7e45cff6ca6ccecb2 768w, https:\/\/brtk.net\/wp-content\/uploads\/2024\/07\/07\/polis-kktc38-720x360.jpg?ver=7ea3aa286096d087ab237f32af87ec96 720w\"\/>                            <\/div>\n<p style=\"font-weight: 300;\">Bostanc\u0131\u2019da Nesime Vural (K-76) NC 853 plakal\u0131 arabas\u0131 ile evinin garaj\u0131ndan geri geri \u00e7\u0131kmaya \u00e7al\u0131\u015f\u0131l\u0131rken bankette yaya olarak bulunan Muhterem Zaim\u2019e (K-75)\u00e7arpt\u0131.<\/p>\n<p style=\"font-weight: 300;\">Polis a\u00e7\u0131klamas\u0131na g\u00f6re, d\u00fcn saat 18.00 s\u0131ralar\u0131nda Ba\u011fr\u0131kara Sokak\u2019ta ya\u015fanan kaza neticesinde yaralanan Zaim, Dr. Burhan Nalbanto\u011flu Devlet Hastanesi\u2019nde sa\u011f elinde ve sa\u011f kal\u00e7as\u0131nda k\u0131r\u0131k te\u015fhisiyle kontrol alt\u0131na al\u0131nd\u0131.<\/p>\n<p style=\"font-weight: 300;\">Soru\u015fturma devam ediyor.<\/p>\n<\/p><\/div>\n<p><script async\n                    defer\n                    crossorigin=\"anonymous\"\n                    src=\"https:\/\/connect.facebook.net\/tr_TR\/sdk.js#xfbml=1&#038;version=v3.3\"\n            ><\/script><\/p>\n","protected":false},"excerpt":{"rendered":"<p>Bostanc\u0131\u2019da Nesime Vural (K-76) NC 853 plakal\u0131 arabas\u0131 ile evinin garaj\u0131ndan geri geri \u00e7\u0131kmaya \u00e7al\u0131\u015f\u0131l\u0131rken bankette yaya olarak bulunan Muhterem Zaim\u2019e (K-75)\u00e7arpt\u0131. Polis a\u00e7\u0131klamas\u0131na g\u00f6re, d\u00fcn saat 18.00 s\u0131ralar\u0131nda Ba\u011fr\u0131kara Sokak\u2019ta ya\u015fanan kaza neticesinde yaralanan Zaim, Dr. Burhan Nalbanto\u011flu Devlet Hastanesi\u2019nde sa\u011f elinde ve sa\u011f kal\u00e7as\u0131nda k\u0131r\u0131k te\u015fhisiyle kontrol alt\u0131na al\u0131nd\u0131. Soru\u015fturma devam ediyor.<\/p>\n","protected":false},"author":1,"featured_media":48968,"comment_status":"open","ping_status":"open","sticky":false,"template":"","format":"standard","meta":{"footnotes":""},"categories":[1],"tags":[],"class_list":["post-49289","post","type-post","status-publish","format-standard","has-post-thumbnail","hentry","category-gundem"],"yoast_head":"<!-- This site is optimized with the Yoast SEO plugin v27.5 - https:\/\/yoast.com\/product\/yoast-seo-wordpress\/ -->\n<title>Bostanc\u0131\u2019da garajdan geri geri \u00e7\u0131karken yayaya \u00e7arpt\u0131 -<\/title>\n<meta name=\"robots\" content=\"index, follow, max-snippet:-1, max-image-preview:large, max-video-preview:-1\" \/>\n<link rel=\"canonical\" href=\"https:\/\/kibrisdakik.com\/?p=49289\" \/>\n<meta property=\"og:locale\" content=\"tr_TR\" \/>\n<meta property=\"og:type\" content=\"article\" \/>\n<meta property=\"og:title\" content=\"Bostanc\u0131\u2019da garajdan geri geri \u00e7\u0131karken yayaya \u00e7arpt\u0131 -\" \/>\n<meta property=\"og:description\" content=\"Bostanc\u0131\u2019da Nesime Vural (K-76) NC 853 plakal\u0131 arabas\u0131 ile evinin garaj\u0131ndan geri geri \u00e7\u0131kmaya \u00e7al\u0131\u015f\u0131l\u0131rken bankette yaya olarak bulunan Muhterem Zaim\u2019e (K-75)\u00e7arpt\u0131. Polis a\u00e7\u0131klamas\u0131na g\u00f6re, d\u00fcn saat 18.00 s\u0131ralar\u0131nda Ba\u011fr\u0131kara Sokak\u2019ta ya\u015fanan kaza neticesinde yaralanan Zaim, Dr. Burhan Nalbanto\u011flu Devlet Hastanesi\u2019nde sa\u011f elinde ve sa\u011f kal\u00e7as\u0131nda k\u0131r\u0131k te\u015fhisiyle kontrol alt\u0131na al\u0131nd\u0131. Soru\u015fturma devam ediyor.\" \/>\n<meta property=\"og:url\" content=\"https:\/\/kibrisdakik.com\/?p=49289\" \/>\n<meta property=\"article:published_time\" content=\"2024-07-10T18:55:55+00:00\" \/>\n<meta property=\"og:image\" content=\"https:\/\/kibrisdakik.com\/wp-content\/uploads\/2024\/07\/polis-kktc38-740x420.jpg\" \/>\n\t<meta property=\"og:image:width\" content=\"880\" \/>\n\t<meta property=\"og:image:height\" content=\"440\" \/>\n\t<meta property=\"og:image:type\" content=\"image\/jpeg\" \/>\n<meta name=\"author\" content=\"admin\" \/>\n<meta name=\"twitter:card\" content=\"summary_large_image\" \/>\n<meta name=\"twitter:label1\" content=\"Yazan:\" \/>\n\t<meta name=\"twitter:data1\" content=\"admin\" \/>\n<script type=\"application\/ld+json\" class=\"yoast-schema-graph\">{\"@context\":\"https:\\\/\\\/schema.org\",\"@graph\":[{\"@type\":\"Article\",\"@id\":\"https:\\\/\\\/kibrisdakik.com\\\/?p=49289#article\",\"isPartOf\":{\"@id\":\"https:\\\/\\\/kibrisdakik.com\\\/?p=49289\"},\"author\":{\"name\":\"admin\",\"@id\":\"https:\\\/\\\/kibrisdakik.com\\\/#\\\/schema\\\/person\\\/9cd9d437bbb44f72b73ba127e06d8e79\"},\"headline\":\"Bostanc\u0131\u2019da garajdan geri geri \u00e7\u0131karken yayaya \u00e7arpt\u0131\",\"datePublished\":\"2024-07-10T18:55:55+00:00\",\"mainEntityOfPage\":{\"@id\":\"https:\\\/\\\/kibrisdakik.com\\\/?p=49289\"},\"wordCount\":86,\"commentCount\":0,\"image\":{\"@id\":\"https:\\\/\\\/kibrisdakik.com\\\/?p=49289#primaryimage\"},\"thumbnailUrl\":\"https:\\\/\\\/kibrisdakik.com\\\/wp-content\\\/uploads\\\/2024\\\/07\\\/polis-kktc38-740x420.jpg\",\"articleSection\":[\"G\u00fcndem\"],\"inLanguage\":\"tr\",\"potentialAction\":[{\"@type\":\"CommentAction\",\"name\":\"Comment\",\"target\":[\"https:\\\/\\\/kibrisdakik.com\\\/?p=49289#respond\"]}]},{\"@type\":\"WebPage\",\"@id\":\"https:\\\/\\\/kibrisdakik.com\\\/?p=49289\",\"url\":\"https:\\\/\\\/kibrisdakik.com\\\/?p=49289\",\"name\":\"Bostanc\u0131\u2019da garajdan geri geri \u00e7\u0131karken yayaya \u00e7arpt\u0131 -\",\"isPartOf\":{\"@id\":\"https:\\\/\\\/kibrisdakik.com\\\/#website\"},\"primaryImageOfPage\":{\"@id\":\"https:\\\/\\\/kibrisdakik.com\\\/?p=49289#primaryimage\"},\"image\":{\"@id\":\"https:\\\/\\\/kibrisdakik.com\\\/?p=49289#primaryimage\"},\"thumbnailUrl\":\"https:\\\/\\\/kibrisdakik.com\\\/wp-content\\\/uploads\\\/2024\\\/07\\\/polis-kktc38-740x420.jpg\",\"datePublished\":\"2024-07-10T18:55:55+00:00\",\"author\":{\"@id\":\"https:\\\/\\\/kibrisdakik.com\\\/#\\\/schema\\\/person\\\/9cd9d437bbb44f72b73ba127e06d8e79\"},\"breadcrumb\":{\"@id\":\"https:\\\/\\\/kibrisdakik.com\\\/?p=49289#breadcrumb\"},\"inLanguage\":\"tr\",\"potentialAction\":[{\"@type\":\"ReadAction\",\"target\":[\"https:\\\/\\\/kibrisdakik.com\\\/?p=49289\"]}]},{\"@type\":\"ImageObject\",\"inLanguage\":\"tr\",\"@id\":\"https:\\\/\\\/kibrisdakik.com\\\/?p=49289#primaryimage\",\"url\":\"https:\\\/\\\/kibrisdakik.com\\\/wp-content\\\/uploads\\\/2024\\\/07\\\/polis-kktc38-740x420.jpg\",\"contentUrl\":\"https:\\\/\\\/kibrisdakik.com\\\/wp-content\\\/uploads\\\/2024\\\/07\\\/polis-kktc38-740x420.jpg\",\"width\":880,\"height\":440},{\"@type\":\"BreadcrumbList\",\"@id\":\"https:\\\/\\\/kibrisdakik.com\\\/?p=49289#breadcrumb\",\"itemListElement\":[{\"@type\":\"ListItem\",\"position\":1,\"name\":\"Home\",\"item\":\"https:\\\/\\\/kibrisdakik.com\\\/\"},{\"@type\":\"ListItem\",\"position\":2,\"name\":\"Bostanc\u0131\u2019da garajdan geri geri \u00e7\u0131karken yayaya \u00e7arpt\u0131\"}]},{\"@type\":\"WebSite\",\"@id\":\"https:\\\/\\\/kibrisdakik.com\\\/#website\",\"url\":\"https:\\\/\\\/kibrisdakik.com\\\/\",\"name\":\"\",\"description\":\"Tam vaktinde haber\",\"potentialAction\":[{\"@type\":\"SearchAction\",\"target\":{\"@type\":\"EntryPoint\",\"urlTemplate\":\"https:\\\/\\\/kibrisdakik.com\\\/?s={search_term_string}\"},\"query-input\":{\"@type\":\"PropertyValueSpecification\",\"valueRequired\":true,\"valueName\":\"search_term_string\"}}],\"inLanguage\":\"tr\"},{\"@type\":\"Person\",\"@id\":\"https:\\\/\\\/kibrisdakik.com\\\/#\\\/schema\\\/person\\\/9cd9d437bbb44f72b73ba127e06d8e79\",\"name\":\"admin\",\"image\":{\"@type\":\"ImageObject\",\"inLanguage\":\"tr\",\"@id\":\"https:\\\/\\\/secure.gravatar.com\\\/avatar\\\/ccc17943b9d660506c869530f897617f7cb1c21a4bf30023f252596d83e1f007?s=96&d=mm&r=g\",\"url\":\"https:\\\/\\\/secure.gravatar.com\\\/avatar\\\/ccc17943b9d660506c869530f897617f7cb1c21a4bf30023f252596d83e1f007?s=96&d=mm&r=g\",\"contentUrl\":\"https:\\\/\\\/secure.gravatar.com\\\/avatar\\\/ccc17943b9d660506c869530f897617f7cb1c21a4bf30023f252596d83e1f007?s=96&d=mm&r=g\",\"caption\":\"admin\"},\"sameAs\":[\"https:\\\/\\\/kibrisdakik.com\"],\"url\":\"https:\\\/\\\/kibrisdakik.com\\\/?author=1\"}]}<\/script>\n<!-- \/ Yoast SEO plugin. -->","yoast_head_json":{"title":"Bostanc\u0131\u2019da garajdan geri geri \u00e7\u0131karken yayaya \u00e7arpt\u0131 -","robots":{"index":"index","follow":"follow","max-snippet":"max-snippet:-1","max-image-preview":"max-image-preview:large","max-video-preview":"max-video-preview:-1"},"canonical":"https:\/\/kibrisdakik.com\/?p=49289","og_locale":"tr_TR","og_type":"article","og_title":"Bostanc\u0131\u2019da garajdan geri geri \u00e7\u0131karken yayaya \u00e7arpt\u0131 -","og_description":"Bostanc\u0131\u2019da Nesime Vural (K-76) NC 853 plakal\u0131 arabas\u0131 ile evinin garaj\u0131ndan geri geri \u00e7\u0131kmaya \u00e7al\u0131\u015f\u0131l\u0131rken bankette yaya olarak bulunan Muhterem Zaim\u2019e (K-75)\u00e7arpt\u0131. Polis a\u00e7\u0131klamas\u0131na g\u00f6re, d\u00fcn saat 18.00 s\u0131ralar\u0131nda Ba\u011fr\u0131kara Sokak\u2019ta ya\u015fanan kaza neticesinde yaralanan Zaim, Dr. Burhan Nalbanto\u011flu Devlet Hastanesi\u2019nde sa\u011f elinde ve sa\u011f kal\u00e7as\u0131nda k\u0131r\u0131k te\u015fhisiyle kontrol alt\u0131na al\u0131nd\u0131. Soru\u015fturma devam ediyor.","og_url":"https:\/\/kibrisdakik.com\/?p=49289","article_published_time":"2024-07-10T18:55:55+00:00","og_image":[{"width":880,"height":440,"url":"https:\/\/kibrisdakik.com\/wp-content\/uploads\/2024\/07\/polis-kktc38-740x420.jpg","type":"image\/jpeg"}],"author":"admin","twitter_card":"summary_large_image","twitter_misc":{"Yazan:":"admin"},"schema":{"@context":"https:\/\/schema.org","@graph":[{"@type":"Article","@id":"https:\/\/kibrisdakik.com\/?p=49289#article","isPartOf":{"@id":"https:\/\/kibrisdakik.com\/?p=49289"},"author":{"name":"admin","@id":"https:\/\/kibrisdakik.com\/#\/schema\/person\/9cd9d437bbb44f72b73ba127e06d8e79"},"headline":"Bostanc\u0131\u2019da garajdan geri geri \u00e7\u0131karken yayaya \u00e7arpt\u0131","datePublished":"2024-07-10T18:55:55+00:00","mainEntityOfPage":{"@id":"https:\/\/kibrisdakik.com\/?p=49289"},"wordCount":86,"commentCount":0,"image":{"@id":"https:\/\/kibrisdakik.com\/?p=49289#primaryimage"},"thumbnailUrl":"https:\/\/kibrisdakik.com\/wp-content\/uploads\/2024\/07\/polis-kktc38-740x420.jpg","articleSection":["G\u00fcndem"],"inLanguage":"tr","potentialAction":[{"@type":"CommentAction","name":"Comment","target":["https:\/\/kibrisdakik.com\/?p=49289#respond"]}]},{"@type":"WebPage","@id":"https:\/\/kibrisdakik.com\/?p=49289","url":"https:\/\/kibrisdakik.com\/?p=49289","name":"Bostanc\u0131\u2019da garajdan geri geri \u00e7\u0131karken yayaya \u00e7arpt\u0131 -","isPartOf":{"@id":"https:\/\/kibrisdakik.com\/#website"},"primaryImageOfPage":{"@id":"https:\/\/kibrisdakik.com\/?p=49289#primaryimage"},"image":{"@id":"https:\/\/kibrisdakik.com\/?p=49289#primaryimage"},"thumbnailUrl":"https:\/\/kibrisdakik.com\/wp-content\/uploads\/2024\/07\/polis-kktc38-740x420.jpg","datePublished":"2024-07-10T18:55:55+00:00","author":{"@id":"https:\/\/kibrisdakik.com\/#\/schema\/person\/9cd9d437bbb44f72b73ba127e06d8e79"},"breadcrumb":{"@id":"https:\/\/kibrisdakik.com\/?p=49289#breadcrumb"},"inLanguage":"tr","potentialAction":[{"@type":"ReadAction","target":["https:\/\/kibrisdakik.com\/?p=49289"]}]},{"@type":"ImageObject","inLanguage":"tr","@id":"https:\/\/kibrisdakik.com\/?p=49289#primaryimage","url":"https:\/\/kibrisdakik.com\/wp-content\/uploads\/2024\/07\/polis-kktc38-740x420.jpg","contentUrl":"https:\/\/kibrisdakik.com\/wp-content\/uploads\/2024\/07\/polis-kktc38-740x420.jpg","width":880,"height":440},{"@type":"BreadcrumbList","@id":"https:\/\/kibrisdakik.com\/?p=49289#breadcrumb","itemListElement":[{"@type":"ListItem","position":1,"name":"Home","item":"https:\/\/kibrisdakik.com\/"},{"@type":"ListItem","position":2,"name":"Bostanc\u0131\u2019da garajdan geri geri \u00e7\u0131karken yayaya \u00e7arpt\u0131"}]},{"@type":"WebSite","@id":"https:\/\/kibrisdakik.com\/#website","url":"https:\/\/kibrisdakik.com\/","name":"","description":"Tam vaktinde haber","potentialAction":[{"@type":"SearchAction","target":{"@type":"EntryPoint","urlTemplate":"https:\/\/kibrisdakik.com\/?s={search_term_string}"},"query-input":{"@type":"PropertyValueSpecification","valueRequired":true,"valueName":"search_term_string"}}],"inLanguage":"tr"},{"@type":"Person","@id":"https:\/\/kibrisdakik.com\/#\/schema\/person\/9cd9d437bbb44f72b73ba127e06d8e79","name":"admin","image":{"@type":"ImageObject","inLanguage":"tr","@id":"https:\/\/secure.gravatar.com\/avatar\/ccc17943b9d660506c869530f897617f7cb1c21a4bf30023f252596d83e1f007?s=96&d=mm&r=g","url":"https:\/\/secure.gravatar.com\/avatar\/ccc17943b9d660506c869530f897617f7cb1c21a4bf30023f252596d83e1f007?s=96&d=mm&r=g","contentUrl":"https:\/\/secure.gravatar.com\/avatar\/ccc17943b9d660506c869530f897617f7cb1c21a4bf30023f252596d83e1f007?s=96&d=mm&r=g","caption":"admin"},"sameAs":["https:\/\/kibrisdakik.com"],"url":"https:\/\/kibrisdakik.com\/?author=1"}]}},"_links":{"self":[{"href":"https:\/\/kibrisdakik.com\/index.php?rest_route=\/wp\/v2\/posts\/49289","targetHints":{"allow":["GET"]}}],"collection":[{"href":"https:\/\/kibrisdakik.com\/index.php?rest_route=\/wp\/v2\/posts"}],"about":[{"href":"https:\/\/kibrisdakik.com\/index.php?rest_route=\/wp\/v2\/types\/post"}],"author":[{"embeddable":true,"href":"https:\/\/kibrisdakik.com\/index.php?rest_route=\/wp\/v2\/users\/1"}],"replies":[{"embeddable":true,"href":"https:\/\/kibrisdakik.com\/index.php?rest_route=%2Fwp%2Fv2%2Fcomments&post=49289"}],"version-history":[{"count":0,"href":"https:\/\/kibrisdakik.com\/index.php?rest_route=\/wp\/v2\/posts\/49289\/revisions"}],"wp:featuredmedia":[{"embeddable":true,"href":"https:\/\/kibrisdakik.com\/index.php?rest_route=\/wp\/v2\/media\/48968"}],"wp:attachment":[{"href":"https:\/\/kibrisdakik.com\/index.php?rest_route=%2Fwp%2Fv2%2Fmedia&parent=49289"}],"wp:term":[{"taxonomy":"category","embeddable":true,"href":"https:\/\/kibrisdakik.com\/index.php?rest_route=%2Fwp%2Fv2%2Fcategories&post=49289"},{"taxonomy":"post_tag","embeddable":true,"href":"https:\/\/kibrisdakik.com\/index.php?rest_route=%2Fwp%2Fv2%2Ftags&post=49289"}],"curies":[{"name":"wp","href":"https:\/\/api.w.org\/{rel}","templated":true}]}}