{"id":49292,"date":"2024-07-10T19:00:42","date_gmt":"2024-07-10T19:00:42","guid":{"rendered":"https:\/\/kibrisdakik.com\/index.php\/2024\/07\/10\/ktgb-11-temmuz-mesajinda-vurguladi-basin-ozgurlugu-toplumun-da-ozgurlugudur-2\/"},"modified":"2024-07-10T19:00:42","modified_gmt":"2024-07-10T19:00:42","slug":"ktgb-11-temmuz-mesajinda-vurguladi-basin-ozgurlugu-toplumun-da-ozgurlugudur-2","status":"publish","type":"post","link":"https:\/\/kibrisdakik.com\/?p=49292","title":{"rendered":"KTGB 11 Temmuz mesaj\u0131nda vurgulad\u0131: \u201cBas\u0131n \u00f6zg\u00fcrl\u00fc\u011f\u00fc toplumun da \u00f6zg\u00fcrl\u00fc\u011f\u00fcd\u00fcr.\u201d"},"content":{"rendered":"<p><\/p>\n<div>\n<p style=\"font-weight: 300;\"><span style=\"font-weight: 300 !important;\"><\/p>\n<div class=\"mariselle-image-container none\">\n                <img loading=\"lazy\" decoding=\"async\" width=\"2560\" height=\"2560\" class=\"lazy-image\" alt=\"\" sizes=\"auto, (max-width: 2560px) 100vw, 2560px\" src=\"https:\/\/brtk.net\/wp-content\/uploads\/2024\/07\/10\/ktgb-logo-scaled.jpg?ver=e1ad3762a57e847df4f547c48df5b7a9\" srcset=\"https:\/\/brtk.net\/wp-content\/uploads\/2024\/07\/10\/ktgb-logo-scaled.jpg?ver=e1ad3762a57e847df4f547c48df5b7a9 2560w, https:\/\/brtk.net\/wp-content\/uploads\/2024\/07\/10\/ktgb-logo-300x300.jpg?ver=5ef00982dbf7cf4ce9510baff66cdc2c 300w, https:\/\/brtk.net\/wp-content\/uploads\/2024\/07\/10\/ktgb-logo-1024x1024.jpg?ver=9191ab0ce76e3f7db061bef572e7685f 1024w, https:\/\/brtk.net\/wp-content\/uploads\/2024\/07\/10\/ktgb-logo-150x150.jpg?ver=9191ab0ce76e3f7db061bef572e7685f 150w, https:\/\/brtk.net\/wp-content\/uploads\/2024\/07\/10\/ktgb-logo-768x768.jpg?ver=ea5d7e50d8cff768b79c7d2cfcaf2630 768w, https:\/\/brtk.net\/wp-content\/uploads\/2024\/07\/10\/ktgb-logo-1536x1536.jpg?ver=c975634a69fc7e7ead74d93cf53af964 1536w, https:\/\/brtk.net\/wp-content\/uploads\/2024\/07\/10\/ktgb-logo-2048x2048.jpg?ver=c7bd78c42fbb11e7cdd15ad11994829d 2048w, https:\/\/brtk.net\/wp-content\/uploads\/2024\/07\/10\/ktgb-logo-800x800.jpg?ver=41ef4ad30b7d03986fb5f77de0eb1ef3 800w\"\/>                            <\/div>\n<p><\/span><\/p>\n<p style=\"font-weight: 300;\"><span style=\"font-weight: 300 !important;\">K\u0131br\u0131s T\u00fcrk Gazeteciler Birli\u011fi (KTGB), bas\u0131n \u00f6zg\u00fcrl\u00fc\u011f\u00fcn\u00fcn toplumun da \u00f6zg\u00fcrl\u00fc\u011f\u00fc oldu\u011funu vurgulayarak, bunu k\u0131s\u0131tlamak i\u00e7in at\u0131lacak her ad\u0131m\u0131n kar\u015f\u0131nda duraca\u011f\u0131n\u0131 belirtti.<\/span><\/p>\n<p style=\"font-weight: 300;\"><span style=\"font-weight: 300 !important;\">K\u0131br\u0131s\u2019ta 135 y\u0131l \u00f6nce bir K\u0131br\u0131sl\u0131 T\u00fcrk taraf\u0131ndan \u00e7\u0131kar\u0131lan ilk gazete olan Saded\u2019in an\u0131s\u0131na kutlanan 11 Temmuz Bas\u0131n G\u00fcn\u00fc nedeniyle mesaj yay\u0131mlayan\u00a0 Gazeteciler Birli\u011fi, bu d\u00f6nemde kirlili\u011fin ve yozla\u015fman\u0131n \u00e7ok fazla hissedildi\u011fini, etik, ilerici, ayd\u0131nl\u0131k gazetecili\u011fin \u00f6neminin de bir kez g\u00f6r\u00fcld\u00fc\u011f\u00fcn\u00fc kaydetti.<\/span><\/p>\n<p style=\"font-weight: 300;\"><span style=\"font-weight: 300 !important;\">Bas\u0131n\u0131n siyasi otorite ve di\u011fer g\u00fc\u00e7 odaklar\u0131n\u0131n hesap verebilirli\u011fini art\u0131rmada, halk\u0131 bilgilendirmede, bilin\u00e7lendirmede ve kamuoyu olu\u015fturmada hayati rol oynad\u0131\u011f\u0131na i\u015faret edilen mesajda, bas\u0131n\u0131n\u0131n d\u00f6rd\u00fcnc\u00fc g\u00fc\u00e7 olarak denetim g\u00f6revini lay\u0131k\u0131yla yapabilmesi i\u00e7in herkesin \u00fczerine d\u00fc\u015fen sorumlulu\u011fu yerine getirmesi temenni edildi.<\/span><\/p>\n<p style=\"font-weight: 300;\"><span style=\"font-weight: 300 !important;\">\u201cK\u0131br\u0131s T\u00fcrk Gazeteciler Birli\u011fi olarak demokrasinin vazge\u00e7ilmezi ve bilgiye eri\u015fimin en \u00f6nemli arac\u0131 olan bas\u0131n \u00f6zg\u00fcrl\u00fc\u011f\u00fc i\u00e7in m\u00fccadele etmeye; bas\u0131n \u00f6zg\u00fcrl\u00fc\u011f\u00fcn\u00fc k\u0131s\u0131tlamaya y\u00f6nelik at\u0131lacak ad\u0131mlara da her daim kar\u015f\u0131 durmaya devam edece\u011fiz\u201d denilen mesajda, t\u00fcm gazeteciler yar\u0131n ak\u015fam saat 20.00\u2019de The Paradise Park\u2019ta ger\u00e7ekle\u015ftirilecek 11 Temmuz resepsiyonuna ve \u00f6d\u00fcl t\u00f6renine davet edildi.<\/span><\/p>\n<\/p><\/div>\n<p><script async\n                    defer\n                    crossorigin=\"anonymous\"\n                    src=\"https:\/\/connect.facebook.net\/tr_TR\/sdk.js#xfbml=1&#038;version=v3.3\"\n            ><\/script><\/p>\n","protected":false},"excerpt":{"rendered":"<p>K\u0131br\u0131s T\u00fcrk Gazeteciler Birli\u011fi (KTGB), bas\u0131n \u00f6zg\u00fcrl\u00fc\u011f\u00fcn\u00fcn toplumun da \u00f6zg\u00fcrl\u00fc\u011f\u00fc oldu\u011funu vurgulayarak, bunu k\u0131s\u0131tlamak i\u00e7in at\u0131lacak her ad\u0131m\u0131n kar\u015f\u0131nda duraca\u011f\u0131n\u0131 belirtti. K\u0131br\u0131s\u2019ta 135 y\u0131l \u00f6nce bir K\u0131br\u0131sl\u0131 T\u00fcrk taraf\u0131ndan \u00e7\u0131kar\u0131lan ilk gazete olan Saded\u2019in an\u0131s\u0131na kutlanan 11 Temmuz Bas\u0131n G\u00fcn\u00fc nedeniyle mesaj yay\u0131mlayan\u00a0 Gazeteciler Birli\u011fi, bu d\u00f6nemde kirlili\u011fin ve yozla\u015fman\u0131n \u00e7ok fazla hissedildi\u011fini, etik, ilerici,<\/p>\n","protected":false},"author":1,"featured_media":49293,"comment_status":"open","ping_status":"open","sticky":false,"template":"","format":"standard","meta":{"footnotes":""},"categories":[1],"tags":[],"class_list":["post-49292","post","type-post","status-publish","format-standard","has-post-thumbnail","hentry","category-gundem"],"yoast_head":"<!-- This site is optimized with the Yoast SEO plugin v27.5 - https:\/\/yoast.com\/product\/yoast-seo-wordpress\/ -->\n<title>KTGB 11 Temmuz mesaj\u0131nda vurgulad\u0131: \u201cBas\u0131n \u00f6zg\u00fcrl\u00fc\u011f\u00fc toplumun da \u00f6zg\u00fcrl\u00fc\u011f\u00fcd\u00fcr.\u201d -<\/title>\n<meta name=\"robots\" content=\"index, follow, max-snippet:-1, max-image-preview:large, max-video-preview:-1\" \/>\n<link rel=\"canonical\" href=\"https:\/\/kibrisdakik.com\/?p=49292\" \/>\n<meta property=\"og:locale\" content=\"tr_TR\" \/>\n<meta property=\"og:type\" content=\"article\" \/>\n<meta property=\"og:title\" content=\"KTGB 11 Temmuz mesaj\u0131nda vurgulad\u0131: \u201cBas\u0131n \u00f6zg\u00fcrl\u00fc\u011f\u00fc toplumun da \u00f6zg\u00fcrl\u00fc\u011f\u00fcd\u00fcr.\u201d -\" \/>\n<meta property=\"og:description\" content=\"K\u0131br\u0131s T\u00fcrk Gazeteciler Birli\u011fi (KTGB), bas\u0131n \u00f6zg\u00fcrl\u00fc\u011f\u00fcn\u00fcn toplumun da \u00f6zg\u00fcrl\u00fc\u011f\u00fc oldu\u011funu vurgulayarak, bunu k\u0131s\u0131tlamak i\u00e7in at\u0131lacak her ad\u0131m\u0131n kar\u015f\u0131nda duraca\u011f\u0131n\u0131 belirtti. K\u0131br\u0131s\u2019ta 135 y\u0131l \u00f6nce bir K\u0131br\u0131sl\u0131 T\u00fcrk taraf\u0131ndan \u00e7\u0131kar\u0131lan ilk gazete olan Saded\u2019in an\u0131s\u0131na kutlanan 11 Temmuz Bas\u0131n G\u00fcn\u00fc nedeniyle mesaj yay\u0131mlayan\u00a0 Gazeteciler Birli\u011fi, bu d\u00f6nemde kirlili\u011fin ve yozla\u015fman\u0131n \u00e7ok fazla hissedildi\u011fini, etik, ilerici,\" \/>\n<meta property=\"og:url\" content=\"https:\/\/kibrisdakik.com\/?p=49292\" \/>\n<meta property=\"article:published_time\" content=\"2024-07-10T19:00:42+00:00\" \/>\n<meta property=\"og:image\" content=\"https:\/\/kibrisdakik.com\/wp-content\/uploads\/2024\/07\/ktgb-logo-scaled-740x420.jpg\" \/>\n\t<meta property=\"og:image:width\" content=\"2560\" \/>\n\t<meta property=\"og:image:height\" content=\"2560\" \/>\n\t<meta property=\"og:image:type\" content=\"image\/jpeg\" \/>\n<meta name=\"author\" content=\"admin\" \/>\n<meta name=\"twitter:card\" content=\"summary_large_image\" \/>\n<meta name=\"twitter:label1\" content=\"Yazan:\" \/>\n\t<meta name=\"twitter:data1\" content=\"admin\" \/>\n\t<meta name=\"twitter:label2\" content=\"Tahmini okuma s\u00fcresi\" \/>\n\t<meta name=\"twitter:data2\" content=\"1 dakika\" \/>\n<script type=\"application\/ld+json\" class=\"yoast-schema-graph\">{\"@context\":\"https:\\\/\\\/schema.org\",\"@graph\":[{\"@type\":\"Article\",\"@id\":\"https:\\\/\\\/kibrisdakik.com\\\/?p=49292#article\",\"isPartOf\":{\"@id\":\"https:\\\/\\\/kibrisdakik.com\\\/?p=49292\"},\"author\":{\"name\":\"admin\",\"@id\":\"https:\\\/\\\/kibrisdakik.com\\\/#\\\/schema\\\/person\\\/9cd9d437bbb44f72b73ba127e06d8e79\"},\"headline\":\"KTGB 11 Temmuz mesaj\u0131nda vurgulad\u0131: \u201cBas\u0131n \u00f6zg\u00fcrl\u00fc\u011f\u00fc toplumun da \u00f6zg\u00fcrl\u00fc\u011f\u00fcd\u00fcr.\u201d\",\"datePublished\":\"2024-07-10T19:00:42+00:00\",\"mainEntityOfPage\":{\"@id\":\"https:\\\/\\\/kibrisdakik.com\\\/?p=49292\"},\"wordCount\":260,\"commentCount\":0,\"image\":{\"@id\":\"https:\\\/\\\/kibrisdakik.com\\\/?p=49292#primaryimage\"},\"thumbnailUrl\":\"https:\\\/\\\/kibrisdakik.com\\\/wp-content\\\/uploads\\\/2024\\\/07\\\/ktgb-logo-scaled-740x420.jpg\",\"articleSection\":[\"G\u00fcndem\"],\"inLanguage\":\"tr\",\"potentialAction\":[{\"@type\":\"CommentAction\",\"name\":\"Comment\",\"target\":[\"https:\\\/\\\/kibrisdakik.com\\\/?p=49292#respond\"]}]},{\"@type\":\"WebPage\",\"@id\":\"https:\\\/\\\/kibrisdakik.com\\\/?p=49292\",\"url\":\"https:\\\/\\\/kibrisdakik.com\\\/?p=49292\",\"name\":\"KTGB 11 Temmuz mesaj\u0131nda vurgulad\u0131: \u201cBas\u0131n \u00f6zg\u00fcrl\u00fc\u011f\u00fc toplumun da \u00f6zg\u00fcrl\u00fc\u011f\u00fcd\u00fcr.\u201d -\",\"isPartOf\":{\"@id\":\"https:\\\/\\\/kibrisdakik.com\\\/#website\"},\"primaryImageOfPage\":{\"@id\":\"https:\\\/\\\/kibrisdakik.com\\\/?p=49292#primaryimage\"},\"image\":{\"@id\":\"https:\\\/\\\/kibrisdakik.com\\\/?p=49292#primaryimage\"},\"thumbnailUrl\":\"https:\\\/\\\/kibrisdakik.com\\\/wp-content\\\/uploads\\\/2024\\\/07\\\/ktgb-logo-scaled-740x420.jpg\",\"datePublished\":\"2024-07-10T19:00:42+00:00\",\"author\":{\"@id\":\"https:\\\/\\\/kibrisdakik.com\\\/#\\\/schema\\\/person\\\/9cd9d437bbb44f72b73ba127e06d8e79\"},\"breadcrumb\":{\"@id\":\"https:\\\/\\\/kibrisdakik.com\\\/?p=49292#breadcrumb\"},\"inLanguage\":\"tr\",\"potentialAction\":[{\"@type\":\"ReadAction\",\"target\":[\"https:\\\/\\\/kibrisdakik.com\\\/?p=49292\"]}]},{\"@type\":\"ImageObject\",\"inLanguage\":\"tr\",\"@id\":\"https:\\\/\\\/kibrisdakik.com\\\/?p=49292#primaryimage\",\"url\":\"https:\\\/\\\/kibrisdakik.com\\\/wp-content\\\/uploads\\\/2024\\\/07\\\/ktgb-logo-scaled-740x420.jpg\",\"contentUrl\":\"https:\\\/\\\/kibrisdakik.com\\\/wp-content\\\/uploads\\\/2024\\\/07\\\/ktgb-logo-scaled-740x420.jpg\",\"width\":2560,\"height\":2560},{\"@type\":\"BreadcrumbList\",\"@id\":\"https:\\\/\\\/kibrisdakik.com\\\/?p=49292#breadcrumb\",\"itemListElement\":[{\"@type\":\"ListItem\",\"position\":1,\"name\":\"Home\",\"item\":\"https:\\\/\\\/kibrisdakik.com\\\/\"},{\"@type\":\"ListItem\",\"position\":2,\"name\":\"KTGB 11 Temmuz mesaj\u0131nda vurgulad\u0131: \u201cBas\u0131n \u00f6zg\u00fcrl\u00fc\u011f\u00fc toplumun da \u00f6zg\u00fcrl\u00fc\u011f\u00fcd\u00fcr.\u201d\"}]},{\"@type\":\"WebSite\",\"@id\":\"https:\\\/\\\/kibrisdakik.com\\\/#website\",\"url\":\"https:\\\/\\\/kibrisdakik.com\\\/\",\"name\":\"\",\"description\":\"Tam vaktinde haber\",\"potentialAction\":[{\"@type\":\"SearchAction\",\"target\":{\"@type\":\"EntryPoint\",\"urlTemplate\":\"https:\\\/\\\/kibrisdakik.com\\\/?s={search_term_string}\"},\"query-input\":{\"@type\":\"PropertyValueSpecification\",\"valueRequired\":true,\"valueName\":\"search_term_string\"}}],\"inLanguage\":\"tr\"},{\"@type\":\"Person\",\"@id\":\"https:\\\/\\\/kibrisdakik.com\\\/#\\\/schema\\\/person\\\/9cd9d437bbb44f72b73ba127e06d8e79\",\"name\":\"admin\",\"image\":{\"@type\":\"ImageObject\",\"inLanguage\":\"tr\",\"@id\":\"https:\\\/\\\/secure.gravatar.com\\\/avatar\\\/ccc17943b9d660506c869530f897617f7cb1c21a4bf30023f252596d83e1f007?s=96&d=mm&r=g\",\"url\":\"https:\\\/\\\/secure.gravatar.com\\\/avatar\\\/ccc17943b9d660506c869530f897617f7cb1c21a4bf30023f252596d83e1f007?s=96&d=mm&r=g\",\"contentUrl\":\"https:\\\/\\\/secure.gravatar.com\\\/avatar\\\/ccc17943b9d660506c869530f897617f7cb1c21a4bf30023f252596d83e1f007?s=96&d=mm&r=g\",\"caption\":\"admin\"},\"sameAs\":[\"https:\\\/\\\/kibrisdakik.com\"],\"url\":\"https:\\\/\\\/kibrisdakik.com\\\/?author=1\"}]}<\/script>\n<!-- \/ Yoast SEO plugin. -->","yoast_head_json":{"title":"KTGB 11 Temmuz mesaj\u0131nda vurgulad\u0131: \u201cBas\u0131n \u00f6zg\u00fcrl\u00fc\u011f\u00fc toplumun da \u00f6zg\u00fcrl\u00fc\u011f\u00fcd\u00fcr.\u201d -","robots":{"index":"index","follow":"follow","max-snippet":"max-snippet:-1","max-image-preview":"max-image-preview:large","max-video-preview":"max-video-preview:-1"},"canonical":"https:\/\/kibrisdakik.com\/?p=49292","og_locale":"tr_TR","og_type":"article","og_title":"KTGB 11 Temmuz mesaj\u0131nda vurgulad\u0131: \u201cBas\u0131n \u00f6zg\u00fcrl\u00fc\u011f\u00fc toplumun da \u00f6zg\u00fcrl\u00fc\u011f\u00fcd\u00fcr.\u201d -","og_description":"K\u0131br\u0131s T\u00fcrk Gazeteciler Birli\u011fi (KTGB), bas\u0131n \u00f6zg\u00fcrl\u00fc\u011f\u00fcn\u00fcn toplumun da \u00f6zg\u00fcrl\u00fc\u011f\u00fc oldu\u011funu vurgulayarak, bunu k\u0131s\u0131tlamak i\u00e7in at\u0131lacak her ad\u0131m\u0131n kar\u015f\u0131nda duraca\u011f\u0131n\u0131 belirtti. K\u0131br\u0131s\u2019ta 135 y\u0131l \u00f6nce bir K\u0131br\u0131sl\u0131 T\u00fcrk taraf\u0131ndan \u00e7\u0131kar\u0131lan ilk gazete olan Saded\u2019in an\u0131s\u0131na kutlanan 11 Temmuz Bas\u0131n G\u00fcn\u00fc nedeniyle mesaj yay\u0131mlayan\u00a0 Gazeteciler Birli\u011fi, bu d\u00f6nemde kirlili\u011fin ve yozla\u015fman\u0131n \u00e7ok fazla hissedildi\u011fini, etik, ilerici,","og_url":"https:\/\/kibrisdakik.com\/?p=49292","article_published_time":"2024-07-10T19:00:42+00:00","og_image":[{"width":2560,"height":2560,"url":"https:\/\/kibrisdakik.com\/wp-content\/uploads\/2024\/07\/ktgb-logo-scaled-740x420.jpg","type":"image\/jpeg"}],"author":"admin","twitter_card":"summary_large_image","twitter_misc":{"Yazan:":"admin","Tahmini okuma s\u00fcresi":"1 dakika"},"schema":{"@context":"https:\/\/schema.org","@graph":[{"@type":"Article","@id":"https:\/\/kibrisdakik.com\/?p=49292#article","isPartOf":{"@id":"https:\/\/kibrisdakik.com\/?p=49292"},"author":{"name":"admin","@id":"https:\/\/kibrisdakik.com\/#\/schema\/person\/9cd9d437bbb44f72b73ba127e06d8e79"},"headline":"KTGB 11 Temmuz mesaj\u0131nda vurgulad\u0131: \u201cBas\u0131n \u00f6zg\u00fcrl\u00fc\u011f\u00fc toplumun da \u00f6zg\u00fcrl\u00fc\u011f\u00fcd\u00fcr.\u201d","datePublished":"2024-07-10T19:00:42+00:00","mainEntityOfPage":{"@id":"https:\/\/kibrisdakik.com\/?p=49292"},"wordCount":260,"commentCount":0,"image":{"@id":"https:\/\/kibrisdakik.com\/?p=49292#primaryimage"},"thumbnailUrl":"https:\/\/kibrisdakik.com\/wp-content\/uploads\/2024\/07\/ktgb-logo-scaled-740x420.jpg","articleSection":["G\u00fcndem"],"inLanguage":"tr","potentialAction":[{"@type":"CommentAction","name":"Comment","target":["https:\/\/kibrisdakik.com\/?p=49292#respond"]}]},{"@type":"WebPage","@id":"https:\/\/kibrisdakik.com\/?p=49292","url":"https:\/\/kibrisdakik.com\/?p=49292","name":"KTGB 11 Temmuz mesaj\u0131nda vurgulad\u0131: \u201cBas\u0131n \u00f6zg\u00fcrl\u00fc\u011f\u00fc toplumun da \u00f6zg\u00fcrl\u00fc\u011f\u00fcd\u00fcr.\u201d -","isPartOf":{"@id":"https:\/\/kibrisdakik.com\/#website"},"primaryImageOfPage":{"@id":"https:\/\/kibrisdakik.com\/?p=49292#primaryimage"},"image":{"@id":"https:\/\/kibrisdakik.com\/?p=49292#primaryimage"},"thumbnailUrl":"https:\/\/kibrisdakik.com\/wp-content\/uploads\/2024\/07\/ktgb-logo-scaled-740x420.jpg","datePublished":"2024-07-10T19:00:42+00:00","author":{"@id":"https:\/\/kibrisdakik.com\/#\/schema\/person\/9cd9d437bbb44f72b73ba127e06d8e79"},"breadcrumb":{"@id":"https:\/\/kibrisdakik.com\/?p=49292#breadcrumb"},"inLanguage":"tr","potentialAction":[{"@type":"ReadAction","target":["https:\/\/kibrisdakik.com\/?p=49292"]}]},{"@type":"ImageObject","inLanguage":"tr","@id":"https:\/\/kibrisdakik.com\/?p=49292#primaryimage","url":"https:\/\/kibrisdakik.com\/wp-content\/uploads\/2024\/07\/ktgb-logo-scaled-740x420.jpg","contentUrl":"https:\/\/kibrisdakik.com\/wp-content\/uploads\/2024\/07\/ktgb-logo-scaled-740x420.jpg","width":2560,"height":2560},{"@type":"BreadcrumbList","@id":"https:\/\/kibrisdakik.com\/?p=49292#breadcrumb","itemListElement":[{"@type":"ListItem","position":1,"name":"Home","item":"https:\/\/kibrisdakik.com\/"},{"@type":"ListItem","position":2,"name":"KTGB 11 Temmuz mesaj\u0131nda vurgulad\u0131: \u201cBas\u0131n \u00f6zg\u00fcrl\u00fc\u011f\u00fc toplumun da \u00f6zg\u00fcrl\u00fc\u011f\u00fcd\u00fcr.\u201d"}]},{"@type":"WebSite","@id":"https:\/\/kibrisdakik.com\/#website","url":"https:\/\/kibrisdakik.com\/","name":"","description":"Tam vaktinde haber","potentialAction":[{"@type":"SearchAction","target":{"@type":"EntryPoint","urlTemplate":"https:\/\/kibrisdakik.com\/?s={search_term_string}"},"query-input":{"@type":"PropertyValueSpecification","valueRequired":true,"valueName":"search_term_string"}}],"inLanguage":"tr"},{"@type":"Person","@id":"https:\/\/kibrisdakik.com\/#\/schema\/person\/9cd9d437bbb44f72b73ba127e06d8e79","name":"admin","image":{"@type":"ImageObject","inLanguage":"tr","@id":"https:\/\/secure.gravatar.com\/avatar\/ccc17943b9d660506c869530f897617f7cb1c21a4bf30023f252596d83e1f007?s=96&d=mm&r=g","url":"https:\/\/secure.gravatar.com\/avatar\/ccc17943b9d660506c869530f897617f7cb1c21a4bf30023f252596d83e1f007?s=96&d=mm&r=g","contentUrl":"https:\/\/secure.gravatar.com\/avatar\/ccc17943b9d660506c869530f897617f7cb1c21a4bf30023f252596d83e1f007?s=96&d=mm&r=g","caption":"admin"},"sameAs":["https:\/\/kibrisdakik.com"],"url":"https:\/\/kibrisdakik.com\/?author=1"}]}},"_links":{"self":[{"href":"https:\/\/kibrisdakik.com\/index.php?rest_route=\/wp\/v2\/posts\/49292","targetHints":{"allow":["GET"]}}],"collection":[{"href":"https:\/\/kibrisdakik.com\/index.php?rest_route=\/wp\/v2\/posts"}],"about":[{"href":"https:\/\/kibrisdakik.com\/index.php?rest_route=\/wp\/v2\/types\/post"}],"author":[{"embeddable":true,"href":"https:\/\/kibrisdakik.com\/index.php?rest_route=\/wp\/v2\/users\/1"}],"replies":[{"embeddable":true,"href":"https:\/\/kibrisdakik.com\/index.php?rest_route=%2Fwp%2Fv2%2Fcomments&post=49292"}],"version-history":[{"count":0,"href":"https:\/\/kibrisdakik.com\/index.php?rest_route=\/wp\/v2\/posts\/49292\/revisions"}],"wp:featuredmedia":[{"embeddable":true,"href":"https:\/\/kibrisdakik.com\/index.php?rest_route=\/wp\/v2\/media\/49293"}],"wp:attachment":[{"href":"https:\/\/kibrisdakik.com\/index.php?rest_route=%2Fwp%2Fv2%2Fmedia&parent=49292"}],"wp:term":[{"taxonomy":"category","embeddable":true,"href":"https:\/\/kibrisdakik.com\/index.php?rest_route=%2Fwp%2Fv2%2Fcategories&post=49292"},{"taxonomy":"post_tag","embeddable":true,"href":"https:\/\/kibrisdakik.com\/index.php?rest_route=%2Fwp%2Fv2%2Ftags&post=49292"}],"curies":[{"name":"wp","href":"https:\/\/api.w.org\/{rel}","templated":true}]}}