{"id":49325,"date":"2024-07-11T00:06:17","date_gmt":"2024-07-11T00:06:17","guid":{"rendered":"https:\/\/kibrisdakik.com\/index.php\/2024\/07\/11\/hasipoglu-brtde-gundemi-degerlendirdi-bmnin-yetki-sinirlari-ara-bolgede-marasta-yetkisi-yok\/"},"modified":"2024-07-11T00:06:17","modified_gmt":"2024-07-11T00:06:17","slug":"hasipoglu-brtde-gundemi-degerlendirdi-bmnin-yetki-sinirlari-ara-bolgede-marasta-yetkisi-yok","status":"publish","type":"post","link":"https:\/\/kibrisdakik.com\/?p=49325","title":{"rendered":"Hasipo\u011flu, BRT\u2019de g\u00fcndemi de\u011ferlendirdi: \u201cBM\u2019nin yetki s\u0131n\u0131rlar\u0131 ara b\u00f6lgede, Mara\u015f\u2019ta yetkisi yok\u201d"},"content":{"rendered":"<p><\/p>\n<div>\n<div class=\"mariselle-image-container center\">\n                <img loading=\"lazy\" decoding=\"async\" width=\"646\" height=\"317\" class=\"lazy-image\" alt=\"\" sizes=\"auto, (max-width: 646px) 100vw, 646px\" src=\"https:\/\/brtk.net\/wp-content\/uploads\/2024\/07\/10\/ASLKDSASLKDA.jpg?ver=8c851f263dca6299403eac3fab05f3c1\" srcset=\"https:\/\/brtk.net\/wp-content\/uploads\/2024\/07\/10\/ASLKDSASLKDA.jpg?ver=8c851f263dca6299403eac3fab05f3c1 646w, https:\/\/brtk.net\/wp-content\/uploads\/2024\/07\/10\/ASLKDSASLKDA-300x147.jpg?ver=8c851f263dca6299403eac3fab05f3c1 300w\"\/>                            <\/div>\n<p>Ulusal Birlik Partisi Genel Sekreteri O\u011fuzhan Hasipo\u011flu, <a href=\"https:\/\/brtk.net\/\">BRT<\/a>\u2019de yay\u0131nlanan \u2018Man\u015fet+\u2019  program\u0131na konuk oldu, \u00fclke g\u00fcndemiyle ilgili a\u00e7\u0131klamalarda bulundu. <\/p>\n<p>Ulusal Birlik Partisi Genel Sekreteri Hasipo\u011flu, Birle\u015fmi\u015f Milletler Genel Sekreteri\u2019nin Ki\u015fisel Temsilcisi Maria Holguin\u2019in K\u0131br\u0131s\u2019la ilgili raporunu Birle\u015fmi\u015f Milletler Genel Sekreteri Antonio Guterres\u2019e sunaca\u011f\u0131 raporu de\u011ferlendirdi.<\/p>\n<p>Birle\u015fmi\u015f Milletler nezdinde iki farkl\u0131 pozisyon oldu\u011funu ve Rum taraf\u0131n\u0131n \u2018g\u00f6r\u00fc\u015fmelere kald\u0131\u011f\u0131 yerden devam edelim\u2019 dedi\u011fini belirten Hasipo\u011flu, \u201cBiz de diyoruz ki art\u0131k ben seni samimi bulmuyorum gel \u00f6nce bir egemenli\u011fimi kabul et, uluslararas\u0131 e\u015fit stat\u00fcm\u00fc kabul et, bir iyi niyetini g\u00f6reyim ben senin. Bu izolasyonlar, do\u011frudan u\u00e7u\u015flar olsun bizim di\u011fer D\u00fcnya devletleri ile ili\u015fki kurabilmemize art\u0131k buna izin ver, engelleme\u201d diye konu\u015ftu.<\/p>\n<p>G\u00fcney K\u0131br\u0131s Rum Y\u00f6netimi\u2019nin T\u00fcrk taraf\u0131n\u0131n taleplerine her zamanki \u015fekilde olumsuz yan\u0131t verdi\u011fini belirten Hasipo\u011flu, raporda ortak zeminin olmad\u0131\u011f\u0131n\u0131n tespitini bekledi\u011fini s\u00f6yledi.<\/p>\n<p>Rum taraf\u0131n\u0131n adan\u0131n y\u00f6netimini ve zenginli\u011fini payla\u015fmay\u0131 kabul etmedi\u011fine vurgu yapan Hasipo\u011flu, Annan Plan\u0131\u2019n\u0131n ard\u0131ndan Avrupa Birli\u011fi\u2019nin Rumlar\u0131 Avrupa Birli\u011fi\u2019ne almas\u0131na ra\u011fmen, T\u00fcrk taraf\u0131n\u0131n 20 y\u0131l boyunca iyi niyetle federasyonu g\u00f6r\u00fc\u015fmeye devam etti\u011fine i\u015faret etti.<\/p>\n<div class=\"mariselle-image-container center\">\n                <img loading=\"lazy\" decoding=\"async\" width=\"641\" height=\"310\" class=\"lazy-image\" alt=\"\" sizes=\"auto, (max-width: 641px) 100vw, 641px\" src=\"https:\/\/brtk.net\/wp-content\/uploads\/2024\/07\/10\/DKASLALKSASKDA.jpg?ver=15f1c4b58018ed812f1e8def5084c802\" srcset=\"https:\/\/brtk.net\/wp-content\/uploads\/2024\/07\/10\/DKASLALKSASKDA.jpg?ver=15f1c4b58018ed812f1e8def5084c802 641w, https:\/\/brtk.net\/wp-content\/uploads\/2024\/07\/10\/DKASLALKSASKDA-300x145.jpg?ver=15f1c4b58018ed812f1e8def5084c802 300w\"\/>                            <\/div>\n<p><a href=\"https:\/\/brtk.net\/\">KKTC<\/a> Meclisi\u2019ni temsilen, Avrupa Konseyi Parlamenterler Meclisi, Hukuk ve \u0130nsan Haklar\u0131 Komite toplant\u0131s\u0131na kat\u0131lan Hasipo\u011flu, toplant\u0131n\u0131n detaylar\u0131n\u0131 da payla\u015ft\u0131.<\/p>\n<p>Mara\u015f ve K\u0131br\u0131s Raport\u00f6r\u00fc \u0130talyan Milletvekili Piero Fassino\u2019nun Mara\u015f Raporu\u2019nun tarafl\u0131 oldu\u011funu belirten Hasipo\u011flu, \u201cg\u00fcn\u00fcn sonunda G\u00fcney K\u0131br\u0131s Rum Y\u00f6netimi, baz\u0131 \u0130ngiliz ve Yunan milletvekillerinin \u00f6n ayak oldu\u011fu ve 3 sene \u00f6nce ba\u015flatt\u0131klar\u0131 bir \u00e7al\u0131\u015fmayd\u0131\u201d dedi.<\/p>\n<p>Raport\u00f6r \u0130talyan Milletvekili Fassino\u2019nun iki kez K\u0131br\u0131s\u2019a geldi\u011fini ve K\u0131br\u0131s ve Mara\u015f konular\u0131n\u0131 detayl\u0131 bir \u015fekilde ara\u015ft\u0131rd\u0131\u011f\u0131n\u0131 kaydeden Hasipo\u011flu, raporun yaz\u0131l\u0131\u015f \u015fekli ve rapordaki talebin G\u00fcney K\u0131br\u0131s Rum Y\u00f6netimi vatanda\u015flar\u0131n\u0131n Mara\u015f\u2019taki m\u00fclkiyet haklar\u0131 meselesi oldu\u011funu belirtti.<\/p>\n<p>Hasipo\u011flu, \u201cK\u0131br\u0131s konusunu d\u00fc\u015f\u00fcnd\u00fc\u011f\u00fcn\u00fczde, bir\u00e7ok konu var; garanti meselesi, toprak, y\u00f6netim, g\u00fc\u00e7 payla\u015f\u0131m\u0131, Avrupa Birli\u011fi boyutu var. Siz i\u00e7erisinden \u00e7ektiniz t\u00fcm bu m\u00fczakere s\u00fcre\u00e7lerinde Rum taraf\u0131n\u0131n talep etti\u011fi bir yerdi Mara\u015f ve daha \u00f6nce t\u00fcm BM planlar\u0131na evet deselerdi Mara\u015f diye bir sorunumuz kalmayacakt\u0131\u201d dedi.<\/p>\n<p>A\u00e7\u0131klamas\u0131nda \u201cAvrupa Parlamentosu\u2019nda Genel Kurul\u2019da t\u00fcm milletvekillerinin \u00f6n\u00fcnde yanl\u0131\u015f yap\u0131yorsunuz dedim\u201d ifadelerine yer veren Hasipo\u011flu, K\u0131br\u0131s meselesi i\u00e7erisinde sadece Mara\u015f\u2019ta 1974\u2019ten \u00f6nce ya\u015fayan bir k\u0131s\u0131m Rum\u2019u ilgilendiren bir konunun se\u00e7ilerek g\u00fcndem yap\u0131ld\u0131\u011f\u0131na dikkati \u00e7ekti\u011fini kaydetti. Hasipo\u011flu, 2004\u2019te Annan Plan\u0131\u2019na EVET diyen K\u0131br\u0131s T\u00fcrk halk\u0131n\u0131n halen cezaland\u0131r\u0131ld\u0131\u011f\u0131na i\u015faret etti.<\/p>\n<p>Yetki s\u0131n\u0131rlar\u0131 ara b\u00f6lge olan Birle\u015fmi\u015f Milletler\u2019in, Kuzey K\u0131br\u0131s T\u00fcrk Cumhuriyeti topraklar\u0131nda bulunan Mara\u015f\u2019ta yetkisi olmad\u0131\u011f\u0131n\u0131 belirten Hasipo\u011flu, Mara\u015f\u2019\u0131n Birle\u015fmi\u015f Milletler\u2019e devredilmesinin s\u00f6z konusu olmad\u0131\u011f\u0131na vurgu yapt\u0131.<br \/>Ulusal Birlik Partisi Genel Sekreteri O\u011fuzhan Hasipo\u011flu, Ta\u015f\u0131nmaz Mal Komisyonu ve yap\u0131lan ba\u015fvurular\u0131 da de\u011ferlendirdi. <\/p>\n<p>Ba\u015fbakan \u00dcnal \u00dcstel\u2019in Ta\u015f\u0131nmaz Mal Komisyonu i\u00e7in bir fon yaratt\u0131\u011f\u0131n\u0131 ve bu konudaki \u00f6demelerde ciddi bir art\u0131\u015f ya\u015fand\u0131\u011f\u0131n\u0131 s\u00f6yledi. Hasipo\u011flu, Rumlar\u0131n daha \u00f6nce do\u011frudan Avrupa \u0130nsan Haklar\u0131 Mahkemesi\u2019ne T\u00fcrkiye\u2019yi dava etmek i\u00e7in ba\u015fvurdu\u011funu ancak A\u0130HM\u2019in bir karar alarak Rumlar\u0131 Lefko\u015fa\u2019daki Ta\u015f\u0131nmaz Mal Komisyonu\u2019na y\u00f6nlendirdi\u011fini an\u0131msatt\u0131.<br \/>Hasipo\u011flu, \u201cBu ba\u015fvurular\u0131n hepsini bize y\u00f6nlendirdi ve bunu da bizim bir \u015fekilde bu talepleri bu davalar\u0131 sonu\u00e7land\u0131rmam\u0131z laz\u0131m g\u00fcn\u00fcn sonunda ne olursa olsun bu adada Kuzey K\u0131br\u0131s T\u00fcrk Cumhuriyeti ayr\u0131 bir devlet ve i\u00e7imizde de bu m\u00fclkiyet probleminin olmas\u0131n\u0131 istemiyoruz. Bir\u00e7ok dava neticelendi, \u00e7o\u011fu ev sahibi bilmiyor ama devlet taraf\u0131ndan onun daha \u00f6nceki sahibine paras\u0131 \u00f6denmi\u015ftir ve belki sizin haberiniz yoktur ama ihtilafs\u0131z bir hale gelmi\u015ftir\u201d dedi.<\/p>\n<p><iframe loading=\"lazy\" title=\"Man\u015fet + 10.07.2024\" width=\"960\" height=\"540\" src=\"https:\/\/www.youtube.com\/embed\/4lEzMDnDWjA?feature=oembed\" frameborder=\"0\" allow=\"accelerometer; autoplay; clipboard-write; encrypted-media; gyroscope; picture-in-picture; web-share\" referrerpolicy=\"strict-origin-when-cross-origin\" allowfullscreen><\/iframe><\/p>\n<\/p><\/div>\n<p><script async\n                    defer\n                    crossorigin=\"anonymous\"\n                    src=\"https:\/\/connect.facebook.net\/tr_TR\/sdk.js#xfbml=1&#038;version=v3.3\"\n            ><\/script><\/p>\n","protected":false},"excerpt":{"rendered":"<p>Ulusal Birlik Partisi Genel Sekreteri O\u011fuzhan Hasipo\u011flu, BRT\u2019de yay\u0131nlanan \u2018Man\u015fet+\u2019 program\u0131na konuk oldu, \u00fclke g\u00fcndemiyle ilgili a\u00e7\u0131klamalarda bulundu. Ulusal Birlik Partisi Genel Sekreteri Hasipo\u011flu, Birle\u015fmi\u015f Milletler Genel Sekreteri\u2019nin Ki\u015fisel Temsilcisi Maria Holguin\u2019in K\u0131br\u0131s\u2019la ilgili raporunu Birle\u015fmi\u015f Milletler Genel Sekreteri Antonio Guterres\u2019e sunaca\u011f\u0131 raporu de\u011ferlendirdi. Birle\u015fmi\u015f Milletler nezdinde iki farkl\u0131 pozisyon oldu\u011funu ve Rum taraf\u0131n\u0131n \u2018g\u00f6r\u00fc\u015fmelere<\/p>\n","protected":false},"author":1,"featured_media":49326,"comment_status":"open","ping_status":"open","sticky":false,"template":"","format":"standard","meta":{"footnotes":""},"categories":[1],"tags":[],"class_list":["post-49325","post","type-post","status-publish","format-standard","has-post-thumbnail","hentry","category-gundem"],"yoast_head":"<!-- This site is optimized with the Yoast SEO plugin v27.4 - https:\/\/yoast.com\/product\/yoast-seo-wordpress\/ -->\n<title>Hasipo\u011flu, BRT\u2019de g\u00fcndemi de\u011ferlendirdi: \u201cBM\u2019nin yetki s\u0131n\u0131rlar\u0131 ara b\u00f6lgede, Mara\u015f\u2019ta yetkisi yok\u201d -<\/title>\n<meta name=\"robots\" content=\"index, follow, max-snippet:-1, max-image-preview:large, max-video-preview:-1\" \/>\n<link rel=\"canonical\" href=\"https:\/\/kibrisdakik.com\/?p=49325\" \/>\n<meta property=\"og:locale\" content=\"tr_TR\" \/>\n<meta property=\"og:type\" content=\"article\" \/>\n<meta property=\"og:title\" content=\"Hasipo\u011flu, BRT\u2019de g\u00fcndemi de\u011ferlendirdi: \u201cBM\u2019nin yetki s\u0131n\u0131rlar\u0131 ara b\u00f6lgede, Mara\u015f\u2019ta yetkisi yok\u201d -\" \/>\n<meta property=\"og:description\" content=\"Ulusal Birlik Partisi Genel Sekreteri O\u011fuzhan Hasipo\u011flu, BRT\u2019de yay\u0131nlanan \u2018Man\u015fet+\u2019 program\u0131na konuk oldu, \u00fclke g\u00fcndemiyle ilgili a\u00e7\u0131klamalarda bulundu. Ulusal Birlik Partisi Genel Sekreteri Hasipo\u011flu, Birle\u015fmi\u015f Milletler Genel Sekreteri\u2019nin Ki\u015fisel Temsilcisi Maria Holguin\u2019in K\u0131br\u0131s\u2019la ilgili raporunu Birle\u015fmi\u015f Milletler Genel Sekreteri Antonio Guterres\u2019e sunaca\u011f\u0131 raporu de\u011ferlendirdi. Birle\u015fmi\u015f Milletler nezdinde iki farkl\u0131 pozisyon oldu\u011funu ve Rum taraf\u0131n\u0131n \u2018g\u00f6r\u00fc\u015fmelere\" \/>\n<meta property=\"og:url\" content=\"https:\/\/kibrisdakik.com\/?p=49325\" \/>\n<meta property=\"article:published_time\" content=\"2024-07-11T00:06:17+00:00\" \/>\n<meta property=\"og:image\" content=\"https:\/\/kibrisdakik.com\/wp-content\/uploads\/2024\/07\/DKASLALKSASKDA.jpg\" \/>\n\t<meta property=\"og:image:width\" content=\"641\" \/>\n\t<meta property=\"og:image:height\" content=\"310\" \/>\n\t<meta property=\"og:image:type\" content=\"image\/jpeg\" \/>\n<meta name=\"author\" content=\"admin\" \/>\n<meta name=\"twitter:card\" content=\"summary_large_image\" \/>\n<meta name=\"twitter:label1\" content=\"Yazan:\" \/>\n\t<meta name=\"twitter:data1\" content=\"admin\" \/>\n\t<meta name=\"twitter:label2\" content=\"Tahmini okuma s\u00fcresi\" \/>\n\t<meta name=\"twitter:data2\" content=\"4 dakika\" \/>\n<script type=\"application\/ld+json\" class=\"yoast-schema-graph\">{\"@context\":\"https:\\\/\\\/schema.org\",\"@graph\":[{\"@type\":\"Article\",\"@id\":\"https:\\\/\\\/kibrisdakik.com\\\/?p=49325#article\",\"isPartOf\":{\"@id\":\"https:\\\/\\\/kibrisdakik.com\\\/?p=49325\"},\"author\":{\"name\":\"admin\",\"@id\":\"https:\\\/\\\/kibrisdakik.com\\\/#\\\/schema\\\/person\\\/9cd9d437bbb44f72b73ba127e06d8e79\"},\"headline\":\"Hasipo\u011flu, BRT\u2019de g\u00fcndemi de\u011ferlendirdi: \u201cBM\u2019nin yetki s\u0131n\u0131rlar\u0131 ara b\u00f6lgede, Mara\u015f\u2019ta yetkisi yok\u201d\",\"datePublished\":\"2024-07-11T00:06:17+00:00\",\"mainEntityOfPage\":{\"@id\":\"https:\\\/\\\/kibrisdakik.com\\\/?p=49325\"},\"wordCount\":783,\"commentCount\":0,\"image\":{\"@id\":\"https:\\\/\\\/kibrisdakik.com\\\/?p=49325#primaryimage\"},\"thumbnailUrl\":\"https:\\\/\\\/kibrisdakik.com\\\/wp-content\\\/uploads\\\/2024\\\/07\\\/DKASLALKSASKDA.jpg\",\"articleSection\":[\"G\u00fcndem\"],\"inLanguage\":\"tr\",\"potentialAction\":[{\"@type\":\"CommentAction\",\"name\":\"Comment\",\"target\":[\"https:\\\/\\\/kibrisdakik.com\\\/?p=49325#respond\"]}]},{\"@type\":\"WebPage\",\"@id\":\"https:\\\/\\\/kibrisdakik.com\\\/?p=49325\",\"url\":\"https:\\\/\\\/kibrisdakik.com\\\/?p=49325\",\"name\":\"Hasipo\u011flu, BRT\u2019de g\u00fcndemi de\u011ferlendirdi: \u201cBM\u2019nin yetki s\u0131n\u0131rlar\u0131 ara b\u00f6lgede, Mara\u015f\u2019ta yetkisi yok\u201d -\",\"isPartOf\":{\"@id\":\"https:\\\/\\\/kibrisdakik.com\\\/#website\"},\"primaryImageOfPage\":{\"@id\":\"https:\\\/\\\/kibrisdakik.com\\\/?p=49325#primaryimage\"},\"image\":{\"@id\":\"https:\\\/\\\/kibrisdakik.com\\\/?p=49325#primaryimage\"},\"thumbnailUrl\":\"https:\\\/\\\/kibrisdakik.com\\\/wp-content\\\/uploads\\\/2024\\\/07\\\/DKASLALKSASKDA.jpg\",\"datePublished\":\"2024-07-11T00:06:17+00:00\",\"author\":{\"@id\":\"https:\\\/\\\/kibrisdakik.com\\\/#\\\/schema\\\/person\\\/9cd9d437bbb44f72b73ba127e06d8e79\"},\"breadcrumb\":{\"@id\":\"https:\\\/\\\/kibrisdakik.com\\\/?p=49325#breadcrumb\"},\"inLanguage\":\"tr\",\"potentialAction\":[{\"@type\":\"ReadAction\",\"target\":[\"https:\\\/\\\/kibrisdakik.com\\\/?p=49325\"]}]},{\"@type\":\"ImageObject\",\"inLanguage\":\"tr\",\"@id\":\"https:\\\/\\\/kibrisdakik.com\\\/?p=49325#primaryimage\",\"url\":\"https:\\\/\\\/kibrisdakik.com\\\/wp-content\\\/uploads\\\/2024\\\/07\\\/DKASLALKSASKDA.jpg\",\"contentUrl\":\"https:\\\/\\\/kibrisdakik.com\\\/wp-content\\\/uploads\\\/2024\\\/07\\\/DKASLALKSASKDA.jpg\",\"width\":641,\"height\":310},{\"@type\":\"BreadcrumbList\",\"@id\":\"https:\\\/\\\/kibrisdakik.com\\\/?p=49325#breadcrumb\",\"itemListElement\":[{\"@type\":\"ListItem\",\"position\":1,\"name\":\"Home\",\"item\":\"https:\\\/\\\/kibrisdakik.com\\\/\"},{\"@type\":\"ListItem\",\"position\":2,\"name\":\"Hasipo\u011flu, BRT\u2019de g\u00fcndemi de\u011ferlendirdi: \u201cBM\u2019nin yetki s\u0131n\u0131rlar\u0131 ara b\u00f6lgede, Mara\u015f\u2019ta yetkisi yok\u201d\"}]},{\"@type\":\"WebSite\",\"@id\":\"https:\\\/\\\/kibrisdakik.com\\\/#website\",\"url\":\"https:\\\/\\\/kibrisdakik.com\\\/\",\"name\":\"\",\"description\":\"Tam vaktinde haber\",\"potentialAction\":[{\"@type\":\"SearchAction\",\"target\":{\"@type\":\"EntryPoint\",\"urlTemplate\":\"https:\\\/\\\/kibrisdakik.com\\\/?s={search_term_string}\"},\"query-input\":{\"@type\":\"PropertyValueSpecification\",\"valueRequired\":true,\"valueName\":\"search_term_string\"}}],\"inLanguage\":\"tr\"},{\"@type\":\"Person\",\"@id\":\"https:\\\/\\\/kibrisdakik.com\\\/#\\\/schema\\\/person\\\/9cd9d437bbb44f72b73ba127e06d8e79\",\"name\":\"admin\",\"image\":{\"@type\":\"ImageObject\",\"inLanguage\":\"tr\",\"@id\":\"https:\\\/\\\/secure.gravatar.com\\\/avatar\\\/ccc17943b9d660506c869530f897617f7cb1c21a4bf30023f252596d83e1f007?s=96&d=mm&r=g\",\"url\":\"https:\\\/\\\/secure.gravatar.com\\\/avatar\\\/ccc17943b9d660506c869530f897617f7cb1c21a4bf30023f252596d83e1f007?s=96&d=mm&r=g\",\"contentUrl\":\"https:\\\/\\\/secure.gravatar.com\\\/avatar\\\/ccc17943b9d660506c869530f897617f7cb1c21a4bf30023f252596d83e1f007?s=96&d=mm&r=g\",\"caption\":\"admin\"},\"sameAs\":[\"https:\\\/\\\/kibrisdakik.com\"],\"url\":\"https:\\\/\\\/kibrisdakik.com\\\/?author=1\"}]}<\/script>\n<!-- \/ Yoast SEO plugin. -->","yoast_head_json":{"title":"Hasipo\u011flu, BRT\u2019de g\u00fcndemi de\u011ferlendirdi: \u201cBM\u2019nin yetki s\u0131n\u0131rlar\u0131 ara b\u00f6lgede, Mara\u015f\u2019ta yetkisi yok\u201d -","robots":{"index":"index","follow":"follow","max-snippet":"max-snippet:-1","max-image-preview":"max-image-preview:large","max-video-preview":"max-video-preview:-1"},"canonical":"https:\/\/kibrisdakik.com\/?p=49325","og_locale":"tr_TR","og_type":"article","og_title":"Hasipo\u011flu, BRT\u2019de g\u00fcndemi de\u011ferlendirdi: \u201cBM\u2019nin yetki s\u0131n\u0131rlar\u0131 ara b\u00f6lgede, Mara\u015f\u2019ta yetkisi yok\u201d -","og_description":"Ulusal Birlik Partisi Genel Sekreteri O\u011fuzhan Hasipo\u011flu, BRT\u2019de yay\u0131nlanan \u2018Man\u015fet+\u2019 program\u0131na konuk oldu, \u00fclke g\u00fcndemiyle ilgili a\u00e7\u0131klamalarda bulundu. Ulusal Birlik Partisi Genel Sekreteri Hasipo\u011flu, Birle\u015fmi\u015f Milletler Genel Sekreteri\u2019nin Ki\u015fisel Temsilcisi Maria Holguin\u2019in K\u0131br\u0131s\u2019la ilgili raporunu Birle\u015fmi\u015f Milletler Genel Sekreteri Antonio Guterres\u2019e sunaca\u011f\u0131 raporu de\u011ferlendirdi. Birle\u015fmi\u015f Milletler nezdinde iki farkl\u0131 pozisyon oldu\u011funu ve Rum taraf\u0131n\u0131n \u2018g\u00f6r\u00fc\u015fmelere","og_url":"https:\/\/kibrisdakik.com\/?p=49325","article_published_time":"2024-07-11T00:06:17+00:00","og_image":[{"width":641,"height":310,"url":"https:\/\/kibrisdakik.com\/wp-content\/uploads\/2024\/07\/DKASLALKSASKDA.jpg","type":"image\/jpeg"}],"author":"admin","twitter_card":"summary_large_image","twitter_misc":{"Yazan:":"admin","Tahmini okuma s\u00fcresi":"4 dakika"},"schema":{"@context":"https:\/\/schema.org","@graph":[{"@type":"Article","@id":"https:\/\/kibrisdakik.com\/?p=49325#article","isPartOf":{"@id":"https:\/\/kibrisdakik.com\/?p=49325"},"author":{"name":"admin","@id":"https:\/\/kibrisdakik.com\/#\/schema\/person\/9cd9d437bbb44f72b73ba127e06d8e79"},"headline":"Hasipo\u011flu, BRT\u2019de g\u00fcndemi de\u011ferlendirdi: \u201cBM\u2019nin yetki s\u0131n\u0131rlar\u0131 ara b\u00f6lgede, Mara\u015f\u2019ta yetkisi yok\u201d","datePublished":"2024-07-11T00:06:17+00:00","mainEntityOfPage":{"@id":"https:\/\/kibrisdakik.com\/?p=49325"},"wordCount":783,"commentCount":0,"image":{"@id":"https:\/\/kibrisdakik.com\/?p=49325#primaryimage"},"thumbnailUrl":"https:\/\/kibrisdakik.com\/wp-content\/uploads\/2024\/07\/DKASLALKSASKDA.jpg","articleSection":["G\u00fcndem"],"inLanguage":"tr","potentialAction":[{"@type":"CommentAction","name":"Comment","target":["https:\/\/kibrisdakik.com\/?p=49325#respond"]}]},{"@type":"WebPage","@id":"https:\/\/kibrisdakik.com\/?p=49325","url":"https:\/\/kibrisdakik.com\/?p=49325","name":"Hasipo\u011flu, BRT\u2019de g\u00fcndemi de\u011ferlendirdi: \u201cBM\u2019nin yetki s\u0131n\u0131rlar\u0131 ara b\u00f6lgede, Mara\u015f\u2019ta yetkisi yok\u201d -","isPartOf":{"@id":"https:\/\/kibrisdakik.com\/#website"},"primaryImageOfPage":{"@id":"https:\/\/kibrisdakik.com\/?p=49325#primaryimage"},"image":{"@id":"https:\/\/kibrisdakik.com\/?p=49325#primaryimage"},"thumbnailUrl":"https:\/\/kibrisdakik.com\/wp-content\/uploads\/2024\/07\/DKASLALKSASKDA.jpg","datePublished":"2024-07-11T00:06:17+00:00","author":{"@id":"https:\/\/kibrisdakik.com\/#\/schema\/person\/9cd9d437bbb44f72b73ba127e06d8e79"},"breadcrumb":{"@id":"https:\/\/kibrisdakik.com\/?p=49325#breadcrumb"},"inLanguage":"tr","potentialAction":[{"@type":"ReadAction","target":["https:\/\/kibrisdakik.com\/?p=49325"]}]},{"@type":"ImageObject","inLanguage":"tr","@id":"https:\/\/kibrisdakik.com\/?p=49325#primaryimage","url":"https:\/\/kibrisdakik.com\/wp-content\/uploads\/2024\/07\/DKASLALKSASKDA.jpg","contentUrl":"https:\/\/kibrisdakik.com\/wp-content\/uploads\/2024\/07\/DKASLALKSASKDA.jpg","width":641,"height":310},{"@type":"BreadcrumbList","@id":"https:\/\/kibrisdakik.com\/?p=49325#breadcrumb","itemListElement":[{"@type":"ListItem","position":1,"name":"Home","item":"https:\/\/kibrisdakik.com\/"},{"@type":"ListItem","position":2,"name":"Hasipo\u011flu, BRT\u2019de g\u00fcndemi de\u011ferlendirdi: \u201cBM\u2019nin yetki s\u0131n\u0131rlar\u0131 ara b\u00f6lgede, Mara\u015f\u2019ta yetkisi yok\u201d"}]},{"@type":"WebSite","@id":"https:\/\/kibrisdakik.com\/#website","url":"https:\/\/kibrisdakik.com\/","name":"","description":"Tam vaktinde haber","potentialAction":[{"@type":"SearchAction","target":{"@type":"EntryPoint","urlTemplate":"https:\/\/kibrisdakik.com\/?s={search_term_string}"},"query-input":{"@type":"PropertyValueSpecification","valueRequired":true,"valueName":"search_term_string"}}],"inLanguage":"tr"},{"@type":"Person","@id":"https:\/\/kibrisdakik.com\/#\/schema\/person\/9cd9d437bbb44f72b73ba127e06d8e79","name":"admin","image":{"@type":"ImageObject","inLanguage":"tr","@id":"https:\/\/secure.gravatar.com\/avatar\/ccc17943b9d660506c869530f897617f7cb1c21a4bf30023f252596d83e1f007?s=96&d=mm&r=g","url":"https:\/\/secure.gravatar.com\/avatar\/ccc17943b9d660506c869530f897617f7cb1c21a4bf30023f252596d83e1f007?s=96&d=mm&r=g","contentUrl":"https:\/\/secure.gravatar.com\/avatar\/ccc17943b9d660506c869530f897617f7cb1c21a4bf30023f252596d83e1f007?s=96&d=mm&r=g","caption":"admin"},"sameAs":["https:\/\/kibrisdakik.com"],"url":"https:\/\/kibrisdakik.com\/?author=1"}]}},"_links":{"self":[{"href":"https:\/\/kibrisdakik.com\/index.php?rest_route=\/wp\/v2\/posts\/49325","targetHints":{"allow":["GET"]}}],"collection":[{"href":"https:\/\/kibrisdakik.com\/index.php?rest_route=\/wp\/v2\/posts"}],"about":[{"href":"https:\/\/kibrisdakik.com\/index.php?rest_route=\/wp\/v2\/types\/post"}],"author":[{"embeddable":true,"href":"https:\/\/kibrisdakik.com\/index.php?rest_route=\/wp\/v2\/users\/1"}],"replies":[{"embeddable":true,"href":"https:\/\/kibrisdakik.com\/index.php?rest_route=%2Fwp%2Fv2%2Fcomments&post=49325"}],"version-history":[{"count":0,"href":"https:\/\/kibrisdakik.com\/index.php?rest_route=\/wp\/v2\/posts\/49325\/revisions"}],"wp:featuredmedia":[{"embeddable":true,"href":"https:\/\/kibrisdakik.com\/index.php?rest_route=\/wp\/v2\/media\/49326"}],"wp:attachment":[{"href":"https:\/\/kibrisdakik.com\/index.php?rest_route=%2Fwp%2Fv2%2Fmedia&parent=49325"}],"wp:term":[{"taxonomy":"category","embeddable":true,"href":"https:\/\/kibrisdakik.com\/index.php?rest_route=%2Fwp%2Fv2%2Fcategories&post=49325"},{"taxonomy":"post_tag","embeddable":true,"href":"https:\/\/kibrisdakik.com\/index.php?rest_route=%2Fwp%2Fv2%2Ftags&post=49325"}],"curies":[{"name":"wp","href":"https:\/\/api.w.org\/{rel}","templated":true}]}}