{"id":4936,"date":"2023-04-11T08:56:03","date_gmt":"2023-04-11T08:56:03","guid":{"rendered":"https:\/\/kibrisdakik.com\/index.php\/2023\/04\/11\/el-sen-kib-tek-onunde-eyleme-devam-ediyor\/"},"modified":"2023-04-11T08:56:03","modified_gmt":"2023-04-11T08:56:03","slug":"el-sen-kib-tek-onunde-eyleme-devam-ediyor","status":"publish","type":"post","link":"https:\/\/kibrisdakik.com\/?p=4936","title":{"rendered":"El-Sen K\u0131b-Tek \u00f6n\u00fcnde eyleme devam ediyor"},"content":{"rendered":"<p><\/p>\n<div>\n<div class=\"mariselle-image-container center\">\n                <img width=\"1024\" height=\"539\" class=\"lazy-image\" alt=\"\" decoding=\"async\" loading=\"lazy\" sizes=\"auto, (max-width: 1024px) 100vw, 1024px\" src=\"https:\/\/brtk.net\/wp-content\/uploads\/2023\/04\/11\/el-sen-eylem-ero-1024x539.jpg?ver=51fdbdb3f25e89072d9b8bca432a271c\" srcset=\"https:\/\/brtk.net\/wp-content\/uploads\/2023\/04\/11\/el-sen-eylem-ero-1024x539.jpg?ver=95ae0458819c42a25c2d0a018c20f8fe 1024w, https:\/\/brtk.net\/wp-content\/uploads\/2023\/04\/11\/el-sen-eylem-ero-300x158.jpg?ver=51fdbdb3f25e89072d9b8bca432a271c 300w, https:\/\/brtk.net\/wp-content\/uploads\/2023\/04\/11\/el-sen-eylem-ero-768x405.jpg?ver=6f0f721969ddfdcfc23934f61e86aa31 768w, https:\/\/brtk.net\/wp-content\/uploads\/2023\/04\/11\/el-sen-eylem-ero-1536x809.jpg?ver=4cea59a030eebe5b505b15e205d37d92 1536w, https:\/\/brtk.net\/wp-content\/uploads\/2023\/04\/11\/el-sen-eylem-ero-2048x1079.jpg?ver=b5cbf1756e5f6dff657c0aa6152c9e63 2048w\"\/>                            <\/div>\n<p>K\u0131br\u0131s T\u00fcrk Elektrik Kurumu \u00c7al\u0131\u015fanlar\u0131 Sendikas\u0131 (El-Sen), Kamu \u0130hale (De\u011fi\u015fiklik) Yasa Tasar\u0131s\u0131\u2019na kar\u015f\u0131 ba\u015flatt\u0131\u011f\u0131 eylemlere bug\u00fcn de devam ediyor.<\/p>\n<p>Sendika, eylemlerini bug\u00fcn Lefko\u015fa\u2019da K\u0131b-Tek binas\u0131 \u00f6n\u00fcnde s\u00fcrd\u00fcrecek.<\/p>\n<p>Eylem \u00e7er\u00e7evesinde d\u00fcn a\u00e7\u0131kland\u0131\u011f\u0131 \u00fczere, ekipler sadece can ve mal g\u00fcvenli\u011fi i\u00e7in g\u00f6rev yerlerinde olacak, ar\u0131zalara m\u00fcdahale edilmeyecek.<\/p>\n<p>Sendika Genel Sekreteri Ahmet Tu\u011fcu\u2019dan al\u0131nan bilgiye g\u00f6re, El-Sen Y\u00f6netim Kurulu bug\u00fcn saat 11.00\u2019de toplanacak. Toplant\u0131n\u0131n ard\u0131ndan eylemlilik s\u00fcrecinin devam\u0131 hakk\u0131nda a\u00e7\u0131klama yap\u0131lmas\u0131 bekleniyor.<\/p>\n<p>\u2013 Yasa Tasar\u0131s\u0131\u2019n\u0131n g\u00f6r\u00fc\u015f\u00fclmesi tamamland\u0131<\/p>\n<p>Kamu \u0130hale (De\u011fi\u015fiklik) Yasa Tasar\u0131s\u0131\u2019n\u0131n d\u00fcn yap\u0131lan Meclis Genel Kurulu\u2019nda g\u00f6r\u00fc\u015f\u00fclmesi tamamland\u0131. Tasar\u0131\u2019n\u0131n oylanmas\u0131 ise bir sonraki yasama i\u015flevli Meclis oturumunda yap\u0131lacak.<\/p>\n<\/p><\/div>\n<p><script async\n                    defer\n                    crossorigin=\"anonymous\"\n                    src=\"https:\/\/connect.facebook.net\/tr_TR\/sdk.js#xfbml=1&#038;version=v3.3\"\n            ><\/script><\/p>\n","protected":false},"excerpt":{"rendered":"<p>K\u0131br\u0131s T\u00fcrk Elektrik Kurumu \u00c7al\u0131\u015fanlar\u0131 Sendikas\u0131 (El-Sen), Kamu \u0130hale (De\u011fi\u015fiklik) Yasa Tasar\u0131s\u0131\u2019na kar\u015f\u0131 ba\u015flatt\u0131\u011f\u0131 eylemlere bug\u00fcn de devam ediyor. Sendika, eylemlerini bug\u00fcn Lefko\u015fa\u2019da K\u0131b-Tek binas\u0131 \u00f6n\u00fcnde s\u00fcrd\u00fcrecek. Eylem \u00e7er\u00e7evesinde d\u00fcn a\u00e7\u0131kland\u0131\u011f\u0131 \u00fczere, ekipler sadece can ve mal g\u00fcvenli\u011fi i\u00e7in g\u00f6rev yerlerinde olacak, ar\u0131zalara m\u00fcdahale edilmeyecek. Sendika Genel Sekreteri Ahmet Tu\u011fcu\u2019dan al\u0131nan bilgiye g\u00f6re, El-Sen Y\u00f6netim<\/p>\n","protected":false},"author":1,"featured_media":4937,"comment_status":"open","ping_status":"open","sticky":false,"template":"","format":"standard","meta":{"footnotes":""},"categories":[1],"tags":[],"class_list":["post-4936","post","type-post","status-publish","format-standard","has-post-thumbnail","hentry","category-gundem"],"yoast_head":"<!-- This site is optimized with the Yoast SEO plugin v27.5 - https:\/\/yoast.com\/product\/yoast-seo-wordpress\/ -->\n<title>El-Sen K\u0131b-Tek \u00f6n\u00fcnde eyleme devam ediyor -<\/title>\n<meta name=\"robots\" content=\"index, follow, max-snippet:-1, max-image-preview:large, max-video-preview:-1\" \/>\n<link rel=\"canonical\" href=\"https:\/\/kibrisdakik.com\/?p=4936\" \/>\n<meta property=\"og:locale\" content=\"tr_TR\" \/>\n<meta property=\"og:type\" content=\"article\" \/>\n<meta property=\"og:title\" content=\"El-Sen K\u0131b-Tek \u00f6n\u00fcnde eyleme devam ediyor -\" \/>\n<meta property=\"og:description\" content=\"K\u0131br\u0131s T\u00fcrk Elektrik Kurumu \u00c7al\u0131\u015fanlar\u0131 Sendikas\u0131 (El-Sen), Kamu \u0130hale (De\u011fi\u015fiklik) Yasa Tasar\u0131s\u0131\u2019na kar\u015f\u0131 ba\u015flatt\u0131\u011f\u0131 eylemlere bug\u00fcn de devam ediyor. Sendika, eylemlerini bug\u00fcn Lefko\u015fa\u2019da K\u0131b-Tek binas\u0131 \u00f6n\u00fcnde s\u00fcrd\u00fcrecek. Eylem \u00e7er\u00e7evesinde d\u00fcn a\u00e7\u0131kland\u0131\u011f\u0131 \u00fczere, ekipler sadece can ve mal g\u00fcvenli\u011fi i\u00e7in g\u00f6rev yerlerinde olacak, ar\u0131zalara m\u00fcdahale edilmeyecek. Sendika Genel Sekreteri Ahmet Tu\u011fcu\u2019dan al\u0131nan bilgiye g\u00f6re, El-Sen Y\u00f6netim\" \/>\n<meta property=\"og:url\" content=\"https:\/\/kibrisdakik.com\/?p=4936\" \/>\n<meta property=\"article:published_time\" content=\"2023-04-11T08:56:03+00:00\" \/>\n<meta property=\"og:image\" content=\"https:\/\/kibrisdakik.com\/wp-content\/uploads\/2023\/04\/el-sen-eylem-ero-scaled-740x420.jpg\" \/>\n\t<meta property=\"og:image:width\" content=\"2560\" \/>\n\t<meta property=\"og:image:height\" content=\"1349\" \/>\n\t<meta property=\"og:image:type\" content=\"image\/jpeg\" \/>\n<meta name=\"author\" content=\"admin\" \/>\n<meta name=\"twitter:card\" content=\"summary_large_image\" \/>\n<meta name=\"twitter:label1\" content=\"Yazan:\" \/>\n\t<meta name=\"twitter:data1\" content=\"admin\" \/>\n\t<meta name=\"twitter:label2\" content=\"Tahmini okuma s\u00fcresi\" \/>\n\t<meta name=\"twitter:data2\" content=\"1 dakika\" \/>\n<script type=\"application\/ld+json\" class=\"yoast-schema-graph\">{\"@context\":\"https:\\\/\\\/schema.org\",\"@graph\":[{\"@type\":\"Article\",\"@id\":\"https:\\\/\\\/kibrisdakik.com\\\/?p=4936#article\",\"isPartOf\":{\"@id\":\"https:\\\/\\\/kibrisdakik.com\\\/?p=4936\"},\"author\":{\"name\":\"admin\",\"@id\":\"https:\\\/\\\/kibrisdakik.com\\\/#\\\/schema\\\/person\\\/9cd9d437bbb44f72b73ba127e06d8e79\"},\"headline\":\"El-Sen K\u0131b-Tek \u00f6n\u00fcnde eyleme devam ediyor\",\"datePublished\":\"2023-04-11T08:56:03+00:00\",\"mainEntityOfPage\":{\"@id\":\"https:\\\/\\\/kibrisdakik.com\\\/?p=4936\"},\"wordCount\":161,\"commentCount\":0,\"image\":{\"@id\":\"https:\\\/\\\/kibrisdakik.com\\\/?p=4936#primaryimage\"},\"thumbnailUrl\":\"https:\\\/\\\/kibrisdakik.com\\\/wp-content\\\/uploads\\\/2023\\\/04\\\/el-sen-eylem-ero-scaled-740x420.jpg\",\"articleSection\":[\"G\u00fcndem\"],\"inLanguage\":\"tr\",\"potentialAction\":[{\"@type\":\"CommentAction\",\"name\":\"Comment\",\"target\":[\"https:\\\/\\\/kibrisdakik.com\\\/?p=4936#respond\"]}]},{\"@type\":\"WebPage\",\"@id\":\"https:\\\/\\\/kibrisdakik.com\\\/?p=4936\",\"url\":\"https:\\\/\\\/kibrisdakik.com\\\/?p=4936\",\"name\":\"El-Sen K\u0131b-Tek \u00f6n\u00fcnde eyleme devam ediyor -\",\"isPartOf\":{\"@id\":\"https:\\\/\\\/kibrisdakik.com\\\/#website\"},\"primaryImageOfPage\":{\"@id\":\"https:\\\/\\\/kibrisdakik.com\\\/?p=4936#primaryimage\"},\"image\":{\"@id\":\"https:\\\/\\\/kibrisdakik.com\\\/?p=4936#primaryimage\"},\"thumbnailUrl\":\"https:\\\/\\\/kibrisdakik.com\\\/wp-content\\\/uploads\\\/2023\\\/04\\\/el-sen-eylem-ero-scaled-740x420.jpg\",\"datePublished\":\"2023-04-11T08:56:03+00:00\",\"author\":{\"@id\":\"https:\\\/\\\/kibrisdakik.com\\\/#\\\/schema\\\/person\\\/9cd9d437bbb44f72b73ba127e06d8e79\"},\"breadcrumb\":{\"@id\":\"https:\\\/\\\/kibrisdakik.com\\\/?p=4936#breadcrumb\"},\"inLanguage\":\"tr\",\"potentialAction\":[{\"@type\":\"ReadAction\",\"target\":[\"https:\\\/\\\/kibrisdakik.com\\\/?p=4936\"]}]},{\"@type\":\"ImageObject\",\"inLanguage\":\"tr\",\"@id\":\"https:\\\/\\\/kibrisdakik.com\\\/?p=4936#primaryimage\",\"url\":\"https:\\\/\\\/kibrisdakik.com\\\/wp-content\\\/uploads\\\/2023\\\/04\\\/el-sen-eylem-ero-scaled-740x420.jpg\",\"contentUrl\":\"https:\\\/\\\/kibrisdakik.com\\\/wp-content\\\/uploads\\\/2023\\\/04\\\/el-sen-eylem-ero-scaled-740x420.jpg\",\"width\":2560,\"height\":1349},{\"@type\":\"BreadcrumbList\",\"@id\":\"https:\\\/\\\/kibrisdakik.com\\\/?p=4936#breadcrumb\",\"itemListElement\":[{\"@type\":\"ListItem\",\"position\":1,\"name\":\"Home\",\"item\":\"https:\\\/\\\/kibrisdakik.com\\\/\"},{\"@type\":\"ListItem\",\"position\":2,\"name\":\"El-Sen K\u0131b-Tek \u00f6n\u00fcnde eyleme devam ediyor\"}]},{\"@type\":\"WebSite\",\"@id\":\"https:\\\/\\\/kibrisdakik.com\\\/#website\",\"url\":\"https:\\\/\\\/kibrisdakik.com\\\/\",\"name\":\"\",\"description\":\"Tam vaktinde haber\",\"potentialAction\":[{\"@type\":\"SearchAction\",\"target\":{\"@type\":\"EntryPoint\",\"urlTemplate\":\"https:\\\/\\\/kibrisdakik.com\\\/?s={search_term_string}\"},\"query-input\":{\"@type\":\"PropertyValueSpecification\",\"valueRequired\":true,\"valueName\":\"search_term_string\"}}],\"inLanguage\":\"tr\"},{\"@type\":\"Person\",\"@id\":\"https:\\\/\\\/kibrisdakik.com\\\/#\\\/schema\\\/person\\\/9cd9d437bbb44f72b73ba127e06d8e79\",\"name\":\"admin\",\"image\":{\"@type\":\"ImageObject\",\"inLanguage\":\"tr\",\"@id\":\"https:\\\/\\\/secure.gravatar.com\\\/avatar\\\/ccc17943b9d660506c869530f897617f7cb1c21a4bf30023f252596d83e1f007?s=96&d=mm&r=g\",\"url\":\"https:\\\/\\\/secure.gravatar.com\\\/avatar\\\/ccc17943b9d660506c869530f897617f7cb1c21a4bf30023f252596d83e1f007?s=96&d=mm&r=g\",\"contentUrl\":\"https:\\\/\\\/secure.gravatar.com\\\/avatar\\\/ccc17943b9d660506c869530f897617f7cb1c21a4bf30023f252596d83e1f007?s=96&d=mm&r=g\",\"caption\":\"admin\"},\"sameAs\":[\"https:\\\/\\\/kibrisdakik.com\"],\"url\":\"https:\\\/\\\/kibrisdakik.com\\\/?author=1\"}]}<\/script>\n<!-- \/ Yoast SEO plugin. -->","yoast_head_json":{"title":"El-Sen K\u0131b-Tek \u00f6n\u00fcnde eyleme devam ediyor -","robots":{"index":"index","follow":"follow","max-snippet":"max-snippet:-1","max-image-preview":"max-image-preview:large","max-video-preview":"max-video-preview:-1"},"canonical":"https:\/\/kibrisdakik.com\/?p=4936","og_locale":"tr_TR","og_type":"article","og_title":"El-Sen K\u0131b-Tek \u00f6n\u00fcnde eyleme devam ediyor -","og_description":"K\u0131br\u0131s T\u00fcrk Elektrik Kurumu \u00c7al\u0131\u015fanlar\u0131 Sendikas\u0131 (El-Sen), Kamu \u0130hale (De\u011fi\u015fiklik) Yasa Tasar\u0131s\u0131\u2019na kar\u015f\u0131 ba\u015flatt\u0131\u011f\u0131 eylemlere bug\u00fcn de devam ediyor. Sendika, eylemlerini bug\u00fcn Lefko\u015fa\u2019da K\u0131b-Tek binas\u0131 \u00f6n\u00fcnde s\u00fcrd\u00fcrecek. Eylem \u00e7er\u00e7evesinde d\u00fcn a\u00e7\u0131kland\u0131\u011f\u0131 \u00fczere, ekipler sadece can ve mal g\u00fcvenli\u011fi i\u00e7in g\u00f6rev yerlerinde olacak, ar\u0131zalara m\u00fcdahale edilmeyecek. Sendika Genel Sekreteri Ahmet Tu\u011fcu\u2019dan al\u0131nan bilgiye g\u00f6re, El-Sen Y\u00f6netim","og_url":"https:\/\/kibrisdakik.com\/?p=4936","article_published_time":"2023-04-11T08:56:03+00:00","og_image":[{"width":2560,"height":1349,"url":"https:\/\/kibrisdakik.com\/wp-content\/uploads\/2023\/04\/el-sen-eylem-ero-scaled-740x420.jpg","type":"image\/jpeg"}],"author":"admin","twitter_card":"summary_large_image","twitter_misc":{"Yazan:":"admin","Tahmini okuma s\u00fcresi":"1 dakika"},"schema":{"@context":"https:\/\/schema.org","@graph":[{"@type":"Article","@id":"https:\/\/kibrisdakik.com\/?p=4936#article","isPartOf":{"@id":"https:\/\/kibrisdakik.com\/?p=4936"},"author":{"name":"admin","@id":"https:\/\/kibrisdakik.com\/#\/schema\/person\/9cd9d437bbb44f72b73ba127e06d8e79"},"headline":"El-Sen K\u0131b-Tek \u00f6n\u00fcnde eyleme devam ediyor","datePublished":"2023-04-11T08:56:03+00:00","mainEntityOfPage":{"@id":"https:\/\/kibrisdakik.com\/?p=4936"},"wordCount":161,"commentCount":0,"image":{"@id":"https:\/\/kibrisdakik.com\/?p=4936#primaryimage"},"thumbnailUrl":"https:\/\/kibrisdakik.com\/wp-content\/uploads\/2023\/04\/el-sen-eylem-ero-scaled-740x420.jpg","articleSection":["G\u00fcndem"],"inLanguage":"tr","potentialAction":[{"@type":"CommentAction","name":"Comment","target":["https:\/\/kibrisdakik.com\/?p=4936#respond"]}]},{"@type":"WebPage","@id":"https:\/\/kibrisdakik.com\/?p=4936","url":"https:\/\/kibrisdakik.com\/?p=4936","name":"El-Sen K\u0131b-Tek \u00f6n\u00fcnde eyleme devam ediyor -","isPartOf":{"@id":"https:\/\/kibrisdakik.com\/#website"},"primaryImageOfPage":{"@id":"https:\/\/kibrisdakik.com\/?p=4936#primaryimage"},"image":{"@id":"https:\/\/kibrisdakik.com\/?p=4936#primaryimage"},"thumbnailUrl":"https:\/\/kibrisdakik.com\/wp-content\/uploads\/2023\/04\/el-sen-eylem-ero-scaled-740x420.jpg","datePublished":"2023-04-11T08:56:03+00:00","author":{"@id":"https:\/\/kibrisdakik.com\/#\/schema\/person\/9cd9d437bbb44f72b73ba127e06d8e79"},"breadcrumb":{"@id":"https:\/\/kibrisdakik.com\/?p=4936#breadcrumb"},"inLanguage":"tr","potentialAction":[{"@type":"ReadAction","target":["https:\/\/kibrisdakik.com\/?p=4936"]}]},{"@type":"ImageObject","inLanguage":"tr","@id":"https:\/\/kibrisdakik.com\/?p=4936#primaryimage","url":"https:\/\/kibrisdakik.com\/wp-content\/uploads\/2023\/04\/el-sen-eylem-ero-scaled-740x420.jpg","contentUrl":"https:\/\/kibrisdakik.com\/wp-content\/uploads\/2023\/04\/el-sen-eylem-ero-scaled-740x420.jpg","width":2560,"height":1349},{"@type":"BreadcrumbList","@id":"https:\/\/kibrisdakik.com\/?p=4936#breadcrumb","itemListElement":[{"@type":"ListItem","position":1,"name":"Home","item":"https:\/\/kibrisdakik.com\/"},{"@type":"ListItem","position":2,"name":"El-Sen K\u0131b-Tek \u00f6n\u00fcnde eyleme devam ediyor"}]},{"@type":"WebSite","@id":"https:\/\/kibrisdakik.com\/#website","url":"https:\/\/kibrisdakik.com\/","name":"","description":"Tam vaktinde haber","potentialAction":[{"@type":"SearchAction","target":{"@type":"EntryPoint","urlTemplate":"https:\/\/kibrisdakik.com\/?s={search_term_string}"},"query-input":{"@type":"PropertyValueSpecification","valueRequired":true,"valueName":"search_term_string"}}],"inLanguage":"tr"},{"@type":"Person","@id":"https:\/\/kibrisdakik.com\/#\/schema\/person\/9cd9d437bbb44f72b73ba127e06d8e79","name":"admin","image":{"@type":"ImageObject","inLanguage":"tr","@id":"https:\/\/secure.gravatar.com\/avatar\/ccc17943b9d660506c869530f897617f7cb1c21a4bf30023f252596d83e1f007?s=96&d=mm&r=g","url":"https:\/\/secure.gravatar.com\/avatar\/ccc17943b9d660506c869530f897617f7cb1c21a4bf30023f252596d83e1f007?s=96&d=mm&r=g","contentUrl":"https:\/\/secure.gravatar.com\/avatar\/ccc17943b9d660506c869530f897617f7cb1c21a4bf30023f252596d83e1f007?s=96&d=mm&r=g","caption":"admin"},"sameAs":["https:\/\/kibrisdakik.com"],"url":"https:\/\/kibrisdakik.com\/?author=1"}]}},"_links":{"self":[{"href":"https:\/\/kibrisdakik.com\/index.php?rest_route=\/wp\/v2\/posts\/4936","targetHints":{"allow":["GET"]}}],"collection":[{"href":"https:\/\/kibrisdakik.com\/index.php?rest_route=\/wp\/v2\/posts"}],"about":[{"href":"https:\/\/kibrisdakik.com\/index.php?rest_route=\/wp\/v2\/types\/post"}],"author":[{"embeddable":true,"href":"https:\/\/kibrisdakik.com\/index.php?rest_route=\/wp\/v2\/users\/1"}],"replies":[{"embeddable":true,"href":"https:\/\/kibrisdakik.com\/index.php?rest_route=%2Fwp%2Fv2%2Fcomments&post=4936"}],"version-history":[{"count":0,"href":"https:\/\/kibrisdakik.com\/index.php?rest_route=\/wp\/v2\/posts\/4936\/revisions"}],"wp:featuredmedia":[{"embeddable":true,"href":"https:\/\/kibrisdakik.com\/index.php?rest_route=\/wp\/v2\/media\/4937"}],"wp:attachment":[{"href":"https:\/\/kibrisdakik.com\/index.php?rest_route=%2Fwp%2Fv2%2Fmedia&parent=4936"}],"wp:term":[{"taxonomy":"category","embeddable":true,"href":"https:\/\/kibrisdakik.com\/index.php?rest_route=%2Fwp%2Fv2%2Fcategories&post=4936"},{"taxonomy":"post_tag","embeddable":true,"href":"https:\/\/kibrisdakik.com\/index.php?rest_route=%2Fwp%2Fv2%2Ftags&post=4936"}],"curies":[{"name":"wp","href":"https:\/\/api.w.org\/{rel}","templated":true}]}}