{"id":49403,"date":"2024-07-11T13:23:57","date_gmt":"2024-07-11T13:23:57","guid":{"rendered":"https:\/\/kibrisdakik.com\/index.php\/2024\/07\/11\/15-temmuz-demokrasi-ve-milli-birlik-anma-gunu-dolayisiyla-kktcde-de-etkinlikler-duzenlenecek\/"},"modified":"2024-07-11T13:23:57","modified_gmt":"2024-07-11T13:23:57","slug":"15-temmuz-demokrasi-ve-milli-birlik-anma-gunu-dolayisiyla-kktcde-de-etkinlikler-duzenlenecek","status":"publish","type":"post","link":"https:\/\/kibrisdakik.com\/?p=49403","title":{"rendered":"15 Temmuz Demokrasi ve Milli Birlik Anma G\u00fcn\u00fc dolay\u0131s\u0131yla KKTC\u2019de de etkinlikler d\u00fczenlenecek"},"content":{"rendered":"<p><\/p>\n<div>\n<div class=\"mariselle-image-container center\">\n                <img loading=\"lazy\" decoding=\"async\" width=\"1132\" height=\"600\" class=\"lazy-image\" alt=\"\" sizes=\"auto, (max-width: 1132px) 100vw, 1132px\" src=\"https:\/\/brtk.net\/wp-content\/uploads\/2024\/07\/11\/bayrak-miting.jpg?ver=ca670560dca01cfcf9ca5cb4b60a8ebe\" srcset=\"https:\/\/brtk.net\/wp-content\/uploads\/2024\/07\/11\/bayrak-miting.jpg?ver=ca670560dca01cfcf9ca5cb4b60a8ebe 1132w, https:\/\/brtk.net\/wp-content\/uploads\/2024\/07\/11\/bayrak-miting-300x159.jpg?ver=3e7dedc91fd2ed62b15632070a9dc727 300w, https:\/\/brtk.net\/wp-content\/uploads\/2024\/07\/11\/bayrak-miting-1024x543.jpg?ver=3e7dedc91fd2ed62b15632070a9dc727 1024w, https:\/\/brtk.net\/wp-content\/uploads\/2024\/07\/11\/bayrak-miting-768x407.jpg?ver=1ee6804c202fac393e4cdf321fe49938 768w\"\/>                            <\/div>\n<p>Fetullah\u00e7\u0131 Ter\u00f6r \u00d6rg\u00fct\u00fc\u2019n\u00fcn (FET\u00d6) 15 Temmuz 2016\u2019daki darbe giri\u015fimi s\u0131ras\u0131nda \u015fehit d\u00fc\u015fenler <a href=\"https:\/\/brtk.net\/\">KKTC<\/a>\u2019de de an\u0131lacak, 15 Temmuz Demokrasi ve Milli Birlik Anma G\u00fcn\u00fc \u00e7er\u00e7evesinde etkinlikler d\u00fczenlenecek.<\/p>\n<p>T\u00fcrkiye Cumhuriyeti Lefko\u015fa B\u00fcy\u00fckel\u00e7ili\u011fi, 15 Temmuz Demokrasi ve Milli Birlik Anma G\u00fcn\u00fc etkinlikleri kapsam\u0131nda, yar\u0131n 12.00\u2019de, Hala Sultan Camii\u2019nde \u201c15 Temmuz \u015eehitlerini Yad\u201d Program\u0131 d\u00fczenleyecek.<\/p>\n<p>B\u00fcy\u00fckel\u00e7ilik, 15 Temmuz Demokrasi ve Milli Birlik Anma G\u00fcn\u00fc etkinlikleri kapsam\u0131nda 15 Temmuz Pazartesi g\u00fcn\u00fc 09:00\u2019da Bo\u011faz \u015eehitli\u011fi\u2019nde anma t\u00f6reni d\u00fczenleyecek. Ayn\u0131 g\u00fcn, TC Lefko\u015fa B\u00fcy\u00fckel\u00e7isi Metin Feyzio\u011flu ile saat 11:30\u2019da, <a href=\"https:\/\/brtk.net\/\">BRT<\/a>\u2019de, 15 Temmuz Demokrasi ve Milli Birlik Anma G\u00fcn\u00fc \u00e7er\u00e7evesinde \u00f6zel yay\u0131n ger\u00e7ekle\u015ftirilecek.<\/p>\n<\/p><\/div>\n<p><script async\n                    defer\n                    crossorigin=\"anonymous\"\n                    src=\"https:\/\/connect.facebook.net\/tr_TR\/sdk.js#xfbml=1&#038;version=v3.3\"\n            ><\/script><\/p>\n","protected":false},"excerpt":{"rendered":"<p>Fetullah\u00e7\u0131 Ter\u00f6r \u00d6rg\u00fct\u00fc\u2019n\u00fcn (FET\u00d6) 15 Temmuz 2016\u2019daki darbe giri\u015fimi s\u0131ras\u0131nda \u015fehit d\u00fc\u015fenler KKTC\u2019de de an\u0131lacak, 15 Temmuz Demokrasi ve Milli Birlik Anma G\u00fcn\u00fc \u00e7er\u00e7evesinde etkinlikler d\u00fczenlenecek. T\u00fcrkiye Cumhuriyeti Lefko\u015fa B\u00fcy\u00fckel\u00e7ili\u011fi, 15 Temmuz Demokrasi ve Milli Birlik Anma G\u00fcn\u00fc etkinlikleri kapsam\u0131nda, yar\u0131n 12.00\u2019de, Hala Sultan Camii\u2019nde \u201c15 Temmuz \u015eehitlerini Yad\u201d Program\u0131 d\u00fczenleyecek. B\u00fcy\u00fckel\u00e7ilik, 15 Temmuz Demokrasi<\/p>\n","protected":false},"author":1,"featured_media":49404,"comment_status":"open","ping_status":"open","sticky":false,"template":"","format":"standard","meta":{"footnotes":""},"categories":[1],"tags":[],"class_list":["post-49403","post","type-post","status-publish","format-standard","has-post-thumbnail","hentry","category-gundem"],"yoast_head":"<!-- This site is optimized with the Yoast SEO plugin v27.4 - https:\/\/yoast.com\/product\/yoast-seo-wordpress\/ -->\n<title>15 Temmuz Demokrasi ve Milli Birlik Anma G\u00fcn\u00fc dolay\u0131s\u0131yla KKTC\u2019de de etkinlikler d\u00fczenlenecek -<\/title>\n<meta name=\"robots\" content=\"index, follow, max-snippet:-1, max-image-preview:large, max-video-preview:-1\" \/>\n<link rel=\"canonical\" href=\"https:\/\/kibrisdakik.com\/?p=49403\" \/>\n<meta property=\"og:locale\" content=\"tr_TR\" \/>\n<meta property=\"og:type\" content=\"article\" \/>\n<meta property=\"og:title\" content=\"15 Temmuz Demokrasi ve Milli Birlik Anma G\u00fcn\u00fc dolay\u0131s\u0131yla KKTC\u2019de de etkinlikler d\u00fczenlenecek -\" \/>\n<meta property=\"og:description\" content=\"Fetullah\u00e7\u0131 Ter\u00f6r \u00d6rg\u00fct\u00fc\u2019n\u00fcn (FET\u00d6) 15 Temmuz 2016\u2019daki darbe giri\u015fimi s\u0131ras\u0131nda \u015fehit d\u00fc\u015fenler KKTC\u2019de de an\u0131lacak, 15 Temmuz Demokrasi ve Milli Birlik Anma G\u00fcn\u00fc \u00e7er\u00e7evesinde etkinlikler d\u00fczenlenecek. T\u00fcrkiye Cumhuriyeti Lefko\u015fa B\u00fcy\u00fckel\u00e7ili\u011fi, 15 Temmuz Demokrasi ve Milli Birlik Anma G\u00fcn\u00fc etkinlikleri kapsam\u0131nda, yar\u0131n 12.00\u2019de, Hala Sultan Camii\u2019nde \u201c15 Temmuz \u015eehitlerini Yad\u201d Program\u0131 d\u00fczenleyecek. B\u00fcy\u00fckel\u00e7ilik, 15 Temmuz Demokrasi\" \/>\n<meta property=\"og:url\" content=\"https:\/\/kibrisdakik.com\/?p=49403\" \/>\n<meta property=\"article:published_time\" content=\"2024-07-11T13:23:57+00:00\" \/>\n<meta property=\"og:image\" content=\"https:\/\/kibrisdakik.com\/wp-content\/uploads\/2024\/07\/bayrak-miting-740x420.jpg\" \/>\n\t<meta property=\"og:image:width\" content=\"1132\" \/>\n\t<meta property=\"og:image:height\" content=\"600\" \/>\n\t<meta property=\"og:image:type\" content=\"image\/jpeg\" \/>\n<meta name=\"author\" content=\"admin\" \/>\n<meta name=\"twitter:card\" content=\"summary_large_image\" \/>\n<meta name=\"twitter:label1\" content=\"Yazan:\" \/>\n\t<meta name=\"twitter:data1\" content=\"admin\" \/>\n\t<meta name=\"twitter:label2\" content=\"Tahmini okuma s\u00fcresi\" \/>\n\t<meta name=\"twitter:data2\" content=\"1 dakika\" \/>\n<script type=\"application\/ld+json\" class=\"yoast-schema-graph\">{\"@context\":\"https:\\\/\\\/schema.org\",\"@graph\":[{\"@type\":\"Article\",\"@id\":\"https:\\\/\\\/kibrisdakik.com\\\/?p=49403#article\",\"isPartOf\":{\"@id\":\"https:\\\/\\\/kibrisdakik.com\\\/?p=49403\"},\"author\":{\"name\":\"admin\",\"@id\":\"https:\\\/\\\/kibrisdakik.com\\\/#\\\/schema\\\/person\\\/9cd9d437bbb44f72b73ba127e06d8e79\"},\"headline\":\"15 Temmuz Demokrasi ve Milli Birlik Anma G\u00fcn\u00fc dolay\u0131s\u0131yla KKTC\u2019de de etkinlikler d\u00fczenlenecek\",\"datePublished\":\"2024-07-11T13:23:57+00:00\",\"mainEntityOfPage\":{\"@id\":\"https:\\\/\\\/kibrisdakik.com\\\/?p=49403\"},\"wordCount\":152,\"commentCount\":0,\"image\":{\"@id\":\"https:\\\/\\\/kibrisdakik.com\\\/?p=49403#primaryimage\"},\"thumbnailUrl\":\"https:\\\/\\\/kibrisdakik.com\\\/wp-content\\\/uploads\\\/2024\\\/07\\\/bayrak-miting-740x420.jpg\",\"articleSection\":[\"G\u00fcndem\"],\"inLanguage\":\"tr\",\"potentialAction\":[{\"@type\":\"CommentAction\",\"name\":\"Comment\",\"target\":[\"https:\\\/\\\/kibrisdakik.com\\\/?p=49403#respond\"]}]},{\"@type\":\"WebPage\",\"@id\":\"https:\\\/\\\/kibrisdakik.com\\\/?p=49403\",\"url\":\"https:\\\/\\\/kibrisdakik.com\\\/?p=49403\",\"name\":\"15 Temmuz Demokrasi ve Milli Birlik Anma G\u00fcn\u00fc dolay\u0131s\u0131yla KKTC\u2019de de etkinlikler d\u00fczenlenecek -\",\"isPartOf\":{\"@id\":\"https:\\\/\\\/kibrisdakik.com\\\/#website\"},\"primaryImageOfPage\":{\"@id\":\"https:\\\/\\\/kibrisdakik.com\\\/?p=49403#primaryimage\"},\"image\":{\"@id\":\"https:\\\/\\\/kibrisdakik.com\\\/?p=49403#primaryimage\"},\"thumbnailUrl\":\"https:\\\/\\\/kibrisdakik.com\\\/wp-content\\\/uploads\\\/2024\\\/07\\\/bayrak-miting-740x420.jpg\",\"datePublished\":\"2024-07-11T13:23:57+00:00\",\"author\":{\"@id\":\"https:\\\/\\\/kibrisdakik.com\\\/#\\\/schema\\\/person\\\/9cd9d437bbb44f72b73ba127e06d8e79\"},\"breadcrumb\":{\"@id\":\"https:\\\/\\\/kibrisdakik.com\\\/?p=49403#breadcrumb\"},\"inLanguage\":\"tr\",\"potentialAction\":[{\"@type\":\"ReadAction\",\"target\":[\"https:\\\/\\\/kibrisdakik.com\\\/?p=49403\"]}]},{\"@type\":\"ImageObject\",\"inLanguage\":\"tr\",\"@id\":\"https:\\\/\\\/kibrisdakik.com\\\/?p=49403#primaryimage\",\"url\":\"https:\\\/\\\/kibrisdakik.com\\\/wp-content\\\/uploads\\\/2024\\\/07\\\/bayrak-miting-740x420.jpg\",\"contentUrl\":\"https:\\\/\\\/kibrisdakik.com\\\/wp-content\\\/uploads\\\/2024\\\/07\\\/bayrak-miting-740x420.jpg\",\"width\":1132,\"height\":600},{\"@type\":\"BreadcrumbList\",\"@id\":\"https:\\\/\\\/kibrisdakik.com\\\/?p=49403#breadcrumb\",\"itemListElement\":[{\"@type\":\"ListItem\",\"position\":1,\"name\":\"Home\",\"item\":\"https:\\\/\\\/kibrisdakik.com\\\/\"},{\"@type\":\"ListItem\",\"position\":2,\"name\":\"15 Temmuz Demokrasi ve Milli Birlik Anma G\u00fcn\u00fc dolay\u0131s\u0131yla KKTC\u2019de de etkinlikler d\u00fczenlenecek\"}]},{\"@type\":\"WebSite\",\"@id\":\"https:\\\/\\\/kibrisdakik.com\\\/#website\",\"url\":\"https:\\\/\\\/kibrisdakik.com\\\/\",\"name\":\"\",\"description\":\"Tam vaktinde haber\",\"potentialAction\":[{\"@type\":\"SearchAction\",\"target\":{\"@type\":\"EntryPoint\",\"urlTemplate\":\"https:\\\/\\\/kibrisdakik.com\\\/?s={search_term_string}\"},\"query-input\":{\"@type\":\"PropertyValueSpecification\",\"valueRequired\":true,\"valueName\":\"search_term_string\"}}],\"inLanguage\":\"tr\"},{\"@type\":\"Person\",\"@id\":\"https:\\\/\\\/kibrisdakik.com\\\/#\\\/schema\\\/person\\\/9cd9d437bbb44f72b73ba127e06d8e79\",\"name\":\"admin\",\"image\":{\"@type\":\"ImageObject\",\"inLanguage\":\"tr\",\"@id\":\"https:\\\/\\\/secure.gravatar.com\\\/avatar\\\/ccc17943b9d660506c869530f897617f7cb1c21a4bf30023f252596d83e1f007?s=96&d=mm&r=g\",\"url\":\"https:\\\/\\\/secure.gravatar.com\\\/avatar\\\/ccc17943b9d660506c869530f897617f7cb1c21a4bf30023f252596d83e1f007?s=96&d=mm&r=g\",\"contentUrl\":\"https:\\\/\\\/secure.gravatar.com\\\/avatar\\\/ccc17943b9d660506c869530f897617f7cb1c21a4bf30023f252596d83e1f007?s=96&d=mm&r=g\",\"caption\":\"admin\"},\"sameAs\":[\"https:\\\/\\\/kibrisdakik.com\"],\"url\":\"https:\\\/\\\/kibrisdakik.com\\\/?author=1\"}]}<\/script>\n<!-- \/ Yoast SEO plugin. -->","yoast_head_json":{"title":"15 Temmuz Demokrasi ve Milli Birlik Anma G\u00fcn\u00fc dolay\u0131s\u0131yla KKTC\u2019de de etkinlikler d\u00fczenlenecek -","robots":{"index":"index","follow":"follow","max-snippet":"max-snippet:-1","max-image-preview":"max-image-preview:large","max-video-preview":"max-video-preview:-1"},"canonical":"https:\/\/kibrisdakik.com\/?p=49403","og_locale":"tr_TR","og_type":"article","og_title":"15 Temmuz Demokrasi ve Milli Birlik Anma G\u00fcn\u00fc dolay\u0131s\u0131yla KKTC\u2019de de etkinlikler d\u00fczenlenecek -","og_description":"Fetullah\u00e7\u0131 Ter\u00f6r \u00d6rg\u00fct\u00fc\u2019n\u00fcn (FET\u00d6) 15 Temmuz 2016\u2019daki darbe giri\u015fimi s\u0131ras\u0131nda \u015fehit d\u00fc\u015fenler KKTC\u2019de de an\u0131lacak, 15 Temmuz Demokrasi ve Milli Birlik Anma G\u00fcn\u00fc \u00e7er\u00e7evesinde etkinlikler d\u00fczenlenecek. T\u00fcrkiye Cumhuriyeti Lefko\u015fa B\u00fcy\u00fckel\u00e7ili\u011fi, 15 Temmuz Demokrasi ve Milli Birlik Anma G\u00fcn\u00fc etkinlikleri kapsam\u0131nda, yar\u0131n 12.00\u2019de, Hala Sultan Camii\u2019nde \u201c15 Temmuz \u015eehitlerini Yad\u201d Program\u0131 d\u00fczenleyecek. B\u00fcy\u00fckel\u00e7ilik, 15 Temmuz Demokrasi","og_url":"https:\/\/kibrisdakik.com\/?p=49403","article_published_time":"2024-07-11T13:23:57+00:00","og_image":[{"width":1132,"height":600,"url":"https:\/\/kibrisdakik.com\/wp-content\/uploads\/2024\/07\/bayrak-miting-740x420.jpg","type":"image\/jpeg"}],"author":"admin","twitter_card":"summary_large_image","twitter_misc":{"Yazan:":"admin","Tahmini okuma s\u00fcresi":"1 dakika"},"schema":{"@context":"https:\/\/schema.org","@graph":[{"@type":"Article","@id":"https:\/\/kibrisdakik.com\/?p=49403#article","isPartOf":{"@id":"https:\/\/kibrisdakik.com\/?p=49403"},"author":{"name":"admin","@id":"https:\/\/kibrisdakik.com\/#\/schema\/person\/9cd9d437bbb44f72b73ba127e06d8e79"},"headline":"15 Temmuz Demokrasi ve Milli Birlik Anma G\u00fcn\u00fc dolay\u0131s\u0131yla KKTC\u2019de de etkinlikler d\u00fczenlenecek","datePublished":"2024-07-11T13:23:57+00:00","mainEntityOfPage":{"@id":"https:\/\/kibrisdakik.com\/?p=49403"},"wordCount":152,"commentCount":0,"image":{"@id":"https:\/\/kibrisdakik.com\/?p=49403#primaryimage"},"thumbnailUrl":"https:\/\/kibrisdakik.com\/wp-content\/uploads\/2024\/07\/bayrak-miting-740x420.jpg","articleSection":["G\u00fcndem"],"inLanguage":"tr","potentialAction":[{"@type":"CommentAction","name":"Comment","target":["https:\/\/kibrisdakik.com\/?p=49403#respond"]}]},{"@type":"WebPage","@id":"https:\/\/kibrisdakik.com\/?p=49403","url":"https:\/\/kibrisdakik.com\/?p=49403","name":"15 Temmuz Demokrasi ve Milli Birlik Anma G\u00fcn\u00fc dolay\u0131s\u0131yla KKTC\u2019de de etkinlikler d\u00fczenlenecek -","isPartOf":{"@id":"https:\/\/kibrisdakik.com\/#website"},"primaryImageOfPage":{"@id":"https:\/\/kibrisdakik.com\/?p=49403#primaryimage"},"image":{"@id":"https:\/\/kibrisdakik.com\/?p=49403#primaryimage"},"thumbnailUrl":"https:\/\/kibrisdakik.com\/wp-content\/uploads\/2024\/07\/bayrak-miting-740x420.jpg","datePublished":"2024-07-11T13:23:57+00:00","author":{"@id":"https:\/\/kibrisdakik.com\/#\/schema\/person\/9cd9d437bbb44f72b73ba127e06d8e79"},"breadcrumb":{"@id":"https:\/\/kibrisdakik.com\/?p=49403#breadcrumb"},"inLanguage":"tr","potentialAction":[{"@type":"ReadAction","target":["https:\/\/kibrisdakik.com\/?p=49403"]}]},{"@type":"ImageObject","inLanguage":"tr","@id":"https:\/\/kibrisdakik.com\/?p=49403#primaryimage","url":"https:\/\/kibrisdakik.com\/wp-content\/uploads\/2024\/07\/bayrak-miting-740x420.jpg","contentUrl":"https:\/\/kibrisdakik.com\/wp-content\/uploads\/2024\/07\/bayrak-miting-740x420.jpg","width":1132,"height":600},{"@type":"BreadcrumbList","@id":"https:\/\/kibrisdakik.com\/?p=49403#breadcrumb","itemListElement":[{"@type":"ListItem","position":1,"name":"Home","item":"https:\/\/kibrisdakik.com\/"},{"@type":"ListItem","position":2,"name":"15 Temmuz Demokrasi ve Milli Birlik Anma G\u00fcn\u00fc dolay\u0131s\u0131yla KKTC\u2019de de etkinlikler d\u00fczenlenecek"}]},{"@type":"WebSite","@id":"https:\/\/kibrisdakik.com\/#website","url":"https:\/\/kibrisdakik.com\/","name":"","description":"Tam vaktinde haber","potentialAction":[{"@type":"SearchAction","target":{"@type":"EntryPoint","urlTemplate":"https:\/\/kibrisdakik.com\/?s={search_term_string}"},"query-input":{"@type":"PropertyValueSpecification","valueRequired":true,"valueName":"search_term_string"}}],"inLanguage":"tr"},{"@type":"Person","@id":"https:\/\/kibrisdakik.com\/#\/schema\/person\/9cd9d437bbb44f72b73ba127e06d8e79","name":"admin","image":{"@type":"ImageObject","inLanguage":"tr","@id":"https:\/\/secure.gravatar.com\/avatar\/ccc17943b9d660506c869530f897617f7cb1c21a4bf30023f252596d83e1f007?s=96&d=mm&r=g","url":"https:\/\/secure.gravatar.com\/avatar\/ccc17943b9d660506c869530f897617f7cb1c21a4bf30023f252596d83e1f007?s=96&d=mm&r=g","contentUrl":"https:\/\/secure.gravatar.com\/avatar\/ccc17943b9d660506c869530f897617f7cb1c21a4bf30023f252596d83e1f007?s=96&d=mm&r=g","caption":"admin"},"sameAs":["https:\/\/kibrisdakik.com"],"url":"https:\/\/kibrisdakik.com\/?author=1"}]}},"_links":{"self":[{"href":"https:\/\/kibrisdakik.com\/index.php?rest_route=\/wp\/v2\/posts\/49403","targetHints":{"allow":["GET"]}}],"collection":[{"href":"https:\/\/kibrisdakik.com\/index.php?rest_route=\/wp\/v2\/posts"}],"about":[{"href":"https:\/\/kibrisdakik.com\/index.php?rest_route=\/wp\/v2\/types\/post"}],"author":[{"embeddable":true,"href":"https:\/\/kibrisdakik.com\/index.php?rest_route=\/wp\/v2\/users\/1"}],"replies":[{"embeddable":true,"href":"https:\/\/kibrisdakik.com\/index.php?rest_route=%2Fwp%2Fv2%2Fcomments&post=49403"}],"version-history":[{"count":0,"href":"https:\/\/kibrisdakik.com\/index.php?rest_route=\/wp\/v2\/posts\/49403\/revisions"}],"wp:featuredmedia":[{"embeddable":true,"href":"https:\/\/kibrisdakik.com\/index.php?rest_route=\/wp\/v2\/media\/49404"}],"wp:attachment":[{"href":"https:\/\/kibrisdakik.com\/index.php?rest_route=%2Fwp%2Fv2%2Fmedia&parent=49403"}],"wp:term":[{"taxonomy":"category","embeddable":true,"href":"https:\/\/kibrisdakik.com\/index.php?rest_route=%2Fwp%2Fv2%2Fcategories&post=49403"},{"taxonomy":"post_tag","embeddable":true,"href":"https:\/\/kibrisdakik.com\/index.php?rest_route=%2Fwp%2Fv2%2Ftags&post=49403"}],"curies":[{"name":"wp","href":"https:\/\/api.w.org\/{rel}","templated":true}]}}