{"id":49439,"date":"2024-07-11T18:25:15","date_gmt":"2024-07-11T18:25:15","guid":{"rendered":"https:\/\/kibrisdakik.com\/index.php\/2024\/07\/11\/lefkosada-satirli-saldiri-polis-memurunun-kolu-kirildi\/"},"modified":"2024-07-11T18:25:15","modified_gmt":"2024-07-11T18:25:15","slug":"lefkosada-satirli-saldiri-polis-memurunun-kolu-kirildi","status":"publish","type":"post","link":"https:\/\/kibrisdakik.com\/?p=49439","title":{"rendered":"Lefko\u015fa\u2019da sat\u0131rl\u0131 sald\u0131r\u0131\u2026 Polis memurunun kolu k\u0131r\u0131ld\u0131"},"content":{"rendered":"<p><\/p>\n<div>\n<div class=\"mariselle-image-container center\">\n                <img loading=\"lazy\" decoding=\"async\" width=\"407\" height=\"413\" class=\"lazy-image\" alt=\"\" sizes=\"auto, (max-width: 407px) 100vw, 407px\" src=\"https:\/\/brtk.net\/wp-content\/uploads\/2024\/07\/11\/polis-logo-son91.jpg?ver=7b6e542a8ab502a7acba81715bd3dce5\" srcset=\"https:\/\/brtk.net\/wp-content\/uploads\/2024\/07\/11\/polis-logo-son91.jpg?ver=7b6e542a8ab502a7acba81715bd3dce5 407w, https:\/\/brtk.net\/wp-content\/uploads\/2024\/07\/11\/polis-logo-son91-296x300.jpg?ver=5e443ec91a85135e2718a06f7abfa628 296w\"\/>                            <\/div>\n<p>Lefko\u015fa\u2019da d\u00fcn 17.00 s\u0131ralar\u0131nda bir apartmanda ya\u015fanan olayda, U.M.M. (25), kendisine apartman\u0131 terk etmesini s\u00f6yledi\u011fi gerek\u00e7esiyle apartman sakini V.K\u2019nin (45) kap\u0131s\u0131n\u0131 tekmeleyerek rahats\u0131zl\u0131k yaratt\u0131. U.M.M. daha sonra, yan\u0131nda bulundurdu\u011fu b\u0131\u00e7ak ve sat\u0131r ile ikametgah\u0131ndan d\u0131\u015far\u0131ya \u00e7\u0131kan V.K.\u2019ye sald\u0131rd\u0131 ve darp etti.<\/p>\n<p>Olay yerine gelen polis ekipleri, U.M.M.\u2019yi tutuklamaya \u00e7al\u0131\u015ft\u0131. Ancak U.M.M., g\u00f6revli polisleri iterek darp etti ve bir polis memurunun sa\u011f kolunun k\u0131r\u0131lmas\u0131na neden oldu. U.M.M. tutuklanarak polis merkezine g\u00f6t\u00fcr\u00fclmek \u00fczere polis arac\u0131na yerle\u015ftirildi, ancak polis arac\u0131n\u0131 da kasten hasara u\u011fratt\u0131.<\/p>\n<p>Olay sonucu yaralanan V.K. ve polis memuru, Lefko\u015fa Dr. Burhan Nalbanto\u011flu Devlet Hastanesi\u2019ne kald\u0131r\u0131ld\u0131. Tedavilerinin ard\u0131ndan her iki yaral\u0131 da taburcu edildi. Polis, olayla ilgili soru\u015fturman\u0131n devam etti\u011fini bildirdi.<\/p>\n<\/p><\/div>\n<p><script async\n                    defer\n                    crossorigin=\"anonymous\"\n                    src=\"https:\/\/connect.facebook.net\/tr_TR\/sdk.js#xfbml=1&#038;version=v3.3\"\n            ><\/script><\/p>\n","protected":false},"excerpt":{"rendered":"<p>Lefko\u015fa\u2019da d\u00fcn 17.00 s\u0131ralar\u0131nda bir apartmanda ya\u015fanan olayda, U.M.M. (25), kendisine apartman\u0131 terk etmesini s\u00f6yledi\u011fi gerek\u00e7esiyle apartman sakini V.K\u2019nin (45) kap\u0131s\u0131n\u0131 tekmeleyerek rahats\u0131zl\u0131k yaratt\u0131. U.M.M. daha sonra, yan\u0131nda bulundurdu\u011fu b\u0131\u00e7ak ve sat\u0131r ile ikametgah\u0131ndan d\u0131\u015far\u0131ya \u00e7\u0131kan V.K.\u2019ye sald\u0131rd\u0131 ve darp etti. Olay yerine gelen polis ekipleri, U.M.M.\u2019yi tutuklamaya \u00e7al\u0131\u015ft\u0131. Ancak U.M.M., g\u00f6revli polisleri iterek darp<\/p>\n","protected":false},"author":1,"featured_media":14771,"comment_status":"open","ping_status":"open","sticky":false,"template":"","format":"standard","meta":{"footnotes":""},"categories":[1],"tags":[],"class_list":["post-49439","post","type-post","status-publish","format-standard","has-post-thumbnail","hentry","category-gundem"],"yoast_head":"<!-- This site is optimized with the Yoast SEO plugin v27.4 - https:\/\/yoast.com\/product\/yoast-seo-wordpress\/ -->\n<title>Lefko\u015fa\u2019da sat\u0131rl\u0131 sald\u0131r\u0131\u2026 Polis memurunun kolu k\u0131r\u0131ld\u0131 -<\/title>\n<meta name=\"robots\" content=\"index, follow, max-snippet:-1, max-image-preview:large, max-video-preview:-1\" \/>\n<link rel=\"canonical\" href=\"https:\/\/kibrisdakik.com\/?p=49439\" \/>\n<meta property=\"og:locale\" content=\"tr_TR\" \/>\n<meta property=\"og:type\" content=\"article\" \/>\n<meta property=\"og:title\" content=\"Lefko\u015fa\u2019da sat\u0131rl\u0131 sald\u0131r\u0131\u2026 Polis memurunun kolu k\u0131r\u0131ld\u0131 -\" \/>\n<meta property=\"og:description\" content=\"Lefko\u015fa\u2019da d\u00fcn 17.00 s\u0131ralar\u0131nda bir apartmanda ya\u015fanan olayda, U.M.M. (25), kendisine apartman\u0131 terk etmesini s\u00f6yledi\u011fi gerek\u00e7esiyle apartman sakini V.K\u2019nin (45) kap\u0131s\u0131n\u0131 tekmeleyerek rahats\u0131zl\u0131k yaratt\u0131. U.M.M. daha sonra, yan\u0131nda bulundurdu\u011fu b\u0131\u00e7ak ve sat\u0131r ile ikametgah\u0131ndan d\u0131\u015far\u0131ya \u00e7\u0131kan V.K.\u2019ye sald\u0131rd\u0131 ve darp etti. Olay yerine gelen polis ekipleri, U.M.M.\u2019yi tutuklamaya \u00e7al\u0131\u015ft\u0131. Ancak U.M.M., g\u00f6revli polisleri iterek darp\" \/>\n<meta property=\"og:url\" content=\"https:\/\/kibrisdakik.com\/?p=49439\" \/>\n<meta property=\"article:published_time\" content=\"2024-07-11T18:25:15+00:00\" \/>\n<meta property=\"og:image\" content=\"https:\/\/kibrisdakik.com\/wp-content\/uploads\/2023\/09\/renkli-polis.jpg\" \/>\n\t<meta property=\"og:image:width\" content=\"512\" \/>\n\t<meta property=\"og:image:height\" content=\"237\" \/>\n\t<meta property=\"og:image:type\" content=\"image\/jpeg\" \/>\n<meta name=\"author\" content=\"admin\" \/>\n<meta name=\"twitter:card\" content=\"summary_large_image\" \/>\n<meta name=\"twitter:label1\" content=\"Yazan:\" \/>\n\t<meta name=\"twitter:data1\" content=\"admin\" \/>\n\t<meta name=\"twitter:label2\" content=\"Tahmini okuma s\u00fcresi\" \/>\n\t<meta name=\"twitter:data2\" content=\"1 dakika\" \/>\n<script type=\"application\/ld+json\" class=\"yoast-schema-graph\">{\"@context\":\"https:\\\/\\\/schema.org\",\"@graph\":[{\"@type\":\"Article\",\"@id\":\"https:\\\/\\\/kibrisdakik.com\\\/?p=49439#article\",\"isPartOf\":{\"@id\":\"https:\\\/\\\/kibrisdakik.com\\\/?p=49439\"},\"author\":{\"name\":\"admin\",\"@id\":\"https:\\\/\\\/kibrisdakik.com\\\/#\\\/schema\\\/person\\\/9cd9d437bbb44f72b73ba127e06d8e79\"},\"headline\":\"Lefko\u015fa\u2019da sat\u0131rl\u0131 sald\u0131r\u0131\u2026 Polis memurunun kolu k\u0131r\u0131ld\u0131\",\"datePublished\":\"2024-07-11T18:25:15+00:00\",\"mainEntityOfPage\":{\"@id\":\"https:\\\/\\\/kibrisdakik.com\\\/?p=49439\"},\"wordCount\":178,\"commentCount\":0,\"image\":{\"@id\":\"https:\\\/\\\/kibrisdakik.com\\\/?p=49439#primaryimage\"},\"thumbnailUrl\":\"https:\\\/\\\/kibrisdakik.com\\\/wp-content\\\/uploads\\\/2023\\\/09\\\/renkli-polis.jpg\",\"articleSection\":[\"G\u00fcndem\"],\"inLanguage\":\"tr\",\"potentialAction\":[{\"@type\":\"CommentAction\",\"name\":\"Comment\",\"target\":[\"https:\\\/\\\/kibrisdakik.com\\\/?p=49439#respond\"]}]},{\"@type\":\"WebPage\",\"@id\":\"https:\\\/\\\/kibrisdakik.com\\\/?p=49439\",\"url\":\"https:\\\/\\\/kibrisdakik.com\\\/?p=49439\",\"name\":\"Lefko\u015fa\u2019da sat\u0131rl\u0131 sald\u0131r\u0131\u2026 Polis memurunun kolu k\u0131r\u0131ld\u0131 -\",\"isPartOf\":{\"@id\":\"https:\\\/\\\/kibrisdakik.com\\\/#website\"},\"primaryImageOfPage\":{\"@id\":\"https:\\\/\\\/kibrisdakik.com\\\/?p=49439#primaryimage\"},\"image\":{\"@id\":\"https:\\\/\\\/kibrisdakik.com\\\/?p=49439#primaryimage\"},\"thumbnailUrl\":\"https:\\\/\\\/kibrisdakik.com\\\/wp-content\\\/uploads\\\/2023\\\/09\\\/renkli-polis.jpg\",\"datePublished\":\"2024-07-11T18:25:15+00:00\",\"author\":{\"@id\":\"https:\\\/\\\/kibrisdakik.com\\\/#\\\/schema\\\/person\\\/9cd9d437bbb44f72b73ba127e06d8e79\"},\"breadcrumb\":{\"@id\":\"https:\\\/\\\/kibrisdakik.com\\\/?p=49439#breadcrumb\"},\"inLanguage\":\"tr\",\"potentialAction\":[{\"@type\":\"ReadAction\",\"target\":[\"https:\\\/\\\/kibrisdakik.com\\\/?p=49439\"]}]},{\"@type\":\"ImageObject\",\"inLanguage\":\"tr\",\"@id\":\"https:\\\/\\\/kibrisdakik.com\\\/?p=49439#primaryimage\",\"url\":\"https:\\\/\\\/kibrisdakik.com\\\/wp-content\\\/uploads\\\/2023\\\/09\\\/renkli-polis.jpg\",\"contentUrl\":\"https:\\\/\\\/kibrisdakik.com\\\/wp-content\\\/uploads\\\/2023\\\/09\\\/renkli-polis.jpg\",\"width\":512,\"height\":237},{\"@type\":\"BreadcrumbList\",\"@id\":\"https:\\\/\\\/kibrisdakik.com\\\/?p=49439#breadcrumb\",\"itemListElement\":[{\"@type\":\"ListItem\",\"position\":1,\"name\":\"Home\",\"item\":\"https:\\\/\\\/kibrisdakik.com\\\/\"},{\"@type\":\"ListItem\",\"position\":2,\"name\":\"Lefko\u015fa\u2019da sat\u0131rl\u0131 sald\u0131r\u0131\u2026 Polis memurunun kolu k\u0131r\u0131ld\u0131\"}]},{\"@type\":\"WebSite\",\"@id\":\"https:\\\/\\\/kibrisdakik.com\\\/#website\",\"url\":\"https:\\\/\\\/kibrisdakik.com\\\/\",\"name\":\"\",\"description\":\"Tam vaktinde haber\",\"potentialAction\":[{\"@type\":\"SearchAction\",\"target\":{\"@type\":\"EntryPoint\",\"urlTemplate\":\"https:\\\/\\\/kibrisdakik.com\\\/?s={search_term_string}\"},\"query-input\":{\"@type\":\"PropertyValueSpecification\",\"valueRequired\":true,\"valueName\":\"search_term_string\"}}],\"inLanguage\":\"tr\"},{\"@type\":\"Person\",\"@id\":\"https:\\\/\\\/kibrisdakik.com\\\/#\\\/schema\\\/person\\\/9cd9d437bbb44f72b73ba127e06d8e79\",\"name\":\"admin\",\"image\":{\"@type\":\"ImageObject\",\"inLanguage\":\"tr\",\"@id\":\"https:\\\/\\\/secure.gravatar.com\\\/avatar\\\/ccc17943b9d660506c869530f897617f7cb1c21a4bf30023f252596d83e1f007?s=96&d=mm&r=g\",\"url\":\"https:\\\/\\\/secure.gravatar.com\\\/avatar\\\/ccc17943b9d660506c869530f897617f7cb1c21a4bf30023f252596d83e1f007?s=96&d=mm&r=g\",\"contentUrl\":\"https:\\\/\\\/secure.gravatar.com\\\/avatar\\\/ccc17943b9d660506c869530f897617f7cb1c21a4bf30023f252596d83e1f007?s=96&d=mm&r=g\",\"caption\":\"admin\"},\"sameAs\":[\"https:\\\/\\\/kibrisdakik.com\"],\"url\":\"https:\\\/\\\/kibrisdakik.com\\\/?author=1\"}]}<\/script>\n<!-- \/ Yoast SEO plugin. -->","yoast_head_json":{"title":"Lefko\u015fa\u2019da sat\u0131rl\u0131 sald\u0131r\u0131\u2026 Polis memurunun kolu k\u0131r\u0131ld\u0131 -","robots":{"index":"index","follow":"follow","max-snippet":"max-snippet:-1","max-image-preview":"max-image-preview:large","max-video-preview":"max-video-preview:-1"},"canonical":"https:\/\/kibrisdakik.com\/?p=49439","og_locale":"tr_TR","og_type":"article","og_title":"Lefko\u015fa\u2019da sat\u0131rl\u0131 sald\u0131r\u0131\u2026 Polis memurunun kolu k\u0131r\u0131ld\u0131 -","og_description":"Lefko\u015fa\u2019da d\u00fcn 17.00 s\u0131ralar\u0131nda bir apartmanda ya\u015fanan olayda, U.M.M. (25), kendisine apartman\u0131 terk etmesini s\u00f6yledi\u011fi gerek\u00e7esiyle apartman sakini V.K\u2019nin (45) kap\u0131s\u0131n\u0131 tekmeleyerek rahats\u0131zl\u0131k yaratt\u0131. U.M.M. daha sonra, yan\u0131nda bulundurdu\u011fu b\u0131\u00e7ak ve sat\u0131r ile ikametgah\u0131ndan d\u0131\u015far\u0131ya \u00e7\u0131kan V.K.\u2019ye sald\u0131rd\u0131 ve darp etti. Olay yerine gelen polis ekipleri, U.M.M.\u2019yi tutuklamaya \u00e7al\u0131\u015ft\u0131. Ancak U.M.M., g\u00f6revli polisleri iterek darp","og_url":"https:\/\/kibrisdakik.com\/?p=49439","article_published_time":"2024-07-11T18:25:15+00:00","og_image":[{"width":512,"height":237,"url":"https:\/\/kibrisdakik.com\/wp-content\/uploads\/2023\/09\/renkli-polis.jpg","type":"image\/jpeg"}],"author":"admin","twitter_card":"summary_large_image","twitter_misc":{"Yazan:":"admin","Tahmini okuma s\u00fcresi":"1 dakika"},"schema":{"@context":"https:\/\/schema.org","@graph":[{"@type":"Article","@id":"https:\/\/kibrisdakik.com\/?p=49439#article","isPartOf":{"@id":"https:\/\/kibrisdakik.com\/?p=49439"},"author":{"name":"admin","@id":"https:\/\/kibrisdakik.com\/#\/schema\/person\/9cd9d437bbb44f72b73ba127e06d8e79"},"headline":"Lefko\u015fa\u2019da sat\u0131rl\u0131 sald\u0131r\u0131\u2026 Polis memurunun kolu k\u0131r\u0131ld\u0131","datePublished":"2024-07-11T18:25:15+00:00","mainEntityOfPage":{"@id":"https:\/\/kibrisdakik.com\/?p=49439"},"wordCount":178,"commentCount":0,"image":{"@id":"https:\/\/kibrisdakik.com\/?p=49439#primaryimage"},"thumbnailUrl":"https:\/\/kibrisdakik.com\/wp-content\/uploads\/2023\/09\/renkli-polis.jpg","articleSection":["G\u00fcndem"],"inLanguage":"tr","potentialAction":[{"@type":"CommentAction","name":"Comment","target":["https:\/\/kibrisdakik.com\/?p=49439#respond"]}]},{"@type":"WebPage","@id":"https:\/\/kibrisdakik.com\/?p=49439","url":"https:\/\/kibrisdakik.com\/?p=49439","name":"Lefko\u015fa\u2019da sat\u0131rl\u0131 sald\u0131r\u0131\u2026 Polis memurunun kolu k\u0131r\u0131ld\u0131 -","isPartOf":{"@id":"https:\/\/kibrisdakik.com\/#website"},"primaryImageOfPage":{"@id":"https:\/\/kibrisdakik.com\/?p=49439#primaryimage"},"image":{"@id":"https:\/\/kibrisdakik.com\/?p=49439#primaryimage"},"thumbnailUrl":"https:\/\/kibrisdakik.com\/wp-content\/uploads\/2023\/09\/renkli-polis.jpg","datePublished":"2024-07-11T18:25:15+00:00","author":{"@id":"https:\/\/kibrisdakik.com\/#\/schema\/person\/9cd9d437bbb44f72b73ba127e06d8e79"},"breadcrumb":{"@id":"https:\/\/kibrisdakik.com\/?p=49439#breadcrumb"},"inLanguage":"tr","potentialAction":[{"@type":"ReadAction","target":["https:\/\/kibrisdakik.com\/?p=49439"]}]},{"@type":"ImageObject","inLanguage":"tr","@id":"https:\/\/kibrisdakik.com\/?p=49439#primaryimage","url":"https:\/\/kibrisdakik.com\/wp-content\/uploads\/2023\/09\/renkli-polis.jpg","contentUrl":"https:\/\/kibrisdakik.com\/wp-content\/uploads\/2023\/09\/renkli-polis.jpg","width":512,"height":237},{"@type":"BreadcrumbList","@id":"https:\/\/kibrisdakik.com\/?p=49439#breadcrumb","itemListElement":[{"@type":"ListItem","position":1,"name":"Home","item":"https:\/\/kibrisdakik.com\/"},{"@type":"ListItem","position":2,"name":"Lefko\u015fa\u2019da sat\u0131rl\u0131 sald\u0131r\u0131\u2026 Polis memurunun kolu k\u0131r\u0131ld\u0131"}]},{"@type":"WebSite","@id":"https:\/\/kibrisdakik.com\/#website","url":"https:\/\/kibrisdakik.com\/","name":"","description":"Tam vaktinde haber","potentialAction":[{"@type":"SearchAction","target":{"@type":"EntryPoint","urlTemplate":"https:\/\/kibrisdakik.com\/?s={search_term_string}"},"query-input":{"@type":"PropertyValueSpecification","valueRequired":true,"valueName":"search_term_string"}}],"inLanguage":"tr"},{"@type":"Person","@id":"https:\/\/kibrisdakik.com\/#\/schema\/person\/9cd9d437bbb44f72b73ba127e06d8e79","name":"admin","image":{"@type":"ImageObject","inLanguage":"tr","@id":"https:\/\/secure.gravatar.com\/avatar\/ccc17943b9d660506c869530f897617f7cb1c21a4bf30023f252596d83e1f007?s=96&d=mm&r=g","url":"https:\/\/secure.gravatar.com\/avatar\/ccc17943b9d660506c869530f897617f7cb1c21a4bf30023f252596d83e1f007?s=96&d=mm&r=g","contentUrl":"https:\/\/secure.gravatar.com\/avatar\/ccc17943b9d660506c869530f897617f7cb1c21a4bf30023f252596d83e1f007?s=96&d=mm&r=g","caption":"admin"},"sameAs":["https:\/\/kibrisdakik.com"],"url":"https:\/\/kibrisdakik.com\/?author=1"}]}},"_links":{"self":[{"href":"https:\/\/kibrisdakik.com\/index.php?rest_route=\/wp\/v2\/posts\/49439","targetHints":{"allow":["GET"]}}],"collection":[{"href":"https:\/\/kibrisdakik.com\/index.php?rest_route=\/wp\/v2\/posts"}],"about":[{"href":"https:\/\/kibrisdakik.com\/index.php?rest_route=\/wp\/v2\/types\/post"}],"author":[{"embeddable":true,"href":"https:\/\/kibrisdakik.com\/index.php?rest_route=\/wp\/v2\/users\/1"}],"replies":[{"embeddable":true,"href":"https:\/\/kibrisdakik.com\/index.php?rest_route=%2Fwp%2Fv2%2Fcomments&post=49439"}],"version-history":[{"count":0,"href":"https:\/\/kibrisdakik.com\/index.php?rest_route=\/wp\/v2\/posts\/49439\/revisions"}],"wp:featuredmedia":[{"embeddable":true,"href":"https:\/\/kibrisdakik.com\/index.php?rest_route=\/wp\/v2\/media\/14771"}],"wp:attachment":[{"href":"https:\/\/kibrisdakik.com\/index.php?rest_route=%2Fwp%2Fv2%2Fmedia&parent=49439"}],"wp:term":[{"taxonomy":"category","embeddable":true,"href":"https:\/\/kibrisdakik.com\/index.php?rest_route=%2Fwp%2Fv2%2Fcategories&post=49439"},{"taxonomy":"post_tag","embeddable":true,"href":"https:\/\/kibrisdakik.com\/index.php?rest_route=%2Fwp%2Fv2%2Ftags&post=49439"}],"curies":[{"name":"wp","href":"https:\/\/api.w.org\/{rel}","templated":true}]}}