{"id":49459,"date":"2024-07-11T21:31:58","date_gmt":"2024-07-11T21:31:58","guid":{"rendered":"https:\/\/kibrisdakik.com\/index.php\/2024\/07\/11\/abdde-bidenin-adayliktan-cekilmesini-isteyenlerin-orani-yuzde-67-cikti\/"},"modified":"2024-07-11T21:31:58","modified_gmt":"2024-07-11T21:31:58","slug":"abdde-bidenin-adayliktan-cekilmesini-isteyenlerin-orani-yuzde-67-cikti","status":"publish","type":"post","link":"https:\/\/kibrisdakik.com\/?p=49459","title":{"rendered":"ABD&#039;de Biden&#039;\u0131n adayl\u0131ktan \u00e7ekilmesini isteyenlerin oran\u0131 y\u00fczde 67 \u00e7\u0131kt\u0131"},"content":{"rendered":"<p><img decoding=\"async\" src=\"https:\/\/www.kibristurk.com\/images\/haberler\/2024\/07\/abdde-bidenin-adayliktan-cekilmesini-isteyenlerin-orani-yuzde-67-cikti-1720731484.webp\" \/><\/p>\n<p>ABC News, Washington Post ve Ipsos taraf\u0131ndan 5-9 Temmuz tarihleri aras\u0131nda \u00fclke genelinde 2 bin 431 kat\u0131l\u0131mc\u0131 ile ger\u00e7ekle\u015ftirilen anket, Biden&#8217;\u0131n adayl\u0131ktan \u00e7ekilme tart\u0131\u015fmalar\u0131 ve Trump kar\u015f\u0131s\u0131nda sand\u0131ktaki son durumu ortaya koydu.<\/p>\n<p>Ankete kat\u0131lanlar\u0131n y\u00fczde 85&#8217;i Biden&#8217;\u0131n ikinci d\u00f6nem ba\u015fkanl\u0131k i\u00e7in &#8220;\u00e7ok ya\u015fl\u0131&#8221; oldu\u011funu s\u00f6ylerken, y\u00fczde 67&#8217;si ise kas\u0131mda yap\u0131lacak ba\u015fkanl\u0131k se\u00e7imleri i\u00e7in adayl\u0131ktan \u00e7ekilmesi gerekti\u011fini belirtti.<\/p>\n<p>Ayn\u0131 anket \u015firketinin bir y\u0131l \u00f6nce yapt\u0131\u011f\u0131 benzer ankette ise Biden&#8217;\u0131n ba\u015fkanl\u0131k i\u00e7in \u00e7ok ya\u015fl\u0131 oldu\u011funu d\u00fc\u015f\u00fcnenlerin y\u00fczde 68 seviyesinde oldu\u011funa dikkat \u00e7ekildi.<\/p>\n<p>Son ankette, Trump&#8217;\u0131n ya\u015fl\u0131 oldu\u011funu d\u00fc\u015f\u00fcnenlerin oran\u0131 y\u00fczde 60 \u00e7\u0131karken, bir y\u0131l \u00f6nceki ankette de bunun y\u00fczde 44 oldu\u011funa i\u015faret edildi.<\/p>\n<h2>Sand\u0131kta Trump Biden&#8217;dan 1 puan \u00f6nde<\/h2>\n<p>Biden&#8217;\u0131n ya\u015f\u0131 ve sa\u011fl\u0131k durumu nedeniyle yar\u0131\u015ftan \u00e7ekilme tart\u0131\u015fmalar\u0131 s\u00fcrerken, bug\u00fcn&nbsp;<a href=\"https:\/\/www.trthaber.com\/etiket\/secim\/\" target=\"_blank\" rel=\"noopener\">se\u00e7im<\/a>&nbsp;olmas\u0131 halinde ise Trump&#8217;a kar\u015f\u0131 oy oran\u0131n\u0131n sadece bir puan geriden gitti\u011fi g\u00f6r\u00fcld\u00fc.<\/p>\n<p>Ankette, &#8220;Bug\u00fcn&nbsp;<a href=\"https:\/\/secim.trthaber.com\/\" target=\"_blank\" title=\"se\u00e7im\" rel=\"noopener\">se\u00e7im<\/a>&nbsp;olsayd\u0131 kime oy verirdiniz?&#8221; sorusuna kat\u0131l\u0131mc\u0131lar\u0131n y\u00fczde 46&#8217;s\u0131 Biden derken, y\u00fczde 47&#8217;si Trump&#8217;a oy verece\u011fini belirtti.<\/p>\n<p>Biden&#8217;\u0131n yar\u0131\u015ftan \u00e7ekilmesi ve Trump&#8217;a kar\u015f\u0131 yerine Ba\u015fkan Yard\u0131mc\u0131s\u0131 Kamala Harris&#8217;in gelmesi halinde ise Trump&#8217;\u0131n y\u00fczde 46 oyuna kar\u015f\u0131 Harris y\u00fczde 49 ile 3 puan \u00f6nde \u00e7\u0131kt\u0131.<\/p>\n<p>Ayn\u0131 anket \u015firketi taraf\u0131ndan nisanda yap\u0131lan bir \u00f6nceki ankette Trump y\u00fczde 46, Biden ise y\u00fczde 44 oran\u0131nda kat\u0131l\u0131mc\u0131lardan oy alm\u0131\u015ft\u0131.<\/p>\n<p>Anket sonu\u00e7lar\u0131, sand\u0131kta oy kullanmaya gelindi\u011finde Trump ile ba\u015fa ba\u015f gitmesinden dolay\u0131 Biden&#8217;\u0131n 27 Haziran&#8217;daki canl\u0131 yay\u0131ndaki tart\u0131\u015fmadan \u00e7ok fazla zarar g\u00f6rmedi\u011fi \u015feklinde yorumland\u0131.<\/p>\n<h2>\u0130lk canl\u0131 yay\u0131n ve Biden&#8217;\u0131n sa\u011fl\u0131k durumu tart\u0131\u015fmalar\u0131<\/h2>\n<p>ABD&#8217;de 5 Kas\u0131m&#8217;da yap\u0131lacak ba\u015fkanl\u0131k se\u00e7imleri i\u00e7in yar\u0131\u015fan Demokrat Partili&nbsp;<a href=\"https:\/\/www.trthaber.com\/etiket\/joe-biden\/\" target=\"_blank\" rel=\"noopener\">Joe Biden<\/a>&nbsp;ile Cumhuriyet\u00e7i rakibi Donald Trump, 27 Haziran gecesi CNN&#8217;deki ilk canl\u0131 yay\u0131n tart\u0131\u015fmas\u0131nda kozlar\u0131n\u0131 payla\u015fm\u0131\u015ft\u0131.<\/p>\n<p>81 ya\u015f\u0131ndaki Biden, ikinci d\u00f6nem adayl\u0131\u011f\u0131nda ya\u015f\u0131 konusunda duyulan kayg\u0131lar\u0131 giderecek performans sergileyememi\u015f, program sonras\u0131 yo\u011fun ele\u015ftirilere maruz kalm\u0131\u015ft\u0131.<\/p>\n<p>Demokrat Partili kesimden ve Biden&#8217;\u0131 destekleyen baz\u0131&nbsp;<a href=\"https:\/\/www.trthaber.com\/etiket\/medya\/\" target=\"_blank\" rel=\"noopener\">medya<\/a>&nbsp;kurulu\u015flar\u0131ndan, Biden&#8217;a &#8220;ba\u015fkanl\u0131k se\u00e7imlerinden \u00e7ekilmesi&#8221; \u00e7a\u011fr\u0131s\u0131 yap\u0131lm\u0131\u015ft\u0131.<\/p>\n<p>Biden ise sa\u011fl\u0131k durumunun eskisi gibi olmad\u0131\u011f\u0131n\u0131 kabul ederek, Trump&#8217;a kar\u015f\u0131 en iyi alternatifin halen kendisi oldu\u011funu belirtmi\u015f ve yar\u0131\u015ftan \u00e7ekilmeyece\u011fini a\u00e7\u0131klam\u0131\u015ft\u0131.<\/p>\n","protected":false},"excerpt":{"rendered":"<p>ABC News, Washington Post ve Ipsos taraf\u0131ndan 5-9 Temmuz tarihleri aras\u0131nda \u00fclke genelinde 2 bin 431 kat\u0131l\u0131mc\u0131 ile ger\u00e7ekle\u015ftirilen anket, Biden&#8217;\u0131n adayl\u0131ktan \u00e7ekilme tart\u0131\u015fmalar\u0131 ve Trump kar\u015f\u0131s\u0131nda sand\u0131ktaki son durumu ortaya koydu. Ankete kat\u0131lanlar\u0131n y\u00fczde 85&#8217;i Biden&#8217;\u0131n ikinci d\u00f6nem ba\u015fkanl\u0131k i\u00e7in &#8220;\u00e7ok ya\u015fl\u0131&#8221; oldu\u011funu s\u00f6ylerken, y\u00fczde 67&#8217;si ise kas\u0131mda yap\u0131lacak ba\u015fkanl\u0131k se\u00e7imleri i\u00e7in adayl\u0131ktan \u00e7ekilmesi<\/p>\n","protected":false},"author":1,"featured_media":49460,"comment_status":"open","ping_status":"open","sticky":false,"template":"","format":"standard","meta":{"footnotes":""},"categories":[79],"tags":[],"class_list":["post-49459","post","type-post","status-publish","format-standard","has-post-thumbnail","hentry","category-ekonomi"],"yoast_head":"<!-- This site is optimized with the Yoast SEO plugin v27.4 - https:\/\/yoast.com\/product\/yoast-seo-wordpress\/ -->\n<title>ABD&#039;de Biden&#039;\u0131n adayl\u0131ktan \u00e7ekilmesini isteyenlerin oran\u0131 y\u00fczde 67 \u00e7\u0131kt\u0131 -<\/title>\n<meta name=\"robots\" content=\"index, follow, max-snippet:-1, max-image-preview:large, max-video-preview:-1\" \/>\n<link rel=\"canonical\" href=\"https:\/\/kibrisdakik.com\/?p=49459\" \/>\n<meta property=\"og:locale\" content=\"tr_TR\" \/>\n<meta property=\"og:type\" content=\"article\" \/>\n<meta property=\"og:title\" content=\"ABD&#039;de Biden&#039;\u0131n adayl\u0131ktan \u00e7ekilmesini isteyenlerin oran\u0131 y\u00fczde 67 \u00e7\u0131kt\u0131 -\" \/>\n<meta property=\"og:description\" content=\"ABC News, Washington Post ve Ipsos taraf\u0131ndan 5-9 Temmuz tarihleri aras\u0131nda \u00fclke genelinde 2 bin 431 kat\u0131l\u0131mc\u0131 ile ger\u00e7ekle\u015ftirilen anket, Biden&#8217;\u0131n adayl\u0131ktan \u00e7ekilme tart\u0131\u015fmalar\u0131 ve Trump kar\u015f\u0131s\u0131nda sand\u0131ktaki son durumu ortaya koydu. Ankete kat\u0131lanlar\u0131n y\u00fczde 85&#8217;i Biden&#8217;\u0131n ikinci d\u00f6nem ba\u015fkanl\u0131k i\u00e7in &#8220;\u00e7ok ya\u015fl\u0131&#8221; oldu\u011funu s\u00f6ylerken, y\u00fczde 67&#8217;si ise kas\u0131mda yap\u0131lacak ba\u015fkanl\u0131k se\u00e7imleri i\u00e7in adayl\u0131ktan \u00e7ekilmesi\" \/>\n<meta property=\"og:url\" content=\"https:\/\/kibrisdakik.com\/?p=49459\" \/>\n<meta property=\"article:published_time\" content=\"2024-07-11T21:31:58+00:00\" \/>\n<meta property=\"og:image\" content=\"https:\/\/kibrisdakik.com\/wp-content\/uploads\/2024\/07\/abdde-bidenin-adayliktan-cekilmesini-isteyenlerin-orani-yuzde-67-cikti-1720731484.webp.webp\" \/>\n\t<meta property=\"og:image:width\" content=\"710\" \/>\n\t<meta property=\"og:image:height\" content=\"370\" \/>\n\t<meta property=\"og:image:type\" content=\"image\/webp\" \/>\n<meta name=\"author\" content=\"admin\" \/>\n<meta name=\"twitter:card\" content=\"summary_large_image\" \/>\n<meta name=\"twitter:label1\" content=\"Yazan:\" \/>\n\t<meta name=\"twitter:data1\" content=\"admin\" \/>\n\t<meta name=\"twitter:label2\" content=\"Tahmini okuma s\u00fcresi\" \/>\n\t<meta name=\"twitter:data2\" content=\"2 dakika\" \/>\n<script type=\"application\/ld+json\" class=\"yoast-schema-graph\">{\"@context\":\"https:\\\/\\\/schema.org\",\"@graph\":[{\"@type\":\"Article\",\"@id\":\"https:\\\/\\\/kibrisdakik.com\\\/?p=49459#article\",\"isPartOf\":{\"@id\":\"https:\\\/\\\/kibrisdakik.com\\\/?p=49459\"},\"author\":{\"name\":\"admin\",\"@id\":\"https:\\\/\\\/kibrisdakik.com\\\/#\\\/schema\\\/person\\\/9cd9d437bbb44f72b73ba127e06d8e79\"},\"headline\":\"ABD&#039;de Biden&#039;\u0131n adayl\u0131ktan \u00e7ekilmesini isteyenlerin oran\u0131 y\u00fczde 67 \u00e7\u0131kt\u0131\",\"datePublished\":\"2024-07-11T21:31:58+00:00\",\"mainEntityOfPage\":{\"@id\":\"https:\\\/\\\/kibrisdakik.com\\\/?p=49459\"},\"wordCount\":461,\"commentCount\":0,\"image\":{\"@id\":\"https:\\\/\\\/kibrisdakik.com\\\/?p=49459#primaryimage\"},\"thumbnailUrl\":\"https:\\\/\\\/kibrisdakik.com\\\/wp-content\\\/uploads\\\/2024\\\/07\\\/abdde-bidenin-adayliktan-cekilmesini-isteyenlerin-orani-yuzde-67-cikti-1720731484.webp.webp\",\"articleSection\":[\"Ekonomi\"],\"inLanguage\":\"tr\",\"potentialAction\":[{\"@type\":\"CommentAction\",\"name\":\"Comment\",\"target\":[\"https:\\\/\\\/kibrisdakik.com\\\/?p=49459#respond\"]}]},{\"@type\":\"WebPage\",\"@id\":\"https:\\\/\\\/kibrisdakik.com\\\/?p=49459\",\"url\":\"https:\\\/\\\/kibrisdakik.com\\\/?p=49459\",\"name\":\"ABD&#039;de Biden&#039;\u0131n adayl\u0131ktan \u00e7ekilmesini isteyenlerin oran\u0131 y\u00fczde 67 \u00e7\u0131kt\u0131 -\",\"isPartOf\":{\"@id\":\"https:\\\/\\\/kibrisdakik.com\\\/#website\"},\"primaryImageOfPage\":{\"@id\":\"https:\\\/\\\/kibrisdakik.com\\\/?p=49459#primaryimage\"},\"image\":{\"@id\":\"https:\\\/\\\/kibrisdakik.com\\\/?p=49459#primaryimage\"},\"thumbnailUrl\":\"https:\\\/\\\/kibrisdakik.com\\\/wp-content\\\/uploads\\\/2024\\\/07\\\/abdde-bidenin-adayliktan-cekilmesini-isteyenlerin-orani-yuzde-67-cikti-1720731484.webp.webp\",\"datePublished\":\"2024-07-11T21:31:58+00:00\",\"author\":{\"@id\":\"https:\\\/\\\/kibrisdakik.com\\\/#\\\/schema\\\/person\\\/9cd9d437bbb44f72b73ba127e06d8e79\"},\"breadcrumb\":{\"@id\":\"https:\\\/\\\/kibrisdakik.com\\\/?p=49459#breadcrumb\"},\"inLanguage\":\"tr\",\"potentialAction\":[{\"@type\":\"ReadAction\",\"target\":[\"https:\\\/\\\/kibrisdakik.com\\\/?p=49459\"]}]},{\"@type\":\"ImageObject\",\"inLanguage\":\"tr\",\"@id\":\"https:\\\/\\\/kibrisdakik.com\\\/?p=49459#primaryimage\",\"url\":\"https:\\\/\\\/kibrisdakik.com\\\/wp-content\\\/uploads\\\/2024\\\/07\\\/abdde-bidenin-adayliktan-cekilmesini-isteyenlerin-orani-yuzde-67-cikti-1720731484.webp.webp\",\"contentUrl\":\"https:\\\/\\\/kibrisdakik.com\\\/wp-content\\\/uploads\\\/2024\\\/07\\\/abdde-bidenin-adayliktan-cekilmesini-isteyenlerin-orani-yuzde-67-cikti-1720731484.webp.webp\",\"width\":710,\"height\":370},{\"@type\":\"BreadcrumbList\",\"@id\":\"https:\\\/\\\/kibrisdakik.com\\\/?p=49459#breadcrumb\",\"itemListElement\":[{\"@type\":\"ListItem\",\"position\":1,\"name\":\"Home\",\"item\":\"https:\\\/\\\/kibrisdakik.com\\\/\"},{\"@type\":\"ListItem\",\"position\":2,\"name\":\"ABD&#039;de Biden&#039;\u0131n adayl\u0131ktan \u00e7ekilmesini isteyenlerin oran\u0131 y\u00fczde 67 \u00e7\u0131kt\u0131\"}]},{\"@type\":\"WebSite\",\"@id\":\"https:\\\/\\\/kibrisdakik.com\\\/#website\",\"url\":\"https:\\\/\\\/kibrisdakik.com\\\/\",\"name\":\"\",\"description\":\"Tam vaktinde haber\",\"potentialAction\":[{\"@type\":\"SearchAction\",\"target\":{\"@type\":\"EntryPoint\",\"urlTemplate\":\"https:\\\/\\\/kibrisdakik.com\\\/?s={search_term_string}\"},\"query-input\":{\"@type\":\"PropertyValueSpecification\",\"valueRequired\":true,\"valueName\":\"search_term_string\"}}],\"inLanguage\":\"tr\"},{\"@type\":\"Person\",\"@id\":\"https:\\\/\\\/kibrisdakik.com\\\/#\\\/schema\\\/person\\\/9cd9d437bbb44f72b73ba127e06d8e79\",\"name\":\"admin\",\"image\":{\"@type\":\"ImageObject\",\"inLanguage\":\"tr\",\"@id\":\"https:\\\/\\\/secure.gravatar.com\\\/avatar\\\/ccc17943b9d660506c869530f897617f7cb1c21a4bf30023f252596d83e1f007?s=96&d=mm&r=g\",\"url\":\"https:\\\/\\\/secure.gravatar.com\\\/avatar\\\/ccc17943b9d660506c869530f897617f7cb1c21a4bf30023f252596d83e1f007?s=96&d=mm&r=g\",\"contentUrl\":\"https:\\\/\\\/secure.gravatar.com\\\/avatar\\\/ccc17943b9d660506c869530f897617f7cb1c21a4bf30023f252596d83e1f007?s=96&d=mm&r=g\",\"caption\":\"admin\"},\"sameAs\":[\"https:\\\/\\\/kibrisdakik.com\"],\"url\":\"https:\\\/\\\/kibrisdakik.com\\\/?author=1\"}]}<\/script>\n<!-- \/ Yoast SEO plugin. -->","yoast_head_json":{"title":"ABD&#039;de Biden&#039;\u0131n adayl\u0131ktan \u00e7ekilmesini isteyenlerin oran\u0131 y\u00fczde 67 \u00e7\u0131kt\u0131 -","robots":{"index":"index","follow":"follow","max-snippet":"max-snippet:-1","max-image-preview":"max-image-preview:large","max-video-preview":"max-video-preview:-1"},"canonical":"https:\/\/kibrisdakik.com\/?p=49459","og_locale":"tr_TR","og_type":"article","og_title":"ABD&#039;de Biden&#039;\u0131n adayl\u0131ktan \u00e7ekilmesini isteyenlerin oran\u0131 y\u00fczde 67 \u00e7\u0131kt\u0131 -","og_description":"ABC News, Washington Post ve Ipsos taraf\u0131ndan 5-9 Temmuz tarihleri aras\u0131nda \u00fclke genelinde 2 bin 431 kat\u0131l\u0131mc\u0131 ile ger\u00e7ekle\u015ftirilen anket, Biden&#8217;\u0131n adayl\u0131ktan \u00e7ekilme tart\u0131\u015fmalar\u0131 ve Trump kar\u015f\u0131s\u0131nda sand\u0131ktaki son durumu ortaya koydu. Ankete kat\u0131lanlar\u0131n y\u00fczde 85&#8217;i Biden&#8217;\u0131n ikinci d\u00f6nem ba\u015fkanl\u0131k i\u00e7in &#8220;\u00e7ok ya\u015fl\u0131&#8221; oldu\u011funu s\u00f6ylerken, y\u00fczde 67&#8217;si ise kas\u0131mda yap\u0131lacak ba\u015fkanl\u0131k se\u00e7imleri i\u00e7in adayl\u0131ktan \u00e7ekilmesi","og_url":"https:\/\/kibrisdakik.com\/?p=49459","article_published_time":"2024-07-11T21:31:58+00:00","og_image":[{"width":710,"height":370,"url":"https:\/\/kibrisdakik.com\/wp-content\/uploads\/2024\/07\/abdde-bidenin-adayliktan-cekilmesini-isteyenlerin-orani-yuzde-67-cikti-1720731484.webp.webp","type":"image\/webp"}],"author":"admin","twitter_card":"summary_large_image","twitter_misc":{"Yazan:":"admin","Tahmini okuma s\u00fcresi":"2 dakika"},"schema":{"@context":"https:\/\/schema.org","@graph":[{"@type":"Article","@id":"https:\/\/kibrisdakik.com\/?p=49459#article","isPartOf":{"@id":"https:\/\/kibrisdakik.com\/?p=49459"},"author":{"name":"admin","@id":"https:\/\/kibrisdakik.com\/#\/schema\/person\/9cd9d437bbb44f72b73ba127e06d8e79"},"headline":"ABD&#039;de Biden&#039;\u0131n adayl\u0131ktan \u00e7ekilmesini isteyenlerin oran\u0131 y\u00fczde 67 \u00e7\u0131kt\u0131","datePublished":"2024-07-11T21:31:58+00:00","mainEntityOfPage":{"@id":"https:\/\/kibrisdakik.com\/?p=49459"},"wordCount":461,"commentCount":0,"image":{"@id":"https:\/\/kibrisdakik.com\/?p=49459#primaryimage"},"thumbnailUrl":"https:\/\/kibrisdakik.com\/wp-content\/uploads\/2024\/07\/abdde-bidenin-adayliktan-cekilmesini-isteyenlerin-orani-yuzde-67-cikti-1720731484.webp.webp","articleSection":["Ekonomi"],"inLanguage":"tr","potentialAction":[{"@type":"CommentAction","name":"Comment","target":["https:\/\/kibrisdakik.com\/?p=49459#respond"]}]},{"@type":"WebPage","@id":"https:\/\/kibrisdakik.com\/?p=49459","url":"https:\/\/kibrisdakik.com\/?p=49459","name":"ABD&#039;de Biden&#039;\u0131n adayl\u0131ktan \u00e7ekilmesini isteyenlerin oran\u0131 y\u00fczde 67 \u00e7\u0131kt\u0131 -","isPartOf":{"@id":"https:\/\/kibrisdakik.com\/#website"},"primaryImageOfPage":{"@id":"https:\/\/kibrisdakik.com\/?p=49459#primaryimage"},"image":{"@id":"https:\/\/kibrisdakik.com\/?p=49459#primaryimage"},"thumbnailUrl":"https:\/\/kibrisdakik.com\/wp-content\/uploads\/2024\/07\/abdde-bidenin-adayliktan-cekilmesini-isteyenlerin-orani-yuzde-67-cikti-1720731484.webp.webp","datePublished":"2024-07-11T21:31:58+00:00","author":{"@id":"https:\/\/kibrisdakik.com\/#\/schema\/person\/9cd9d437bbb44f72b73ba127e06d8e79"},"breadcrumb":{"@id":"https:\/\/kibrisdakik.com\/?p=49459#breadcrumb"},"inLanguage":"tr","potentialAction":[{"@type":"ReadAction","target":["https:\/\/kibrisdakik.com\/?p=49459"]}]},{"@type":"ImageObject","inLanguage":"tr","@id":"https:\/\/kibrisdakik.com\/?p=49459#primaryimage","url":"https:\/\/kibrisdakik.com\/wp-content\/uploads\/2024\/07\/abdde-bidenin-adayliktan-cekilmesini-isteyenlerin-orani-yuzde-67-cikti-1720731484.webp.webp","contentUrl":"https:\/\/kibrisdakik.com\/wp-content\/uploads\/2024\/07\/abdde-bidenin-adayliktan-cekilmesini-isteyenlerin-orani-yuzde-67-cikti-1720731484.webp.webp","width":710,"height":370},{"@type":"BreadcrumbList","@id":"https:\/\/kibrisdakik.com\/?p=49459#breadcrumb","itemListElement":[{"@type":"ListItem","position":1,"name":"Home","item":"https:\/\/kibrisdakik.com\/"},{"@type":"ListItem","position":2,"name":"ABD&#039;de Biden&#039;\u0131n adayl\u0131ktan \u00e7ekilmesini isteyenlerin oran\u0131 y\u00fczde 67 \u00e7\u0131kt\u0131"}]},{"@type":"WebSite","@id":"https:\/\/kibrisdakik.com\/#website","url":"https:\/\/kibrisdakik.com\/","name":"","description":"Tam vaktinde haber","potentialAction":[{"@type":"SearchAction","target":{"@type":"EntryPoint","urlTemplate":"https:\/\/kibrisdakik.com\/?s={search_term_string}"},"query-input":{"@type":"PropertyValueSpecification","valueRequired":true,"valueName":"search_term_string"}}],"inLanguage":"tr"},{"@type":"Person","@id":"https:\/\/kibrisdakik.com\/#\/schema\/person\/9cd9d437bbb44f72b73ba127e06d8e79","name":"admin","image":{"@type":"ImageObject","inLanguage":"tr","@id":"https:\/\/secure.gravatar.com\/avatar\/ccc17943b9d660506c869530f897617f7cb1c21a4bf30023f252596d83e1f007?s=96&d=mm&r=g","url":"https:\/\/secure.gravatar.com\/avatar\/ccc17943b9d660506c869530f897617f7cb1c21a4bf30023f252596d83e1f007?s=96&d=mm&r=g","contentUrl":"https:\/\/secure.gravatar.com\/avatar\/ccc17943b9d660506c869530f897617f7cb1c21a4bf30023f252596d83e1f007?s=96&d=mm&r=g","caption":"admin"},"sameAs":["https:\/\/kibrisdakik.com"],"url":"https:\/\/kibrisdakik.com\/?author=1"}]}},"_links":{"self":[{"href":"https:\/\/kibrisdakik.com\/index.php?rest_route=\/wp\/v2\/posts\/49459","targetHints":{"allow":["GET"]}}],"collection":[{"href":"https:\/\/kibrisdakik.com\/index.php?rest_route=\/wp\/v2\/posts"}],"about":[{"href":"https:\/\/kibrisdakik.com\/index.php?rest_route=\/wp\/v2\/types\/post"}],"author":[{"embeddable":true,"href":"https:\/\/kibrisdakik.com\/index.php?rest_route=\/wp\/v2\/users\/1"}],"replies":[{"embeddable":true,"href":"https:\/\/kibrisdakik.com\/index.php?rest_route=%2Fwp%2Fv2%2Fcomments&post=49459"}],"version-history":[{"count":0,"href":"https:\/\/kibrisdakik.com\/index.php?rest_route=\/wp\/v2\/posts\/49459\/revisions"}],"wp:featuredmedia":[{"embeddable":true,"href":"https:\/\/kibrisdakik.com\/index.php?rest_route=\/wp\/v2\/media\/49460"}],"wp:attachment":[{"href":"https:\/\/kibrisdakik.com\/index.php?rest_route=%2Fwp%2Fv2%2Fmedia&parent=49459"}],"wp:term":[{"taxonomy":"category","embeddable":true,"href":"https:\/\/kibrisdakik.com\/index.php?rest_route=%2Fwp%2Fv2%2Fcategories&post=49459"},{"taxonomy":"post_tag","embeddable":true,"href":"https:\/\/kibrisdakik.com\/index.php?rest_route=%2Fwp%2Fv2%2Ftags&post=49459"}],"curies":[{"name":"wp","href":"https:\/\/api.w.org\/{rel}","templated":true}]}}