{"id":4953,"date":"2023-04-11T14:04:32","date_gmt":"2023-04-11T14:04:32","guid":{"rendered":"https:\/\/kibrisdakik.com\/index.php\/2023\/04\/11\/bellapais-ciklos-lefkosa-anayolu-baglanti-guzergahi-bir-ay-icerisinde-tamamlaniyor\/"},"modified":"2023-04-11T14:04:32","modified_gmt":"2023-04-11T14:04:32","slug":"bellapais-ciklos-lefkosa-anayolu-baglanti-guzergahi-bir-ay-icerisinde-tamamlaniyor","status":"publish","type":"post","link":"https:\/\/kibrisdakik.com\/?p=4953","title":{"rendered":"Bellapais-Ciklos\/Lefko\u015fa Anayolu ba\u011flant\u0131 g\u00fczergah\u0131 bir ay i\u00e7erisinde tamamlan\u0131yor"},"content":{"rendered":"<p><\/p>\n<div>\n<div class=\"mariselle-image-container center\">\n                <img width=\"1024\" height=\"576\" class=\"lazy-image\" alt=\"\" decoding=\"async\" loading=\"lazy\" sizes=\"auto, (max-width: 1024px) 100vw, 1024px\" src=\"https:\/\/brtk.net\/wp-content\/uploads\/2023\/04\/11\/kacis-yolu-2--1024x576.jpg?ver=da6dc28acef4db1a82e15ff0cd5f8848\" srcset=\"https:\/\/brtk.net\/wp-content\/uploads\/2023\/04\/11\/kacis-yolu-2--1024x576.jpg?ver=da6dc28acef4db1a82e15ff0cd5f8848 1024w, https:\/\/brtk.net\/wp-content\/uploads\/2023\/04\/11\/kacis-yolu-2--300x169.jpg?ver=da6dc28acef4db1a82e15ff0cd5f8848 300w, https:\/\/brtk.net\/wp-content\/uploads\/2023\/04\/11\/kacis-yolu-2--768x432.jpg?ver=526bd206cb3e22d5448fe35e2bd7391d 768w, https:\/\/brtk.net\/wp-content\/uploads\/2023\/04\/11\/kacis-yolu-2--1536x864.jpg?ver=526bd206cb3e22d5448fe35e2bd7391d 1536w, https:\/\/brtk.net\/wp-content\/uploads\/2023\/04\/11\/kacis-yolu-2-.jpg?ver=da6dc28acef4db1a82e15ff0cd5f8848 1920w\"\/>                            <\/div>\n<p>Girne Belediyesi, Bellapais \u2013 Ciklos\/Lefko\u015fa Anayolu ba\u011flant\u0131 g\u00fczergah\u0131 olan ve \u201cKa\u00e7\u0131\u015f Yolu\u201d olarak adland\u0131r\u0131lan yolun bir ay i\u00e7erisinde tamamlanaca\u011f\u0131n\u0131 duyurdu.<\/p>\n<p>Girne Belediyesi\u2019nden yap\u0131lan a\u00e7\u0131klamada, yakla\u015f\u0131k bin 50 metre olan ve Girne\u2019nin trafik sorununa \u00f6nemli bir soluk kazand\u0131rmas\u0131 planlanan \u201cKa\u00e7\u0131\u015f Yolu\u201dnun altyap\u0131s\u0131n\u0131n y\u00fczde 90 oran\u0131nda tamamland\u0131\u011f\u0131 bildirildi.<\/p>\n<p>Asfalt \u00f6ncesi son olarak 100 metrelik ya\u011fmur suyu drenaj hatt\u0131 ile asfalt \u00f6ncesi malzeme serimi i\u015flemlerinin ger\u00e7ekle\u015fece\u011fi, ard\u0131ndan da asfalt d\u00f6k\u00fcm\u00fcn\u00fcn yap\u0131laca\u011f\u0131 kaydedilen a\u00e7\u0131klamada, hava \u015fartlar\u0131ndan dolay\u0131 herhangi bir olumsuzluk ya\u015fanmamas\u0131 halinde yolun 1 ay i\u00e7erisinde t\u00fcm g\u00fcvenlik \u00f6nlemlerinin de al\u0131narak halk\u0131n hizmetine sunulaca\u011f\u0131 belirtildi.<\/p>\n<\/p><\/div>\n<p><script async\n                    defer\n                    crossorigin=\"anonymous\"\n                    src=\"https:\/\/connect.facebook.net\/tr_TR\/sdk.js#xfbml=1&#038;version=v3.3\"\n            ><\/script><\/p>\n","protected":false},"excerpt":{"rendered":"<p>Girne Belediyesi, Bellapais \u2013 Ciklos\/Lefko\u015fa Anayolu ba\u011flant\u0131 g\u00fczergah\u0131 olan ve \u201cKa\u00e7\u0131\u015f Yolu\u201d olarak adland\u0131r\u0131lan yolun bir ay i\u00e7erisinde tamamlanaca\u011f\u0131n\u0131 duyurdu. Girne Belediyesi\u2019nden yap\u0131lan a\u00e7\u0131klamada, yakla\u015f\u0131k bin 50 metre olan ve Girne\u2019nin trafik sorununa \u00f6nemli bir soluk kazand\u0131rmas\u0131 planlanan \u201cKa\u00e7\u0131\u015f Yolu\u201dnun altyap\u0131s\u0131n\u0131n y\u00fczde 90 oran\u0131nda tamamland\u0131\u011f\u0131 bildirildi. Asfalt \u00f6ncesi son olarak 100 metrelik ya\u011fmur suyu drenaj<\/p>\n","protected":false},"author":1,"featured_media":4954,"comment_status":"open","ping_status":"open","sticky":false,"template":"","format":"standard","meta":{"footnotes":""},"categories":[1],"tags":[],"class_list":["post-4953","post","type-post","status-publish","format-standard","has-post-thumbnail","hentry","category-gundem"],"yoast_head":"<!-- This site is optimized with the Yoast SEO plugin v27.4 - https:\/\/yoast.com\/product\/yoast-seo-wordpress\/ -->\n<title>Bellapais-Ciklos\/Lefko\u015fa Anayolu ba\u011flant\u0131 g\u00fczergah\u0131 bir ay i\u00e7erisinde tamamlan\u0131yor -<\/title>\n<meta name=\"robots\" content=\"index, follow, max-snippet:-1, max-image-preview:large, max-video-preview:-1\" \/>\n<link rel=\"canonical\" href=\"https:\/\/kibrisdakik.com\/?p=4953\" \/>\n<meta property=\"og:locale\" content=\"tr_TR\" \/>\n<meta property=\"og:type\" content=\"article\" \/>\n<meta property=\"og:title\" content=\"Bellapais-Ciklos\/Lefko\u015fa Anayolu ba\u011flant\u0131 g\u00fczergah\u0131 bir ay i\u00e7erisinde tamamlan\u0131yor -\" \/>\n<meta property=\"og:description\" content=\"Girne Belediyesi, Bellapais \u2013 Ciklos\/Lefko\u015fa Anayolu ba\u011flant\u0131 g\u00fczergah\u0131 olan ve \u201cKa\u00e7\u0131\u015f Yolu\u201d olarak adland\u0131r\u0131lan yolun bir ay i\u00e7erisinde tamamlanaca\u011f\u0131n\u0131 duyurdu. Girne Belediyesi\u2019nden yap\u0131lan a\u00e7\u0131klamada, yakla\u015f\u0131k bin 50 metre olan ve Girne\u2019nin trafik sorununa \u00f6nemli bir soluk kazand\u0131rmas\u0131 planlanan \u201cKa\u00e7\u0131\u015f Yolu\u201dnun altyap\u0131s\u0131n\u0131n y\u00fczde 90 oran\u0131nda tamamland\u0131\u011f\u0131 bildirildi. Asfalt \u00f6ncesi son olarak 100 metrelik ya\u011fmur suyu drenaj\" \/>\n<meta property=\"og:url\" content=\"https:\/\/kibrisdakik.com\/?p=4953\" \/>\n<meta property=\"article:published_time\" content=\"2023-04-11T14:04:32+00:00\" \/>\n<meta property=\"og:image\" content=\"https:\/\/kibrisdakik.com\/wp-content\/uploads\/2023\/04\/kacis-yolu-2--740x420.jpg\" \/>\n\t<meta property=\"og:image:width\" content=\"1920\" \/>\n\t<meta property=\"og:image:height\" content=\"1080\" \/>\n\t<meta property=\"og:image:type\" content=\"image\/jpeg\" \/>\n<meta name=\"author\" content=\"admin\" \/>\n<meta name=\"twitter:card\" content=\"summary_large_image\" \/>\n<meta name=\"twitter:label1\" content=\"Yazan:\" \/>\n\t<meta name=\"twitter:data1\" content=\"admin\" \/>\n\t<meta name=\"twitter:label2\" content=\"Tahmini okuma s\u00fcresi\" \/>\n\t<meta name=\"twitter:data2\" content=\"1 dakika\" \/>\n<script type=\"application\/ld+json\" class=\"yoast-schema-graph\">{\"@context\":\"https:\\\/\\\/schema.org\",\"@graph\":[{\"@type\":\"Article\",\"@id\":\"https:\\\/\\\/kibrisdakik.com\\\/?p=4953#article\",\"isPartOf\":{\"@id\":\"https:\\\/\\\/kibrisdakik.com\\\/?p=4953\"},\"author\":{\"name\":\"admin\",\"@id\":\"https:\\\/\\\/kibrisdakik.com\\\/#\\\/schema\\\/person\\\/9cd9d437bbb44f72b73ba127e06d8e79\"},\"headline\":\"Bellapais-Ciklos\\\/Lefko\u015fa Anayolu ba\u011flant\u0131 g\u00fczergah\u0131 bir ay i\u00e7erisinde tamamlan\u0131yor\",\"datePublished\":\"2023-04-11T14:04:32+00:00\",\"mainEntityOfPage\":{\"@id\":\"https:\\\/\\\/kibrisdakik.com\\\/?p=4953\"},\"wordCount\":139,\"commentCount\":0,\"image\":{\"@id\":\"https:\\\/\\\/kibrisdakik.com\\\/?p=4953#primaryimage\"},\"thumbnailUrl\":\"https:\\\/\\\/kibrisdakik.com\\\/wp-content\\\/uploads\\\/2023\\\/04\\\/kacis-yolu-2--740x420.jpg\",\"articleSection\":[\"G\u00fcndem\"],\"inLanguage\":\"tr\",\"potentialAction\":[{\"@type\":\"CommentAction\",\"name\":\"Comment\",\"target\":[\"https:\\\/\\\/kibrisdakik.com\\\/?p=4953#respond\"]}]},{\"@type\":\"WebPage\",\"@id\":\"https:\\\/\\\/kibrisdakik.com\\\/?p=4953\",\"url\":\"https:\\\/\\\/kibrisdakik.com\\\/?p=4953\",\"name\":\"Bellapais-Ciklos\\\/Lefko\u015fa Anayolu ba\u011flant\u0131 g\u00fczergah\u0131 bir ay i\u00e7erisinde tamamlan\u0131yor -\",\"isPartOf\":{\"@id\":\"https:\\\/\\\/kibrisdakik.com\\\/#website\"},\"primaryImageOfPage\":{\"@id\":\"https:\\\/\\\/kibrisdakik.com\\\/?p=4953#primaryimage\"},\"image\":{\"@id\":\"https:\\\/\\\/kibrisdakik.com\\\/?p=4953#primaryimage\"},\"thumbnailUrl\":\"https:\\\/\\\/kibrisdakik.com\\\/wp-content\\\/uploads\\\/2023\\\/04\\\/kacis-yolu-2--740x420.jpg\",\"datePublished\":\"2023-04-11T14:04:32+00:00\",\"author\":{\"@id\":\"https:\\\/\\\/kibrisdakik.com\\\/#\\\/schema\\\/person\\\/9cd9d437bbb44f72b73ba127e06d8e79\"},\"breadcrumb\":{\"@id\":\"https:\\\/\\\/kibrisdakik.com\\\/?p=4953#breadcrumb\"},\"inLanguage\":\"tr\",\"potentialAction\":[{\"@type\":\"ReadAction\",\"target\":[\"https:\\\/\\\/kibrisdakik.com\\\/?p=4953\"]}]},{\"@type\":\"ImageObject\",\"inLanguage\":\"tr\",\"@id\":\"https:\\\/\\\/kibrisdakik.com\\\/?p=4953#primaryimage\",\"url\":\"https:\\\/\\\/kibrisdakik.com\\\/wp-content\\\/uploads\\\/2023\\\/04\\\/kacis-yolu-2--740x420.jpg\",\"contentUrl\":\"https:\\\/\\\/kibrisdakik.com\\\/wp-content\\\/uploads\\\/2023\\\/04\\\/kacis-yolu-2--740x420.jpg\",\"width\":1920,\"height\":1080},{\"@type\":\"BreadcrumbList\",\"@id\":\"https:\\\/\\\/kibrisdakik.com\\\/?p=4953#breadcrumb\",\"itemListElement\":[{\"@type\":\"ListItem\",\"position\":1,\"name\":\"Home\",\"item\":\"https:\\\/\\\/kibrisdakik.com\\\/\"},{\"@type\":\"ListItem\",\"position\":2,\"name\":\"Bellapais-Ciklos\\\/Lefko\u015fa Anayolu ba\u011flant\u0131 g\u00fczergah\u0131 bir ay i\u00e7erisinde tamamlan\u0131yor\"}]},{\"@type\":\"WebSite\",\"@id\":\"https:\\\/\\\/kibrisdakik.com\\\/#website\",\"url\":\"https:\\\/\\\/kibrisdakik.com\\\/\",\"name\":\"\",\"description\":\"Tam vaktinde haber\",\"potentialAction\":[{\"@type\":\"SearchAction\",\"target\":{\"@type\":\"EntryPoint\",\"urlTemplate\":\"https:\\\/\\\/kibrisdakik.com\\\/?s={search_term_string}\"},\"query-input\":{\"@type\":\"PropertyValueSpecification\",\"valueRequired\":true,\"valueName\":\"search_term_string\"}}],\"inLanguage\":\"tr\"},{\"@type\":\"Person\",\"@id\":\"https:\\\/\\\/kibrisdakik.com\\\/#\\\/schema\\\/person\\\/9cd9d437bbb44f72b73ba127e06d8e79\",\"name\":\"admin\",\"image\":{\"@type\":\"ImageObject\",\"inLanguage\":\"tr\",\"@id\":\"https:\\\/\\\/secure.gravatar.com\\\/avatar\\\/ccc17943b9d660506c869530f897617f7cb1c21a4bf30023f252596d83e1f007?s=96&d=mm&r=g\",\"url\":\"https:\\\/\\\/secure.gravatar.com\\\/avatar\\\/ccc17943b9d660506c869530f897617f7cb1c21a4bf30023f252596d83e1f007?s=96&d=mm&r=g\",\"contentUrl\":\"https:\\\/\\\/secure.gravatar.com\\\/avatar\\\/ccc17943b9d660506c869530f897617f7cb1c21a4bf30023f252596d83e1f007?s=96&d=mm&r=g\",\"caption\":\"admin\"},\"sameAs\":[\"https:\\\/\\\/kibrisdakik.com\"],\"url\":\"https:\\\/\\\/kibrisdakik.com\\\/?author=1\"}]}<\/script>\n<!-- \/ Yoast SEO plugin. -->","yoast_head_json":{"title":"Bellapais-Ciklos\/Lefko\u015fa Anayolu ba\u011flant\u0131 g\u00fczergah\u0131 bir ay i\u00e7erisinde tamamlan\u0131yor -","robots":{"index":"index","follow":"follow","max-snippet":"max-snippet:-1","max-image-preview":"max-image-preview:large","max-video-preview":"max-video-preview:-1"},"canonical":"https:\/\/kibrisdakik.com\/?p=4953","og_locale":"tr_TR","og_type":"article","og_title":"Bellapais-Ciklos\/Lefko\u015fa Anayolu ba\u011flant\u0131 g\u00fczergah\u0131 bir ay i\u00e7erisinde tamamlan\u0131yor -","og_description":"Girne Belediyesi, Bellapais \u2013 Ciklos\/Lefko\u015fa Anayolu ba\u011flant\u0131 g\u00fczergah\u0131 olan ve \u201cKa\u00e7\u0131\u015f Yolu\u201d olarak adland\u0131r\u0131lan yolun bir ay i\u00e7erisinde tamamlanaca\u011f\u0131n\u0131 duyurdu. Girne Belediyesi\u2019nden yap\u0131lan a\u00e7\u0131klamada, yakla\u015f\u0131k bin 50 metre olan ve Girne\u2019nin trafik sorununa \u00f6nemli bir soluk kazand\u0131rmas\u0131 planlanan \u201cKa\u00e7\u0131\u015f Yolu\u201dnun altyap\u0131s\u0131n\u0131n y\u00fczde 90 oran\u0131nda tamamland\u0131\u011f\u0131 bildirildi. Asfalt \u00f6ncesi son olarak 100 metrelik ya\u011fmur suyu drenaj","og_url":"https:\/\/kibrisdakik.com\/?p=4953","article_published_time":"2023-04-11T14:04:32+00:00","og_image":[{"width":1920,"height":1080,"url":"https:\/\/kibrisdakik.com\/wp-content\/uploads\/2023\/04\/kacis-yolu-2--740x420.jpg","type":"image\/jpeg"}],"author":"admin","twitter_card":"summary_large_image","twitter_misc":{"Yazan:":"admin","Tahmini okuma s\u00fcresi":"1 dakika"},"schema":{"@context":"https:\/\/schema.org","@graph":[{"@type":"Article","@id":"https:\/\/kibrisdakik.com\/?p=4953#article","isPartOf":{"@id":"https:\/\/kibrisdakik.com\/?p=4953"},"author":{"name":"admin","@id":"https:\/\/kibrisdakik.com\/#\/schema\/person\/9cd9d437bbb44f72b73ba127e06d8e79"},"headline":"Bellapais-Ciklos\/Lefko\u015fa Anayolu ba\u011flant\u0131 g\u00fczergah\u0131 bir ay i\u00e7erisinde tamamlan\u0131yor","datePublished":"2023-04-11T14:04:32+00:00","mainEntityOfPage":{"@id":"https:\/\/kibrisdakik.com\/?p=4953"},"wordCount":139,"commentCount":0,"image":{"@id":"https:\/\/kibrisdakik.com\/?p=4953#primaryimage"},"thumbnailUrl":"https:\/\/kibrisdakik.com\/wp-content\/uploads\/2023\/04\/kacis-yolu-2--740x420.jpg","articleSection":["G\u00fcndem"],"inLanguage":"tr","potentialAction":[{"@type":"CommentAction","name":"Comment","target":["https:\/\/kibrisdakik.com\/?p=4953#respond"]}]},{"@type":"WebPage","@id":"https:\/\/kibrisdakik.com\/?p=4953","url":"https:\/\/kibrisdakik.com\/?p=4953","name":"Bellapais-Ciklos\/Lefko\u015fa Anayolu ba\u011flant\u0131 g\u00fczergah\u0131 bir ay i\u00e7erisinde tamamlan\u0131yor -","isPartOf":{"@id":"https:\/\/kibrisdakik.com\/#website"},"primaryImageOfPage":{"@id":"https:\/\/kibrisdakik.com\/?p=4953#primaryimage"},"image":{"@id":"https:\/\/kibrisdakik.com\/?p=4953#primaryimage"},"thumbnailUrl":"https:\/\/kibrisdakik.com\/wp-content\/uploads\/2023\/04\/kacis-yolu-2--740x420.jpg","datePublished":"2023-04-11T14:04:32+00:00","author":{"@id":"https:\/\/kibrisdakik.com\/#\/schema\/person\/9cd9d437bbb44f72b73ba127e06d8e79"},"breadcrumb":{"@id":"https:\/\/kibrisdakik.com\/?p=4953#breadcrumb"},"inLanguage":"tr","potentialAction":[{"@type":"ReadAction","target":["https:\/\/kibrisdakik.com\/?p=4953"]}]},{"@type":"ImageObject","inLanguage":"tr","@id":"https:\/\/kibrisdakik.com\/?p=4953#primaryimage","url":"https:\/\/kibrisdakik.com\/wp-content\/uploads\/2023\/04\/kacis-yolu-2--740x420.jpg","contentUrl":"https:\/\/kibrisdakik.com\/wp-content\/uploads\/2023\/04\/kacis-yolu-2--740x420.jpg","width":1920,"height":1080},{"@type":"BreadcrumbList","@id":"https:\/\/kibrisdakik.com\/?p=4953#breadcrumb","itemListElement":[{"@type":"ListItem","position":1,"name":"Home","item":"https:\/\/kibrisdakik.com\/"},{"@type":"ListItem","position":2,"name":"Bellapais-Ciklos\/Lefko\u015fa Anayolu ba\u011flant\u0131 g\u00fczergah\u0131 bir ay i\u00e7erisinde tamamlan\u0131yor"}]},{"@type":"WebSite","@id":"https:\/\/kibrisdakik.com\/#website","url":"https:\/\/kibrisdakik.com\/","name":"","description":"Tam vaktinde haber","potentialAction":[{"@type":"SearchAction","target":{"@type":"EntryPoint","urlTemplate":"https:\/\/kibrisdakik.com\/?s={search_term_string}"},"query-input":{"@type":"PropertyValueSpecification","valueRequired":true,"valueName":"search_term_string"}}],"inLanguage":"tr"},{"@type":"Person","@id":"https:\/\/kibrisdakik.com\/#\/schema\/person\/9cd9d437bbb44f72b73ba127e06d8e79","name":"admin","image":{"@type":"ImageObject","inLanguage":"tr","@id":"https:\/\/secure.gravatar.com\/avatar\/ccc17943b9d660506c869530f897617f7cb1c21a4bf30023f252596d83e1f007?s=96&d=mm&r=g","url":"https:\/\/secure.gravatar.com\/avatar\/ccc17943b9d660506c869530f897617f7cb1c21a4bf30023f252596d83e1f007?s=96&d=mm&r=g","contentUrl":"https:\/\/secure.gravatar.com\/avatar\/ccc17943b9d660506c869530f897617f7cb1c21a4bf30023f252596d83e1f007?s=96&d=mm&r=g","caption":"admin"},"sameAs":["https:\/\/kibrisdakik.com"],"url":"https:\/\/kibrisdakik.com\/?author=1"}]}},"_links":{"self":[{"href":"https:\/\/kibrisdakik.com\/index.php?rest_route=\/wp\/v2\/posts\/4953","targetHints":{"allow":["GET"]}}],"collection":[{"href":"https:\/\/kibrisdakik.com\/index.php?rest_route=\/wp\/v2\/posts"}],"about":[{"href":"https:\/\/kibrisdakik.com\/index.php?rest_route=\/wp\/v2\/types\/post"}],"author":[{"embeddable":true,"href":"https:\/\/kibrisdakik.com\/index.php?rest_route=\/wp\/v2\/users\/1"}],"replies":[{"embeddable":true,"href":"https:\/\/kibrisdakik.com\/index.php?rest_route=%2Fwp%2Fv2%2Fcomments&post=4953"}],"version-history":[{"count":0,"href":"https:\/\/kibrisdakik.com\/index.php?rest_route=\/wp\/v2\/posts\/4953\/revisions"}],"wp:featuredmedia":[{"embeddable":true,"href":"https:\/\/kibrisdakik.com\/index.php?rest_route=\/wp\/v2\/media\/4954"}],"wp:attachment":[{"href":"https:\/\/kibrisdakik.com\/index.php?rest_route=%2Fwp%2Fv2%2Fmedia&parent=4953"}],"wp:term":[{"taxonomy":"category","embeddable":true,"href":"https:\/\/kibrisdakik.com\/index.php?rest_route=%2Fwp%2Fv2%2Fcategories&post=4953"},{"taxonomy":"post_tag","embeddable":true,"href":"https:\/\/kibrisdakik.com\/index.php?rest_route=%2Fwp%2Fv2%2Ftags&post=4953"}],"curies":[{"name":"wp","href":"https:\/\/api.w.org\/{rel}","templated":true}]}}