{"id":49551,"date":"2024-07-12T14:01:00","date_gmt":"2024-07-12T14:01:00","guid":{"rendered":"https:\/\/kibrisdakik.com\/index.php\/2024\/07\/12\/gabriel-paulista-besiktasa-yakisan-buyuk-basarilar-icin-savasacagiz\/"},"modified":"2024-07-12T14:01:00","modified_gmt":"2024-07-12T14:01:00","slug":"gabriel-paulista-besiktasa-yakisan-buyuk-basarilar-icin-savasacagiz","status":"publish","type":"post","link":"https:\/\/kibrisdakik.com\/?p=49551","title":{"rendered":"Gabriel Paulista: &quot;Be\u015fikta\u015f&#039;a yak\u0131\u015fan b\u00fcy\u00fck ba\u015far\u0131lar i\u00e7in sava\u015faca\u011f\u0131z&quot;"},"content":{"rendered":"<p><\/p>\n<p>Be\u015fikta\u015f&#8217;\u0131n bu sezon kadrosuna katt\u0131\u011f\u0131 ilk isim olan Brezilyal\u0131 futbolcu Gabriel Paulista, ba\u015far\u0131lar kazanmak i\u00e7in sava\u015fmak zorunda olduklar\u0131n\u0131 s\u00f6yledi.<\/p>\n<p>Siyah-beyazl\u0131 tak\u0131m\u0131n Slovenya&#8217;n\u0131n Maribor kentinde kamp yapt\u0131\u011f\u0131 otelde bas\u0131n mensuplar\u0131na a\u00e7\u0131klamalarda bulunan Paulista, yeni transferlerden her zaman beklentilerin fazla oldu\u011funu kaydederek, &#8220;B\u00fcy\u00fck tak\u0131mlarda bask\u0131 her zaman vard\u0131r, bu da \u00e7ok normal. \u0130yi kariyerli oyunculara bask\u0131 daha fazla olur. Benden beklentilerin fark\u0131nday\u0131m. Her ma\u00e7ta kalitemi g\u00f6stermek istiyorum. Be\u015fikta\u015f \u015fampiyonluk i\u00e7in m\u00fccadele etmesi ve kazanmas\u0131 gereken bir tak\u0131m. Her zaman buna odaklanarak, kendi tecr\u00fcbelerimi, kazanma ruhumu yans\u0131tmak istiyorum. Ligi, kupay\u0131 ve \u015eampiyonlar Ligi&#8217;ne kat\u0131lma hakk\u0131n\u0131 kazanmak i\u00e7in sava\u015fmak zorunday\u0131z.&#8221; de\u011ferlendirmesinde bulundu.<\/p>\n<p><img decoding=\"async\" alt=\"Gabriel Paulista: \" src=\"https:\/\/i.tgrthaber.com\/images\/haberler\/24-07\/12\/gabriel-paulista-besiktasa-yakisan-buyuk-basarilar-icin-savasacagiz-17207899504967_1.jpg\" \/><\/p>\n<h3>&#8220;B\u00dcY\u00dcK B\u0130R TAKIMDA OYNUYORUM&#8221;<\/h3>\n<p>Saha i\u00e7inde lider bir \u00f6zelli\u011fi oldu\u011funu aktaran Paulista, &#8220;Kariyerim boyunca \u00e7ok \u00e7al\u0131\u015fan bir oyuncu oldum. Her zaman b\u00fcy\u00fck tak\u0131mlarda oynad\u0131m. Yine b\u00fcy\u00fck bir tak\u0131mda oynuyorum. S\u00fcrekli kendimi geli\u015ftirmek i\u00e7in \u00e7al\u0131\u015f\u0131yorum. Gen\u00e7lere tecr\u00fcbelerimi aktar\u0131yorum. Saha i\u00e7inde ve d\u0131\u015f\u0131nda lider oldu\u011fumu s\u00f6yleyebilirim. \u00d6n\u00fcm\u00fczde uzun bir sezon var. K\u0131sa s\u00fcrede adapte olup sahadaki kaptan gibi liderli\u011fimi g\u00f6stermek istiyorum.&#8221; \u015feklinde konu\u015ftu.<\/p>\n<p>Be\u015fikta\u015f&#8217;ta yeni bir hikaye yazmak istedi\u011fini s\u00f6yleyen Paulista, &#8220;Futbolda tak\u0131mlar bazen iyi bazen k\u00f6t\u00fc oynayabilirler. Bu futbolun do\u011fas\u0131nda var fakat taraftarlar asla sahada iste\u011fini kaybeden oyuncu g\u00f6rmeyecekler. Her zaman kazanma tutkusunu ve iste\u011fini g\u00f6recekler. Bunu her zaman g\u00f6sterdim. Ailemden de bunu \u00f6\u011frendim. Ben kendi alan\u0131n\u0131, kendi b\u00f6lgesini korumak i\u00e7in sava\u015fmay\u0131 \u00f6\u011frendim. Bunu hayat\u0131m boyunca yan\u0131nda ta\u015f\u0131yan bir oyuncu oldum.&#8221; ifadelerini kulland\u0131.<\/p>\n<p><img decoding=\"async\" alt=\"Gabriel Paulista: \" src=\"https:\/\/i.tgrthaber.com\/images\/haberler\/24-07\/12\/gabriel-paulista-besiktasa-yakisan-buyuk-basarilar-icin-savasacagiz-17207899508867_2.jpg\" \/><\/p>\n<h3>&#8220;BURADA BA\u015eARILAR KAZANMAK \u0130\u00c7\u0130N EL\u0130M\u0130ZDEN GELEN\u0130 YAPACA\u011eIZ&#8221;<\/h3>\n<p>Yeni kariyerine kolay adapte olaca\u011f\u0131na inand\u0131\u011f\u0131n\u0131 vurgulayan tecr\u00fcbeli stoper, &#8220;Kendimi \u00e7ok iyi hissediyorum. Burada olmaktan mutluyum. G\u00fcnlerim iyi ge\u00e7iyor. Adaptasyon s\u00fcrecim devam ediyor. \u0130stanbul harika bir \u015fehir, Sao Paolo&#8217;ya benziyor. \u00c7ok kalabal\u0131k, \u00e7ok trafik var. Bu y\u00fczden adaptasyonumun kolay olaca\u011f\u0131n\u0131 d\u00fc\u015f\u00fcn\u00fcyorum. Be\u015fikta\u015f&#8217;\u0131n b\u00fcy\u00fckl\u00fc\u011f\u00fcn\u00fc anlatmaya gerek yok. Burada ba\u015far\u0131lar kazanmak i\u00e7in elimizden geleni yapaca\u011f\u0131z.&#8221; diye konu\u015ftu.<\/p>\n<p>Ge\u00e7mi\u015fte Be\u015fikta\u015f&#8217;ta g\u00f6rev yapan bir\u00e7ok Brezilyal\u0131 oyuncu oldu\u011fu hat\u0131rlat\u0131lan Paulista, &#8220;Zago&#8217;nun kariyerini biliyorum. Takip etti\u011fim bir oyuncuydu. \u00d6nemli ba\u015far\u0131lara imza att\u0131\u011f\u0131n\u0131 biliyorum. Onun gibi kupalar kazanmak ve kendi hikayemi yazmak istiyorum. Her g\u00fcn \u00e7ok \u00e7al\u0131\u015f\u0131p o a\u015famaya gelmek istiyorum.&#8221; ifadelerini kulland\u0131.<\/p>\n<h3>&#8220;BE\u015e\u0130KTA\u015e&#8217;A YAKI\u015eAN B\u00dcY\u00dcK BA\u015eARILAR \u0130\u00c7\u0130N SAVA\u015eACA\u011eIZ&#8221;<\/h3>\n<p>Kariyerinde \u00f6nemli teknik adamlarla \u00e7al\u0131\u015ft\u0131\u011f\u0131n\u0131 aktaran Be\u015fikta\u015fl\u0131 stoper, &#8220;Daha \u00f6nce Be\u015fikta\u015f&#8217;la g\u00f6r\u00fc\u015fmeler olmu\u015ftu ama olumlu sonu\u00e7lanmad\u0131. Kariyerimde Simeone gibi \u00e7ok \u00f6nemli teknik direkt\u00f6rlerle \u00e7al\u0131\u015ft\u0131m. Belki her oyuncunun hayalidir \u00f6yle b\u00fcy\u00fck bir hocayla \u00e7al\u0131\u015fmak. Valencia&#8217;da \u00e7al\u0131\u015ft\u0131\u011f\u0131m Marcelinho benim i\u00e7in baba gibiydi. Burada da Giovanni van Bronckhorst ile benzer ba\u011f\u0131 yakalayaca\u011f\u0131m\u0131 ve onunla ba\u015far\u0131lar elde edece\u011fimizi d\u00fc\u015f\u00fcn\u00fcyorum.&#8221; dedi.<\/p>\n<p>Tak\u0131m i\u00e7inde iyi bir arkada\u015fl\u0131k oldu\u011funu dile getiren Paulista, Be\u015fikta\u015fl\u0131 taraftarlara \u015f\u00f6yle mesaj verdi:<\/p>\n<p>&#8220;Geldi\u011fimden itibaren iyi bir birliktelik g\u00f6rd\u00fcm. Farkl\u0131 diller konu\u015fulsa da herkes birbirine yard\u0131mc\u0131 oluyor. Grup olduk\u00e7a iyi. Birlik olmal\u0131y\u0131z. Saha i\u00e7inde buna ihtiyac\u0131m\u0131z olacak. Saha i\u00e7indeki durumlar\u0131 1-2 oyuncuyla de\u011fil t\u00fcm tak\u0131m olarak \u00e7\u00f6zece\u011fiz. Burada iyi bir grup g\u00f6r\u00fcyorum. Bu grupla da Be\u015fikta\u015f&#8217;a yak\u0131\u015fan b\u00fcy\u00fck ba\u015far\u0131lar i\u00e7in sava\u015faca\u011f\u0131z. Yeni oyuncular gelecek. Sahada bitmeyen bir istek g\u00f6recekler. Kaybetmeyi kabullenmeyen, ba\u015far\u0131lar kazanmak i\u00e7in sava\u015fma ruhunu g\u00f6sterece\u011fiz.&#8221;<\/p>\n","protected":false},"excerpt":{"rendered":"<p>Be\u015fikta\u015f&#8217;\u0131n bu sezon kadrosuna katt\u0131\u011f\u0131 ilk isim olan Brezilyal\u0131 futbolcu Gabriel Paulista, ba\u015far\u0131lar kazanmak i\u00e7in sava\u015fmak zorunda olduklar\u0131n\u0131 s\u00f6yledi. Siyah-beyazl\u0131 tak\u0131m\u0131n Slovenya&#8217;n\u0131n Maribor kentinde kamp yapt\u0131\u011f\u0131 otelde bas\u0131n mensuplar\u0131na a\u00e7\u0131klamalarda bulunan Paulista, yeni transferlerden her zaman beklentilerin fazla oldu\u011funu kaydederek, &#8220;B\u00fcy\u00fck tak\u0131mlarda bask\u0131 her zaman vard\u0131r, bu da \u00e7ok normal. \u0130yi kariyerli oyunculara bask\u0131 daha<\/p>\n","protected":false},"author":1,"featured_media":49552,"comment_status":"open","ping_status":"open","sticky":false,"template":"","format":"standard","meta":{"footnotes":""},"categories":[1],"tags":[],"class_list":["post-49551","post","type-post","status-publish","format-standard","has-post-thumbnail","hentry","category-gundem"],"yoast_head":"<!-- This site is optimized with the Yoast SEO plugin v27.5 - https:\/\/yoast.com\/product\/yoast-seo-wordpress\/ -->\n<title>Gabriel Paulista: &quot;Be\u015fikta\u015f&#039;a yak\u0131\u015fan b\u00fcy\u00fck ba\u015far\u0131lar i\u00e7in sava\u015faca\u011f\u0131z&quot; -<\/title>\n<meta name=\"robots\" content=\"index, follow, max-snippet:-1, max-image-preview:large, max-video-preview:-1\" \/>\n<link rel=\"canonical\" href=\"https:\/\/kibrisdakik.com\/?p=49551\" \/>\n<meta property=\"og:locale\" content=\"tr_TR\" \/>\n<meta property=\"og:type\" content=\"article\" \/>\n<meta property=\"og:title\" content=\"Gabriel Paulista: &quot;Be\u015fikta\u015f&#039;a yak\u0131\u015fan b\u00fcy\u00fck ba\u015far\u0131lar i\u00e7in sava\u015faca\u011f\u0131z&quot; -\" \/>\n<meta property=\"og:description\" content=\"Be\u015fikta\u015f&#8217;\u0131n bu sezon kadrosuna katt\u0131\u011f\u0131 ilk isim olan Brezilyal\u0131 futbolcu Gabriel Paulista, ba\u015far\u0131lar kazanmak i\u00e7in sava\u015fmak zorunda olduklar\u0131n\u0131 s\u00f6yledi. Siyah-beyazl\u0131 tak\u0131m\u0131n Slovenya&#8217;n\u0131n Maribor kentinde kamp yapt\u0131\u011f\u0131 otelde bas\u0131n mensuplar\u0131na a\u00e7\u0131klamalarda bulunan Paulista, yeni transferlerden her zaman beklentilerin fazla oldu\u011funu kaydederek, &#8220;B\u00fcy\u00fck tak\u0131mlarda bask\u0131 her zaman vard\u0131r, bu da \u00e7ok normal. \u0130yi kariyerli oyunculara bask\u0131 daha\" \/>\n<meta property=\"og:url\" content=\"https:\/\/kibrisdakik.com\/?p=49551\" \/>\n<meta property=\"article:published_time\" content=\"2024-07-12T14:01:00+00:00\" \/>\n<meta property=\"og:image\" content=\"https:\/\/kibrisdakik.com\/wp-content\/uploads\/2024\/07\/gabriel-paulista-besiktasa-yakisan-buyuk-basarilar-icin-savasacagiz-17207899504967_1-740x420.jpg\" \/>\n\t<meta property=\"og:image:width\" content=\"1280\" \/>\n\t<meta property=\"og:image:height\" content=\"828\" \/>\n\t<meta property=\"og:image:type\" content=\"image\/jpeg\" \/>\n<meta name=\"author\" content=\"admin\" \/>\n<meta name=\"twitter:card\" content=\"summary_large_image\" \/>\n<meta name=\"twitter:label1\" content=\"Yazan:\" \/>\n\t<meta name=\"twitter:data1\" content=\"admin\" \/>\n\t<meta name=\"twitter:label2\" content=\"Tahmini okuma s\u00fcresi\" \/>\n\t<meta name=\"twitter:data2\" content=\"3 dakika\" \/>\n<script type=\"application\/ld+json\" class=\"yoast-schema-graph\">{\"@context\":\"https:\\\/\\\/schema.org\",\"@graph\":[{\"@type\":\"Article\",\"@id\":\"https:\\\/\\\/kibrisdakik.com\\\/?p=49551#article\",\"isPartOf\":{\"@id\":\"https:\\\/\\\/kibrisdakik.com\\\/?p=49551\"},\"author\":{\"name\":\"admin\",\"@id\":\"https:\\\/\\\/kibrisdakik.com\\\/#\\\/schema\\\/person\\\/9cd9d437bbb44f72b73ba127e06d8e79\"},\"headline\":\"Gabriel Paulista: &quot;Be\u015fikta\u015f&#039;a yak\u0131\u015fan b\u00fcy\u00fck ba\u015far\u0131lar i\u00e7in sava\u015faca\u011f\u0131z&quot;\",\"datePublished\":\"2024-07-12T14:01:00+00:00\",\"mainEntityOfPage\":{\"@id\":\"https:\\\/\\\/kibrisdakik.com\\\/?p=49551\"},\"wordCount\":688,\"commentCount\":0,\"image\":{\"@id\":\"https:\\\/\\\/kibrisdakik.com\\\/?p=49551#primaryimage\"},\"thumbnailUrl\":\"https:\\\/\\\/kibrisdakik.com\\\/wp-content\\\/uploads\\\/2024\\\/07\\\/gabriel-paulista-besiktasa-yakisan-buyuk-basarilar-icin-savasacagiz-17207899504967_1-740x420.jpg\",\"articleSection\":[\"G\u00fcndem\"],\"inLanguage\":\"tr\",\"potentialAction\":[{\"@type\":\"CommentAction\",\"name\":\"Comment\",\"target\":[\"https:\\\/\\\/kibrisdakik.com\\\/?p=49551#respond\"]}]},{\"@type\":\"WebPage\",\"@id\":\"https:\\\/\\\/kibrisdakik.com\\\/?p=49551\",\"url\":\"https:\\\/\\\/kibrisdakik.com\\\/?p=49551\",\"name\":\"Gabriel Paulista: &quot;Be\u015fikta\u015f&#039;a yak\u0131\u015fan b\u00fcy\u00fck ba\u015far\u0131lar i\u00e7in sava\u015faca\u011f\u0131z&quot; -\",\"isPartOf\":{\"@id\":\"https:\\\/\\\/kibrisdakik.com\\\/#website\"},\"primaryImageOfPage\":{\"@id\":\"https:\\\/\\\/kibrisdakik.com\\\/?p=49551#primaryimage\"},\"image\":{\"@id\":\"https:\\\/\\\/kibrisdakik.com\\\/?p=49551#primaryimage\"},\"thumbnailUrl\":\"https:\\\/\\\/kibrisdakik.com\\\/wp-content\\\/uploads\\\/2024\\\/07\\\/gabriel-paulista-besiktasa-yakisan-buyuk-basarilar-icin-savasacagiz-17207899504967_1-740x420.jpg\",\"datePublished\":\"2024-07-12T14:01:00+00:00\",\"author\":{\"@id\":\"https:\\\/\\\/kibrisdakik.com\\\/#\\\/schema\\\/person\\\/9cd9d437bbb44f72b73ba127e06d8e79\"},\"breadcrumb\":{\"@id\":\"https:\\\/\\\/kibrisdakik.com\\\/?p=49551#breadcrumb\"},\"inLanguage\":\"tr\",\"potentialAction\":[{\"@type\":\"ReadAction\",\"target\":[\"https:\\\/\\\/kibrisdakik.com\\\/?p=49551\"]}]},{\"@type\":\"ImageObject\",\"inLanguage\":\"tr\",\"@id\":\"https:\\\/\\\/kibrisdakik.com\\\/?p=49551#primaryimage\",\"url\":\"https:\\\/\\\/kibrisdakik.com\\\/wp-content\\\/uploads\\\/2024\\\/07\\\/gabriel-paulista-besiktasa-yakisan-buyuk-basarilar-icin-savasacagiz-17207899504967_1-740x420.jpg\",\"contentUrl\":\"https:\\\/\\\/kibrisdakik.com\\\/wp-content\\\/uploads\\\/2024\\\/07\\\/gabriel-paulista-besiktasa-yakisan-buyuk-basarilar-icin-savasacagiz-17207899504967_1-740x420.jpg\",\"width\":1280,\"height\":828},{\"@type\":\"BreadcrumbList\",\"@id\":\"https:\\\/\\\/kibrisdakik.com\\\/?p=49551#breadcrumb\",\"itemListElement\":[{\"@type\":\"ListItem\",\"position\":1,\"name\":\"Home\",\"item\":\"https:\\\/\\\/kibrisdakik.com\\\/\"},{\"@type\":\"ListItem\",\"position\":2,\"name\":\"Gabriel Paulista: &quot;Be\u015fikta\u015f&#039;a yak\u0131\u015fan b\u00fcy\u00fck ba\u015far\u0131lar i\u00e7in sava\u015faca\u011f\u0131z&quot;\"}]},{\"@type\":\"WebSite\",\"@id\":\"https:\\\/\\\/kibrisdakik.com\\\/#website\",\"url\":\"https:\\\/\\\/kibrisdakik.com\\\/\",\"name\":\"\",\"description\":\"Tam vaktinde haber\",\"potentialAction\":[{\"@type\":\"SearchAction\",\"target\":{\"@type\":\"EntryPoint\",\"urlTemplate\":\"https:\\\/\\\/kibrisdakik.com\\\/?s={search_term_string}\"},\"query-input\":{\"@type\":\"PropertyValueSpecification\",\"valueRequired\":true,\"valueName\":\"search_term_string\"}}],\"inLanguage\":\"tr\"},{\"@type\":\"Person\",\"@id\":\"https:\\\/\\\/kibrisdakik.com\\\/#\\\/schema\\\/person\\\/9cd9d437bbb44f72b73ba127e06d8e79\",\"name\":\"admin\",\"image\":{\"@type\":\"ImageObject\",\"inLanguage\":\"tr\",\"@id\":\"https:\\\/\\\/secure.gravatar.com\\\/avatar\\\/ccc17943b9d660506c869530f897617f7cb1c21a4bf30023f252596d83e1f007?s=96&d=mm&r=g\",\"url\":\"https:\\\/\\\/secure.gravatar.com\\\/avatar\\\/ccc17943b9d660506c869530f897617f7cb1c21a4bf30023f252596d83e1f007?s=96&d=mm&r=g\",\"contentUrl\":\"https:\\\/\\\/secure.gravatar.com\\\/avatar\\\/ccc17943b9d660506c869530f897617f7cb1c21a4bf30023f252596d83e1f007?s=96&d=mm&r=g\",\"caption\":\"admin\"},\"sameAs\":[\"https:\\\/\\\/kibrisdakik.com\"],\"url\":\"https:\\\/\\\/kibrisdakik.com\\\/?author=1\"}]}<\/script>\n<!-- \/ Yoast SEO plugin. -->","yoast_head_json":{"title":"Gabriel Paulista: &quot;Be\u015fikta\u015f&#039;a yak\u0131\u015fan b\u00fcy\u00fck ba\u015far\u0131lar i\u00e7in sava\u015faca\u011f\u0131z&quot; -","robots":{"index":"index","follow":"follow","max-snippet":"max-snippet:-1","max-image-preview":"max-image-preview:large","max-video-preview":"max-video-preview:-1"},"canonical":"https:\/\/kibrisdakik.com\/?p=49551","og_locale":"tr_TR","og_type":"article","og_title":"Gabriel Paulista: &quot;Be\u015fikta\u015f&#039;a yak\u0131\u015fan b\u00fcy\u00fck ba\u015far\u0131lar i\u00e7in sava\u015faca\u011f\u0131z&quot; -","og_description":"Be\u015fikta\u015f&#8217;\u0131n bu sezon kadrosuna katt\u0131\u011f\u0131 ilk isim olan Brezilyal\u0131 futbolcu Gabriel Paulista, ba\u015far\u0131lar kazanmak i\u00e7in sava\u015fmak zorunda olduklar\u0131n\u0131 s\u00f6yledi. Siyah-beyazl\u0131 tak\u0131m\u0131n Slovenya&#8217;n\u0131n Maribor kentinde kamp yapt\u0131\u011f\u0131 otelde bas\u0131n mensuplar\u0131na a\u00e7\u0131klamalarda bulunan Paulista, yeni transferlerden her zaman beklentilerin fazla oldu\u011funu kaydederek, &#8220;B\u00fcy\u00fck tak\u0131mlarda bask\u0131 her zaman vard\u0131r, bu da \u00e7ok normal. \u0130yi kariyerli oyunculara bask\u0131 daha","og_url":"https:\/\/kibrisdakik.com\/?p=49551","article_published_time":"2024-07-12T14:01:00+00:00","og_image":[{"width":1280,"height":828,"url":"https:\/\/kibrisdakik.com\/wp-content\/uploads\/2024\/07\/gabriel-paulista-besiktasa-yakisan-buyuk-basarilar-icin-savasacagiz-17207899504967_1-740x420.jpg","type":"image\/jpeg"}],"author":"admin","twitter_card":"summary_large_image","twitter_misc":{"Yazan:":"admin","Tahmini okuma s\u00fcresi":"3 dakika"},"schema":{"@context":"https:\/\/schema.org","@graph":[{"@type":"Article","@id":"https:\/\/kibrisdakik.com\/?p=49551#article","isPartOf":{"@id":"https:\/\/kibrisdakik.com\/?p=49551"},"author":{"name":"admin","@id":"https:\/\/kibrisdakik.com\/#\/schema\/person\/9cd9d437bbb44f72b73ba127e06d8e79"},"headline":"Gabriel Paulista: &quot;Be\u015fikta\u015f&#039;a yak\u0131\u015fan b\u00fcy\u00fck ba\u015far\u0131lar i\u00e7in sava\u015faca\u011f\u0131z&quot;","datePublished":"2024-07-12T14:01:00+00:00","mainEntityOfPage":{"@id":"https:\/\/kibrisdakik.com\/?p=49551"},"wordCount":688,"commentCount":0,"image":{"@id":"https:\/\/kibrisdakik.com\/?p=49551#primaryimage"},"thumbnailUrl":"https:\/\/kibrisdakik.com\/wp-content\/uploads\/2024\/07\/gabriel-paulista-besiktasa-yakisan-buyuk-basarilar-icin-savasacagiz-17207899504967_1-740x420.jpg","articleSection":["G\u00fcndem"],"inLanguage":"tr","potentialAction":[{"@type":"CommentAction","name":"Comment","target":["https:\/\/kibrisdakik.com\/?p=49551#respond"]}]},{"@type":"WebPage","@id":"https:\/\/kibrisdakik.com\/?p=49551","url":"https:\/\/kibrisdakik.com\/?p=49551","name":"Gabriel Paulista: &quot;Be\u015fikta\u015f&#039;a yak\u0131\u015fan b\u00fcy\u00fck ba\u015far\u0131lar i\u00e7in sava\u015faca\u011f\u0131z&quot; -","isPartOf":{"@id":"https:\/\/kibrisdakik.com\/#website"},"primaryImageOfPage":{"@id":"https:\/\/kibrisdakik.com\/?p=49551#primaryimage"},"image":{"@id":"https:\/\/kibrisdakik.com\/?p=49551#primaryimage"},"thumbnailUrl":"https:\/\/kibrisdakik.com\/wp-content\/uploads\/2024\/07\/gabriel-paulista-besiktasa-yakisan-buyuk-basarilar-icin-savasacagiz-17207899504967_1-740x420.jpg","datePublished":"2024-07-12T14:01:00+00:00","author":{"@id":"https:\/\/kibrisdakik.com\/#\/schema\/person\/9cd9d437bbb44f72b73ba127e06d8e79"},"breadcrumb":{"@id":"https:\/\/kibrisdakik.com\/?p=49551#breadcrumb"},"inLanguage":"tr","potentialAction":[{"@type":"ReadAction","target":["https:\/\/kibrisdakik.com\/?p=49551"]}]},{"@type":"ImageObject","inLanguage":"tr","@id":"https:\/\/kibrisdakik.com\/?p=49551#primaryimage","url":"https:\/\/kibrisdakik.com\/wp-content\/uploads\/2024\/07\/gabriel-paulista-besiktasa-yakisan-buyuk-basarilar-icin-savasacagiz-17207899504967_1-740x420.jpg","contentUrl":"https:\/\/kibrisdakik.com\/wp-content\/uploads\/2024\/07\/gabriel-paulista-besiktasa-yakisan-buyuk-basarilar-icin-savasacagiz-17207899504967_1-740x420.jpg","width":1280,"height":828},{"@type":"BreadcrumbList","@id":"https:\/\/kibrisdakik.com\/?p=49551#breadcrumb","itemListElement":[{"@type":"ListItem","position":1,"name":"Home","item":"https:\/\/kibrisdakik.com\/"},{"@type":"ListItem","position":2,"name":"Gabriel Paulista: &quot;Be\u015fikta\u015f&#039;a yak\u0131\u015fan b\u00fcy\u00fck ba\u015far\u0131lar i\u00e7in sava\u015faca\u011f\u0131z&quot;"}]},{"@type":"WebSite","@id":"https:\/\/kibrisdakik.com\/#website","url":"https:\/\/kibrisdakik.com\/","name":"","description":"Tam vaktinde haber","potentialAction":[{"@type":"SearchAction","target":{"@type":"EntryPoint","urlTemplate":"https:\/\/kibrisdakik.com\/?s={search_term_string}"},"query-input":{"@type":"PropertyValueSpecification","valueRequired":true,"valueName":"search_term_string"}}],"inLanguage":"tr"},{"@type":"Person","@id":"https:\/\/kibrisdakik.com\/#\/schema\/person\/9cd9d437bbb44f72b73ba127e06d8e79","name":"admin","image":{"@type":"ImageObject","inLanguage":"tr","@id":"https:\/\/secure.gravatar.com\/avatar\/ccc17943b9d660506c869530f897617f7cb1c21a4bf30023f252596d83e1f007?s=96&d=mm&r=g","url":"https:\/\/secure.gravatar.com\/avatar\/ccc17943b9d660506c869530f897617f7cb1c21a4bf30023f252596d83e1f007?s=96&d=mm&r=g","contentUrl":"https:\/\/secure.gravatar.com\/avatar\/ccc17943b9d660506c869530f897617f7cb1c21a4bf30023f252596d83e1f007?s=96&d=mm&r=g","caption":"admin"},"sameAs":["https:\/\/kibrisdakik.com"],"url":"https:\/\/kibrisdakik.com\/?author=1"}]}},"_links":{"self":[{"href":"https:\/\/kibrisdakik.com\/index.php?rest_route=\/wp\/v2\/posts\/49551","targetHints":{"allow":["GET"]}}],"collection":[{"href":"https:\/\/kibrisdakik.com\/index.php?rest_route=\/wp\/v2\/posts"}],"about":[{"href":"https:\/\/kibrisdakik.com\/index.php?rest_route=\/wp\/v2\/types\/post"}],"author":[{"embeddable":true,"href":"https:\/\/kibrisdakik.com\/index.php?rest_route=\/wp\/v2\/users\/1"}],"replies":[{"embeddable":true,"href":"https:\/\/kibrisdakik.com\/index.php?rest_route=%2Fwp%2Fv2%2Fcomments&post=49551"}],"version-history":[{"count":0,"href":"https:\/\/kibrisdakik.com\/index.php?rest_route=\/wp\/v2\/posts\/49551\/revisions"}],"wp:featuredmedia":[{"embeddable":true,"href":"https:\/\/kibrisdakik.com\/index.php?rest_route=\/wp\/v2\/media\/49552"}],"wp:attachment":[{"href":"https:\/\/kibrisdakik.com\/index.php?rest_route=%2Fwp%2Fv2%2Fmedia&parent=49551"}],"wp:term":[{"taxonomy":"category","embeddable":true,"href":"https:\/\/kibrisdakik.com\/index.php?rest_route=%2Fwp%2Fv2%2Fcategories&post=49551"},{"taxonomy":"post_tag","embeddable":true,"href":"https:\/\/kibrisdakik.com\/index.php?rest_route=%2Fwp%2Fv2%2Ftags&post=49551"}],"curies":[{"name":"wp","href":"https:\/\/api.w.org\/{rel}","templated":true}]}}