{"id":4963,"date":"2023-04-11T16:08:05","date_gmt":"2023-04-11T16:08:05","guid":{"rendered":"https:\/\/kibrisdakik.com\/index.php\/2023\/04\/11\/kib-tek-yonetimi-personelin-eylemi-sona-erdirmesini-istedi\/"},"modified":"2023-04-11T16:08:05","modified_gmt":"2023-04-11T16:08:05","slug":"kib-tek-yonetimi-personelin-eylemi-sona-erdirmesini-istedi","status":"publish","type":"post","link":"https:\/\/kibrisdakik.com\/?p=4963","title":{"rendered":"KIB-TEK y\u00f6netimi personelin eylemi sona erdirmesini istedi"},"content":{"rendered":"<p><\/p>\n<div>\n<div class=\"mariselle-image-container center\">\n                <img width=\"706\" height=\"431\" class=\"lazy-image\" alt=\"\" decoding=\"async\" loading=\"lazy\" sizes=\"auto, (max-width: 706px) 100vw, 706px\" src=\"https:\/\/brtk.net\/wp-content\/uploads\/2023\/04\/11\/kib-tek-elektrik-borcu-olanlari-uyardi-h124500-aa006.jpg?ver=e838b875fd9eaea252d4ab6233070485\" srcset=\"https:\/\/brtk.net\/wp-content\/uploads\/2023\/04\/11\/kib-tek-elektrik-borcu-olanlari-uyardi-h124500-aa006.jpg?ver=e838b875fd9eaea252d4ab6233070485 706w, https:\/\/brtk.net\/wp-content\/uploads\/2023\/04\/11\/kib-tek-elektrik-borcu-olanlari-uyardi-h124500-aa006-300x183.jpg?ver=65f7ca092a511acc04e5e600d3a79570 300w\"\/>                            <\/div>\n<p>K\u0131br\u0131s T\u00fcrk Elektrik Kurumu Y\u00f6netim Kurulu, elektrik konusunda son g\u00fcnlerde ya\u015fanan geli\u015fmelerle ilgili a\u00e7\u0131klama yapt\u0131.<\/p>\n<p>A\u00e7\u0131klamada, K\u0131br\u0131s T\u00fcrk Elektrik Kurumu \u00c7al\u0131\u015fanlar\u0131 Sendikas\u0131\u2019n\u0131n, Kamu \u0130hale De\u011fi\u015fiklik Yasa Tasar\u0131s\u0131n\u0131n g\u00fcndeme gelip Meclis\u2019te \u00e7al\u0131\u015f\u0131lmaya ba\u015fland\u0131\u011f\u0131 31 Mart\u2019ta greve ba\u015flama karar\u0131 ald\u0131\u011f\u0131na i\u015faret edilerek, Bakanlar Kurulu\u2019nun ayn\u0131 tarihte halk\u0131n ma\u011fdur olmamas\u0131 i\u00e7in Resmi Gazete\u2019de de yay\u0131mlanan emirname ile grev yasa\u011f\u0131 getirdi\u011fi hat\u0131rlat\u0131ld\u0131.<\/p>\n<p>A\u00e7\u0131klamada, bu do\u011frultuda Bakanlar Kurulu\u2019nun grev yasa\u011f\u0131 getirmesine ra\u011fmen El-Sen \u00fcyesi KIB-TEK \u00e7al\u0131\u015fanlar\u0131n\u0131n \u2018sivil itaatsizlik\u2019 ad\u0131 alt\u0131nda i\u015fba\u015f\u0131 yapmad\u0131\u011f\u0131, g\u00f6rev yerlerine gitmedi\u011fi, halk\u0131n almas\u0131 gereken elzem hizmetleri dahi aksatacak \u015fekilde eylem yapmaya devam etti\u011fi keydedildi.<\/p>\n<p>Eylem ad\u0131 alt\u0131nda yap\u0131lan bu gayr\u0131 yasal hareketlerin ev yang\u0131n\u0131na sebep olmas\u0131na, vatanda\u015f\u0131n buzdolab\u0131nda muhafaza etmesi gereken ila\u00e7lar\u0131n\u0131n kullan\u0131lamayacak hale gelmesine, hastane elektri\u011finin kesilmesine varan kesintilerin yap\u0131lmas\u0131n\u0131n \u00fcz\u00fcnt\u00fc verici oldu\u011fu belirtilen a\u00e7\u0131klamada, t\u00fcm halk\u0131n\u0131z ma\u011fdur edildi\u011fi kaydedildi.<\/p>\n<p>A\u00e7\u0131klamada, \u201cKIB-TEK \u00e7al\u0131\u015fanlar\u0131n\u0131n kendi Toplu \u0130\u015f S\u00f6zle\u015fmesi\u2019nde var olan \u2018grev hakk\u0131\u2019 ba\u015fl\u0131\u011f\u0131 alt\u0131nda d\u00fczenlenen maddede askeri b\u00f6lge, hastane, havaalan\u0131 gibi elzem servislere hizmet verilmesi \u015fart\u0131 ile grev yap\u0131labilece\u011fi d\u00fczenlenmi\u015f olmas\u0131na kar\u015f\u0131l\u0131k bu kurumlar\u0131n hepsi ma\u011fdur edilmi\u015ftir\u201d ifadeleri yer ald\u0131\u2026<\/p>\n<p>\u2018Sivil itaatsizlik\u2019 ad\u0131 alt\u0131nda yap\u0131lan i\u015fbu hareketin toplum menfaatini ciddi \u015fekilde etkiledi\u011fi ve t\u00fcm i\u015flerin aksad\u0131\u011f\u0131 kaydedilen a\u00e7\u0131klamada, g\u00fcnlerdir i\u015fba\u015f\u0131 yapmayan t\u00fcm KIB-TEK \u00e7al\u0131\u015fanlar\u0131 sa\u011fduyuya davet edildi\u2026<\/p>\n<p>A\u00e7\u0131klaman\u0131n devam\u0131nda \u015fu ifadelere yer verildi:<br \/>\u201cHalk\u0131m\u0131z\u0131n daha fazla ma\u011fdur edilmeden i\u015fbu eyleme son vermeleri gerekti\u011fini, bug\u00fcne de\u011fin grev yasa\u011f\u0131na ra\u011fmen i\u015fe gelmemeleri ve grev yasa\u011f\u0131na uymamalar\u0131 ile ilgili aleyhlerinde polis \u015fikayeti yap\u0131ld\u0131\u011f\u0131n\u0131 ve disiplin i\u015flemi ba\u015flat\u0131laca\u011f\u0131n\u0131; yap\u0131lan sivil itaatsizli\u011fin devam etmesi halinde ise ayr\u0131m yap\u0131lmaks\u0131z\u0131n i\u015ften uzakla\u015ft\u0131rma ve ge\u00e7ici veya s\u00fcrekli olarak i\u015ften durdurma karar\u0131 al\u0131naca\u011f\u0131n\u0131, halk\u0131m\u0131z\u0131n daha \u00e7ok ma\u011fdur edilmemesi i\u00e7in gerekirse santral ve gerekli t\u00fcm yerlerde verilmeyen hizmetlerle ilgili olarak ilk a\u015famada hizmet al\u0131m\u0131na gidilece\u011fini ve uzun vadede de yeni personel istihdam\u0131na gidilece\u011fini ve halk\u0131n ma\u011fduriyetinin minimum seviyeye getirilmesi i\u00e7in t\u00fcm \u00e7al\u0131\u015fmalar\u0131n yap\u0131laca\u011f\u0131n\u0131 de\u011ferli personelimize ve kamuoyuna sayg\u0131 ile bildiririz\u201d<\/p>\n<\/p><\/div>\n<p><script async\n                    defer\n                    crossorigin=\"anonymous\"\n                    src=\"https:\/\/connect.facebook.net\/tr_TR\/sdk.js#xfbml=1&#038;version=v3.3\"\n            ><\/script><\/p>\n","protected":false},"excerpt":{"rendered":"<p>K\u0131br\u0131s T\u00fcrk Elektrik Kurumu Y\u00f6netim Kurulu, elektrik konusunda son g\u00fcnlerde ya\u015fanan geli\u015fmelerle ilgili a\u00e7\u0131klama yapt\u0131. A\u00e7\u0131klamada, K\u0131br\u0131s T\u00fcrk Elektrik Kurumu \u00c7al\u0131\u015fanlar\u0131 Sendikas\u0131\u2019n\u0131n, Kamu \u0130hale De\u011fi\u015fiklik Yasa Tasar\u0131s\u0131n\u0131n g\u00fcndeme gelip Meclis\u2019te \u00e7al\u0131\u015f\u0131lmaya ba\u015fland\u0131\u011f\u0131 31 Mart\u2019ta greve ba\u015flama karar\u0131 ald\u0131\u011f\u0131na i\u015faret edilerek, Bakanlar Kurulu\u2019nun ayn\u0131 tarihte halk\u0131n ma\u011fdur olmamas\u0131 i\u00e7in Resmi Gazete\u2019de de yay\u0131mlanan emirname ile grev<\/p>\n","protected":false},"author":1,"featured_media":4964,"comment_status":"open","ping_status":"open","sticky":false,"template":"","format":"standard","meta":{"footnotes":""},"categories":[1],"tags":[],"class_list":["post-4963","post","type-post","status-publish","format-standard","has-post-thumbnail","hentry","category-gundem"],"yoast_head":"<!-- This site is optimized with the Yoast SEO plugin v27.5 - https:\/\/yoast.com\/product\/yoast-seo-wordpress\/ -->\n<title>KIB-TEK y\u00f6netimi personelin eylemi sona erdirmesini istedi -<\/title>\n<meta name=\"robots\" content=\"index, follow, max-snippet:-1, max-image-preview:large, max-video-preview:-1\" \/>\n<link rel=\"canonical\" href=\"https:\/\/kibrisdakik.com\/?p=4963\" \/>\n<meta property=\"og:locale\" content=\"tr_TR\" \/>\n<meta property=\"og:type\" content=\"article\" \/>\n<meta property=\"og:title\" content=\"KIB-TEK y\u00f6netimi personelin eylemi sona erdirmesini istedi -\" \/>\n<meta property=\"og:description\" content=\"K\u0131br\u0131s T\u00fcrk Elektrik Kurumu Y\u00f6netim Kurulu, elektrik konusunda son g\u00fcnlerde ya\u015fanan geli\u015fmelerle ilgili a\u00e7\u0131klama yapt\u0131. A\u00e7\u0131klamada, K\u0131br\u0131s T\u00fcrk Elektrik Kurumu \u00c7al\u0131\u015fanlar\u0131 Sendikas\u0131\u2019n\u0131n, Kamu \u0130hale De\u011fi\u015fiklik Yasa Tasar\u0131s\u0131n\u0131n g\u00fcndeme gelip Meclis\u2019te \u00e7al\u0131\u015f\u0131lmaya ba\u015fland\u0131\u011f\u0131 31 Mart\u2019ta greve ba\u015flama karar\u0131 ald\u0131\u011f\u0131na i\u015faret edilerek, Bakanlar Kurulu\u2019nun ayn\u0131 tarihte halk\u0131n ma\u011fdur olmamas\u0131 i\u00e7in Resmi Gazete\u2019de de yay\u0131mlanan emirname ile grev\" \/>\n<meta property=\"og:url\" content=\"https:\/\/kibrisdakik.com\/?p=4963\" \/>\n<meta property=\"article:published_time\" content=\"2023-04-11T16:08:05+00:00\" \/>\n<meta property=\"og:image\" content=\"https:\/\/kibrisdakik.com\/wp-content\/uploads\/2023\/04\/kib-tek-elektrik-borcu-olanlari-uyardi-h124500-aa006-706x420.jpg\" \/>\n\t<meta property=\"og:image:width\" content=\"706\" \/>\n\t<meta property=\"og:image:height\" content=\"431\" \/>\n\t<meta property=\"og:image:type\" content=\"image\/jpeg\" \/>\n<meta name=\"author\" content=\"admin\" \/>\n<meta name=\"twitter:card\" content=\"summary_large_image\" \/>\n<meta name=\"twitter:label1\" content=\"Yazan:\" \/>\n\t<meta name=\"twitter:data1\" content=\"admin\" \/>\n\t<meta name=\"twitter:label2\" content=\"Tahmini okuma s\u00fcresi\" \/>\n\t<meta name=\"twitter:data2\" content=\"2 dakika\" \/>\n<script type=\"application\/ld+json\" class=\"yoast-schema-graph\">{\"@context\":\"https:\\\/\\\/schema.org\",\"@graph\":[{\"@type\":\"Article\",\"@id\":\"https:\\\/\\\/kibrisdakik.com\\\/?p=4963#article\",\"isPartOf\":{\"@id\":\"https:\\\/\\\/kibrisdakik.com\\\/?p=4963\"},\"author\":{\"name\":\"admin\",\"@id\":\"https:\\\/\\\/kibrisdakik.com\\\/#\\\/schema\\\/person\\\/9cd9d437bbb44f72b73ba127e06d8e79\"},\"headline\":\"KIB-TEK y\u00f6netimi personelin eylemi sona erdirmesini istedi\",\"datePublished\":\"2023-04-11T16:08:05+00:00\",\"mainEntityOfPage\":{\"@id\":\"https:\\\/\\\/kibrisdakik.com\\\/?p=4963\"},\"wordCount\":466,\"commentCount\":0,\"image\":{\"@id\":\"https:\\\/\\\/kibrisdakik.com\\\/?p=4963#primaryimage\"},\"thumbnailUrl\":\"https:\\\/\\\/kibrisdakik.com\\\/wp-content\\\/uploads\\\/2023\\\/04\\\/kib-tek-elektrik-borcu-olanlari-uyardi-h124500-aa006-706x420.jpg\",\"articleSection\":[\"G\u00fcndem\"],\"inLanguage\":\"tr\",\"potentialAction\":[{\"@type\":\"CommentAction\",\"name\":\"Comment\",\"target\":[\"https:\\\/\\\/kibrisdakik.com\\\/?p=4963#respond\"]}]},{\"@type\":\"WebPage\",\"@id\":\"https:\\\/\\\/kibrisdakik.com\\\/?p=4963\",\"url\":\"https:\\\/\\\/kibrisdakik.com\\\/?p=4963\",\"name\":\"KIB-TEK y\u00f6netimi personelin eylemi sona erdirmesini istedi -\",\"isPartOf\":{\"@id\":\"https:\\\/\\\/kibrisdakik.com\\\/#website\"},\"primaryImageOfPage\":{\"@id\":\"https:\\\/\\\/kibrisdakik.com\\\/?p=4963#primaryimage\"},\"image\":{\"@id\":\"https:\\\/\\\/kibrisdakik.com\\\/?p=4963#primaryimage\"},\"thumbnailUrl\":\"https:\\\/\\\/kibrisdakik.com\\\/wp-content\\\/uploads\\\/2023\\\/04\\\/kib-tek-elektrik-borcu-olanlari-uyardi-h124500-aa006-706x420.jpg\",\"datePublished\":\"2023-04-11T16:08:05+00:00\",\"author\":{\"@id\":\"https:\\\/\\\/kibrisdakik.com\\\/#\\\/schema\\\/person\\\/9cd9d437bbb44f72b73ba127e06d8e79\"},\"breadcrumb\":{\"@id\":\"https:\\\/\\\/kibrisdakik.com\\\/?p=4963#breadcrumb\"},\"inLanguage\":\"tr\",\"potentialAction\":[{\"@type\":\"ReadAction\",\"target\":[\"https:\\\/\\\/kibrisdakik.com\\\/?p=4963\"]}]},{\"@type\":\"ImageObject\",\"inLanguage\":\"tr\",\"@id\":\"https:\\\/\\\/kibrisdakik.com\\\/?p=4963#primaryimage\",\"url\":\"https:\\\/\\\/kibrisdakik.com\\\/wp-content\\\/uploads\\\/2023\\\/04\\\/kib-tek-elektrik-borcu-olanlari-uyardi-h124500-aa006-706x420.jpg\",\"contentUrl\":\"https:\\\/\\\/kibrisdakik.com\\\/wp-content\\\/uploads\\\/2023\\\/04\\\/kib-tek-elektrik-borcu-olanlari-uyardi-h124500-aa006-706x420.jpg\",\"width\":706,\"height\":431},{\"@type\":\"BreadcrumbList\",\"@id\":\"https:\\\/\\\/kibrisdakik.com\\\/?p=4963#breadcrumb\",\"itemListElement\":[{\"@type\":\"ListItem\",\"position\":1,\"name\":\"Home\",\"item\":\"https:\\\/\\\/kibrisdakik.com\\\/\"},{\"@type\":\"ListItem\",\"position\":2,\"name\":\"KIB-TEK y\u00f6netimi personelin eylemi sona erdirmesini istedi\"}]},{\"@type\":\"WebSite\",\"@id\":\"https:\\\/\\\/kibrisdakik.com\\\/#website\",\"url\":\"https:\\\/\\\/kibrisdakik.com\\\/\",\"name\":\"\",\"description\":\"Tam vaktinde haber\",\"potentialAction\":[{\"@type\":\"SearchAction\",\"target\":{\"@type\":\"EntryPoint\",\"urlTemplate\":\"https:\\\/\\\/kibrisdakik.com\\\/?s={search_term_string}\"},\"query-input\":{\"@type\":\"PropertyValueSpecification\",\"valueRequired\":true,\"valueName\":\"search_term_string\"}}],\"inLanguage\":\"tr\"},{\"@type\":\"Person\",\"@id\":\"https:\\\/\\\/kibrisdakik.com\\\/#\\\/schema\\\/person\\\/9cd9d437bbb44f72b73ba127e06d8e79\",\"name\":\"admin\",\"image\":{\"@type\":\"ImageObject\",\"inLanguage\":\"tr\",\"@id\":\"https:\\\/\\\/secure.gravatar.com\\\/avatar\\\/ccc17943b9d660506c869530f897617f7cb1c21a4bf30023f252596d83e1f007?s=96&d=mm&r=g\",\"url\":\"https:\\\/\\\/secure.gravatar.com\\\/avatar\\\/ccc17943b9d660506c869530f897617f7cb1c21a4bf30023f252596d83e1f007?s=96&d=mm&r=g\",\"contentUrl\":\"https:\\\/\\\/secure.gravatar.com\\\/avatar\\\/ccc17943b9d660506c869530f897617f7cb1c21a4bf30023f252596d83e1f007?s=96&d=mm&r=g\",\"caption\":\"admin\"},\"sameAs\":[\"https:\\\/\\\/kibrisdakik.com\"],\"url\":\"https:\\\/\\\/kibrisdakik.com\\\/?author=1\"}]}<\/script>\n<!-- \/ Yoast SEO plugin. -->","yoast_head_json":{"title":"KIB-TEK y\u00f6netimi personelin eylemi sona erdirmesini istedi -","robots":{"index":"index","follow":"follow","max-snippet":"max-snippet:-1","max-image-preview":"max-image-preview:large","max-video-preview":"max-video-preview:-1"},"canonical":"https:\/\/kibrisdakik.com\/?p=4963","og_locale":"tr_TR","og_type":"article","og_title":"KIB-TEK y\u00f6netimi personelin eylemi sona erdirmesini istedi -","og_description":"K\u0131br\u0131s T\u00fcrk Elektrik Kurumu Y\u00f6netim Kurulu, elektrik konusunda son g\u00fcnlerde ya\u015fanan geli\u015fmelerle ilgili a\u00e7\u0131klama yapt\u0131. A\u00e7\u0131klamada, K\u0131br\u0131s T\u00fcrk Elektrik Kurumu \u00c7al\u0131\u015fanlar\u0131 Sendikas\u0131\u2019n\u0131n, Kamu \u0130hale De\u011fi\u015fiklik Yasa Tasar\u0131s\u0131n\u0131n g\u00fcndeme gelip Meclis\u2019te \u00e7al\u0131\u015f\u0131lmaya ba\u015fland\u0131\u011f\u0131 31 Mart\u2019ta greve ba\u015flama karar\u0131 ald\u0131\u011f\u0131na i\u015faret edilerek, Bakanlar Kurulu\u2019nun ayn\u0131 tarihte halk\u0131n ma\u011fdur olmamas\u0131 i\u00e7in Resmi Gazete\u2019de de yay\u0131mlanan emirname ile grev","og_url":"https:\/\/kibrisdakik.com\/?p=4963","article_published_time":"2023-04-11T16:08:05+00:00","og_image":[{"width":706,"height":431,"url":"https:\/\/kibrisdakik.com\/wp-content\/uploads\/2023\/04\/kib-tek-elektrik-borcu-olanlari-uyardi-h124500-aa006-706x420.jpg","type":"image\/jpeg"}],"author":"admin","twitter_card":"summary_large_image","twitter_misc":{"Yazan:":"admin","Tahmini okuma s\u00fcresi":"2 dakika"},"schema":{"@context":"https:\/\/schema.org","@graph":[{"@type":"Article","@id":"https:\/\/kibrisdakik.com\/?p=4963#article","isPartOf":{"@id":"https:\/\/kibrisdakik.com\/?p=4963"},"author":{"name":"admin","@id":"https:\/\/kibrisdakik.com\/#\/schema\/person\/9cd9d437bbb44f72b73ba127e06d8e79"},"headline":"KIB-TEK y\u00f6netimi personelin eylemi sona erdirmesini istedi","datePublished":"2023-04-11T16:08:05+00:00","mainEntityOfPage":{"@id":"https:\/\/kibrisdakik.com\/?p=4963"},"wordCount":466,"commentCount":0,"image":{"@id":"https:\/\/kibrisdakik.com\/?p=4963#primaryimage"},"thumbnailUrl":"https:\/\/kibrisdakik.com\/wp-content\/uploads\/2023\/04\/kib-tek-elektrik-borcu-olanlari-uyardi-h124500-aa006-706x420.jpg","articleSection":["G\u00fcndem"],"inLanguage":"tr","potentialAction":[{"@type":"CommentAction","name":"Comment","target":["https:\/\/kibrisdakik.com\/?p=4963#respond"]}]},{"@type":"WebPage","@id":"https:\/\/kibrisdakik.com\/?p=4963","url":"https:\/\/kibrisdakik.com\/?p=4963","name":"KIB-TEK y\u00f6netimi personelin eylemi sona erdirmesini istedi -","isPartOf":{"@id":"https:\/\/kibrisdakik.com\/#website"},"primaryImageOfPage":{"@id":"https:\/\/kibrisdakik.com\/?p=4963#primaryimage"},"image":{"@id":"https:\/\/kibrisdakik.com\/?p=4963#primaryimage"},"thumbnailUrl":"https:\/\/kibrisdakik.com\/wp-content\/uploads\/2023\/04\/kib-tek-elektrik-borcu-olanlari-uyardi-h124500-aa006-706x420.jpg","datePublished":"2023-04-11T16:08:05+00:00","author":{"@id":"https:\/\/kibrisdakik.com\/#\/schema\/person\/9cd9d437bbb44f72b73ba127e06d8e79"},"breadcrumb":{"@id":"https:\/\/kibrisdakik.com\/?p=4963#breadcrumb"},"inLanguage":"tr","potentialAction":[{"@type":"ReadAction","target":["https:\/\/kibrisdakik.com\/?p=4963"]}]},{"@type":"ImageObject","inLanguage":"tr","@id":"https:\/\/kibrisdakik.com\/?p=4963#primaryimage","url":"https:\/\/kibrisdakik.com\/wp-content\/uploads\/2023\/04\/kib-tek-elektrik-borcu-olanlari-uyardi-h124500-aa006-706x420.jpg","contentUrl":"https:\/\/kibrisdakik.com\/wp-content\/uploads\/2023\/04\/kib-tek-elektrik-borcu-olanlari-uyardi-h124500-aa006-706x420.jpg","width":706,"height":431},{"@type":"BreadcrumbList","@id":"https:\/\/kibrisdakik.com\/?p=4963#breadcrumb","itemListElement":[{"@type":"ListItem","position":1,"name":"Home","item":"https:\/\/kibrisdakik.com\/"},{"@type":"ListItem","position":2,"name":"KIB-TEK y\u00f6netimi personelin eylemi sona erdirmesini istedi"}]},{"@type":"WebSite","@id":"https:\/\/kibrisdakik.com\/#website","url":"https:\/\/kibrisdakik.com\/","name":"","description":"Tam vaktinde haber","potentialAction":[{"@type":"SearchAction","target":{"@type":"EntryPoint","urlTemplate":"https:\/\/kibrisdakik.com\/?s={search_term_string}"},"query-input":{"@type":"PropertyValueSpecification","valueRequired":true,"valueName":"search_term_string"}}],"inLanguage":"tr"},{"@type":"Person","@id":"https:\/\/kibrisdakik.com\/#\/schema\/person\/9cd9d437bbb44f72b73ba127e06d8e79","name":"admin","image":{"@type":"ImageObject","inLanguage":"tr","@id":"https:\/\/secure.gravatar.com\/avatar\/ccc17943b9d660506c869530f897617f7cb1c21a4bf30023f252596d83e1f007?s=96&d=mm&r=g","url":"https:\/\/secure.gravatar.com\/avatar\/ccc17943b9d660506c869530f897617f7cb1c21a4bf30023f252596d83e1f007?s=96&d=mm&r=g","contentUrl":"https:\/\/secure.gravatar.com\/avatar\/ccc17943b9d660506c869530f897617f7cb1c21a4bf30023f252596d83e1f007?s=96&d=mm&r=g","caption":"admin"},"sameAs":["https:\/\/kibrisdakik.com"],"url":"https:\/\/kibrisdakik.com\/?author=1"}]}},"_links":{"self":[{"href":"https:\/\/kibrisdakik.com\/index.php?rest_route=\/wp\/v2\/posts\/4963","targetHints":{"allow":["GET"]}}],"collection":[{"href":"https:\/\/kibrisdakik.com\/index.php?rest_route=\/wp\/v2\/posts"}],"about":[{"href":"https:\/\/kibrisdakik.com\/index.php?rest_route=\/wp\/v2\/types\/post"}],"author":[{"embeddable":true,"href":"https:\/\/kibrisdakik.com\/index.php?rest_route=\/wp\/v2\/users\/1"}],"replies":[{"embeddable":true,"href":"https:\/\/kibrisdakik.com\/index.php?rest_route=%2Fwp%2Fv2%2Fcomments&post=4963"}],"version-history":[{"count":0,"href":"https:\/\/kibrisdakik.com\/index.php?rest_route=\/wp\/v2\/posts\/4963\/revisions"}],"wp:featuredmedia":[{"embeddable":true,"href":"https:\/\/kibrisdakik.com\/index.php?rest_route=\/wp\/v2\/media\/4964"}],"wp:attachment":[{"href":"https:\/\/kibrisdakik.com\/index.php?rest_route=%2Fwp%2Fv2%2Fmedia&parent=4963"}],"wp:term":[{"taxonomy":"category","embeddable":true,"href":"https:\/\/kibrisdakik.com\/index.php?rest_route=%2Fwp%2Fv2%2Fcategories&post=4963"},{"taxonomy":"post_tag","embeddable":true,"href":"https:\/\/kibrisdakik.com\/index.php?rest_route=%2Fwp%2Fv2%2Ftags&post=4963"}],"curies":[{"name":"wp","href":"https:\/\/api.w.org\/{rel}","templated":true}]}}