{"id":49712,"date":"2024-07-13T17:22:00","date_gmt":"2024-07-13T17:22:00","guid":{"rendered":"https:\/\/kibrisdakik.com\/index.php\/2024\/07\/13\/dunyada-unutulan-en-buyuk-insani-krizin-yasandigi-ulke-sudan\/"},"modified":"2024-07-13T17:22:00","modified_gmt":"2024-07-13T17:22:00","slug":"dunyada-unutulan-en-buyuk-insani-krizin-yasandigi-ulke-sudan","status":"publish","type":"post","link":"https:\/\/kibrisdakik.com\/?p=49712","title":{"rendered":"D\u00fcnyada unutulan en b\u00fcy\u00fck insani krizin ya\u015fand\u0131\u011f\u0131 \u00fclke: Sudan"},"content":{"rendered":"<p><img decoding=\"async\" src=\"https:\/\/www.kibristurk.com\/images\/haberler\/2024\/07\/dunyada-unutulan-en-buyuk-insani-krizin-yasandigi-ulke-sudan-1720891465.webp\" \/><\/p>\n<p>\u00c7at\u0131\u015fmalardan do\u011frudan etkilenerek hayat\u0131n\u0131 kaybedenlerin say\u0131s\u0131 16 bin olarak tespit edilse de sa\u011fl\u0131k sisteminin \u00e7\u00f6km\u00fc\u015f olmas\u0131 sebebiyle \u00f6l\u00fc say\u0131s\u0131n\u0131n \u00e7ok daha fazla oldu\u011fu tahmin ediliyor.<\/p>\n<p>Birle\u015fmi\u015f Milletler (BM) Uluslararas\u0131 G\u00f6\u00e7 \u00d6rg\u00fct\u00fc (IOM), Sudan&#8217;da sava\u015f\u0131n ba\u015flad\u0131\u011f\u0131 Nisan 2023&#8217;ten bu yana 7 milyon 720 bin 119 ki\u015finin \u00fclke i\u00e7inde yerinden edildi\u011fi bilgisini payla\u015ft\u0131.<\/p>\n<p>S\u0131n\u0131r\u0131 ge\u00e7ip kom\u015fu \u00fclkelere gidenlerin say\u0131s\u0131n\u0131n 2 milyon 196 bin 355 oldu\u011funu belirten IOM, bunlar\u0131n y\u00fczde 55&#8217;inin 18 ya\u015f alt\u0131ndaki \u00e7ocuklar oldu\u011funu ifade etti.<\/p>\n<p>&#8211; D\u00fcnyan\u0131n en fazla \u00e7ocu\u011fun yerinden edildi\u011fi \u00fclke<\/p>\n<p>Birle\u015fmi\u015f Milletler \u00c7ocuklara Yard\u0131m Fonu (UNICEF), Sudan&#8217;\u0131n 5 milyon ile d\u00fcnyan\u0131n en fazla \u00e7ocu\u011fun yerinden edildi\u011fi \u00fclke oldu\u011funu bildirdi.<\/p>\n<p>IOM, Yerinden edilmi\u015f ki\u015filerin y\u00fczde 36&#8217;s\u0131n\u0131n Hartum, y\u00fczde 20&#8217;sinin G\u00fcney Darfur ve y\u00fczde 14&#8217;\u00fcn\u00fcn Kuzey Darfur eyaletinden oldu\u011funu kaydetti.<\/p>\n<p>BM \u0130nsani Yard\u0131m Koordinasyon Ofisi (OCHA), Sudan genelinde durum k\u00f6t\u00fcle\u015fmeye devam ederken kad\u0131nlar\u0131n, \u00e7ocuklar\u0131n ve t\u00fcm ailelerin her \u015feyi geride b\u0131rakarak ka\u00e7mak zorunda kald\u0131\u011f\u0131n\u0131 a\u00e7\u0131klad\u0131.<\/p>\n<p>OCHA, Sudan&#8217;\u0131n &#8220;son 20 y\u0131l\u0131n en k\u00f6t\u00fc g\u0131da g\u00fcvensizli\u011fi&#8221; ile kar\u015f\u0131 kar\u015f\u0131ya oldu\u011funu aktard\u0131.<\/p>\n<p>&#8211; D\u00fcnyan\u0131n en k\u00f6t\u00fc a\u00e7l\u0131k seviyeleri<\/p>\n<p>D\u00fcnya Sa\u011fl\u0131k \u00d6rg\u00fct\u00fc (DS\u00d6) Genel Direkt\u00f6r\u00fc Tedros Adhanom Ghebreyesus, i\u00e7 sava\u015f\u0131n s\u00fcrd\u00fc\u011f\u00fc Sudan&#8217;da her 5 ki\u015fiden 1&#8217;inin acil durum seviyesinde g\u0131da g\u00fcvensizli\u011fi ya\u015fad\u0131\u011f\u0131n\u0131 vurgulad\u0131.<\/p>\n<p>Ghebreyesus, &#8220;755 bin ki\u015fi felaket d\u00fczeyinde a\u00e7l\u0131kla, 25,6 milyon ki\u015fi de akut seviyede a\u00e7l\u0131kla kar\u015f\u0131 kar\u015f\u0131ya. Bunlar, Sudan&#8217;da Entegre G\u0131da G\u00fcvenli\u011fi A\u015fama S\u0131n\u0131fland\u0131rmas\u0131 (IPC) taraf\u0131ndan kaydedilen en k\u00f6t\u00fc a\u00e7l\u0131k seviyeleri.&#8221; ifadelerini kulland\u0131.<\/p>\n<p>&#8211; 3 milyon insan a\u00e7l\u0131ktan \u00f6lebilir<\/p>\n<p>\u0130nsani yard\u0131m kurulu\u015fu Uluslararas\u0131 Kurtarma Komitesi (IRC) Sudan \u00dclke Direkt\u00f6r\u00fc Eatizaz Yusuf, devam eden sava\u015f sebebiyle neredeyse \u00fclkenin yar\u0131s\u0131n\u0131n insani yard\u0131ma muhta\u00e7 durumda ve 3 milyon ki\u015finin k\u0131tl\u0131\u011f\u0131n e\u015fi\u011finde oldu\u011funu ve a\u00e7l\u0131ktan \u00f6lebilece\u011fini ifade etti.<\/p>\n<p>UNICEF Sudan \u00dclke Temsilcisi Mandeep O&#8217;Brien, yakla\u015f\u0131k 8,9 milyon Sudanl\u0131 \u00e7ocu\u011fun akut g\u0131da g\u00fcvensizli\u011fi ve hastal\u0131klardan muzdarip oldu\u011funu s\u00f6yledi.<\/p>\n<p>UNICEF \u0130cra Direkt\u00f6r\u00fc Catherine Russell, Sudan&#8217;\u0131n \u00e7ocuklar i\u00e7in &#8220;d\u00fcnyan\u0131n en k\u00f6t\u00fc yerlerinden biri&#8221; oldu\u011funun alt\u0131n\u0131 \u00e7izdi.<\/p>\n<p>Russell, Sudan&#8217;da milyonlarca \u00e7ocu\u011fun yetersiz beslenmeyle kar\u015f\u0131 kar\u015f\u0131ya oldu\u011funu ve okula gidemedi\u011fini kaydetti.<\/p>\n<p>&#8211; Ne olmu\u015ftu?<\/p>\n<p>2003&#8217;te Sudan&#8217;\u0131n bat\u0131s\u0131ndaki Darfur&#8217;da isyan\u0131 bast\u0131rmak i\u00e7in \u00d6mer el-Be\u015fir liderli\u011findeki h\u00fck\u00fcmet ve ordu, b\u00f6lgenin yerlisi Arap k\u00f6kenli Cancavid milislerini silahland\u0131rarak onlar\u0131n deste\u011fini ald\u0131.<\/p>\n<p>Darfur&#8217;daki \u00e7at\u0131\u015fmada sivillere y\u00f6nelik cinayet, tecav\u00fcz ve i\u015fkence dahil olmak \u00fczere sava\u015f su\u00e7lar\u0131 i\u015flemekle su\u00e7lanan Cancavid milisleri, 2013&#8217;te yakla\u015f\u0131k 5 bin \u00fcye ile Muhammed Hamdan Dagalu liderli\u011finde \u0130stihbarat Te\u015fkilat\u0131na ba\u011fl\u0131 olarak resmi h\u00fcviyet kazand\u0131.<\/p>\n<p>HDK, ba\u015flarda d\u00f6nemin Cumhurba\u015fkan\u0131 Be\u015fir ve ordunun deste\u011fi, sonras\u0131nda da mali ve siyasi g\u00fcc\u00fcn\u00fcn artmas\u0131yla d\u00fczenli orduya paralel bir g\u00fc\u00e7 haline geldi.<\/p>\n<p>Abdulfettah el-Burhan komutas\u0131ndaki ordu ile HDK, Aral\u0131k 2018&#8217;deki halk ayaklanmas\u0131 sonras\u0131nda y\u00f6netimi ele ge\u00e7irip, yakla\u015f\u0131k 30 y\u0131l iktidarda kalan Cumhurba\u015fkan\u0131 Be\u015fir&#8217;in Nisan 2019&#8217;da devrilmesini sa\u011flam\u0131\u015ft\u0131.<\/p>\n<p>Ard\u0131ndan sivillerin kat\u0131l\u0131m\u0131yla olu\u015fturulan h\u00fck\u00fcmette yer alan ordu ve HDK, 2021&#8217;de ise sivil h\u00fck\u00fcmete kar\u015f\u0131 birlikte darbe d\u00fczenlemi\u015fti.<\/p>\n<p>Askeri ve g\u00fcvenlik reformu kapsam\u0131nda HDK&#8217;nin orduya entegrasyonu meselesinde anla\u015fmazl\u0131\u011fa d\u00fc\u015fmesinin ard\u0131ndan Ordu ve HDK aras\u0131nda, 2023&#8217;\u00fcn nisan ay\u0131 ortas\u0131nda \u00e7at\u0131\u015fma ba\u015flam\u0131\u015ft\u0131.<\/p>\n<p>\u00dclkede o tarihten bu yana taraflar aras\u0131nda \u015fiddetli \u00e7at\u0131\u015fmalar s\u00fcr\u00fcyor.<\/p>\n","protected":false},"excerpt":{"rendered":"<p>\u00c7at\u0131\u015fmalardan do\u011frudan etkilenerek hayat\u0131n\u0131 kaybedenlerin say\u0131s\u0131 16 bin olarak tespit edilse de sa\u011fl\u0131k sisteminin \u00e7\u00f6km\u00fc\u015f olmas\u0131 sebebiyle \u00f6l\u00fc say\u0131s\u0131n\u0131n \u00e7ok daha fazla oldu\u011fu tahmin ediliyor. Birle\u015fmi\u015f Milletler (BM) Uluslararas\u0131 G\u00f6\u00e7 \u00d6rg\u00fct\u00fc (IOM), Sudan&#8217;da sava\u015f\u0131n ba\u015flad\u0131\u011f\u0131 Nisan 2023&#8217;ten bu yana 7 milyon 720 bin 119 ki\u015finin \u00fclke i\u00e7inde yerinden edildi\u011fi bilgisini payla\u015ft\u0131. S\u0131n\u0131r\u0131 ge\u00e7ip kom\u015fu \u00fclkelere<\/p>\n","protected":false},"author":1,"featured_media":49713,"comment_status":"open","ping_status":"open","sticky":false,"template":"","format":"standard","meta":{"footnotes":""},"categories":[1],"tags":[],"class_list":["post-49712","post","type-post","status-publish","format-standard","has-post-thumbnail","hentry","category-gundem"],"yoast_head":"<!-- This site is optimized with the Yoast SEO plugin v27.4 - https:\/\/yoast.com\/product\/yoast-seo-wordpress\/ -->\n<title>D\u00fcnyada unutulan en b\u00fcy\u00fck insani krizin ya\u015fand\u0131\u011f\u0131 \u00fclke: Sudan -<\/title>\n<meta name=\"robots\" content=\"index, follow, max-snippet:-1, max-image-preview:large, max-video-preview:-1\" \/>\n<link rel=\"canonical\" href=\"https:\/\/kibrisdakik.com\/?p=49712\" \/>\n<meta property=\"og:locale\" content=\"tr_TR\" \/>\n<meta property=\"og:type\" content=\"article\" \/>\n<meta property=\"og:title\" content=\"D\u00fcnyada unutulan en b\u00fcy\u00fck insani krizin ya\u015fand\u0131\u011f\u0131 \u00fclke: Sudan -\" \/>\n<meta property=\"og:description\" content=\"\u00c7at\u0131\u015fmalardan do\u011frudan etkilenerek hayat\u0131n\u0131 kaybedenlerin say\u0131s\u0131 16 bin olarak tespit edilse de sa\u011fl\u0131k sisteminin \u00e7\u00f6km\u00fc\u015f olmas\u0131 sebebiyle \u00f6l\u00fc say\u0131s\u0131n\u0131n \u00e7ok daha fazla oldu\u011fu tahmin ediliyor. Birle\u015fmi\u015f Milletler (BM) Uluslararas\u0131 G\u00f6\u00e7 \u00d6rg\u00fct\u00fc (IOM), Sudan&#8217;da sava\u015f\u0131n ba\u015flad\u0131\u011f\u0131 Nisan 2023&#8217;ten bu yana 7 milyon 720 bin 119 ki\u015finin \u00fclke i\u00e7inde yerinden edildi\u011fi bilgisini payla\u015ft\u0131. S\u0131n\u0131r\u0131 ge\u00e7ip kom\u015fu \u00fclkelere\" \/>\n<meta property=\"og:url\" content=\"https:\/\/kibrisdakik.com\/?p=49712\" \/>\n<meta property=\"article:published_time\" content=\"2024-07-13T17:22:00+00:00\" \/>\n<meta property=\"og:image\" content=\"https:\/\/kibrisdakik.com\/wp-content\/uploads\/2024\/07\/dunyada-unutulan-en-buyuk-insani-krizin-yasandigi-ulke-sudan-1720891465.webp.webp\" \/>\n\t<meta property=\"og:image:width\" content=\"710\" \/>\n\t<meta property=\"og:image:height\" content=\"370\" \/>\n\t<meta property=\"og:image:type\" content=\"image\/webp\" \/>\n<meta name=\"author\" content=\"admin\" \/>\n<meta name=\"twitter:card\" content=\"summary_large_image\" \/>\n<meta name=\"twitter:label1\" content=\"Yazan:\" \/>\n\t<meta name=\"twitter:data1\" content=\"admin\" \/>\n\t<meta name=\"twitter:label2\" content=\"Tahmini okuma s\u00fcresi\" \/>\n\t<meta name=\"twitter:data2\" content=\"3 dakika\" \/>\n<script type=\"application\/ld+json\" class=\"yoast-schema-graph\">{\"@context\":\"https:\\\/\\\/schema.org\",\"@graph\":[{\"@type\":\"Article\",\"@id\":\"https:\\\/\\\/kibrisdakik.com\\\/?p=49712#article\",\"isPartOf\":{\"@id\":\"https:\\\/\\\/kibrisdakik.com\\\/?p=49712\"},\"author\":{\"name\":\"admin\",\"@id\":\"https:\\\/\\\/kibrisdakik.com\\\/#\\\/schema\\\/person\\\/9cd9d437bbb44f72b73ba127e06d8e79\"},\"headline\":\"D\u00fcnyada unutulan en b\u00fcy\u00fck insani krizin ya\u015fand\u0131\u011f\u0131 \u00fclke: Sudan\",\"datePublished\":\"2024-07-13T17:22:00+00:00\",\"mainEntityOfPage\":{\"@id\":\"https:\\\/\\\/kibrisdakik.com\\\/?p=49712\"},\"wordCount\":688,\"commentCount\":0,\"image\":{\"@id\":\"https:\\\/\\\/kibrisdakik.com\\\/?p=49712#primaryimage\"},\"thumbnailUrl\":\"https:\\\/\\\/kibrisdakik.com\\\/wp-content\\\/uploads\\\/2024\\\/07\\\/dunyada-unutulan-en-buyuk-insani-krizin-yasandigi-ulke-sudan-1720891465.webp.webp\",\"articleSection\":[\"G\u00fcndem\"],\"inLanguage\":\"tr\",\"potentialAction\":[{\"@type\":\"CommentAction\",\"name\":\"Comment\",\"target\":[\"https:\\\/\\\/kibrisdakik.com\\\/?p=49712#respond\"]}]},{\"@type\":\"WebPage\",\"@id\":\"https:\\\/\\\/kibrisdakik.com\\\/?p=49712\",\"url\":\"https:\\\/\\\/kibrisdakik.com\\\/?p=49712\",\"name\":\"D\u00fcnyada unutulan en b\u00fcy\u00fck insani krizin ya\u015fand\u0131\u011f\u0131 \u00fclke: Sudan -\",\"isPartOf\":{\"@id\":\"https:\\\/\\\/kibrisdakik.com\\\/#website\"},\"primaryImageOfPage\":{\"@id\":\"https:\\\/\\\/kibrisdakik.com\\\/?p=49712#primaryimage\"},\"image\":{\"@id\":\"https:\\\/\\\/kibrisdakik.com\\\/?p=49712#primaryimage\"},\"thumbnailUrl\":\"https:\\\/\\\/kibrisdakik.com\\\/wp-content\\\/uploads\\\/2024\\\/07\\\/dunyada-unutulan-en-buyuk-insani-krizin-yasandigi-ulke-sudan-1720891465.webp.webp\",\"datePublished\":\"2024-07-13T17:22:00+00:00\",\"author\":{\"@id\":\"https:\\\/\\\/kibrisdakik.com\\\/#\\\/schema\\\/person\\\/9cd9d437bbb44f72b73ba127e06d8e79\"},\"breadcrumb\":{\"@id\":\"https:\\\/\\\/kibrisdakik.com\\\/?p=49712#breadcrumb\"},\"inLanguage\":\"tr\",\"potentialAction\":[{\"@type\":\"ReadAction\",\"target\":[\"https:\\\/\\\/kibrisdakik.com\\\/?p=49712\"]}]},{\"@type\":\"ImageObject\",\"inLanguage\":\"tr\",\"@id\":\"https:\\\/\\\/kibrisdakik.com\\\/?p=49712#primaryimage\",\"url\":\"https:\\\/\\\/kibrisdakik.com\\\/wp-content\\\/uploads\\\/2024\\\/07\\\/dunyada-unutulan-en-buyuk-insani-krizin-yasandigi-ulke-sudan-1720891465.webp.webp\",\"contentUrl\":\"https:\\\/\\\/kibrisdakik.com\\\/wp-content\\\/uploads\\\/2024\\\/07\\\/dunyada-unutulan-en-buyuk-insani-krizin-yasandigi-ulke-sudan-1720891465.webp.webp\",\"width\":710,\"height\":370},{\"@type\":\"BreadcrumbList\",\"@id\":\"https:\\\/\\\/kibrisdakik.com\\\/?p=49712#breadcrumb\",\"itemListElement\":[{\"@type\":\"ListItem\",\"position\":1,\"name\":\"Home\",\"item\":\"https:\\\/\\\/kibrisdakik.com\\\/\"},{\"@type\":\"ListItem\",\"position\":2,\"name\":\"D\u00fcnyada unutulan en b\u00fcy\u00fck insani krizin ya\u015fand\u0131\u011f\u0131 \u00fclke: Sudan\"}]},{\"@type\":\"WebSite\",\"@id\":\"https:\\\/\\\/kibrisdakik.com\\\/#website\",\"url\":\"https:\\\/\\\/kibrisdakik.com\\\/\",\"name\":\"\",\"description\":\"Tam vaktinde haber\",\"potentialAction\":[{\"@type\":\"SearchAction\",\"target\":{\"@type\":\"EntryPoint\",\"urlTemplate\":\"https:\\\/\\\/kibrisdakik.com\\\/?s={search_term_string}\"},\"query-input\":{\"@type\":\"PropertyValueSpecification\",\"valueRequired\":true,\"valueName\":\"search_term_string\"}}],\"inLanguage\":\"tr\"},{\"@type\":\"Person\",\"@id\":\"https:\\\/\\\/kibrisdakik.com\\\/#\\\/schema\\\/person\\\/9cd9d437bbb44f72b73ba127e06d8e79\",\"name\":\"admin\",\"image\":{\"@type\":\"ImageObject\",\"inLanguage\":\"tr\",\"@id\":\"https:\\\/\\\/secure.gravatar.com\\\/avatar\\\/ccc17943b9d660506c869530f897617f7cb1c21a4bf30023f252596d83e1f007?s=96&d=mm&r=g\",\"url\":\"https:\\\/\\\/secure.gravatar.com\\\/avatar\\\/ccc17943b9d660506c869530f897617f7cb1c21a4bf30023f252596d83e1f007?s=96&d=mm&r=g\",\"contentUrl\":\"https:\\\/\\\/secure.gravatar.com\\\/avatar\\\/ccc17943b9d660506c869530f897617f7cb1c21a4bf30023f252596d83e1f007?s=96&d=mm&r=g\",\"caption\":\"admin\"},\"sameAs\":[\"https:\\\/\\\/kibrisdakik.com\"],\"url\":\"https:\\\/\\\/kibrisdakik.com\\\/?author=1\"}]}<\/script>\n<!-- \/ Yoast SEO plugin. -->","yoast_head_json":{"title":"D\u00fcnyada unutulan en b\u00fcy\u00fck insani krizin ya\u015fand\u0131\u011f\u0131 \u00fclke: Sudan -","robots":{"index":"index","follow":"follow","max-snippet":"max-snippet:-1","max-image-preview":"max-image-preview:large","max-video-preview":"max-video-preview:-1"},"canonical":"https:\/\/kibrisdakik.com\/?p=49712","og_locale":"tr_TR","og_type":"article","og_title":"D\u00fcnyada unutulan en b\u00fcy\u00fck insani krizin ya\u015fand\u0131\u011f\u0131 \u00fclke: Sudan -","og_description":"\u00c7at\u0131\u015fmalardan do\u011frudan etkilenerek hayat\u0131n\u0131 kaybedenlerin say\u0131s\u0131 16 bin olarak tespit edilse de sa\u011fl\u0131k sisteminin \u00e7\u00f6km\u00fc\u015f olmas\u0131 sebebiyle \u00f6l\u00fc say\u0131s\u0131n\u0131n \u00e7ok daha fazla oldu\u011fu tahmin ediliyor. Birle\u015fmi\u015f Milletler (BM) Uluslararas\u0131 G\u00f6\u00e7 \u00d6rg\u00fct\u00fc (IOM), Sudan&#8217;da sava\u015f\u0131n ba\u015flad\u0131\u011f\u0131 Nisan 2023&#8217;ten bu yana 7 milyon 720 bin 119 ki\u015finin \u00fclke i\u00e7inde yerinden edildi\u011fi bilgisini payla\u015ft\u0131. S\u0131n\u0131r\u0131 ge\u00e7ip kom\u015fu \u00fclkelere","og_url":"https:\/\/kibrisdakik.com\/?p=49712","article_published_time":"2024-07-13T17:22:00+00:00","og_image":[{"width":710,"height":370,"url":"https:\/\/kibrisdakik.com\/wp-content\/uploads\/2024\/07\/dunyada-unutulan-en-buyuk-insani-krizin-yasandigi-ulke-sudan-1720891465.webp.webp","type":"image\/webp"}],"author":"admin","twitter_card":"summary_large_image","twitter_misc":{"Yazan:":"admin","Tahmini okuma s\u00fcresi":"3 dakika"},"schema":{"@context":"https:\/\/schema.org","@graph":[{"@type":"Article","@id":"https:\/\/kibrisdakik.com\/?p=49712#article","isPartOf":{"@id":"https:\/\/kibrisdakik.com\/?p=49712"},"author":{"name":"admin","@id":"https:\/\/kibrisdakik.com\/#\/schema\/person\/9cd9d437bbb44f72b73ba127e06d8e79"},"headline":"D\u00fcnyada unutulan en b\u00fcy\u00fck insani krizin ya\u015fand\u0131\u011f\u0131 \u00fclke: Sudan","datePublished":"2024-07-13T17:22:00+00:00","mainEntityOfPage":{"@id":"https:\/\/kibrisdakik.com\/?p=49712"},"wordCount":688,"commentCount":0,"image":{"@id":"https:\/\/kibrisdakik.com\/?p=49712#primaryimage"},"thumbnailUrl":"https:\/\/kibrisdakik.com\/wp-content\/uploads\/2024\/07\/dunyada-unutulan-en-buyuk-insani-krizin-yasandigi-ulke-sudan-1720891465.webp.webp","articleSection":["G\u00fcndem"],"inLanguage":"tr","potentialAction":[{"@type":"CommentAction","name":"Comment","target":["https:\/\/kibrisdakik.com\/?p=49712#respond"]}]},{"@type":"WebPage","@id":"https:\/\/kibrisdakik.com\/?p=49712","url":"https:\/\/kibrisdakik.com\/?p=49712","name":"D\u00fcnyada unutulan en b\u00fcy\u00fck insani krizin ya\u015fand\u0131\u011f\u0131 \u00fclke: Sudan -","isPartOf":{"@id":"https:\/\/kibrisdakik.com\/#website"},"primaryImageOfPage":{"@id":"https:\/\/kibrisdakik.com\/?p=49712#primaryimage"},"image":{"@id":"https:\/\/kibrisdakik.com\/?p=49712#primaryimage"},"thumbnailUrl":"https:\/\/kibrisdakik.com\/wp-content\/uploads\/2024\/07\/dunyada-unutulan-en-buyuk-insani-krizin-yasandigi-ulke-sudan-1720891465.webp.webp","datePublished":"2024-07-13T17:22:00+00:00","author":{"@id":"https:\/\/kibrisdakik.com\/#\/schema\/person\/9cd9d437bbb44f72b73ba127e06d8e79"},"breadcrumb":{"@id":"https:\/\/kibrisdakik.com\/?p=49712#breadcrumb"},"inLanguage":"tr","potentialAction":[{"@type":"ReadAction","target":["https:\/\/kibrisdakik.com\/?p=49712"]}]},{"@type":"ImageObject","inLanguage":"tr","@id":"https:\/\/kibrisdakik.com\/?p=49712#primaryimage","url":"https:\/\/kibrisdakik.com\/wp-content\/uploads\/2024\/07\/dunyada-unutulan-en-buyuk-insani-krizin-yasandigi-ulke-sudan-1720891465.webp.webp","contentUrl":"https:\/\/kibrisdakik.com\/wp-content\/uploads\/2024\/07\/dunyada-unutulan-en-buyuk-insani-krizin-yasandigi-ulke-sudan-1720891465.webp.webp","width":710,"height":370},{"@type":"BreadcrumbList","@id":"https:\/\/kibrisdakik.com\/?p=49712#breadcrumb","itemListElement":[{"@type":"ListItem","position":1,"name":"Home","item":"https:\/\/kibrisdakik.com\/"},{"@type":"ListItem","position":2,"name":"D\u00fcnyada unutulan en b\u00fcy\u00fck insani krizin ya\u015fand\u0131\u011f\u0131 \u00fclke: Sudan"}]},{"@type":"WebSite","@id":"https:\/\/kibrisdakik.com\/#website","url":"https:\/\/kibrisdakik.com\/","name":"","description":"Tam vaktinde haber","potentialAction":[{"@type":"SearchAction","target":{"@type":"EntryPoint","urlTemplate":"https:\/\/kibrisdakik.com\/?s={search_term_string}"},"query-input":{"@type":"PropertyValueSpecification","valueRequired":true,"valueName":"search_term_string"}}],"inLanguage":"tr"},{"@type":"Person","@id":"https:\/\/kibrisdakik.com\/#\/schema\/person\/9cd9d437bbb44f72b73ba127e06d8e79","name":"admin","image":{"@type":"ImageObject","inLanguage":"tr","@id":"https:\/\/secure.gravatar.com\/avatar\/ccc17943b9d660506c869530f897617f7cb1c21a4bf30023f252596d83e1f007?s=96&d=mm&r=g","url":"https:\/\/secure.gravatar.com\/avatar\/ccc17943b9d660506c869530f897617f7cb1c21a4bf30023f252596d83e1f007?s=96&d=mm&r=g","contentUrl":"https:\/\/secure.gravatar.com\/avatar\/ccc17943b9d660506c869530f897617f7cb1c21a4bf30023f252596d83e1f007?s=96&d=mm&r=g","caption":"admin"},"sameAs":["https:\/\/kibrisdakik.com"],"url":"https:\/\/kibrisdakik.com\/?author=1"}]}},"_links":{"self":[{"href":"https:\/\/kibrisdakik.com\/index.php?rest_route=\/wp\/v2\/posts\/49712","targetHints":{"allow":["GET"]}}],"collection":[{"href":"https:\/\/kibrisdakik.com\/index.php?rest_route=\/wp\/v2\/posts"}],"about":[{"href":"https:\/\/kibrisdakik.com\/index.php?rest_route=\/wp\/v2\/types\/post"}],"author":[{"embeddable":true,"href":"https:\/\/kibrisdakik.com\/index.php?rest_route=\/wp\/v2\/users\/1"}],"replies":[{"embeddable":true,"href":"https:\/\/kibrisdakik.com\/index.php?rest_route=%2Fwp%2Fv2%2Fcomments&post=49712"}],"version-history":[{"count":0,"href":"https:\/\/kibrisdakik.com\/index.php?rest_route=\/wp\/v2\/posts\/49712\/revisions"}],"wp:featuredmedia":[{"embeddable":true,"href":"https:\/\/kibrisdakik.com\/index.php?rest_route=\/wp\/v2\/media\/49713"}],"wp:attachment":[{"href":"https:\/\/kibrisdakik.com\/index.php?rest_route=%2Fwp%2Fv2%2Fmedia&parent=49712"}],"wp:term":[{"taxonomy":"category","embeddable":true,"href":"https:\/\/kibrisdakik.com\/index.php?rest_route=%2Fwp%2Fv2%2Fcategories&post=49712"},{"taxonomy":"post_tag","embeddable":true,"href":"https:\/\/kibrisdakik.com\/index.php?rest_route=%2Fwp%2Fv2%2Ftags&post=49712"}],"curies":[{"name":"wp","href":"https:\/\/api.w.org\/{rel}","templated":true}]}}