{"id":49788,"date":"2024-07-14T09:57:00","date_gmt":"2024-07-14T09:57:00","guid":{"rendered":"https:\/\/kibrisdakik.com\/index.php\/2024\/07\/14\/avrupa-ulkeleri-trumpa-yonelik-suikast-girisimine-tepki-gosterdi\/"},"modified":"2024-07-14T09:57:00","modified_gmt":"2024-07-14T09:57:00","slug":"avrupa-ulkeleri-trumpa-yonelik-suikast-girisimine-tepki-gosterdi","status":"publish","type":"post","link":"https:\/\/kibrisdakik.com\/?p=49788","title":{"rendered":"Avrupa \u00fclkeleri, Trump&#039;a y\u00f6nelik suikast giri\u015fimine tepki g\u00f6sterdi"},"content":{"rendered":"<p><img decoding=\"async\" src=\"https:\/\/www.kibristurk.com\/images\/haberler\/2024\/07\/avrupa-ulkeleri-trumpa-yonelik-suikast-girisimine-tepki-gosterdi-1720951670.webp\" \/><\/p>\n<p style=\"text-align:left\"><span style=\"font-size:16px\"><span style=\"font-family:Merriweather,serif !important\"><span style=\"color:#000000\"><span style=\"background-color:#ffffff\">\u0130talya Ba\u015fbakan\u0131 Giorgia Meloni, yapt\u0131\u011f\u0131 yaz\u0131l\u0131 a\u00e7\u0131klamada, &#8220;ABD\u2019nin 45. Ba\u015fkan\u0131 Donald Trump\u2019\u0131n Pensilvanya&#8217;daki miting s\u0131ras\u0131nda vurulmas\u0131na dair geli\u015fmeleri endi\u015feyle takip ediyorum. Kendisine dayan\u0131\u015fma ve h\u0131zl\u0131 \u015fekilde iyile\u015fmesi i\u00e7in en iyi dileklerimi belirtiyor ve se\u00e7im kampanyas\u0131n\u0131n gelecek aylarda diyalog ve sorumlulu\u011fun, nefret ve \u015fiddete \u00fcst\u00fcn gelmesini umuyorum.&#8221; ifadelerini kulland\u0131.<\/span><\/span><\/span><\/span><\/p>\n<p style=\"text-align:left\"><span style=\"font-size:16px\"><span style=\"font-family:Merriweather,serif !important\"><span style=\"color:#000000\"><span style=\"background-color:#ffffff\">ABD&#8217;deki ba\u015fkanl\u0131k se\u00e7imlerinde a\u00e7\u0131k\u00e7a Donald Trump\u2019\u0131 destekledi\u011fini belli eden Meloni&#8217;nin iktidar orta\u011f\u0131 Ba\u015fbakan Yard\u0131mc\u0131s\u0131 ve Ula\u015ft\u0131rma-Altyap\u0131 Bakan\u0131 ve a\u015f\u0131r\u0131 sa\u011fc\u0131 Lig Partisi lideri Matteo Salvini de X platformundaki hesab\u0131ndan, &#8220;Donald Trump iyi. Her \u015feyden ve herkesten daha g\u00fc\u00e7l\u00fc. Kendisine acil \u015fifalar diliyoruz. Amerika&#8217;n\u0131n ihtiyac\u0131 olan ba\u015fkan bu.&#8221; yorumunu yapt\u0131.<\/span><\/span><\/span><\/span><\/p>\n<p style=\"text-align:left\">&nbsp;<\/p>\n<p style=\"text-align:left\"><span style=\"font-size:16px\"><span style=\"font-family:Merriweather,serif !important\"><span style=\"color:#000000\"><span style=\"background-color:#ffffff\">&#8211; Yunanistan<\/span><\/span><\/span><\/span><\/p>\n<p style=\"text-align:left\">&nbsp;<\/p>\n<p style=\"text-align:left\"><span style=\"font-size:16px\"><span style=\"font-family:Merriweather,serif !important\"><span style=\"color:#000000\"><span style=\"background-color:#ffffff\">Yunanistan Ba\u015fbakan\u0131 Kiryakos Mi\u00e7otakis, X hesab\u0131ndan yapt\u0131\u011f\u0131 payla\u015f\u0131mda, ba\u015fkanl\u0131k i\u00e7in yar\u0131\u015fan eski ABD Ba\u015fkan\u0131 Donald Trump&#8217;a &#8220;ge\u00e7mi\u015f olsun&#8221; dileklerini iletti.<\/span><\/span><\/span><\/span><\/p>\n<p style=\"text-align:left\"><span style=\"font-size:16px\"><span style=\"font-family:Merriweather,serif !important\"><span style=\"color:#000000\"><span style=\"background-color:#ffffff\">Mi\u00e7otakis, sald\u0131r\u0131dan dolay\u0131 deh\u015fete d\u00fc\u015ft\u00fc\u011f\u00fcn\u00fc belirterek, &#8220;Demokratik toplumlar\u0131m\u0131zda siyasi \u015fiddet kabul edilemez.&#8221; ifadesini kulland\u0131.<\/span><\/span><\/span><\/span><\/p>\n<p style=\"text-align:left\">&nbsp;<\/p>\n<p style=\"text-align:left\"><span style=\"font-size:16px\"><span style=\"font-family:Merriweather,serif !important\"><span style=\"color:#000000\"><span style=\"background-color:#ffffff\">&#8211; \u0130ngiltere<\/span><\/span><\/span><\/span><\/p>\n<p style=\"text-align:left\">&nbsp;<\/p>\n<p style=\"text-align:left\"><span style=\"font-size:16px\"><span style=\"font-family:Merriweather,serif !important\"><span style=\"color:#000000\"><span style=\"background-color:#ffffff\">\u0130ngiltere Ba\u015fbakan\u0131 Keir Starmer da X hesab\u0131ndan yapt\u0131\u011f\u0131 payla\u015f\u0131mda, \u201cBa\u015fkan Trump\u2019\u0131n mitinginde ortaya \u00e7\u0131kan \u015foke edici g\u00f6r\u00fcnt\u00fcler kar\u015f\u0131s\u0131nda deh\u015fete d\u00fc\u015ft\u00fcm. Kendisine ve ailesine en iyi dileklerimizi g\u00f6nderiyoruz.\u201d ifadelerini kulland\u0131.<\/span><\/span><\/span><\/span><\/p>\n<p style=\"text-align:left\"><span style=\"font-size:16px\"><span style=\"font-family:Merriweather,serif !important\"><span style=\"color:#000000\"><span style=\"background-color:#ffffff\">Starmer, hi\u00e7bir toplumda siyasi \u015fiddete yer olmad\u0131\u011f\u0131n\u0131 vurgulad\u0131.<\/span><\/span><\/span><\/span><\/p>\n<p style=\"text-align:left\">&nbsp;<\/p>\n<p style=\"text-align:left\"><span style=\"font-size:16px\"><span style=\"font-family:Merriweather,serif !important\"><span style=\"color:#000000\"><span style=\"background-color:#ffffff\">&#8211; \u0130rlanda<\/span><\/span><\/span><\/span><\/p>\n<p style=\"text-align:left\">&nbsp;<\/p>\n<p style=\"text-align:left\"><span style=\"font-size:16px\"><span style=\"font-family:Merriweather,serif !important\"><span style=\"color:#000000\"><span style=\"background-color:#ffffff\">\u0130rlanda Ba\u015fbakan\u0131 Simon Harris de X\u2019teki payla\u015f\u0131m\u0131nda, \u201cD\u00fcn gece Pensilvanya\u2019da g\u00f6rd\u00fcklerimiz korkun\u00e7 ve yanl\u0131\u015ft\u0131. Eski Ba\u015fkan Trump\u2019\u0131n g\u00fcvende ve hayatta olmas\u0131 sevindirici.\u201d ifadelerine yer verdi.<\/span><\/span><\/span><\/span><\/p>\n<p style=\"text-align:left\"><span style=\"font-size:16px\"><span style=\"font-family:Merriweather,serif !important\"><span style=\"color:#000000\"><span style=\"background-color:#ffffff\">Harris, masum seyircilerin sald\u0131r\u0131dan etkilendi\u011fini belirtti.<\/span><\/span><\/span><\/span><\/p>\n<p style=\"text-align:left\">&nbsp;<\/p>\n<p style=\"text-align:left\"><span style=\"font-size:16px\"><span style=\"font-family:Merriweather,serif !important\"><span style=\"color:#000000\"><span style=\"background-color:#ffffff\">&#8211; H\u0131rvatistan ve Slovenya<\/span><\/span><\/span><\/span><\/p>\n<p style=\"text-align:left\">&nbsp;<\/p>\n<p style=\"text-align:left\"><span style=\"font-size:16px\"><span style=\"font-family:Merriweather,serif !important\"><span style=\"color:#000000\"><span style=\"background-color:#ffffff\">H\u0131rvatistan Ba\u015fbakan\u0131 Andrej Plenkovic de X sosyal medya hesab\u0131ndan Trump&#8217;a y\u00f6nelik sald\u0131r\u0131y\u0131 k\u0131nad\u0131\u011f\u0131n\u0131 bildirdi.<\/span><\/span><\/span><\/span><\/p>\n<p style=\"text-align:left\"><span style=\"font-size:16px\"><span style=\"font-family:Merriweather,serif !important\"><span style=\"color:#000000\"><span style=\"background-color:#ffffff\">Plenkovic, Trump&#8217;a ge\u00e7mi\u015f olsun dile\u011finde bulunarak, siyasi \u015fiddetin kabul edilemeyece\u011fini ve bunun demokrasiye en b\u00fcy\u00fck tehdit oldu\u011funu aktard\u0131.<\/span><\/span><\/span><\/span><\/p>\n<p style=\"text-align:left\"><span style=\"font-size:16px\"><span style=\"font-family:Merriweather,serif !important\"><span style=\"color:#000000\"><span style=\"background-color:#ffffff\">Slovenya D\u0131\u015fi\u015fleri Bakan\u0131 Tanja Fajon da sosyal medya hesab\u0131ndan, Trump&#8217;a suikast giri\u015fiminden ve izleyicilerden bir ki\u015finin hayat\u0131n\u0131 kaybetmesinden dolay\u0131 \u015foke oldu\u011funu, siyasi \u015fiddet eylemlerinin demokrasilerde yeri olmad\u0131\u011f\u0131n\u0131 ifade etti.<\/span><\/span><\/span><\/span><\/p>\n<p style=\"text-align:left\">&nbsp;<\/p>\n<p style=\"text-align:left\"><span style=\"font-size:16px\"><span style=\"font-family:Merriweather,serif !important\"><span style=\"color:#000000\"><span style=\"background-color:#ffffff\">&#8211; Almanya<\/span><\/span><\/span><\/span><\/p>\n<p style=\"text-align:left\">&nbsp;<\/p>\n<p style=\"text-align:left\"><span style=\"font-size:16px\"><span style=\"font-family:Merriweather,serif !important\"><span style=\"color:#000000\"><span style=\"background-color:#ffffff\">Almanya Ba\u015fbakan\u0131 Olaf Scholz, sosyal medya platformu X\u2019ten yapt\u0131\u011f\u0131 a\u00e7\u0131klama, Trump\u2019a y\u00f6nelik sald\u0131r\u0131y\u0131 \u201ci\u011fren\u00e7\u201d olarak nitelendirerek, &#8220;Kendisine acil \u015fifalar diliyorum. D\u00fc\u015f\u00fcncelerim bu suikasttan etkilenilen ki\u015filerle. Bu t\u00fcr \u015fiddet eylemleri demokrasiyi tehdit ediyor.\u201d ifadesini kulland\u0131.<\/span><\/span><\/span><\/span><\/p>\n<p style=\"text-align:left\"><span style=\"font-size:16px\"><span style=\"font-family:Merriweather,serif !important\"><span style=\"color:#000000\"><span style=\"background-color:#ffffff\">Almanya D\u0131\u015fi\u015fleri Bakan\u0131 Annalena Baerbock da Trump&#8217;a y\u00f6nelik suikast giri\u015fimi haberinin kendisini derinden \u015foke etti\u011fini aktararak, \u201cSebebi ne olursa olsun \u015fiddet asla siyasi m\u00fcnaka\u015fan\u0131n bir arac\u0131 haline gelmemeli. Demokrasilerde se\u00e7imlere silahlar ile de\u011fil oy pusulas\u0131 ile karar verilir.\u201d de\u011ferlendirmesinde bulundu.<\/span><\/span><\/span><\/span><\/p>\n<p style=\"text-align:left\"><span style=\"font-size:16px\"><span style=\"font-family:Merriweather,serif !important\"><span style=\"color:#000000\"><span style=\"background-color:#ffffff\">Donald Trump\u2019a ve yaralanan di\u011fer ki\u015filere acil \u015fifalar dileyen Baerbock, \u201cAmerikan demokrasisinin bu karanl\u0131k saatlerinde d\u00fc\u015f\u00fcncelerim sald\u0131r\u0131lar\u0131n\u0131n kurbanlar\u0131nda.\u201d ifadesini kulland\u0131.<\/span><\/span><\/span><\/span><\/p>\n<p style=\"text-align:left\">&nbsp;<\/p>\n<p style=\"text-align:left\"><span style=\"font-size:16px\"><span style=\"font-family:Merriweather,serif !important\"><span style=\"color:#000000\"><span style=\"background-color:#ffffff\">&#8211; Avusturya, \u00c7ekya ve Macaristan\u2019dan Trump\u2019a y\u00f6nelik sald\u0131r\u0131ya tepki<\/span><\/span><\/span><\/span><\/p>\n<p style=\"text-align:left\">&nbsp;<\/p>\n<p style=\"text-align:left\"><span style=\"font-size:16px\"><span style=\"font-family:Merriweather,serif !important\"><span style=\"color:#000000\"><span style=\"background-color:#ffffff\">Avusturya Ba\u015fbakan\u0131 Karl Nehammer, sosyal medya hesab\u0131 X\u2019ten yapt\u0131\u011f\u0131 a\u00e7\u0131klamada, ba\u015fkanl\u0131k i\u00e7in yar\u0131\u015fan Trump\u2019\u0131n Pensilvanya\u2019daki se\u00e7im konu\u015fmas\u0131 s\u0131ras\u0131nda u\u011frad\u0131\u011f\u0131 sald\u0131r\u0131 nedeniyle deh\u015fete kap\u0131ld\u0131\u011f\u0131n\u0131 ifade etti.<\/span><\/span><\/span><\/span><\/p>\n<p style=\"text-align:left\"><span style=\"font-size:16px\"><span style=\"font-family:Merriweather,serif !important\"><span style=\"color:#000000\"><span style=\"background-color:#ffffff\">Nehammer, acil \u015fifa dileklerinde bulunarak, &#8220;Bizim toplumumuzda siyasi \u015fiddete yer yoktur. D\u00fc\u015f\u00fcncelerim bu sald\u0131r\u0131dan etkilenen b\u00fct\u00fcn kurbanlarla.&#8221; g\u00f6r\u00fc\u015f\u00fcn\u00fc payla\u015ft\u0131.<\/span><\/span><\/span><\/span><\/p>\n<p style=\"text-align:left\"><span style=\"font-size:16px\"><span style=\"font-family:Merriweather,serif !important\"><span style=\"color:#000000\"><span style=\"background-color:#ffffff\">\u00c7ekya Ba\u015fbakan\u0131 Petr Fiala da Trump\u2019a d\u00fczenlenen sald\u0131r\u0131y\u0131 \u015fiddetle k\u0131nad\u0131\u011f\u0131n\u0131 belirterek, kendisine acil \u015fifa dileklerinde bulundu.<\/span><\/span><\/span><\/span><\/p>\n<p style=\"text-align:left\"><span style=\"font-size:16px\"><span style=\"font-family:Merriweather,serif !important\"><span style=\"color:#000000\"><span style=\"background-color:#ffffff\">Macaristan Ba\u015fbakan\u0131 Viktor Orban da sosyal medya hesab\u0131 X\u2019ten yapt\u0131\u011f\u0131 a\u00e7\u0131klamada, &#8220;Bu karanl\u0131k saatlerde dua ve d\u00fc\u015f\u00fcncelerim Ba\u015fkan Donald Trump ile.&#8221; dedi.<\/span><\/span><\/span><\/span><\/p>\n<p style=\"text-align:left\">&nbsp;<\/p>\n<p style=\"text-align:left\"><span style=\"font-size:16px\"><span style=\"font-family:Merriweather,serif !important\"><span style=\"color:#000000\"><span style=\"background-color:#ffffff\">&#8211; Kosova, Arnavutluk ve Kuzey Makedonya<\/span><\/span><\/span><\/span><\/p>\n<p style=\"text-align:left\">&nbsp;<\/p>\n<p style=\"text-align:left\"><span style=\"font-size:16px\"><span style=\"font-family:Merriweather,serif !important\"><span style=\"color:#000000\"><span style=\"background-color:#ffffff\">Kosova Cumhurba\u015fkan\u0131 Vjosa Osmani, Trump, ailesi ve silahl\u0131 sald\u0131r\u0131dan etkilenen t\u00fcm Amerikal\u0131larla tam dayan\u0131\u015fma i\u00e7inde olduklar\u0131n\u0131 bildirdi.<\/span><\/span><\/span><\/span><\/p>\n<p style=\"text-align:left\"><span style=\"font-size:16px\"><span style=\"font-family:Merriweather,serif !important\"><span style=\"color:#000000\"><span style=\"background-color:#ffffff\">Osmani, sosyal medya hesab\u0131ndan yapt\u0131\u011f\u0131 payla\u015f\u0131mda, \u201cHi\u00e7bir yerde siyasi \u015fiddetin her t\u00fcrl\u00fcs\u00fc kesinlikle kabul edilemez ve \u015fiddetle k\u0131n\u0131yoruz.\u201d ifadesini kulland\u0131.<\/span><\/span><\/span><\/span><\/p>\n<p style=\"text-align:left\"><span style=\"font-size:16px\"><span style=\"font-family:Merriweather,serif !important\"><span style=\"color:#000000\"><span style=\"background-color:#ffffff\">Arnavutluk Cumhurba\u015fkan\u0131 Bajram Begaj da X hesab\u0131ndan yapt\u0131\u011f\u0131 payla\u015f\u0131mda, \u201cBa\u015fkan Trump&#8217;a acil \u015fifalar diliyor ve masum bir ya\u015fam\u0131n kayb\u0131 nedeniyle en derin ba\u015fsa\u011fl\u0131\u011f\u0131 dileklerimi iletiyorum. Bu sald\u0131r\u0131y\u0131 ve demokraside yeri olmayan her t\u00fcrl\u00fc siyasi \u015fiddeti \u015fiddetle k\u0131n\u0131yoruz.\u201d ifadelerine yer verdi.<\/span><\/span><\/span><\/span><\/p>\n<p style=\"text-align:left\"><span style=\"font-size:16px\"><span style=\"font-family:Merriweather,serif !important\"><span style=\"color:#000000\"><span style=\"background-color:#ffffff\">Kuzey Makedonya Cumhurba\u015fkan\u0131 Gordana Siljanovska Davkova da Trump\u2019a yap\u0131lan sald\u0131r\u0131y\u0131 \u015fiddetle k\u0131nad\u0131klar\u0131n\u0131 vurgulad\u0131.<\/span><\/span><\/span><\/span><\/p>\n<p style=\"text-align:left\"><span style=\"font-size:16px\"><span style=\"font-family:Merriweather,serif !important\"><span style=\"color:#000000\"><span style=\"background-color:#ffffff\">Davkova, sosyal medya hesab\u0131ndan, &#8220;Demokrasilerde siyasi \u015fiddetin yeri yoktur. Kendisine acil \u015fifalar diliyorum. D\u00fc\u015f\u00fcncelerimiz \u00f6lenlerin aileleri, yaralananlar ve Amerikan halk\u0131yla.&#8221; payla\u015f\u0131m\u0131nda bulundu.<\/span><\/span><\/span><\/span><\/p>\n<p style=\"text-align:left\">&nbsp;<\/p>\n<p style=\"text-align:left\"><span style=\"font-size:16px\"><span style=\"font-family:Merriweather,serif !important\"><span style=\"color:#000000\"><span style=\"background-color:#ffffff\">&#8211; Hollanda<\/span><\/span><\/span><\/span><\/p>\n<p style=\"text-align:left\">&nbsp;<\/p>\n<p style=\"text-align:left\"><span style=\"font-size:16px\"><span style=\"font-family:Merriweather,serif !important\"><span style=\"color:#000000\"><span style=\"background-color:#ffffff\">Hollanda Ba\u015fbakan\u0131 Dick Schoof, ABD&#8217;deki se\u00e7im kampanyas\u0131 s\u0131ras\u0131nda Trump&#8217;\u0131n sald\u0131r\u0131ya u\u011framas\u0131yla ilgili &#8220;Siyasi \u015fiddet tamamen kabul edilemez.&#8221; mesaj\u0131 verdi.<\/span><\/span><\/span><\/span><\/p>\n<p style=\"text-align:left\"><span style=\"font-size:16px\"><span style=\"font-family:Merriweather,serif !important\"><span style=\"color:#000000\"><span style=\"background-color:#ffffff\">Ba\u015fbakan Schoof, sosyal medya hesab\u0131 X \u00fczerinden yay\u0131mlad\u0131\u011f\u0131 mesaj\u0131nda, &#8220;Eski ba\u015fkan ve mevcut ba\u015fkan aday\u0131 Donald Trump&#8217;a yap\u0131lan sald\u0131r\u0131 kar\u015f\u0131s\u0131nda \u015foke olduk. Yaralar\u0131n\u0131n hafif olmas\u0131 sevindiricidir. Kendisine acil \u015fifalar diliyor, kendisine ve ailesine en iyi dileklerimi g\u00f6nderiyorum. D\u00fc\u015f\u00fcncelerim bu sald\u0131r\u0131dan etkilenen herkesle.&#8221; ifadesini kulland\u0131.<\/span><\/span><\/span><\/span><\/p>\n<p style=\"text-align:left\"><span style=\"font-size:16px\"><span style=\"font-family:Merriweather,serif !important\"><span style=\"color:#000000\"><span style=\"background-color:#ffffff\">Schoof, &#8220;Siyasi \u015fiddet tamamen kabul edilemez.&#8221; ifadelerini kulland\u0131.<\/span><\/span><\/span><\/span><\/p>\n<p style=\"text-align:left\"><span style=\"font-size:16px\"><span style=\"font-family:Merriweather,serif !important\"><span style=\"color:#000000\"><span style=\"background-color:#ffffff\">D\u0131\u015fi\u015fleri Bakan\u0131 Caspar Veldkamp da payla\u015f\u0131m\u0131nda, &#8220;Siyaset\u00e7ilere y\u00f6nelik \u015fiddet kesinlikle kabul edilemez.&#8221; s\u00f6zlerine yer verdi.<\/span><\/span><\/span><\/span><\/p>\n<p style=\"text-align:left\">&nbsp;<\/p>\n<p style=\"text-align:left\"><span style=\"font-size:16px\"><span style=\"font-family:Merriweather,serif !important\"><span style=\"color:#000000\"><span style=\"background-color:#ffffff\">&#8211; Trump&#8217;a suikast giri\u015fimi<\/span><\/span><\/span><\/span><\/p>\n<p style=\"text-align:left\">&nbsp;<\/p>\n<p style=\"text-align:left\"><span style=\"font-size:16px\"><span style=\"font-family:Merriweather,serif !important\"><span style=\"color:#000000\"><span style=\"background-color:#ffffff\">Cumhuriyet\u00e7i Partiden ba\u015fkanl\u0131k i\u00e7in yar\u0131\u015fan eski ABD Ba\u015fkan\u0131 Trump, Pensilvanya&#8217;daki mitingde k\u00fcrs\u00fcden destek\u00e7ilerine hitap etti\u011fi s\u0131rada silahl\u0131 sald\u0131r\u0131ya u\u011fram\u0131\u015ft\u0131.<\/span><\/span><\/span><\/span><\/p>\n<p style=\"text-align:left\"><span style=\"font-size:16px\"><span style=\"font-family:Merriweather,serif !important\"><span style=\"color:#000000\"><span style=\"background-color:#ffffff\">Sa\u011f kula\u011f\u0131ndan yaralanan Trump\u2019\u0131n sa\u011fl\u0131k durumunun iyi oldu\u011fu bildirilmi\u015fti.<\/span><\/span><\/span><\/span><\/p>\n<p style=\"text-align:left\"><span style=\"font-size:16px\"><span style=\"font-family:Merriweather,serif !important\"><span style=\"color:#000000\"><span style=\"background-color:#ffffff\">Sald\u0131r\u0131da mitinge kat\u0131lan 1 ki\u015fi \u00f6lm\u00fc\u015f, 2 ki\u015fi yaralanm\u0131\u015ft\u0131.<\/span><\/span><\/span><\/span><\/p>\n<p style=\"text-align:left\">&nbsp;<\/p>\n<p style=\"text-align:left\"><span style=\"font-size:16px\"><span style=\"font-family:Merriweather,serif !important\"><span style=\"color:#000000\"><span style=\"background-color:#ffffff\">ABD Gizli Servisi, miting alan\u0131n\u0131n d\u0131\u015f\u0131ndaki y\u00fcksek bir yerden k\u00fcrs\u00fcn\u00fcn bulundu\u011fu noktaya bir\u00e7ok kez ate\u015f eden sald\u0131rgan\u0131n etkisiz hale getirildi\u011fini a\u00e7\u0131klam\u0131\u015ft\u0131.<\/span><\/span><\/span><\/span><\/p>\n<p style=\"text-align:left\"><span style=\"font-size:16px\"><span style=\"font-family:Merriweather,serif !important\"><span style=\"color:#000000\"><span style=\"background-color:#ffffff\">ABD Federal Soru\u015fturma B\u00fcrosu (FBI), sald\u0131r\u0131y\u0131 suikast giri\u015fimi olarak tan\u0131mlam\u0131\u015ft\u0131.<\/span><\/span><\/span><\/span><\/p>\n<p style=\"text-align:left\"><span style=\"font-size:16px\"><span style=\"font-family:Merriweather,serif !important\"><span style=\"color:#000000\"><span style=\"background-color:#ffffff\">FBI incelemelerin ard\u0131ndan suikast giri\u015fiminde bulunan ve olay mahallinde \u00f6ld\u00fcr\u00fclen ki\u015finin 20 ya\u015f\u0131ndaki Thomas Matthew Crooks oldu\u011funu a\u00e7\u0131klam\u0131\u015ft\u0131<\/span><\/span><\/span><\/span><\/p>\n","protected":false},"excerpt":{"rendered":"<p>\u0130talya Ba\u015fbakan\u0131 Giorgia Meloni, yapt\u0131\u011f\u0131 yaz\u0131l\u0131 a\u00e7\u0131klamada, &#8220;ABD\u2019nin 45. Ba\u015fkan\u0131 Donald Trump\u2019\u0131n Pensilvanya&#8217;daki miting s\u0131ras\u0131nda vurulmas\u0131na dair geli\u015fmeleri endi\u015feyle takip ediyorum. Kendisine dayan\u0131\u015fma ve h\u0131zl\u0131 \u015fekilde iyile\u015fmesi i\u00e7in en iyi dileklerimi belirtiyor ve se\u00e7im kampanyas\u0131n\u0131n gelecek aylarda diyalog ve sorumlulu\u011fun, nefret ve \u015fiddete \u00fcst\u00fcn gelmesini umuyorum.&#8221; ifadelerini kulland\u0131. ABD&#8217;deki ba\u015fkanl\u0131k se\u00e7imlerinde a\u00e7\u0131k\u00e7a Donald Trump\u2019\u0131 destekledi\u011fini<\/p>\n","protected":false},"author":1,"featured_media":49789,"comment_status":"open","ping_status":"open","sticky":false,"template":"","format":"standard","meta":{"footnotes":""},"categories":[1],"tags":[],"class_list":["post-49788","post","type-post","status-publish","format-standard","has-post-thumbnail","hentry","category-gundem"],"yoast_head":"<!-- This site is optimized with the Yoast SEO plugin v27.4 - https:\/\/yoast.com\/product\/yoast-seo-wordpress\/ -->\n<title>Avrupa \u00fclkeleri, Trump&#039;a y\u00f6nelik suikast giri\u015fimine tepki g\u00f6sterdi -<\/title>\n<meta name=\"robots\" content=\"index, follow, max-snippet:-1, max-image-preview:large, max-video-preview:-1\" \/>\n<link rel=\"canonical\" href=\"https:\/\/kibrisdakik.com\/?p=49788\" \/>\n<meta property=\"og:locale\" content=\"tr_TR\" \/>\n<meta property=\"og:type\" content=\"article\" \/>\n<meta property=\"og:title\" content=\"Avrupa \u00fclkeleri, Trump&#039;a y\u00f6nelik suikast giri\u015fimine tepki g\u00f6sterdi -\" \/>\n<meta property=\"og:description\" content=\"\u0130talya Ba\u015fbakan\u0131 Giorgia Meloni, yapt\u0131\u011f\u0131 yaz\u0131l\u0131 a\u00e7\u0131klamada, &#8220;ABD\u2019nin 45. Ba\u015fkan\u0131 Donald Trump\u2019\u0131n Pensilvanya&#8217;daki miting s\u0131ras\u0131nda vurulmas\u0131na dair geli\u015fmeleri endi\u015feyle takip ediyorum. Kendisine dayan\u0131\u015fma ve h\u0131zl\u0131 \u015fekilde iyile\u015fmesi i\u00e7in en iyi dileklerimi belirtiyor ve se\u00e7im kampanyas\u0131n\u0131n gelecek aylarda diyalog ve sorumlulu\u011fun, nefret ve \u015fiddete \u00fcst\u00fcn gelmesini umuyorum.&#8221; ifadelerini kulland\u0131. ABD&#8217;deki ba\u015fkanl\u0131k se\u00e7imlerinde a\u00e7\u0131k\u00e7a Donald Trump\u2019\u0131 destekledi\u011fini\" \/>\n<meta property=\"og:url\" content=\"https:\/\/kibrisdakik.com\/?p=49788\" \/>\n<meta property=\"article:published_time\" content=\"2024-07-14T09:57:00+00:00\" \/>\n<meta property=\"og:image\" content=\"https:\/\/kibrisdakik.com\/wp-content\/uploads\/2024\/07\/avrupa-ulkeleri-trumpa-yonelik-suikast-girisimine-tepki-gosterdi-1720951670.webp.webp\" \/>\n\t<meta property=\"og:image:width\" content=\"710\" \/>\n\t<meta property=\"og:image:height\" content=\"370\" \/>\n\t<meta property=\"og:image:type\" content=\"image\/webp\" \/>\n<meta name=\"author\" content=\"admin\" \/>\n<meta name=\"twitter:card\" content=\"summary_large_image\" \/>\n<meta name=\"twitter:label1\" content=\"Yazan:\" \/>\n\t<meta name=\"twitter:data1\" content=\"admin\" \/>\n\t<meta name=\"twitter:label2\" content=\"Tahmini okuma s\u00fcresi\" \/>\n\t<meta name=\"twitter:data2\" content=\"5 dakika\" \/>\n<script type=\"application\/ld+json\" class=\"yoast-schema-graph\">{\"@context\":\"https:\\\/\\\/schema.org\",\"@graph\":[{\"@type\":\"Article\",\"@id\":\"https:\\\/\\\/kibrisdakik.com\\\/?p=49788#article\",\"isPartOf\":{\"@id\":\"https:\\\/\\\/kibrisdakik.com\\\/?p=49788\"},\"author\":{\"name\":\"admin\",\"@id\":\"https:\\\/\\\/kibrisdakik.com\\\/#\\\/schema\\\/person\\\/9cd9d437bbb44f72b73ba127e06d8e79\"},\"headline\":\"Avrupa \u00fclkeleri, Trump&#039;a y\u00f6nelik suikast giri\u015fimine tepki g\u00f6sterdi\",\"datePublished\":\"2024-07-14T09:57:00+00:00\",\"mainEntityOfPage\":{\"@id\":\"https:\\\/\\\/kibrisdakik.com\\\/?p=49788\"},\"wordCount\":1095,\"commentCount\":0,\"image\":{\"@id\":\"https:\\\/\\\/kibrisdakik.com\\\/?p=49788#primaryimage\"},\"thumbnailUrl\":\"https:\\\/\\\/kibrisdakik.com\\\/wp-content\\\/uploads\\\/2024\\\/07\\\/avrupa-ulkeleri-trumpa-yonelik-suikast-girisimine-tepki-gosterdi-1720951670.webp.webp\",\"articleSection\":[\"G\u00fcndem\"],\"inLanguage\":\"tr\",\"potentialAction\":[{\"@type\":\"CommentAction\",\"name\":\"Comment\",\"target\":[\"https:\\\/\\\/kibrisdakik.com\\\/?p=49788#respond\"]}]},{\"@type\":\"WebPage\",\"@id\":\"https:\\\/\\\/kibrisdakik.com\\\/?p=49788\",\"url\":\"https:\\\/\\\/kibrisdakik.com\\\/?p=49788\",\"name\":\"Avrupa \u00fclkeleri, Trump&#039;a y\u00f6nelik suikast giri\u015fimine tepki g\u00f6sterdi -\",\"isPartOf\":{\"@id\":\"https:\\\/\\\/kibrisdakik.com\\\/#website\"},\"primaryImageOfPage\":{\"@id\":\"https:\\\/\\\/kibrisdakik.com\\\/?p=49788#primaryimage\"},\"image\":{\"@id\":\"https:\\\/\\\/kibrisdakik.com\\\/?p=49788#primaryimage\"},\"thumbnailUrl\":\"https:\\\/\\\/kibrisdakik.com\\\/wp-content\\\/uploads\\\/2024\\\/07\\\/avrupa-ulkeleri-trumpa-yonelik-suikast-girisimine-tepki-gosterdi-1720951670.webp.webp\",\"datePublished\":\"2024-07-14T09:57:00+00:00\",\"author\":{\"@id\":\"https:\\\/\\\/kibrisdakik.com\\\/#\\\/schema\\\/person\\\/9cd9d437bbb44f72b73ba127e06d8e79\"},\"breadcrumb\":{\"@id\":\"https:\\\/\\\/kibrisdakik.com\\\/?p=49788#breadcrumb\"},\"inLanguage\":\"tr\",\"potentialAction\":[{\"@type\":\"ReadAction\",\"target\":[\"https:\\\/\\\/kibrisdakik.com\\\/?p=49788\"]}]},{\"@type\":\"ImageObject\",\"inLanguage\":\"tr\",\"@id\":\"https:\\\/\\\/kibrisdakik.com\\\/?p=49788#primaryimage\",\"url\":\"https:\\\/\\\/kibrisdakik.com\\\/wp-content\\\/uploads\\\/2024\\\/07\\\/avrupa-ulkeleri-trumpa-yonelik-suikast-girisimine-tepki-gosterdi-1720951670.webp.webp\",\"contentUrl\":\"https:\\\/\\\/kibrisdakik.com\\\/wp-content\\\/uploads\\\/2024\\\/07\\\/avrupa-ulkeleri-trumpa-yonelik-suikast-girisimine-tepki-gosterdi-1720951670.webp.webp\",\"width\":710,\"height\":370},{\"@type\":\"BreadcrumbList\",\"@id\":\"https:\\\/\\\/kibrisdakik.com\\\/?p=49788#breadcrumb\",\"itemListElement\":[{\"@type\":\"ListItem\",\"position\":1,\"name\":\"Home\",\"item\":\"https:\\\/\\\/kibrisdakik.com\\\/\"},{\"@type\":\"ListItem\",\"position\":2,\"name\":\"Avrupa \u00fclkeleri, Trump&#039;a y\u00f6nelik suikast giri\u015fimine tepki g\u00f6sterdi\"}]},{\"@type\":\"WebSite\",\"@id\":\"https:\\\/\\\/kibrisdakik.com\\\/#website\",\"url\":\"https:\\\/\\\/kibrisdakik.com\\\/\",\"name\":\"\",\"description\":\"Tam vaktinde haber\",\"potentialAction\":[{\"@type\":\"SearchAction\",\"target\":{\"@type\":\"EntryPoint\",\"urlTemplate\":\"https:\\\/\\\/kibrisdakik.com\\\/?s={search_term_string}\"},\"query-input\":{\"@type\":\"PropertyValueSpecification\",\"valueRequired\":true,\"valueName\":\"search_term_string\"}}],\"inLanguage\":\"tr\"},{\"@type\":\"Person\",\"@id\":\"https:\\\/\\\/kibrisdakik.com\\\/#\\\/schema\\\/person\\\/9cd9d437bbb44f72b73ba127e06d8e79\",\"name\":\"admin\",\"image\":{\"@type\":\"ImageObject\",\"inLanguage\":\"tr\",\"@id\":\"https:\\\/\\\/secure.gravatar.com\\\/avatar\\\/ccc17943b9d660506c869530f897617f7cb1c21a4bf30023f252596d83e1f007?s=96&d=mm&r=g\",\"url\":\"https:\\\/\\\/secure.gravatar.com\\\/avatar\\\/ccc17943b9d660506c869530f897617f7cb1c21a4bf30023f252596d83e1f007?s=96&d=mm&r=g\",\"contentUrl\":\"https:\\\/\\\/secure.gravatar.com\\\/avatar\\\/ccc17943b9d660506c869530f897617f7cb1c21a4bf30023f252596d83e1f007?s=96&d=mm&r=g\",\"caption\":\"admin\"},\"sameAs\":[\"https:\\\/\\\/kibrisdakik.com\"],\"url\":\"https:\\\/\\\/kibrisdakik.com\\\/?author=1\"}]}<\/script>\n<!-- \/ Yoast SEO plugin. -->","yoast_head_json":{"title":"Avrupa \u00fclkeleri, Trump&#039;a y\u00f6nelik suikast giri\u015fimine tepki g\u00f6sterdi -","robots":{"index":"index","follow":"follow","max-snippet":"max-snippet:-1","max-image-preview":"max-image-preview:large","max-video-preview":"max-video-preview:-1"},"canonical":"https:\/\/kibrisdakik.com\/?p=49788","og_locale":"tr_TR","og_type":"article","og_title":"Avrupa \u00fclkeleri, Trump&#039;a y\u00f6nelik suikast giri\u015fimine tepki g\u00f6sterdi -","og_description":"\u0130talya Ba\u015fbakan\u0131 Giorgia Meloni, yapt\u0131\u011f\u0131 yaz\u0131l\u0131 a\u00e7\u0131klamada, &#8220;ABD\u2019nin 45. Ba\u015fkan\u0131 Donald Trump\u2019\u0131n Pensilvanya&#8217;daki miting s\u0131ras\u0131nda vurulmas\u0131na dair geli\u015fmeleri endi\u015feyle takip ediyorum. Kendisine dayan\u0131\u015fma ve h\u0131zl\u0131 \u015fekilde iyile\u015fmesi i\u00e7in en iyi dileklerimi belirtiyor ve se\u00e7im kampanyas\u0131n\u0131n gelecek aylarda diyalog ve sorumlulu\u011fun, nefret ve \u015fiddete \u00fcst\u00fcn gelmesini umuyorum.&#8221; ifadelerini kulland\u0131. ABD&#8217;deki ba\u015fkanl\u0131k se\u00e7imlerinde a\u00e7\u0131k\u00e7a Donald Trump\u2019\u0131 destekledi\u011fini","og_url":"https:\/\/kibrisdakik.com\/?p=49788","article_published_time":"2024-07-14T09:57:00+00:00","og_image":[{"width":710,"height":370,"url":"https:\/\/kibrisdakik.com\/wp-content\/uploads\/2024\/07\/avrupa-ulkeleri-trumpa-yonelik-suikast-girisimine-tepki-gosterdi-1720951670.webp.webp","type":"image\/webp"}],"author":"admin","twitter_card":"summary_large_image","twitter_misc":{"Yazan:":"admin","Tahmini okuma s\u00fcresi":"5 dakika"},"schema":{"@context":"https:\/\/schema.org","@graph":[{"@type":"Article","@id":"https:\/\/kibrisdakik.com\/?p=49788#article","isPartOf":{"@id":"https:\/\/kibrisdakik.com\/?p=49788"},"author":{"name":"admin","@id":"https:\/\/kibrisdakik.com\/#\/schema\/person\/9cd9d437bbb44f72b73ba127e06d8e79"},"headline":"Avrupa \u00fclkeleri, Trump&#039;a y\u00f6nelik suikast giri\u015fimine tepki g\u00f6sterdi","datePublished":"2024-07-14T09:57:00+00:00","mainEntityOfPage":{"@id":"https:\/\/kibrisdakik.com\/?p=49788"},"wordCount":1095,"commentCount":0,"image":{"@id":"https:\/\/kibrisdakik.com\/?p=49788#primaryimage"},"thumbnailUrl":"https:\/\/kibrisdakik.com\/wp-content\/uploads\/2024\/07\/avrupa-ulkeleri-trumpa-yonelik-suikast-girisimine-tepki-gosterdi-1720951670.webp.webp","articleSection":["G\u00fcndem"],"inLanguage":"tr","potentialAction":[{"@type":"CommentAction","name":"Comment","target":["https:\/\/kibrisdakik.com\/?p=49788#respond"]}]},{"@type":"WebPage","@id":"https:\/\/kibrisdakik.com\/?p=49788","url":"https:\/\/kibrisdakik.com\/?p=49788","name":"Avrupa \u00fclkeleri, Trump&#039;a y\u00f6nelik suikast giri\u015fimine tepki g\u00f6sterdi -","isPartOf":{"@id":"https:\/\/kibrisdakik.com\/#website"},"primaryImageOfPage":{"@id":"https:\/\/kibrisdakik.com\/?p=49788#primaryimage"},"image":{"@id":"https:\/\/kibrisdakik.com\/?p=49788#primaryimage"},"thumbnailUrl":"https:\/\/kibrisdakik.com\/wp-content\/uploads\/2024\/07\/avrupa-ulkeleri-trumpa-yonelik-suikast-girisimine-tepki-gosterdi-1720951670.webp.webp","datePublished":"2024-07-14T09:57:00+00:00","author":{"@id":"https:\/\/kibrisdakik.com\/#\/schema\/person\/9cd9d437bbb44f72b73ba127e06d8e79"},"breadcrumb":{"@id":"https:\/\/kibrisdakik.com\/?p=49788#breadcrumb"},"inLanguage":"tr","potentialAction":[{"@type":"ReadAction","target":["https:\/\/kibrisdakik.com\/?p=49788"]}]},{"@type":"ImageObject","inLanguage":"tr","@id":"https:\/\/kibrisdakik.com\/?p=49788#primaryimage","url":"https:\/\/kibrisdakik.com\/wp-content\/uploads\/2024\/07\/avrupa-ulkeleri-trumpa-yonelik-suikast-girisimine-tepki-gosterdi-1720951670.webp.webp","contentUrl":"https:\/\/kibrisdakik.com\/wp-content\/uploads\/2024\/07\/avrupa-ulkeleri-trumpa-yonelik-suikast-girisimine-tepki-gosterdi-1720951670.webp.webp","width":710,"height":370},{"@type":"BreadcrumbList","@id":"https:\/\/kibrisdakik.com\/?p=49788#breadcrumb","itemListElement":[{"@type":"ListItem","position":1,"name":"Home","item":"https:\/\/kibrisdakik.com\/"},{"@type":"ListItem","position":2,"name":"Avrupa \u00fclkeleri, Trump&#039;a y\u00f6nelik suikast giri\u015fimine tepki g\u00f6sterdi"}]},{"@type":"WebSite","@id":"https:\/\/kibrisdakik.com\/#website","url":"https:\/\/kibrisdakik.com\/","name":"","description":"Tam vaktinde haber","potentialAction":[{"@type":"SearchAction","target":{"@type":"EntryPoint","urlTemplate":"https:\/\/kibrisdakik.com\/?s={search_term_string}"},"query-input":{"@type":"PropertyValueSpecification","valueRequired":true,"valueName":"search_term_string"}}],"inLanguage":"tr"},{"@type":"Person","@id":"https:\/\/kibrisdakik.com\/#\/schema\/person\/9cd9d437bbb44f72b73ba127e06d8e79","name":"admin","image":{"@type":"ImageObject","inLanguage":"tr","@id":"https:\/\/secure.gravatar.com\/avatar\/ccc17943b9d660506c869530f897617f7cb1c21a4bf30023f252596d83e1f007?s=96&d=mm&r=g","url":"https:\/\/secure.gravatar.com\/avatar\/ccc17943b9d660506c869530f897617f7cb1c21a4bf30023f252596d83e1f007?s=96&d=mm&r=g","contentUrl":"https:\/\/secure.gravatar.com\/avatar\/ccc17943b9d660506c869530f897617f7cb1c21a4bf30023f252596d83e1f007?s=96&d=mm&r=g","caption":"admin"},"sameAs":["https:\/\/kibrisdakik.com"],"url":"https:\/\/kibrisdakik.com\/?author=1"}]}},"_links":{"self":[{"href":"https:\/\/kibrisdakik.com\/index.php?rest_route=\/wp\/v2\/posts\/49788","targetHints":{"allow":["GET"]}}],"collection":[{"href":"https:\/\/kibrisdakik.com\/index.php?rest_route=\/wp\/v2\/posts"}],"about":[{"href":"https:\/\/kibrisdakik.com\/index.php?rest_route=\/wp\/v2\/types\/post"}],"author":[{"embeddable":true,"href":"https:\/\/kibrisdakik.com\/index.php?rest_route=\/wp\/v2\/users\/1"}],"replies":[{"embeddable":true,"href":"https:\/\/kibrisdakik.com\/index.php?rest_route=%2Fwp%2Fv2%2Fcomments&post=49788"}],"version-history":[{"count":0,"href":"https:\/\/kibrisdakik.com\/index.php?rest_route=\/wp\/v2\/posts\/49788\/revisions"}],"wp:featuredmedia":[{"embeddable":true,"href":"https:\/\/kibrisdakik.com\/index.php?rest_route=\/wp\/v2\/media\/49789"}],"wp:attachment":[{"href":"https:\/\/kibrisdakik.com\/index.php?rest_route=%2Fwp%2Fv2%2Fmedia&parent=49788"}],"wp:term":[{"taxonomy":"category","embeddable":true,"href":"https:\/\/kibrisdakik.com\/index.php?rest_route=%2Fwp%2Fv2%2Fcategories&post=49788"},{"taxonomy":"post_tag","embeddable":true,"href":"https:\/\/kibrisdakik.com\/index.php?rest_route=%2Fwp%2Fv2%2Ftags&post=49788"}],"curies":[{"name":"wp","href":"https:\/\/api.w.org\/{rel}","templated":true}]}}