{"id":49807,"date":"2024-07-14T12:44:55","date_gmt":"2024-07-14T12:44:55","guid":{"rendered":"https:\/\/kibrisdakik.com\/index.php\/2024\/07\/14\/sibel-tatar-kecenin-kuzey-kibrista-yeniden-dogusu-projesi-kapsaminda-ankarada-temaslarda-bulundu\/"},"modified":"2024-07-14T12:44:55","modified_gmt":"2024-07-14T12:44:55","slug":"sibel-tatar-kecenin-kuzey-kibrista-yeniden-dogusu-projesi-kapsaminda-ankarada-temaslarda-bulundu","status":"publish","type":"post","link":"https:\/\/kibrisdakik.com\/?p=49807","title":{"rendered":"Sibel Tatar, &quot;Ke\u00e7enin Kuzey K\u0131br\u0131s&#039;ta Yeniden Do\u011fu\u015fu&quot; projesi kapsam\u0131nda Ankara&#039;da temaslarda bulundu"},"content":{"rendered":"<p><img decoding=\"async\" src=\"https:\/\/www.kibristurk.com\/images\/haberler\/2024\/07\/sibel-tatar-kecenin-kuzey-kibrista-yeniden-dogusu-projesi-kapsaminda-ankarada-temaslarda-bulundu-1720958685.webp\" \/><\/p>\n<p style=\"text-align:left\"><span style=\"font-size:16px\"><span style=\"background-color:#ffffff\"><span style=\"font-family:Merriweather,serif !important\"><span style=\"color:#000000\">Proje, Cumhurba\u015fkanl\u0131\u011f\u0131 himayesinde ve Sibel Tatar \u00f6nc\u00fcl\u00fc\u011f\u00fcnde ba\u015flat\u0131lm\u0131\u015ft\u0131.<\/span><\/span><\/span><\/span><\/p>\n<p style=\"text-align:left\"><span style=\"font-size:16px\"><span style=\"background-color:#ffffff\"><span style=\"font-family:Merriweather,serif !important\"><span style=\"color:#000000\">&nbsp;<\/span><\/span><\/span><\/span><\/p>\n<p style=\"text-align:left\"><span style=\"font-size:16px\"><span style=\"background-color:#ffffff\"><span style=\"font-family:Merriweather,serif !important\"><span style=\"color:#000000\">Cumhurba\u015fkanl\u0131\u011f\u0131\u2019ndan verilen bilgiye g\u00f6re, Sibel Tatar, Ankara Valili\u011fi b\u00fcnyesinde kurulan \u201c\u0130z Ankara Tasar\u0131m ve El Sanatlar\u0131 Merkezi&#8217;ni\u201d ziyaret ederek, ke\u00e7e ve y\u00fcn konusunda bilgi al\u0131\u015fveri\u015finde bulundu.<\/span><\/span><\/span><\/span><\/p>\n<p style=\"text-align:left\"><span style=\"font-size:16px\"><span style=\"background-color:#ffffff\"><span style=\"font-family:Merriweather,serif !important\"><span style=\"color:#000000\">&nbsp;<\/span><\/span><\/span><\/span><\/p>\n<p style=\"text-align:left\"><span style=\"font-size:16px\"><span style=\"background-color:#ffffff\"><span style=\"font-family:Merriweather,serif !important\"><span style=\"color:#000000\">Sibel Tatar\u2019\u0131, Ankara Vali Yard\u0131mc\u0131s\u0131 Elif Nur Tando\u011fan, Ankara Valisinin e\u015fi \u015eeyma \u015eahin ve K\u0131br\u0131sl\u0131 T\u00fcrk Prof.Dr. Eda Becer kar\u015f\u0131lad\u0131.<\/span><\/span><\/span><\/span><\/p>\n<p style=\"text-align:left\"><span style=\"font-size:16px\"><span style=\"background-color:#ffffff\"><span style=\"font-family:Merriweather,serif !important\"><span style=\"color:#000000\">&nbsp;<\/span><\/span><\/span><\/span><\/p>\n<p style=\"text-align:left\"><span style=\"font-size:16px\"><span style=\"background-color:#ffffff\"><span style=\"font-family:Merriweather,serif !important\"><span style=\"color:#000000\">Sibel Tatar, yapt\u0131\u011f\u0131 a\u00e7\u0131klamada, Ak\u00e7ay\u2019da ba\u015flat\u0131lan \u0130pe\u011fin Kuzey K\u0131br\u0131s\u2019ta Yeniden Do\u011fu\u015fu Projesi\u2019nin ard\u0131ndan B\u00fcy\u00fckkonuk Mehmet\u00e7ik Belediyesi Ba\u015fkan\u0131 Fatma Tu\u011flu \u00c7imen ile birlikte Pamuklu&#8217;da Ke\u00e7enin Kuzey K\u0131br\u0131s\u2019ta Yeniden Do\u011fu\u015fu Projesi\u2019ni hayata ge\u00e7irmeye ba\u015flad\u0131klar\u0131n\u0131 s\u00f6yledi.<\/span><\/span><\/span><\/span><\/p>\n<p style=\"text-align:left\"><span style=\"font-size:16px\"><span style=\"background-color:#ffffff\"><span style=\"font-family:Merriweather,serif !important\"><span style=\"color:#000000\">&nbsp;<\/span><\/span><\/span><\/span><\/p>\n<p style=\"text-align:left\"><span style=\"font-size:16px\"><span style=\"background-color:#ffffff\"><span style=\"font-family:Merriweather,serif !important\"><span style=\"color:#000000\">Sibel Tatar, hayvanc\u0131lar\u0131n duyarl\u0131 davran\u0131\u015flar\u0131 neticesinde ke\u00e7e ve y\u00fcnlerin toplan\u0131p y\u0131kanarak, \u00fcr\u00fcn haline gelmek i\u00e7in kurduklar\u0131 tesiste haz\u0131r halde bekledi\u011fini ifade etti.<\/span><\/span><\/span><\/span><\/p>\n<p style=\"text-align:left\"><span style=\"font-size:16px\"><span style=\"background-color:#ffffff\"><span style=\"font-family:Merriweather,serif !important\"><span style=\"color:#000000\">&nbsp;<\/span><\/span><\/span><\/span><\/p>\n<p style=\"text-align:left\"><span style=\"font-size:16px\"><span style=\"background-color:#ffffff\"><span style=\"font-family:Merriweather,serif !important\"><span style=\"color:#000000\">Sibel Tatar, ke\u00e7e ve y\u00fcn konusunda bilgi al\u0131\u015fveri\u015finde bulunup, projeye katk\u0131 konulmas\u0131n\u0131 sa\u011flamak amac\u0131yla ziyaret ger\u00e7ekle\u015ftirdiklerini belirterek, K\u0131br\u0131s\u2019ta tesisin tamamlanmas\u0131 ve \u00fcr\u00fcn\u00fcn hayata ge\u00e7mesi i\u00e7in \u00e7al\u0131\u015fmalar\u0131n\u0131 s\u00fcrd\u00fcreceklerini vurgulad\u0131.<\/span><\/span><\/span><\/span><\/p>\n<p style=\"text-align:left\"><span style=\"font-size:16px\"><span style=\"background-color:#ffffff\"><span style=\"font-family:Merriweather,serif !important\"><span style=\"color:#000000\">&nbsp;<\/span><\/span><\/span><\/span><\/p>\n<p style=\"text-align:left\"><span style=\"font-size:16px\"><span style=\"background-color:#ffffff\"><span style=\"font-family:Merriweather,serif !important\"><span style=\"color:#000000\">Ama\u00e7lar\u0131n\u0131n ke\u00e7e haline getirilen k\u0131rk\u0131lm\u0131\u015f y\u00fcnlerden \u201cKe\u00e7ada\u201d markas\u0131 alt\u0131nda terlik, \u015fapka, tak\u0131 ve bro\u015f yapmak oldu\u011funu anlatan Sibel Tatar, son zamanlarda de\u011feri anla\u015f\u0131lm\u0131\u015f olan yatak pikeleri ile y\u00fcnden hal\u0131 ve yast\u0131klar dokumak oldu\u011funu kaydetti.<\/span><\/span><\/span><\/span><\/p>\n<p style=\"text-align:left\"><span style=\"font-size:16px\"><span style=\"background-color:#ffffff\"><span style=\"font-family:Merriweather,serif !important\"><span style=\"color:#000000\">&nbsp;<\/span><\/span><\/span><\/span><\/p>\n<p style=\"text-align:left\"><span style=\"font-size:16px\"><span style=\"background-color:#ffffff\"><span style=\"font-family:Merriweather,serif !important\"><span style=\"color:#000000\">Sibel Tatar, hayata ge\u00e7irilmesi planlanan \u00fcr\u00fcnlerin Ar-ge \u00e7al\u0131\u015fmalar\u0131n\u0131n yap\u0131ld\u0131\u011f\u0131n\u0131 ve&nbsp;<\/span><\/span><\/span><\/span><\/p>\n<p style=\"text-align:left\"><span style=\"font-size:16px\"><span style=\"background-color:#ffffff\"><span style=\"font-family:Merriweather,serif !important\"><span style=\"color:#000000\">kas\u0131m ay\u0131nda halkla \u00fcr\u00fcnlerin bulu\u015fturulmas\u0131n\u0131n hedeflendi\u011fini s\u00f6zlerine ekledi.<\/span><\/span><\/span><\/span><\/p>\n","protected":false},"excerpt":{"rendered":"<p>Proje, Cumhurba\u015fkanl\u0131\u011f\u0131 himayesinde ve Sibel Tatar \u00f6nc\u00fcl\u00fc\u011f\u00fcnde ba\u015flat\u0131lm\u0131\u015ft\u0131. &nbsp; Cumhurba\u015fkanl\u0131\u011f\u0131\u2019ndan verilen bilgiye g\u00f6re, Sibel Tatar, Ankara Valili\u011fi b\u00fcnyesinde kurulan \u201c\u0130z Ankara Tasar\u0131m ve El Sanatlar\u0131 Merkezi&#8217;ni\u201d ziyaret ederek, ke\u00e7e ve y\u00fcn konusunda bilgi al\u0131\u015fveri\u015finde bulundu. &nbsp; Sibel Tatar\u2019\u0131, Ankara Vali Yard\u0131mc\u0131s\u0131 Elif Nur Tando\u011fan, Ankara Valisinin e\u015fi \u015eeyma \u015eahin ve K\u0131br\u0131sl\u0131 T\u00fcrk Prof.Dr. Eda Becer<\/p>\n","protected":false},"author":1,"featured_media":49808,"comment_status":"open","ping_status":"open","sticky":false,"template":"","format":"standard","meta":{"footnotes":""},"categories":[79],"tags":[],"class_list":["post-49807","post","type-post","status-publish","format-standard","has-post-thumbnail","hentry","category-ekonomi"],"yoast_head":"<!-- This site is optimized with the Yoast SEO plugin v27.4 - https:\/\/yoast.com\/product\/yoast-seo-wordpress\/ -->\n<title>Sibel Tatar, &quot;Ke\u00e7enin Kuzey K\u0131br\u0131s&#039;ta Yeniden Do\u011fu\u015fu&quot; projesi kapsam\u0131nda Ankara&#039;da temaslarda bulundu -<\/title>\n<meta name=\"robots\" content=\"index, follow, max-snippet:-1, max-image-preview:large, max-video-preview:-1\" \/>\n<link rel=\"canonical\" href=\"https:\/\/kibrisdakik.com\/?p=49807\" \/>\n<meta property=\"og:locale\" content=\"tr_TR\" \/>\n<meta property=\"og:type\" content=\"article\" \/>\n<meta property=\"og:title\" content=\"Sibel Tatar, &quot;Ke\u00e7enin Kuzey K\u0131br\u0131s&#039;ta Yeniden Do\u011fu\u015fu&quot; projesi kapsam\u0131nda Ankara&#039;da temaslarda bulundu -\" \/>\n<meta property=\"og:description\" content=\"Proje, Cumhurba\u015fkanl\u0131\u011f\u0131 himayesinde ve Sibel Tatar \u00f6nc\u00fcl\u00fc\u011f\u00fcnde ba\u015flat\u0131lm\u0131\u015ft\u0131. &nbsp; Cumhurba\u015fkanl\u0131\u011f\u0131\u2019ndan verilen bilgiye g\u00f6re, Sibel Tatar, Ankara Valili\u011fi b\u00fcnyesinde kurulan \u201c\u0130z Ankara Tasar\u0131m ve El Sanatlar\u0131 Merkezi&#8217;ni\u201d ziyaret ederek, ke\u00e7e ve y\u00fcn konusunda bilgi al\u0131\u015fveri\u015finde bulundu. &nbsp; Sibel Tatar\u2019\u0131, Ankara Vali Yard\u0131mc\u0131s\u0131 Elif Nur Tando\u011fan, Ankara Valisinin e\u015fi \u015eeyma \u015eahin ve K\u0131br\u0131sl\u0131 T\u00fcrk Prof.Dr. Eda Becer\" \/>\n<meta property=\"og:url\" content=\"https:\/\/kibrisdakik.com\/?p=49807\" \/>\n<meta property=\"article:published_time\" content=\"2024-07-14T12:44:55+00:00\" \/>\n<meta property=\"og:image\" content=\"https:\/\/kibrisdakik.com\/wp-content\/uploads\/2024\/07\/sibel-tatar-kecenin-kuzey-kibrista-yeniden-dogusu-projesi-kapsaminda-ankarada-temaslarda-bulundu-1720958685.webp.webp\" \/>\n\t<meta property=\"og:image:width\" content=\"710\" \/>\n\t<meta property=\"og:image:height\" content=\"370\" \/>\n\t<meta property=\"og:image:type\" content=\"image\/webp\" \/>\n<meta name=\"author\" content=\"admin\" \/>\n<meta name=\"twitter:card\" content=\"summary_large_image\" \/>\n<meta name=\"twitter:label1\" content=\"Yazan:\" \/>\n\t<meta name=\"twitter:data1\" content=\"admin\" \/>\n\t<meta name=\"twitter:label2\" content=\"Tahmini okuma s\u00fcresi\" \/>\n\t<meta name=\"twitter:data2\" content=\"2 dakika\" \/>\n<script type=\"application\/ld+json\" class=\"yoast-schema-graph\">{\"@context\":\"https:\\\/\\\/schema.org\",\"@graph\":[{\"@type\":\"Article\",\"@id\":\"https:\\\/\\\/kibrisdakik.com\\\/?p=49807#article\",\"isPartOf\":{\"@id\":\"https:\\\/\\\/kibrisdakik.com\\\/?p=49807\"},\"author\":{\"name\":\"admin\",\"@id\":\"https:\\\/\\\/kibrisdakik.com\\\/#\\\/schema\\\/person\\\/9cd9d437bbb44f72b73ba127e06d8e79\"},\"headline\":\"Sibel Tatar, &quot;Ke\u00e7enin Kuzey K\u0131br\u0131s&#039;ta Yeniden Do\u011fu\u015fu&quot; projesi kapsam\u0131nda Ankara&#039;da temaslarda bulundu\",\"datePublished\":\"2024-07-14T12:44:55+00:00\",\"mainEntityOfPage\":{\"@id\":\"https:\\\/\\\/kibrisdakik.com\\\/?p=49807\"},\"wordCount\":335,\"commentCount\":0,\"image\":{\"@id\":\"https:\\\/\\\/kibrisdakik.com\\\/?p=49807#primaryimage\"},\"thumbnailUrl\":\"https:\\\/\\\/kibrisdakik.com\\\/wp-content\\\/uploads\\\/2024\\\/07\\\/sibel-tatar-kecenin-kuzey-kibrista-yeniden-dogusu-projesi-kapsaminda-ankarada-temaslarda-bulundu-1720958685.webp.webp\",\"articleSection\":[\"Ekonomi\"],\"inLanguage\":\"tr\",\"potentialAction\":[{\"@type\":\"CommentAction\",\"name\":\"Comment\",\"target\":[\"https:\\\/\\\/kibrisdakik.com\\\/?p=49807#respond\"]}]},{\"@type\":\"WebPage\",\"@id\":\"https:\\\/\\\/kibrisdakik.com\\\/?p=49807\",\"url\":\"https:\\\/\\\/kibrisdakik.com\\\/?p=49807\",\"name\":\"Sibel Tatar, &quot;Ke\u00e7enin Kuzey K\u0131br\u0131s&#039;ta Yeniden Do\u011fu\u015fu&quot; projesi kapsam\u0131nda Ankara&#039;da temaslarda bulundu -\",\"isPartOf\":{\"@id\":\"https:\\\/\\\/kibrisdakik.com\\\/#website\"},\"primaryImageOfPage\":{\"@id\":\"https:\\\/\\\/kibrisdakik.com\\\/?p=49807#primaryimage\"},\"image\":{\"@id\":\"https:\\\/\\\/kibrisdakik.com\\\/?p=49807#primaryimage\"},\"thumbnailUrl\":\"https:\\\/\\\/kibrisdakik.com\\\/wp-content\\\/uploads\\\/2024\\\/07\\\/sibel-tatar-kecenin-kuzey-kibrista-yeniden-dogusu-projesi-kapsaminda-ankarada-temaslarda-bulundu-1720958685.webp.webp\",\"datePublished\":\"2024-07-14T12:44:55+00:00\",\"author\":{\"@id\":\"https:\\\/\\\/kibrisdakik.com\\\/#\\\/schema\\\/person\\\/9cd9d437bbb44f72b73ba127e06d8e79\"},\"breadcrumb\":{\"@id\":\"https:\\\/\\\/kibrisdakik.com\\\/?p=49807#breadcrumb\"},\"inLanguage\":\"tr\",\"potentialAction\":[{\"@type\":\"ReadAction\",\"target\":[\"https:\\\/\\\/kibrisdakik.com\\\/?p=49807\"]}]},{\"@type\":\"ImageObject\",\"inLanguage\":\"tr\",\"@id\":\"https:\\\/\\\/kibrisdakik.com\\\/?p=49807#primaryimage\",\"url\":\"https:\\\/\\\/kibrisdakik.com\\\/wp-content\\\/uploads\\\/2024\\\/07\\\/sibel-tatar-kecenin-kuzey-kibrista-yeniden-dogusu-projesi-kapsaminda-ankarada-temaslarda-bulundu-1720958685.webp.webp\",\"contentUrl\":\"https:\\\/\\\/kibrisdakik.com\\\/wp-content\\\/uploads\\\/2024\\\/07\\\/sibel-tatar-kecenin-kuzey-kibrista-yeniden-dogusu-projesi-kapsaminda-ankarada-temaslarda-bulundu-1720958685.webp.webp\",\"width\":710,\"height\":370},{\"@type\":\"BreadcrumbList\",\"@id\":\"https:\\\/\\\/kibrisdakik.com\\\/?p=49807#breadcrumb\",\"itemListElement\":[{\"@type\":\"ListItem\",\"position\":1,\"name\":\"Home\",\"item\":\"https:\\\/\\\/kibrisdakik.com\\\/\"},{\"@type\":\"ListItem\",\"position\":2,\"name\":\"Sibel Tatar, &quot;Ke\u00e7enin Kuzey K\u0131br\u0131s&#039;ta Yeniden Do\u011fu\u015fu&quot; projesi kapsam\u0131nda Ankara&#039;da temaslarda bulundu\"}]},{\"@type\":\"WebSite\",\"@id\":\"https:\\\/\\\/kibrisdakik.com\\\/#website\",\"url\":\"https:\\\/\\\/kibrisdakik.com\\\/\",\"name\":\"\",\"description\":\"Tam vaktinde haber\",\"potentialAction\":[{\"@type\":\"SearchAction\",\"target\":{\"@type\":\"EntryPoint\",\"urlTemplate\":\"https:\\\/\\\/kibrisdakik.com\\\/?s={search_term_string}\"},\"query-input\":{\"@type\":\"PropertyValueSpecification\",\"valueRequired\":true,\"valueName\":\"search_term_string\"}}],\"inLanguage\":\"tr\"},{\"@type\":\"Person\",\"@id\":\"https:\\\/\\\/kibrisdakik.com\\\/#\\\/schema\\\/person\\\/9cd9d437bbb44f72b73ba127e06d8e79\",\"name\":\"admin\",\"image\":{\"@type\":\"ImageObject\",\"inLanguage\":\"tr\",\"@id\":\"https:\\\/\\\/secure.gravatar.com\\\/avatar\\\/ccc17943b9d660506c869530f897617f7cb1c21a4bf30023f252596d83e1f007?s=96&d=mm&r=g\",\"url\":\"https:\\\/\\\/secure.gravatar.com\\\/avatar\\\/ccc17943b9d660506c869530f897617f7cb1c21a4bf30023f252596d83e1f007?s=96&d=mm&r=g\",\"contentUrl\":\"https:\\\/\\\/secure.gravatar.com\\\/avatar\\\/ccc17943b9d660506c869530f897617f7cb1c21a4bf30023f252596d83e1f007?s=96&d=mm&r=g\",\"caption\":\"admin\"},\"sameAs\":[\"https:\\\/\\\/kibrisdakik.com\"],\"url\":\"https:\\\/\\\/kibrisdakik.com\\\/?author=1\"}]}<\/script>\n<!-- \/ Yoast SEO plugin. -->","yoast_head_json":{"title":"Sibel Tatar, &quot;Ke\u00e7enin Kuzey K\u0131br\u0131s&#039;ta Yeniden Do\u011fu\u015fu&quot; projesi kapsam\u0131nda Ankara&#039;da temaslarda bulundu -","robots":{"index":"index","follow":"follow","max-snippet":"max-snippet:-1","max-image-preview":"max-image-preview:large","max-video-preview":"max-video-preview:-1"},"canonical":"https:\/\/kibrisdakik.com\/?p=49807","og_locale":"tr_TR","og_type":"article","og_title":"Sibel Tatar, &quot;Ke\u00e7enin Kuzey K\u0131br\u0131s&#039;ta Yeniden Do\u011fu\u015fu&quot; projesi kapsam\u0131nda Ankara&#039;da temaslarda bulundu -","og_description":"Proje, Cumhurba\u015fkanl\u0131\u011f\u0131 himayesinde ve Sibel Tatar \u00f6nc\u00fcl\u00fc\u011f\u00fcnde ba\u015flat\u0131lm\u0131\u015ft\u0131. &nbsp; Cumhurba\u015fkanl\u0131\u011f\u0131\u2019ndan verilen bilgiye g\u00f6re, Sibel Tatar, Ankara Valili\u011fi b\u00fcnyesinde kurulan \u201c\u0130z Ankara Tasar\u0131m ve El Sanatlar\u0131 Merkezi&#8217;ni\u201d ziyaret ederek, ke\u00e7e ve y\u00fcn konusunda bilgi al\u0131\u015fveri\u015finde bulundu. &nbsp; Sibel Tatar\u2019\u0131, Ankara Vali Yard\u0131mc\u0131s\u0131 Elif Nur Tando\u011fan, Ankara Valisinin e\u015fi \u015eeyma \u015eahin ve K\u0131br\u0131sl\u0131 T\u00fcrk Prof.Dr. Eda Becer","og_url":"https:\/\/kibrisdakik.com\/?p=49807","article_published_time":"2024-07-14T12:44:55+00:00","og_image":[{"width":710,"height":370,"url":"https:\/\/kibrisdakik.com\/wp-content\/uploads\/2024\/07\/sibel-tatar-kecenin-kuzey-kibrista-yeniden-dogusu-projesi-kapsaminda-ankarada-temaslarda-bulundu-1720958685.webp.webp","type":"image\/webp"}],"author":"admin","twitter_card":"summary_large_image","twitter_misc":{"Yazan:":"admin","Tahmini okuma s\u00fcresi":"2 dakika"},"schema":{"@context":"https:\/\/schema.org","@graph":[{"@type":"Article","@id":"https:\/\/kibrisdakik.com\/?p=49807#article","isPartOf":{"@id":"https:\/\/kibrisdakik.com\/?p=49807"},"author":{"name":"admin","@id":"https:\/\/kibrisdakik.com\/#\/schema\/person\/9cd9d437bbb44f72b73ba127e06d8e79"},"headline":"Sibel Tatar, &quot;Ke\u00e7enin Kuzey K\u0131br\u0131s&#039;ta Yeniden Do\u011fu\u015fu&quot; projesi kapsam\u0131nda Ankara&#039;da temaslarda bulundu","datePublished":"2024-07-14T12:44:55+00:00","mainEntityOfPage":{"@id":"https:\/\/kibrisdakik.com\/?p=49807"},"wordCount":335,"commentCount":0,"image":{"@id":"https:\/\/kibrisdakik.com\/?p=49807#primaryimage"},"thumbnailUrl":"https:\/\/kibrisdakik.com\/wp-content\/uploads\/2024\/07\/sibel-tatar-kecenin-kuzey-kibrista-yeniden-dogusu-projesi-kapsaminda-ankarada-temaslarda-bulundu-1720958685.webp.webp","articleSection":["Ekonomi"],"inLanguage":"tr","potentialAction":[{"@type":"CommentAction","name":"Comment","target":["https:\/\/kibrisdakik.com\/?p=49807#respond"]}]},{"@type":"WebPage","@id":"https:\/\/kibrisdakik.com\/?p=49807","url":"https:\/\/kibrisdakik.com\/?p=49807","name":"Sibel Tatar, &quot;Ke\u00e7enin Kuzey K\u0131br\u0131s&#039;ta Yeniden Do\u011fu\u015fu&quot; projesi kapsam\u0131nda Ankara&#039;da temaslarda bulundu -","isPartOf":{"@id":"https:\/\/kibrisdakik.com\/#website"},"primaryImageOfPage":{"@id":"https:\/\/kibrisdakik.com\/?p=49807#primaryimage"},"image":{"@id":"https:\/\/kibrisdakik.com\/?p=49807#primaryimage"},"thumbnailUrl":"https:\/\/kibrisdakik.com\/wp-content\/uploads\/2024\/07\/sibel-tatar-kecenin-kuzey-kibrista-yeniden-dogusu-projesi-kapsaminda-ankarada-temaslarda-bulundu-1720958685.webp.webp","datePublished":"2024-07-14T12:44:55+00:00","author":{"@id":"https:\/\/kibrisdakik.com\/#\/schema\/person\/9cd9d437bbb44f72b73ba127e06d8e79"},"breadcrumb":{"@id":"https:\/\/kibrisdakik.com\/?p=49807#breadcrumb"},"inLanguage":"tr","potentialAction":[{"@type":"ReadAction","target":["https:\/\/kibrisdakik.com\/?p=49807"]}]},{"@type":"ImageObject","inLanguage":"tr","@id":"https:\/\/kibrisdakik.com\/?p=49807#primaryimage","url":"https:\/\/kibrisdakik.com\/wp-content\/uploads\/2024\/07\/sibel-tatar-kecenin-kuzey-kibrista-yeniden-dogusu-projesi-kapsaminda-ankarada-temaslarda-bulundu-1720958685.webp.webp","contentUrl":"https:\/\/kibrisdakik.com\/wp-content\/uploads\/2024\/07\/sibel-tatar-kecenin-kuzey-kibrista-yeniden-dogusu-projesi-kapsaminda-ankarada-temaslarda-bulundu-1720958685.webp.webp","width":710,"height":370},{"@type":"BreadcrumbList","@id":"https:\/\/kibrisdakik.com\/?p=49807#breadcrumb","itemListElement":[{"@type":"ListItem","position":1,"name":"Home","item":"https:\/\/kibrisdakik.com\/"},{"@type":"ListItem","position":2,"name":"Sibel Tatar, &quot;Ke\u00e7enin Kuzey K\u0131br\u0131s&#039;ta Yeniden Do\u011fu\u015fu&quot; projesi kapsam\u0131nda Ankara&#039;da temaslarda bulundu"}]},{"@type":"WebSite","@id":"https:\/\/kibrisdakik.com\/#website","url":"https:\/\/kibrisdakik.com\/","name":"","description":"Tam vaktinde haber","potentialAction":[{"@type":"SearchAction","target":{"@type":"EntryPoint","urlTemplate":"https:\/\/kibrisdakik.com\/?s={search_term_string}"},"query-input":{"@type":"PropertyValueSpecification","valueRequired":true,"valueName":"search_term_string"}}],"inLanguage":"tr"},{"@type":"Person","@id":"https:\/\/kibrisdakik.com\/#\/schema\/person\/9cd9d437bbb44f72b73ba127e06d8e79","name":"admin","image":{"@type":"ImageObject","inLanguage":"tr","@id":"https:\/\/secure.gravatar.com\/avatar\/ccc17943b9d660506c869530f897617f7cb1c21a4bf30023f252596d83e1f007?s=96&d=mm&r=g","url":"https:\/\/secure.gravatar.com\/avatar\/ccc17943b9d660506c869530f897617f7cb1c21a4bf30023f252596d83e1f007?s=96&d=mm&r=g","contentUrl":"https:\/\/secure.gravatar.com\/avatar\/ccc17943b9d660506c869530f897617f7cb1c21a4bf30023f252596d83e1f007?s=96&d=mm&r=g","caption":"admin"},"sameAs":["https:\/\/kibrisdakik.com"],"url":"https:\/\/kibrisdakik.com\/?author=1"}]}},"_links":{"self":[{"href":"https:\/\/kibrisdakik.com\/index.php?rest_route=\/wp\/v2\/posts\/49807","targetHints":{"allow":["GET"]}}],"collection":[{"href":"https:\/\/kibrisdakik.com\/index.php?rest_route=\/wp\/v2\/posts"}],"about":[{"href":"https:\/\/kibrisdakik.com\/index.php?rest_route=\/wp\/v2\/types\/post"}],"author":[{"embeddable":true,"href":"https:\/\/kibrisdakik.com\/index.php?rest_route=\/wp\/v2\/users\/1"}],"replies":[{"embeddable":true,"href":"https:\/\/kibrisdakik.com\/index.php?rest_route=%2Fwp%2Fv2%2Fcomments&post=49807"}],"version-history":[{"count":0,"href":"https:\/\/kibrisdakik.com\/index.php?rest_route=\/wp\/v2\/posts\/49807\/revisions"}],"wp:featuredmedia":[{"embeddable":true,"href":"https:\/\/kibrisdakik.com\/index.php?rest_route=\/wp\/v2\/media\/49808"}],"wp:attachment":[{"href":"https:\/\/kibrisdakik.com\/index.php?rest_route=%2Fwp%2Fv2%2Fmedia&parent=49807"}],"wp:term":[{"taxonomy":"category","embeddable":true,"href":"https:\/\/kibrisdakik.com\/index.php?rest_route=%2Fwp%2Fv2%2Fcategories&post=49807"},{"taxonomy":"post_tag","embeddable":true,"href":"https:\/\/kibrisdakik.com\/index.php?rest_route=%2Fwp%2Fv2%2Ftags&post=49807"}],"curies":[{"name":"wp","href":"https:\/\/api.w.org\/{rel}","templated":true}]}}