{"id":49841,"date":"2024-07-14T16:56:47","date_gmt":"2024-07-14T16:56:47","guid":{"rendered":"https:\/\/kibrisdakik.com\/index.php\/2024\/07\/14\/ataogludan-15-temmuz-mesaji\/"},"modified":"2024-07-14T16:56:47","modified_gmt":"2024-07-14T16:56:47","slug":"ataogludan-15-temmuz-mesaji","status":"publish","type":"post","link":"https:\/\/kibrisdakik.com\/?p=49841","title":{"rendered":"Atao\u011flu\u2019dan 15 Temmuz mesaj\u0131"},"content":{"rendered":"<p><\/p>\n<div>\n<div class=\"mariselle-image-container center\">\n                <img loading=\"lazy\" decoding=\"async\" width=\"1280\" height=\"720\" class=\"lazy-image\" alt=\"\" sizes=\"auto, (max-width: 1280px) 100vw, 1280px\" src=\"https:\/\/brtk.net\/wp-content\/uploads\/2024\/05\/28\/ataoglu-1642571996.webp?ver=1b31c81f50ce2d09713fe56e3a0020c4\" srcset=\"https:\/\/brtk.net\/wp-content\/uploads\/2024\/05\/28\/ataoglu-1642571996.webp?ver=1b31c81f50ce2d09713fe56e3a0020c4 1280w, https:\/\/brtk.net\/wp-content\/uploads\/2024\/05\/28\/ataoglu-1642571996-300x169.webp?ver=1b31c81f50ce2d09713fe56e3a0020c4 300w, https:\/\/brtk.net\/wp-content\/uploads\/2024\/05\/28\/ataoglu-1642571996-1024x576.webp?ver=1b31c81f50ce2d09713fe56e3a0020c4 1024w, https:\/\/brtk.net\/wp-content\/uploads\/2024\/05\/28\/ataoglu-1642571996-768x432.webp?ver=397fc7fdad299a28c0f91ca156562ccc 768w\"\/>                            <\/div>\n<p>Ba\u015fbakan Yard\u0131mc\u0131s\u0131, Turizm, K\u00fclt\u00fcr, Gen\u00e7lik ve \u00c7evre Bakan\u0131, DP Genel Ba\u015fkan\u0131 Fikri Atao\u011flu, 15 Temmuz 1974\u2019te adadaki askeri darbe ve 2016\u2019da T\u00fcrkiye\u2019de ya\u015fanan darbe giri\u015fimlerinin y\u0131l d\u00f6n\u00fcm\u00fc dolay\u0131s\u0131yla mesaj yay\u0131mlad\u0131. <\/p>\n<p>Atao\u011flu mesaj\u0131nda \u015fu ifadelere yer verdi:<\/p>\n<p>\u201cDemokrasinin ve milli iradenin zaferini simgeleyen iki \u00f6nemli olay. 1974\u2019te K\u0131br\u0131s\u2019ta ger\u00e7ekle\u015ftirilen Yunan darbesine kar\u015f\u0131 verilen m\u00fccadeleyi sayg\u0131yla an\u0131yor. 2016 Demokrasi ve Mill\u00ee Birlik G\u00fcn\u00fc\u2019n\u00fcn y\u0131l d\u00f6n\u00fcm\u00fcnde, T\u00fcrk milletinin demokrasiye ve \u00f6zg\u00fcrl\u00fc\u011fe olan ba\u011fl\u0131l\u0131\u011f\u0131n\u0131 gururla hat\u0131rl\u0131yoruz.<\/p>\n<p>1974\u2019te K\u0131br\u0131s\u2019ta ger\u00e7ekle\u015ftirilen hain Rum ve Yunan ikilisinin ba\u015flatt\u0131\u011f\u0131 darbe giri\u015fimine kar\u015f\u0131 K\u0131br\u0131s T\u00fcrk halk\u0131n\u0131n g\u00f6sterdi\u011fi direni\u015f, bizim ba\u011f\u0131ms\u0131zl\u0131k ve \u00f6zg\u00fcrl\u00fc\u011f\u00fcm\u00fcze olan inanc\u0131m\u0131z\u0131n bir simgesidir. Bu darbe, adadaki T\u00fcrk varl\u0131\u011f\u0131n\u0131 yok etmeye y\u00f6nelik bir giri\u015fimdi, ancak T\u00fcrkiye Cumhuriyetinin kararl\u0131 m\u00fcdahalesiyle engellendi ve K\u0131br\u0131s T\u00fcrk halk\u0131 \u00f6zg\u00fcrl\u00fc\u011f\u00fcne ve huzura kavu\u015ftu.<\/p>\n<p>Benzer \u015fekilde, 15 Temmuz 2016 gecesi, T\u00fcrkiye Cumhuriyeti demokrasisine kasteden hain darbe giri\u015fimine kar\u015f\u0131 tek y\u00fcrek olup direndi. Bu tarihi g\u00fcn, milli iradenin ve demokrasinin zaferidir.<\/p>\n<p><a href=\"https:\/\/brtk.net\/\">KKTC<\/a> olarak, T\u00fcrkiye Cumhuriyeti ile olan g\u00fc\u00e7l\u00fc ba\u011flar\u0131m\u0131z\u0131 ve ortak de\u011ferlerimizi y\u00fcrekten destekledi\u011fimizi ifade etmek isterim. Demokrasiye ve milli iradeye olan inanc\u0131m\u0131z, birlikte daha g\u00fc\u00e7l\u00fc olmam\u0131z\u0131 sa\u011fl\u0131yor.<\/p>\n<p>Bu vesileyle, t\u00fcm T\u00fcrk halk\u0131n\u0131n 15 Temmuz Demokrasi ve Mill\u00ee Birlik G\u00fcn\u00fc\u2019n\u00fc ve 1974 K\u0131br\u0131s Bar\u0131\u015f Harekat\u0131\u2019n\u0131 en i\u00e7ten dileklerimle kutluyor, iki hain giri\u015fimde hayatlar\u0131n\u0131 kaybedenlere Allah\u2019tan rahmet, gazilerimizi minnetle an\u0131yoruz; onlar\u0131n kahramanl\u0131klar\u0131n\u0131 asla unutmayaca\u011f\u0131m\u0131z\u0131 bir kez daha vurgulamak istiyorum.<\/p>\n<p>Bu vesileyle, T\u00fcrkiye Cumhuriyeti ve Kuzey K\u0131br\u0131s T\u00fcrk halklar\u0131n\u0131n 15 Temmuz Demokrasi ve Mill\u00ee Birlik G\u00fcn\u00fc\u2019n\u00fc ve 1974 K\u0131br\u0131s Bar\u0131\u015f Harekat\u0131\u2019n\u0131 en i\u00e7ten dileklerimle kutluyor, bar\u0131\u015f ve huzur dolu g\u00fcnler diliyorum.\u201d<\/p>\n<\/p><\/div>\n<p><script async\n                    defer\n                    crossorigin=\"anonymous\"\n                    src=\"https:\/\/connect.facebook.net\/tr_TR\/sdk.js#xfbml=1&#038;version=v3.3\"\n            ><\/script><\/p>\n","protected":false},"excerpt":{"rendered":"<p>Ba\u015fbakan Yard\u0131mc\u0131s\u0131, Turizm, K\u00fclt\u00fcr, Gen\u00e7lik ve \u00c7evre Bakan\u0131, DP Genel Ba\u015fkan\u0131 Fikri Atao\u011flu, 15 Temmuz 1974\u2019te adadaki askeri darbe ve 2016\u2019da T\u00fcrkiye\u2019de ya\u015fanan darbe giri\u015fimlerinin y\u0131l d\u00f6n\u00fcm\u00fc dolay\u0131s\u0131yla mesaj yay\u0131mlad\u0131. Atao\u011flu mesaj\u0131nda \u015fu ifadelere yer verdi: \u201cDemokrasinin ve milli iradenin zaferini simgeleyen iki \u00f6nemli olay. 1974\u2019te K\u0131br\u0131s\u2019ta ger\u00e7ekle\u015ftirilen Yunan darbesine kar\u015f\u0131 verilen m\u00fccadeleyi sayg\u0131yla an\u0131yor.<\/p>\n","protected":false},"author":1,"featured_media":43595,"comment_status":"open","ping_status":"open","sticky":false,"template":"","format":"standard","meta":{"footnotes":""},"categories":[1],"tags":[],"class_list":["post-49841","post","type-post","status-publish","format-standard","has-post-thumbnail","hentry","category-gundem"],"yoast_head":"<!-- This site is optimized with the Yoast SEO plugin v27.4 - https:\/\/yoast.com\/product\/yoast-seo-wordpress\/ -->\n<title>Atao\u011flu\u2019dan 15 Temmuz mesaj\u0131 -<\/title>\n<meta name=\"robots\" content=\"index, follow, max-snippet:-1, max-image-preview:large, max-video-preview:-1\" \/>\n<link rel=\"canonical\" href=\"https:\/\/kibrisdakik.com\/?p=49841\" \/>\n<meta property=\"og:locale\" content=\"tr_TR\" \/>\n<meta property=\"og:type\" content=\"article\" \/>\n<meta property=\"og:title\" content=\"Atao\u011flu\u2019dan 15 Temmuz mesaj\u0131 -\" \/>\n<meta property=\"og:description\" content=\"Ba\u015fbakan Yard\u0131mc\u0131s\u0131, Turizm, K\u00fclt\u00fcr, Gen\u00e7lik ve \u00c7evre Bakan\u0131, DP Genel Ba\u015fkan\u0131 Fikri Atao\u011flu, 15 Temmuz 1974\u2019te adadaki askeri darbe ve 2016\u2019da T\u00fcrkiye\u2019de ya\u015fanan darbe giri\u015fimlerinin y\u0131l d\u00f6n\u00fcm\u00fc dolay\u0131s\u0131yla mesaj yay\u0131mlad\u0131. Atao\u011flu mesaj\u0131nda \u015fu ifadelere yer verdi: \u201cDemokrasinin ve milli iradenin zaferini simgeleyen iki \u00f6nemli olay. 1974\u2019te K\u0131br\u0131s\u2019ta ger\u00e7ekle\u015ftirilen Yunan darbesine kar\u015f\u0131 verilen m\u00fccadeleyi sayg\u0131yla an\u0131yor.\" \/>\n<meta property=\"og:url\" content=\"https:\/\/kibrisdakik.com\/?p=49841\" \/>\n<meta property=\"article:published_time\" content=\"2024-07-14T16:56:47+00:00\" \/>\n<meta property=\"og:image\" content=\"https:\/\/kibrisdakik.com\/wp-content\/uploads\/2024\/05\/ataoglu-1642571996.webp-740x420.webp\" \/>\n\t<meta property=\"og:image:width\" content=\"1280\" \/>\n\t<meta property=\"og:image:height\" content=\"720\" \/>\n\t<meta property=\"og:image:type\" content=\"image\/webp\" \/>\n<meta name=\"author\" content=\"admin\" \/>\n<meta name=\"twitter:card\" content=\"summary_large_image\" \/>\n<meta name=\"twitter:label1\" content=\"Yazan:\" \/>\n\t<meta name=\"twitter:data1\" content=\"admin\" \/>\n\t<meta name=\"twitter:label2\" content=\"Tahmini okuma s\u00fcresi\" \/>\n\t<meta name=\"twitter:data2\" content=\"2 dakika\" \/>\n<script type=\"application\/ld+json\" class=\"yoast-schema-graph\">{\"@context\":\"https:\\\/\\\/schema.org\",\"@graph\":[{\"@type\":\"Article\",\"@id\":\"https:\\\/\\\/kibrisdakik.com\\\/?p=49841#article\",\"isPartOf\":{\"@id\":\"https:\\\/\\\/kibrisdakik.com\\\/?p=49841\"},\"author\":{\"name\":\"admin\",\"@id\":\"https:\\\/\\\/kibrisdakik.com\\\/#\\\/schema\\\/person\\\/9cd9d437bbb44f72b73ba127e06d8e79\"},\"headline\":\"Atao\u011flu\u2019dan 15 Temmuz mesaj\u0131\",\"datePublished\":\"2024-07-14T16:56:47+00:00\",\"mainEntityOfPage\":{\"@id\":\"https:\\\/\\\/kibrisdakik.com\\\/?p=49841\"},\"wordCount\":370,\"commentCount\":0,\"image\":{\"@id\":\"https:\\\/\\\/kibrisdakik.com\\\/?p=49841#primaryimage\"},\"thumbnailUrl\":\"https:\\\/\\\/kibrisdakik.com\\\/wp-content\\\/uploads\\\/2024\\\/05\\\/ataoglu-1642571996.webp-740x420.webp\",\"articleSection\":[\"G\u00fcndem\"],\"inLanguage\":\"tr\",\"potentialAction\":[{\"@type\":\"CommentAction\",\"name\":\"Comment\",\"target\":[\"https:\\\/\\\/kibrisdakik.com\\\/?p=49841#respond\"]}]},{\"@type\":\"WebPage\",\"@id\":\"https:\\\/\\\/kibrisdakik.com\\\/?p=49841\",\"url\":\"https:\\\/\\\/kibrisdakik.com\\\/?p=49841\",\"name\":\"Atao\u011flu\u2019dan 15 Temmuz mesaj\u0131 -\",\"isPartOf\":{\"@id\":\"https:\\\/\\\/kibrisdakik.com\\\/#website\"},\"primaryImageOfPage\":{\"@id\":\"https:\\\/\\\/kibrisdakik.com\\\/?p=49841#primaryimage\"},\"image\":{\"@id\":\"https:\\\/\\\/kibrisdakik.com\\\/?p=49841#primaryimage\"},\"thumbnailUrl\":\"https:\\\/\\\/kibrisdakik.com\\\/wp-content\\\/uploads\\\/2024\\\/05\\\/ataoglu-1642571996.webp-740x420.webp\",\"datePublished\":\"2024-07-14T16:56:47+00:00\",\"author\":{\"@id\":\"https:\\\/\\\/kibrisdakik.com\\\/#\\\/schema\\\/person\\\/9cd9d437bbb44f72b73ba127e06d8e79\"},\"breadcrumb\":{\"@id\":\"https:\\\/\\\/kibrisdakik.com\\\/?p=49841#breadcrumb\"},\"inLanguage\":\"tr\",\"potentialAction\":[{\"@type\":\"ReadAction\",\"target\":[\"https:\\\/\\\/kibrisdakik.com\\\/?p=49841\"]}]},{\"@type\":\"ImageObject\",\"inLanguage\":\"tr\",\"@id\":\"https:\\\/\\\/kibrisdakik.com\\\/?p=49841#primaryimage\",\"url\":\"https:\\\/\\\/kibrisdakik.com\\\/wp-content\\\/uploads\\\/2024\\\/05\\\/ataoglu-1642571996.webp-740x420.webp\",\"contentUrl\":\"https:\\\/\\\/kibrisdakik.com\\\/wp-content\\\/uploads\\\/2024\\\/05\\\/ataoglu-1642571996.webp-740x420.webp\",\"width\":1280,\"height\":720},{\"@type\":\"BreadcrumbList\",\"@id\":\"https:\\\/\\\/kibrisdakik.com\\\/?p=49841#breadcrumb\",\"itemListElement\":[{\"@type\":\"ListItem\",\"position\":1,\"name\":\"Home\",\"item\":\"https:\\\/\\\/kibrisdakik.com\\\/\"},{\"@type\":\"ListItem\",\"position\":2,\"name\":\"Atao\u011flu\u2019dan 15 Temmuz mesaj\u0131\"}]},{\"@type\":\"WebSite\",\"@id\":\"https:\\\/\\\/kibrisdakik.com\\\/#website\",\"url\":\"https:\\\/\\\/kibrisdakik.com\\\/\",\"name\":\"\",\"description\":\"Tam vaktinde haber\",\"potentialAction\":[{\"@type\":\"SearchAction\",\"target\":{\"@type\":\"EntryPoint\",\"urlTemplate\":\"https:\\\/\\\/kibrisdakik.com\\\/?s={search_term_string}\"},\"query-input\":{\"@type\":\"PropertyValueSpecification\",\"valueRequired\":true,\"valueName\":\"search_term_string\"}}],\"inLanguage\":\"tr\"},{\"@type\":\"Person\",\"@id\":\"https:\\\/\\\/kibrisdakik.com\\\/#\\\/schema\\\/person\\\/9cd9d437bbb44f72b73ba127e06d8e79\",\"name\":\"admin\",\"image\":{\"@type\":\"ImageObject\",\"inLanguage\":\"tr\",\"@id\":\"https:\\\/\\\/secure.gravatar.com\\\/avatar\\\/ccc17943b9d660506c869530f897617f7cb1c21a4bf30023f252596d83e1f007?s=96&d=mm&r=g\",\"url\":\"https:\\\/\\\/secure.gravatar.com\\\/avatar\\\/ccc17943b9d660506c869530f897617f7cb1c21a4bf30023f252596d83e1f007?s=96&d=mm&r=g\",\"contentUrl\":\"https:\\\/\\\/secure.gravatar.com\\\/avatar\\\/ccc17943b9d660506c869530f897617f7cb1c21a4bf30023f252596d83e1f007?s=96&d=mm&r=g\",\"caption\":\"admin\"},\"sameAs\":[\"https:\\\/\\\/kibrisdakik.com\"],\"url\":\"https:\\\/\\\/kibrisdakik.com\\\/?author=1\"}]}<\/script>\n<!-- \/ Yoast SEO plugin. -->","yoast_head_json":{"title":"Atao\u011flu\u2019dan 15 Temmuz mesaj\u0131 -","robots":{"index":"index","follow":"follow","max-snippet":"max-snippet:-1","max-image-preview":"max-image-preview:large","max-video-preview":"max-video-preview:-1"},"canonical":"https:\/\/kibrisdakik.com\/?p=49841","og_locale":"tr_TR","og_type":"article","og_title":"Atao\u011flu\u2019dan 15 Temmuz mesaj\u0131 -","og_description":"Ba\u015fbakan Yard\u0131mc\u0131s\u0131, Turizm, K\u00fclt\u00fcr, Gen\u00e7lik ve \u00c7evre Bakan\u0131, DP Genel Ba\u015fkan\u0131 Fikri Atao\u011flu, 15 Temmuz 1974\u2019te adadaki askeri darbe ve 2016\u2019da T\u00fcrkiye\u2019de ya\u015fanan darbe giri\u015fimlerinin y\u0131l d\u00f6n\u00fcm\u00fc dolay\u0131s\u0131yla mesaj yay\u0131mlad\u0131. Atao\u011flu mesaj\u0131nda \u015fu ifadelere yer verdi: \u201cDemokrasinin ve milli iradenin zaferini simgeleyen iki \u00f6nemli olay. 1974\u2019te K\u0131br\u0131s\u2019ta ger\u00e7ekle\u015ftirilen Yunan darbesine kar\u015f\u0131 verilen m\u00fccadeleyi sayg\u0131yla an\u0131yor.","og_url":"https:\/\/kibrisdakik.com\/?p=49841","article_published_time":"2024-07-14T16:56:47+00:00","og_image":[{"width":1280,"height":720,"url":"https:\/\/kibrisdakik.com\/wp-content\/uploads\/2024\/05\/ataoglu-1642571996.webp-740x420.webp","type":"image\/webp"}],"author":"admin","twitter_card":"summary_large_image","twitter_misc":{"Yazan:":"admin","Tahmini okuma s\u00fcresi":"2 dakika"},"schema":{"@context":"https:\/\/schema.org","@graph":[{"@type":"Article","@id":"https:\/\/kibrisdakik.com\/?p=49841#article","isPartOf":{"@id":"https:\/\/kibrisdakik.com\/?p=49841"},"author":{"name":"admin","@id":"https:\/\/kibrisdakik.com\/#\/schema\/person\/9cd9d437bbb44f72b73ba127e06d8e79"},"headline":"Atao\u011flu\u2019dan 15 Temmuz mesaj\u0131","datePublished":"2024-07-14T16:56:47+00:00","mainEntityOfPage":{"@id":"https:\/\/kibrisdakik.com\/?p=49841"},"wordCount":370,"commentCount":0,"image":{"@id":"https:\/\/kibrisdakik.com\/?p=49841#primaryimage"},"thumbnailUrl":"https:\/\/kibrisdakik.com\/wp-content\/uploads\/2024\/05\/ataoglu-1642571996.webp-740x420.webp","articleSection":["G\u00fcndem"],"inLanguage":"tr","potentialAction":[{"@type":"CommentAction","name":"Comment","target":["https:\/\/kibrisdakik.com\/?p=49841#respond"]}]},{"@type":"WebPage","@id":"https:\/\/kibrisdakik.com\/?p=49841","url":"https:\/\/kibrisdakik.com\/?p=49841","name":"Atao\u011flu\u2019dan 15 Temmuz mesaj\u0131 -","isPartOf":{"@id":"https:\/\/kibrisdakik.com\/#website"},"primaryImageOfPage":{"@id":"https:\/\/kibrisdakik.com\/?p=49841#primaryimage"},"image":{"@id":"https:\/\/kibrisdakik.com\/?p=49841#primaryimage"},"thumbnailUrl":"https:\/\/kibrisdakik.com\/wp-content\/uploads\/2024\/05\/ataoglu-1642571996.webp-740x420.webp","datePublished":"2024-07-14T16:56:47+00:00","author":{"@id":"https:\/\/kibrisdakik.com\/#\/schema\/person\/9cd9d437bbb44f72b73ba127e06d8e79"},"breadcrumb":{"@id":"https:\/\/kibrisdakik.com\/?p=49841#breadcrumb"},"inLanguage":"tr","potentialAction":[{"@type":"ReadAction","target":["https:\/\/kibrisdakik.com\/?p=49841"]}]},{"@type":"ImageObject","inLanguage":"tr","@id":"https:\/\/kibrisdakik.com\/?p=49841#primaryimage","url":"https:\/\/kibrisdakik.com\/wp-content\/uploads\/2024\/05\/ataoglu-1642571996.webp-740x420.webp","contentUrl":"https:\/\/kibrisdakik.com\/wp-content\/uploads\/2024\/05\/ataoglu-1642571996.webp-740x420.webp","width":1280,"height":720},{"@type":"BreadcrumbList","@id":"https:\/\/kibrisdakik.com\/?p=49841#breadcrumb","itemListElement":[{"@type":"ListItem","position":1,"name":"Home","item":"https:\/\/kibrisdakik.com\/"},{"@type":"ListItem","position":2,"name":"Atao\u011flu\u2019dan 15 Temmuz mesaj\u0131"}]},{"@type":"WebSite","@id":"https:\/\/kibrisdakik.com\/#website","url":"https:\/\/kibrisdakik.com\/","name":"","description":"Tam vaktinde haber","potentialAction":[{"@type":"SearchAction","target":{"@type":"EntryPoint","urlTemplate":"https:\/\/kibrisdakik.com\/?s={search_term_string}"},"query-input":{"@type":"PropertyValueSpecification","valueRequired":true,"valueName":"search_term_string"}}],"inLanguage":"tr"},{"@type":"Person","@id":"https:\/\/kibrisdakik.com\/#\/schema\/person\/9cd9d437bbb44f72b73ba127e06d8e79","name":"admin","image":{"@type":"ImageObject","inLanguage":"tr","@id":"https:\/\/secure.gravatar.com\/avatar\/ccc17943b9d660506c869530f897617f7cb1c21a4bf30023f252596d83e1f007?s=96&d=mm&r=g","url":"https:\/\/secure.gravatar.com\/avatar\/ccc17943b9d660506c869530f897617f7cb1c21a4bf30023f252596d83e1f007?s=96&d=mm&r=g","contentUrl":"https:\/\/secure.gravatar.com\/avatar\/ccc17943b9d660506c869530f897617f7cb1c21a4bf30023f252596d83e1f007?s=96&d=mm&r=g","caption":"admin"},"sameAs":["https:\/\/kibrisdakik.com"],"url":"https:\/\/kibrisdakik.com\/?author=1"}]}},"_links":{"self":[{"href":"https:\/\/kibrisdakik.com\/index.php?rest_route=\/wp\/v2\/posts\/49841","targetHints":{"allow":["GET"]}}],"collection":[{"href":"https:\/\/kibrisdakik.com\/index.php?rest_route=\/wp\/v2\/posts"}],"about":[{"href":"https:\/\/kibrisdakik.com\/index.php?rest_route=\/wp\/v2\/types\/post"}],"author":[{"embeddable":true,"href":"https:\/\/kibrisdakik.com\/index.php?rest_route=\/wp\/v2\/users\/1"}],"replies":[{"embeddable":true,"href":"https:\/\/kibrisdakik.com\/index.php?rest_route=%2Fwp%2Fv2%2Fcomments&post=49841"}],"version-history":[{"count":0,"href":"https:\/\/kibrisdakik.com\/index.php?rest_route=\/wp\/v2\/posts\/49841\/revisions"}],"wp:featuredmedia":[{"embeddable":true,"href":"https:\/\/kibrisdakik.com\/index.php?rest_route=\/wp\/v2\/media\/43595"}],"wp:attachment":[{"href":"https:\/\/kibrisdakik.com\/index.php?rest_route=%2Fwp%2Fv2%2Fmedia&parent=49841"}],"wp:term":[{"taxonomy":"category","embeddable":true,"href":"https:\/\/kibrisdakik.com\/index.php?rest_route=%2Fwp%2Fv2%2Fcategories&post=49841"},{"taxonomy":"post_tag","embeddable":true,"href":"https:\/\/kibrisdakik.com\/index.php?rest_route=%2Fwp%2Fv2%2Ftags&post=49841"}],"curies":[{"name":"wp","href":"https:\/\/api.w.org\/{rel}","templated":true}]}}